{"id":100001,"date":"2023-01-14T03:11:05","date_gmt":"2023-01-14T06:11:05","guid":{"rendered":"https:\/\/infoecos.com.ar\/?p=100001"},"modified":"2023-01-18T08:51:15","modified_gmt":"2023-01-18T11:51:15","slug":"bomberos-voluntarios-de-trenque-lauquen-ya-tiene-el-predio-y-seguira-su-crecimiento","status":"publish","type":"post","link":"https:\/\/infoecos.com.ar\/index.php\/bomberos-voluntarios-de-trenque-lauquen-ya-tiene-el-predio-y-seguira-su-crecimiento\/","title":{"rendered":"Bomberos Voluntarios de Trenque Lauquen ya tiene el predio so\u00f1ado y consolida el crecimiento"},"content":{"rendered":"\n<p>Bomberos Voluntarios de Trenque Lauquen ya tiene el predio ubicado en un sector del cuadro ferroviario, sobre calle 12 de Abril al 400. Ayer por la tarde se cumpli\u00f3 el acto de entrega. Funcionar\u00e1 el campo de entrenamiento y el futuro cuartel.<\/p>\n\n\n\n<figure class=\"wp-block-image aligncenter size-large\"><img loading=\"lazy\" decoding=\"async\" width=\"1600\" height=\"900\" src=\"https:\/\/infoecos.com.ar\/wp-content\/uploads\/2023\/01\/Acto-Bomberos-1-1600x900.jpg\" alt=\"\" class=\"wp-image-100008\" srcset=\"https:\/\/infoecos.com.ar\/wp-content\/uploads\/2023\/01\/Acto-Bomberos-1-1600x900.jpg 1600w, https:\/\/infoecos.com.ar\/wp-content\/uploads\/2023\/01\/Acto-Bomberos-1-800x450.jpg 800w, https:\/\/infoecos.com.ar\/wp-content\/uploads\/2023\/01\/Acto-Bomberos-1-768x432.jpg 768w, https:\/\/infoecos.com.ar\/wp-content\/uploads\/2023\/01\/Acto-Bomberos-1-1536x864.jpg 1536w, https:\/\/infoecos.com.ar\/wp-content\/uploads\/2023\/01\/Acto-Bomberos-1-1024x576.jpg 1024w, https:\/\/infoecos.com.ar\/wp-content\/uploads\/2023\/01\/Acto-Bomberos-1.jpg 1920w\" sizes=\"(max-width: 1600px) 100vw, 1600px\" \/><\/figure>\n\n\n\n<p>La cesi\u00f3n es producto de las gestiones llevadas adelante en los \u00faltimos a\u00f1os por el Intendente municipal, Miguel Fern\u00e1ndez, ante distintos organismos nacionales, destac\u00e1ndose tambi\u00e9n la colaboraci\u00f3n de actores pol\u00edticos y sociales de la comunidad. El Municipio dispone, desde ahora, de un predio de 4.950 metros cuadrados, de los cuales 4.800 quedan en manos de Bomberos Voluntarios de Trenque Lauquen.<\/p>\n\n\n\n<figure class=\"wp-block-image aligncenter size-large\"><img loading=\"lazy\" decoding=\"async\" width=\"1600\" height=\"900\" src=\"https:\/\/infoecos.com.ar\/wp-content\/uploads\/2023\/01\/Acto-Bomberos-2-1600x900.jpg\" alt=\"\" class=\"wp-image-100009\" srcset=\"https:\/\/infoecos.com.ar\/wp-content\/uploads\/2023\/01\/Acto-Bomberos-2-1600x900.jpg 1600w, https:\/\/infoecos.com.ar\/wp-content\/uploads\/2023\/01\/Acto-Bomberos-2-800x450.jpg 800w, https:\/\/infoecos.com.ar\/wp-content\/uploads\/2023\/01\/Acto-Bomberos-2-768x432.jpg 768w, https:\/\/infoecos.com.ar\/wp-content\/uploads\/2023\/01\/Acto-Bomberos-2-1536x864.jpg 1536w, https:\/\/infoecos.com.ar\/wp-content\/uploads\/2023\/01\/Acto-Bomberos-2-1024x576.jpg 1024w, https:\/\/infoecos.com.ar\/wp-content\/uploads\/2023\/01\/Acto-Bomberos-2.jpg 1920w\" sizes=\"(max-width: 1600px) 100vw, 1600px\" \/><\/figure>\n\n\n\n<p>Tras gestiones que incluyeron al ex ministro de Transporte de la Naci\u00f3n, Alexis Guerrera, y a su sucesor en el cargo, Diego Giuliano, Fern\u00e1ndez firm\u00f3 el convenio de uso con el presidente de la empresa estatal Trenes Argentinos, Mart\u00edn Marinucci, y uno de sus directores, Juan Eslaiman.<\/p>\n\n\n\n<figure class=\"wp-block-image aligncenter size-large\"><img loading=\"lazy\" decoding=\"async\" width=\"1600\" height=\"900\" src=\"https:\/\/infoecos.com.ar\/wp-content\/uploads\/2023\/01\/Acto-Bomberos-3-1600x900.jpg\" alt=\"\" class=\"wp-image-100011\" srcset=\"https:\/\/infoecos.com.ar\/wp-content\/uploads\/2023\/01\/Acto-Bomberos-3-1600x900.jpg 1600w, https:\/\/infoecos.com.ar\/wp-content\/uploads\/2023\/01\/Acto-Bomberos-3-800x450.jpg 800w, https:\/\/infoecos.com.ar\/wp-content\/uploads\/2023\/01\/Acto-Bomberos-3-768x432.jpg 768w, https:\/\/infoecos.com.ar\/wp-content\/uploads\/2023\/01\/Acto-Bomberos-3-1536x864.jpg 1536w, https:\/\/infoecos.com.ar\/wp-content\/uploads\/2023\/01\/Acto-Bomberos-3-1024x576.jpg 1024w, https:\/\/infoecos.com.ar\/wp-content\/uploads\/2023\/01\/Acto-Bomberos-3.jpg 1920w\" sizes=\"(max-width: 1600px) 100vw, 1600px\" \/><\/figure>\n\n\n\n<p>En las redes sociales se puso el acento en la emotividad que alcanz\u00f3 el acto. Los integrantes de Bomberos se hab\u00edan impuesto lograr esta cesi\u00f3n y alcanzaron el objetivo. <\/p>\n\n\n\n<figure class=\"wp-block-image aligncenter size-large\"><img loading=\"lazy\" decoding=\"async\" width=\"1600\" height=\"900\" src=\"https:\/\/infoecos.com.ar\/wp-content\/uploads\/2023\/01\/Acto-Bomberos-5-1600x900.jpg\" alt=\"\" class=\"wp-image-100012\" srcset=\"https:\/\/infoecos.com.ar\/wp-content\/uploads\/2023\/01\/Acto-Bomberos-5-1600x900.jpg 1600w, https:\/\/infoecos.com.ar\/wp-content\/uploads\/2023\/01\/Acto-Bomberos-5-800x450.jpg 800w, https:\/\/infoecos.com.ar\/wp-content\/uploads\/2023\/01\/Acto-Bomberos-5-768x432.jpg 768w, https:\/\/infoecos.com.ar\/wp-content\/uploads\/2023\/01\/Acto-Bomberos-5-1536x864.jpg 1536w, https:\/\/infoecos.com.ar\/wp-content\/uploads\/2023\/01\/Acto-Bomberos-5-1024x576.jpg 1024w, https:\/\/infoecos.com.ar\/wp-content\/uploads\/2023\/01\/Acto-Bomberos-5.jpg 1920w\" sizes=\"(max-width: 1600px) 100vw, 1600px\" \/><\/figure>\n\n\n\n<p><a href=\"https:\/\/fb.watch\/i1-ijJKqr3\/\">https:\/\/fb.watch\/i1-ijJKqr3\/<\/a> (clickear y se ver\u00e1 el link para ingresar a las im\u00e1genes del acto)<\/p>\n\n\n\n<figure class=\"wp-block-image aligncenter size-large\"><img loading=\"lazy\" decoding=\"async\" width=\"1600\" height=\"900\" src=\"https:\/\/infoecos.com.ar\/wp-content\/uploads\/2023\/01\/Acto-Bomberos-7-1600x900.jpg\" alt=\"\" class=\"wp-image-100013\" srcset=\"https:\/\/infoecos.com.ar\/wp-content\/uploads\/2023\/01\/Acto-Bomberos-7-1600x900.jpg 1600w, https:\/\/infoecos.com.ar\/wp-content\/uploads\/2023\/01\/Acto-Bomberos-7-800x450.jpg 800w, https:\/\/infoecos.com.ar\/wp-content\/uploads\/2023\/01\/Acto-Bomberos-7-768x432.jpg 768w, https:\/\/infoecos.com.ar\/wp-content\/uploads\/2023\/01\/Acto-Bomberos-7-1536x864.jpg 1536w, https:\/\/infoecos.com.ar\/wp-content\/uploads\/2023\/01\/Acto-Bomberos-7-1024x576.jpg 1024w, https:\/\/infoecos.com.ar\/wp-content\/uploads\/2023\/01\/Acto-Bomberos-7.jpg 1920w\" sizes=\"(max-width: 1600px) 100vw, 1600px\" \/><\/figure>\n\n\n\n<p>El presidente de la entidad, Juan Nappi, visiblemente emocionado hizo un res\u00famen de las gestiones realizadas destacando la perseverancia de funcionarios del municipio y la paciencia para obtener la respuesta en los organismos oficiales. Luego de hacer hincapi\u00e9 en lo hecho por el intendente y sus colaboradores manifest\u00f3 que <strong>\u00abcon este centro de capacitaci\u00f3n para bomberos, seguramente habr\u00e9 de culminar mi tarea en la entidad a la que me sum\u00e9 hace muchos a\u00f1os\u00bb<\/strong>. Arranc\u00f3 aplausos luego de referirse a la acci\u00f3n desplegada en el incendio que se produjo en una residencia para mayores en la Ampliaci\u00f3n Urbana, el d\u00eda jueves, cuando expres\u00f3 que <strong>\u00abuna vez que lleg\u00f3 la dotaci\u00f3n, me di cuenta que todos los vecinos que estaban colaborando fueron bomberos. Siempre decimos que nosotros entramos cuando los dem\u00e1s salen corriendo. Esta vez no pas\u00f3 eso. Mientras ellos sentaban a los abuelos fuera del lugar, los bomberos trabajaron en la extinci\u00f3n del fuego\u00bb<\/strong>. Nappi elogi\u00f3 la respuesta de la comunidad por la colaboraci\u00f3n recibida en cada una de las inquietudes que se le plantean, muy especialmente en la adquisici\u00f3n de todos los abonos que se ponen a la venta.<\/p>\n\n\n\n<figure class=\"wp-block-image aligncenter size-large\"><img loading=\"lazy\" decoding=\"async\" width=\"1600\" height=\"900\" src=\"https:\/\/infoecos.com.ar\/wp-content\/uploads\/2023\/01\/Acto-Bomberos-8-1600x900.jpg\" alt=\"\" class=\"wp-image-100014\" srcset=\"https:\/\/infoecos.com.ar\/wp-content\/uploads\/2023\/01\/Acto-Bomberos-8-1600x900.jpg 1600w, https:\/\/infoecos.com.ar\/wp-content\/uploads\/2023\/01\/Acto-Bomberos-8-800x450.jpg 800w, https:\/\/infoecos.com.ar\/wp-content\/uploads\/2023\/01\/Acto-Bomberos-8-768x432.jpg 768w, https:\/\/infoecos.com.ar\/wp-content\/uploads\/2023\/01\/Acto-Bomberos-8-1536x864.jpg 1536w, https:\/\/infoecos.com.ar\/wp-content\/uploads\/2023\/01\/Acto-Bomberos-8-1024x576.jpg 1024w, https:\/\/infoecos.com.ar\/wp-content\/uploads\/2023\/01\/Acto-Bomberos-8.jpg 1920w\" sizes=\"(max-width: 1600px) 100vw, 1600px\" \/><\/figure>\n\n\n\n<p>Ricardo Speranza, conocido servidor p\u00fablico de Trenque Lauquen,<strong> mencion\u00f3 en unos tres minutos de alocuci\u00f3n el crecimiento experimentado por Bomberos Voluntarios. Destac\u00f3 el apoyo recibido, como as\u00ed tambi\u00e9n el trabajo realizado por el consejo directivo, lo que se ha traducido en una modernizaci\u00f3n que se constituye en orgullo en todo el territorio de la provincia de Buenos Aires<\/strong>. Hizo especial referencia a la ubicaci\u00f3n del predio y sus ventajas para un mejor funcionamiento, t<strong>anto por el campo de entrenamiento, como por lo que ser\u00e1 el cuartel cuando est\u00e9 emplazado en ese lugar<\/strong>. <strong>\u00abEsto que estamos viviendo hoy, era inimaginable cuando me integr\u00e9 a la entidad, all\u00e1 por el a\u00f1o 1981<\/strong>\u00ab, acentu\u00f3.<\/p>\n\n\n\n<figure class=\"wp-block-image aligncenter size-large\"><img loading=\"lazy\" decoding=\"async\" width=\"1600\" height=\"900\" src=\"https:\/\/infoecos.com.ar\/wp-content\/uploads\/2023\/01\/Acto-Bomberos-8-1-1600x900.jpg\" alt=\"\" class=\"wp-image-100015\" srcset=\"https:\/\/infoecos.com.ar\/wp-content\/uploads\/2023\/01\/Acto-Bomberos-8-1-1600x900.jpg 1600w, https:\/\/infoecos.com.ar\/wp-content\/uploads\/2023\/01\/Acto-Bomberos-8-1-800x450.jpg 800w, https:\/\/infoecos.com.ar\/wp-content\/uploads\/2023\/01\/Acto-Bomberos-8-1-768x432.jpg 768w, https:\/\/infoecos.com.ar\/wp-content\/uploads\/2023\/01\/Acto-Bomberos-8-1-1536x864.jpg 1536w, https:\/\/infoecos.com.ar\/wp-content\/uploads\/2023\/01\/Acto-Bomberos-8-1-1024x576.jpg 1024w, https:\/\/infoecos.com.ar\/wp-content\/uploads\/2023\/01\/Acto-Bomberos-8-1.jpg 1920w\" sizes=\"(max-width: 1600px) 100vw, 1600px\" \/><\/figure>\n\n\n\n<p>El intendente Fern\u00e1ndez rese\u00f1\u00f3 las charlas con Nappi y autoridades nacionales. Se refiri\u00f3 a los contratiempos que se debieron sortear y elogi\u00f3 la predisposici\u00f3n de las autoridades nacionales, mencionando a Mario Meoni (ex ministro fallecido) y Alexis Guerrera (reemplaz\u00f3 a Meoni y dej\u00f3 el cargo por razones personales hace poco tiempo). El mandatario comunal subray\u00f3 la <strong>\u00abprofesionalidad de los bomberos voluntarios\u00bb<\/strong> y <strong>\u00abla puesta en valor del barrio donde se emplazar\u00e1 el centro de entrenamiento\u00bb<\/strong>. Cuando habl\u00f3 del trabajo en conjunto con la entidad destac\u00f3 lo sucedido el jueves a la tarde, a ra\u00edz del incendio que se produjo en la Ampliaci\u00f3n Urbana. En este \u00faltimo sentido hizo un llamado <strong>\u00abque ser\u00eda la ciudad sin Bomberos Voluntarios. Ponderemos su presencia\u00bb<\/strong>.  <\/p>\n\n\n\n<figure class=\"wp-block-image aligncenter size-large\"><img loading=\"lazy\" decoding=\"async\" width=\"1600\" height=\"900\" src=\"https:\/\/infoecos.com.ar\/wp-content\/uploads\/2023\/01\/Acto-Bomberos-9-1600x900.jpg\" alt=\"\" class=\"wp-image-100016\" srcset=\"https:\/\/infoecos.com.ar\/wp-content\/uploads\/2023\/01\/Acto-Bomberos-9-1600x900.jpg 1600w, https:\/\/infoecos.com.ar\/wp-content\/uploads\/2023\/01\/Acto-Bomberos-9-800x450.jpg 800w, https:\/\/infoecos.com.ar\/wp-content\/uploads\/2023\/01\/Acto-Bomberos-9-768x432.jpg 768w, https:\/\/infoecos.com.ar\/wp-content\/uploads\/2023\/01\/Acto-Bomberos-9-1536x864.jpg 1536w, https:\/\/infoecos.com.ar\/wp-content\/uploads\/2023\/01\/Acto-Bomberos-9-1024x576.jpg 1024w, https:\/\/infoecos.com.ar\/wp-content\/uploads\/2023\/01\/Acto-Bomberos-9.jpg 1920w\" sizes=\"(max-width: 1600px) 100vw, 1600px\" \/><\/figure>\n\n\n\n<p><strong>\u00abNo hay palabras para agradecerle a Bomberos. Juan (refiri\u00e9ndose a Nappi), yo te quiero agradecer en nombre de la municipalidad y a trav\u00e9s tuyo a todo el cuerpo por todo el trabajo que hacen, por todo lo que nos protegen, por todas las vidas que salvan y por todas las veces que tienen que actuar y no pueden resolver el problema, pero que tambi\u00e9n contienen. Tenemos muchas cosas m\u00e1s para lograr y las vamos a alcanzar, en tanto y en cuanto, nos propongamos seguir so\u00f1ando lo que se necesita para Trenque Lauquen\u00bb<\/strong>, concluy\u00f3 Fern\u00e1ndez.<\/p>\n\n\n\n<figure class=\"wp-block-image aligncenter size-large\"><img loading=\"lazy\" decoding=\"async\" width=\"1600\" height=\"900\" src=\"https:\/\/infoecos.com.ar\/wp-content\/uploads\/2023\/01\/Acto-Bomberos-Nappi-1600x900.jpg\" alt=\"\" class=\"wp-image-100017\" srcset=\"https:\/\/infoecos.com.ar\/wp-content\/uploads\/2023\/01\/Acto-Bomberos-Nappi-1600x900.jpg 1600w, https:\/\/infoecos.com.ar\/wp-content\/uploads\/2023\/01\/Acto-Bomberos-Nappi-800x450.jpg 800w, https:\/\/infoecos.com.ar\/wp-content\/uploads\/2023\/01\/Acto-Bomberos-Nappi-768x432.jpg 768w, https:\/\/infoecos.com.ar\/wp-content\/uploads\/2023\/01\/Acto-Bomberos-Nappi-1536x864.jpg 1536w, https:\/\/infoecos.com.ar\/wp-content\/uploads\/2023\/01\/Acto-Bomberos-Nappi-1024x576.jpg 1024w, https:\/\/infoecos.com.ar\/wp-content\/uploads\/2023\/01\/Acto-Bomberos-Nappi.jpg 1920w\" sizes=\"(max-width: 1600px) 100vw, 1600px\" \/><\/figure>\n\n\n\n<figure class=\"wp-block-gallery has-nested-images columns-default is-cropped wp-block-gallery-1 is-layout-flex wp-block-gallery-is-layout-flex\">\n<figure class=\"wp-block-image size-large\"><img loading=\"lazy\" decoding=\"async\" width=\"1600\" height=\"900\" data-id=\"100022\" src=\"https:\/\/infoecos.com.ar\/wp-content\/uploads\/2023\/01\/Acto-Bomberos-1-1-1600x900.jpg\" alt=\"\" class=\"wp-image-100022\" srcset=\"https:\/\/infoecos.com.ar\/wp-content\/uploads\/2023\/01\/Acto-Bomberos-1-1-1600x900.jpg 1600w, https:\/\/infoecos.com.ar\/wp-content\/uploads\/2023\/01\/Acto-Bomberos-1-1-800x450.jpg 800w, https:\/\/infoecos.com.ar\/wp-content\/uploads\/2023\/01\/Acto-Bomberos-1-1-768x432.jpg 768w, https:\/\/infoecos.com.ar\/wp-content\/uploads\/2023\/01\/Acto-Bomberos-1-1-1536x864.jpg 1536w, https:\/\/infoecos.com.ar\/wp-content\/uploads\/2023\/01\/Acto-Bomberos-1-1-1024x576.jpg 1024w, https:\/\/infoecos.com.ar\/wp-content\/uploads\/2023\/01\/Acto-Bomberos-1-1.jpg 1920w\" sizes=\"(max-width: 1600px) 100vw, 1600px\" \/><\/figure>\n\n\n\n<figure class=\"wp-block-image size-large\"><img loading=\"lazy\" decoding=\"async\" width=\"1600\" height=\"900\" data-id=\"100026\" src=\"https:\/\/infoecos.com.ar\/wp-content\/uploads\/2023\/01\/Acto-Bomberos-2-1-1600x900.jpg\" alt=\"\" class=\"wp-image-100026\" srcset=\"https:\/\/infoecos.com.ar\/wp-content\/uploads\/2023\/01\/Acto-Bomberos-2-1-1600x900.jpg 1600w, https:\/\/infoecos.com.ar\/wp-content\/uploads\/2023\/01\/Acto-Bomberos-2-1-800x450.jpg 800w, https:\/\/infoecos.com.ar\/wp-content\/uploads\/2023\/01\/Acto-Bomberos-2-1-768x432.jpg 768w, https:\/\/infoecos.com.ar\/wp-content\/uploads\/2023\/01\/Acto-Bomberos-2-1-1536x864.jpg 1536w, https:\/\/infoecos.com.ar\/wp-content\/uploads\/2023\/01\/Acto-Bomberos-2-1-1024x576.jpg 1024w, https:\/\/infoecos.com.ar\/wp-content\/uploads\/2023\/01\/Acto-Bomberos-2-1.jpg 1920w\" sizes=\"(max-width: 1600px) 100vw, 1600px\" \/><\/figure>\n\n\n\n<figure class=\"wp-block-image size-large\"><img loading=\"lazy\" decoding=\"async\" width=\"1600\" height=\"900\" data-id=\"100018\" src=\"https:\/\/infoecos.com.ar\/wp-content\/uploads\/2023\/01\/Acto-Bomberos-3-1-1600x900.jpg\" alt=\"\" class=\"wp-image-100018\" srcset=\"https:\/\/infoecos.com.ar\/wp-content\/uploads\/2023\/01\/Acto-Bomberos-3-1-1600x900.jpg 1600w, https:\/\/infoecos.com.ar\/wp-content\/uploads\/2023\/01\/Acto-Bomberos-3-1-800x450.jpg 800w, https:\/\/infoecos.com.ar\/wp-content\/uploads\/2023\/01\/Acto-Bomberos-3-1-768x432.jpg 768w, https:\/\/infoecos.com.ar\/wp-content\/uploads\/2023\/01\/Acto-Bomberos-3-1-1536x864.jpg 1536w, https:\/\/infoecos.com.ar\/wp-content\/uploads\/2023\/01\/Acto-Bomberos-3-1-1024x576.jpg 1024w, https:\/\/infoecos.com.ar\/wp-content\/uploads\/2023\/01\/Acto-Bomberos-3-1.jpg 1920w\" sizes=\"(max-width: 1600px) 100vw, 1600px\" \/><\/figure>\n\n\n\n<figure class=\"wp-block-image size-large\"><img loading=\"lazy\" decoding=\"async\" width=\"1600\" height=\"900\" data-id=\"100020\" src=\"https:\/\/infoecos.com.ar\/wp-content\/uploads\/2023\/01\/Acto-Bomberos-5-1-1600x900.jpg\" alt=\"\" class=\"wp-image-100020\" srcset=\"https:\/\/infoecos.com.ar\/wp-content\/uploads\/2023\/01\/Acto-Bomberos-5-1-1600x900.jpg 1600w, https:\/\/infoecos.com.ar\/wp-content\/uploads\/2023\/01\/Acto-Bomberos-5-1-800x450.jpg 800w, https:\/\/infoecos.com.ar\/wp-content\/uploads\/2023\/01\/Acto-Bomberos-5-1-768x432.jpg 768w, https:\/\/infoecos.com.ar\/wp-content\/uploads\/2023\/01\/Acto-Bomberos-5-1-1536x864.jpg 1536w, https:\/\/infoecos.com.ar\/wp-content\/uploads\/2023\/01\/Acto-Bomberos-5-1-1024x576.jpg 1024w, https:\/\/infoecos.com.ar\/wp-content\/uploads\/2023\/01\/Acto-Bomberos-5-1.jpg 1920w\" sizes=\"(max-width: 1600px) 100vw, 1600px\" \/><\/figure>\n\n\n\n<figure class=\"wp-block-image size-large\"><img loading=\"lazy\" decoding=\"async\" width=\"1600\" height=\"900\" data-id=\"100019\" src=\"https:\/\/infoecos.com.ar\/wp-content\/uploads\/2023\/01\/Acto-Bomberos-7-1-1600x900.jpg\" alt=\"\" class=\"wp-image-100019\" srcset=\"https:\/\/infoecos.com.ar\/wp-content\/uploads\/2023\/01\/Acto-Bomberos-7-1-1600x900.jpg 1600w, https:\/\/infoecos.com.ar\/wp-content\/uploads\/2023\/01\/Acto-Bomberos-7-1-800x450.jpg 800w, https:\/\/infoecos.com.ar\/wp-content\/uploads\/2023\/01\/Acto-Bomberos-7-1-768x432.jpg 768w, https:\/\/infoecos.com.ar\/wp-content\/uploads\/2023\/01\/Acto-Bomberos-7-1-1536x864.jpg 1536w, https:\/\/infoecos.com.ar\/wp-content\/uploads\/2023\/01\/Acto-Bomberos-7-1-1024x576.jpg 1024w, https:\/\/infoecos.com.ar\/wp-content\/uploads\/2023\/01\/Acto-Bomberos-7-1.jpg 1920w\" sizes=\"(max-width: 1600px) 100vw, 1600px\" \/><\/figure>\n\n\n\n<figure class=\"wp-block-image size-large\"><img loading=\"lazy\" decoding=\"async\" width=\"1600\" height=\"900\" data-id=\"100023\" src=\"https:\/\/infoecos.com.ar\/wp-content\/uploads\/2023\/01\/Acto-Bomberos-8-2-1600x900.jpg\" alt=\"\" class=\"wp-image-100023\" srcset=\"https:\/\/infoecos.com.ar\/wp-content\/uploads\/2023\/01\/Acto-Bomberos-8-2-1600x900.jpg 1600w, https:\/\/infoecos.com.ar\/wp-content\/uploads\/2023\/01\/Acto-Bomberos-8-2-800x450.jpg 800w, https:\/\/infoecos.com.ar\/wp-content\/uploads\/2023\/01\/Acto-Bomberos-8-2-768x432.jpg 768w, https:\/\/infoecos.com.ar\/wp-content\/uploads\/2023\/01\/Acto-Bomberos-8-2-1536x864.jpg 1536w, https:\/\/infoecos.com.ar\/wp-content\/uploads\/2023\/01\/Acto-Bomberos-8-2-1024x576.jpg 1024w, https:\/\/infoecos.com.ar\/wp-content\/uploads\/2023\/01\/Acto-Bomberos-8-2.jpg 1920w\" sizes=\"(max-width: 1600px) 100vw, 1600px\" \/><\/figure>\n\n\n\n<figure class=\"wp-block-image size-large\"><img loading=\"lazy\" decoding=\"async\" width=\"1600\" height=\"900\" data-id=\"100027\" src=\"https:\/\/infoecos.com.ar\/wp-content\/uploads\/2023\/01\/Acto-Bomberos-9-1-1600x900.jpg\" alt=\"\" class=\"wp-image-100027\" srcset=\"https:\/\/infoecos.com.ar\/wp-content\/uploads\/2023\/01\/Acto-Bomberos-9-1-1600x900.jpg 1600w, https:\/\/infoecos.com.ar\/wp-content\/uploads\/2023\/01\/Acto-Bomberos-9-1-800x450.jpg 800w, https:\/\/infoecos.com.ar\/wp-content\/uploads\/2023\/01\/Acto-Bomberos-9-1-768x432.jpg 768w, https:\/\/infoecos.com.ar\/wp-content\/uploads\/2023\/01\/Acto-Bomberos-9-1-1536x864.jpg 1536w, https:\/\/infoecos.com.ar\/wp-content\/uploads\/2023\/01\/Acto-Bomberos-9-1-1024x576.jpg 1024w, https:\/\/infoecos.com.ar\/wp-content\/uploads\/2023\/01\/Acto-Bomberos-9-1.jpg 1920w\" sizes=\"(max-width: 1600px) 100vw, 1600px\" \/><\/figure>\n\n\n\n<figure class=\"wp-block-image size-large\"><img loading=\"lazy\" decoding=\"async\" width=\"1600\" height=\"900\" data-id=\"100021\" src=\"https:\/\/infoecos.com.ar\/wp-content\/uploads\/2023\/01\/Acto-Bomberos-Nappi-1-1600x900.jpg\" alt=\"\" class=\"wp-image-100021\" srcset=\"https:\/\/infoecos.com.ar\/wp-content\/uploads\/2023\/01\/Acto-Bomberos-Nappi-1-1600x900.jpg 1600w, https:\/\/infoecos.com.ar\/wp-content\/uploads\/2023\/01\/Acto-Bomberos-Nappi-1-800x450.jpg 800w, https:\/\/infoecos.com.ar\/wp-content\/uploads\/2023\/01\/Acto-Bomberos-Nappi-1-768x432.jpg 768w, https:\/\/infoecos.com.ar\/wp-content\/uploads\/2023\/01\/Acto-Bomberos-Nappi-1-1536x864.jpg 1536w, https:\/\/infoecos.com.ar\/wp-content\/uploads\/2023\/01\/Acto-Bomberos-Nappi-1-1024x576.jpg 1024w, https:\/\/infoecos.com.ar\/wp-content\/uploads\/2023\/01\/Acto-Bomberos-Nappi-1.jpg 1920w\" sizes=\"(max-width: 1600px) 100vw, 1600px\" \/><\/figure>\n\n\n\n<figure class=\"wp-block-image size-large\"><img loading=\"lazy\" decoding=\"async\" width=\"1600\" height=\"900\" data-id=\"100024\" src=\"https:\/\/infoecos.com.ar\/wp-content\/uploads\/2023\/01\/Acto-Bomberos-Sosa--1600x900.jpg\" alt=\"\" class=\"wp-image-100024\" srcset=\"https:\/\/infoecos.com.ar\/wp-content\/uploads\/2023\/01\/Acto-Bomberos-Sosa--1600x900.jpg 1600w, https:\/\/infoecos.com.ar\/wp-content\/uploads\/2023\/01\/Acto-Bomberos-Sosa--800x450.jpg 800w, https:\/\/infoecos.com.ar\/wp-content\/uploads\/2023\/01\/Acto-Bomberos-Sosa--768x432.jpg 768w, https:\/\/infoecos.com.ar\/wp-content\/uploads\/2023\/01\/Acto-Bomberos-Sosa--1536x864.jpg 1536w, https:\/\/infoecos.com.ar\/wp-content\/uploads\/2023\/01\/Acto-Bomberos-Sosa--1024x576.jpg 1024w, https:\/\/infoecos.com.ar\/wp-content\/uploads\/2023\/01\/Acto-Bomberos-Sosa-.jpg 1920w\" sizes=\"(max-width: 1600px) 100vw, 1600px\" \/><\/figure>\n\n\n\n<figure class=\"wp-block-image size-large\"><img loading=\"lazy\" decoding=\"async\" width=\"1600\" height=\"900\" data-id=\"100028\" src=\"https:\/\/infoecos.com.ar\/wp-content\/uploads\/2023\/01\/Acto-Bomberos-Villavicencio-1600x900.jpg\" alt=\"\" class=\"wp-image-100028\" srcset=\"https:\/\/infoecos.com.ar\/wp-content\/uploads\/2023\/01\/Acto-Bomberos-Villavicencio-1600x900.jpg 1600w, https:\/\/infoecos.com.ar\/wp-content\/uploads\/2023\/01\/Acto-Bomberos-Villavicencio-800x450.jpg 800w, https:\/\/infoecos.com.ar\/wp-content\/uploads\/2023\/01\/Acto-Bomberos-Villavicencio-768x432.jpg 768w, https:\/\/infoecos.com.ar\/wp-content\/uploads\/2023\/01\/Acto-Bomberos-Villavicencio-1536x864.jpg 1536w, https:\/\/infoecos.com.ar\/wp-content\/uploads\/2023\/01\/Acto-Bomberos-Villavicencio-1024x576.jpg 1024w, https:\/\/infoecos.com.ar\/wp-content\/uploads\/2023\/01\/Acto-Bomberos-Villavicencio.jpg 1920w\" sizes=\"(max-width: 1600px) 100vw, 1600px\" \/><\/figure>\n\n\n\n<figure class=\"wp-block-image size-large\"><img loading=\"lazy\" decoding=\"async\" width=\"1600\" height=\"900\" data-id=\"100025\" src=\"https:\/\/infoecos.com.ar\/wp-content\/uploads\/2023\/01\/Acto-Bonberos-Speranza-1600x900.jpg\" alt=\"\" class=\"wp-image-100025\" srcset=\"https:\/\/infoecos.com.ar\/wp-content\/uploads\/2023\/01\/Acto-Bonberos-Speranza-1600x900.jpg 1600w, https:\/\/infoecos.com.ar\/wp-content\/uploads\/2023\/01\/Acto-Bonberos-Speranza-800x450.jpg 800w, https:\/\/infoecos.com.ar\/wp-content\/uploads\/2023\/01\/Acto-Bonberos-Speranza-768x432.jpg 768w, https:\/\/infoecos.com.ar\/wp-content\/uploads\/2023\/01\/Acto-Bonberos-Speranza-1536x864.jpg 1536w, https:\/\/infoecos.com.ar\/wp-content\/uploads\/2023\/01\/Acto-Bonberos-Speranza-1024x576.jpg 1024w, https:\/\/infoecos.com.ar\/wp-content\/uploads\/2023\/01\/Acto-Bonberos-Speranza.jpg 1920w\" sizes=\"(max-width: 1600px) 100vw, 1600px\" \/><\/figure>\n<\/figure>\n","protected":false},"excerpt":{"rendered":"<p>Nappi elogi\u00f3 la respuesta de la comunidad por la colaboraci\u00f3n recibida en cada una de las inquietudes que se le plantean, muy especialmente en la adquisici\u00f3n de todos los abonos que se ponen a la venta<\/p>\n","protected":false},"author":2,"featured_media":100023,"comment_status":"closed","ping_status":"open","sticky":false,"template":"","format":"standard","meta":{"footnotes":""},"categories":[44],"tags":[7093],"class_list":["post-100001","post","type-post","status-publish","format-standard","has-post-thumbnail","hentry","category-inferior5","tag-con-galeria-de-fotos-audio-y-video"],"yoast_head":"<!-- This site is optimized with the Yoast SEO plugin v23.4 - https:\/\/yoast.com\/wordpress\/plugins\/seo\/ -->\n<title>Bomberos Voluntarios de Trenque Lauquen ya tiene el predio so\u00f1ado y consolida el crecimiento - Infoecos<\/title>\n<meta name=\"robots\" content=\"index, follow, max-snippet:-1, max-image-preview:large, max-video-preview:-1\" \/>\n<link rel=\"canonical\" href=\"https:\/\/infoecos.com.ar\/index.php\/bomberos-voluntarios-de-trenque-lauquen-ya-tiene-el-predio-y-seguira-su-crecimiento\/\" \/>\n<meta property=\"og:locale\" content=\"es_ES\" \/>\n<meta property=\"og:type\" content=\"article\" \/>\n<meta property=\"og:title\" content=\"Bomberos Voluntarios de Trenque Lauquen ya tiene el predio so\u00f1ado y consolida el crecimiento - Infoecos\" \/>\n<meta property=\"og:description\" content=\"Nappi elogi\u00f3 la respuesta de la comunidad por la colaboraci\u00f3n recibida en cada una de las inquietudes que se le plantean, muy especialmente en la adquisici\u00f3n de todos los abonos que se ponen a la venta\" \/>\n<meta property=\"og:url\" content=\"https:\/\/infoecos.com.ar\/index.php\/bomberos-voluntarios-de-trenque-lauquen-ya-tiene-el-predio-y-seguira-su-crecimiento\/\" \/>\n<meta property=\"og:site_name\" content=\"Infoecos\" \/>\n<meta property=\"article:publisher\" content=\"https:\/\/www.facebook.com\/profile.php?id=100063200290284\" \/>\n<meta property=\"article:published_time\" content=\"2023-01-14T06:11:05+00:00\" \/>\n<meta property=\"article:modified_time\" content=\"2023-01-18T11:51:15+00:00\" \/>\n<meta property=\"og:image\" content=\"https:\/\/infoecos.com.ar\/wp-content\/uploads\/2023\/01\/Acto-Bomberos-8-2.jpg\" \/>\n\t<meta property=\"og:image:width\" content=\"1920\" \/>\n\t<meta property=\"og:image:height\" content=\"1080\" \/>\n\t<meta property=\"og:image:type\" content=\"image\/jpeg\" \/>\n<meta name=\"author\" content=\"Jorge Matheus\" \/>\n<meta name=\"twitter:card\" content=\"summary_large_image\" \/>\n<meta name=\"twitter:creator\" content=\"@infoecos\" \/>\n<meta name=\"twitter:site\" content=\"@infoecos\" \/>\n<meta name=\"twitter:label1\" content=\"Escrito por\" \/>\n\t<meta name=\"twitter:data1\" content=\"Jorge Matheus\" \/>\n\t<meta name=\"twitter:label2\" content=\"Tiempo de lectura\" \/>\n\t<meta name=\"twitter:data2\" content=\"8 minutos\" \/>\n<script type=\"application\/ld+json\" class=\"yoast-schema-graph\">{\"@context\":\"https:\/\/schema.org\",\"@graph\":[{\"@type\":\"Article\",\"@id\":\"https:\/\/infoecos.com.ar\/index.php\/bomberos-voluntarios-de-trenque-lauquen-ya-tiene-el-predio-y-seguira-su-crecimiento\/#article\",\"isPartOf\":{\"@id\":\"https:\/\/infoecos.com.ar\/index.php\/bomberos-voluntarios-de-trenque-lauquen-ya-tiene-el-predio-y-seguira-su-crecimiento\/\"},\"author\":{\"name\":\"Jorge Matheus\",\"@id\":\"https:\/\/infoecos.com.ar\/#\/schema\/person\/8f5ace5ce73b4b4aac4b7245aee6f191\"},\"headline\":\"Bomberos Voluntarios de Trenque Lauquen ya tiene el predio so\u00f1ado y consolida el crecimiento\",\"datePublished\":\"2023-01-14T06:11:05+00:00\",\"dateModified\":\"2023-01-18T11:51:15+00:00\",\"mainEntityOfPage\":{\"@id\":\"https:\/\/infoecos.com.ar\/index.php\/bomberos-voluntarios-de-trenque-lauquen-ya-tiene-el-predio-y-seguira-su-crecimiento\/\"},\"wordCount\":761,\"publisher\":{\"@id\":\"https:\/\/infoecos.com.ar\/#organization\"},\"image\":{\"@id\":\"https:\/\/infoecos.com.ar\/index.php\/bomberos-voluntarios-de-trenque-lauquen-ya-tiene-el-predio-y-seguira-su-crecimiento\/#primaryimage\"},\"thumbnailUrl\":\"https:\/\/infoecos.com.ar\/wp-content\/uploads\/2023\/01\/Acto-Bomberos-8-2.jpg\",\"keywords\":[\"CON GALER\u00cdA DE FOTOS-AUDIO Y VIDEO\"],\"articleSection\":[\"Bloque inferior - 5\"],\"inLanguage\":\"es\"},{\"@type\":\"WebPage\",\"@id\":\"https:\/\/infoecos.com.ar\/index.php\/bomberos-voluntarios-de-trenque-lauquen-ya-tiene-el-predio-y-seguira-su-crecimiento\/\",\"url\":\"https:\/\/infoecos.com.ar\/index.php\/bomberos-voluntarios-de-trenque-lauquen-ya-tiene-el-predio-y-seguira-su-crecimiento\/\",\"name\":\"Bomberos Voluntarios de Trenque Lauquen ya tiene el predio so\u00f1ado y consolida el crecimiento - Infoecos\",\"isPartOf\":{\"@id\":\"https:\/\/infoecos.com.ar\/#website\"},\"primaryImageOfPage\":{\"@id\":\"https:\/\/infoecos.com.ar\/index.php\/bomberos-voluntarios-de-trenque-lauquen-ya-tiene-el-predio-y-seguira-su-crecimiento\/#primaryimage\"},\"image\":{\"@id\":\"https:\/\/infoecos.com.ar\/index.php\/bomberos-voluntarios-de-trenque-lauquen-ya-tiene-el-predio-y-seguira-su-crecimiento\/#primaryimage\"},\"thumbnailUrl\":\"https:\/\/infoecos.com.ar\/wp-content\/uploads\/2023\/01\/Acto-Bomberos-8-2.jpg\",\"datePublished\":\"2023-01-14T06:11:05+00:00\",\"dateModified\":\"2023-01-18T11:51:15+00:00\",\"breadcrumb\":{\"@id\":\"https:\/\/infoecos.com.ar\/index.php\/bomberos-voluntarios-de-trenque-lauquen-ya-tiene-el-predio-y-seguira-su-crecimiento\/#breadcrumb\"},\"inLanguage\":\"es\",\"potentialAction\":[{\"@type\":\"ReadAction\",\"target\":[\"https:\/\/infoecos.com.ar\/index.php\/bomberos-voluntarios-de-trenque-lauquen-ya-tiene-el-predio-y-seguira-su-crecimiento\/\"]}]},{\"@type\":\"ImageObject\",\"inLanguage\":\"es\",\"@id\":\"https:\/\/infoecos.com.ar\/index.php\/bomberos-voluntarios-de-trenque-lauquen-ya-tiene-el-predio-y-seguira-su-crecimiento\/#primaryimage\",\"url\":\"https:\/\/infoecos.com.ar\/wp-content\/uploads\/2023\/01\/Acto-Bomberos-8-2.jpg\",\"contentUrl\":\"https:\/\/infoecos.com.ar\/wp-content\/uploads\/2023\/01\/Acto-Bomberos-8-2.jpg\",\"width\":1920,\"height\":1080},{\"@type\":\"BreadcrumbList\",\"@id\":\"https:\/\/infoecos.com.ar\/index.php\/bomberos-voluntarios-de-trenque-lauquen-ya-tiene-el-predio-y-seguira-su-crecimiento\/#breadcrumb\",\"itemListElement\":[{\"@type\":\"ListItem\",\"position\":1,\"name\":\"Portada\",\"item\":\"https:\/\/infoecos.com.ar\/\"},{\"@type\":\"ListItem\",\"position\":2,\"name\":\"Bomberos Voluntarios de Trenque Lauquen ya tiene el predio so\u00f1ado y consolida el crecimiento\"}]},{\"@type\":\"WebSite\",\"@id\":\"https:\/\/infoecos.com.ar\/#website\",\"url\":\"https:\/\/infoecos.com.ar\/\",\"name\":\"Infoecos\",\"description\":\"Noticias de trenque lauquen y la zona\",\"publisher\":{\"@id\":\"https:\/\/infoecos.com.ar\/#organization\"},\"alternateName\":\"Noticias\",\"potentialAction\":[{\"@type\":\"SearchAction\",\"target\":{\"@type\":\"EntryPoint\",\"urlTemplate\":\"https:\/\/infoecos.com.ar\/?s={search_term_string}\"},\"query-input\":{\"@type\":\"PropertyValueSpecification\",\"valueRequired\":true,\"valueName\":\"search_term_string\"}}],\"inLanguage\":\"es\"},{\"@type\":\"Organization\",\"@id\":\"https:\/\/infoecos.com.ar\/#organization\",\"name\":\"Infoecos\",\"alternateName\":\"Noticias\",\"url\":\"https:\/\/infoecos.com.ar\/\",\"logo\":{\"@type\":\"ImageObject\",\"inLanguage\":\"es\",\"@id\":\"https:\/\/infoecos.com.ar\/#\/schema\/logo\/image\/\",\"url\":\"https:\/\/infoecos.com.ar\/wp-content\/uploads\/2024\/03\/cropped-logo.png\",\"contentUrl\":\"https:\/\/infoecos.com.ar\/wp-content\/uploads\/2024\/03\/cropped-logo.png\",\"width\":374,\"height\":90,\"caption\":\"Infoecos\"},\"image\":{\"@id\":\"https:\/\/infoecos.com.ar\/#\/schema\/logo\/image\/\"},\"sameAs\":[\"https:\/\/www.facebook.com\/profile.php?id=100063200290284\",\"https:\/\/x.com\/infoecos\"]},{\"@type\":\"Person\",\"@id\":\"https:\/\/infoecos.com.ar\/#\/schema\/person\/8f5ace5ce73b4b4aac4b7245aee6f191\",\"name\":\"Jorge Matheus\",\"url\":\"https:\/\/infoecos.com.ar\/index.php\/author\/jomatheus\/\"}]}<\/script>\n<!-- \/ Yoast SEO plugin. -->","yoast_head_json":{"title":"Bomberos Voluntarios de Trenque Lauquen ya tiene el predio so\u00f1ado y consolida el crecimiento - Infoecos","robots":{"index":"index","follow":"follow","max-snippet":"max-snippet:-1","max-image-preview":"max-image-preview:large","max-video-preview":"max-video-preview:-1"},"canonical":"https:\/\/infoecos.com.ar\/index.php\/bomberos-voluntarios-de-trenque-lauquen-ya-tiene-el-predio-y-seguira-su-crecimiento\/","og_locale":"es_ES","og_type":"article","og_title":"Bomberos Voluntarios de Trenque Lauquen ya tiene el predio so\u00f1ado y consolida el crecimiento - Infoecos","og_description":"Nappi elogi\u00f3 la respuesta de la comunidad por la colaboraci\u00f3n recibida en cada una de las inquietudes que se le plantean, muy especialmente en la adquisici\u00f3n de todos los abonos que se ponen a la venta","og_url":"https:\/\/infoecos.com.ar\/index.php\/bomberos-voluntarios-de-trenque-lauquen-ya-tiene-el-predio-y-seguira-su-crecimiento\/","og_site_name":"Infoecos","article_publisher":"https:\/\/www.facebook.com\/profile.php?id=100063200290284","article_published_time":"2023-01-14T06:11:05+00:00","article_modified_time":"2023-01-18T11:51:15+00:00","og_image":[{"width":1920,"height":1080,"url":"https:\/\/infoecos.com.ar\/wp-content\/uploads\/2023\/01\/Acto-Bomberos-8-2.jpg","type":"image\/jpeg"}],"author":"Jorge Matheus","twitter_card":"summary_large_image","twitter_creator":"@infoecos","twitter_site":"@infoecos","twitter_misc":{"Escrito por":"Jorge Matheus","Tiempo de lectura":"8 minutos"},"schema":{"@context":"https:\/\/schema.org","@graph":[{"@type":"Article","@id":"https:\/\/infoecos.com.ar\/index.php\/bomberos-voluntarios-de-trenque-lauquen-ya-tiene-el-predio-y-seguira-su-crecimiento\/#article","isPartOf":{"@id":"https:\/\/infoecos.com.ar\/index.php\/bomberos-voluntarios-de-trenque-lauquen-ya-tiene-el-predio-y-seguira-su-crecimiento\/"},"author":{"name":"Jorge Matheus","@id":"https:\/\/infoecos.com.ar\/#\/schema\/person\/8f5ace5ce73b4b4aac4b7245aee6f191"},"headline":"Bomberos Voluntarios de Trenque Lauquen ya tiene el predio so\u00f1ado y consolida el crecimiento","datePublished":"2023-01-14T06:11:05+00:00","dateModified":"2023-01-18T11:51:15+00:00","mainEntityOfPage":{"@id":"https:\/\/infoecos.com.ar\/index.php\/bomberos-voluntarios-de-trenque-lauquen-ya-tiene-el-predio-y-seguira-su-crecimiento\/"},"wordCount":761,"publisher":{"@id":"https:\/\/infoecos.com.ar\/#organization"},"image":{"@id":"https:\/\/infoecos.com.ar\/index.php\/bomberos-voluntarios-de-trenque-lauquen-ya-tiene-el-predio-y-seguira-su-crecimiento\/#primaryimage"},"thumbnailUrl":"https:\/\/infoecos.com.ar\/wp-content\/uploads\/2023\/01\/Acto-Bomberos-8-2.jpg","keywords":["CON GALER\u00cdA DE FOTOS-AUDIO Y VIDEO"],"articleSection":["Bloque inferior - 5"],"inLanguage":"es"},{"@type":"WebPage","@id":"https:\/\/infoecos.com.ar\/index.php\/bomberos-voluntarios-de-trenque-lauquen-ya-tiene-el-predio-y-seguira-su-crecimiento\/","url":"https:\/\/infoecos.com.ar\/index.php\/bomberos-voluntarios-de-trenque-lauquen-ya-tiene-el-predio-y-seguira-su-crecimiento\/","name":"Bomberos Voluntarios de Trenque Lauquen ya tiene el predio so\u00f1ado y consolida el crecimiento - Infoecos","isPartOf":{"@id":"https:\/\/infoecos.com.ar\/#website"},"primaryImageOfPage":{"@id":"https:\/\/infoecos.com.ar\/index.php\/bomberos-voluntarios-de-trenque-lauquen-ya-tiene-el-predio-y-seguira-su-crecimiento\/#primaryimage"},"image":{"@id":"https:\/\/infoecos.com.ar\/index.php\/bomberos-voluntarios-de-trenque-lauquen-ya-tiene-el-predio-y-seguira-su-crecimiento\/#primaryimage"},"thumbnailUrl":"https:\/\/infoecos.com.ar\/wp-content\/uploads\/2023\/01\/Acto-Bomberos-8-2.jpg","datePublished":"2023-01-14T06:11:05+00:00","dateModified":"2023-01-18T11:51:15+00:00","breadcrumb":{"@id":"https:\/\/infoecos.com.ar\/index.php\/bomberos-voluntarios-de-trenque-lauquen-ya-tiene-el-predio-y-seguira-su-crecimiento\/#breadcrumb"},"inLanguage":"es","potentialAction":[{"@type":"ReadAction","target":["https:\/\/infoecos.com.ar\/index.php\/bomberos-voluntarios-de-trenque-lauquen-ya-tiene-el-predio-y-seguira-su-crecimiento\/"]}]},{"@type":"ImageObject","inLanguage":"es","@id":"https:\/\/infoecos.com.ar\/index.php\/bomberos-voluntarios-de-trenque-lauquen-ya-tiene-el-predio-y-seguira-su-crecimiento\/#primaryimage","url":"https:\/\/infoecos.com.ar\/wp-content\/uploads\/2023\/01\/Acto-Bomberos-8-2.jpg","contentUrl":"https:\/\/infoecos.com.ar\/wp-content\/uploads\/2023\/01\/Acto-Bomberos-8-2.jpg","width":1920,"height":1080},{"@type":"BreadcrumbList","@id":"https:\/\/infoecos.com.ar\/index.php\/bomberos-voluntarios-de-trenque-lauquen-ya-tiene-el-predio-y-seguira-su-crecimiento\/#breadcrumb","itemListElement":[{"@type":"ListItem","position":1,"name":"Portada","item":"https:\/\/infoecos.com.ar\/"},{"@type":"ListItem","position":2,"name":"Bomberos Voluntarios de Trenque Lauquen ya tiene el predio so\u00f1ado y consolida el crecimiento"}]},{"@type":"WebSite","@id":"https:\/\/infoecos.com.ar\/#website","url":"https:\/\/infoecos.com.ar\/","name":"Infoecos","description":"Noticias de trenque lauquen y la zona","publisher":{"@id":"https:\/\/infoecos.com.ar\/#organization"},"alternateName":"Noticias","potentialAction":[{"@type":"SearchAction","target":{"@type":"EntryPoint","urlTemplate":"https:\/\/infoecos.com.ar\/?s={search_term_string}"},"query-input":{"@type":"PropertyValueSpecification","valueRequired":true,"valueName":"search_term_string"}}],"inLanguage":"es"},{"@type":"Organization","@id":"https:\/\/infoecos.com.ar\/#organization","name":"Infoecos","alternateName":"Noticias","url":"https:\/\/infoecos.com.ar\/","logo":{"@type":"ImageObject","inLanguage":"es","@id":"https:\/\/infoecos.com.ar\/#\/schema\/logo\/image\/","url":"https:\/\/infoecos.com.ar\/wp-content\/uploads\/2024\/03\/cropped-logo.png","contentUrl":"https:\/\/infoecos.com.ar\/wp-content\/uploads\/2024\/03\/cropped-logo.png","width":374,"height":90,"caption":"Infoecos"},"image":{"@id":"https:\/\/infoecos.com.ar\/#\/schema\/logo\/image\/"},"sameAs":["https:\/\/www.facebook.com\/profile.php?id=100063200290284","https:\/\/x.com\/infoecos"]},{"@type":"Person","@id":"https:\/\/infoecos.com.ar\/#\/schema\/person\/8f5ace5ce73b4b4aac4b7245aee6f191","name":"Jorge Matheus","url":"https:\/\/infoecos.com.ar\/index.php\/author\/jomatheus\/"}]}},"featured_image_urls":{"full":["https:\/\/infoecos.com.ar\/wp-content\/uploads\/2023\/01\/Acto-Bomberos-8-2.jpg",1920,1080,false],"thumbnail":["https:\/\/infoecos.com.ar\/wp-content\/uploads\/2023\/01\/Acto-Bomberos-8-2-300x150.jpg",300,150,true],"medium":["https:\/\/infoecos.com.ar\/wp-content\/uploads\/2023\/01\/Acto-Bomberos-8-2-800x450.jpg",800,450,true],"medium_large":["https:\/\/infoecos.com.ar\/wp-content\/uploads\/2023\/01\/Acto-Bomberos-8-2-768x432.jpg",640,360,true],"large":["https:\/\/infoecos.com.ar\/wp-content\/uploads\/2023\/01\/Acto-Bomberos-8-2-1600x900.jpg",640,360,true],"1536x1536":["https:\/\/infoecos.com.ar\/wp-content\/uploads\/2023\/01\/Acto-Bomberos-8-2-1536x864.jpg",1536,864,true],"2048x2048":["https:\/\/infoecos.com.ar\/wp-content\/uploads\/2023\/01\/Acto-Bomberos-8-2.jpg",1920,1080,false],"covernews-slider-full":["https:\/\/infoecos.com.ar\/wp-content\/uploads\/2023\/01\/Acto-Bomberos-8-2-1536x1020.jpg",1077,715,true],"covernews-slider-center":["https:\/\/infoecos.com.ar\/wp-content\/uploads\/2023\/01\/Acto-Bomberos-8-2-936x897.jpg",522,500,true],"covernews-featured":["https:\/\/infoecos.com.ar\/wp-content\/uploads\/2023\/01\/Acto-Bomberos-8-2-1024x576.jpg",1024,576,true],"covernews-medium":["https:\/\/infoecos.com.ar\/wp-content\/uploads\/2023\/01\/Acto-Bomberos-8-2-720x380.jpg",540,285,true],"covernews-medium-square":["https:\/\/infoecos.com.ar\/wp-content\/uploads\/2023\/01\/Acto-Bomberos-8-2-675x450.jpg",375,250,true]},"author_info":{"info":["Jorge Matheus"]},"category_info":"<a href=\"https:\/\/infoecos.com.ar\/index.php\/category\/inferior5\/\" rel=\"category tag\">Bloque inferior - 5<\/a>","tag_info":"Bloque inferior - 5","comment_count":"0","_links":{"self":[{"href":"https:\/\/infoecos.com.ar\/index.php\/wp-json\/wp\/v2\/posts\/100001"}],"collection":[{"href":"https:\/\/infoecos.com.ar\/index.php\/wp-json\/wp\/v2\/posts"}],"about":[{"href":"https:\/\/infoecos.com.ar\/index.php\/wp-json\/wp\/v2\/types\/post"}],"author":[{"embeddable":true,"href":"https:\/\/infoecos.com.ar\/index.php\/wp-json\/wp\/v2\/users\/2"}],"replies":[{"embeddable":true,"href":"https:\/\/infoecos.com.ar\/index.php\/wp-json\/wp\/v2\/comments?post=100001"}],"version-history":[{"count":5,"href":"https:\/\/infoecos.com.ar\/index.php\/wp-json\/wp\/v2\/posts\/100001\/revisions"}],"predecessor-version":[{"id":100043,"href":"https:\/\/infoecos.com.ar\/index.php\/wp-json\/wp\/v2\/posts\/100001\/revisions\/100043"}],"wp:featuredmedia":[{"embeddable":true,"href":"https:\/\/infoecos.com.ar\/index.php\/wp-json\/wp\/v2\/media\/100023"}],"wp:attachment":[{"href":"https:\/\/infoecos.com.ar\/index.php\/wp-json\/wp\/v2\/media?parent=100001"}],"wp:term":[{"taxonomy":"category","embeddable":true,"href":"https:\/\/infoecos.com.ar\/index.php\/wp-json\/wp\/v2\/categories?post=100001"},{"taxonomy":"post_tag","embeddable":true,"href":"https:\/\/infoecos.com.ar\/index.php\/wp-json\/wp\/v2\/tags?post=100001"}],"curies":[{"name":"wp","href":"https:\/\/api.w.org\/{rel}","templated":true}]}}