{"id":100049,"date":"2023-01-16T00:49:28","date_gmt":"2023-01-16T03:49:28","guid":{"rendered":"https:\/\/infoecos.com.ar\/?p=100049"},"modified":"2023-01-20T02:21:23","modified_gmt":"2023-01-20T05:21:23","slug":"la-sentencia-sobre-la-autoria-y-responsabilidad-penal-por-la-muerte-de-lucio-dupuy-se-conocera-el-2-de-febrero","status":"publish","type":"post","link":"https:\/\/infoecos.com.ar\/index.php\/la-sentencia-sobre-la-autoria-y-responsabilidad-penal-por-la-muerte-de-lucio-dupuy-se-conocera-el-2-de-febrero\/","title":{"rendered":"La sentencia sobre autor\u00eda y responsabilidad penal por la muerte de Lucio Dupuy se conocer\u00e1 el 2 de Febrero"},"content":{"rendered":"\n<p>El 22 de diciembre pasado concluy\u00f3 el juicio oral por el homicidio de Lucio Abel Dupuy, el ni\u00f1o de cinco a\u00f1os que muri\u00f3 el 26 de noviembre de 2021, en La Pampa. <\/p>\n\n\n\n<figure class=\"wp-block-image aligncenter size-large is-resized\"><img loading=\"lazy\" decoding=\"async\" src=\"https:\/\/infoecos.com.ar\/wp-content\/uploads\/2022\/08\/image-30-920x443.png\" alt=\"\" class=\"wp-image-95696\" width=\"444\" height=\"214\" srcset=\"https:\/\/infoecos.com.ar\/wp-content\/uploads\/2022\/08\/image-30-920x443.png 920w, https:\/\/infoecos.com.ar\/wp-content\/uploads\/2022\/08\/image-30-460x221.png 460w, https:\/\/infoecos.com.ar\/wp-content\/uploads\/2022\/08\/image-30-768x370.png 768w, https:\/\/infoecos.com.ar\/wp-content\/uploads\/2022\/08\/image-30-1024x493.png 1024w, https:\/\/infoecos.com.ar\/wp-content\/uploads\/2022\/08\/image-30.png 1440w\" sizes=\"(max-width: 444px) 100vw, 444px\" \/><\/figure>\n\n\n\n<p>Durante los alegatos finales, que se extendieron durante casi seis horas, el Ministerio P\u00fablico Fiscal acus\u00f3 a Magdalena Esp\u00f3sito Valenti, la madre del peque\u00f1o, y su pareja Abigail P\u00e1ez, por homicidio calificado y abuso sexual gravemente ultrajante.<\/p>\n\n\n\n<p>La sentencia sobre la autor\u00eda y responsabilidad penal se conocer\u00e1 el 2 de febrero al mediod\u00eda.<\/p>\n\n\n\n<figure class=\"wp-block-image aligncenter size-large is-resized\"><img loading=\"lazy\" decoding=\"async\" src=\"https:\/\/infoecos.com.ar\/wp-content\/uploads\/2022\/08\/6EZV3PT6HNCTNCV3LMPGOHNQPU-920x460.webp\" alt=\"\" class=\"wp-image-95697\" width=\"478\" height=\"239\" srcset=\"https:\/\/infoecos.com.ar\/wp-content\/uploads\/2022\/08\/6EZV3PT6HNCTNCV3LMPGOHNQPU-920x460.webp 920w, https:\/\/infoecos.com.ar\/wp-content\/uploads\/2022\/08\/6EZV3PT6HNCTNCV3LMPGOHNQPU-460x230.webp 460w, https:\/\/infoecos.com.ar\/wp-content\/uploads\/2022\/08\/6EZV3PT6HNCTNCV3LMPGOHNQPU-768x384.webp 768w, https:\/\/infoecos.com.ar\/wp-content\/uploads\/2022\/08\/6EZV3PT6HNCTNCV3LMPGOHNQPU-1024x512.webp 1024w, https:\/\/infoecos.com.ar\/wp-content\/uploads\/2022\/08\/6EZV3PT6HNCTNCV3LMPGOHNQPU.webp 1440w\" sizes=\"(max-width: 478px) 100vw, 478px\" \/><\/figure>\n\n\n\n<p>Christian Dupuy, pap\u00e1 de Lucio, public\u00f3 una emotiva carta en sus redes sociales la que ha tenido una gran repercusi\u00f3n p\u00fablica. <\/p>\n\n\n\n<p>\u00abTu hermana sigue nombr\u00e1ndote, no te olvida y nunca lo va a hacer porque tu recuerdo vive en nosotros\u00bb, afirm\u00f3.<\/p>\n\n\n\n<p>\u00abTe extra\u00f1o, lo he intentado y es in\u00fatil. Llevo un tiempo tratando de soltarte pero es totalmente in\u00fatil intentar olvidar algo que est\u00e1 y siempre estuvo tan dentro de mi, imposible olvidar la sensaci\u00f3n de cuando llegaste al mundo y te entregaron a mi envuelto en mantitas\u00bb, escribi\u00f3 el pap\u00e1 de Lucio y agreg\u00f3: \u00abImposible olvidar lo desgarrador y doloroso verte en un caj\u00f3n, cuando la ley de la vida dice que un hijo debe de enterrar a su padre y no as\u00ed como pas\u00f3\u00bb.<\/p>\n\n\n\n<p>Christian record\u00f3 que ya pasaron \u00abun a\u00f1os y dos meses\u00bb y cont\u00f3 que sigue \u00absin entender, y a\u00fan nadie me ha dado explicaciones de por qu\u00e9 pas\u00f3 todo esto. Una tortura constante vive en mi, recordando esa hermosa risa, y tu vocesita dici\u00e9ndome papi&#8230;\u00bb.<\/p>\n\n\n\n<p>\u00abTu hermana sigue nombr\u00e1ndote, no te olvida y nunca lo va a hacer porque tu recuerdo vive en nosotros y con el amor que te tenemos jam\u00e1s podremos olvidarte. Mi papito, deseo que la vida me pase r\u00e1pido disfrutando de todo lo que tengo para volverte a ver. Te extra\u00f1o\u00bb, concluy\u00f3.<\/p>\n","protected":false},"excerpt":{"rendered":"<p>Christian Dupuy, pap\u00e1 de Lucio, public\u00f3 una emotiva carta en sus redes sociales la que ha tenido una gran repercusi\u00f3n p\u00fablica<\/p>\n","protected":false},"author":2,"featured_media":95696,"comment_status":"closed","ping_status":"open","sticky":false,"template":"","format":"standard","meta":{"footnotes":""},"categories":[200],"tags":[83],"class_list":["post-100049","post","type-post","status-publish","format-standard","has-post-thumbnail","hentry","category-inferior8","tag-santa-rosa-la-pampa"],"yoast_head":"<!-- This site is optimized with the Yoast SEO plugin v23.4 - https:\/\/yoast.com\/wordpress\/plugins\/seo\/ -->\n<title>La sentencia sobre autor\u00eda y responsabilidad penal por la muerte de Lucio Dupuy se conocer\u00e1 el 2 de Febrero - Infoecos<\/title>\n<meta name=\"robots\" content=\"index, follow, max-snippet:-1, max-image-preview:large, max-video-preview:-1\" \/>\n<link rel=\"canonical\" href=\"https:\/\/infoecos.com.ar\/index.php\/la-sentencia-sobre-la-autoria-y-responsabilidad-penal-por-la-muerte-de-lucio-dupuy-se-conocera-el-2-de-febrero\/\" \/>\n<meta property=\"og:locale\" content=\"es_ES\" \/>\n<meta property=\"og:type\" content=\"article\" \/>\n<meta property=\"og:title\" content=\"La sentencia sobre autor\u00eda y responsabilidad penal por la muerte de Lucio Dupuy se conocer\u00e1 el 2 de Febrero - Infoecos\" \/>\n<meta property=\"og:description\" content=\"Christian Dupuy, pap\u00e1 de Lucio, public\u00f3 una emotiva carta en sus redes sociales la que ha tenido una gran repercusi\u00f3n p\u00fablica\" \/>\n<meta property=\"og:url\" content=\"https:\/\/infoecos.com.ar\/index.php\/la-sentencia-sobre-la-autoria-y-responsabilidad-penal-por-la-muerte-de-lucio-dupuy-se-conocera-el-2-de-febrero\/\" \/>\n<meta property=\"og:site_name\" content=\"Infoecos\" \/>\n<meta property=\"article:publisher\" content=\"https:\/\/www.facebook.com\/profile.php?id=100063200290284\" \/>\n<meta property=\"article:published_time\" content=\"2023-01-16T03:49:28+00:00\" \/>\n<meta property=\"article:modified_time\" content=\"2023-01-20T05:21:23+00:00\" \/>\n<meta property=\"og:image\" content=\"https:\/\/infoecos.com.ar\/wp-content\/uploads\/2022\/08\/image-30.png\" \/>\n\t<meta property=\"og:image:width\" content=\"1440\" \/>\n\t<meta property=\"og:image:height\" content=\"693\" \/>\n\t<meta property=\"og:image:type\" content=\"image\/png\" \/>\n<meta name=\"author\" content=\"Jorge Matheus\" \/>\n<meta name=\"twitter:card\" content=\"summary_large_image\" \/>\n<meta name=\"twitter:creator\" content=\"@infoecos\" \/>\n<meta name=\"twitter:site\" content=\"@infoecos\" \/>\n<meta name=\"twitter:label1\" content=\"Escrito por\" \/>\n\t<meta name=\"twitter:data1\" content=\"Jorge Matheus\" \/>\n\t<meta name=\"twitter:label2\" content=\"Tiempo de lectura\" \/>\n\t<meta name=\"twitter:data2\" content=\"2 minutos\" \/>\n<script type=\"application\/ld+json\" class=\"yoast-schema-graph\">{\"@context\":\"https:\/\/schema.org\",\"@graph\":[{\"@type\":\"Article\",\"@id\":\"https:\/\/infoecos.com.ar\/index.php\/la-sentencia-sobre-la-autoria-y-responsabilidad-penal-por-la-muerte-de-lucio-dupuy-se-conocera-el-2-de-febrero\/#article\",\"isPartOf\":{\"@id\":\"https:\/\/infoecos.com.ar\/index.php\/la-sentencia-sobre-la-autoria-y-responsabilidad-penal-por-la-muerte-de-lucio-dupuy-se-conocera-el-2-de-febrero\/\"},\"author\":{\"name\":\"Jorge Matheus\",\"@id\":\"https:\/\/infoecos.com.ar\/#\/schema\/person\/8f5ace5ce73b4b4aac4b7245aee6f191\"},\"headline\":\"La sentencia sobre autor\u00eda y responsabilidad penal por la muerte de Lucio Dupuy se conocer\u00e1 el 2 de Febrero\",\"datePublished\":\"2023-01-16T03:49:28+00:00\",\"dateModified\":\"2023-01-20T05:21:23+00:00\",\"mainEntityOfPage\":{\"@id\":\"https:\/\/infoecos.com.ar\/index.php\/la-sentencia-sobre-la-autoria-y-responsabilidad-penal-por-la-muerte-de-lucio-dupuy-se-conocera-el-2-de-febrero\/\"},\"wordCount\":344,\"publisher\":{\"@id\":\"https:\/\/infoecos.com.ar\/#organization\"},\"image\":{\"@id\":\"https:\/\/infoecos.com.ar\/index.php\/la-sentencia-sobre-la-autoria-y-responsabilidad-penal-por-la-muerte-de-lucio-dupuy-se-conocera-el-2-de-febrero\/#primaryimage\"},\"thumbnailUrl\":\"https:\/\/infoecos.com.ar\/wp-content\/uploads\/2022\/08\/image-30.png\",\"keywords\":[\"SANTA ROSA (LA PAMPA)\"],\"articleSection\":[\"Bloque inferior - 8\"],\"inLanguage\":\"es\"},{\"@type\":\"WebPage\",\"@id\":\"https:\/\/infoecos.com.ar\/index.php\/la-sentencia-sobre-la-autoria-y-responsabilidad-penal-por-la-muerte-de-lucio-dupuy-se-conocera-el-2-de-febrero\/\",\"url\":\"https:\/\/infoecos.com.ar\/index.php\/la-sentencia-sobre-la-autoria-y-responsabilidad-penal-por-la-muerte-de-lucio-dupuy-se-conocera-el-2-de-febrero\/\",\"name\":\"La sentencia sobre autor\u00eda y responsabilidad penal por la muerte de Lucio Dupuy se conocer\u00e1 el 2 de Febrero - Infoecos\",\"isPartOf\":{\"@id\":\"https:\/\/infoecos.com.ar\/#website\"},\"primaryImageOfPage\":{\"@id\":\"https:\/\/infoecos.com.ar\/index.php\/la-sentencia-sobre-la-autoria-y-responsabilidad-penal-por-la-muerte-de-lucio-dupuy-se-conocera-el-2-de-febrero\/#primaryimage\"},\"image\":{\"@id\":\"https:\/\/infoecos.com.ar\/index.php\/la-sentencia-sobre-la-autoria-y-responsabilidad-penal-por-la-muerte-de-lucio-dupuy-se-conocera-el-2-de-febrero\/#primaryimage\"},\"thumbnailUrl\":\"https:\/\/infoecos.com.ar\/wp-content\/uploads\/2022\/08\/image-30.png\",\"datePublished\":\"2023-01-16T03:49:28+00:00\",\"dateModified\":\"2023-01-20T05:21:23+00:00\",\"breadcrumb\":{\"@id\":\"https:\/\/infoecos.com.ar\/index.php\/la-sentencia-sobre-la-autoria-y-responsabilidad-penal-por-la-muerte-de-lucio-dupuy-se-conocera-el-2-de-febrero\/#breadcrumb\"},\"inLanguage\":\"es\",\"potentialAction\":[{\"@type\":\"ReadAction\",\"target\":[\"https:\/\/infoecos.com.ar\/index.php\/la-sentencia-sobre-la-autoria-y-responsabilidad-penal-por-la-muerte-de-lucio-dupuy-se-conocera-el-2-de-febrero\/\"]}]},{\"@type\":\"ImageObject\",\"inLanguage\":\"es\",\"@id\":\"https:\/\/infoecos.com.ar\/index.php\/la-sentencia-sobre-la-autoria-y-responsabilidad-penal-por-la-muerte-de-lucio-dupuy-se-conocera-el-2-de-febrero\/#primaryimage\",\"url\":\"https:\/\/infoecos.com.ar\/wp-content\/uploads\/2022\/08\/image-30.png\",\"contentUrl\":\"https:\/\/infoecos.com.ar\/wp-content\/uploads\/2022\/08\/image-30.png\",\"width\":1440,\"height\":693},{\"@type\":\"BreadcrumbList\",\"@id\":\"https:\/\/infoecos.com.ar\/index.php\/la-sentencia-sobre-la-autoria-y-responsabilidad-penal-por-la-muerte-de-lucio-dupuy-se-conocera-el-2-de-febrero\/#breadcrumb\",\"itemListElement\":[{\"@type\":\"ListItem\",\"position\":1,\"name\":\"Portada\",\"item\":\"https:\/\/infoecos.com.ar\/\"},{\"@type\":\"ListItem\",\"position\":2,\"name\":\"La sentencia sobre autor\u00eda y responsabilidad penal por la muerte de Lucio Dupuy se conocer\u00e1 el 2 de Febrero\"}]},{\"@type\":\"WebSite\",\"@id\":\"https:\/\/infoecos.com.ar\/#website\",\"url\":\"https:\/\/infoecos.com.ar\/\",\"name\":\"Infoecos\",\"description\":\"Noticias de trenque lauquen y la zona\",\"publisher\":{\"@id\":\"https:\/\/infoecos.com.ar\/#organization\"},\"alternateName\":\"Noticias\",\"potentialAction\":[{\"@type\":\"SearchAction\",\"target\":{\"@type\":\"EntryPoint\",\"urlTemplate\":\"https:\/\/infoecos.com.ar\/?s={search_term_string}\"},\"query-input\":{\"@type\":\"PropertyValueSpecification\",\"valueRequired\":true,\"valueName\":\"search_term_string\"}}],\"inLanguage\":\"es\"},{\"@type\":\"Organization\",\"@id\":\"https:\/\/infoecos.com.ar\/#organization\",\"name\":\"Infoecos\",\"alternateName\":\"Noticias\",\"url\":\"https:\/\/infoecos.com.ar\/\",\"logo\":{\"@type\":\"ImageObject\",\"inLanguage\":\"es\",\"@id\":\"https:\/\/infoecos.com.ar\/#\/schema\/logo\/image\/\",\"url\":\"https:\/\/infoecos.com.ar\/wp-content\/uploads\/2024\/03\/cropped-logo.png\",\"contentUrl\":\"https:\/\/infoecos.com.ar\/wp-content\/uploads\/2024\/03\/cropped-logo.png\",\"width\":374,\"height\":90,\"caption\":\"Infoecos\"},\"image\":{\"@id\":\"https:\/\/infoecos.com.ar\/#\/schema\/logo\/image\/\"},\"sameAs\":[\"https:\/\/www.facebook.com\/profile.php?id=100063200290284\",\"https:\/\/x.com\/infoecos\"]},{\"@type\":\"Person\",\"@id\":\"https:\/\/infoecos.com.ar\/#\/schema\/person\/8f5ace5ce73b4b4aac4b7245aee6f191\",\"name\":\"Jorge Matheus\",\"url\":\"https:\/\/infoecos.com.ar\/index.php\/author\/jomatheus\/\"}]}<\/script>\n<!-- \/ Yoast SEO plugin. -->","yoast_head_json":{"title":"La sentencia sobre autor\u00eda y responsabilidad penal por la muerte de Lucio Dupuy se conocer\u00e1 el 2 de Febrero - Infoecos","robots":{"index":"index","follow":"follow","max-snippet":"max-snippet:-1","max-image-preview":"max-image-preview:large","max-video-preview":"max-video-preview:-1"},"canonical":"https:\/\/infoecos.com.ar\/index.php\/la-sentencia-sobre-la-autoria-y-responsabilidad-penal-por-la-muerte-de-lucio-dupuy-se-conocera-el-2-de-febrero\/","og_locale":"es_ES","og_type":"article","og_title":"La sentencia sobre autor\u00eda y responsabilidad penal por la muerte de Lucio Dupuy se conocer\u00e1 el 2 de Febrero - Infoecos","og_description":"Christian Dupuy, pap\u00e1 de Lucio, public\u00f3 una emotiva carta en sus redes sociales la que ha tenido una gran repercusi\u00f3n p\u00fablica","og_url":"https:\/\/infoecos.com.ar\/index.php\/la-sentencia-sobre-la-autoria-y-responsabilidad-penal-por-la-muerte-de-lucio-dupuy-se-conocera-el-2-de-febrero\/","og_site_name":"Infoecos","article_publisher":"https:\/\/www.facebook.com\/profile.php?id=100063200290284","article_published_time":"2023-01-16T03:49:28+00:00","article_modified_time":"2023-01-20T05:21:23+00:00","og_image":[{"width":1440,"height":693,"url":"https:\/\/infoecos.com.ar\/wp-content\/uploads\/2022\/08\/image-30.png","type":"image\/png"}],"author":"Jorge Matheus","twitter_card":"summary_large_image","twitter_creator":"@infoecos","twitter_site":"@infoecos","twitter_misc":{"Escrito por":"Jorge Matheus","Tiempo de lectura":"2 minutos"},"schema":{"@context":"https:\/\/schema.org","@graph":[{"@type":"Article","@id":"https:\/\/infoecos.com.ar\/index.php\/la-sentencia-sobre-la-autoria-y-responsabilidad-penal-por-la-muerte-de-lucio-dupuy-se-conocera-el-2-de-febrero\/#article","isPartOf":{"@id":"https:\/\/infoecos.com.ar\/index.php\/la-sentencia-sobre-la-autoria-y-responsabilidad-penal-por-la-muerte-de-lucio-dupuy-se-conocera-el-2-de-febrero\/"},"author":{"name":"Jorge Matheus","@id":"https:\/\/infoecos.com.ar\/#\/schema\/person\/8f5ace5ce73b4b4aac4b7245aee6f191"},"headline":"La sentencia sobre autor\u00eda y responsabilidad penal por la muerte de Lucio Dupuy se conocer\u00e1 el 2 de Febrero","datePublished":"2023-01-16T03:49:28+00:00","dateModified":"2023-01-20T05:21:23+00:00","mainEntityOfPage":{"@id":"https:\/\/infoecos.com.ar\/index.php\/la-sentencia-sobre-la-autoria-y-responsabilidad-penal-por-la-muerte-de-lucio-dupuy-se-conocera-el-2-de-febrero\/"},"wordCount":344,"publisher":{"@id":"https:\/\/infoecos.com.ar\/#organization"},"image":{"@id":"https:\/\/infoecos.com.ar\/index.php\/la-sentencia-sobre-la-autoria-y-responsabilidad-penal-por-la-muerte-de-lucio-dupuy-se-conocera-el-2-de-febrero\/#primaryimage"},"thumbnailUrl":"https:\/\/infoecos.com.ar\/wp-content\/uploads\/2022\/08\/image-30.png","keywords":["SANTA ROSA (LA PAMPA)"],"articleSection":["Bloque inferior - 8"],"inLanguage":"es"},{"@type":"WebPage","@id":"https:\/\/infoecos.com.ar\/index.php\/la-sentencia-sobre-la-autoria-y-responsabilidad-penal-por-la-muerte-de-lucio-dupuy-se-conocera-el-2-de-febrero\/","url":"https:\/\/infoecos.com.ar\/index.php\/la-sentencia-sobre-la-autoria-y-responsabilidad-penal-por-la-muerte-de-lucio-dupuy-se-conocera-el-2-de-febrero\/","name":"La sentencia sobre autor\u00eda y responsabilidad penal por la muerte de Lucio Dupuy se conocer\u00e1 el 2 de Febrero - Infoecos","isPartOf":{"@id":"https:\/\/infoecos.com.ar\/#website"},"primaryImageOfPage":{"@id":"https:\/\/infoecos.com.ar\/index.php\/la-sentencia-sobre-la-autoria-y-responsabilidad-penal-por-la-muerte-de-lucio-dupuy-se-conocera-el-2-de-febrero\/#primaryimage"},"image":{"@id":"https:\/\/infoecos.com.ar\/index.php\/la-sentencia-sobre-la-autoria-y-responsabilidad-penal-por-la-muerte-de-lucio-dupuy-se-conocera-el-2-de-febrero\/#primaryimage"},"thumbnailUrl":"https:\/\/infoecos.com.ar\/wp-content\/uploads\/2022\/08\/image-30.png","datePublished":"2023-01-16T03:49:28+00:00","dateModified":"2023-01-20T05:21:23+00:00","breadcrumb":{"@id":"https:\/\/infoecos.com.ar\/index.php\/la-sentencia-sobre-la-autoria-y-responsabilidad-penal-por-la-muerte-de-lucio-dupuy-se-conocera-el-2-de-febrero\/#breadcrumb"},"inLanguage":"es","potentialAction":[{"@type":"ReadAction","target":["https:\/\/infoecos.com.ar\/index.php\/la-sentencia-sobre-la-autoria-y-responsabilidad-penal-por-la-muerte-de-lucio-dupuy-se-conocera-el-2-de-febrero\/"]}]},{"@type":"ImageObject","inLanguage":"es","@id":"https:\/\/infoecos.com.ar\/index.php\/la-sentencia-sobre-la-autoria-y-responsabilidad-penal-por-la-muerte-de-lucio-dupuy-se-conocera-el-2-de-febrero\/#primaryimage","url":"https:\/\/infoecos.com.ar\/wp-content\/uploads\/2022\/08\/image-30.png","contentUrl":"https:\/\/infoecos.com.ar\/wp-content\/uploads\/2022\/08\/image-30.png","width":1440,"height":693},{"@type":"BreadcrumbList","@id":"https:\/\/infoecos.com.ar\/index.php\/la-sentencia-sobre-la-autoria-y-responsabilidad-penal-por-la-muerte-de-lucio-dupuy-se-conocera-el-2-de-febrero\/#breadcrumb","itemListElement":[{"@type":"ListItem","position":1,"name":"Portada","item":"https:\/\/infoecos.com.ar\/"},{"@type":"ListItem","position":2,"name":"La sentencia sobre autor\u00eda y responsabilidad penal por la muerte de Lucio Dupuy se conocer\u00e1 el 2 de Febrero"}]},{"@type":"WebSite","@id":"https:\/\/infoecos.com.ar\/#website","url":"https:\/\/infoecos.com.ar\/","name":"Infoecos","description":"Noticias de trenque lauquen y la zona","publisher":{"@id":"https:\/\/infoecos.com.ar\/#organization"},"alternateName":"Noticias","potentialAction":[{"@type":"SearchAction","target":{"@type":"EntryPoint","urlTemplate":"https:\/\/infoecos.com.ar\/?s={search_term_string}"},"query-input":{"@type":"PropertyValueSpecification","valueRequired":true,"valueName":"search_term_string"}}],"inLanguage":"es"},{"@type":"Organization","@id":"https:\/\/infoecos.com.ar\/#organization","name":"Infoecos","alternateName":"Noticias","url":"https:\/\/infoecos.com.ar\/","logo":{"@type":"ImageObject","inLanguage":"es","@id":"https:\/\/infoecos.com.ar\/#\/schema\/logo\/image\/","url":"https:\/\/infoecos.com.ar\/wp-content\/uploads\/2024\/03\/cropped-logo.png","contentUrl":"https:\/\/infoecos.com.ar\/wp-content\/uploads\/2024\/03\/cropped-logo.png","width":374,"height":90,"caption":"Infoecos"},"image":{"@id":"https:\/\/infoecos.com.ar\/#\/schema\/logo\/image\/"},"sameAs":["https:\/\/www.facebook.com\/profile.php?id=100063200290284","https:\/\/x.com\/infoecos"]},{"@type":"Person","@id":"https:\/\/infoecos.com.ar\/#\/schema\/person\/8f5ace5ce73b4b4aac4b7245aee6f191","name":"Jorge Matheus","url":"https:\/\/infoecos.com.ar\/index.php\/author\/jomatheus\/"}]}},"featured_image_urls":{"full":["https:\/\/infoecos.com.ar\/wp-content\/uploads\/2022\/08\/image-30.png",1440,693,false],"thumbnail":["https:\/\/infoecos.com.ar\/wp-content\/uploads\/2022\/08\/image-30-150x150.png",150,150,true],"medium":["https:\/\/infoecos.com.ar\/wp-content\/uploads\/2022\/08\/image-30-460x221.png",460,221,true],"medium_large":["https:\/\/infoecos.com.ar\/wp-content\/uploads\/2022\/08\/image-30-768x370.png",640,308,true],"large":["https:\/\/infoecos.com.ar\/wp-content\/uploads\/2022\/08\/image-30-920x443.png",640,308,true],"1536x1536":["https:\/\/infoecos.com.ar\/wp-content\/uploads\/2022\/08\/image-30.png",1440,693,false],"2048x2048":["https:\/\/infoecos.com.ar\/wp-content\/uploads\/2022\/08\/image-30.png",1440,693,false],"covernews-slider-full":["https:\/\/infoecos.com.ar\/wp-content\/uploads\/2022\/08\/image-30.png",1115,537,false],"covernews-slider-center":["https:\/\/infoecos.com.ar\/wp-content\/uploads\/2022\/08\/image-30-936x693.png",675,500,true],"covernews-featured":["https:\/\/infoecos.com.ar\/wp-content\/uploads\/2022\/08\/image-30-1024x493.png",1024,493,true],"covernews-medium":["https:\/\/infoecos.com.ar\/wp-content\/uploads\/2022\/08\/image-30-720x380.png",540,285,true],"covernews-medium-square":["https:\/\/infoecos.com.ar\/wp-content\/uploads\/2022\/08\/image-30-675x450.png",375,250,true]},"author_info":{"info":["Jorge Matheus"]},"category_info":"<a href=\"https:\/\/infoecos.com.ar\/index.php\/category\/inferior8\/\" rel=\"category tag\">Bloque inferior - 8<\/a>","tag_info":"Bloque inferior - 8","comment_count":"0","_links":{"self":[{"href":"https:\/\/infoecos.com.ar\/index.php\/wp-json\/wp\/v2\/posts\/100049"}],"collection":[{"href":"https:\/\/infoecos.com.ar\/index.php\/wp-json\/wp\/v2\/posts"}],"about":[{"href":"https:\/\/infoecos.com.ar\/index.php\/wp-json\/wp\/v2\/types\/post"}],"author":[{"embeddable":true,"href":"https:\/\/infoecos.com.ar\/index.php\/wp-json\/wp\/v2\/users\/2"}],"replies":[{"embeddable":true,"href":"https:\/\/infoecos.com.ar\/index.php\/wp-json\/wp\/v2\/comments?post=100049"}],"version-history":[{"count":2,"href":"https:\/\/infoecos.com.ar\/index.php\/wp-json\/wp\/v2\/posts\/100049\/revisions"}],"predecessor-version":[{"id":100051,"href":"https:\/\/infoecos.com.ar\/index.php\/wp-json\/wp\/v2\/posts\/100049\/revisions\/100051"}],"wp:featuredmedia":[{"embeddable":true,"href":"https:\/\/infoecos.com.ar\/index.php\/wp-json\/wp\/v2\/media\/95696"}],"wp:attachment":[{"href":"https:\/\/infoecos.com.ar\/index.php\/wp-json\/wp\/v2\/media?parent=100049"}],"wp:term":[{"taxonomy":"category","embeddable":true,"href":"https:\/\/infoecos.com.ar\/index.php\/wp-json\/wp\/v2\/categories?post=100049"},{"taxonomy":"post_tag","embeddable":true,"href":"https:\/\/infoecos.com.ar\/index.php\/wp-json\/wp\/v2\/tags?post=100049"}],"curies":[{"name":"wp","href":"https:\/\/api.w.org\/{rel}","templated":true}]}}