{"id":100059,"date":"2023-01-16T12:04:43","date_gmt":"2023-01-16T15:04:43","guid":{"rendered":"https:\/\/infoecos.com.ar\/?p=100059"},"modified":"2023-01-21T02:33:15","modified_gmt":"2023-01-21T05:33:15","slug":"henderson-canta-sera-el-gran-festival-de-esta-region-de-la-provincia-de-buenos-aires","status":"publish","type":"post","link":"https:\/\/infoecos.com.ar\/index.php\/henderson-canta-sera-el-gran-festival-de-esta-region-de-la-provincia-de-buenos-aires\/","title":{"rendered":"\u00abHenderson Canta\u00bb ser\u00e1 el gran festival de esta regi\u00f3n de la provincia de Buenos Aires"},"content":{"rendered":"\n<p>Del 10 al 13 de febrero se realizar\u00e1 la vig\u00e9simo quinta edici\u00f3n del festival \u00abHenderson Canta\u00bb.<\/p>\n\n\n\n<figure class=\"wp-block-image aligncenter size-full is-resized\"><img loading=\"lazy\" decoding=\"async\" src=\"https:\/\/infoecos.com.ar\/wp-content\/uploads\/2023\/01\/image-55.png\" alt=\"\" class=\"wp-image-100060\" width=\"521\" height=\"294\"\/><\/figure>\n\n\n\n<p>El primer d\u00eda <strong>(10 de Febrero)<\/strong> se presentar\u00e1n artistas locales. El s\u00e1bado<strong> (11 de Febrero)<\/strong> Mora Godoy, El Gato Peters, Lucas Sugo, Marcos Tamborenea y Ram\u00f3n Ramonda. El domingo<strong> (12 de Febrero) <\/strong>nuevamente Mora Godoy, La trova de Bolivar y Los Palmeras. Por \u00faltimo, el lunes <strong>(13 de Febrero)<\/strong> se presentan artistas locales, Alejandro Gardinetti y Los Nocheros. <\/p>\n\n\n\n<p>Los espect\u00e1culos comenzar\u00e1n a las 21 horas.<\/p>\n\n\n\n<p>Seg\u00fan se publica en el sitio <strong>radiomagicadigital.com.ar<\/strong> la capacidad hotelera de Henderson est\u00e1 colapsada, por lo que solicitaron colaboraci\u00f3n a los vecinos para aportar viviendas, quinchos u otros lugares para alojamiento, y ya recomiendan alojarse en la zona. Indican, adem\u00e1s, que el esp\u00edritu del festival es abarcar diversos aspectos, si bien el fuerte es el escenario mayor, por lo que cuentan con un amplio sector de artesanos seleccionados, feria franca con emprendedores locales, sector de entretenimientos infantiles y \u00e1rea gastron\u00f3mica.<\/p>\n","protected":false},"excerpt":{"rendered":"<p>Ya est\u00e1 colmada la capacidad hotelera. Entre otros n\u00fameros art\u00edsticos: Los Palmeras, Mora Godoy, Los Nocheros, Ram\u00f3n Ramonda<\/p>\n","protected":false},"author":2,"featured_media":64494,"comment_status":"closed","ping_status":"open","sticky":false,"template":"","format":"standard","meta":{"footnotes":""},"categories":[44],"tags":[7144],"class_list":["post-100059","post","type-post","status-publish","format-standard","has-post-thumbnail","hentry","category-inferior5","tag-del-10-al-13-de-febrero"],"yoast_head":"<!-- This site is optimized with the Yoast SEO plugin v23.4 - https:\/\/yoast.com\/wordpress\/plugins\/seo\/ -->\n<title>&quot;Henderson Canta&quot; ser\u00e1 el gran festival de esta regi\u00f3n de la provincia de Buenos Aires - Infoecos<\/title>\n<meta name=\"robots\" content=\"index, follow, max-snippet:-1, max-image-preview:large, max-video-preview:-1\" \/>\n<link rel=\"canonical\" href=\"https:\/\/infoecos.com.ar\/index.php\/henderson-canta-sera-el-gran-festival-de-esta-region-de-la-provincia-de-buenos-aires\/\" \/>\n<meta property=\"og:locale\" content=\"es_ES\" \/>\n<meta property=\"og:type\" content=\"article\" \/>\n<meta property=\"og:title\" content=\"&quot;Henderson Canta&quot; ser\u00e1 el gran festival de esta regi\u00f3n de la provincia de Buenos Aires - Infoecos\" \/>\n<meta property=\"og:description\" content=\"Ya est\u00e1 colmada la capacidad hotelera. Entre otros n\u00fameros art\u00edsticos: Los Palmeras, Mora Godoy, Los Nocheros, Ram\u00f3n Ramonda\" \/>\n<meta property=\"og:url\" content=\"https:\/\/infoecos.com.ar\/index.php\/henderson-canta-sera-el-gran-festival-de-esta-region-de-la-provincia-de-buenos-aires\/\" \/>\n<meta property=\"og:site_name\" content=\"Infoecos\" \/>\n<meta property=\"article:publisher\" content=\"https:\/\/www.facebook.com\/profile.php?id=100063200290284\" \/>\n<meta property=\"article:published_time\" content=\"2023-01-16T15:04:43+00:00\" \/>\n<meta property=\"article:modified_time\" content=\"2023-01-21T05:33:15+00:00\" \/>\n<meta property=\"og:image\" content=\"https:\/\/infoecos.com.ar\/wp-content\/uploads\/hendersonen.jpg\" \/>\n\t<meta property=\"og:image:width\" content=\"600\" \/>\n\t<meta property=\"og:image:height\" content=\"365\" \/>\n\t<meta property=\"og:image:type\" content=\"image\/jpeg\" \/>\n<meta name=\"author\" content=\"Jorge Matheus\" \/>\n<meta name=\"twitter:card\" content=\"summary_large_image\" \/>\n<meta name=\"twitter:creator\" content=\"@infoecos\" \/>\n<meta name=\"twitter:site\" content=\"@infoecos\" \/>\n<meta name=\"twitter:label1\" content=\"Escrito por\" \/>\n\t<meta name=\"twitter:data1\" content=\"Jorge Matheus\" \/>\n\t<meta name=\"twitter:label2\" content=\"Tiempo de lectura\" \/>\n\t<meta name=\"twitter:data2\" content=\"1 minuto\" \/>\n<script type=\"application\/ld+json\" class=\"yoast-schema-graph\">{\"@context\":\"https:\/\/schema.org\",\"@graph\":[{\"@type\":\"Article\",\"@id\":\"https:\/\/infoecos.com.ar\/index.php\/henderson-canta-sera-el-gran-festival-de-esta-region-de-la-provincia-de-buenos-aires\/#article\",\"isPartOf\":{\"@id\":\"https:\/\/infoecos.com.ar\/index.php\/henderson-canta-sera-el-gran-festival-de-esta-region-de-la-provincia-de-buenos-aires\/\"},\"author\":{\"name\":\"Jorge Matheus\",\"@id\":\"https:\/\/infoecos.com.ar\/#\/schema\/person\/8f5ace5ce73b4b4aac4b7245aee6f191\"},\"headline\":\"\u00abHenderson Canta\u00bb ser\u00e1 el gran festival de esta regi\u00f3n de la provincia de Buenos Aires\",\"datePublished\":\"2023-01-16T15:04:43+00:00\",\"dateModified\":\"2023-01-21T05:33:15+00:00\",\"mainEntityOfPage\":{\"@id\":\"https:\/\/infoecos.com.ar\/index.php\/henderson-canta-sera-el-gran-festival-de-esta-region-de-la-provincia-de-buenos-aires\/\"},\"wordCount\":185,\"publisher\":{\"@id\":\"https:\/\/infoecos.com.ar\/#organization\"},\"image\":{\"@id\":\"https:\/\/infoecos.com.ar\/index.php\/henderson-canta-sera-el-gran-festival-de-esta-region-de-la-provincia-de-buenos-aires\/#primaryimage\"},\"thumbnailUrl\":\"https:\/\/infoecos.com.ar\/wp-content\/uploads\/hendersonen.jpg\",\"keywords\":[\"DEL 10 AL 13 DE FEBRERO\"],\"articleSection\":[\"Bloque inferior - 5\"],\"inLanguage\":\"es\"},{\"@type\":\"WebPage\",\"@id\":\"https:\/\/infoecos.com.ar\/index.php\/henderson-canta-sera-el-gran-festival-de-esta-region-de-la-provincia-de-buenos-aires\/\",\"url\":\"https:\/\/infoecos.com.ar\/index.php\/henderson-canta-sera-el-gran-festival-de-esta-region-de-la-provincia-de-buenos-aires\/\",\"name\":\"\\\"Henderson Canta\\\" ser\u00e1 el gran festival de esta regi\u00f3n de la provincia de Buenos Aires - Infoecos\",\"isPartOf\":{\"@id\":\"https:\/\/infoecos.com.ar\/#website\"},\"primaryImageOfPage\":{\"@id\":\"https:\/\/infoecos.com.ar\/index.php\/henderson-canta-sera-el-gran-festival-de-esta-region-de-la-provincia-de-buenos-aires\/#primaryimage\"},\"image\":{\"@id\":\"https:\/\/infoecos.com.ar\/index.php\/henderson-canta-sera-el-gran-festival-de-esta-region-de-la-provincia-de-buenos-aires\/#primaryimage\"},\"thumbnailUrl\":\"https:\/\/infoecos.com.ar\/wp-content\/uploads\/hendersonen.jpg\",\"datePublished\":\"2023-01-16T15:04:43+00:00\",\"dateModified\":\"2023-01-21T05:33:15+00:00\",\"breadcrumb\":{\"@id\":\"https:\/\/infoecos.com.ar\/index.php\/henderson-canta-sera-el-gran-festival-de-esta-region-de-la-provincia-de-buenos-aires\/#breadcrumb\"},\"inLanguage\":\"es\",\"potentialAction\":[{\"@type\":\"ReadAction\",\"target\":[\"https:\/\/infoecos.com.ar\/index.php\/henderson-canta-sera-el-gran-festival-de-esta-region-de-la-provincia-de-buenos-aires\/\"]}]},{\"@type\":\"ImageObject\",\"inLanguage\":\"es\",\"@id\":\"https:\/\/infoecos.com.ar\/index.php\/henderson-canta-sera-el-gran-festival-de-esta-region-de-la-provincia-de-buenos-aires\/#primaryimage\",\"url\":\"https:\/\/infoecos.com.ar\/wp-content\/uploads\/hendersonen.jpg\",\"contentUrl\":\"https:\/\/infoecos.com.ar\/wp-content\/uploads\/hendersonen.jpg\",\"width\":600,\"height\":365},{\"@type\":\"BreadcrumbList\",\"@id\":\"https:\/\/infoecos.com.ar\/index.php\/henderson-canta-sera-el-gran-festival-de-esta-region-de-la-provincia-de-buenos-aires\/#breadcrumb\",\"itemListElement\":[{\"@type\":\"ListItem\",\"position\":1,\"name\":\"Portada\",\"item\":\"https:\/\/infoecos.com.ar\/\"},{\"@type\":\"ListItem\",\"position\":2,\"name\":\"\u00abHenderson Canta\u00bb ser\u00e1 el gran festival de esta regi\u00f3n de la provincia de Buenos Aires\"}]},{\"@type\":\"WebSite\",\"@id\":\"https:\/\/infoecos.com.ar\/#website\",\"url\":\"https:\/\/infoecos.com.ar\/\",\"name\":\"Infoecos\",\"description\":\"Noticias de trenque lauquen y la zona\",\"publisher\":{\"@id\":\"https:\/\/infoecos.com.ar\/#organization\"},\"alternateName\":\"Noticias\",\"potentialAction\":[{\"@type\":\"SearchAction\",\"target\":{\"@type\":\"EntryPoint\",\"urlTemplate\":\"https:\/\/infoecos.com.ar\/?s={search_term_string}\"},\"query-input\":{\"@type\":\"PropertyValueSpecification\",\"valueRequired\":true,\"valueName\":\"search_term_string\"}}],\"inLanguage\":\"es\"},{\"@type\":\"Organization\",\"@id\":\"https:\/\/infoecos.com.ar\/#organization\",\"name\":\"Infoecos\",\"alternateName\":\"Noticias\",\"url\":\"https:\/\/infoecos.com.ar\/\",\"logo\":{\"@type\":\"ImageObject\",\"inLanguage\":\"es\",\"@id\":\"https:\/\/infoecos.com.ar\/#\/schema\/logo\/image\/\",\"url\":\"https:\/\/infoecos.com.ar\/wp-content\/uploads\/2024\/03\/cropped-logo.png\",\"contentUrl\":\"https:\/\/infoecos.com.ar\/wp-content\/uploads\/2024\/03\/cropped-logo.png\",\"width\":374,\"height\":90,\"caption\":\"Infoecos\"},\"image\":{\"@id\":\"https:\/\/infoecos.com.ar\/#\/schema\/logo\/image\/\"},\"sameAs\":[\"https:\/\/www.facebook.com\/profile.php?id=100063200290284\",\"https:\/\/x.com\/infoecos\"]},{\"@type\":\"Person\",\"@id\":\"https:\/\/infoecos.com.ar\/#\/schema\/person\/8f5ace5ce73b4b4aac4b7245aee6f191\",\"name\":\"Jorge Matheus\",\"url\":\"https:\/\/infoecos.com.ar\/index.php\/author\/jomatheus\/\"}]}<\/script>\n<!-- \/ Yoast SEO plugin. -->","yoast_head_json":{"title":"\"Henderson Canta\" ser\u00e1 el gran festival de esta regi\u00f3n de la provincia de Buenos Aires - Infoecos","robots":{"index":"index","follow":"follow","max-snippet":"max-snippet:-1","max-image-preview":"max-image-preview:large","max-video-preview":"max-video-preview:-1"},"canonical":"https:\/\/infoecos.com.ar\/index.php\/henderson-canta-sera-el-gran-festival-de-esta-region-de-la-provincia-de-buenos-aires\/","og_locale":"es_ES","og_type":"article","og_title":"\"Henderson Canta\" ser\u00e1 el gran festival de esta regi\u00f3n de la provincia de Buenos Aires - Infoecos","og_description":"Ya est\u00e1 colmada la capacidad hotelera. Entre otros n\u00fameros art\u00edsticos: Los Palmeras, Mora Godoy, Los Nocheros, Ram\u00f3n Ramonda","og_url":"https:\/\/infoecos.com.ar\/index.php\/henderson-canta-sera-el-gran-festival-de-esta-region-de-la-provincia-de-buenos-aires\/","og_site_name":"Infoecos","article_publisher":"https:\/\/www.facebook.com\/profile.php?id=100063200290284","article_published_time":"2023-01-16T15:04:43+00:00","article_modified_time":"2023-01-21T05:33:15+00:00","og_image":[{"width":600,"height":365,"url":"https:\/\/infoecos.com.ar\/wp-content\/uploads\/hendersonen.jpg","type":"image\/jpeg"}],"author":"Jorge Matheus","twitter_card":"summary_large_image","twitter_creator":"@infoecos","twitter_site":"@infoecos","twitter_misc":{"Escrito por":"Jorge Matheus","Tiempo de lectura":"1 minuto"},"schema":{"@context":"https:\/\/schema.org","@graph":[{"@type":"Article","@id":"https:\/\/infoecos.com.ar\/index.php\/henderson-canta-sera-el-gran-festival-de-esta-region-de-la-provincia-de-buenos-aires\/#article","isPartOf":{"@id":"https:\/\/infoecos.com.ar\/index.php\/henderson-canta-sera-el-gran-festival-de-esta-region-de-la-provincia-de-buenos-aires\/"},"author":{"name":"Jorge Matheus","@id":"https:\/\/infoecos.com.ar\/#\/schema\/person\/8f5ace5ce73b4b4aac4b7245aee6f191"},"headline":"\u00abHenderson Canta\u00bb ser\u00e1 el gran festival de esta regi\u00f3n de la provincia de Buenos Aires","datePublished":"2023-01-16T15:04:43+00:00","dateModified":"2023-01-21T05:33:15+00:00","mainEntityOfPage":{"@id":"https:\/\/infoecos.com.ar\/index.php\/henderson-canta-sera-el-gran-festival-de-esta-region-de-la-provincia-de-buenos-aires\/"},"wordCount":185,"publisher":{"@id":"https:\/\/infoecos.com.ar\/#organization"},"image":{"@id":"https:\/\/infoecos.com.ar\/index.php\/henderson-canta-sera-el-gran-festival-de-esta-region-de-la-provincia-de-buenos-aires\/#primaryimage"},"thumbnailUrl":"https:\/\/infoecos.com.ar\/wp-content\/uploads\/hendersonen.jpg","keywords":["DEL 10 AL 13 DE FEBRERO"],"articleSection":["Bloque inferior - 5"],"inLanguage":"es"},{"@type":"WebPage","@id":"https:\/\/infoecos.com.ar\/index.php\/henderson-canta-sera-el-gran-festival-de-esta-region-de-la-provincia-de-buenos-aires\/","url":"https:\/\/infoecos.com.ar\/index.php\/henderson-canta-sera-el-gran-festival-de-esta-region-de-la-provincia-de-buenos-aires\/","name":"\"Henderson Canta\" ser\u00e1 el gran festival de esta regi\u00f3n de la provincia de Buenos Aires - Infoecos","isPartOf":{"@id":"https:\/\/infoecos.com.ar\/#website"},"primaryImageOfPage":{"@id":"https:\/\/infoecos.com.ar\/index.php\/henderson-canta-sera-el-gran-festival-de-esta-region-de-la-provincia-de-buenos-aires\/#primaryimage"},"image":{"@id":"https:\/\/infoecos.com.ar\/index.php\/henderson-canta-sera-el-gran-festival-de-esta-region-de-la-provincia-de-buenos-aires\/#primaryimage"},"thumbnailUrl":"https:\/\/infoecos.com.ar\/wp-content\/uploads\/hendersonen.jpg","datePublished":"2023-01-16T15:04:43+00:00","dateModified":"2023-01-21T05:33:15+00:00","breadcrumb":{"@id":"https:\/\/infoecos.com.ar\/index.php\/henderson-canta-sera-el-gran-festival-de-esta-region-de-la-provincia-de-buenos-aires\/#breadcrumb"},"inLanguage":"es","potentialAction":[{"@type":"ReadAction","target":["https:\/\/infoecos.com.ar\/index.php\/henderson-canta-sera-el-gran-festival-de-esta-region-de-la-provincia-de-buenos-aires\/"]}]},{"@type":"ImageObject","inLanguage":"es","@id":"https:\/\/infoecos.com.ar\/index.php\/henderson-canta-sera-el-gran-festival-de-esta-region-de-la-provincia-de-buenos-aires\/#primaryimage","url":"https:\/\/infoecos.com.ar\/wp-content\/uploads\/hendersonen.jpg","contentUrl":"https:\/\/infoecos.com.ar\/wp-content\/uploads\/hendersonen.jpg","width":600,"height":365},{"@type":"BreadcrumbList","@id":"https:\/\/infoecos.com.ar\/index.php\/henderson-canta-sera-el-gran-festival-de-esta-region-de-la-provincia-de-buenos-aires\/#breadcrumb","itemListElement":[{"@type":"ListItem","position":1,"name":"Portada","item":"https:\/\/infoecos.com.ar\/"},{"@type":"ListItem","position":2,"name":"\u00abHenderson Canta\u00bb ser\u00e1 el gran festival de esta regi\u00f3n de la provincia de Buenos Aires"}]},{"@type":"WebSite","@id":"https:\/\/infoecos.com.ar\/#website","url":"https:\/\/infoecos.com.ar\/","name":"Infoecos","description":"Noticias de trenque lauquen y la zona","publisher":{"@id":"https:\/\/infoecos.com.ar\/#organization"},"alternateName":"Noticias","potentialAction":[{"@type":"SearchAction","target":{"@type":"EntryPoint","urlTemplate":"https:\/\/infoecos.com.ar\/?s={search_term_string}"},"query-input":{"@type":"PropertyValueSpecification","valueRequired":true,"valueName":"search_term_string"}}],"inLanguage":"es"},{"@type":"Organization","@id":"https:\/\/infoecos.com.ar\/#organization","name":"Infoecos","alternateName":"Noticias","url":"https:\/\/infoecos.com.ar\/","logo":{"@type":"ImageObject","inLanguage":"es","@id":"https:\/\/infoecos.com.ar\/#\/schema\/logo\/image\/","url":"https:\/\/infoecos.com.ar\/wp-content\/uploads\/2024\/03\/cropped-logo.png","contentUrl":"https:\/\/infoecos.com.ar\/wp-content\/uploads\/2024\/03\/cropped-logo.png","width":374,"height":90,"caption":"Infoecos"},"image":{"@id":"https:\/\/infoecos.com.ar\/#\/schema\/logo\/image\/"},"sameAs":["https:\/\/www.facebook.com\/profile.php?id=100063200290284","https:\/\/x.com\/infoecos"]},{"@type":"Person","@id":"https:\/\/infoecos.com.ar\/#\/schema\/person\/8f5ace5ce73b4b4aac4b7245aee6f191","name":"Jorge Matheus","url":"https:\/\/infoecos.com.ar\/index.php\/author\/jomatheus\/"}]}},"featured_image_urls":{"full":["https:\/\/infoecos.com.ar\/wp-content\/uploads\/hendersonen.jpg",600,365,false],"thumbnail":["https:\/\/infoecos.com.ar\/wp-content\/uploads\/hendersonen-150x150.jpg",150,150,true],"medium":["https:\/\/infoecos.com.ar\/wp-content\/uploads\/hendersonen-460x280.jpg",460,280,true],"medium_large":["https:\/\/infoecos.com.ar\/wp-content\/uploads\/hendersonen.jpg",600,365,false],"large":["https:\/\/infoecos.com.ar\/wp-content\/uploads\/hendersonen.jpg",600,365,false],"1536x1536":["https:\/\/infoecos.com.ar\/wp-content\/uploads\/hendersonen.jpg",600,365,false],"2048x2048":["https:\/\/infoecos.com.ar\/wp-content\/uploads\/hendersonen.jpg",600,365,false],"covernews-slider-full":["https:\/\/infoecos.com.ar\/wp-content\/uploads\/hendersonen.jpg",600,365,false],"covernews-slider-center":["https:\/\/infoecos.com.ar\/wp-content\/uploads\/hendersonen.jpg",600,365,false],"covernews-featured":["https:\/\/infoecos.com.ar\/wp-content\/uploads\/hendersonen.jpg",600,365,false],"covernews-medium":["https:\/\/infoecos.com.ar\/wp-content\/uploads\/hendersonen.jpg",540,329,false],"covernews-medium-square":["https:\/\/infoecos.com.ar\/wp-content\/uploads\/hendersonen.jpg",400,243,false]},"author_info":{"info":["Jorge Matheus"]},"category_info":"<a href=\"https:\/\/infoecos.com.ar\/index.php\/category\/inferior5\/\" rel=\"category tag\">Bloque inferior - 5<\/a>","tag_info":"Bloque inferior - 5","comment_count":"0","_links":{"self":[{"href":"https:\/\/infoecos.com.ar\/index.php\/wp-json\/wp\/v2\/posts\/100059"}],"collection":[{"href":"https:\/\/infoecos.com.ar\/index.php\/wp-json\/wp\/v2\/posts"}],"about":[{"href":"https:\/\/infoecos.com.ar\/index.php\/wp-json\/wp\/v2\/types\/post"}],"author":[{"embeddable":true,"href":"https:\/\/infoecos.com.ar\/index.php\/wp-json\/wp\/v2\/users\/2"}],"replies":[{"embeddable":true,"href":"https:\/\/infoecos.com.ar\/index.php\/wp-json\/wp\/v2\/comments?post=100059"}],"version-history":[{"count":1,"href":"https:\/\/infoecos.com.ar\/index.php\/wp-json\/wp\/v2\/posts\/100059\/revisions"}],"predecessor-version":[{"id":100061,"href":"https:\/\/infoecos.com.ar\/index.php\/wp-json\/wp\/v2\/posts\/100059\/revisions\/100061"}],"wp:featuredmedia":[{"embeddable":true,"href":"https:\/\/infoecos.com.ar\/index.php\/wp-json\/wp\/v2\/media\/64494"}],"wp:attachment":[{"href":"https:\/\/infoecos.com.ar\/index.php\/wp-json\/wp\/v2\/media?parent=100059"}],"wp:term":[{"taxonomy":"category","embeddable":true,"href":"https:\/\/infoecos.com.ar\/index.php\/wp-json\/wp\/v2\/categories?post=100059"},{"taxonomy":"post_tag","embeddable":true,"href":"https:\/\/infoecos.com.ar\/index.php\/wp-json\/wp\/v2\/tags?post=100059"}],"curies":[{"name":"wp","href":"https:\/\/api.w.org\/{rel}","templated":true}]}}