{"id":100068,"date":"2023-01-16T18:46:41","date_gmt":"2023-01-16T21:46:41","guid":{"rendered":"https:\/\/infoecos.com.ar\/?p=100068"},"modified":"2023-01-20T02:18:30","modified_gmt":"2023-01-20T05:18:30","slug":"se-complica-la-situacion-procesal-de-hector-monaco-oriundo-de-t-lauquen-imputado-por-represor","status":"publish","type":"post","link":"https:\/\/infoecos.com.ar\/index.php\/se-complica-la-situacion-procesal-de-hector-monaco-oriundo-de-t-lauquen-imputado-por-represor\/","title":{"rendered":"Se complica la situaci\u00f3n procesal de H\u00e9ctor M\u00f3naco, oriundo de T.Lauquen, imputado por represor"},"content":{"rendered":"\n<p>La investigaci\u00f3n que lleva adelante el juez federal Daniel Rafecas en la causa Primer Cuerpo de Ej\u00e9rcito permiti\u00f3 \u00abcorroborar\u00bb que el Regimiento de Infanter\u00eda de Patricios \u00abefectivamente hab\u00eda sido un centro clandestino\u00bb durante la dictadura militar y alert\u00f3 a la comunidad de Trenque Lauquen por la imputaci\u00f3n del represor H\u00e9ctor Sergio M\u00f3naco, oriundo de esta ciudad. <\/p>\n\n\n\n<figure class=\"wp-block-image aligncenter size-full\"><img decoding=\"async\" src=\"https:\/\/infoecos.com.ar\/wp-content\/uploads\/14962559_789862644487667_9157505385075221974_n.jpg\" alt=\"\" class=\"wp-image-29940\"\/><\/figure>\n\n\n\n<p>El a\u00f1o pasado, el juzgado pudo avanzar en la causa 14.216\/2003, conocida como Primer Cuerpo de Ej\u00e9rcito, debido a la recopilaci\u00f3n de testimonios brindados por la Secretar\u00eda de Derechos Humanos de la Naci\u00f3n sobre v\u00edctimas que hab\u00edan declarado haber estado secuestradas en esa unidad militar del barrio porte\u00f1o de Palermo durante la \u00faltima dictadura. <\/p>\n\n\n\n<p>En tanto, el 21 de septiembre de 2022 se realiz\u00f3 una prueba ocular con sobrevivientes que reconocieron el predio del Regimiento de Patricios, ubicado en la intersecci\u00f3n de las avenidas Santa Fe y Luis Mar\u00eda Campos, como el sitio de sus cautiverios.&nbsp;\u00abEsa inspecci\u00f3n permiti\u00f3 corroborar que ese lugar efectivamente hab\u00eda sido un centro clandestino\u00bb, afirm\u00f3 en di\u00e1logo con T\u00e9lam el abogado querellante de la causa, Pablo Llonto. <\/p>\n\n\n\n<p>Los represores fueron integrantes de la Plana Mayor del Regimiento de Infanter\u00eda 1 de Patricios, que habr\u00eda ejercido la jefatura de lo que fue el \u00c1rea Geogr\u00e1fica II de la Zona I del Primer Cuerpo de Ej\u00e9rcito. <\/p>\n\n\n\n<p>Todos recibieron prisi\u00f3n domiciliaria, con excepci\u00f3n de Ciruzzi que adujo problemas de salud y la orden sobre \u00e9l no lleg\u00f3 a concretarse. <\/p>\n\n\n\n<p>\u00abEl juez, primero, hizo una recopilaci\u00f3n de los casos para ver qui\u00e9nes estuvieron secuestrados en el Regimiento de Patricios. Y segundo, para ver qui\u00e9nes fueron secuestrados en el \u00e1rea geogr\u00e1fica que ten\u00eda a su cargo el Regimiento\u00bb, cont\u00f3 Llonto. <\/p>\n\n\n\n<p><strong>La hermana de Ricardo e integrante de la Comisi\u00f3n por los Derechos Humanos de Trenque Lauquen, Lidia Frank, afirm\u00f3 en di\u00e1logo con T\u00e9lam que el conocimiento de la detenci\u00f3n de M\u00f3naco \u00abcay\u00f3 como una bomba de agua fr\u00eda\u00bb<\/strong> en esta ciudad y motiv\u00f3 la realizaci\u00f3n de un comunicado para repudiar al represor, ya que tanto \u00e9l como dos de sus v\u00edctimas son nativos del lugar.<\/p>\n\n\n\n<p>Adem\u00e1s, Frank se\u00f1al\u00f3 que conoci\u00f3 a M\u00f3naco en su adolescencia: \u00ab\u00c9ramos amigos, \u00edbamos a su casa. Yo conoc\u00eda al padre y a la madre\u00bb.&nbsp;En tanto, afirm\u00f3 que posteriormente le perdi\u00f3 \u00abel rastro cuando \u00e9l se vino a estudiar al Colegio Militar\u00bb. <\/p>\n\n\n\n<p>A la vez, confi\u00f3 que el imputado tambi\u00e9n conoc\u00eda a su hermano y a \u00abYoyi\u00bb, aunque desconoce el grado de participaci\u00f3n que pudo haber tenido en sus desapariciones.&nbsp;Pr\u00f3ximamente, pedir\u00e1 convertirse en querellante de la causa para, as\u00ed, tener acceso al expediente, que se encuentra bajo secreto de sumario. <\/p>\n\n\n\n<p>\u00abCualquier persona que camina al lado tuyo puede haber sido alguien que haya tenido que ver con la represi\u00f3n que hubo en nuestro pa\u00eds. S\u00e9 por testimonios de sobrevivientes que mi hermano estuvo en la Escuela de Mec\u00e1nica de la Armada (ESMA). Lo que no s\u00e9 es si antes los llevaron al Regimiento de Patricios o si los llevaron directamente a la Escuela de Mec\u00e1nica\u00bb, se\u00f1al\u00f3 Frank. <\/p>\n\n\n\n<p>Consultado por este caso, Llonto aclar\u00f3 que aunque a Ricardo Frank pudieron \u00abhaberlo llevado a la ESMA\u00bb consta en el expediente que su secuestro \u00abfue dado en el lugar que ten\u00eda el manejo el Regimiento de Patricios\u00bb. <\/p>\n\n\n\n<p>\u00abEntonces tuvieron que haber actuado u otorgar zona liberada para que actuara otro grupo de tareas\u00bb, apunt\u00f3.&nbsp;En esa l\u00ednea, el abogado afirm\u00f3 que \u00abtodo indica\u00bb que el Regimiento de Patricios fue \u00abun lugar de cautiverios no extensos\u00bb, pero aclar\u00f3 que tampoco era un sitio de mero \u00abtr\u00e1nsito\u00bb. <\/p>\n\n\n\n<p>Adem\u00e1s, indic\u00f3 que \u00abhay decenas de centros clandestinos que todav\u00eda no han tenido su juicio\u00bb y apunt\u00f3 contra \u00abla lentitud de las causas\u00bb como el principal motivo. <\/p>\n\n\n\n<p>Al respecto, adelant\u00f3 que durante este a\u00f1o junto al resto de abogados de causas de lesa humanidad presentar\u00e1n un proyecto de ley \u00abpara que se aceleren\u00bb esos procesos judiciales. <\/p>\n\n\n\n<p><strong>Fuente: telam.com.ar<\/strong><\/p>\n","protected":false},"excerpt":{"rendered":"<p>En la agencia Telam, donde se publica la informaci\u00f3n que est\u00e1 en nuestro sitio, tambi\u00e9n se reflejan declaraciones de Lidia Frank<\/p>\n","protected":false},"author":2,"featured_media":29940,"comment_status":"closed","ping_status":"open","sticky":false,"template":"","format":"standard","meta":{"footnotes":""},"categories":[43],"tags":[7102],"class_list":["post-100068","post","type-post","status-publish","format-standard","has-post-thumbnail","hentry","category-inferior4","tag-declaraciones-del-abogado-querellante"],"yoast_head":"<!-- This site is optimized with the Yoast SEO plugin v23.4 - https:\/\/yoast.com\/wordpress\/plugins\/seo\/ -->\n<title>Se complica la situaci\u00f3n procesal de H\u00e9ctor M\u00f3naco, oriundo de T.Lauquen, imputado por represor - Infoecos<\/title>\n<meta name=\"robots\" content=\"index, follow, max-snippet:-1, max-image-preview:large, max-video-preview:-1\" \/>\n<link rel=\"canonical\" href=\"https:\/\/infoecos.com.ar\/index.php\/se-complica-la-situacion-procesal-de-hector-monaco-oriundo-de-t-lauquen-imputado-por-represor\/\" \/>\n<meta property=\"og:locale\" content=\"es_ES\" \/>\n<meta property=\"og:type\" content=\"article\" \/>\n<meta property=\"og:title\" content=\"Se complica la situaci\u00f3n procesal de H\u00e9ctor M\u00f3naco, oriundo de T.Lauquen, imputado por represor - Infoecos\" \/>\n<meta property=\"og:description\" content=\"En la agencia Telam, donde se publica la informaci\u00f3n que est\u00e1 en nuestro sitio, tambi\u00e9n se reflejan declaraciones de Lidia Frank\" \/>\n<meta property=\"og:url\" content=\"https:\/\/infoecos.com.ar\/index.php\/se-complica-la-situacion-procesal-de-hector-monaco-oriundo-de-t-lauquen-imputado-por-represor\/\" \/>\n<meta property=\"og:site_name\" content=\"Infoecos\" \/>\n<meta property=\"article:publisher\" content=\"https:\/\/www.facebook.com\/profile.php?id=100063200290284\" \/>\n<meta property=\"article:published_time\" content=\"2023-01-16T21:46:41+00:00\" \/>\n<meta property=\"article:modified_time\" content=\"2023-01-20T05:18:30+00:00\" \/>\n<meta property=\"og:image\" content=\"https:\/\/infoecos.com.ar\/wp-content\/uploads\/14962559_789862644487667_9157505385075221974_n.jpg\" \/>\n\t<meta property=\"og:image:width\" content=\"480\" \/>\n\t<meta property=\"og:image:height\" content=\"325\" \/>\n\t<meta property=\"og:image:type\" content=\"image\/jpeg\" \/>\n<meta name=\"author\" content=\"Jorge Matheus\" \/>\n<meta name=\"twitter:card\" content=\"summary_large_image\" \/>\n<meta name=\"twitter:creator\" content=\"@infoecos\" \/>\n<meta name=\"twitter:site\" content=\"@infoecos\" \/>\n<meta name=\"twitter:label1\" content=\"Escrito por\" \/>\n\t<meta name=\"twitter:data1\" content=\"Jorge Matheus\" \/>\n\t<meta name=\"twitter:label2\" content=\"Tiempo de lectura\" \/>\n\t<meta name=\"twitter:data2\" content=\"4 minutos\" \/>\n<script type=\"application\/ld+json\" class=\"yoast-schema-graph\">{\"@context\":\"https:\/\/schema.org\",\"@graph\":[{\"@type\":\"Article\",\"@id\":\"https:\/\/infoecos.com.ar\/index.php\/se-complica-la-situacion-procesal-de-hector-monaco-oriundo-de-t-lauquen-imputado-por-represor\/#article\",\"isPartOf\":{\"@id\":\"https:\/\/infoecos.com.ar\/index.php\/se-complica-la-situacion-procesal-de-hector-monaco-oriundo-de-t-lauquen-imputado-por-represor\/\"},\"author\":{\"name\":\"Jorge Matheus\",\"@id\":\"https:\/\/infoecos.com.ar\/#\/schema\/person\/8f5ace5ce73b4b4aac4b7245aee6f191\"},\"headline\":\"Se complica la situaci\u00f3n procesal de H\u00e9ctor M\u00f3naco, oriundo de T.Lauquen, imputado por represor\",\"datePublished\":\"2023-01-16T21:46:41+00:00\",\"dateModified\":\"2023-01-20T05:18:30+00:00\",\"mainEntityOfPage\":{\"@id\":\"https:\/\/infoecos.com.ar\/index.php\/se-complica-la-situacion-procesal-de-hector-monaco-oriundo-de-t-lauquen-imputado-por-represor\/\"},\"wordCount\":722,\"publisher\":{\"@id\":\"https:\/\/infoecos.com.ar\/#organization\"},\"image\":{\"@id\":\"https:\/\/infoecos.com.ar\/index.php\/se-complica-la-situacion-procesal-de-hector-monaco-oriundo-de-t-lauquen-imputado-por-represor\/#primaryimage\"},\"thumbnailUrl\":\"\",\"keywords\":[\"Declaraciones del abogado querellante\"],\"articleSection\":[\"Bloque inferior - 4\"],\"inLanguage\":\"es\"},{\"@type\":\"WebPage\",\"@id\":\"https:\/\/infoecos.com.ar\/index.php\/se-complica-la-situacion-procesal-de-hector-monaco-oriundo-de-t-lauquen-imputado-por-represor\/\",\"url\":\"https:\/\/infoecos.com.ar\/index.php\/se-complica-la-situacion-procesal-de-hector-monaco-oriundo-de-t-lauquen-imputado-por-represor\/\",\"name\":\"Se complica la situaci\u00f3n procesal de H\u00e9ctor M\u00f3naco, oriundo de T.Lauquen, imputado por represor - Infoecos\",\"isPartOf\":{\"@id\":\"https:\/\/infoecos.com.ar\/#website\"},\"primaryImageOfPage\":{\"@id\":\"https:\/\/infoecos.com.ar\/index.php\/se-complica-la-situacion-procesal-de-hector-monaco-oriundo-de-t-lauquen-imputado-por-represor\/#primaryimage\"},\"image\":{\"@id\":\"https:\/\/infoecos.com.ar\/index.php\/se-complica-la-situacion-procesal-de-hector-monaco-oriundo-de-t-lauquen-imputado-por-represor\/#primaryimage\"},\"thumbnailUrl\":\"\",\"datePublished\":\"2023-01-16T21:46:41+00:00\",\"dateModified\":\"2023-01-20T05:18:30+00:00\",\"breadcrumb\":{\"@id\":\"https:\/\/infoecos.com.ar\/index.php\/se-complica-la-situacion-procesal-de-hector-monaco-oriundo-de-t-lauquen-imputado-por-represor\/#breadcrumb\"},\"inLanguage\":\"es\",\"potentialAction\":[{\"@type\":\"ReadAction\",\"target\":[\"https:\/\/infoecos.com.ar\/index.php\/se-complica-la-situacion-procesal-de-hector-monaco-oriundo-de-t-lauquen-imputado-por-represor\/\"]}]},{\"@type\":\"ImageObject\",\"inLanguage\":\"es\",\"@id\":\"https:\/\/infoecos.com.ar\/index.php\/se-complica-la-situacion-procesal-de-hector-monaco-oriundo-de-t-lauquen-imputado-por-represor\/#primaryimage\",\"url\":\"\",\"contentUrl\":\"\"},{\"@type\":\"BreadcrumbList\",\"@id\":\"https:\/\/infoecos.com.ar\/index.php\/se-complica-la-situacion-procesal-de-hector-monaco-oriundo-de-t-lauquen-imputado-por-represor\/#breadcrumb\",\"itemListElement\":[{\"@type\":\"ListItem\",\"position\":1,\"name\":\"Portada\",\"item\":\"https:\/\/infoecos.com.ar\/\"},{\"@type\":\"ListItem\",\"position\":2,\"name\":\"Se complica la situaci\u00f3n procesal de H\u00e9ctor M\u00f3naco, oriundo de T.Lauquen, imputado por represor\"}]},{\"@type\":\"WebSite\",\"@id\":\"https:\/\/infoecos.com.ar\/#website\",\"url\":\"https:\/\/infoecos.com.ar\/\",\"name\":\"Infoecos\",\"description\":\"Noticias de trenque lauquen y la zona\",\"publisher\":{\"@id\":\"https:\/\/infoecos.com.ar\/#organization\"},\"alternateName\":\"Noticias\",\"potentialAction\":[{\"@type\":\"SearchAction\",\"target\":{\"@type\":\"EntryPoint\",\"urlTemplate\":\"https:\/\/infoecos.com.ar\/?s={search_term_string}\"},\"query-input\":{\"@type\":\"PropertyValueSpecification\",\"valueRequired\":true,\"valueName\":\"search_term_string\"}}],\"inLanguage\":\"es\"},{\"@type\":\"Organization\",\"@id\":\"https:\/\/infoecos.com.ar\/#organization\",\"name\":\"Infoecos\",\"alternateName\":\"Noticias\",\"url\":\"https:\/\/infoecos.com.ar\/\",\"logo\":{\"@type\":\"ImageObject\",\"inLanguage\":\"es\",\"@id\":\"https:\/\/infoecos.com.ar\/#\/schema\/logo\/image\/\",\"url\":\"https:\/\/infoecos.com.ar\/wp-content\/uploads\/2024\/03\/cropped-logo.png\",\"contentUrl\":\"https:\/\/infoecos.com.ar\/wp-content\/uploads\/2024\/03\/cropped-logo.png\",\"width\":374,\"height\":90,\"caption\":\"Infoecos\"},\"image\":{\"@id\":\"https:\/\/infoecos.com.ar\/#\/schema\/logo\/image\/\"},\"sameAs\":[\"https:\/\/www.facebook.com\/profile.php?id=100063200290284\",\"https:\/\/x.com\/infoecos\"]},{\"@type\":\"Person\",\"@id\":\"https:\/\/infoecos.com.ar\/#\/schema\/person\/8f5ace5ce73b4b4aac4b7245aee6f191\",\"name\":\"Jorge Matheus\",\"url\":\"https:\/\/infoecos.com.ar\/index.php\/author\/jomatheus\/\"}]}<\/script>\n<!-- \/ Yoast SEO plugin. -->","yoast_head_json":{"title":"Se complica la situaci\u00f3n procesal de H\u00e9ctor M\u00f3naco, oriundo de T.Lauquen, imputado por represor - Infoecos","robots":{"index":"index","follow":"follow","max-snippet":"max-snippet:-1","max-image-preview":"max-image-preview:large","max-video-preview":"max-video-preview:-1"},"canonical":"https:\/\/infoecos.com.ar\/index.php\/se-complica-la-situacion-procesal-de-hector-monaco-oriundo-de-t-lauquen-imputado-por-represor\/","og_locale":"es_ES","og_type":"article","og_title":"Se complica la situaci\u00f3n procesal de H\u00e9ctor M\u00f3naco, oriundo de T.Lauquen, imputado por represor - Infoecos","og_description":"En la agencia Telam, donde se publica la informaci\u00f3n que est\u00e1 en nuestro sitio, tambi\u00e9n se reflejan declaraciones de Lidia Frank","og_url":"https:\/\/infoecos.com.ar\/index.php\/se-complica-la-situacion-procesal-de-hector-monaco-oriundo-de-t-lauquen-imputado-por-represor\/","og_site_name":"Infoecos","article_publisher":"https:\/\/www.facebook.com\/profile.php?id=100063200290284","article_published_time":"2023-01-16T21:46:41+00:00","article_modified_time":"2023-01-20T05:18:30+00:00","og_image":[{"width":480,"height":325,"url":"https:\/\/infoecos.com.ar\/wp-content\/uploads\/14962559_789862644487667_9157505385075221974_n.jpg","type":"image\/jpeg"}],"author":"Jorge Matheus","twitter_card":"summary_large_image","twitter_creator":"@infoecos","twitter_site":"@infoecos","twitter_misc":{"Escrito por":"Jorge Matheus","Tiempo de lectura":"4 minutos"},"schema":{"@context":"https:\/\/schema.org","@graph":[{"@type":"Article","@id":"https:\/\/infoecos.com.ar\/index.php\/se-complica-la-situacion-procesal-de-hector-monaco-oriundo-de-t-lauquen-imputado-por-represor\/#article","isPartOf":{"@id":"https:\/\/infoecos.com.ar\/index.php\/se-complica-la-situacion-procesal-de-hector-monaco-oriundo-de-t-lauquen-imputado-por-represor\/"},"author":{"name":"Jorge Matheus","@id":"https:\/\/infoecos.com.ar\/#\/schema\/person\/8f5ace5ce73b4b4aac4b7245aee6f191"},"headline":"Se complica la situaci\u00f3n procesal de H\u00e9ctor M\u00f3naco, oriundo de T.Lauquen, imputado por represor","datePublished":"2023-01-16T21:46:41+00:00","dateModified":"2023-01-20T05:18:30+00:00","mainEntityOfPage":{"@id":"https:\/\/infoecos.com.ar\/index.php\/se-complica-la-situacion-procesal-de-hector-monaco-oriundo-de-t-lauquen-imputado-por-represor\/"},"wordCount":722,"publisher":{"@id":"https:\/\/infoecos.com.ar\/#organization"},"image":{"@id":"https:\/\/infoecos.com.ar\/index.php\/se-complica-la-situacion-procesal-de-hector-monaco-oriundo-de-t-lauquen-imputado-por-represor\/#primaryimage"},"thumbnailUrl":"","keywords":["Declaraciones del abogado querellante"],"articleSection":["Bloque inferior - 4"],"inLanguage":"es"},{"@type":"WebPage","@id":"https:\/\/infoecos.com.ar\/index.php\/se-complica-la-situacion-procesal-de-hector-monaco-oriundo-de-t-lauquen-imputado-por-represor\/","url":"https:\/\/infoecos.com.ar\/index.php\/se-complica-la-situacion-procesal-de-hector-monaco-oriundo-de-t-lauquen-imputado-por-represor\/","name":"Se complica la situaci\u00f3n procesal de H\u00e9ctor M\u00f3naco, oriundo de T.Lauquen, imputado por represor - Infoecos","isPartOf":{"@id":"https:\/\/infoecos.com.ar\/#website"},"primaryImageOfPage":{"@id":"https:\/\/infoecos.com.ar\/index.php\/se-complica-la-situacion-procesal-de-hector-monaco-oriundo-de-t-lauquen-imputado-por-represor\/#primaryimage"},"image":{"@id":"https:\/\/infoecos.com.ar\/index.php\/se-complica-la-situacion-procesal-de-hector-monaco-oriundo-de-t-lauquen-imputado-por-represor\/#primaryimage"},"thumbnailUrl":"","datePublished":"2023-01-16T21:46:41+00:00","dateModified":"2023-01-20T05:18:30+00:00","breadcrumb":{"@id":"https:\/\/infoecos.com.ar\/index.php\/se-complica-la-situacion-procesal-de-hector-monaco-oriundo-de-t-lauquen-imputado-por-represor\/#breadcrumb"},"inLanguage":"es","potentialAction":[{"@type":"ReadAction","target":["https:\/\/infoecos.com.ar\/index.php\/se-complica-la-situacion-procesal-de-hector-monaco-oriundo-de-t-lauquen-imputado-por-represor\/"]}]},{"@type":"ImageObject","inLanguage":"es","@id":"https:\/\/infoecos.com.ar\/index.php\/se-complica-la-situacion-procesal-de-hector-monaco-oriundo-de-t-lauquen-imputado-por-represor\/#primaryimage","url":"","contentUrl":""},{"@type":"BreadcrumbList","@id":"https:\/\/infoecos.com.ar\/index.php\/se-complica-la-situacion-procesal-de-hector-monaco-oriundo-de-t-lauquen-imputado-por-represor\/#breadcrumb","itemListElement":[{"@type":"ListItem","position":1,"name":"Portada","item":"https:\/\/infoecos.com.ar\/"},{"@type":"ListItem","position":2,"name":"Se complica la situaci\u00f3n procesal de H\u00e9ctor M\u00f3naco, oriundo de T.Lauquen, imputado por represor"}]},{"@type":"WebSite","@id":"https:\/\/infoecos.com.ar\/#website","url":"https:\/\/infoecos.com.ar\/","name":"Infoecos","description":"Noticias de trenque lauquen y la zona","publisher":{"@id":"https:\/\/infoecos.com.ar\/#organization"},"alternateName":"Noticias","potentialAction":[{"@type":"SearchAction","target":{"@type":"EntryPoint","urlTemplate":"https:\/\/infoecos.com.ar\/?s={search_term_string}"},"query-input":{"@type":"PropertyValueSpecification","valueRequired":true,"valueName":"search_term_string"}}],"inLanguage":"es"},{"@type":"Organization","@id":"https:\/\/infoecos.com.ar\/#organization","name":"Infoecos","alternateName":"Noticias","url":"https:\/\/infoecos.com.ar\/","logo":{"@type":"ImageObject","inLanguage":"es","@id":"https:\/\/infoecos.com.ar\/#\/schema\/logo\/image\/","url":"https:\/\/infoecos.com.ar\/wp-content\/uploads\/2024\/03\/cropped-logo.png","contentUrl":"https:\/\/infoecos.com.ar\/wp-content\/uploads\/2024\/03\/cropped-logo.png","width":374,"height":90,"caption":"Infoecos"},"image":{"@id":"https:\/\/infoecos.com.ar\/#\/schema\/logo\/image\/"},"sameAs":["https:\/\/www.facebook.com\/profile.php?id=100063200290284","https:\/\/x.com\/infoecos"]},{"@type":"Person","@id":"https:\/\/infoecos.com.ar\/#\/schema\/person\/8f5ace5ce73b4b4aac4b7245aee6f191","name":"Jorge Matheus","url":"https:\/\/infoecos.com.ar\/index.php\/author\/jomatheus\/"}]}},"featured_image_urls":{"full":"","thumbnail":"","medium":"","medium_large":"","large":"","1536x1536":"","2048x2048":"","covernews-slider-full":"","covernews-slider-center":"","covernews-featured":"","covernews-medium":"","covernews-medium-square":""},"author_info":{"info":["Jorge Matheus"]},"category_info":"<a href=\"https:\/\/infoecos.com.ar\/index.php\/category\/inferior4\/\" rel=\"category tag\">Bloque inferior - 4<\/a>","tag_info":"Bloque inferior - 4","comment_count":"0","_links":{"self":[{"href":"https:\/\/infoecos.com.ar\/index.php\/wp-json\/wp\/v2\/posts\/100068"}],"collection":[{"href":"https:\/\/infoecos.com.ar\/index.php\/wp-json\/wp\/v2\/posts"}],"about":[{"href":"https:\/\/infoecos.com.ar\/index.php\/wp-json\/wp\/v2\/types\/post"}],"author":[{"embeddable":true,"href":"https:\/\/infoecos.com.ar\/index.php\/wp-json\/wp\/v2\/users\/2"}],"replies":[{"embeddable":true,"href":"https:\/\/infoecos.com.ar\/index.php\/wp-json\/wp\/v2\/comments?post=100068"}],"version-history":[{"count":3,"href":"https:\/\/infoecos.com.ar\/index.php\/wp-json\/wp\/v2\/posts\/100068\/revisions"}],"predecessor-version":[{"id":100136,"href":"https:\/\/infoecos.com.ar\/index.php\/wp-json\/wp\/v2\/posts\/100068\/revisions\/100136"}],"wp:featuredmedia":[{"embeddable":true,"href":"https:\/\/infoecos.com.ar\/index.php\/wp-json\/"}],"wp:attachment":[{"href":"https:\/\/infoecos.com.ar\/index.php\/wp-json\/wp\/v2\/media?parent=100068"}],"wp:term":[{"taxonomy":"category","embeddable":true,"href":"https:\/\/infoecos.com.ar\/index.php\/wp-json\/wp\/v2\/categories?post=100068"},{"taxonomy":"post_tag","embeddable":true,"href":"https:\/\/infoecos.com.ar\/index.php\/wp-json\/wp\/v2\/tags?post=100068"}],"curies":[{"name":"wp","href":"https:\/\/api.w.org\/{rel}","templated":true}]}}