{"id":100096,"date":"2023-01-18T01:09:08","date_gmt":"2023-01-18T04:09:08","guid":{"rendered":"https:\/\/infoecos.com.ar\/?p=100096"},"modified":"2023-01-19T10:48:18","modified_gmt":"2023-01-19T13:48:18","slug":"el-concejo-deliberante-de-t-lauquen-aprobo-la-solicitud-de-licencia-del-intendente-fernandez","status":"publish","type":"post","link":"https:\/\/infoecos.com.ar\/index.php\/el-concejo-deliberante-de-t-lauquen-aprobo-la-solicitud-de-licencia-del-intendente-fernandez\/","title":{"rendered":"El Concejo Deliberante de T.Lauquen aprob\u00f3 la solicitud de licencia del intendente Fern\u00e1ndez"},"content":{"rendered":"\n<p>El Concejo Deliberante de Trenque Lauquen convalid\u00f3 por unanimidad la solicitud de licencia del intendente municipal, Dr. Miguel Fern\u00e1ndez, para los \u00faltimos d\u00edas de enero. Ser\u00e1 desde el pr\u00f3ximo lunes 23 hasta el martes 31 inclusive.<\/p>\n\n\n\n<figure class=\"wp-block-image aligncenter size-full is-resized\"><img loading=\"lazy\" decoding=\"async\" src=\"https:\/\/infoecos.com.ar\/wp-content\/uploads\/2023\/01\/image-62.png\" alt=\"\" class=\"wp-image-100097\" width=\"568\" height=\"425\" srcset=\"https:\/\/infoecos.com.ar\/wp-content\/uploads\/2023\/01\/image-62.png 1011w, https:\/\/infoecos.com.ar\/wp-content\/uploads\/2023\/01\/image-62-800x600.png 800w, https:\/\/infoecos.com.ar\/wp-content\/uploads\/2023\/01\/image-62-768x576.png 768w\" sizes=\"(max-width: 568px) 100vw, 568px\" \/><\/figure>\n\n\n\n<p>Durante la Sesi\u00f3n, que se extendi\u00f3 por alrededor de 20 minutos se aprobaron tambi\u00e9n por unanimidad los dos proyectos de Ordenanza remitidos por el Departamento Ejecutivo, previstos para su tratamiento.<\/p>\n\n\n\n<figure class=\"wp-block-image aligncenter size-full is-resized\"><img loading=\"lazy\" decoding=\"async\" src=\"https:\/\/infoecos.com.ar\/wp-content\/uploads\/2023\/01\/image-63.png\" alt=\"\" class=\"wp-image-100098\" width=\"535\" height=\"400\" srcset=\"https:\/\/infoecos.com.ar\/wp-content\/uploads\/2023\/01\/image-63.png 1011w, https:\/\/infoecos.com.ar\/wp-content\/uploads\/2023\/01\/image-63-800x600.png 800w, https:\/\/infoecos.com.ar\/wp-content\/uploads\/2023\/01\/image-63-768x576.png 768w\" sizes=\"(max-width: 535px) 100vw, 535px\" \/><\/figure>\n\n\n\n<p>Se trata de un cambio de zonificaci\u00f3n -de Reserva de Ampliaci\u00f3n Urbana a Zona Residencial 3- de dos fracciones de inmuebles, uno ubicado en calle Pte. N\u00e9stor Kirchner, entre prolongaci\u00f3n de calle Dr. Barracchia y prolongaci\u00f3n de calle Melvin Jones; y otro ubicado en calle Pte. N\u00e9stor Kirchner, entre prolongaci\u00f3n de calle Dr. Barracchia y prolongaci\u00f3n de calle Fco. Carabelli, ambos de la Ampliaci\u00f3n Urbana de nuestra ciudad.<\/p>\n\n\n\n<figure class=\"wp-block-image aligncenter size-full is-resized\"><img loading=\"lazy\" decoding=\"async\" src=\"https:\/\/infoecos.com.ar\/wp-content\/uploads\/2023\/01\/image-65.png\" alt=\"\" class=\"wp-image-100100\" width=\"541\" height=\"405\" srcset=\"https:\/\/infoecos.com.ar\/wp-content\/uploads\/2023\/01\/image-65.png 1011w, https:\/\/infoecos.com.ar\/wp-content\/uploads\/2023\/01\/image-65-800x600.png 800w, https:\/\/infoecos.com.ar\/wp-content\/uploads\/2023\/01\/image-65-768x576.png 768w\" sizes=\"(max-width: 541px) 100vw, 541px\" \/><\/figure>\n","protected":false},"excerpt":{"rendered":"<p>Durante la Sesi\u00f3n, que se extendi\u00f3 por alrededor de 20 minutos se aprobaron tambi\u00e9n por unanimidad los dos proyectos de Ordenanza remitidos por el Departamento Ejecutivo, previstos para su tratamiento<\/p>\n","protected":false},"author":2,"featured_media":100100,"comment_status":"closed","ping_status":"open","sticky":false,"template":"","format":"standard","meta":{"footnotes":""},"categories":[1614],"tags":[7112],"class_list":["post-100096","post","type-post","status-publish","format-standard","has-post-thumbnail","hentry","category-c2nota7","tag-se-desconocen-razones-de-la-licencia"],"yoast_head":"<!-- This site is optimized with the Yoast SEO plugin v23.4 - https:\/\/yoast.com\/wordpress\/plugins\/seo\/ -->\n<title>El Concejo Deliberante de T.Lauquen aprob\u00f3 la solicitud de licencia del intendente Fern\u00e1ndez - Infoecos<\/title>\n<meta name=\"robots\" content=\"index, follow, max-snippet:-1, max-image-preview:large, max-video-preview:-1\" \/>\n<link rel=\"canonical\" href=\"https:\/\/infoecos.com.ar\/index.php\/el-concejo-deliberante-de-t-lauquen-aprobo-la-solicitud-de-licencia-del-intendente-fernandez\/\" \/>\n<meta property=\"og:locale\" content=\"es_ES\" \/>\n<meta property=\"og:type\" content=\"article\" \/>\n<meta property=\"og:title\" content=\"El Concejo Deliberante de T.Lauquen aprob\u00f3 la solicitud de licencia del intendente Fern\u00e1ndez - Infoecos\" \/>\n<meta property=\"og:description\" content=\"Durante la Sesi\u00f3n, que se extendi\u00f3 por alrededor de 20 minutos se aprobaron tambi\u00e9n por unanimidad los dos proyectos de Ordenanza remitidos por el Departamento Ejecutivo, previstos para su tratamiento\" \/>\n<meta property=\"og:url\" content=\"https:\/\/infoecos.com.ar\/index.php\/el-concejo-deliberante-de-t-lauquen-aprobo-la-solicitud-de-licencia-del-intendente-fernandez\/\" \/>\n<meta property=\"og:site_name\" content=\"Infoecos\" \/>\n<meta property=\"article:publisher\" content=\"https:\/\/www.facebook.com\/profile.php?id=100063200290284\" \/>\n<meta property=\"article:published_time\" content=\"2023-01-18T04:09:08+00:00\" \/>\n<meta property=\"article:modified_time\" content=\"2023-01-19T13:48:18+00:00\" \/>\n<meta property=\"og:image\" content=\"https:\/\/infoecos.com.ar\/wp-content\/uploads\/2023\/01\/image-65.png\" \/>\n\t<meta property=\"og:image:width\" content=\"1011\" \/>\n\t<meta property=\"og:image:height\" content=\"758\" \/>\n\t<meta property=\"og:image:type\" content=\"image\/png\" \/>\n<meta name=\"author\" content=\"Jorge Matheus\" \/>\n<meta name=\"twitter:card\" content=\"summary_large_image\" \/>\n<meta name=\"twitter:creator\" content=\"@infoecos\" \/>\n<meta name=\"twitter:site\" content=\"@infoecos\" \/>\n<meta name=\"twitter:label1\" content=\"Escrito por\" \/>\n\t<meta name=\"twitter:data1\" content=\"Jorge Matheus\" \/>\n<script type=\"application\/ld+json\" class=\"yoast-schema-graph\">{\"@context\":\"https:\/\/schema.org\",\"@graph\":[{\"@type\":\"Article\",\"@id\":\"https:\/\/infoecos.com.ar\/index.php\/el-concejo-deliberante-de-t-lauquen-aprobo-la-solicitud-de-licencia-del-intendente-fernandez\/#article\",\"isPartOf\":{\"@id\":\"https:\/\/infoecos.com.ar\/index.php\/el-concejo-deliberante-de-t-lauquen-aprobo-la-solicitud-de-licencia-del-intendente-fernandez\/\"},\"author\":{\"name\":\"Jorge Matheus\",\"@id\":\"https:\/\/infoecos.com.ar\/#\/schema\/person\/8f5ace5ce73b4b4aac4b7245aee6f191\"},\"headline\":\"El Concejo Deliberante de T.Lauquen aprob\u00f3 la solicitud de licencia del intendente Fern\u00e1ndez\",\"datePublished\":\"2023-01-18T04:09:08+00:00\",\"dateModified\":\"2023-01-19T13:48:18+00:00\",\"mainEntityOfPage\":{\"@id\":\"https:\/\/infoecos.com.ar\/index.php\/el-concejo-deliberante-de-t-lauquen-aprobo-la-solicitud-de-licencia-del-intendente-fernandez\/\"},\"wordCount\":160,\"publisher\":{\"@id\":\"https:\/\/infoecos.com.ar\/#organization\"},\"image\":{\"@id\":\"https:\/\/infoecos.com.ar\/index.php\/el-concejo-deliberante-de-t-lauquen-aprobo-la-solicitud-de-licencia-del-intendente-fernandez\/#primaryimage\"},\"thumbnailUrl\":\"https:\/\/infoecos.com.ar\/wp-content\/uploads\/2023\/01\/image-65.png\",\"keywords\":[\"SE DESCONOCEN RAZONES DE LA LICENCIA\"],\"articleSection\":[\"C2 N7\"],\"inLanguage\":\"es\"},{\"@type\":\"WebPage\",\"@id\":\"https:\/\/infoecos.com.ar\/index.php\/el-concejo-deliberante-de-t-lauquen-aprobo-la-solicitud-de-licencia-del-intendente-fernandez\/\",\"url\":\"https:\/\/infoecos.com.ar\/index.php\/el-concejo-deliberante-de-t-lauquen-aprobo-la-solicitud-de-licencia-del-intendente-fernandez\/\",\"name\":\"El Concejo Deliberante de T.Lauquen aprob\u00f3 la solicitud de licencia del intendente Fern\u00e1ndez - Infoecos\",\"isPartOf\":{\"@id\":\"https:\/\/infoecos.com.ar\/#website\"},\"primaryImageOfPage\":{\"@id\":\"https:\/\/infoecos.com.ar\/index.php\/el-concejo-deliberante-de-t-lauquen-aprobo-la-solicitud-de-licencia-del-intendente-fernandez\/#primaryimage\"},\"image\":{\"@id\":\"https:\/\/infoecos.com.ar\/index.php\/el-concejo-deliberante-de-t-lauquen-aprobo-la-solicitud-de-licencia-del-intendente-fernandez\/#primaryimage\"},\"thumbnailUrl\":\"https:\/\/infoecos.com.ar\/wp-content\/uploads\/2023\/01\/image-65.png\",\"datePublished\":\"2023-01-18T04:09:08+00:00\",\"dateModified\":\"2023-01-19T13:48:18+00:00\",\"breadcrumb\":{\"@id\":\"https:\/\/infoecos.com.ar\/index.php\/el-concejo-deliberante-de-t-lauquen-aprobo-la-solicitud-de-licencia-del-intendente-fernandez\/#breadcrumb\"},\"inLanguage\":\"es\",\"potentialAction\":[{\"@type\":\"ReadAction\",\"target\":[\"https:\/\/infoecos.com.ar\/index.php\/el-concejo-deliberante-de-t-lauquen-aprobo-la-solicitud-de-licencia-del-intendente-fernandez\/\"]}]},{\"@type\":\"ImageObject\",\"inLanguage\":\"es\",\"@id\":\"https:\/\/infoecos.com.ar\/index.php\/el-concejo-deliberante-de-t-lauquen-aprobo-la-solicitud-de-licencia-del-intendente-fernandez\/#primaryimage\",\"url\":\"https:\/\/infoecos.com.ar\/wp-content\/uploads\/2023\/01\/image-65.png\",\"contentUrl\":\"https:\/\/infoecos.com.ar\/wp-content\/uploads\/2023\/01\/image-65.png\",\"width\":1011,\"height\":758},{\"@type\":\"BreadcrumbList\",\"@id\":\"https:\/\/infoecos.com.ar\/index.php\/el-concejo-deliberante-de-t-lauquen-aprobo-la-solicitud-de-licencia-del-intendente-fernandez\/#breadcrumb\",\"itemListElement\":[{\"@type\":\"ListItem\",\"position\":1,\"name\":\"Portada\",\"item\":\"https:\/\/infoecos.com.ar\/\"},{\"@type\":\"ListItem\",\"position\":2,\"name\":\"El Concejo Deliberante de T.Lauquen aprob\u00f3 la solicitud de licencia del intendente Fern\u00e1ndez\"}]},{\"@type\":\"WebSite\",\"@id\":\"https:\/\/infoecos.com.ar\/#website\",\"url\":\"https:\/\/infoecos.com.ar\/\",\"name\":\"Infoecos\",\"description\":\"Noticias de trenque lauquen y la zona\",\"publisher\":{\"@id\":\"https:\/\/infoecos.com.ar\/#organization\"},\"alternateName\":\"Noticias\",\"potentialAction\":[{\"@type\":\"SearchAction\",\"target\":{\"@type\":\"EntryPoint\",\"urlTemplate\":\"https:\/\/infoecos.com.ar\/?s={search_term_string}\"},\"query-input\":{\"@type\":\"PropertyValueSpecification\",\"valueRequired\":true,\"valueName\":\"search_term_string\"}}],\"inLanguage\":\"es\"},{\"@type\":\"Organization\",\"@id\":\"https:\/\/infoecos.com.ar\/#organization\",\"name\":\"Infoecos\",\"alternateName\":\"Noticias\",\"url\":\"https:\/\/infoecos.com.ar\/\",\"logo\":{\"@type\":\"ImageObject\",\"inLanguage\":\"es\",\"@id\":\"https:\/\/infoecos.com.ar\/#\/schema\/logo\/image\/\",\"url\":\"https:\/\/infoecos.com.ar\/wp-content\/uploads\/2024\/03\/cropped-logo.png\",\"contentUrl\":\"https:\/\/infoecos.com.ar\/wp-content\/uploads\/2024\/03\/cropped-logo.png\",\"width\":374,\"height\":90,\"caption\":\"Infoecos\"},\"image\":{\"@id\":\"https:\/\/infoecos.com.ar\/#\/schema\/logo\/image\/\"},\"sameAs\":[\"https:\/\/www.facebook.com\/profile.php?id=100063200290284\",\"https:\/\/x.com\/infoecos\"]},{\"@type\":\"Person\",\"@id\":\"https:\/\/infoecos.com.ar\/#\/schema\/person\/8f5ace5ce73b4b4aac4b7245aee6f191\",\"name\":\"Jorge Matheus\",\"url\":\"https:\/\/infoecos.com.ar\/index.php\/author\/jomatheus\/\"}]}<\/script>\n<!-- \/ Yoast SEO plugin. -->","yoast_head_json":{"title":"El Concejo Deliberante de T.Lauquen aprob\u00f3 la solicitud de licencia del intendente Fern\u00e1ndez - Infoecos","robots":{"index":"index","follow":"follow","max-snippet":"max-snippet:-1","max-image-preview":"max-image-preview:large","max-video-preview":"max-video-preview:-1"},"canonical":"https:\/\/infoecos.com.ar\/index.php\/el-concejo-deliberante-de-t-lauquen-aprobo-la-solicitud-de-licencia-del-intendente-fernandez\/","og_locale":"es_ES","og_type":"article","og_title":"El Concejo Deliberante de T.Lauquen aprob\u00f3 la solicitud de licencia del intendente Fern\u00e1ndez - Infoecos","og_description":"Durante la Sesi\u00f3n, que se extendi\u00f3 por alrededor de 20 minutos se aprobaron tambi\u00e9n por unanimidad los dos proyectos de Ordenanza remitidos por el Departamento Ejecutivo, previstos para su tratamiento","og_url":"https:\/\/infoecos.com.ar\/index.php\/el-concejo-deliberante-de-t-lauquen-aprobo-la-solicitud-de-licencia-del-intendente-fernandez\/","og_site_name":"Infoecos","article_publisher":"https:\/\/www.facebook.com\/profile.php?id=100063200290284","article_published_time":"2023-01-18T04:09:08+00:00","article_modified_time":"2023-01-19T13:48:18+00:00","og_image":[{"width":1011,"height":758,"url":"https:\/\/infoecos.com.ar\/wp-content\/uploads\/2023\/01\/image-65.png","type":"image\/png"}],"author":"Jorge Matheus","twitter_card":"summary_large_image","twitter_creator":"@infoecos","twitter_site":"@infoecos","twitter_misc":{"Escrito por":"Jorge Matheus"},"schema":{"@context":"https:\/\/schema.org","@graph":[{"@type":"Article","@id":"https:\/\/infoecos.com.ar\/index.php\/el-concejo-deliberante-de-t-lauquen-aprobo-la-solicitud-de-licencia-del-intendente-fernandez\/#article","isPartOf":{"@id":"https:\/\/infoecos.com.ar\/index.php\/el-concejo-deliberante-de-t-lauquen-aprobo-la-solicitud-de-licencia-del-intendente-fernandez\/"},"author":{"name":"Jorge Matheus","@id":"https:\/\/infoecos.com.ar\/#\/schema\/person\/8f5ace5ce73b4b4aac4b7245aee6f191"},"headline":"El Concejo Deliberante de T.Lauquen aprob\u00f3 la solicitud de licencia del intendente Fern\u00e1ndez","datePublished":"2023-01-18T04:09:08+00:00","dateModified":"2023-01-19T13:48:18+00:00","mainEntityOfPage":{"@id":"https:\/\/infoecos.com.ar\/index.php\/el-concejo-deliberante-de-t-lauquen-aprobo-la-solicitud-de-licencia-del-intendente-fernandez\/"},"wordCount":160,"publisher":{"@id":"https:\/\/infoecos.com.ar\/#organization"},"image":{"@id":"https:\/\/infoecos.com.ar\/index.php\/el-concejo-deliberante-de-t-lauquen-aprobo-la-solicitud-de-licencia-del-intendente-fernandez\/#primaryimage"},"thumbnailUrl":"https:\/\/infoecos.com.ar\/wp-content\/uploads\/2023\/01\/image-65.png","keywords":["SE DESCONOCEN RAZONES DE LA LICENCIA"],"articleSection":["C2 N7"],"inLanguage":"es"},{"@type":"WebPage","@id":"https:\/\/infoecos.com.ar\/index.php\/el-concejo-deliberante-de-t-lauquen-aprobo-la-solicitud-de-licencia-del-intendente-fernandez\/","url":"https:\/\/infoecos.com.ar\/index.php\/el-concejo-deliberante-de-t-lauquen-aprobo-la-solicitud-de-licencia-del-intendente-fernandez\/","name":"El Concejo Deliberante de T.Lauquen aprob\u00f3 la solicitud de licencia del intendente Fern\u00e1ndez - Infoecos","isPartOf":{"@id":"https:\/\/infoecos.com.ar\/#website"},"primaryImageOfPage":{"@id":"https:\/\/infoecos.com.ar\/index.php\/el-concejo-deliberante-de-t-lauquen-aprobo-la-solicitud-de-licencia-del-intendente-fernandez\/#primaryimage"},"image":{"@id":"https:\/\/infoecos.com.ar\/index.php\/el-concejo-deliberante-de-t-lauquen-aprobo-la-solicitud-de-licencia-del-intendente-fernandez\/#primaryimage"},"thumbnailUrl":"https:\/\/infoecos.com.ar\/wp-content\/uploads\/2023\/01\/image-65.png","datePublished":"2023-01-18T04:09:08+00:00","dateModified":"2023-01-19T13:48:18+00:00","breadcrumb":{"@id":"https:\/\/infoecos.com.ar\/index.php\/el-concejo-deliberante-de-t-lauquen-aprobo-la-solicitud-de-licencia-del-intendente-fernandez\/#breadcrumb"},"inLanguage":"es","potentialAction":[{"@type":"ReadAction","target":["https:\/\/infoecos.com.ar\/index.php\/el-concejo-deliberante-de-t-lauquen-aprobo-la-solicitud-de-licencia-del-intendente-fernandez\/"]}]},{"@type":"ImageObject","inLanguage":"es","@id":"https:\/\/infoecos.com.ar\/index.php\/el-concejo-deliberante-de-t-lauquen-aprobo-la-solicitud-de-licencia-del-intendente-fernandez\/#primaryimage","url":"https:\/\/infoecos.com.ar\/wp-content\/uploads\/2023\/01\/image-65.png","contentUrl":"https:\/\/infoecos.com.ar\/wp-content\/uploads\/2023\/01\/image-65.png","width":1011,"height":758},{"@type":"BreadcrumbList","@id":"https:\/\/infoecos.com.ar\/index.php\/el-concejo-deliberante-de-t-lauquen-aprobo-la-solicitud-de-licencia-del-intendente-fernandez\/#breadcrumb","itemListElement":[{"@type":"ListItem","position":1,"name":"Portada","item":"https:\/\/infoecos.com.ar\/"},{"@type":"ListItem","position":2,"name":"El Concejo Deliberante de T.Lauquen aprob\u00f3 la solicitud de licencia del intendente Fern\u00e1ndez"}]},{"@type":"WebSite","@id":"https:\/\/infoecos.com.ar\/#website","url":"https:\/\/infoecos.com.ar\/","name":"Infoecos","description":"Noticias de trenque lauquen y la zona","publisher":{"@id":"https:\/\/infoecos.com.ar\/#organization"},"alternateName":"Noticias","potentialAction":[{"@type":"SearchAction","target":{"@type":"EntryPoint","urlTemplate":"https:\/\/infoecos.com.ar\/?s={search_term_string}"},"query-input":{"@type":"PropertyValueSpecification","valueRequired":true,"valueName":"search_term_string"}}],"inLanguage":"es"},{"@type":"Organization","@id":"https:\/\/infoecos.com.ar\/#organization","name":"Infoecos","alternateName":"Noticias","url":"https:\/\/infoecos.com.ar\/","logo":{"@type":"ImageObject","inLanguage":"es","@id":"https:\/\/infoecos.com.ar\/#\/schema\/logo\/image\/","url":"https:\/\/infoecos.com.ar\/wp-content\/uploads\/2024\/03\/cropped-logo.png","contentUrl":"https:\/\/infoecos.com.ar\/wp-content\/uploads\/2024\/03\/cropped-logo.png","width":374,"height":90,"caption":"Infoecos"},"image":{"@id":"https:\/\/infoecos.com.ar\/#\/schema\/logo\/image\/"},"sameAs":["https:\/\/www.facebook.com\/profile.php?id=100063200290284","https:\/\/x.com\/infoecos"]},{"@type":"Person","@id":"https:\/\/infoecos.com.ar\/#\/schema\/person\/8f5ace5ce73b4b4aac4b7245aee6f191","name":"Jorge Matheus","url":"https:\/\/infoecos.com.ar\/index.php\/author\/jomatheus\/"}]}},"featured_image_urls":{"full":["https:\/\/infoecos.com.ar\/wp-content\/uploads\/2023\/01\/image-65.png",1011,758,false],"thumbnail":["https:\/\/infoecos.com.ar\/wp-content\/uploads\/2023\/01\/image-65-300x150.png",300,150,true],"medium":["https:\/\/infoecos.com.ar\/wp-content\/uploads\/2023\/01\/image-65-800x600.png",800,600,true],"medium_large":["https:\/\/infoecos.com.ar\/wp-content\/uploads\/2023\/01\/image-65-768x576.png",640,480,true],"large":["https:\/\/infoecos.com.ar\/wp-content\/uploads\/2023\/01\/image-65.png",640,480,false],"1536x1536":["https:\/\/infoecos.com.ar\/wp-content\/uploads\/2023\/01\/image-65.png",1011,758,false],"2048x2048":["https:\/\/infoecos.com.ar\/wp-content\/uploads\/2023\/01\/image-65.png",1011,758,false],"covernews-slider-full":["https:\/\/infoecos.com.ar\/wp-content\/uploads\/2023\/01\/image-65.png",954,715,false],"covernews-slider-center":["https:\/\/infoecos.com.ar\/wp-content\/uploads\/2023\/01\/image-65-936x758.png",617,500,true],"covernews-featured":["https:\/\/infoecos.com.ar\/wp-content\/uploads\/2023\/01\/image-65.png",1011,758,false],"covernews-medium":["https:\/\/infoecos.com.ar\/wp-content\/uploads\/2023\/01\/image-65-720x380.png",540,285,true],"covernews-medium-square":["https:\/\/infoecos.com.ar\/wp-content\/uploads\/2023\/01\/image-65-675x450.png",375,250,true]},"author_info":{"info":["Jorge Matheus"]},"category_info":"<a href=\"https:\/\/infoecos.com.ar\/index.php\/category\/c2nota7\/\" rel=\"category tag\">C2 N7<\/a>","tag_info":"C2 N7","comment_count":"0","_links":{"self":[{"href":"https:\/\/infoecos.com.ar\/index.php\/wp-json\/wp\/v2\/posts\/100096"}],"collection":[{"href":"https:\/\/infoecos.com.ar\/index.php\/wp-json\/wp\/v2\/posts"}],"about":[{"href":"https:\/\/infoecos.com.ar\/index.php\/wp-json\/wp\/v2\/types\/post"}],"author":[{"embeddable":true,"href":"https:\/\/infoecos.com.ar\/index.php\/wp-json\/wp\/v2\/users\/2"}],"replies":[{"embeddable":true,"href":"https:\/\/infoecos.com.ar\/index.php\/wp-json\/wp\/v2\/comments?post=100096"}],"version-history":[{"count":1,"href":"https:\/\/infoecos.com.ar\/index.php\/wp-json\/wp\/v2\/posts\/100096\/revisions"}],"predecessor-version":[{"id":100101,"href":"https:\/\/infoecos.com.ar\/index.php\/wp-json\/wp\/v2\/posts\/100096\/revisions\/100101"}],"wp:featuredmedia":[{"embeddable":true,"href":"https:\/\/infoecos.com.ar\/index.php\/wp-json\/wp\/v2\/media\/100100"}],"wp:attachment":[{"href":"https:\/\/infoecos.com.ar\/index.php\/wp-json\/wp\/v2\/media?parent=100096"}],"wp:term":[{"taxonomy":"category","embeddable":true,"href":"https:\/\/infoecos.com.ar\/index.php\/wp-json\/wp\/v2\/categories?post=100096"},{"taxonomy":"post_tag","embeddable":true,"href":"https:\/\/infoecos.com.ar\/index.php\/wp-json\/wp\/v2\/tags?post=100096"}],"curies":[{"name":"wp","href":"https:\/\/api.w.org\/{rel}","templated":true}]}}