{"id":100154,"date":"2023-01-19T01:15:14","date_gmt":"2023-01-19T04:15:14","guid":{"rendered":"https:\/\/infoecos.com.ar\/?p=100154"},"modified":"2023-01-21T02:34:55","modified_gmt":"2023-01-21T05:34:55","slug":"maggiotti-35-mil-de-150-mil-viviendas-se-construyen-en-la-provincia-de-buenos-aires","status":"publish","type":"post","link":"https:\/\/infoecos.com.ar\/index.php\/maggiotti-35-mil-de-150-mil-viviendas-se-construyen-en-la-provincia-de-buenos-aires\/","title":{"rendered":"Maggiotti: \u00ab35 mil de 150 mil viviendas se construyen en la provincia de Buenos Aires\u201d"},"content":{"rendered":"\n<p><strong><em>\u201cHoy es un d\u00eda en el que ustedes (los adjudicatarios\/as) est\u00e1n contentos y nosotros tambi\u00e9n lo estamos, yo soy intendente de Navarro desde el a\u00f1o 2011, ahora de licencia porque estoy en el ministerio, y la entrega de casas es uno de los actos m\u00e1s emotivos que tiene un intendente, ustedes no se lo van a olvidar nunca y nosotros tampoco, y la emoci\u00f3n que ustedes nos transmiten nos compromete mucho m\u00e1s\u201d<\/em><\/strong>, enfatiz\u00f3 el ministro de H\u00e1bitat y Desarrollo Urbano de la Naci\u00f3n, Santiago Maggiotti, en el acto de entrega de las 56 viviendas cumplido este mi\u00e9rcoles en Trenque Lauquen.<\/p>\n\n\n\n<figure class=\"wp-block-image aligncenter size-full is-resized\"><img loading=\"lazy\" decoding=\"async\" src=\"https:\/\/infoecos.com.ar\/wp-content\/uploads\/2023\/01\/image-74.png\" alt=\"\" class=\"wp-image-100155\" width=\"510\" height=\"340\" srcset=\"https:\/\/infoecos.com.ar\/wp-content\/uploads\/2023\/01\/image-74.png 1245w, https:\/\/infoecos.com.ar\/wp-content\/uploads\/2023\/01\/image-74-800x533.png 800w, https:\/\/infoecos.com.ar\/wp-content\/uploads\/2023\/01\/image-74-768x512.png 768w, https:\/\/infoecos.com.ar\/wp-content\/uploads\/2023\/01\/image-74-1024x683.png 1024w, https:\/\/infoecos.com.ar\/wp-content\/uploads\/2023\/01\/image-74-675x450.png 675w\" sizes=\"(max-width: 510px) 100vw, 510px\" \/><figcaption class=\"wp-element-caption\">T.Lauquen: Maggiotti en la entrega de viviendas<\/figcaption><\/figure>\n\n\n\n<p><strong><em>\u201cHoy son 56 familias que se suman a las casi 80 mil familias del pa\u00eds a las que ya les hemos entregado una vivienda, y las 35 mil viviendas que se est\u00e1n construyendo en la provincia de Buenos Aires son parte de las casi 150.000 que se est\u00e1n construyendo en el pa\u00eds\u201d<\/em><\/strong>, dijo Maggiotti , para agregar que <strong><em>\u201cla Argentina es siempre la misma, la provincia es siempre la misma y tambi\u00e9n el municipio, lo que cambian son las decisiones pol\u00edticas que toman qui\u00e9nes gobiernan Naci\u00f3n, la Provincia y el Municipio\u201d<\/em><\/strong>.<\/p>\n\n\n\n<figure class=\"wp-block-image aligncenter size-full is-resized\"><img loading=\"lazy\" decoding=\"async\" src=\"https:\/\/infoecos.com.ar\/wp-content\/uploads\/2023\/01\/image-75.png\" alt=\"\" class=\"wp-image-100156\" width=\"497\" height=\"331\" srcset=\"https:\/\/infoecos.com.ar\/wp-content\/uploads\/2023\/01\/image-75.png 1245w, https:\/\/infoecos.com.ar\/wp-content\/uploads\/2023\/01\/image-75-800x533.png 800w, https:\/\/infoecos.com.ar\/wp-content\/uploads\/2023\/01\/image-75-768x512.png 768w, https:\/\/infoecos.com.ar\/wp-content\/uploads\/2023\/01\/image-75-1024x683.png 1024w, https:\/\/infoecos.com.ar\/wp-content\/uploads\/2023\/01\/image-75-675x450.png 675w\" sizes=\"(max-width: 497px) 100vw, 497px\" \/><figcaption class=\"wp-element-caption\">T.Lauquen: Maggiotti en la entrega de viviendas<\/figcaption><\/figure>\n\n\n\n<p><strong><em>\u201cHay momentos en la Argentina en los que se construyen viviendas y hay momentos en los que no, y esto tiene que ver con a d\u00f3nde destinan los fondos quienes gobiernan\u201d<\/em><\/strong>, se\u00f1al\u00f3 Maggioti, para agregar que <strong><em>\u201ccon los primos segundos que somos con el Intendente y su ideolog\u00eda pol\u00edtica, pensamos parecido en algunas cosas y por eso pudimos articular con el Municipio, aunque sea de otro signo pol\u00edtico, porque hay vecinos\/as que tienen una necesidad de vivienda y lo dec\u00edan Juan y Ricardo (sacerdote y pastor) que estas casas se van a transformar en un hogar, y esto es lo importante\u201d<\/em><\/strong>.<\/p>\n\n\n\n<figure class=\"wp-block-image aligncenter size-full is-resized\"><img loading=\"lazy\" decoding=\"async\" src=\"https:\/\/infoecos.com.ar\/wp-content\/uploads\/2023\/01\/image-76.png\" alt=\"\" class=\"wp-image-100157\" width=\"497\" height=\"332\" srcset=\"https:\/\/infoecos.com.ar\/wp-content\/uploads\/2023\/01\/image-76.png 1245w, https:\/\/infoecos.com.ar\/wp-content\/uploads\/2023\/01\/image-76-800x533.png 800w, https:\/\/infoecos.com.ar\/wp-content\/uploads\/2023\/01\/image-76-768x512.png 768w, https:\/\/infoecos.com.ar\/wp-content\/uploads\/2023\/01\/image-76-1024x683.png 1024w, https:\/\/infoecos.com.ar\/wp-content\/uploads\/2023\/01\/image-76-675x450.png 675w\" sizes=\"(max-width: 497px) 100vw, 497px\" \/><figcaption class=\"wp-element-caption\">T.Lauquen: Maggiotti en la entrega de viviendas<\/figcaption><\/figure>\n\n\n\n<p>Adem\u00e1s, agradeci\u00f3 a los vecinos\/as <strong>\u201cpor la paciencia\u201d<\/strong> y sostuvo que <strong><em>\u201cpara poder seguir construyendo viviendas tenemos que seguir teniendo una pol\u00edtica p\u00fablica de vivienda que contin\u00fae en el tiempo porque son muchos los vecinos\/as de todo el pa\u00eds que necesitan una vivienda\u201d<\/em><\/strong>.<\/p>\n\n\n\n<figure class=\"wp-block-image aligncenter size-full is-resized\"><img loading=\"lazy\" decoding=\"async\" src=\"https:\/\/infoecos.com.ar\/wp-content\/uploads\/2023\/01\/image-77.png\" alt=\"\" class=\"wp-image-100158\" width=\"512\" height=\"342\" srcset=\"https:\/\/infoecos.com.ar\/wp-content\/uploads\/2023\/01\/image-77.png 1245w, https:\/\/infoecos.com.ar\/wp-content\/uploads\/2023\/01\/image-77-800x533.png 800w, https:\/\/infoecos.com.ar\/wp-content\/uploads\/2023\/01\/image-77-768x512.png 768w, https:\/\/infoecos.com.ar\/wp-content\/uploads\/2023\/01\/image-77-1024x683.png 1024w, https:\/\/infoecos.com.ar\/wp-content\/uploads\/2023\/01\/image-77-675x450.png 675w\" sizes=\"(max-width: 512px) 100vw, 512px\" \/><figcaption class=\"wp-element-caption\">T.Lauquen: Maggiotti en la entrega de viviendas<\/figcaption><\/figure>\n\n\n\n<p>Al respecto se\u00f1al\u00f3 que<strong><em> \u201cnosotros creemos que con el ritmo de construcci\u00f3n que tenemos hoy vamos a demorar entre 15 y 20 a\u00f1os, si solamente construye el Estado, en dar respuesta a la necesidad de vivienda que hay hoy, por eso como trabaja Trenque Lauquen en la tierra hoy estamos trabajando en toda la Argentina y ya hay siete (7) provincias que tienen su Ley de Desarrollo Territorial para planificar el suelo y tenemos que tener disponibles 100 mil lotes con servicios por a\u00f1o para poder construir 100 mil viviendas por a\u00f1o en toda la Argentina\u201d<\/em><\/strong>.<\/p>\n\n\n\n<figure class=\"wp-block-image aligncenter size-full is-resized\"><img loading=\"lazy\" decoding=\"async\" src=\"https:\/\/infoecos.com.ar\/wp-content\/uploads\/2023\/01\/image-78.png\" alt=\"\" class=\"wp-image-100159\" width=\"509\" height=\"340\" srcset=\"https:\/\/infoecos.com.ar\/wp-content\/uploads\/2023\/01\/image-78.png 1245w, https:\/\/infoecos.com.ar\/wp-content\/uploads\/2023\/01\/image-78-800x533.png 800w, https:\/\/infoecos.com.ar\/wp-content\/uploads\/2023\/01\/image-78-768x512.png 768w, https:\/\/infoecos.com.ar\/wp-content\/uploads\/2023\/01\/image-78-1024x683.png 1024w, https:\/\/infoecos.com.ar\/wp-content\/uploads\/2023\/01\/image-78-675x450.png 675w\" sizes=\"(max-width: 509px) 100vw, 509px\" \/><figcaption class=\"wp-element-caption\">T.Lauquen: Maggiotti en la entrega de viviendas<\/figcaption><\/figure>\n\n\n\n<p>Maggioti tambi\u00e9n reflexion\u00f3 sobre la importancia que tiene este hecho para muchas familias que van a dejar de alquilar y en este sentido consider\u00f3 que <strong><em>\u201cel compromiso de pagar el techo propio nos va a permitir seguir construyendo viviendas, por eso es importante, porque el pago de esas cuotas va a permitir que otros\/as tambi\u00e9n puedan tener su casa\u201d<\/em><\/strong>.<\/p>\n\n\n\n<figure class=\"wp-block-image aligncenter size-full is-resized\"><img loading=\"lazy\" decoding=\"async\" src=\"https:\/\/infoecos.com.ar\/wp-content\/uploads\/2023\/01\/image-79.png\" alt=\"\" class=\"wp-image-100160\" width=\"493\" height=\"330\" srcset=\"https:\/\/infoecos.com.ar\/wp-content\/uploads\/2023\/01\/image-79.png 1245w, https:\/\/infoecos.com.ar\/wp-content\/uploads\/2023\/01\/image-79-768x512.png 768w, https:\/\/infoecos.com.ar\/wp-content\/uploads\/2023\/01\/image-79-1024x683.png 1024w, https:\/\/infoecos.com.ar\/wp-content\/uploads\/2023\/01\/image-79-675x450.png 675w\" sizes=\"(max-width: 493px) 100vw, 493px\" \/><figcaption class=\"wp-element-caption\">T.Lauquen: Maggiotti en la entrega de viviendas<\/figcaption><\/figure>\n\n\n\n<p>Haciendo referencia a un comentario que le realiz\u00f3 Eugenia, una flamante adjudicataria, quien se mostr\u00f3 feliz porque podr\u00e1 dejarle un techo a sus hijos\/as, Maggioti propuso pensar en<strong><em> \u201cdejarles un pa\u00eds, donde el d\u00eda de ma\u00f1ana puedan cumplir el sue\u00f1o que sus padres est\u00e1n cumpliendo hoy, donde haya un Estado presente, que construya viviendas, que de respuesta y que piense que los ciudadanos tienen que ser todos de primera\u201d<\/em><\/strong>. En este sentido destac\u00f3 la calidad de estas viviendas que se entregaron hoy en Trenque Lauquen y dijo que <strong><em>\u201clos argentinos somos todos iguales y todos tenemos que tener las mismas posibilidades\u201d.<\/em><\/strong><\/p>\n\n\n\n<figure class=\"wp-block-image aligncenter size-full is-resized\"><img loading=\"lazy\" decoding=\"async\" src=\"https:\/\/infoecos.com.ar\/wp-content\/uploads\/2023\/01\/image-80.png\" alt=\"\" class=\"wp-image-100161\" width=\"526\" height=\"351\" srcset=\"https:\/\/infoecos.com.ar\/wp-content\/uploads\/2023\/01\/image-80.png 1245w, https:\/\/infoecos.com.ar\/wp-content\/uploads\/2023\/01\/image-80-800x533.png 800w, https:\/\/infoecos.com.ar\/wp-content\/uploads\/2023\/01\/image-80-768x512.png 768w, https:\/\/infoecos.com.ar\/wp-content\/uploads\/2023\/01\/image-80-1024x683.png 1024w, https:\/\/infoecos.com.ar\/wp-content\/uploads\/2023\/01\/image-80-675x450.png 675w\" sizes=\"(max-width: 526px) 100vw, 526px\" \/><figcaption class=\"wp-element-caption\">T.Lauquen: Maggiotti en la entrega de viviendas<\/figcaption><\/figure>\n\n\n\n<p><strong><mark style=\"background-color:rgba(0, 0, 0, 0)\" class=\"has-inline-color has-vivid-red-color\">Material period\u00edstico proporcionado por la DIRECCI\u00d3N DE PRENSA DEL MUNICIPIO DE TRENQUE LAUQUEN<\/mark><\/strong><\/p>\n","protected":false},"excerpt":{"rendered":"<p>El ministro de H\u00e1bitat y Desarrollo Urbano de la Naci\u00f3n, Santiago Maggiotti, en el acto de entrega de las 56 viviendas cumplido este mi\u00e9rcoles en Trenque Lauquen<\/p>\n","protected":false},"author":2,"featured_media":100161,"comment_status":"closed","ping_status":"open","sticky":false,"template":"","format":"standard","meta":{"footnotes":""},"categories":[1334],"tags":[7119],"class_list":["post-100154","post","type-post","status-publish","format-standard","has-post-thumbnail","hentry","category-inferior14","tag-ayer-en-t-lauquen"],"yoast_head":"<!-- This site is optimized with the Yoast SEO plugin v23.4 - https:\/\/yoast.com\/wordpress\/plugins\/seo\/ -->\n<title>Maggiotti: &quot;35 mil de 150 mil viviendas se construyen en la provincia de Buenos Aires\u201d - Infoecos<\/title>\n<meta name=\"robots\" content=\"index, follow, max-snippet:-1, max-image-preview:large, max-video-preview:-1\" \/>\n<link rel=\"canonical\" href=\"https:\/\/infoecos.com.ar\/index.php\/maggiotti-35-mil-de-150-mil-viviendas-se-construyen-en-la-provincia-de-buenos-aires\/\" \/>\n<meta property=\"og:locale\" content=\"es_ES\" \/>\n<meta property=\"og:type\" content=\"article\" \/>\n<meta property=\"og:title\" content=\"Maggiotti: &quot;35 mil de 150 mil viviendas se construyen en la provincia de Buenos Aires\u201d - Infoecos\" \/>\n<meta property=\"og:description\" content=\"El ministro de H\u00e1bitat y Desarrollo Urbano de la Naci\u00f3n, Santiago Maggiotti, en el acto de entrega de las 56 viviendas cumplido este mi\u00e9rcoles en Trenque Lauquen\" \/>\n<meta property=\"og:url\" content=\"https:\/\/infoecos.com.ar\/index.php\/maggiotti-35-mil-de-150-mil-viviendas-se-construyen-en-la-provincia-de-buenos-aires\/\" \/>\n<meta property=\"og:site_name\" content=\"Infoecos\" \/>\n<meta property=\"article:publisher\" content=\"https:\/\/www.facebook.com\/profile.php?id=100063200290284\" \/>\n<meta property=\"article:published_time\" content=\"2023-01-19T04:15:14+00:00\" \/>\n<meta property=\"article:modified_time\" content=\"2023-01-21T05:34:55+00:00\" \/>\n<meta property=\"og:image\" content=\"https:\/\/infoecos.com.ar\/wp-content\/uploads\/2023\/01\/image-80.png\" \/>\n\t<meta property=\"og:image:width\" content=\"1245\" \/>\n\t<meta property=\"og:image:height\" content=\"830\" \/>\n\t<meta property=\"og:image:type\" content=\"image\/png\" \/>\n<meta name=\"author\" content=\"Jorge Matheus\" \/>\n<meta name=\"twitter:card\" content=\"summary_large_image\" \/>\n<meta name=\"twitter:creator\" content=\"@infoecos\" \/>\n<meta name=\"twitter:site\" content=\"@infoecos\" \/>\n<meta name=\"twitter:label1\" content=\"Escrito por\" \/>\n\t<meta name=\"twitter:data1\" content=\"Jorge Matheus\" \/>\n\t<meta name=\"twitter:label2\" content=\"Tiempo de lectura\" \/>\n\t<meta name=\"twitter:data2\" content=\"5 minutos\" \/>\n<script type=\"application\/ld+json\" class=\"yoast-schema-graph\">{\"@context\":\"https:\/\/schema.org\",\"@graph\":[{\"@type\":\"Article\",\"@id\":\"https:\/\/infoecos.com.ar\/index.php\/maggiotti-35-mil-de-150-mil-viviendas-se-construyen-en-la-provincia-de-buenos-aires\/#article\",\"isPartOf\":{\"@id\":\"https:\/\/infoecos.com.ar\/index.php\/maggiotti-35-mil-de-150-mil-viviendas-se-construyen-en-la-provincia-de-buenos-aires\/\"},\"author\":{\"name\":\"Jorge Matheus\",\"@id\":\"https:\/\/infoecos.com.ar\/#\/schema\/person\/8f5ace5ce73b4b4aac4b7245aee6f191\"},\"headline\":\"Maggiotti: \u00ab35 mil de 150 mil viviendas se construyen en la provincia de Buenos Aires\u201d\",\"datePublished\":\"2023-01-19T04:15:14+00:00\",\"dateModified\":\"2023-01-21T05:34:55+00:00\",\"mainEntityOfPage\":{\"@id\":\"https:\/\/infoecos.com.ar\/index.php\/maggiotti-35-mil-de-150-mil-viviendas-se-construyen-en-la-provincia-de-buenos-aires\/\"},\"wordCount\":710,\"publisher\":{\"@id\":\"https:\/\/infoecos.com.ar\/#organization\"},\"image\":{\"@id\":\"https:\/\/infoecos.com.ar\/index.php\/maggiotti-35-mil-de-150-mil-viviendas-se-construyen-en-la-provincia-de-buenos-aires\/#primaryimage\"},\"thumbnailUrl\":\"https:\/\/infoecos.com.ar\/wp-content\/uploads\/2023\/01\/image-80.png\",\"keywords\":[\"AYER EN T.LAUQUEN\"],\"articleSection\":[\"Bloque inferior - 14\"],\"inLanguage\":\"es\"},{\"@type\":\"WebPage\",\"@id\":\"https:\/\/infoecos.com.ar\/index.php\/maggiotti-35-mil-de-150-mil-viviendas-se-construyen-en-la-provincia-de-buenos-aires\/\",\"url\":\"https:\/\/infoecos.com.ar\/index.php\/maggiotti-35-mil-de-150-mil-viviendas-se-construyen-en-la-provincia-de-buenos-aires\/\",\"name\":\"Maggiotti: \\\"35 mil de 150 mil viviendas se construyen en la provincia de Buenos Aires\u201d - Infoecos\",\"isPartOf\":{\"@id\":\"https:\/\/infoecos.com.ar\/#website\"},\"primaryImageOfPage\":{\"@id\":\"https:\/\/infoecos.com.ar\/index.php\/maggiotti-35-mil-de-150-mil-viviendas-se-construyen-en-la-provincia-de-buenos-aires\/#primaryimage\"},\"image\":{\"@id\":\"https:\/\/infoecos.com.ar\/index.php\/maggiotti-35-mil-de-150-mil-viviendas-se-construyen-en-la-provincia-de-buenos-aires\/#primaryimage\"},\"thumbnailUrl\":\"https:\/\/infoecos.com.ar\/wp-content\/uploads\/2023\/01\/image-80.png\",\"datePublished\":\"2023-01-19T04:15:14+00:00\",\"dateModified\":\"2023-01-21T05:34:55+00:00\",\"breadcrumb\":{\"@id\":\"https:\/\/infoecos.com.ar\/index.php\/maggiotti-35-mil-de-150-mil-viviendas-se-construyen-en-la-provincia-de-buenos-aires\/#breadcrumb\"},\"inLanguage\":\"es\",\"potentialAction\":[{\"@type\":\"ReadAction\",\"target\":[\"https:\/\/infoecos.com.ar\/index.php\/maggiotti-35-mil-de-150-mil-viviendas-se-construyen-en-la-provincia-de-buenos-aires\/\"]}]},{\"@type\":\"ImageObject\",\"inLanguage\":\"es\",\"@id\":\"https:\/\/infoecos.com.ar\/index.php\/maggiotti-35-mil-de-150-mil-viviendas-se-construyen-en-la-provincia-de-buenos-aires\/#primaryimage\",\"url\":\"https:\/\/infoecos.com.ar\/wp-content\/uploads\/2023\/01\/image-80.png\",\"contentUrl\":\"https:\/\/infoecos.com.ar\/wp-content\/uploads\/2023\/01\/image-80.png\",\"width\":1245,\"height\":830},{\"@type\":\"BreadcrumbList\",\"@id\":\"https:\/\/infoecos.com.ar\/index.php\/maggiotti-35-mil-de-150-mil-viviendas-se-construyen-en-la-provincia-de-buenos-aires\/#breadcrumb\",\"itemListElement\":[{\"@type\":\"ListItem\",\"position\":1,\"name\":\"Portada\",\"item\":\"https:\/\/infoecos.com.ar\/\"},{\"@type\":\"ListItem\",\"position\":2,\"name\":\"Maggiotti: \u00ab35 mil de 150 mil viviendas se construyen en la provincia de Buenos Aires\u201d\"}]},{\"@type\":\"WebSite\",\"@id\":\"https:\/\/infoecos.com.ar\/#website\",\"url\":\"https:\/\/infoecos.com.ar\/\",\"name\":\"Infoecos\",\"description\":\"Noticias de trenque lauquen y la zona\",\"publisher\":{\"@id\":\"https:\/\/infoecos.com.ar\/#organization\"},\"alternateName\":\"Noticias\",\"potentialAction\":[{\"@type\":\"SearchAction\",\"target\":{\"@type\":\"EntryPoint\",\"urlTemplate\":\"https:\/\/infoecos.com.ar\/?s={search_term_string}\"},\"query-input\":{\"@type\":\"PropertyValueSpecification\",\"valueRequired\":true,\"valueName\":\"search_term_string\"}}],\"inLanguage\":\"es\"},{\"@type\":\"Organization\",\"@id\":\"https:\/\/infoecos.com.ar\/#organization\",\"name\":\"Infoecos\",\"alternateName\":\"Noticias\",\"url\":\"https:\/\/infoecos.com.ar\/\",\"logo\":{\"@type\":\"ImageObject\",\"inLanguage\":\"es\",\"@id\":\"https:\/\/infoecos.com.ar\/#\/schema\/logo\/image\/\",\"url\":\"https:\/\/infoecos.com.ar\/wp-content\/uploads\/2024\/03\/cropped-logo.png\",\"contentUrl\":\"https:\/\/infoecos.com.ar\/wp-content\/uploads\/2024\/03\/cropped-logo.png\",\"width\":374,\"height\":90,\"caption\":\"Infoecos\"},\"image\":{\"@id\":\"https:\/\/infoecos.com.ar\/#\/schema\/logo\/image\/\"},\"sameAs\":[\"https:\/\/www.facebook.com\/profile.php?id=100063200290284\",\"https:\/\/x.com\/infoecos\"]},{\"@type\":\"Person\",\"@id\":\"https:\/\/infoecos.com.ar\/#\/schema\/person\/8f5ace5ce73b4b4aac4b7245aee6f191\",\"name\":\"Jorge Matheus\",\"url\":\"https:\/\/infoecos.com.ar\/index.php\/author\/jomatheus\/\"}]}<\/script>\n<!-- \/ Yoast SEO plugin. -->","yoast_head_json":{"title":"Maggiotti: \"35 mil de 150 mil viviendas se construyen en la provincia de Buenos Aires\u201d - Infoecos","robots":{"index":"index","follow":"follow","max-snippet":"max-snippet:-1","max-image-preview":"max-image-preview:large","max-video-preview":"max-video-preview:-1"},"canonical":"https:\/\/infoecos.com.ar\/index.php\/maggiotti-35-mil-de-150-mil-viviendas-se-construyen-en-la-provincia-de-buenos-aires\/","og_locale":"es_ES","og_type":"article","og_title":"Maggiotti: \"35 mil de 150 mil viviendas se construyen en la provincia de Buenos Aires\u201d - Infoecos","og_description":"El ministro de H\u00e1bitat y Desarrollo Urbano de la Naci\u00f3n, Santiago Maggiotti, en el acto de entrega de las 56 viviendas cumplido este mi\u00e9rcoles en Trenque Lauquen","og_url":"https:\/\/infoecos.com.ar\/index.php\/maggiotti-35-mil-de-150-mil-viviendas-se-construyen-en-la-provincia-de-buenos-aires\/","og_site_name":"Infoecos","article_publisher":"https:\/\/www.facebook.com\/profile.php?id=100063200290284","article_published_time":"2023-01-19T04:15:14+00:00","article_modified_time":"2023-01-21T05:34:55+00:00","og_image":[{"width":1245,"height":830,"url":"https:\/\/infoecos.com.ar\/wp-content\/uploads\/2023\/01\/image-80.png","type":"image\/png"}],"author":"Jorge Matheus","twitter_card":"summary_large_image","twitter_creator":"@infoecos","twitter_site":"@infoecos","twitter_misc":{"Escrito por":"Jorge Matheus","Tiempo de lectura":"5 minutos"},"schema":{"@context":"https:\/\/schema.org","@graph":[{"@type":"Article","@id":"https:\/\/infoecos.com.ar\/index.php\/maggiotti-35-mil-de-150-mil-viviendas-se-construyen-en-la-provincia-de-buenos-aires\/#article","isPartOf":{"@id":"https:\/\/infoecos.com.ar\/index.php\/maggiotti-35-mil-de-150-mil-viviendas-se-construyen-en-la-provincia-de-buenos-aires\/"},"author":{"name":"Jorge Matheus","@id":"https:\/\/infoecos.com.ar\/#\/schema\/person\/8f5ace5ce73b4b4aac4b7245aee6f191"},"headline":"Maggiotti: \u00ab35 mil de 150 mil viviendas se construyen en la provincia de Buenos Aires\u201d","datePublished":"2023-01-19T04:15:14+00:00","dateModified":"2023-01-21T05:34:55+00:00","mainEntityOfPage":{"@id":"https:\/\/infoecos.com.ar\/index.php\/maggiotti-35-mil-de-150-mil-viviendas-se-construyen-en-la-provincia-de-buenos-aires\/"},"wordCount":710,"publisher":{"@id":"https:\/\/infoecos.com.ar\/#organization"},"image":{"@id":"https:\/\/infoecos.com.ar\/index.php\/maggiotti-35-mil-de-150-mil-viviendas-se-construyen-en-la-provincia-de-buenos-aires\/#primaryimage"},"thumbnailUrl":"https:\/\/infoecos.com.ar\/wp-content\/uploads\/2023\/01\/image-80.png","keywords":["AYER EN T.LAUQUEN"],"articleSection":["Bloque inferior - 14"],"inLanguage":"es"},{"@type":"WebPage","@id":"https:\/\/infoecos.com.ar\/index.php\/maggiotti-35-mil-de-150-mil-viviendas-se-construyen-en-la-provincia-de-buenos-aires\/","url":"https:\/\/infoecos.com.ar\/index.php\/maggiotti-35-mil-de-150-mil-viviendas-se-construyen-en-la-provincia-de-buenos-aires\/","name":"Maggiotti: \"35 mil de 150 mil viviendas se construyen en la provincia de Buenos Aires\u201d - Infoecos","isPartOf":{"@id":"https:\/\/infoecos.com.ar\/#website"},"primaryImageOfPage":{"@id":"https:\/\/infoecos.com.ar\/index.php\/maggiotti-35-mil-de-150-mil-viviendas-se-construyen-en-la-provincia-de-buenos-aires\/#primaryimage"},"image":{"@id":"https:\/\/infoecos.com.ar\/index.php\/maggiotti-35-mil-de-150-mil-viviendas-se-construyen-en-la-provincia-de-buenos-aires\/#primaryimage"},"thumbnailUrl":"https:\/\/infoecos.com.ar\/wp-content\/uploads\/2023\/01\/image-80.png","datePublished":"2023-01-19T04:15:14+00:00","dateModified":"2023-01-21T05:34:55+00:00","breadcrumb":{"@id":"https:\/\/infoecos.com.ar\/index.php\/maggiotti-35-mil-de-150-mil-viviendas-se-construyen-en-la-provincia-de-buenos-aires\/#breadcrumb"},"inLanguage":"es","potentialAction":[{"@type":"ReadAction","target":["https:\/\/infoecos.com.ar\/index.php\/maggiotti-35-mil-de-150-mil-viviendas-se-construyen-en-la-provincia-de-buenos-aires\/"]}]},{"@type":"ImageObject","inLanguage":"es","@id":"https:\/\/infoecos.com.ar\/index.php\/maggiotti-35-mil-de-150-mil-viviendas-se-construyen-en-la-provincia-de-buenos-aires\/#primaryimage","url":"https:\/\/infoecos.com.ar\/wp-content\/uploads\/2023\/01\/image-80.png","contentUrl":"https:\/\/infoecos.com.ar\/wp-content\/uploads\/2023\/01\/image-80.png","width":1245,"height":830},{"@type":"BreadcrumbList","@id":"https:\/\/infoecos.com.ar\/index.php\/maggiotti-35-mil-de-150-mil-viviendas-se-construyen-en-la-provincia-de-buenos-aires\/#breadcrumb","itemListElement":[{"@type":"ListItem","position":1,"name":"Portada","item":"https:\/\/infoecos.com.ar\/"},{"@type":"ListItem","position":2,"name":"Maggiotti: \u00ab35 mil de 150 mil viviendas se construyen en la provincia de Buenos Aires\u201d"}]},{"@type":"WebSite","@id":"https:\/\/infoecos.com.ar\/#website","url":"https:\/\/infoecos.com.ar\/","name":"Infoecos","description":"Noticias de trenque lauquen y la zona","publisher":{"@id":"https:\/\/infoecos.com.ar\/#organization"},"alternateName":"Noticias","potentialAction":[{"@type":"SearchAction","target":{"@type":"EntryPoint","urlTemplate":"https:\/\/infoecos.com.ar\/?s={search_term_string}"},"query-input":{"@type":"PropertyValueSpecification","valueRequired":true,"valueName":"search_term_string"}}],"inLanguage":"es"},{"@type":"Organization","@id":"https:\/\/infoecos.com.ar\/#organization","name":"Infoecos","alternateName":"Noticias","url":"https:\/\/infoecos.com.ar\/","logo":{"@type":"ImageObject","inLanguage":"es","@id":"https:\/\/infoecos.com.ar\/#\/schema\/logo\/image\/","url":"https:\/\/infoecos.com.ar\/wp-content\/uploads\/2024\/03\/cropped-logo.png","contentUrl":"https:\/\/infoecos.com.ar\/wp-content\/uploads\/2024\/03\/cropped-logo.png","width":374,"height":90,"caption":"Infoecos"},"image":{"@id":"https:\/\/infoecos.com.ar\/#\/schema\/logo\/image\/"},"sameAs":["https:\/\/www.facebook.com\/profile.php?id=100063200290284","https:\/\/x.com\/infoecos"]},{"@type":"Person","@id":"https:\/\/infoecos.com.ar\/#\/schema\/person\/8f5ace5ce73b4b4aac4b7245aee6f191","name":"Jorge Matheus","url":"https:\/\/infoecos.com.ar\/index.php\/author\/jomatheus\/"}]}},"featured_image_urls":{"full":["https:\/\/infoecos.com.ar\/wp-content\/uploads\/2023\/01\/image-80.png",1245,830,false],"thumbnail":["https:\/\/infoecos.com.ar\/wp-content\/uploads\/2023\/01\/image-80-300x150.png",300,150,true],"medium":["https:\/\/infoecos.com.ar\/wp-content\/uploads\/2023\/01\/image-80-800x533.png",800,533,true],"medium_large":["https:\/\/infoecos.com.ar\/wp-content\/uploads\/2023\/01\/image-80-768x512.png",640,427,true],"large":["https:\/\/infoecos.com.ar\/wp-content\/uploads\/2023\/01\/image-80.png",640,427,false],"1536x1536":["https:\/\/infoecos.com.ar\/wp-content\/uploads\/2023\/01\/image-80.png",1245,830,false],"2048x2048":["https:\/\/infoecos.com.ar\/wp-content\/uploads\/2023\/01\/image-80.png",1245,830,false],"covernews-slider-full":["https:\/\/infoecos.com.ar\/wp-content\/uploads\/2023\/01\/image-80.png",1073,715,false],"covernews-slider-center":["https:\/\/infoecos.com.ar\/wp-content\/uploads\/2023\/01\/image-80-936x830.png",564,500,true],"covernews-featured":["https:\/\/infoecos.com.ar\/wp-content\/uploads\/2023\/01\/image-80-1024x683.png",1024,683,true],"covernews-medium":["https:\/\/infoecos.com.ar\/wp-content\/uploads\/2023\/01\/image-80-720x380.png",540,285,true],"covernews-medium-square":["https:\/\/infoecos.com.ar\/wp-content\/uploads\/2023\/01\/image-80-675x450.png",375,250,true]},"author_info":{"info":["Jorge Matheus"]},"category_info":"<a href=\"https:\/\/infoecos.com.ar\/index.php\/category\/inferior14\/\" rel=\"category tag\">Bloque inferior - 14<\/a>","tag_info":"Bloque inferior - 14","comment_count":"0","_links":{"self":[{"href":"https:\/\/infoecos.com.ar\/index.php\/wp-json\/wp\/v2\/posts\/100154"}],"collection":[{"href":"https:\/\/infoecos.com.ar\/index.php\/wp-json\/wp\/v2\/posts"}],"about":[{"href":"https:\/\/infoecos.com.ar\/index.php\/wp-json\/wp\/v2\/types\/post"}],"author":[{"embeddable":true,"href":"https:\/\/infoecos.com.ar\/index.php\/wp-json\/wp\/v2\/users\/2"}],"replies":[{"embeddable":true,"href":"https:\/\/infoecos.com.ar\/index.php\/wp-json\/wp\/v2\/comments?post=100154"}],"version-history":[{"count":2,"href":"https:\/\/infoecos.com.ar\/index.php\/wp-json\/wp\/v2\/posts\/100154\/revisions"}],"predecessor-version":[{"id":100171,"href":"https:\/\/infoecos.com.ar\/index.php\/wp-json\/wp\/v2\/posts\/100154\/revisions\/100171"}],"wp:featuredmedia":[{"embeddable":true,"href":"https:\/\/infoecos.com.ar\/index.php\/wp-json\/wp\/v2\/media\/100161"}],"wp:attachment":[{"href":"https:\/\/infoecos.com.ar\/index.php\/wp-json\/wp\/v2\/media?parent=100154"}],"wp:term":[{"taxonomy":"category","embeddable":true,"href":"https:\/\/infoecos.com.ar\/index.php\/wp-json\/wp\/v2\/categories?post=100154"},{"taxonomy":"post_tag","embeddable":true,"href":"https:\/\/infoecos.com.ar\/index.php\/wp-json\/wp\/v2\/tags?post=100154"}],"curies":[{"name":"wp","href":"https:\/\/api.w.org\/{rel}","templated":true}]}}