{"id":100175,"date":"2023-01-19T01:51:37","date_gmt":"2023-01-19T04:51:37","guid":{"rendered":"https:\/\/infoecos.com.ar\/?p=100175"},"modified":"2023-01-20T02:15:47","modified_gmt":"2023-01-20T05:15:47","slug":"el-intendente-fernandez-destaco-el-cambio-de-zonificacion-aprobado-por-los-concejales","status":"publish","type":"post","link":"https:\/\/infoecos.com.ar\/index.php\/el-intendente-fernandez-destaco-el-cambio-de-zonificacion-aprobado-por-los-concejales\/","title":{"rendered":"El intendente Fern\u00e1ndez destac\u00f3 el cambio de zonificaci\u00f3n aprobado por los concejales"},"content":{"rendered":"\n<p>El Intendente Miguel Fern\u00e1ndez agradeci\u00f3 y dio la bienvenida a los ministros de Naci\u00f3n y Provincia, Santiago Maggioti y Agust\u00edn Simone, respectivamente, por compartir el acto de entrega de viviendas y tambi\u00e9n agradeci\u00f3 al clima <strong><em>\u201cpor permitirnos la posibilidad de hacer el acto aqu\u00ed (en la Ampliaci\u00f3n Urbana) porque siento la necesidad, como intendente, de que nuestros ministros vean lo que tiene y lo que ha hecho Trenque Lauquen en tantos a\u00f1os en cuanto a desarrollo territorial para lograr esto que hoy se concreta, un plan m\u00e1s de viviendas: las 56 viviendas del programa Reconstruir\u201d<\/em><\/strong>.<\/p>\n\n\n\n<figure class=\"wp-block-image aligncenter size-full is-resized\"><img loading=\"lazy\" decoding=\"async\" src=\"https:\/\/infoecos.com.ar\/wp-content\/uploads\/2023\/01\/image-88.png\" alt=\"\" class=\"wp-image-100176\" width=\"490\" height=\"327\" srcset=\"https:\/\/infoecos.com.ar\/wp-content\/uploads\/2023\/01\/image-88.png 1245w, https:\/\/infoecos.com.ar\/wp-content\/uploads\/2023\/01\/image-88-800x533.png 800w, https:\/\/infoecos.com.ar\/wp-content\/uploads\/2023\/01\/image-88-768x512.png 768w, https:\/\/infoecos.com.ar\/wp-content\/uploads\/2023\/01\/image-88-1024x683.png 1024w, https:\/\/infoecos.com.ar\/wp-content\/uploads\/2023\/01\/image-88-675x450.png 675w\" sizes=\"(max-width: 490px) 100vw, 490px\" \/><figcaption class=\"wp-element-caption\">T.Lauquen &#8211; entrega de viviendas Fern\u00e1ndez<\/figcaption><\/figure>\n\n\n\n<p><strong><em>\u201cNo es lo mismo que uno se los cuente en una oficina, en un despacho o en un video que verlo en vivo y en directo; para m\u00ed era important\u00edsimo hacerlo aqu\u00ed y que vean este desarrollo\u201d<\/em><\/strong>, subray\u00f3 Fern\u00e1ndez, para se\u00f1alar que <strong><em>\u201call\u00e1 por el 2008 esto era campo, y distintas ideas, distintos intendentes y con distintas herramientas fueron trabajando para que eso que era campo hoy sea una nueva ciudad; lo que en un momento se nombr\u00f3 como Ciudad Sat\u00e9lite, luego Ampliaci\u00f3n Urbana, hoy es una realidad\u201d<\/em><\/strong>.<\/p>\n\n\n\n<figure class=\"wp-block-image aligncenter size-full is-resized\"><img loading=\"lazy\" decoding=\"async\" src=\"https:\/\/infoecos.com.ar\/wp-content\/uploads\/2023\/01\/image-89.png\" alt=\"\" class=\"wp-image-100177\" width=\"508\" height=\"338\" srcset=\"https:\/\/infoecos.com.ar\/wp-content\/uploads\/2023\/01\/image-89.png 1245w, https:\/\/infoecos.com.ar\/wp-content\/uploads\/2023\/01\/image-89-800x533.png 800w, https:\/\/infoecos.com.ar\/wp-content\/uploads\/2023\/01\/image-89-768x512.png 768w, https:\/\/infoecos.com.ar\/wp-content\/uploads\/2023\/01\/image-89-1024x683.png 1024w, https:\/\/infoecos.com.ar\/wp-content\/uploads\/2023\/01\/image-89-675x450.png 675w\" sizes=\"(max-width: 508px) 100vw, 508px\" \/><figcaption class=\"wp-element-caption\">T.Lauquen &#8211; entrega de viviendas Fern\u00e1ndez<\/figcaption><\/figure>\n\n\n\n<p>Y remarc\u00f3: <strong><em>\u201cEsto no se puede contar, esto hay que verlo porque tambi\u00e9n demuestra la fortaleza de Trenque Lauquen, de que hay pol\u00edticas p\u00fablicas, de que hay una mirada estrat\u00e9gica y es importante que ustedes sepan que esta idea ni siquiera naci\u00f3 ahora, sino que fue all\u00e1 por el a\u00f1o \u201999 cuando con el Plan Estrat\u00e9gico de Trenque Lauquen ya se pensaba que el desarrollo de la ciudad era hacia el norte y se fueron alineando todas las cosas para que eso ocurriera\u201d<\/em><\/strong>.<\/p>\n\n\n\n<figure class=\"wp-block-image aligncenter size-full is-resized\"><img loading=\"lazy\" decoding=\"async\" src=\"https:\/\/infoecos.com.ar\/wp-content\/uploads\/2023\/01\/image-90.png\" alt=\"\" class=\"wp-image-100178\" width=\"511\" height=\"286\" srcset=\"https:\/\/infoecos.com.ar\/wp-content\/uploads\/2023\/01\/image-90.png 1479w, https:\/\/infoecos.com.ar\/wp-content\/uploads\/2023\/01\/image-90-800x449.png 800w, https:\/\/infoecos.com.ar\/wp-content\/uploads\/2023\/01\/image-90-768x431.png 768w, https:\/\/infoecos.com.ar\/wp-content\/uploads\/2023\/01\/image-90-1024x575.png 1024w\" sizes=\"(max-width: 511px) 100vw, 511px\" \/><figcaption class=\"wp-element-caption\">T.Lauquen &#8211; entrega de viviendas Fern\u00e1ndez<\/figcaption><\/figure>\n\n\n\n<p><strong><em>\u201cEsa planificaci\u00f3n, esa visi\u00f3n de futuro y una continuidad de pol\u00edticas de Estado es lo que creo que distingue a Trenque Lauquen respecto del resto (de los distritos)\u201d<\/em><\/strong>, dijo Fern\u00e1ndez, quien agradeci\u00f3 tambi\u00e9n a <strong><em>\u201cquien su momento entendi\u00f3 la necesidad que ten\u00edamos de concretar este proyecto, que empez\u00f3 a fines del a\u00f1o 2019 y qued\u00f3 paralizado con el cambio de gobierno porque la operaci\u00f3n era compleja, y es el ex ministro de Vivienda Jorge Ferraresi, a quien vimos en Buenos Aires, y entendi\u00f3 el problema; hubo que esperar una Ley del Congreso nacional para que este programa Reconstruir pudiera ver la luz y se pudiese reactivar esa obra paralizada\u201d<\/em><\/strong>.<\/p>\n\n\n\n<figure class=\"wp-block-image aligncenter size-full is-resized\"><img loading=\"lazy\" decoding=\"async\" src=\"https:\/\/infoecos.com.ar\/wp-content\/uploads\/2023\/01\/image-91.png\" alt=\"\" class=\"wp-image-100179\" width=\"496\" height=\"331\" srcset=\"https:\/\/infoecos.com.ar\/wp-content\/uploads\/2023\/01\/image-91.png 1245w, https:\/\/infoecos.com.ar\/wp-content\/uploads\/2023\/01\/image-91-800x533.png 800w, https:\/\/infoecos.com.ar\/wp-content\/uploads\/2023\/01\/image-91-768x512.png 768w, https:\/\/infoecos.com.ar\/wp-content\/uploads\/2023\/01\/image-91-1024x683.png 1024w, https:\/\/infoecos.com.ar\/wp-content\/uploads\/2023\/01\/image-91-675x450.png 675w\" sizes=\"(max-width: 496px) 100vw, 496px\" \/><figcaption class=\"wp-element-caption\">T.Lauquen &#8211; entrega de viviendas Fern\u00e1ndez<\/figcaption><\/figure>\n\n\n\n<p><strong><em>\u201cPas\u00f3 tiempo, los legisladores aprobaron por unanimidad esa ley y a partir de ese momento pudimos reactivar este programa con Jorge Ferraresi, quien no est\u00e1 m\u00e1s en el Ministerio, pero quiero hacer p\u00fablico este agradecimiento porque sin \u00e9l hubiera sido muy dif\u00edcil\u201d<\/em><\/strong>, dijo Fern\u00e1ndez, para a\u00f1adir que a partir de la presencia de Santiago Maggiotti <strong><em>\u201cpudimos desarrollar el programa y concretarlo\u201d<\/em><\/strong>.<\/p>\n\n\n\n<figure class=\"wp-block-image aligncenter size-full is-resized\"><img loading=\"lazy\" decoding=\"async\" src=\"https:\/\/infoecos.com.ar\/wp-content\/uploads\/2023\/01\/image-92.png\" alt=\"\" class=\"wp-image-100180\" width=\"497\" height=\"331\" srcset=\"https:\/\/infoecos.com.ar\/wp-content\/uploads\/2023\/01\/image-92.png 1245w, https:\/\/infoecos.com.ar\/wp-content\/uploads\/2023\/01\/image-92-800x533.png 800w, https:\/\/infoecos.com.ar\/wp-content\/uploads\/2023\/01\/image-92-768x512.png 768w, https:\/\/infoecos.com.ar\/wp-content\/uploads\/2023\/01\/image-92-1024x683.png 1024w, https:\/\/infoecos.com.ar\/wp-content\/uploads\/2023\/01\/image-92-675x450.png 675w\" sizes=\"(max-width: 497px) 100vw, 497px\" \/><figcaption class=\"wp-element-caption\">T.Lauquen &#8211; entrega de viviendas Fern\u00e1ndez<\/figcaption><\/figure>\n\n\n\n<p>El Intendente record\u00f3 que <strong><em>\u201cen la Ampliaci\u00f3n Urbana se llevan entregadas por parte de la Municipalidad m\u00e1s de 300 casas por C\u00edrculo Cerrado y unas 60 m\u00e1s de planes, m\u00e1s estas 56, es un enorme logro que en alrededor de 12 a\u00f1os hemos podido concretar\u201d<\/em><\/strong>.<\/p>\n\n\n\n<figure class=\"wp-block-image aligncenter size-full is-resized\"><img loading=\"lazy\" decoding=\"async\" src=\"https:\/\/infoecos.com.ar\/wp-content\/uploads\/2023\/01\/image-93.png\" alt=\"\" class=\"wp-image-100181\" width=\"513\" height=\"342\" srcset=\"https:\/\/infoecos.com.ar\/wp-content\/uploads\/2023\/01\/image-93.png 1245w, https:\/\/infoecos.com.ar\/wp-content\/uploads\/2023\/01\/image-93-800x533.png 800w, https:\/\/infoecos.com.ar\/wp-content\/uploads\/2023\/01\/image-93-768x512.png 768w, https:\/\/infoecos.com.ar\/wp-content\/uploads\/2023\/01\/image-93-1024x683.png 1024w, https:\/\/infoecos.com.ar\/wp-content\/uploads\/2023\/01\/image-93-675x450.png 675w\" sizes=\"(max-width: 513px) 100vw, 513px\" \/><figcaption class=\"wp-element-caption\">T.Lauquen &#8211; entrega de viviendas Fern\u00e1ndez<\/figcaption><\/figure>\n\n\n\n<p>No obstante, reconoci\u00f3 que <strong><em>\u201chay muchas familias que se inscribieron y no pudieron tener acceso, por eso es importante que el ministro de Provincia, Agust\u00edn Simone, haya reactivado de una manera tan importante lo que antes era el Instituto de la Vivienda, hoy es el Ministerio, y nos haya permitido reactivar un programa de viviendas viejo, y donde se hab\u00edan hecho 20 se completaron con 60 que son las que est\u00e1n en construcci\u00f3n, y otras 36 que est\u00e1n en construcci\u00f3n por la Provincia; as\u00ed que este a\u00f1o se van a sortear y entregar en conjunto con la Provincia 110 viviendas m\u00e1s\u201d<\/em><\/strong>.<\/p>\n\n\n\n<figure class=\"wp-block-image aligncenter size-full is-resized\"><img loading=\"lazy\" decoding=\"async\" src=\"https:\/\/infoecos.com.ar\/wp-content\/uploads\/2023\/01\/image-94.png\" alt=\"\" class=\"wp-image-100182\" width=\"524\" height=\"350\" srcset=\"https:\/\/infoecos.com.ar\/wp-content\/uploads\/2023\/01\/image-94.png 1245w, https:\/\/infoecos.com.ar\/wp-content\/uploads\/2023\/01\/image-94-800x533.png 800w, https:\/\/infoecos.com.ar\/wp-content\/uploads\/2023\/01\/image-94-768x512.png 768w, https:\/\/infoecos.com.ar\/wp-content\/uploads\/2023\/01\/image-94-1024x683.png 1024w, https:\/\/infoecos.com.ar\/wp-content\/uploads\/2023\/01\/image-94-675x450.png 675w\" sizes=\"(max-width: 524px) 100vw, 524px\" \/><figcaption class=\"wp-element-caption\">T.Lauquen &#8211; entrega de viviendas Fern\u00e1ndez<\/figcaption><\/figure>\n\n\n\n<p>Tambi\u00e9n destac\u00f3 la importancia de entusiasmar a los ministros con distintos proyectos que est\u00e1n presentados y que est\u00e1n con distinto nivel de avance para que <strong><em>\u201cnos den una mano para poder concretarlos\u201d<\/em><\/strong>, haciendo referencia a un programa de 56 viviendas de Casa Propia y otro plan de 110 viviendas en un proyecto a ejecutar en forma conjunta con el ministerio de Provincia, destacando al respecto el trabajo de los concejales que en Sesi\u00f3n Extraordinaria aprobaron el cambio de zonificaci\u00f3n para permitir esta \u00faltima operatoria.<\/p>\n\n\n\n<figure class=\"wp-block-image aligncenter size-full is-resized\"><img loading=\"lazy\" decoding=\"async\" src=\"https:\/\/infoecos.com.ar\/wp-content\/uploads\/2023\/01\/image-96.png\" alt=\"\" class=\"wp-image-100184\" width=\"529\" height=\"352\" srcset=\"https:\/\/infoecos.com.ar\/wp-content\/uploads\/2023\/01\/image-96.png 1245w, https:\/\/infoecos.com.ar\/wp-content\/uploads\/2023\/01\/image-96-800x533.png 800w, https:\/\/infoecos.com.ar\/wp-content\/uploads\/2023\/01\/image-96-768x512.png 768w, https:\/\/infoecos.com.ar\/wp-content\/uploads\/2023\/01\/image-96-1024x683.png 1024w, https:\/\/infoecos.com.ar\/wp-content\/uploads\/2023\/01\/image-96-675x450.png 675w\" sizes=\"(max-width: 529px) 100vw, 529px\" \/><figcaption class=\"wp-element-caption\">T.Lauquen &#8211; entrega de viviendas Fern\u00e1ndez<\/figcaption><\/figure>\n\n\n\n<p>Adem\u00e1s, <strong><em>record\u00f3 que hay lotes que el Municipio ha ofrecido al plan nacional de viviendas para poder generar programas como Procrear en una segunda etapa y destac\u00f3 tambi\u00e9n los 192 lotes de Procrear que hoy est\u00e1n ocupados en su totalidad<\/em><\/strong>.<\/p>\n\n\n\n<figure class=\"wp-block-image aligncenter size-full is-resized\"><img loading=\"lazy\" decoding=\"async\" src=\"https:\/\/infoecos.com.ar\/wp-content\/uploads\/2023\/01\/image-97.png\" alt=\"\" class=\"wp-image-100185\" width=\"494\" height=\"329\" srcset=\"https:\/\/infoecos.com.ar\/wp-content\/uploads\/2023\/01\/image-97.png 1245w, https:\/\/infoecos.com.ar\/wp-content\/uploads\/2023\/01\/image-97-800x533.png 800w, https:\/\/infoecos.com.ar\/wp-content\/uploads\/2023\/01\/image-97-768x512.png 768w, https:\/\/infoecos.com.ar\/wp-content\/uploads\/2023\/01\/image-97-1024x683.png 1024w, https:\/\/infoecos.com.ar\/wp-content\/uploads\/2023\/01\/image-97-675x450.png 675w\" sizes=\"(max-width: 494px) 100vw, 494px\" \/><figcaption class=\"wp-element-caption\">T.Lauquen &#8211; entrega de viviendas Fern\u00e1ndez<\/figcaption><\/figure>\n\n\n\n<p>Fern\u00e1ndez resalt\u00f3 <strong><em>\u201cel esfuerzo compartido entre la Naci\u00f3n, la Provincia y el Municipio, donde los legisladores nacionales, provinciales y concejales tambi\u00e9n trabajan de manera articulada para lograr el objetivo de que ustedes\/todos puedan tener acceso a una vivienda digna y eso es lo que queremos mostrar a los funcionarios que nos visitan para que sepan que en Trenque Lauquen se trabaja con visi\u00f3n de futuro, superando diferencias pol\u00edticas circunstanciales y mirando con grandeza para solucionar el problema de los vecinos\u201d<\/em><\/strong>.<\/p>\n\n\n\n<figure class=\"wp-block-image aligncenter size-full is-resized\"><img loading=\"lazy\" decoding=\"async\" src=\"https:\/\/infoecos.com.ar\/wp-content\/uploads\/2023\/01\/image-98.png\" alt=\"\" class=\"wp-image-100186\" width=\"492\" height=\"328\" srcset=\"https:\/\/infoecos.com.ar\/wp-content\/uploads\/2023\/01\/image-98.png 1245w, https:\/\/infoecos.com.ar\/wp-content\/uploads\/2023\/01\/image-98-800x533.png 800w, https:\/\/infoecos.com.ar\/wp-content\/uploads\/2023\/01\/image-98-768x512.png 768w, https:\/\/infoecos.com.ar\/wp-content\/uploads\/2023\/01\/image-98-1024x683.png 1024w, https:\/\/infoecos.com.ar\/wp-content\/uploads\/2023\/01\/image-98-675x450.png 675w\" sizes=\"(max-width: 492px) 100vw, 492px\" \/><figcaption class=\"wp-element-caption\">T.Lauquen &#8211; entrega de viviendas Fern\u00e1ndez<\/figcaption><\/figure>\n\n\n\n<p>En un mensaje destinado especialmente a los adjudicatarios\/as, Fern\u00e1ndez se\u00f1al\u00f3 que <strong><em>\u201choy ustedes van a recibir la llave de su casa, y en pocos d\u00edas m\u00e1s esa casa la van transformar en un hogar, y despu\u00e9s lo van a transformar en un barrio porque van a empezar a compartir alegr\u00edas, tristezas y desaf\u00edos con sus vecinos\/as y van a empezar a construir ciudadan\u00eda\u201d<\/em><\/strong>.<\/p>\n\n\n\n<figure class=\"wp-block-image aligncenter size-full is-resized\"><img loading=\"lazy\" decoding=\"async\" src=\"https:\/\/infoecos.com.ar\/wp-content\/uploads\/2023\/01\/image-99.png\" alt=\"\" class=\"wp-image-100187\" width=\"488\" height=\"325\" srcset=\"https:\/\/infoecos.com.ar\/wp-content\/uploads\/2023\/01\/image-99.png 1245w, https:\/\/infoecos.com.ar\/wp-content\/uploads\/2023\/01\/image-99-800x533.png 800w, https:\/\/infoecos.com.ar\/wp-content\/uploads\/2023\/01\/image-99-768x512.png 768w, https:\/\/infoecos.com.ar\/wp-content\/uploads\/2023\/01\/image-99-1024x683.png 1024w, https:\/\/infoecos.com.ar\/wp-content\/uploads\/2023\/01\/image-99-675x450.png 675w\" sizes=\"(max-width: 488px) 100vw, 488px\" \/><figcaption class=\"wp-element-caption\">T.Lauquen &#8211; entrega de viviendas Fern\u00e1ndez<\/figcaption><\/figure>\n\n\n\n<p>Asimismo, agradeci\u00f3 a las familias <strong><em>\u201cpor confiar en el Estado, que las cosas con tiempo y esfuerzo se logran\u201d, y pidi\u00f3 que \u201csigamos apostando a que Trenque Lauquen siga creciendo porque es lo que nos merecemos como ciudad, como distrito, Provincia y como pa\u00eds\u201d<\/em><\/strong>.<\/p>\n\n\n\n<figure class=\"wp-block-image aligncenter size-full is-resized\"><img loading=\"lazy\" decoding=\"async\" src=\"https:\/\/infoecos.com.ar\/wp-content\/uploads\/2023\/01\/image-100.png\" alt=\"\" class=\"wp-image-100188\" width=\"487\" height=\"325\" srcset=\"https:\/\/infoecos.com.ar\/wp-content\/uploads\/2023\/01\/image-100.png 1245w, https:\/\/infoecos.com.ar\/wp-content\/uploads\/2023\/01\/image-100-800x533.png 800w, https:\/\/infoecos.com.ar\/wp-content\/uploads\/2023\/01\/image-100-768x512.png 768w, https:\/\/infoecos.com.ar\/wp-content\/uploads\/2023\/01\/image-100-1024x683.png 1024w, https:\/\/infoecos.com.ar\/wp-content\/uploads\/2023\/01\/image-100-675x450.png 675w\" sizes=\"(max-width: 487px) 100vw, 487px\" \/><figcaption class=\"wp-element-caption\">T.Lauquen &#8211; entrega de viviendas Fern\u00e1ndez<\/figcaption><\/figure>\n\n\n\n<p>Fern\u00e1ndez agradeci\u00f3 tambi\u00e9n <strong><em>\u00abal titular de AMOC, N\u00e9stor Rodr\u00edguez, al arquitecto Jos\u00e9 Carabelli, a los funcionarios municipales que colaboraron y apoyaron, a los concejales y a los ministros de Naci\u00f3n y Provincia\u00bb<\/em><\/strong>.<\/p>\n","protected":false},"excerpt":{"rendered":"<p>El Intendente record\u00f3 que \u201cen la Ampliaci\u00f3n Urbana se llevan entregadas por parte de la Municipalidad m\u00e1s de 300 casas por C\u00edrculo Cerrado y unas 60 m\u00e1s de planes, m\u00e1s estas 56, es un enorme logro que en alrededor de 12 a\u00f1os hemos podido concretar\u201d<\/p>\n","protected":false},"author":2,"featured_media":100188,"comment_status":"closed","ping_status":"open","sticky":false,"template":"","format":"standard","meta":{"footnotes":""},"categories":[198],"tags":[7119],"class_list":["post-100175","post","type-post","status-publish","format-standard","has-post-thumbnail","hentry","category-c1nota5","tag-ayer-en-t-lauquen"],"yoast_head":"<!-- This site is optimized with the Yoast SEO plugin v23.4 - https:\/\/yoast.com\/wordpress\/plugins\/seo\/ -->\n<title>El intendente Fern\u00e1ndez destac\u00f3 el cambio de zonificaci\u00f3n aprobado por los concejales - Infoecos<\/title>\n<meta name=\"robots\" content=\"index, follow, max-snippet:-1, max-image-preview:large, max-video-preview:-1\" \/>\n<link rel=\"canonical\" href=\"https:\/\/infoecos.com.ar\/index.php\/el-intendente-fernandez-destaco-el-cambio-de-zonificacion-aprobado-por-los-concejales\/\" \/>\n<meta property=\"og:locale\" content=\"es_ES\" \/>\n<meta property=\"og:type\" content=\"article\" \/>\n<meta property=\"og:title\" content=\"El intendente Fern\u00e1ndez destac\u00f3 el cambio de zonificaci\u00f3n aprobado por los concejales - Infoecos\" \/>\n<meta property=\"og:description\" content=\"El Intendente record\u00f3 que \u201cen la Ampliaci\u00f3n Urbana se llevan entregadas por parte de la Municipalidad m\u00e1s de 300 casas por C\u00edrculo Cerrado y unas 60 m\u00e1s de planes, m\u00e1s estas 56, es un enorme logro que en alrededor de 12 a\u00f1os hemos podido concretar\u201d\" \/>\n<meta property=\"og:url\" content=\"https:\/\/infoecos.com.ar\/index.php\/el-intendente-fernandez-destaco-el-cambio-de-zonificacion-aprobado-por-los-concejales\/\" \/>\n<meta property=\"og:site_name\" content=\"Infoecos\" \/>\n<meta property=\"article:publisher\" content=\"https:\/\/www.facebook.com\/profile.php?id=100063200290284\" \/>\n<meta property=\"article:published_time\" content=\"2023-01-19T04:51:37+00:00\" \/>\n<meta property=\"article:modified_time\" content=\"2023-01-20T05:15:47+00:00\" \/>\n<meta property=\"og:image\" content=\"https:\/\/infoecos.com.ar\/wp-content\/uploads\/2023\/01\/image-100.png\" \/>\n\t<meta property=\"og:image:width\" content=\"1245\" \/>\n\t<meta property=\"og:image:height\" content=\"830\" \/>\n\t<meta property=\"og:image:type\" content=\"image\/png\" \/>\n<meta name=\"author\" content=\"Jorge Matheus\" \/>\n<meta name=\"twitter:card\" content=\"summary_large_image\" \/>\n<meta name=\"twitter:creator\" content=\"@infoecos\" \/>\n<meta name=\"twitter:site\" content=\"@infoecos\" \/>\n<meta name=\"twitter:label1\" content=\"Escrito por\" \/>\n\t<meta name=\"twitter:data1\" content=\"Jorge Matheus\" \/>\n\t<meta name=\"twitter:label2\" content=\"Tiempo de lectura\" \/>\n\t<meta name=\"twitter:data2\" content=\"7 minutos\" \/>\n<script type=\"application\/ld+json\" class=\"yoast-schema-graph\">{\"@context\":\"https:\/\/schema.org\",\"@graph\":[{\"@type\":\"Article\",\"@id\":\"https:\/\/infoecos.com.ar\/index.php\/el-intendente-fernandez-destaco-el-cambio-de-zonificacion-aprobado-por-los-concejales\/#article\",\"isPartOf\":{\"@id\":\"https:\/\/infoecos.com.ar\/index.php\/el-intendente-fernandez-destaco-el-cambio-de-zonificacion-aprobado-por-los-concejales\/\"},\"author\":{\"name\":\"Jorge Matheus\",\"@id\":\"https:\/\/infoecos.com.ar\/#\/schema\/person\/8f5ace5ce73b4b4aac4b7245aee6f191\"},\"headline\":\"El intendente Fern\u00e1ndez destac\u00f3 el cambio de zonificaci\u00f3n aprobado por los concejales\",\"datePublished\":\"2023-01-19T04:51:37+00:00\",\"dateModified\":\"2023-01-20T05:15:47+00:00\",\"mainEntityOfPage\":{\"@id\":\"https:\/\/infoecos.com.ar\/index.php\/el-intendente-fernandez-destaco-el-cambio-de-zonificacion-aprobado-por-los-concejales\/\"},\"wordCount\":1095,\"publisher\":{\"@id\":\"https:\/\/infoecos.com.ar\/#organization\"},\"image\":{\"@id\":\"https:\/\/infoecos.com.ar\/index.php\/el-intendente-fernandez-destaco-el-cambio-de-zonificacion-aprobado-por-los-concejales\/#primaryimage\"},\"thumbnailUrl\":\"https:\/\/infoecos.com.ar\/wp-content\/uploads\/2023\/01\/image-100.png\",\"keywords\":[\"AYER EN T.LAUQUEN\"],\"articleSection\":[\"C1 nota 5\"],\"inLanguage\":\"es\"},{\"@type\":\"WebPage\",\"@id\":\"https:\/\/infoecos.com.ar\/index.php\/el-intendente-fernandez-destaco-el-cambio-de-zonificacion-aprobado-por-los-concejales\/\",\"url\":\"https:\/\/infoecos.com.ar\/index.php\/el-intendente-fernandez-destaco-el-cambio-de-zonificacion-aprobado-por-los-concejales\/\",\"name\":\"El intendente Fern\u00e1ndez destac\u00f3 el cambio de zonificaci\u00f3n aprobado por los concejales - Infoecos\",\"isPartOf\":{\"@id\":\"https:\/\/infoecos.com.ar\/#website\"},\"primaryImageOfPage\":{\"@id\":\"https:\/\/infoecos.com.ar\/index.php\/el-intendente-fernandez-destaco-el-cambio-de-zonificacion-aprobado-por-los-concejales\/#primaryimage\"},\"image\":{\"@id\":\"https:\/\/infoecos.com.ar\/index.php\/el-intendente-fernandez-destaco-el-cambio-de-zonificacion-aprobado-por-los-concejales\/#primaryimage\"},\"thumbnailUrl\":\"https:\/\/infoecos.com.ar\/wp-content\/uploads\/2023\/01\/image-100.png\",\"datePublished\":\"2023-01-19T04:51:37+00:00\",\"dateModified\":\"2023-01-20T05:15:47+00:00\",\"breadcrumb\":{\"@id\":\"https:\/\/infoecos.com.ar\/index.php\/el-intendente-fernandez-destaco-el-cambio-de-zonificacion-aprobado-por-los-concejales\/#breadcrumb\"},\"inLanguage\":\"es\",\"potentialAction\":[{\"@type\":\"ReadAction\",\"target\":[\"https:\/\/infoecos.com.ar\/index.php\/el-intendente-fernandez-destaco-el-cambio-de-zonificacion-aprobado-por-los-concejales\/\"]}]},{\"@type\":\"ImageObject\",\"inLanguage\":\"es\",\"@id\":\"https:\/\/infoecos.com.ar\/index.php\/el-intendente-fernandez-destaco-el-cambio-de-zonificacion-aprobado-por-los-concejales\/#primaryimage\",\"url\":\"https:\/\/infoecos.com.ar\/wp-content\/uploads\/2023\/01\/image-100.png\",\"contentUrl\":\"https:\/\/infoecos.com.ar\/wp-content\/uploads\/2023\/01\/image-100.png\",\"width\":1245,\"height\":830},{\"@type\":\"BreadcrumbList\",\"@id\":\"https:\/\/infoecos.com.ar\/index.php\/el-intendente-fernandez-destaco-el-cambio-de-zonificacion-aprobado-por-los-concejales\/#breadcrumb\",\"itemListElement\":[{\"@type\":\"ListItem\",\"position\":1,\"name\":\"Portada\",\"item\":\"https:\/\/infoecos.com.ar\/\"},{\"@type\":\"ListItem\",\"position\":2,\"name\":\"El intendente Fern\u00e1ndez destac\u00f3 el cambio de zonificaci\u00f3n aprobado por los concejales\"}]},{\"@type\":\"WebSite\",\"@id\":\"https:\/\/infoecos.com.ar\/#website\",\"url\":\"https:\/\/infoecos.com.ar\/\",\"name\":\"Infoecos\",\"description\":\"Noticias de trenque lauquen y la zona\",\"publisher\":{\"@id\":\"https:\/\/infoecos.com.ar\/#organization\"},\"alternateName\":\"Noticias\",\"potentialAction\":[{\"@type\":\"SearchAction\",\"target\":{\"@type\":\"EntryPoint\",\"urlTemplate\":\"https:\/\/infoecos.com.ar\/?s={search_term_string}\"},\"query-input\":{\"@type\":\"PropertyValueSpecification\",\"valueRequired\":true,\"valueName\":\"search_term_string\"}}],\"inLanguage\":\"es\"},{\"@type\":\"Organization\",\"@id\":\"https:\/\/infoecos.com.ar\/#organization\",\"name\":\"Infoecos\",\"alternateName\":\"Noticias\",\"url\":\"https:\/\/infoecos.com.ar\/\",\"logo\":{\"@type\":\"ImageObject\",\"inLanguage\":\"es\",\"@id\":\"https:\/\/infoecos.com.ar\/#\/schema\/logo\/image\/\",\"url\":\"https:\/\/infoecos.com.ar\/wp-content\/uploads\/2024\/03\/cropped-logo.png\",\"contentUrl\":\"https:\/\/infoecos.com.ar\/wp-content\/uploads\/2024\/03\/cropped-logo.png\",\"width\":374,\"height\":90,\"caption\":\"Infoecos\"},\"image\":{\"@id\":\"https:\/\/infoecos.com.ar\/#\/schema\/logo\/image\/\"},\"sameAs\":[\"https:\/\/www.facebook.com\/profile.php?id=100063200290284\",\"https:\/\/x.com\/infoecos\"]},{\"@type\":\"Person\",\"@id\":\"https:\/\/infoecos.com.ar\/#\/schema\/person\/8f5ace5ce73b4b4aac4b7245aee6f191\",\"name\":\"Jorge Matheus\",\"url\":\"https:\/\/infoecos.com.ar\/index.php\/author\/jomatheus\/\"}]}<\/script>\n<!-- \/ Yoast SEO plugin. -->","yoast_head_json":{"title":"El intendente Fern\u00e1ndez destac\u00f3 el cambio de zonificaci\u00f3n aprobado por los concejales - Infoecos","robots":{"index":"index","follow":"follow","max-snippet":"max-snippet:-1","max-image-preview":"max-image-preview:large","max-video-preview":"max-video-preview:-1"},"canonical":"https:\/\/infoecos.com.ar\/index.php\/el-intendente-fernandez-destaco-el-cambio-de-zonificacion-aprobado-por-los-concejales\/","og_locale":"es_ES","og_type":"article","og_title":"El intendente Fern\u00e1ndez destac\u00f3 el cambio de zonificaci\u00f3n aprobado por los concejales - Infoecos","og_description":"El Intendente record\u00f3 que \u201cen la Ampliaci\u00f3n Urbana se llevan entregadas por parte de la Municipalidad m\u00e1s de 300 casas por C\u00edrculo Cerrado y unas 60 m\u00e1s de planes, m\u00e1s estas 56, es un enorme logro que en alrededor de 12 a\u00f1os hemos podido concretar\u201d","og_url":"https:\/\/infoecos.com.ar\/index.php\/el-intendente-fernandez-destaco-el-cambio-de-zonificacion-aprobado-por-los-concejales\/","og_site_name":"Infoecos","article_publisher":"https:\/\/www.facebook.com\/profile.php?id=100063200290284","article_published_time":"2023-01-19T04:51:37+00:00","article_modified_time":"2023-01-20T05:15:47+00:00","og_image":[{"width":1245,"height":830,"url":"https:\/\/infoecos.com.ar\/wp-content\/uploads\/2023\/01\/image-100.png","type":"image\/png"}],"author":"Jorge Matheus","twitter_card":"summary_large_image","twitter_creator":"@infoecos","twitter_site":"@infoecos","twitter_misc":{"Escrito por":"Jorge Matheus","Tiempo de lectura":"7 minutos"},"schema":{"@context":"https:\/\/schema.org","@graph":[{"@type":"Article","@id":"https:\/\/infoecos.com.ar\/index.php\/el-intendente-fernandez-destaco-el-cambio-de-zonificacion-aprobado-por-los-concejales\/#article","isPartOf":{"@id":"https:\/\/infoecos.com.ar\/index.php\/el-intendente-fernandez-destaco-el-cambio-de-zonificacion-aprobado-por-los-concejales\/"},"author":{"name":"Jorge Matheus","@id":"https:\/\/infoecos.com.ar\/#\/schema\/person\/8f5ace5ce73b4b4aac4b7245aee6f191"},"headline":"El intendente Fern\u00e1ndez destac\u00f3 el cambio de zonificaci\u00f3n aprobado por los concejales","datePublished":"2023-01-19T04:51:37+00:00","dateModified":"2023-01-20T05:15:47+00:00","mainEntityOfPage":{"@id":"https:\/\/infoecos.com.ar\/index.php\/el-intendente-fernandez-destaco-el-cambio-de-zonificacion-aprobado-por-los-concejales\/"},"wordCount":1095,"publisher":{"@id":"https:\/\/infoecos.com.ar\/#organization"},"image":{"@id":"https:\/\/infoecos.com.ar\/index.php\/el-intendente-fernandez-destaco-el-cambio-de-zonificacion-aprobado-por-los-concejales\/#primaryimage"},"thumbnailUrl":"https:\/\/infoecos.com.ar\/wp-content\/uploads\/2023\/01\/image-100.png","keywords":["AYER EN T.LAUQUEN"],"articleSection":["C1 nota 5"],"inLanguage":"es"},{"@type":"WebPage","@id":"https:\/\/infoecos.com.ar\/index.php\/el-intendente-fernandez-destaco-el-cambio-de-zonificacion-aprobado-por-los-concejales\/","url":"https:\/\/infoecos.com.ar\/index.php\/el-intendente-fernandez-destaco-el-cambio-de-zonificacion-aprobado-por-los-concejales\/","name":"El intendente Fern\u00e1ndez destac\u00f3 el cambio de zonificaci\u00f3n aprobado por los concejales - Infoecos","isPartOf":{"@id":"https:\/\/infoecos.com.ar\/#website"},"primaryImageOfPage":{"@id":"https:\/\/infoecos.com.ar\/index.php\/el-intendente-fernandez-destaco-el-cambio-de-zonificacion-aprobado-por-los-concejales\/#primaryimage"},"image":{"@id":"https:\/\/infoecos.com.ar\/index.php\/el-intendente-fernandez-destaco-el-cambio-de-zonificacion-aprobado-por-los-concejales\/#primaryimage"},"thumbnailUrl":"https:\/\/infoecos.com.ar\/wp-content\/uploads\/2023\/01\/image-100.png","datePublished":"2023-01-19T04:51:37+00:00","dateModified":"2023-01-20T05:15:47+00:00","breadcrumb":{"@id":"https:\/\/infoecos.com.ar\/index.php\/el-intendente-fernandez-destaco-el-cambio-de-zonificacion-aprobado-por-los-concejales\/#breadcrumb"},"inLanguage":"es","potentialAction":[{"@type":"ReadAction","target":["https:\/\/infoecos.com.ar\/index.php\/el-intendente-fernandez-destaco-el-cambio-de-zonificacion-aprobado-por-los-concejales\/"]}]},{"@type":"ImageObject","inLanguage":"es","@id":"https:\/\/infoecos.com.ar\/index.php\/el-intendente-fernandez-destaco-el-cambio-de-zonificacion-aprobado-por-los-concejales\/#primaryimage","url":"https:\/\/infoecos.com.ar\/wp-content\/uploads\/2023\/01\/image-100.png","contentUrl":"https:\/\/infoecos.com.ar\/wp-content\/uploads\/2023\/01\/image-100.png","width":1245,"height":830},{"@type":"BreadcrumbList","@id":"https:\/\/infoecos.com.ar\/index.php\/el-intendente-fernandez-destaco-el-cambio-de-zonificacion-aprobado-por-los-concejales\/#breadcrumb","itemListElement":[{"@type":"ListItem","position":1,"name":"Portada","item":"https:\/\/infoecos.com.ar\/"},{"@type":"ListItem","position":2,"name":"El intendente Fern\u00e1ndez destac\u00f3 el cambio de zonificaci\u00f3n aprobado por los concejales"}]},{"@type":"WebSite","@id":"https:\/\/infoecos.com.ar\/#website","url":"https:\/\/infoecos.com.ar\/","name":"Infoecos","description":"Noticias de trenque lauquen y la zona","publisher":{"@id":"https:\/\/infoecos.com.ar\/#organization"},"alternateName":"Noticias","potentialAction":[{"@type":"SearchAction","target":{"@type":"EntryPoint","urlTemplate":"https:\/\/infoecos.com.ar\/?s={search_term_string}"},"query-input":{"@type":"PropertyValueSpecification","valueRequired":true,"valueName":"search_term_string"}}],"inLanguage":"es"},{"@type":"Organization","@id":"https:\/\/infoecos.com.ar\/#organization","name":"Infoecos","alternateName":"Noticias","url":"https:\/\/infoecos.com.ar\/","logo":{"@type":"ImageObject","inLanguage":"es","@id":"https:\/\/infoecos.com.ar\/#\/schema\/logo\/image\/","url":"https:\/\/infoecos.com.ar\/wp-content\/uploads\/2024\/03\/cropped-logo.png","contentUrl":"https:\/\/infoecos.com.ar\/wp-content\/uploads\/2024\/03\/cropped-logo.png","width":374,"height":90,"caption":"Infoecos"},"image":{"@id":"https:\/\/infoecos.com.ar\/#\/schema\/logo\/image\/"},"sameAs":["https:\/\/www.facebook.com\/profile.php?id=100063200290284","https:\/\/x.com\/infoecos"]},{"@type":"Person","@id":"https:\/\/infoecos.com.ar\/#\/schema\/person\/8f5ace5ce73b4b4aac4b7245aee6f191","name":"Jorge Matheus","url":"https:\/\/infoecos.com.ar\/index.php\/author\/jomatheus\/"}]}},"featured_image_urls":{"full":["https:\/\/infoecos.com.ar\/wp-content\/uploads\/2023\/01\/image-100.png",1245,830,false],"thumbnail":["https:\/\/infoecos.com.ar\/wp-content\/uploads\/2023\/01\/image-100-300x150.png",300,150,true],"medium":["https:\/\/infoecos.com.ar\/wp-content\/uploads\/2023\/01\/image-100-800x533.png",800,533,true],"medium_large":["https:\/\/infoecos.com.ar\/wp-content\/uploads\/2023\/01\/image-100-768x512.png",640,427,true],"large":["https:\/\/infoecos.com.ar\/wp-content\/uploads\/2023\/01\/image-100.png",640,427,false],"1536x1536":["https:\/\/infoecos.com.ar\/wp-content\/uploads\/2023\/01\/image-100.png",1245,830,false],"2048x2048":["https:\/\/infoecos.com.ar\/wp-content\/uploads\/2023\/01\/image-100.png",1245,830,false],"covernews-slider-full":["https:\/\/infoecos.com.ar\/wp-content\/uploads\/2023\/01\/image-100.png",1073,715,false],"covernews-slider-center":["https:\/\/infoecos.com.ar\/wp-content\/uploads\/2023\/01\/image-100-936x830.png",564,500,true],"covernews-featured":["https:\/\/infoecos.com.ar\/wp-content\/uploads\/2023\/01\/image-100-1024x683.png",1024,683,true],"covernews-medium":["https:\/\/infoecos.com.ar\/wp-content\/uploads\/2023\/01\/image-100-720x380.png",540,285,true],"covernews-medium-square":["https:\/\/infoecos.com.ar\/wp-content\/uploads\/2023\/01\/image-100-675x450.png",375,250,true]},"author_info":{"info":["Jorge Matheus"]},"category_info":"<a href=\"https:\/\/infoecos.com.ar\/index.php\/category\/c1nota5\/\" rel=\"category tag\">C1 nota 5<\/a>","tag_info":"C1 nota 5","comment_count":"0","_links":{"self":[{"href":"https:\/\/infoecos.com.ar\/index.php\/wp-json\/wp\/v2\/posts\/100175"}],"collection":[{"href":"https:\/\/infoecos.com.ar\/index.php\/wp-json\/wp\/v2\/posts"}],"about":[{"href":"https:\/\/infoecos.com.ar\/index.php\/wp-json\/wp\/v2\/types\/post"}],"author":[{"embeddable":true,"href":"https:\/\/infoecos.com.ar\/index.php\/wp-json\/wp\/v2\/users\/2"}],"replies":[{"embeddable":true,"href":"https:\/\/infoecos.com.ar\/index.php\/wp-json\/wp\/v2\/comments?post=100175"}],"version-history":[{"count":1,"href":"https:\/\/infoecos.com.ar\/index.php\/wp-json\/wp\/v2\/posts\/100175\/revisions"}],"predecessor-version":[{"id":100189,"href":"https:\/\/infoecos.com.ar\/index.php\/wp-json\/wp\/v2\/posts\/100175\/revisions\/100189"}],"wp:featuredmedia":[{"embeddable":true,"href":"https:\/\/infoecos.com.ar\/index.php\/wp-json\/wp\/v2\/media\/100188"}],"wp:attachment":[{"href":"https:\/\/infoecos.com.ar\/index.php\/wp-json\/wp\/v2\/media?parent=100175"}],"wp:term":[{"taxonomy":"category","embeddable":true,"href":"https:\/\/infoecos.com.ar\/index.php\/wp-json\/wp\/v2\/categories?post=100175"},{"taxonomy":"post_tag","embeddable":true,"href":"https:\/\/infoecos.com.ar\/index.php\/wp-json\/wp\/v2\/tags?post=100175"}],"curies":[{"name":"wp","href":"https:\/\/api.w.org\/{rel}","templated":true}]}}