{"id":100205,"date":"2023-01-19T02:33:11","date_gmt":"2023-01-19T05:33:11","guid":{"rendered":"https:\/\/infoecos.com.ar\/?p=100205"},"modified":"2023-01-21T02:19:51","modified_gmt":"2023-01-21T05:19:51","slug":"el-municipio-de-general-villegas-expone-maquinaria-vial-adquirida-con-recursos-propios","status":"publish","type":"post","link":"https:\/\/infoecos.com.ar\/index.php\/el-municipio-de-general-villegas-expone-maquinaria-vial-adquirida-con-recursos-propios\/","title":{"rendered":"El municipio de General Villegas expone maquinaria vial adquirida con recursos propios"},"content":{"rendered":"\n<p>Se exponen frente al Palacio Municipal de General Villegas las maquinarias adquiridas, por licitaci\u00f3n, con recursos propios. Ser\u00e1n utilizadas para la reconstrucci\u00f3n y mantenimiento de caminos rurales y en la limpieza de las localidades.<\/p>\n\n\n\n<figure class=\"wp-block-image aligncenter size-full is-resized\"><img loading=\"lazy\" decoding=\"async\" src=\"https:\/\/infoecos.com.ar\/wp-content\/uploads\/2023\/01\/WhatsApp-Image-2023-01-18-at-09.11.21.jpeg\" alt=\"\" class=\"wp-image-100206\" width=\"544\" height=\"725\" srcset=\"https:\/\/infoecos.com.ar\/wp-content\/uploads\/2023\/01\/WhatsApp-Image-2023-01-18-at-09.11.21.jpeg 1200w, https:\/\/infoecos.com.ar\/wp-content\/uploads\/2023\/01\/WhatsApp-Image-2023-01-18-at-09.11.21-600x800.jpeg 600w, https:\/\/infoecos.com.ar\/wp-content\/uploads\/2023\/01\/WhatsApp-Image-2023-01-18-at-09.11.21-768x1024.jpeg 768w, https:\/\/infoecos.com.ar\/wp-content\/uploads\/2023\/01\/WhatsApp-Image-2023-01-18-at-09.11.21-1152x1536.jpeg 1152w, https:\/\/infoecos.com.ar\/wp-content\/uploads\/2023\/01\/WhatsApp-Image-2023-01-18-at-09.11.21-1024x1365.jpeg 1024w\" sizes=\"(max-width: 544px) 100vw, 544px\" \/><figcaption class=\"wp-element-caption\">General Villegas &#8211; maquinaria vial<\/figcaption><\/figure>\n\n\n\n<p>Se exhiben tres tractores que ser\u00e1n de uso exclusivo en Banderal\u00f3, Santa Regina y Ca\u00f1ada Seca, dos motoniveladoras de 190HP, un tractor de 180HP con niveladora de arrastre y tres tractores de 80HP correspondientes a la Direcci\u00f3n de Vial y dos camiones de 170HP con caja volcadora que ser\u00e1n utilizados por la Direcci\u00f3n de Servicios Urbanos.<\/p>\n\n\n\n<figure class=\"wp-block-image aligncenter size-full is-resized\"><img loading=\"lazy\" decoding=\"async\" src=\"https:\/\/infoecos.com.ar\/wp-content\/uploads\/2023\/01\/WhatsApp-Image-2023-01-18-at-09.11.25.jpeg\" alt=\"\" class=\"wp-image-100207\" width=\"515\" height=\"460\" srcset=\"https:\/\/infoecos.com.ar\/wp-content\/uploads\/2023\/01\/WhatsApp-Image-2023-01-18-at-09.11.25.jpeg 971w, https:\/\/infoecos.com.ar\/wp-content\/uploads\/2023\/01\/WhatsApp-Image-2023-01-18-at-09.11.25-800x716.jpeg 800w, https:\/\/infoecos.com.ar\/wp-content\/uploads\/2023\/01\/WhatsApp-Image-2023-01-18-at-09.11.25-768x687.jpeg 768w\" sizes=\"(max-width: 515px) 100vw, 515px\" \/><figcaption class=\"wp-element-caption\">General Villegas &#8211; maquinaria vial<\/figcaption><\/figure>\n\n\n\n<p>\u201cSon maquinarias fundamentales para poder mantener los caminos, que son tan amplios y que tanto cuesta mantener. Es un esfuerzo que realiza esta gesti\u00f3n para poder dotar de maquinarias a las localidades y es a lo que apostamos, seguir invirtiendo para y por lo vecinos del Partido de General Villegas\u201d, manifest\u00f3 el intendente Campana.<\/p>\n\n\n\n<figure class=\"wp-block-gallery has-nested-images columns-default is-cropped wp-block-gallery-1 is-layout-flex wp-block-gallery-is-layout-flex\">\n<figure class=\"wp-block-image size-large\"><img loading=\"lazy\" decoding=\"async\" width=\"1600\" height=\"1200\" data-id=\"100210\" src=\"https:\/\/infoecos.com.ar\/wp-content\/uploads\/2023\/01\/WhatsApp-Image-2023-01-18-at-09.10.27-1.jpeg\" alt=\"\" class=\"wp-image-100210\" srcset=\"https:\/\/infoecos.com.ar\/wp-content\/uploads\/2023\/01\/WhatsApp-Image-2023-01-18-at-09.10.27-1.jpeg 1600w, https:\/\/infoecos.com.ar\/wp-content\/uploads\/2023\/01\/WhatsApp-Image-2023-01-18-at-09.10.27-1-800x600.jpeg 800w, https:\/\/infoecos.com.ar\/wp-content\/uploads\/2023\/01\/WhatsApp-Image-2023-01-18-at-09.10.27-1-768x576.jpeg 768w, https:\/\/infoecos.com.ar\/wp-content\/uploads\/2023\/01\/WhatsApp-Image-2023-01-18-at-09.10.27-1-1536x1152.jpeg 1536w, https:\/\/infoecos.com.ar\/wp-content\/uploads\/2023\/01\/WhatsApp-Image-2023-01-18-at-09.10.27-1-1024x768.jpeg 1024w\" sizes=\"(max-width: 1600px) 100vw, 1600px\" \/><figcaption class=\"wp-element-caption\">General Villegas &#8211; maquinaria vial<\/figcaption><\/figure>\n\n\n\n<figure class=\"wp-block-image size-large\"><img loading=\"lazy\" decoding=\"async\" width=\"1200\" height=\"1600\" data-id=\"100211\" src=\"https:\/\/infoecos.com.ar\/wp-content\/uploads\/2023\/01\/WhatsApp-Image-2023-01-18-at-09.11.21-1.jpeg\" alt=\"\" class=\"wp-image-100211\" srcset=\"https:\/\/infoecos.com.ar\/wp-content\/uploads\/2023\/01\/WhatsApp-Image-2023-01-18-at-09.11.21-1.jpeg 1200w, https:\/\/infoecos.com.ar\/wp-content\/uploads\/2023\/01\/WhatsApp-Image-2023-01-18-at-09.11.21-1-600x800.jpeg 600w, https:\/\/infoecos.com.ar\/wp-content\/uploads\/2023\/01\/WhatsApp-Image-2023-01-18-at-09.11.21-1-768x1024.jpeg 768w, https:\/\/infoecos.com.ar\/wp-content\/uploads\/2023\/01\/WhatsApp-Image-2023-01-18-at-09.11.21-1-1152x1536.jpeg 1152w, https:\/\/infoecos.com.ar\/wp-content\/uploads\/2023\/01\/WhatsApp-Image-2023-01-18-at-09.11.21-1-1024x1365.jpeg 1024w\" sizes=\"(max-width: 1200px) 100vw, 1200px\" \/><figcaption class=\"wp-element-caption\">General Villegas &#8211; maquinaria vial<\/figcaption><\/figure>\n\n\n\n<figure class=\"wp-block-image size-large\"><img loading=\"lazy\" decoding=\"async\" width=\"971\" height=\"869\" data-id=\"100208\" src=\"https:\/\/infoecos.com.ar\/wp-content\/uploads\/2023\/01\/WhatsApp-Image-2023-01-18-at-09.11.25-1.jpeg\" alt=\"\" class=\"wp-image-100208\" srcset=\"https:\/\/infoecos.com.ar\/wp-content\/uploads\/2023\/01\/WhatsApp-Image-2023-01-18-at-09.11.25-1.jpeg 971w, https:\/\/infoecos.com.ar\/wp-content\/uploads\/2023\/01\/WhatsApp-Image-2023-01-18-at-09.11.25-1-800x716.jpeg 800w, https:\/\/infoecos.com.ar\/wp-content\/uploads\/2023\/01\/WhatsApp-Image-2023-01-18-at-09.11.25-1-768x687.jpeg 768w\" sizes=\"(max-width: 971px) 100vw, 971px\" \/><figcaption class=\"wp-element-caption\">General Villegas &#8211; maquinaria vial<\/figcaption><\/figure>\n\n\n\n<figure class=\"wp-block-image size-large\"><img loading=\"lazy\" decoding=\"async\" width=\"1200\" height=\"1600\" data-id=\"100209\" src=\"https:\/\/infoecos.com.ar\/wp-content\/uploads\/2023\/01\/WhatsApp-Image-2023-01-18-at-09.11.26.jpeg\" alt=\"\" class=\"wp-image-100209\" srcset=\"https:\/\/infoecos.com.ar\/wp-content\/uploads\/2023\/01\/WhatsApp-Image-2023-01-18-at-09.11.26.jpeg 1200w, https:\/\/infoecos.com.ar\/wp-content\/uploads\/2023\/01\/WhatsApp-Image-2023-01-18-at-09.11.26-600x800.jpeg 600w, https:\/\/infoecos.com.ar\/wp-content\/uploads\/2023\/01\/WhatsApp-Image-2023-01-18-at-09.11.26-768x1024.jpeg 768w, https:\/\/infoecos.com.ar\/wp-content\/uploads\/2023\/01\/WhatsApp-Image-2023-01-18-at-09.11.26-1152x1536.jpeg 1152w, https:\/\/infoecos.com.ar\/wp-content\/uploads\/2023\/01\/WhatsApp-Image-2023-01-18-at-09.11.26-1024x1365.jpeg 1024w\" sizes=\"(max-width: 1200px) 100vw, 1200px\" \/><figcaption class=\"wp-element-caption\">General Villegas &#8211; maquinaria vial<\/figcaption><\/figure>\n<\/figure>\n","protected":false},"excerpt":{"rendered":"<p>Se exhiben tres tractores que ser\u00e1n de uso exclusivo en Banderal\u00f3, Santa Regina y Ca\u00f1ada Seca, dos motoniveladoras de 190HP, un tractor de 180HP con niveladora de arrastre y tres tractores de 80HP. entre otros<\/p>\n","protected":false},"author":2,"featured_media":100207,"comment_status":"closed","ping_status":"open","sticky":false,"template":"","format":"standard","meta":{"footnotes":""},"categories":[40],"tags":[7125],"class_list":["post-100205","post","type-post","status-publish","format-standard","has-post-thumbnail","hentry","category-inferior1","tag-caminos-rurales-y-limpieza"],"yoast_head":"<!-- This site is optimized with the Yoast SEO plugin v23.4 - https:\/\/yoast.com\/wordpress\/plugins\/seo\/ -->\n<title>El municipio de General Villegas expone maquinaria vial adquirida con recursos propios - Infoecos<\/title>\n<meta name=\"robots\" content=\"index, follow, max-snippet:-1, max-image-preview:large, max-video-preview:-1\" \/>\n<link rel=\"canonical\" href=\"https:\/\/infoecos.com.ar\/index.php\/el-municipio-de-general-villegas-expone-maquinaria-vial-adquirida-con-recursos-propios\/\" \/>\n<meta property=\"og:locale\" content=\"es_ES\" \/>\n<meta property=\"og:type\" content=\"article\" \/>\n<meta property=\"og:title\" content=\"El municipio de General Villegas expone maquinaria vial adquirida con recursos propios - Infoecos\" \/>\n<meta property=\"og:description\" content=\"Se exhiben tres tractores que ser\u00e1n de uso exclusivo en Banderal\u00f3, Santa Regina y Ca\u00f1ada Seca, dos motoniveladoras de 190HP, un tractor de 180HP con niveladora de arrastre y tres tractores de 80HP. entre otros\" \/>\n<meta property=\"og:url\" content=\"https:\/\/infoecos.com.ar\/index.php\/el-municipio-de-general-villegas-expone-maquinaria-vial-adquirida-con-recursos-propios\/\" \/>\n<meta property=\"og:site_name\" content=\"Infoecos\" \/>\n<meta property=\"article:publisher\" content=\"https:\/\/www.facebook.com\/profile.php?id=100063200290284\" \/>\n<meta property=\"article:published_time\" content=\"2023-01-19T05:33:11+00:00\" \/>\n<meta property=\"article:modified_time\" content=\"2023-01-21T05:19:51+00:00\" \/>\n<meta property=\"og:image\" content=\"https:\/\/infoecos.com.ar\/wp-content\/uploads\/2023\/01\/WhatsApp-Image-2023-01-18-at-09.11.25.jpeg\" \/>\n\t<meta property=\"og:image:width\" content=\"971\" \/>\n\t<meta property=\"og:image:height\" content=\"869\" \/>\n\t<meta property=\"og:image:type\" content=\"image\/jpeg\" \/>\n<meta name=\"author\" content=\"Jorge Matheus\" \/>\n<meta name=\"twitter:card\" content=\"summary_large_image\" \/>\n<meta name=\"twitter:creator\" content=\"@infoecos\" \/>\n<meta name=\"twitter:site\" content=\"@infoecos\" \/>\n<meta name=\"twitter:label1\" content=\"Escrito por\" \/>\n\t<meta name=\"twitter:data1\" content=\"Jorge Matheus\" \/>\n\t<meta name=\"twitter:label2\" content=\"Tiempo de lectura\" \/>\n\t<meta name=\"twitter:data2\" content=\"2 minutos\" \/>\n<script type=\"application\/ld+json\" class=\"yoast-schema-graph\">{\"@context\":\"https:\/\/schema.org\",\"@graph\":[{\"@type\":\"Article\",\"@id\":\"https:\/\/infoecos.com.ar\/index.php\/el-municipio-de-general-villegas-expone-maquinaria-vial-adquirida-con-recursos-propios\/#article\",\"isPartOf\":{\"@id\":\"https:\/\/infoecos.com.ar\/index.php\/el-municipio-de-general-villegas-expone-maquinaria-vial-adquirida-con-recursos-propios\/\"},\"author\":{\"name\":\"Jorge Matheus\",\"@id\":\"https:\/\/infoecos.com.ar\/#\/schema\/person\/8f5ace5ce73b4b4aac4b7245aee6f191\"},\"headline\":\"El municipio de General Villegas expone maquinaria vial adquirida con recursos propios\",\"datePublished\":\"2023-01-19T05:33:11+00:00\",\"dateModified\":\"2023-01-21T05:19:51+00:00\",\"mainEntityOfPage\":{\"@id\":\"https:\/\/infoecos.com.ar\/index.php\/el-municipio-de-general-villegas-expone-maquinaria-vial-adquirida-con-recursos-propios\/\"},\"wordCount\":195,\"publisher\":{\"@id\":\"https:\/\/infoecos.com.ar\/#organization\"},\"image\":{\"@id\":\"https:\/\/infoecos.com.ar\/index.php\/el-municipio-de-general-villegas-expone-maquinaria-vial-adquirida-con-recursos-propios\/#primaryimage\"},\"thumbnailUrl\":\"https:\/\/infoecos.com.ar\/wp-content\/uploads\/2023\/01\/WhatsApp-Image-2023-01-18-at-09.11.25.jpeg\",\"keywords\":[\"caminos rurales y limpieza\"],\"articleSection\":[\"Bloque inferior - 1\"],\"inLanguage\":\"es\"},{\"@type\":\"WebPage\",\"@id\":\"https:\/\/infoecos.com.ar\/index.php\/el-municipio-de-general-villegas-expone-maquinaria-vial-adquirida-con-recursos-propios\/\",\"url\":\"https:\/\/infoecos.com.ar\/index.php\/el-municipio-de-general-villegas-expone-maquinaria-vial-adquirida-con-recursos-propios\/\",\"name\":\"El municipio de General Villegas expone maquinaria vial adquirida con recursos propios - Infoecos\",\"isPartOf\":{\"@id\":\"https:\/\/infoecos.com.ar\/#website\"},\"primaryImageOfPage\":{\"@id\":\"https:\/\/infoecos.com.ar\/index.php\/el-municipio-de-general-villegas-expone-maquinaria-vial-adquirida-con-recursos-propios\/#primaryimage\"},\"image\":{\"@id\":\"https:\/\/infoecos.com.ar\/index.php\/el-municipio-de-general-villegas-expone-maquinaria-vial-adquirida-con-recursos-propios\/#primaryimage\"},\"thumbnailUrl\":\"https:\/\/infoecos.com.ar\/wp-content\/uploads\/2023\/01\/WhatsApp-Image-2023-01-18-at-09.11.25.jpeg\",\"datePublished\":\"2023-01-19T05:33:11+00:00\",\"dateModified\":\"2023-01-21T05:19:51+00:00\",\"breadcrumb\":{\"@id\":\"https:\/\/infoecos.com.ar\/index.php\/el-municipio-de-general-villegas-expone-maquinaria-vial-adquirida-con-recursos-propios\/#breadcrumb\"},\"inLanguage\":\"es\",\"potentialAction\":[{\"@type\":\"ReadAction\",\"target\":[\"https:\/\/infoecos.com.ar\/index.php\/el-municipio-de-general-villegas-expone-maquinaria-vial-adquirida-con-recursos-propios\/\"]}]},{\"@type\":\"ImageObject\",\"inLanguage\":\"es\",\"@id\":\"https:\/\/infoecos.com.ar\/index.php\/el-municipio-de-general-villegas-expone-maquinaria-vial-adquirida-con-recursos-propios\/#primaryimage\",\"url\":\"https:\/\/infoecos.com.ar\/wp-content\/uploads\/2023\/01\/WhatsApp-Image-2023-01-18-at-09.11.25.jpeg\",\"contentUrl\":\"https:\/\/infoecos.com.ar\/wp-content\/uploads\/2023\/01\/WhatsApp-Image-2023-01-18-at-09.11.25.jpeg\",\"width\":971,\"height\":869},{\"@type\":\"BreadcrumbList\",\"@id\":\"https:\/\/infoecos.com.ar\/index.php\/el-municipio-de-general-villegas-expone-maquinaria-vial-adquirida-con-recursos-propios\/#breadcrumb\",\"itemListElement\":[{\"@type\":\"ListItem\",\"position\":1,\"name\":\"Portada\",\"item\":\"https:\/\/infoecos.com.ar\/\"},{\"@type\":\"ListItem\",\"position\":2,\"name\":\"El municipio de General Villegas expone maquinaria vial adquirida con recursos propios\"}]},{\"@type\":\"WebSite\",\"@id\":\"https:\/\/infoecos.com.ar\/#website\",\"url\":\"https:\/\/infoecos.com.ar\/\",\"name\":\"Infoecos\",\"description\":\"Noticias de trenque lauquen y la zona\",\"publisher\":{\"@id\":\"https:\/\/infoecos.com.ar\/#organization\"},\"alternateName\":\"Noticias\",\"potentialAction\":[{\"@type\":\"SearchAction\",\"target\":{\"@type\":\"EntryPoint\",\"urlTemplate\":\"https:\/\/infoecos.com.ar\/?s={search_term_string}\"},\"query-input\":{\"@type\":\"PropertyValueSpecification\",\"valueRequired\":true,\"valueName\":\"search_term_string\"}}],\"inLanguage\":\"es\"},{\"@type\":\"Organization\",\"@id\":\"https:\/\/infoecos.com.ar\/#organization\",\"name\":\"Infoecos\",\"alternateName\":\"Noticias\",\"url\":\"https:\/\/infoecos.com.ar\/\",\"logo\":{\"@type\":\"ImageObject\",\"inLanguage\":\"es\",\"@id\":\"https:\/\/infoecos.com.ar\/#\/schema\/logo\/image\/\",\"url\":\"https:\/\/infoecos.com.ar\/wp-content\/uploads\/2024\/03\/cropped-logo.png\",\"contentUrl\":\"https:\/\/infoecos.com.ar\/wp-content\/uploads\/2024\/03\/cropped-logo.png\",\"width\":374,\"height\":90,\"caption\":\"Infoecos\"},\"image\":{\"@id\":\"https:\/\/infoecos.com.ar\/#\/schema\/logo\/image\/\"},\"sameAs\":[\"https:\/\/www.facebook.com\/profile.php?id=100063200290284\",\"https:\/\/x.com\/infoecos\"]},{\"@type\":\"Person\",\"@id\":\"https:\/\/infoecos.com.ar\/#\/schema\/person\/8f5ace5ce73b4b4aac4b7245aee6f191\",\"name\":\"Jorge Matheus\",\"url\":\"https:\/\/infoecos.com.ar\/index.php\/author\/jomatheus\/\"}]}<\/script>\n<!-- \/ Yoast SEO plugin. -->","yoast_head_json":{"title":"El municipio de General Villegas expone maquinaria vial adquirida con recursos propios - Infoecos","robots":{"index":"index","follow":"follow","max-snippet":"max-snippet:-1","max-image-preview":"max-image-preview:large","max-video-preview":"max-video-preview:-1"},"canonical":"https:\/\/infoecos.com.ar\/index.php\/el-municipio-de-general-villegas-expone-maquinaria-vial-adquirida-con-recursos-propios\/","og_locale":"es_ES","og_type":"article","og_title":"El municipio de General Villegas expone maquinaria vial adquirida con recursos propios - Infoecos","og_description":"Se exhiben tres tractores que ser\u00e1n de uso exclusivo en Banderal\u00f3, Santa Regina y Ca\u00f1ada Seca, dos motoniveladoras de 190HP, un tractor de 180HP con niveladora de arrastre y tres tractores de 80HP. entre otros","og_url":"https:\/\/infoecos.com.ar\/index.php\/el-municipio-de-general-villegas-expone-maquinaria-vial-adquirida-con-recursos-propios\/","og_site_name":"Infoecos","article_publisher":"https:\/\/www.facebook.com\/profile.php?id=100063200290284","article_published_time":"2023-01-19T05:33:11+00:00","article_modified_time":"2023-01-21T05:19:51+00:00","og_image":[{"width":971,"height":869,"url":"https:\/\/infoecos.com.ar\/wp-content\/uploads\/2023\/01\/WhatsApp-Image-2023-01-18-at-09.11.25.jpeg","type":"image\/jpeg"}],"author":"Jorge Matheus","twitter_card":"summary_large_image","twitter_creator":"@infoecos","twitter_site":"@infoecos","twitter_misc":{"Escrito por":"Jorge Matheus","Tiempo de lectura":"2 minutos"},"schema":{"@context":"https:\/\/schema.org","@graph":[{"@type":"Article","@id":"https:\/\/infoecos.com.ar\/index.php\/el-municipio-de-general-villegas-expone-maquinaria-vial-adquirida-con-recursos-propios\/#article","isPartOf":{"@id":"https:\/\/infoecos.com.ar\/index.php\/el-municipio-de-general-villegas-expone-maquinaria-vial-adquirida-con-recursos-propios\/"},"author":{"name":"Jorge Matheus","@id":"https:\/\/infoecos.com.ar\/#\/schema\/person\/8f5ace5ce73b4b4aac4b7245aee6f191"},"headline":"El municipio de General Villegas expone maquinaria vial adquirida con recursos propios","datePublished":"2023-01-19T05:33:11+00:00","dateModified":"2023-01-21T05:19:51+00:00","mainEntityOfPage":{"@id":"https:\/\/infoecos.com.ar\/index.php\/el-municipio-de-general-villegas-expone-maquinaria-vial-adquirida-con-recursos-propios\/"},"wordCount":195,"publisher":{"@id":"https:\/\/infoecos.com.ar\/#organization"},"image":{"@id":"https:\/\/infoecos.com.ar\/index.php\/el-municipio-de-general-villegas-expone-maquinaria-vial-adquirida-con-recursos-propios\/#primaryimage"},"thumbnailUrl":"https:\/\/infoecos.com.ar\/wp-content\/uploads\/2023\/01\/WhatsApp-Image-2023-01-18-at-09.11.25.jpeg","keywords":["caminos rurales y limpieza"],"articleSection":["Bloque inferior - 1"],"inLanguage":"es"},{"@type":"WebPage","@id":"https:\/\/infoecos.com.ar\/index.php\/el-municipio-de-general-villegas-expone-maquinaria-vial-adquirida-con-recursos-propios\/","url":"https:\/\/infoecos.com.ar\/index.php\/el-municipio-de-general-villegas-expone-maquinaria-vial-adquirida-con-recursos-propios\/","name":"El municipio de General Villegas expone maquinaria vial adquirida con recursos propios - Infoecos","isPartOf":{"@id":"https:\/\/infoecos.com.ar\/#website"},"primaryImageOfPage":{"@id":"https:\/\/infoecos.com.ar\/index.php\/el-municipio-de-general-villegas-expone-maquinaria-vial-adquirida-con-recursos-propios\/#primaryimage"},"image":{"@id":"https:\/\/infoecos.com.ar\/index.php\/el-municipio-de-general-villegas-expone-maquinaria-vial-adquirida-con-recursos-propios\/#primaryimage"},"thumbnailUrl":"https:\/\/infoecos.com.ar\/wp-content\/uploads\/2023\/01\/WhatsApp-Image-2023-01-18-at-09.11.25.jpeg","datePublished":"2023-01-19T05:33:11+00:00","dateModified":"2023-01-21T05:19:51+00:00","breadcrumb":{"@id":"https:\/\/infoecos.com.ar\/index.php\/el-municipio-de-general-villegas-expone-maquinaria-vial-adquirida-con-recursos-propios\/#breadcrumb"},"inLanguage":"es","potentialAction":[{"@type":"ReadAction","target":["https:\/\/infoecos.com.ar\/index.php\/el-municipio-de-general-villegas-expone-maquinaria-vial-adquirida-con-recursos-propios\/"]}]},{"@type":"ImageObject","inLanguage":"es","@id":"https:\/\/infoecos.com.ar\/index.php\/el-municipio-de-general-villegas-expone-maquinaria-vial-adquirida-con-recursos-propios\/#primaryimage","url":"https:\/\/infoecos.com.ar\/wp-content\/uploads\/2023\/01\/WhatsApp-Image-2023-01-18-at-09.11.25.jpeg","contentUrl":"https:\/\/infoecos.com.ar\/wp-content\/uploads\/2023\/01\/WhatsApp-Image-2023-01-18-at-09.11.25.jpeg","width":971,"height":869},{"@type":"BreadcrumbList","@id":"https:\/\/infoecos.com.ar\/index.php\/el-municipio-de-general-villegas-expone-maquinaria-vial-adquirida-con-recursos-propios\/#breadcrumb","itemListElement":[{"@type":"ListItem","position":1,"name":"Portada","item":"https:\/\/infoecos.com.ar\/"},{"@type":"ListItem","position":2,"name":"El municipio de General Villegas expone maquinaria vial adquirida con recursos propios"}]},{"@type":"WebSite","@id":"https:\/\/infoecos.com.ar\/#website","url":"https:\/\/infoecos.com.ar\/","name":"Infoecos","description":"Noticias de trenque lauquen y la zona","publisher":{"@id":"https:\/\/infoecos.com.ar\/#organization"},"alternateName":"Noticias","potentialAction":[{"@type":"SearchAction","target":{"@type":"EntryPoint","urlTemplate":"https:\/\/infoecos.com.ar\/?s={search_term_string}"},"query-input":{"@type":"PropertyValueSpecification","valueRequired":true,"valueName":"search_term_string"}}],"inLanguage":"es"},{"@type":"Organization","@id":"https:\/\/infoecos.com.ar\/#organization","name":"Infoecos","alternateName":"Noticias","url":"https:\/\/infoecos.com.ar\/","logo":{"@type":"ImageObject","inLanguage":"es","@id":"https:\/\/infoecos.com.ar\/#\/schema\/logo\/image\/","url":"https:\/\/infoecos.com.ar\/wp-content\/uploads\/2024\/03\/cropped-logo.png","contentUrl":"https:\/\/infoecos.com.ar\/wp-content\/uploads\/2024\/03\/cropped-logo.png","width":374,"height":90,"caption":"Infoecos"},"image":{"@id":"https:\/\/infoecos.com.ar\/#\/schema\/logo\/image\/"},"sameAs":["https:\/\/www.facebook.com\/profile.php?id=100063200290284","https:\/\/x.com\/infoecos"]},{"@type":"Person","@id":"https:\/\/infoecos.com.ar\/#\/schema\/person\/8f5ace5ce73b4b4aac4b7245aee6f191","name":"Jorge Matheus","url":"https:\/\/infoecos.com.ar\/index.php\/author\/jomatheus\/"}]}},"featured_image_urls":{"full":["https:\/\/infoecos.com.ar\/wp-content\/uploads\/2023\/01\/WhatsApp-Image-2023-01-18-at-09.11.25.jpeg",971,869,false],"thumbnail":["https:\/\/infoecos.com.ar\/wp-content\/uploads\/2023\/01\/WhatsApp-Image-2023-01-18-at-09.11.25-300x150.jpeg",300,150,true],"medium":["https:\/\/infoecos.com.ar\/wp-content\/uploads\/2023\/01\/WhatsApp-Image-2023-01-18-at-09.11.25-800x716.jpeg",800,716,true],"medium_large":["https:\/\/infoecos.com.ar\/wp-content\/uploads\/2023\/01\/WhatsApp-Image-2023-01-18-at-09.11.25-768x687.jpeg",640,573,true],"large":["https:\/\/infoecos.com.ar\/wp-content\/uploads\/2023\/01\/WhatsApp-Image-2023-01-18-at-09.11.25.jpeg",640,573,false],"1536x1536":["https:\/\/infoecos.com.ar\/wp-content\/uploads\/2023\/01\/WhatsApp-Image-2023-01-18-at-09.11.25.jpeg",971,869,false],"2048x2048":["https:\/\/infoecos.com.ar\/wp-content\/uploads\/2023\/01\/WhatsApp-Image-2023-01-18-at-09.11.25.jpeg",971,869,false],"covernews-slider-full":["https:\/\/infoecos.com.ar\/wp-content\/uploads\/2023\/01\/WhatsApp-Image-2023-01-18-at-09.11.25.jpeg",799,715,false],"covernews-slider-center":["https:\/\/infoecos.com.ar\/wp-content\/uploads\/2023\/01\/WhatsApp-Image-2023-01-18-at-09.11.25-936x869.jpeg",539,500,true],"covernews-featured":["https:\/\/infoecos.com.ar\/wp-content\/uploads\/2023\/01\/WhatsApp-Image-2023-01-18-at-09.11.25.jpeg",971,869,false],"covernews-medium":["https:\/\/infoecos.com.ar\/wp-content\/uploads\/2023\/01\/WhatsApp-Image-2023-01-18-at-09.11.25-720x380.jpeg",540,285,true],"covernews-medium-square":["https:\/\/infoecos.com.ar\/wp-content\/uploads\/2023\/01\/WhatsApp-Image-2023-01-18-at-09.11.25-675x450.jpeg",375,250,true]},"author_info":{"info":["Jorge Matheus"]},"category_info":"<a href=\"https:\/\/infoecos.com.ar\/index.php\/category\/inferior1\/\" rel=\"category tag\">Bloque inferior - 1<\/a>","tag_info":"Bloque inferior - 1","comment_count":"0","_links":{"self":[{"href":"https:\/\/infoecos.com.ar\/index.php\/wp-json\/wp\/v2\/posts\/100205"}],"collection":[{"href":"https:\/\/infoecos.com.ar\/index.php\/wp-json\/wp\/v2\/posts"}],"about":[{"href":"https:\/\/infoecos.com.ar\/index.php\/wp-json\/wp\/v2\/types\/post"}],"author":[{"embeddable":true,"href":"https:\/\/infoecos.com.ar\/index.php\/wp-json\/wp\/v2\/users\/2"}],"replies":[{"embeddable":true,"href":"https:\/\/infoecos.com.ar\/index.php\/wp-json\/wp\/v2\/comments?post=100205"}],"version-history":[{"count":2,"href":"https:\/\/infoecos.com.ar\/index.php\/wp-json\/wp\/v2\/posts\/100205\/revisions"}],"predecessor-version":[{"id":100214,"href":"https:\/\/infoecos.com.ar\/index.php\/wp-json\/wp\/v2\/posts\/100205\/revisions\/100214"}],"wp:featuredmedia":[{"embeddable":true,"href":"https:\/\/infoecos.com.ar\/index.php\/wp-json\/wp\/v2\/media\/100207"}],"wp:attachment":[{"href":"https:\/\/infoecos.com.ar\/index.php\/wp-json\/wp\/v2\/media?parent=100205"}],"wp:term":[{"taxonomy":"category","embeddable":true,"href":"https:\/\/infoecos.com.ar\/index.php\/wp-json\/wp\/v2\/categories?post=100205"},{"taxonomy":"post_tag","embeddable":true,"href":"https:\/\/infoecos.com.ar\/index.php\/wp-json\/wp\/v2\/tags?post=100205"}],"curies":[{"name":"wp","href":"https:\/\/api.w.org\/{rel}","templated":true}]}}