{"id":100271,"date":"2023-01-19T20:22:31","date_gmt":"2023-01-19T23:22:31","guid":{"rendered":"https:\/\/infoecos.com.ar\/?p=100271"},"modified":"2023-01-19T20:22:31","modified_gmt":"2023-01-19T23:22:31","slug":"vuelco-espectacular-en-ruta-188-entre-banderalo-y-villegas-sin-victimas-ni-heridos-graves","status":"publish","type":"post","link":"https:\/\/infoecos.com.ar\/index.php\/vuelco-espectacular-en-ruta-188-entre-banderalo-y-villegas-sin-victimas-ni-heridos-graves\/","title":{"rendered":"Vuelco espectacular en Ruta 188, entre Banderal\u00f3 y Villegas, sin v\u00edctimas, ni heridos graves"},"content":{"rendered":"\n<p>En las primeras horas de la tarde de este jueves se produjo un despiste y vuelco en el kil\u00f3metro 380 de la Ruta Nacional N\u00b0 188, se\u00f1ala el sitio diarioactualidad.com. <\/p>\n\n\n\n<figure class=\"wp-block-image aligncenter size-full is-resized\"><img loading=\"lazy\" decoding=\"async\" src=\"https:\/\/infoecos.com.ar\/wp-content\/uploads\/2023\/01\/a9f99154-5d66-45aa-bc11-b122b12fa029-1.jpg\" alt=\"\" class=\"wp-image-100272\" width=\"581\" height=\"436\" srcset=\"https:\/\/infoecos.com.ar\/wp-content\/uploads\/2023\/01\/a9f99154-5d66-45aa-bc11-b122b12fa029-1.jpg 800w, https:\/\/infoecos.com.ar\/wp-content\/uploads\/2023\/01\/a9f99154-5d66-45aa-bc11-b122b12fa029-1-768x576.jpg 768w\" sizes=\"(max-width: 581px) 100vw, 581px\" \/><\/figure>\n\n\n\n<p>Por causas que a\u00fan se desconocen, el un autom\u00f3vil se accident\u00f3 sobre una recta. El Chevrolet Cobalt, dominio AE047LI, era conducido por Paula Arellano (27), quien viajaba acompa\u00f1ada por Juan Ferreyra (29), Liliana Rosa Ocampo (72), Liliana Carolina Pinardi (47) y Jorge Enrique Pinardi (76).<\/p>\n\n\n\n<p>El veh\u00edculo transitaba en sentido Banderal\u00f3 \u2013 Villegas cuando despist\u00f3 hacia la banquina, en la mano contraria; y volc\u00f3.<\/p>\n\n\n\n<figure class=\"wp-block-image aligncenter size-full is-resized\"><img loading=\"lazy\" decoding=\"async\" src=\"https:\/\/infoecos.com.ar\/wp-content\/uploads\/2023\/01\/25bdb229-f39f-4d05-929c-609c9a69f1f5.jpg\" alt=\"\" class=\"wp-image-100273\" width=\"586\" height=\"330\" srcset=\"https:\/\/infoecos.com.ar\/wp-content\/uploads\/2023\/01\/25bdb229-f39f-4d05-929c-609c9a69f1f5.jpg 800w, https:\/\/infoecos.com.ar\/wp-content\/uploads\/2023\/01\/25bdb229-f39f-4d05-929c-609c9a69f1f5-768x432.jpg 768w\" sizes=\"(max-width: 586px) 100vw, 586px\" \/><\/figure>\n\n\n\n<p>Personal de Bomberos Voluntarios y de la polic\u00eda trabajaron en el lugar, constatando que los ocupantes del auto resultaron ilesos; y que hab\u00edan salido por sus propios medios del veh\u00edculo. De todos modos se los traslad\u00f3 al Hospital municipal para ser atendidos.<\/p>\n\n\n\n<p>Las personas accidentadas son oriundas de San Juan y viajaban con destino a Mar del Plata.<\/p>\n","protected":false},"excerpt":{"rendered":"<p>Por causas que a\u00fan se desconocen, el un autom\u00f3vil se accident\u00f3 sobre una recta<\/p>\n","protected":false},"author":2,"featured_media":100272,"comment_status":"closed","ping_status":"open","sticky":false,"template":"","format":"standard","meta":{"footnotes":""},"categories":[25],"tags":[7134],"class_list":["post-100271","post","type-post","status-publish","format-standard","has-post-thumbnail","hentry","category-c3nota1","tag-fuente-diario-actualidad"],"yoast_head":"<!-- This site is optimized with the Yoast SEO plugin v23.4 - https:\/\/yoast.com\/wordpress\/plugins\/seo\/ -->\n<title>Vuelco espectacular en Ruta 188, entre Banderal\u00f3 y Villegas, sin v\u00edctimas, ni heridos graves - Infoecos<\/title>\n<meta name=\"robots\" content=\"index, follow, max-snippet:-1, max-image-preview:large, max-video-preview:-1\" \/>\n<link rel=\"canonical\" href=\"https:\/\/infoecos.com.ar\/index.php\/vuelco-espectacular-en-ruta-188-entre-banderalo-y-villegas-sin-victimas-ni-heridos-graves\/\" \/>\n<meta property=\"og:locale\" content=\"es_ES\" \/>\n<meta property=\"og:type\" content=\"article\" \/>\n<meta property=\"og:title\" content=\"Vuelco espectacular en Ruta 188, entre Banderal\u00f3 y Villegas, sin v\u00edctimas, ni heridos graves - Infoecos\" \/>\n<meta property=\"og:description\" content=\"Por causas que a\u00fan se desconocen, el un autom\u00f3vil se accident\u00f3 sobre una recta\" \/>\n<meta property=\"og:url\" content=\"https:\/\/infoecos.com.ar\/index.php\/vuelco-espectacular-en-ruta-188-entre-banderalo-y-villegas-sin-victimas-ni-heridos-graves\/\" \/>\n<meta property=\"og:site_name\" content=\"Infoecos\" \/>\n<meta property=\"article:publisher\" content=\"https:\/\/www.facebook.com\/profile.php?id=100063200290284\" \/>\n<meta property=\"article:published_time\" content=\"2023-01-19T23:22:31+00:00\" \/>\n<meta property=\"og:image\" content=\"https:\/\/infoecos.com.ar\/wp-content\/uploads\/2023\/01\/a9f99154-5d66-45aa-bc11-b122b12fa029-1.jpg\" \/>\n\t<meta property=\"og:image:width\" content=\"800\" \/>\n\t<meta property=\"og:image:height\" content=\"600\" \/>\n\t<meta property=\"og:image:type\" content=\"image\/jpeg\" \/>\n<meta name=\"author\" content=\"Jorge Matheus\" \/>\n<meta name=\"twitter:card\" content=\"summary_large_image\" \/>\n<meta name=\"twitter:creator\" content=\"@infoecos\" \/>\n<meta name=\"twitter:site\" content=\"@infoecos\" \/>\n<meta name=\"twitter:label1\" content=\"Escrito por\" \/>\n\t<meta name=\"twitter:data1\" content=\"Jorge Matheus\" \/>\n\t<meta name=\"twitter:label2\" content=\"Tiempo de lectura\" \/>\n\t<meta name=\"twitter:data2\" content=\"2 minutos\" \/>\n<script type=\"application\/ld+json\" class=\"yoast-schema-graph\">{\"@context\":\"https:\/\/schema.org\",\"@graph\":[{\"@type\":\"Article\",\"@id\":\"https:\/\/infoecos.com.ar\/index.php\/vuelco-espectacular-en-ruta-188-entre-banderalo-y-villegas-sin-victimas-ni-heridos-graves\/#article\",\"isPartOf\":{\"@id\":\"https:\/\/infoecos.com.ar\/index.php\/vuelco-espectacular-en-ruta-188-entre-banderalo-y-villegas-sin-victimas-ni-heridos-graves\/\"},\"author\":{\"name\":\"Jorge Matheus\",\"@id\":\"https:\/\/infoecos.com.ar\/#\/schema\/person\/8f5ace5ce73b4b4aac4b7245aee6f191\"},\"headline\":\"Vuelco espectacular en Ruta 188, entre Banderal\u00f3 y Villegas, sin v\u00edctimas, ni heridos graves\",\"datePublished\":\"2023-01-19T23:22:31+00:00\",\"dateModified\":\"2023-01-19T23:22:31+00:00\",\"mainEntityOfPage\":{\"@id\":\"https:\/\/infoecos.com.ar\/index.php\/vuelco-espectacular-en-ruta-188-entre-banderalo-y-villegas-sin-victimas-ni-heridos-graves\/\"},\"wordCount\":169,\"publisher\":{\"@id\":\"https:\/\/infoecos.com.ar\/#organization\"},\"image\":{\"@id\":\"https:\/\/infoecos.com.ar\/index.php\/vuelco-espectacular-en-ruta-188-entre-banderalo-y-villegas-sin-victimas-ni-heridos-graves\/#primaryimage\"},\"thumbnailUrl\":\"https:\/\/infoecos.com.ar\/wp-content\/uploads\/2023\/01\/a9f99154-5d66-45aa-bc11-b122b12fa029-1.jpg\",\"keywords\":[\"fuente: DIARIO ACTUALIDAD\"],\"articleSection\":[\"C3 N1\"],\"inLanguage\":\"es\"},{\"@type\":\"WebPage\",\"@id\":\"https:\/\/infoecos.com.ar\/index.php\/vuelco-espectacular-en-ruta-188-entre-banderalo-y-villegas-sin-victimas-ni-heridos-graves\/\",\"url\":\"https:\/\/infoecos.com.ar\/index.php\/vuelco-espectacular-en-ruta-188-entre-banderalo-y-villegas-sin-victimas-ni-heridos-graves\/\",\"name\":\"Vuelco espectacular en Ruta 188, entre Banderal\u00f3 y Villegas, sin v\u00edctimas, ni heridos graves - Infoecos\",\"isPartOf\":{\"@id\":\"https:\/\/infoecos.com.ar\/#website\"},\"primaryImageOfPage\":{\"@id\":\"https:\/\/infoecos.com.ar\/index.php\/vuelco-espectacular-en-ruta-188-entre-banderalo-y-villegas-sin-victimas-ni-heridos-graves\/#primaryimage\"},\"image\":{\"@id\":\"https:\/\/infoecos.com.ar\/index.php\/vuelco-espectacular-en-ruta-188-entre-banderalo-y-villegas-sin-victimas-ni-heridos-graves\/#primaryimage\"},\"thumbnailUrl\":\"https:\/\/infoecos.com.ar\/wp-content\/uploads\/2023\/01\/a9f99154-5d66-45aa-bc11-b122b12fa029-1.jpg\",\"datePublished\":\"2023-01-19T23:22:31+00:00\",\"dateModified\":\"2023-01-19T23:22:31+00:00\",\"breadcrumb\":{\"@id\":\"https:\/\/infoecos.com.ar\/index.php\/vuelco-espectacular-en-ruta-188-entre-banderalo-y-villegas-sin-victimas-ni-heridos-graves\/#breadcrumb\"},\"inLanguage\":\"es\",\"potentialAction\":[{\"@type\":\"ReadAction\",\"target\":[\"https:\/\/infoecos.com.ar\/index.php\/vuelco-espectacular-en-ruta-188-entre-banderalo-y-villegas-sin-victimas-ni-heridos-graves\/\"]}]},{\"@type\":\"ImageObject\",\"inLanguage\":\"es\",\"@id\":\"https:\/\/infoecos.com.ar\/index.php\/vuelco-espectacular-en-ruta-188-entre-banderalo-y-villegas-sin-victimas-ni-heridos-graves\/#primaryimage\",\"url\":\"https:\/\/infoecos.com.ar\/wp-content\/uploads\/2023\/01\/a9f99154-5d66-45aa-bc11-b122b12fa029-1.jpg\",\"contentUrl\":\"https:\/\/infoecos.com.ar\/wp-content\/uploads\/2023\/01\/a9f99154-5d66-45aa-bc11-b122b12fa029-1.jpg\",\"width\":800,\"height\":600},{\"@type\":\"BreadcrumbList\",\"@id\":\"https:\/\/infoecos.com.ar\/index.php\/vuelco-espectacular-en-ruta-188-entre-banderalo-y-villegas-sin-victimas-ni-heridos-graves\/#breadcrumb\",\"itemListElement\":[{\"@type\":\"ListItem\",\"position\":1,\"name\":\"Portada\",\"item\":\"https:\/\/infoecos.com.ar\/\"},{\"@type\":\"ListItem\",\"position\":2,\"name\":\"Vuelco espectacular en Ruta 188, entre Banderal\u00f3 y Villegas, sin v\u00edctimas, ni heridos graves\"}]},{\"@type\":\"WebSite\",\"@id\":\"https:\/\/infoecos.com.ar\/#website\",\"url\":\"https:\/\/infoecos.com.ar\/\",\"name\":\"Infoecos\",\"description\":\"Noticias de trenque lauquen y la zona\",\"publisher\":{\"@id\":\"https:\/\/infoecos.com.ar\/#organization\"},\"alternateName\":\"Noticias\",\"potentialAction\":[{\"@type\":\"SearchAction\",\"target\":{\"@type\":\"EntryPoint\",\"urlTemplate\":\"https:\/\/infoecos.com.ar\/?s={search_term_string}\"},\"query-input\":{\"@type\":\"PropertyValueSpecification\",\"valueRequired\":true,\"valueName\":\"search_term_string\"}}],\"inLanguage\":\"es\"},{\"@type\":\"Organization\",\"@id\":\"https:\/\/infoecos.com.ar\/#organization\",\"name\":\"Infoecos\",\"alternateName\":\"Noticias\",\"url\":\"https:\/\/infoecos.com.ar\/\",\"logo\":{\"@type\":\"ImageObject\",\"inLanguage\":\"es\",\"@id\":\"https:\/\/infoecos.com.ar\/#\/schema\/logo\/image\/\",\"url\":\"https:\/\/infoecos.com.ar\/wp-content\/uploads\/2024\/03\/cropped-logo.png\",\"contentUrl\":\"https:\/\/infoecos.com.ar\/wp-content\/uploads\/2024\/03\/cropped-logo.png\",\"width\":374,\"height\":90,\"caption\":\"Infoecos\"},\"image\":{\"@id\":\"https:\/\/infoecos.com.ar\/#\/schema\/logo\/image\/\"},\"sameAs\":[\"https:\/\/www.facebook.com\/profile.php?id=100063200290284\",\"https:\/\/x.com\/infoecos\"]},{\"@type\":\"Person\",\"@id\":\"https:\/\/infoecos.com.ar\/#\/schema\/person\/8f5ace5ce73b4b4aac4b7245aee6f191\",\"name\":\"Jorge Matheus\",\"url\":\"https:\/\/infoecos.com.ar\/index.php\/author\/jomatheus\/\"}]}<\/script>\n<!-- \/ Yoast SEO plugin. -->","yoast_head_json":{"title":"Vuelco espectacular en Ruta 188, entre Banderal\u00f3 y Villegas, sin v\u00edctimas, ni heridos graves - Infoecos","robots":{"index":"index","follow":"follow","max-snippet":"max-snippet:-1","max-image-preview":"max-image-preview:large","max-video-preview":"max-video-preview:-1"},"canonical":"https:\/\/infoecos.com.ar\/index.php\/vuelco-espectacular-en-ruta-188-entre-banderalo-y-villegas-sin-victimas-ni-heridos-graves\/","og_locale":"es_ES","og_type":"article","og_title":"Vuelco espectacular en Ruta 188, entre Banderal\u00f3 y Villegas, sin v\u00edctimas, ni heridos graves - Infoecos","og_description":"Por causas que a\u00fan se desconocen, el un autom\u00f3vil se accident\u00f3 sobre una recta","og_url":"https:\/\/infoecos.com.ar\/index.php\/vuelco-espectacular-en-ruta-188-entre-banderalo-y-villegas-sin-victimas-ni-heridos-graves\/","og_site_name":"Infoecos","article_publisher":"https:\/\/www.facebook.com\/profile.php?id=100063200290284","article_published_time":"2023-01-19T23:22:31+00:00","og_image":[{"width":800,"height":600,"url":"https:\/\/infoecos.com.ar\/wp-content\/uploads\/2023\/01\/a9f99154-5d66-45aa-bc11-b122b12fa029-1.jpg","type":"image\/jpeg"}],"author":"Jorge Matheus","twitter_card":"summary_large_image","twitter_creator":"@infoecos","twitter_site":"@infoecos","twitter_misc":{"Escrito por":"Jorge Matheus","Tiempo de lectura":"2 minutos"},"schema":{"@context":"https:\/\/schema.org","@graph":[{"@type":"Article","@id":"https:\/\/infoecos.com.ar\/index.php\/vuelco-espectacular-en-ruta-188-entre-banderalo-y-villegas-sin-victimas-ni-heridos-graves\/#article","isPartOf":{"@id":"https:\/\/infoecos.com.ar\/index.php\/vuelco-espectacular-en-ruta-188-entre-banderalo-y-villegas-sin-victimas-ni-heridos-graves\/"},"author":{"name":"Jorge Matheus","@id":"https:\/\/infoecos.com.ar\/#\/schema\/person\/8f5ace5ce73b4b4aac4b7245aee6f191"},"headline":"Vuelco espectacular en Ruta 188, entre Banderal\u00f3 y Villegas, sin v\u00edctimas, ni heridos graves","datePublished":"2023-01-19T23:22:31+00:00","dateModified":"2023-01-19T23:22:31+00:00","mainEntityOfPage":{"@id":"https:\/\/infoecos.com.ar\/index.php\/vuelco-espectacular-en-ruta-188-entre-banderalo-y-villegas-sin-victimas-ni-heridos-graves\/"},"wordCount":169,"publisher":{"@id":"https:\/\/infoecos.com.ar\/#organization"},"image":{"@id":"https:\/\/infoecos.com.ar\/index.php\/vuelco-espectacular-en-ruta-188-entre-banderalo-y-villegas-sin-victimas-ni-heridos-graves\/#primaryimage"},"thumbnailUrl":"https:\/\/infoecos.com.ar\/wp-content\/uploads\/2023\/01\/a9f99154-5d66-45aa-bc11-b122b12fa029-1.jpg","keywords":["fuente: DIARIO ACTUALIDAD"],"articleSection":["C3 N1"],"inLanguage":"es"},{"@type":"WebPage","@id":"https:\/\/infoecos.com.ar\/index.php\/vuelco-espectacular-en-ruta-188-entre-banderalo-y-villegas-sin-victimas-ni-heridos-graves\/","url":"https:\/\/infoecos.com.ar\/index.php\/vuelco-espectacular-en-ruta-188-entre-banderalo-y-villegas-sin-victimas-ni-heridos-graves\/","name":"Vuelco espectacular en Ruta 188, entre Banderal\u00f3 y Villegas, sin v\u00edctimas, ni heridos graves - Infoecos","isPartOf":{"@id":"https:\/\/infoecos.com.ar\/#website"},"primaryImageOfPage":{"@id":"https:\/\/infoecos.com.ar\/index.php\/vuelco-espectacular-en-ruta-188-entre-banderalo-y-villegas-sin-victimas-ni-heridos-graves\/#primaryimage"},"image":{"@id":"https:\/\/infoecos.com.ar\/index.php\/vuelco-espectacular-en-ruta-188-entre-banderalo-y-villegas-sin-victimas-ni-heridos-graves\/#primaryimage"},"thumbnailUrl":"https:\/\/infoecos.com.ar\/wp-content\/uploads\/2023\/01\/a9f99154-5d66-45aa-bc11-b122b12fa029-1.jpg","datePublished":"2023-01-19T23:22:31+00:00","dateModified":"2023-01-19T23:22:31+00:00","breadcrumb":{"@id":"https:\/\/infoecos.com.ar\/index.php\/vuelco-espectacular-en-ruta-188-entre-banderalo-y-villegas-sin-victimas-ni-heridos-graves\/#breadcrumb"},"inLanguage":"es","potentialAction":[{"@type":"ReadAction","target":["https:\/\/infoecos.com.ar\/index.php\/vuelco-espectacular-en-ruta-188-entre-banderalo-y-villegas-sin-victimas-ni-heridos-graves\/"]}]},{"@type":"ImageObject","inLanguage":"es","@id":"https:\/\/infoecos.com.ar\/index.php\/vuelco-espectacular-en-ruta-188-entre-banderalo-y-villegas-sin-victimas-ni-heridos-graves\/#primaryimage","url":"https:\/\/infoecos.com.ar\/wp-content\/uploads\/2023\/01\/a9f99154-5d66-45aa-bc11-b122b12fa029-1.jpg","contentUrl":"https:\/\/infoecos.com.ar\/wp-content\/uploads\/2023\/01\/a9f99154-5d66-45aa-bc11-b122b12fa029-1.jpg","width":800,"height":600},{"@type":"BreadcrumbList","@id":"https:\/\/infoecos.com.ar\/index.php\/vuelco-espectacular-en-ruta-188-entre-banderalo-y-villegas-sin-victimas-ni-heridos-graves\/#breadcrumb","itemListElement":[{"@type":"ListItem","position":1,"name":"Portada","item":"https:\/\/infoecos.com.ar\/"},{"@type":"ListItem","position":2,"name":"Vuelco espectacular en Ruta 188, entre Banderal\u00f3 y Villegas, sin v\u00edctimas, ni heridos graves"}]},{"@type":"WebSite","@id":"https:\/\/infoecos.com.ar\/#website","url":"https:\/\/infoecos.com.ar\/","name":"Infoecos","description":"Noticias de trenque lauquen y la zona","publisher":{"@id":"https:\/\/infoecos.com.ar\/#organization"},"alternateName":"Noticias","potentialAction":[{"@type":"SearchAction","target":{"@type":"EntryPoint","urlTemplate":"https:\/\/infoecos.com.ar\/?s={search_term_string}"},"query-input":{"@type":"PropertyValueSpecification","valueRequired":true,"valueName":"search_term_string"}}],"inLanguage":"es"},{"@type":"Organization","@id":"https:\/\/infoecos.com.ar\/#organization","name":"Infoecos","alternateName":"Noticias","url":"https:\/\/infoecos.com.ar\/","logo":{"@type":"ImageObject","inLanguage":"es","@id":"https:\/\/infoecos.com.ar\/#\/schema\/logo\/image\/","url":"https:\/\/infoecos.com.ar\/wp-content\/uploads\/2024\/03\/cropped-logo.png","contentUrl":"https:\/\/infoecos.com.ar\/wp-content\/uploads\/2024\/03\/cropped-logo.png","width":374,"height":90,"caption":"Infoecos"},"image":{"@id":"https:\/\/infoecos.com.ar\/#\/schema\/logo\/image\/"},"sameAs":["https:\/\/www.facebook.com\/profile.php?id=100063200290284","https:\/\/x.com\/infoecos"]},{"@type":"Person","@id":"https:\/\/infoecos.com.ar\/#\/schema\/person\/8f5ace5ce73b4b4aac4b7245aee6f191","name":"Jorge Matheus","url":"https:\/\/infoecos.com.ar\/index.php\/author\/jomatheus\/"}]}},"featured_image_urls":{"full":["https:\/\/infoecos.com.ar\/wp-content\/uploads\/2023\/01\/a9f99154-5d66-45aa-bc11-b122b12fa029-1.jpg",800,600,false],"thumbnail":["https:\/\/infoecos.com.ar\/wp-content\/uploads\/2023\/01\/a9f99154-5d66-45aa-bc11-b122b12fa029-1-300x150.jpg",300,150,true],"medium":["https:\/\/infoecos.com.ar\/wp-content\/uploads\/2023\/01\/a9f99154-5d66-45aa-bc11-b122b12fa029-1.jpg",800,600,false],"medium_large":["https:\/\/infoecos.com.ar\/wp-content\/uploads\/2023\/01\/a9f99154-5d66-45aa-bc11-b122b12fa029-1-768x576.jpg",640,480,true],"large":["https:\/\/infoecos.com.ar\/wp-content\/uploads\/2023\/01\/a9f99154-5d66-45aa-bc11-b122b12fa029-1.jpg",640,480,false],"1536x1536":["https:\/\/infoecos.com.ar\/wp-content\/uploads\/2023\/01\/a9f99154-5d66-45aa-bc11-b122b12fa029-1.jpg",800,600,false],"2048x2048":["https:\/\/infoecos.com.ar\/wp-content\/uploads\/2023\/01\/a9f99154-5d66-45aa-bc11-b122b12fa029-1.jpg",800,600,false],"covernews-slider-full":["https:\/\/infoecos.com.ar\/wp-content\/uploads\/2023\/01\/a9f99154-5d66-45aa-bc11-b122b12fa029-1.jpg",800,600,false],"covernews-slider-center":["https:\/\/infoecos.com.ar\/wp-content\/uploads\/2023\/01\/a9f99154-5d66-45aa-bc11-b122b12fa029-1.jpg",667,500,false],"covernews-featured":["https:\/\/infoecos.com.ar\/wp-content\/uploads\/2023\/01\/a9f99154-5d66-45aa-bc11-b122b12fa029-1.jpg",800,600,false],"covernews-medium":["https:\/\/infoecos.com.ar\/wp-content\/uploads\/2023\/01\/a9f99154-5d66-45aa-bc11-b122b12fa029-1-720x380.jpg",540,285,true],"covernews-medium-square":["https:\/\/infoecos.com.ar\/wp-content\/uploads\/2023\/01\/a9f99154-5d66-45aa-bc11-b122b12fa029-1-675x450.jpg",375,250,true]},"author_info":{"info":["Jorge Matheus"]},"category_info":"<a href=\"https:\/\/infoecos.com.ar\/index.php\/category\/c3nota1\/\" rel=\"category tag\">C3 N1<\/a>","tag_info":"C3 N1","comment_count":"0","_links":{"self":[{"href":"https:\/\/infoecos.com.ar\/index.php\/wp-json\/wp\/v2\/posts\/100271"}],"collection":[{"href":"https:\/\/infoecos.com.ar\/index.php\/wp-json\/wp\/v2\/posts"}],"about":[{"href":"https:\/\/infoecos.com.ar\/index.php\/wp-json\/wp\/v2\/types\/post"}],"author":[{"embeddable":true,"href":"https:\/\/infoecos.com.ar\/index.php\/wp-json\/wp\/v2\/users\/2"}],"replies":[{"embeddable":true,"href":"https:\/\/infoecos.com.ar\/index.php\/wp-json\/wp\/v2\/comments?post=100271"}],"version-history":[{"count":1,"href":"https:\/\/infoecos.com.ar\/index.php\/wp-json\/wp\/v2\/posts\/100271\/revisions"}],"predecessor-version":[{"id":100274,"href":"https:\/\/infoecos.com.ar\/index.php\/wp-json\/wp\/v2\/posts\/100271\/revisions\/100274"}],"wp:featuredmedia":[{"embeddable":true,"href":"https:\/\/infoecos.com.ar\/index.php\/wp-json\/wp\/v2\/media\/100272"}],"wp:attachment":[{"href":"https:\/\/infoecos.com.ar\/index.php\/wp-json\/wp\/v2\/media?parent=100271"}],"wp:term":[{"taxonomy":"category","embeddable":true,"href":"https:\/\/infoecos.com.ar\/index.php\/wp-json\/wp\/v2\/categories?post=100271"},{"taxonomy":"post_tag","embeddable":true,"href":"https:\/\/infoecos.com.ar\/index.php\/wp-json\/wp\/v2\/tags?post=100271"}],"curies":[{"name":"wp","href":"https:\/\/api.w.org\/{rel}","templated":true}]}}