{"id":100317,"date":"2023-01-21T01:39:51","date_gmt":"2023-01-21T04:39:51","guid":{"rendered":"https:\/\/infoecos.com.ar\/?p=100317"},"modified":"2023-01-23T01:36:16","modified_gmt":"2023-01-23T04:36:16","slug":"abad-lanzo-su-candidatura-a-gobernador-y-fernandez-de-t-lauquen-fue-uno-de-los-oradores","status":"publish","type":"post","link":"https:\/\/infoecos.com.ar\/index.php\/abad-lanzo-su-candidatura-a-gobernador-y-fernandez-de-t-lauquen-fue-uno-de-los-oradores\/","title":{"rendered":"Abad lanz\u00f3 su candidatura a gobernador y Fern\u00e1ndez de T.Lauquen fue uno de los oradores"},"content":{"rendered":"\n<p><strong>\u201cHay que ganar la provincia para transformar el pa\u00eds\u201d,<\/strong> se\u00f1al\u00f3 Maximiliano Abad en el lanzamiento de su prrecandidatura a gobernador de la provincia de Buenos Aires. El dirigente se\u00f1al\u00f3 adem\u00e1s que <strong>\u201cestamos ac\u00e1 porque tenemos la voluntad inquebrantable de sacar a la Argentina del atraso, de la decadencia y de la frustraci\u00f3n\u201d<\/strong>.<\/p>\n\n\n\n<figure class=\"wp-block-image aligncenter size-full is-resized\"><img loading=\"lazy\" decoding=\"async\" src=\"https:\/\/infoecos.com.ar\/wp-content\/uploads\/2023\/01\/image-128.png\" alt=\"\" class=\"wp-image-100318\" width=\"515\" height=\"343\" srcset=\"https:\/\/infoecos.com.ar\/wp-content\/uploads\/2023\/01\/image-128.png 1024w, https:\/\/infoecos.com.ar\/wp-content\/uploads\/2023\/01\/image-128-800x534.png 800w, https:\/\/infoecos.com.ar\/wp-content\/uploads\/2023\/01\/image-128-768x512.png 768w, https:\/\/infoecos.com.ar\/wp-content\/uploads\/2023\/01\/image-128-675x450.png 675w\" sizes=\"(max-width: 515px) 100vw, 515px\" \/><figcaption class=\"wp-element-caption\">Foto: diario La Capital de Mar del Plata<\/figcaption><\/figure>\n\n\n\n<p>El acto se desarroll\u00f3 en un colmado estadio de la ciudad de Mar del Plata. Dirigentes del radicalismo como&nbsp;<strong>Ernesto Sanz, Daniel Salvador, Gast\u00f3n Manes, Jes\u00fas Rodr\u00edguez<\/strong>, Miguel Fern\u00e1ndez estuvieron presentes. <\/p>\n\n\n\n<figure class=\"wp-block-image aligncenter size-full is-resized\"><img loading=\"lazy\" decoding=\"async\" src=\"https:\/\/infoecos.com.ar\/wp-content\/uploads\/2023\/01\/image-129.png\" alt=\"\" class=\"wp-image-100319\" width=\"525\" height=\"351\" srcset=\"https:\/\/infoecos.com.ar\/wp-content\/uploads\/2023\/01\/image-129.png 1280w, https:\/\/infoecos.com.ar\/wp-content\/uploads\/2023\/01\/image-129-800x534.png 800w, https:\/\/infoecos.com.ar\/wp-content\/uploads\/2023\/01\/image-129-768x512.png 768w, https:\/\/infoecos.com.ar\/wp-content\/uploads\/2023\/01\/image-129-1024x683.png 1024w, https:\/\/infoecos.com.ar\/wp-content\/uploads\/2023\/01\/image-129-675x450.png 675w\" sizes=\"(max-width: 525px) 100vw, 525px\" \/><figcaption class=\"wp-element-caption\">Foto Diario La Capital de Mar del Plata<\/figcaption><\/figure>\n\n\n\n<p>Tambi\u00e9n se observ\u00f3 la presencia de los trenquelauquenses Valent\u00edn Miranda y Francisco Recoulat (foto con Abad y el intendente). <\/p>\n\n\n\n<figure class=\"wp-block-image aligncenter size-full is-resized\"><img loading=\"lazy\" decoding=\"async\" src=\"https:\/\/infoecos.com.ar\/wp-content\/uploads\/2023\/01\/Screenshot_20230121-012102_Instagram_2.jpg\" alt=\"\" class=\"wp-image-100320\" width=\"520\" height=\"271\"\/><figcaption class=\"wp-element-caption\">Miranda, Abad, Fern\u00e1ndez y Recoulat (Foto tomada de Instagram)<\/figcaption><\/figure>\n\n\n\n<figure class=\"wp-block-embed is-type-rich is-provider-twitter wp-block-embed-twitter\"><div class=\"wp-block-embed__wrapper\">\nhttps:\/\/twitter.com\/MFernandezTL\/status\/1616615809408696320\n<\/div><\/figure>\n\n\n\n<p>Abad ratific\u00f3 la presencia de la UCR en la alianza de Juntos por el Cambio aunque marc\u00f3 que no van a renunciar al liderazgo de la colaci\u00f3n.<\/p>\n\n\n\n<p>Para el actual diputado provincial, el desaf\u00edo consiste en \u201cconstruir una mayor\u00eda social, y un modelo de desarrollo sustentable y eso no lo vamos a hacer si no se gana la provincia de Buenos Aires\u201d.<\/p>\n\n\n\n<figure class=\"wp-block-image aligncenter size-full is-resized\"><img loading=\"lazy\" decoding=\"async\" src=\"https:\/\/infoecos.com.ar\/wp-content\/uploads\/2023\/01\/image-130.png\" alt=\"\" class=\"wp-image-100321\" width=\"534\" height=\"400\" srcset=\"https:\/\/infoecos.com.ar\/wp-content\/uploads\/2023\/01\/image-130.png 790w, https:\/\/infoecos.com.ar\/wp-content\/uploads\/2023\/01\/image-130-768x576.png 768w\" sizes=\"(max-width: 534px) 100vw, 534px\" \/><figcaption class=\"wp-element-caption\">Abad lanzamiento<\/figcaption><\/figure>\n","protected":false},"excerpt":{"rendered":"<p>Tambi\u00e9n se observ\u00f3 la presencia de los trenquelauquenses Valent\u00edn Miranda y Francisco Recoulat (foto con Abad y el intendente)<\/p>\n","protected":false},"author":2,"featured_media":100321,"comment_status":"closed","ping_status":"open","sticky":false,"template":"","format":"standard","meta":{"footnotes":""},"categories":[198],"tags":[6789],"class_list":["post-100317","post","type-post","status-publish","format-standard","has-post-thumbnail","hentry","category-c1nota5","tag-elecciones-2023"],"yoast_head":"<!-- This site is optimized with the Yoast SEO plugin v23.4 - https:\/\/yoast.com\/wordpress\/plugins\/seo\/ -->\n<title>Abad lanz\u00f3 su candidatura a gobernador y Fern\u00e1ndez de T.Lauquen fue uno de los oradores - Infoecos<\/title>\n<meta name=\"robots\" content=\"index, follow, max-snippet:-1, max-image-preview:large, max-video-preview:-1\" \/>\n<link rel=\"canonical\" href=\"https:\/\/infoecos.com.ar\/index.php\/abad-lanzo-su-candidatura-a-gobernador-y-fernandez-de-t-lauquen-fue-uno-de-los-oradores\/\" \/>\n<meta property=\"og:locale\" content=\"es_ES\" \/>\n<meta property=\"og:type\" content=\"article\" \/>\n<meta property=\"og:title\" content=\"Abad lanz\u00f3 su candidatura a gobernador y Fern\u00e1ndez de T.Lauquen fue uno de los oradores - Infoecos\" \/>\n<meta property=\"og:description\" content=\"Tambi\u00e9n se observ\u00f3 la presencia de los trenquelauquenses Valent\u00edn Miranda y Francisco Recoulat (foto con Abad y el intendente)\" \/>\n<meta property=\"og:url\" content=\"https:\/\/infoecos.com.ar\/index.php\/abad-lanzo-su-candidatura-a-gobernador-y-fernandez-de-t-lauquen-fue-uno-de-los-oradores\/\" \/>\n<meta property=\"og:site_name\" content=\"Infoecos\" \/>\n<meta property=\"article:publisher\" content=\"https:\/\/www.facebook.com\/profile.php?id=100063200290284\" \/>\n<meta property=\"article:published_time\" content=\"2023-01-21T04:39:51+00:00\" \/>\n<meta property=\"article:modified_time\" content=\"2023-01-23T04:36:16+00:00\" \/>\n<meta property=\"og:image\" content=\"https:\/\/infoecos.com.ar\/wp-content\/uploads\/2023\/01\/image-130.png\" \/>\n\t<meta property=\"og:image:width\" content=\"790\" \/>\n\t<meta property=\"og:image:height\" content=\"592\" \/>\n\t<meta property=\"og:image:type\" content=\"image\/png\" \/>\n<meta name=\"author\" content=\"Jorge Matheus\" \/>\n<meta name=\"twitter:card\" content=\"summary_large_image\" \/>\n<meta name=\"twitter:creator\" content=\"@infoecos\" \/>\n<meta name=\"twitter:site\" content=\"@infoecos\" \/>\n<meta name=\"twitter:label1\" content=\"Escrito por\" \/>\n\t<meta name=\"twitter:data1\" content=\"Jorge Matheus\" \/>\n\t<meta name=\"twitter:label2\" content=\"Tiempo de lectura\" \/>\n\t<meta name=\"twitter:data2\" content=\"2 minutos\" \/>\n<script type=\"application\/ld+json\" class=\"yoast-schema-graph\">{\"@context\":\"https:\/\/schema.org\",\"@graph\":[{\"@type\":\"Article\",\"@id\":\"https:\/\/infoecos.com.ar\/index.php\/abad-lanzo-su-candidatura-a-gobernador-y-fernandez-de-t-lauquen-fue-uno-de-los-oradores\/#article\",\"isPartOf\":{\"@id\":\"https:\/\/infoecos.com.ar\/index.php\/abad-lanzo-su-candidatura-a-gobernador-y-fernandez-de-t-lauquen-fue-uno-de-los-oradores\/\"},\"author\":{\"name\":\"Jorge Matheus\",\"@id\":\"https:\/\/infoecos.com.ar\/#\/schema\/person\/8f5ace5ce73b4b4aac4b7245aee6f191\"},\"headline\":\"Abad lanz\u00f3 su candidatura a gobernador y Fern\u00e1ndez de T.Lauquen fue uno de los oradores\",\"datePublished\":\"2023-01-21T04:39:51+00:00\",\"dateModified\":\"2023-01-23T04:36:16+00:00\",\"mainEntityOfPage\":{\"@id\":\"https:\/\/infoecos.com.ar\/index.php\/abad-lanzo-su-candidatura-a-gobernador-y-fernandez-de-t-lauquen-fue-uno-de-los-oradores\/\"},\"wordCount\":229,\"publisher\":{\"@id\":\"https:\/\/infoecos.com.ar\/#organization\"},\"image\":{\"@id\":\"https:\/\/infoecos.com.ar\/index.php\/abad-lanzo-su-candidatura-a-gobernador-y-fernandez-de-t-lauquen-fue-uno-de-los-oradores\/#primaryimage\"},\"thumbnailUrl\":\"https:\/\/infoecos.com.ar\/wp-content\/uploads\/2023\/01\/image-130.png\",\"keywords\":[\"elecciones 2023\"],\"articleSection\":[\"C1 nota 5\"],\"inLanguage\":\"es\"},{\"@type\":\"WebPage\",\"@id\":\"https:\/\/infoecos.com.ar\/index.php\/abad-lanzo-su-candidatura-a-gobernador-y-fernandez-de-t-lauquen-fue-uno-de-los-oradores\/\",\"url\":\"https:\/\/infoecos.com.ar\/index.php\/abad-lanzo-su-candidatura-a-gobernador-y-fernandez-de-t-lauquen-fue-uno-de-los-oradores\/\",\"name\":\"Abad lanz\u00f3 su candidatura a gobernador y Fern\u00e1ndez de T.Lauquen fue uno de los oradores - Infoecos\",\"isPartOf\":{\"@id\":\"https:\/\/infoecos.com.ar\/#website\"},\"primaryImageOfPage\":{\"@id\":\"https:\/\/infoecos.com.ar\/index.php\/abad-lanzo-su-candidatura-a-gobernador-y-fernandez-de-t-lauquen-fue-uno-de-los-oradores\/#primaryimage\"},\"image\":{\"@id\":\"https:\/\/infoecos.com.ar\/index.php\/abad-lanzo-su-candidatura-a-gobernador-y-fernandez-de-t-lauquen-fue-uno-de-los-oradores\/#primaryimage\"},\"thumbnailUrl\":\"https:\/\/infoecos.com.ar\/wp-content\/uploads\/2023\/01\/image-130.png\",\"datePublished\":\"2023-01-21T04:39:51+00:00\",\"dateModified\":\"2023-01-23T04:36:16+00:00\",\"breadcrumb\":{\"@id\":\"https:\/\/infoecos.com.ar\/index.php\/abad-lanzo-su-candidatura-a-gobernador-y-fernandez-de-t-lauquen-fue-uno-de-los-oradores\/#breadcrumb\"},\"inLanguage\":\"es\",\"potentialAction\":[{\"@type\":\"ReadAction\",\"target\":[\"https:\/\/infoecos.com.ar\/index.php\/abad-lanzo-su-candidatura-a-gobernador-y-fernandez-de-t-lauquen-fue-uno-de-los-oradores\/\"]}]},{\"@type\":\"ImageObject\",\"inLanguage\":\"es\",\"@id\":\"https:\/\/infoecos.com.ar\/index.php\/abad-lanzo-su-candidatura-a-gobernador-y-fernandez-de-t-lauquen-fue-uno-de-los-oradores\/#primaryimage\",\"url\":\"https:\/\/infoecos.com.ar\/wp-content\/uploads\/2023\/01\/image-130.png\",\"contentUrl\":\"https:\/\/infoecos.com.ar\/wp-content\/uploads\/2023\/01\/image-130.png\",\"width\":790,\"height\":592},{\"@type\":\"BreadcrumbList\",\"@id\":\"https:\/\/infoecos.com.ar\/index.php\/abad-lanzo-su-candidatura-a-gobernador-y-fernandez-de-t-lauquen-fue-uno-de-los-oradores\/#breadcrumb\",\"itemListElement\":[{\"@type\":\"ListItem\",\"position\":1,\"name\":\"Portada\",\"item\":\"https:\/\/infoecos.com.ar\/\"},{\"@type\":\"ListItem\",\"position\":2,\"name\":\"Abad lanz\u00f3 su candidatura a gobernador y Fern\u00e1ndez de T.Lauquen fue uno de los oradores\"}]},{\"@type\":\"WebSite\",\"@id\":\"https:\/\/infoecos.com.ar\/#website\",\"url\":\"https:\/\/infoecos.com.ar\/\",\"name\":\"Infoecos\",\"description\":\"Noticias de trenque lauquen y la zona\",\"publisher\":{\"@id\":\"https:\/\/infoecos.com.ar\/#organization\"},\"alternateName\":\"Noticias\",\"potentialAction\":[{\"@type\":\"SearchAction\",\"target\":{\"@type\":\"EntryPoint\",\"urlTemplate\":\"https:\/\/infoecos.com.ar\/?s={search_term_string}\"},\"query-input\":{\"@type\":\"PropertyValueSpecification\",\"valueRequired\":true,\"valueName\":\"search_term_string\"}}],\"inLanguage\":\"es\"},{\"@type\":\"Organization\",\"@id\":\"https:\/\/infoecos.com.ar\/#organization\",\"name\":\"Infoecos\",\"alternateName\":\"Noticias\",\"url\":\"https:\/\/infoecos.com.ar\/\",\"logo\":{\"@type\":\"ImageObject\",\"inLanguage\":\"es\",\"@id\":\"https:\/\/infoecos.com.ar\/#\/schema\/logo\/image\/\",\"url\":\"https:\/\/infoecos.com.ar\/wp-content\/uploads\/2024\/03\/cropped-logo.png\",\"contentUrl\":\"https:\/\/infoecos.com.ar\/wp-content\/uploads\/2024\/03\/cropped-logo.png\",\"width\":374,\"height\":90,\"caption\":\"Infoecos\"},\"image\":{\"@id\":\"https:\/\/infoecos.com.ar\/#\/schema\/logo\/image\/\"},\"sameAs\":[\"https:\/\/www.facebook.com\/profile.php?id=100063200290284\",\"https:\/\/x.com\/infoecos\"]},{\"@type\":\"Person\",\"@id\":\"https:\/\/infoecos.com.ar\/#\/schema\/person\/8f5ace5ce73b4b4aac4b7245aee6f191\",\"name\":\"Jorge Matheus\",\"url\":\"https:\/\/infoecos.com.ar\/index.php\/author\/jomatheus\/\"}]}<\/script>\n<!-- \/ Yoast SEO plugin. -->","yoast_head_json":{"title":"Abad lanz\u00f3 su candidatura a gobernador y Fern\u00e1ndez de T.Lauquen fue uno de los oradores - Infoecos","robots":{"index":"index","follow":"follow","max-snippet":"max-snippet:-1","max-image-preview":"max-image-preview:large","max-video-preview":"max-video-preview:-1"},"canonical":"https:\/\/infoecos.com.ar\/index.php\/abad-lanzo-su-candidatura-a-gobernador-y-fernandez-de-t-lauquen-fue-uno-de-los-oradores\/","og_locale":"es_ES","og_type":"article","og_title":"Abad lanz\u00f3 su candidatura a gobernador y Fern\u00e1ndez de T.Lauquen fue uno de los oradores - Infoecos","og_description":"Tambi\u00e9n se observ\u00f3 la presencia de los trenquelauquenses Valent\u00edn Miranda y Francisco Recoulat (foto con Abad y el intendente)","og_url":"https:\/\/infoecos.com.ar\/index.php\/abad-lanzo-su-candidatura-a-gobernador-y-fernandez-de-t-lauquen-fue-uno-de-los-oradores\/","og_site_name":"Infoecos","article_publisher":"https:\/\/www.facebook.com\/profile.php?id=100063200290284","article_published_time":"2023-01-21T04:39:51+00:00","article_modified_time":"2023-01-23T04:36:16+00:00","og_image":[{"width":790,"height":592,"url":"https:\/\/infoecos.com.ar\/wp-content\/uploads\/2023\/01\/image-130.png","type":"image\/png"}],"author":"Jorge Matheus","twitter_card":"summary_large_image","twitter_creator":"@infoecos","twitter_site":"@infoecos","twitter_misc":{"Escrito por":"Jorge Matheus","Tiempo de lectura":"2 minutos"},"schema":{"@context":"https:\/\/schema.org","@graph":[{"@type":"Article","@id":"https:\/\/infoecos.com.ar\/index.php\/abad-lanzo-su-candidatura-a-gobernador-y-fernandez-de-t-lauquen-fue-uno-de-los-oradores\/#article","isPartOf":{"@id":"https:\/\/infoecos.com.ar\/index.php\/abad-lanzo-su-candidatura-a-gobernador-y-fernandez-de-t-lauquen-fue-uno-de-los-oradores\/"},"author":{"name":"Jorge Matheus","@id":"https:\/\/infoecos.com.ar\/#\/schema\/person\/8f5ace5ce73b4b4aac4b7245aee6f191"},"headline":"Abad lanz\u00f3 su candidatura a gobernador y Fern\u00e1ndez de T.Lauquen fue uno de los oradores","datePublished":"2023-01-21T04:39:51+00:00","dateModified":"2023-01-23T04:36:16+00:00","mainEntityOfPage":{"@id":"https:\/\/infoecos.com.ar\/index.php\/abad-lanzo-su-candidatura-a-gobernador-y-fernandez-de-t-lauquen-fue-uno-de-los-oradores\/"},"wordCount":229,"publisher":{"@id":"https:\/\/infoecos.com.ar\/#organization"},"image":{"@id":"https:\/\/infoecos.com.ar\/index.php\/abad-lanzo-su-candidatura-a-gobernador-y-fernandez-de-t-lauquen-fue-uno-de-los-oradores\/#primaryimage"},"thumbnailUrl":"https:\/\/infoecos.com.ar\/wp-content\/uploads\/2023\/01\/image-130.png","keywords":["elecciones 2023"],"articleSection":["C1 nota 5"],"inLanguage":"es"},{"@type":"WebPage","@id":"https:\/\/infoecos.com.ar\/index.php\/abad-lanzo-su-candidatura-a-gobernador-y-fernandez-de-t-lauquen-fue-uno-de-los-oradores\/","url":"https:\/\/infoecos.com.ar\/index.php\/abad-lanzo-su-candidatura-a-gobernador-y-fernandez-de-t-lauquen-fue-uno-de-los-oradores\/","name":"Abad lanz\u00f3 su candidatura a gobernador y Fern\u00e1ndez de T.Lauquen fue uno de los oradores - Infoecos","isPartOf":{"@id":"https:\/\/infoecos.com.ar\/#website"},"primaryImageOfPage":{"@id":"https:\/\/infoecos.com.ar\/index.php\/abad-lanzo-su-candidatura-a-gobernador-y-fernandez-de-t-lauquen-fue-uno-de-los-oradores\/#primaryimage"},"image":{"@id":"https:\/\/infoecos.com.ar\/index.php\/abad-lanzo-su-candidatura-a-gobernador-y-fernandez-de-t-lauquen-fue-uno-de-los-oradores\/#primaryimage"},"thumbnailUrl":"https:\/\/infoecos.com.ar\/wp-content\/uploads\/2023\/01\/image-130.png","datePublished":"2023-01-21T04:39:51+00:00","dateModified":"2023-01-23T04:36:16+00:00","breadcrumb":{"@id":"https:\/\/infoecos.com.ar\/index.php\/abad-lanzo-su-candidatura-a-gobernador-y-fernandez-de-t-lauquen-fue-uno-de-los-oradores\/#breadcrumb"},"inLanguage":"es","potentialAction":[{"@type":"ReadAction","target":["https:\/\/infoecos.com.ar\/index.php\/abad-lanzo-su-candidatura-a-gobernador-y-fernandez-de-t-lauquen-fue-uno-de-los-oradores\/"]}]},{"@type":"ImageObject","inLanguage":"es","@id":"https:\/\/infoecos.com.ar\/index.php\/abad-lanzo-su-candidatura-a-gobernador-y-fernandez-de-t-lauquen-fue-uno-de-los-oradores\/#primaryimage","url":"https:\/\/infoecos.com.ar\/wp-content\/uploads\/2023\/01\/image-130.png","contentUrl":"https:\/\/infoecos.com.ar\/wp-content\/uploads\/2023\/01\/image-130.png","width":790,"height":592},{"@type":"BreadcrumbList","@id":"https:\/\/infoecos.com.ar\/index.php\/abad-lanzo-su-candidatura-a-gobernador-y-fernandez-de-t-lauquen-fue-uno-de-los-oradores\/#breadcrumb","itemListElement":[{"@type":"ListItem","position":1,"name":"Portada","item":"https:\/\/infoecos.com.ar\/"},{"@type":"ListItem","position":2,"name":"Abad lanz\u00f3 su candidatura a gobernador y Fern\u00e1ndez de T.Lauquen fue uno de los oradores"}]},{"@type":"WebSite","@id":"https:\/\/infoecos.com.ar\/#website","url":"https:\/\/infoecos.com.ar\/","name":"Infoecos","description":"Noticias de trenque lauquen y la zona","publisher":{"@id":"https:\/\/infoecos.com.ar\/#organization"},"alternateName":"Noticias","potentialAction":[{"@type":"SearchAction","target":{"@type":"EntryPoint","urlTemplate":"https:\/\/infoecos.com.ar\/?s={search_term_string}"},"query-input":{"@type":"PropertyValueSpecification","valueRequired":true,"valueName":"search_term_string"}}],"inLanguage":"es"},{"@type":"Organization","@id":"https:\/\/infoecos.com.ar\/#organization","name":"Infoecos","alternateName":"Noticias","url":"https:\/\/infoecos.com.ar\/","logo":{"@type":"ImageObject","inLanguage":"es","@id":"https:\/\/infoecos.com.ar\/#\/schema\/logo\/image\/","url":"https:\/\/infoecos.com.ar\/wp-content\/uploads\/2024\/03\/cropped-logo.png","contentUrl":"https:\/\/infoecos.com.ar\/wp-content\/uploads\/2024\/03\/cropped-logo.png","width":374,"height":90,"caption":"Infoecos"},"image":{"@id":"https:\/\/infoecos.com.ar\/#\/schema\/logo\/image\/"},"sameAs":["https:\/\/www.facebook.com\/profile.php?id=100063200290284","https:\/\/x.com\/infoecos"]},{"@type":"Person","@id":"https:\/\/infoecos.com.ar\/#\/schema\/person\/8f5ace5ce73b4b4aac4b7245aee6f191","name":"Jorge Matheus","url":"https:\/\/infoecos.com.ar\/index.php\/author\/jomatheus\/"}]}},"featured_image_urls":{"full":["https:\/\/infoecos.com.ar\/wp-content\/uploads\/2023\/01\/image-130.png",790,592,false],"thumbnail":["https:\/\/infoecos.com.ar\/wp-content\/uploads\/2023\/01\/image-130-300x150.png",300,150,true],"medium":["https:\/\/infoecos.com.ar\/wp-content\/uploads\/2023\/01\/image-130.png",790,592,false],"medium_large":["https:\/\/infoecos.com.ar\/wp-content\/uploads\/2023\/01\/image-130-768x576.png",640,480,true],"large":["https:\/\/infoecos.com.ar\/wp-content\/uploads\/2023\/01\/image-130.png",640,480,false],"1536x1536":["https:\/\/infoecos.com.ar\/wp-content\/uploads\/2023\/01\/image-130.png",790,592,false],"2048x2048":["https:\/\/infoecos.com.ar\/wp-content\/uploads\/2023\/01\/image-130.png",790,592,false],"covernews-slider-full":["https:\/\/infoecos.com.ar\/wp-content\/uploads\/2023\/01\/image-130.png",790,592,false],"covernews-slider-center":["https:\/\/infoecos.com.ar\/wp-content\/uploads\/2023\/01\/image-130.png",667,500,false],"covernews-featured":["https:\/\/infoecos.com.ar\/wp-content\/uploads\/2023\/01\/image-130.png",790,592,false],"covernews-medium":["https:\/\/infoecos.com.ar\/wp-content\/uploads\/2023\/01\/image-130-720x380.png",540,285,true],"covernews-medium-square":["https:\/\/infoecos.com.ar\/wp-content\/uploads\/2023\/01\/image-130-675x450.png",375,250,true]},"author_info":{"info":["Jorge Matheus"]},"category_info":"<a href=\"https:\/\/infoecos.com.ar\/index.php\/category\/c1nota5\/\" rel=\"category tag\">C1 nota 5<\/a>","tag_info":"C1 nota 5","comment_count":"0","_links":{"self":[{"href":"https:\/\/infoecos.com.ar\/index.php\/wp-json\/wp\/v2\/posts\/100317"}],"collection":[{"href":"https:\/\/infoecos.com.ar\/index.php\/wp-json\/wp\/v2\/posts"}],"about":[{"href":"https:\/\/infoecos.com.ar\/index.php\/wp-json\/wp\/v2\/types\/post"}],"author":[{"embeddable":true,"href":"https:\/\/infoecos.com.ar\/index.php\/wp-json\/wp\/v2\/users\/2"}],"replies":[{"embeddable":true,"href":"https:\/\/infoecos.com.ar\/index.php\/wp-json\/wp\/v2\/comments?post=100317"}],"version-history":[{"count":2,"href":"https:\/\/infoecos.com.ar\/index.php\/wp-json\/wp\/v2\/posts\/100317\/revisions"}],"predecessor-version":[{"id":100753,"href":"https:\/\/infoecos.com.ar\/index.php\/wp-json\/wp\/v2\/posts\/100317\/revisions\/100753"}],"wp:featuredmedia":[{"embeddable":true,"href":"https:\/\/infoecos.com.ar\/index.php\/wp-json\/wp\/v2\/media\/100321"}],"wp:attachment":[{"href":"https:\/\/infoecos.com.ar\/index.php\/wp-json\/wp\/v2\/media?parent=100317"}],"wp:term":[{"taxonomy":"category","embeddable":true,"href":"https:\/\/infoecos.com.ar\/index.php\/wp-json\/wp\/v2\/categories?post=100317"},{"taxonomy":"post_tag","embeddable":true,"href":"https:\/\/infoecos.com.ar\/index.php\/wp-json\/wp\/v2\/tags?post=100317"}],"curies":[{"name":"wp","href":"https:\/\/api.w.org\/{rel}","templated":true}]}}