{"id":100758,"date":"2023-01-22T11:49:00","date_gmt":"2023-01-22T14:49:00","guid":{"rendered":"https:\/\/infoecos.com.ar\/?p=100758"},"modified":"2023-01-22T20:00:37","modified_gmt":"2023-01-22T23:00:37","slug":"alerta-de-la-estacion-experimental-del-inta-cesareo-naredo-ante-la-aparicion-de-la-viuda-negra","status":"publish","type":"post","link":"https:\/\/infoecos.com.ar\/index.php\/alerta-de-la-estacion-experimental-del-inta-cesareo-naredo-ante-la-aparicion-de-la-viuda-negra\/","title":{"rendered":"Alerta de la Estaci\u00f3n Experimental del INTA Cesareo Naredo ante la aparici\u00f3n de la Viuda Negra"},"content":{"rendered":"\n<p>La Estaci\u00f3n Experimental Cesareo Naredo del INTA ubicada en el distrito de Guamin\u00ed, emiti\u00f3 una alerta por la aparici\u00f3n de la ara\u00f1a conocida vulgarmente como la Viuda Negra, advirtiendo que la sequ\u00eda prolongada favoreci\u00f3 su reproducci\u00f3n y que toda la gente que trabaja en zonas rurales est\u00e1 expuesta a ella.<\/p>\n\n\n\n<figure class=\"wp-block-image aligncenter size-full\"><img loading=\"lazy\" decoding=\"async\" width=\"620\" height=\"420\" src=\"https:\/\/infoecos.com.ar\/wp-content\/uploads\/2023\/01\/image-138.png\" alt=\"\" class=\"wp-image-100759\"\/><figcaption class=\"wp-element-caption\">Im\u00e1gen de la Viuda Negra<\/figcaption><\/figure>\n\n\n\n<p>La viuda negra del sur (Latrodectus mactans) es una especie de ara\u00f1a araneomorfa de la familia Theridiidae. Tambi\u00e9n se conoce como ara\u00f1a del trigo, ara\u00f1a capulina, cuyucha o coyucha.<\/p>\n\n\n\n<p>La hembra mide hasta unos 50 mm con las patas extendidas, es de color negro carb\u00f3n brillante y posee una mancha de color rojo en forma de reloj de arena en la cara inferior del abdomen. El macho mide 12 mm y pesa treinta veces menos. Las patas son grandes y cada empalme es marr\u00f3n anaranjado en el medio y negro en los extremos. En los lados del abdomen hay cuatro pares de rayas rojas y blancas. La combinaci\u00f3n de colores rojos y negros se interpreta como una coloraci\u00f3n de advertencia (aposematismo).<\/p>\n\n\n\n<p>Las cr\u00edas j\u00f3venes son anaranjadas, marrones y blancas; adquieren su color negro con la edad, o con cada muda. La \u00fanica vida social que muestran es al aparearse. Reciben el nombre popular de viuda negra debido a que generalmente la hembra se come al macho despu\u00e9s del apareamiento, aunque a veces el macho escapa y logra aparearse de nuevo; pero generalmente el macho se queda en la tela de la hembra para servirle de alimento y asegurar una buena puesta.<\/p>\n\n\n\n<p>\u00abSe han registrado varios casos de picaduras en el pa\u00eds. En tal caso acudir r\u00e1pidamente a un centro asistencial para iniciar el tratamiento\u00bb, afirmaron.&nbsp;<\/p>\n","protected":false},"excerpt":{"rendered":"<p>\u00abSe han registrado varios casos de picaduras en el pa\u00eds. En tal caso acudir r\u00e1pidamente a un centro asistencial para iniciar el tratamiento\u00bb, afirmaron<\/p>\n","protected":false},"author":2,"featured_media":100759,"comment_status":"closed","ping_status":"open","sticky":false,"template":"","format":"standard","meta":{"footnotes":""},"categories":[29],"tags":[7147],"class_list":["post-100758","post","type-post","status-publish","format-standard","has-post-thumbnail","hentry","category-c2nota1","tag-atencion"],"yoast_head":"<!-- This site is optimized with the Yoast SEO plugin v23.4 - https:\/\/yoast.com\/wordpress\/plugins\/seo\/ -->\n<title>Alerta de la Estaci\u00f3n Experimental del INTA Cesareo Naredo ante la aparici\u00f3n de la Viuda Negra - Infoecos<\/title>\n<meta name=\"robots\" content=\"index, follow, max-snippet:-1, max-image-preview:large, max-video-preview:-1\" \/>\n<link rel=\"canonical\" href=\"https:\/\/infoecos.com.ar\/index.php\/alerta-de-la-estacion-experimental-del-inta-cesareo-naredo-ante-la-aparicion-de-la-viuda-negra\/\" \/>\n<meta property=\"og:locale\" content=\"es_ES\" \/>\n<meta property=\"og:type\" content=\"article\" \/>\n<meta property=\"og:title\" content=\"Alerta de la Estaci\u00f3n Experimental del INTA Cesareo Naredo ante la aparici\u00f3n de la Viuda Negra - Infoecos\" \/>\n<meta property=\"og:description\" content=\"\u00abSe han registrado varios casos de picaduras en el pa\u00eds. En tal caso acudir r\u00e1pidamente a un centro asistencial para iniciar el tratamiento\u00bb, afirmaron\" \/>\n<meta property=\"og:url\" content=\"https:\/\/infoecos.com.ar\/index.php\/alerta-de-la-estacion-experimental-del-inta-cesareo-naredo-ante-la-aparicion-de-la-viuda-negra\/\" \/>\n<meta property=\"og:site_name\" content=\"Infoecos\" \/>\n<meta property=\"article:publisher\" content=\"https:\/\/www.facebook.com\/profile.php?id=100063200290284\" \/>\n<meta property=\"article:published_time\" content=\"2023-01-22T14:49:00+00:00\" \/>\n<meta property=\"article:modified_time\" content=\"2023-01-22T23:00:37+00:00\" \/>\n<meta property=\"og:image\" content=\"https:\/\/infoecos.com.ar\/wp-content\/uploads\/2023\/01\/image-138.png\" \/>\n\t<meta property=\"og:image:width\" content=\"620\" \/>\n\t<meta property=\"og:image:height\" content=\"420\" \/>\n\t<meta property=\"og:image:type\" content=\"image\/png\" \/>\n<meta name=\"author\" content=\"Jorge Matheus\" \/>\n<meta name=\"twitter:card\" content=\"summary_large_image\" \/>\n<meta name=\"twitter:creator\" content=\"@infoecos\" \/>\n<meta name=\"twitter:site\" content=\"@infoecos\" \/>\n<meta name=\"twitter:label1\" content=\"Escrito por\" \/>\n\t<meta name=\"twitter:data1\" content=\"Jorge Matheus\" \/>\n\t<meta name=\"twitter:label2\" content=\"Tiempo de lectura\" \/>\n\t<meta name=\"twitter:data2\" content=\"2 minutos\" \/>\n<script type=\"application\/ld+json\" class=\"yoast-schema-graph\">{\"@context\":\"https:\/\/schema.org\",\"@graph\":[{\"@type\":\"Article\",\"@id\":\"https:\/\/infoecos.com.ar\/index.php\/alerta-de-la-estacion-experimental-del-inta-cesareo-naredo-ante-la-aparicion-de-la-viuda-negra\/#article\",\"isPartOf\":{\"@id\":\"https:\/\/infoecos.com.ar\/index.php\/alerta-de-la-estacion-experimental-del-inta-cesareo-naredo-ante-la-aparicion-de-la-viuda-negra\/\"},\"author\":{\"name\":\"Jorge Matheus\",\"@id\":\"https:\/\/infoecos.com.ar\/#\/schema\/person\/8f5ace5ce73b4b4aac4b7245aee6f191\"},\"headline\":\"Alerta de la Estaci\u00f3n Experimental del INTA Cesareo Naredo ante la aparici\u00f3n de la Viuda Negra\",\"datePublished\":\"2023-01-22T14:49:00+00:00\",\"dateModified\":\"2023-01-22T23:00:37+00:00\",\"mainEntityOfPage\":{\"@id\":\"https:\/\/infoecos.com.ar\/index.php\/alerta-de-la-estacion-experimental-del-inta-cesareo-naredo-ante-la-aparicion-de-la-viuda-negra\/\"},\"wordCount\":316,\"publisher\":{\"@id\":\"https:\/\/infoecos.com.ar\/#organization\"},\"image\":{\"@id\":\"https:\/\/infoecos.com.ar\/index.php\/alerta-de-la-estacion-experimental-del-inta-cesareo-naredo-ante-la-aparicion-de-la-viuda-negra\/#primaryimage\"},\"thumbnailUrl\":\"https:\/\/infoecos.com.ar\/wp-content\/uploads\/2023\/01\/image-138.png\",\"keywords\":[\"ATENCI\u00d3N\"],\"articleSection\":[\"C2 nota 1\"],\"inLanguage\":\"es\"},{\"@type\":\"WebPage\",\"@id\":\"https:\/\/infoecos.com.ar\/index.php\/alerta-de-la-estacion-experimental-del-inta-cesareo-naredo-ante-la-aparicion-de-la-viuda-negra\/\",\"url\":\"https:\/\/infoecos.com.ar\/index.php\/alerta-de-la-estacion-experimental-del-inta-cesareo-naredo-ante-la-aparicion-de-la-viuda-negra\/\",\"name\":\"Alerta de la Estaci\u00f3n Experimental del INTA Cesareo Naredo ante la aparici\u00f3n de la Viuda Negra - Infoecos\",\"isPartOf\":{\"@id\":\"https:\/\/infoecos.com.ar\/#website\"},\"primaryImageOfPage\":{\"@id\":\"https:\/\/infoecos.com.ar\/index.php\/alerta-de-la-estacion-experimental-del-inta-cesareo-naredo-ante-la-aparicion-de-la-viuda-negra\/#primaryimage\"},\"image\":{\"@id\":\"https:\/\/infoecos.com.ar\/index.php\/alerta-de-la-estacion-experimental-del-inta-cesareo-naredo-ante-la-aparicion-de-la-viuda-negra\/#primaryimage\"},\"thumbnailUrl\":\"https:\/\/infoecos.com.ar\/wp-content\/uploads\/2023\/01\/image-138.png\",\"datePublished\":\"2023-01-22T14:49:00+00:00\",\"dateModified\":\"2023-01-22T23:00:37+00:00\",\"breadcrumb\":{\"@id\":\"https:\/\/infoecos.com.ar\/index.php\/alerta-de-la-estacion-experimental-del-inta-cesareo-naredo-ante-la-aparicion-de-la-viuda-negra\/#breadcrumb\"},\"inLanguage\":\"es\",\"potentialAction\":[{\"@type\":\"ReadAction\",\"target\":[\"https:\/\/infoecos.com.ar\/index.php\/alerta-de-la-estacion-experimental-del-inta-cesareo-naredo-ante-la-aparicion-de-la-viuda-negra\/\"]}]},{\"@type\":\"ImageObject\",\"inLanguage\":\"es\",\"@id\":\"https:\/\/infoecos.com.ar\/index.php\/alerta-de-la-estacion-experimental-del-inta-cesareo-naredo-ante-la-aparicion-de-la-viuda-negra\/#primaryimage\",\"url\":\"https:\/\/infoecos.com.ar\/wp-content\/uploads\/2023\/01\/image-138.png\",\"contentUrl\":\"https:\/\/infoecos.com.ar\/wp-content\/uploads\/2023\/01\/image-138.png\",\"width\":620,\"height\":420},{\"@type\":\"BreadcrumbList\",\"@id\":\"https:\/\/infoecos.com.ar\/index.php\/alerta-de-la-estacion-experimental-del-inta-cesareo-naredo-ante-la-aparicion-de-la-viuda-negra\/#breadcrumb\",\"itemListElement\":[{\"@type\":\"ListItem\",\"position\":1,\"name\":\"Portada\",\"item\":\"https:\/\/infoecos.com.ar\/\"},{\"@type\":\"ListItem\",\"position\":2,\"name\":\"Alerta de la Estaci\u00f3n Experimental del INTA Cesareo Naredo ante la aparici\u00f3n de la Viuda Negra\"}]},{\"@type\":\"WebSite\",\"@id\":\"https:\/\/infoecos.com.ar\/#website\",\"url\":\"https:\/\/infoecos.com.ar\/\",\"name\":\"Infoecos\",\"description\":\"Noticias de trenque lauquen y la zona\",\"publisher\":{\"@id\":\"https:\/\/infoecos.com.ar\/#organization\"},\"alternateName\":\"Noticias\",\"potentialAction\":[{\"@type\":\"SearchAction\",\"target\":{\"@type\":\"EntryPoint\",\"urlTemplate\":\"https:\/\/infoecos.com.ar\/?s={search_term_string}\"},\"query-input\":{\"@type\":\"PropertyValueSpecification\",\"valueRequired\":true,\"valueName\":\"search_term_string\"}}],\"inLanguage\":\"es\"},{\"@type\":\"Organization\",\"@id\":\"https:\/\/infoecos.com.ar\/#organization\",\"name\":\"Infoecos\",\"alternateName\":\"Noticias\",\"url\":\"https:\/\/infoecos.com.ar\/\",\"logo\":{\"@type\":\"ImageObject\",\"inLanguage\":\"es\",\"@id\":\"https:\/\/infoecos.com.ar\/#\/schema\/logo\/image\/\",\"url\":\"https:\/\/infoecos.com.ar\/wp-content\/uploads\/2024\/03\/cropped-logo.png\",\"contentUrl\":\"https:\/\/infoecos.com.ar\/wp-content\/uploads\/2024\/03\/cropped-logo.png\",\"width\":374,\"height\":90,\"caption\":\"Infoecos\"},\"image\":{\"@id\":\"https:\/\/infoecos.com.ar\/#\/schema\/logo\/image\/\"},\"sameAs\":[\"https:\/\/www.facebook.com\/profile.php?id=100063200290284\",\"https:\/\/x.com\/infoecos\"]},{\"@type\":\"Person\",\"@id\":\"https:\/\/infoecos.com.ar\/#\/schema\/person\/8f5ace5ce73b4b4aac4b7245aee6f191\",\"name\":\"Jorge Matheus\",\"url\":\"https:\/\/infoecos.com.ar\/index.php\/author\/jomatheus\/\"}]}<\/script>\n<!-- \/ Yoast SEO plugin. -->","yoast_head_json":{"title":"Alerta de la Estaci\u00f3n Experimental del INTA Cesareo Naredo ante la aparici\u00f3n de la Viuda Negra - Infoecos","robots":{"index":"index","follow":"follow","max-snippet":"max-snippet:-1","max-image-preview":"max-image-preview:large","max-video-preview":"max-video-preview:-1"},"canonical":"https:\/\/infoecos.com.ar\/index.php\/alerta-de-la-estacion-experimental-del-inta-cesareo-naredo-ante-la-aparicion-de-la-viuda-negra\/","og_locale":"es_ES","og_type":"article","og_title":"Alerta de la Estaci\u00f3n Experimental del INTA Cesareo Naredo ante la aparici\u00f3n de la Viuda Negra - Infoecos","og_description":"\u00abSe han registrado varios casos de picaduras en el pa\u00eds. En tal caso acudir r\u00e1pidamente a un centro asistencial para iniciar el tratamiento\u00bb, afirmaron","og_url":"https:\/\/infoecos.com.ar\/index.php\/alerta-de-la-estacion-experimental-del-inta-cesareo-naredo-ante-la-aparicion-de-la-viuda-negra\/","og_site_name":"Infoecos","article_publisher":"https:\/\/www.facebook.com\/profile.php?id=100063200290284","article_published_time":"2023-01-22T14:49:00+00:00","article_modified_time":"2023-01-22T23:00:37+00:00","og_image":[{"width":620,"height":420,"url":"https:\/\/infoecos.com.ar\/wp-content\/uploads\/2023\/01\/image-138.png","type":"image\/png"}],"author":"Jorge Matheus","twitter_card":"summary_large_image","twitter_creator":"@infoecos","twitter_site":"@infoecos","twitter_misc":{"Escrito por":"Jorge Matheus","Tiempo de lectura":"2 minutos"},"schema":{"@context":"https:\/\/schema.org","@graph":[{"@type":"Article","@id":"https:\/\/infoecos.com.ar\/index.php\/alerta-de-la-estacion-experimental-del-inta-cesareo-naredo-ante-la-aparicion-de-la-viuda-negra\/#article","isPartOf":{"@id":"https:\/\/infoecos.com.ar\/index.php\/alerta-de-la-estacion-experimental-del-inta-cesareo-naredo-ante-la-aparicion-de-la-viuda-negra\/"},"author":{"name":"Jorge Matheus","@id":"https:\/\/infoecos.com.ar\/#\/schema\/person\/8f5ace5ce73b4b4aac4b7245aee6f191"},"headline":"Alerta de la Estaci\u00f3n Experimental del INTA Cesareo Naredo ante la aparici\u00f3n de la Viuda Negra","datePublished":"2023-01-22T14:49:00+00:00","dateModified":"2023-01-22T23:00:37+00:00","mainEntityOfPage":{"@id":"https:\/\/infoecos.com.ar\/index.php\/alerta-de-la-estacion-experimental-del-inta-cesareo-naredo-ante-la-aparicion-de-la-viuda-negra\/"},"wordCount":316,"publisher":{"@id":"https:\/\/infoecos.com.ar\/#organization"},"image":{"@id":"https:\/\/infoecos.com.ar\/index.php\/alerta-de-la-estacion-experimental-del-inta-cesareo-naredo-ante-la-aparicion-de-la-viuda-negra\/#primaryimage"},"thumbnailUrl":"https:\/\/infoecos.com.ar\/wp-content\/uploads\/2023\/01\/image-138.png","keywords":["ATENCI\u00d3N"],"articleSection":["C2 nota 1"],"inLanguage":"es"},{"@type":"WebPage","@id":"https:\/\/infoecos.com.ar\/index.php\/alerta-de-la-estacion-experimental-del-inta-cesareo-naredo-ante-la-aparicion-de-la-viuda-negra\/","url":"https:\/\/infoecos.com.ar\/index.php\/alerta-de-la-estacion-experimental-del-inta-cesareo-naredo-ante-la-aparicion-de-la-viuda-negra\/","name":"Alerta de la Estaci\u00f3n Experimental del INTA Cesareo Naredo ante la aparici\u00f3n de la Viuda Negra - Infoecos","isPartOf":{"@id":"https:\/\/infoecos.com.ar\/#website"},"primaryImageOfPage":{"@id":"https:\/\/infoecos.com.ar\/index.php\/alerta-de-la-estacion-experimental-del-inta-cesareo-naredo-ante-la-aparicion-de-la-viuda-negra\/#primaryimage"},"image":{"@id":"https:\/\/infoecos.com.ar\/index.php\/alerta-de-la-estacion-experimental-del-inta-cesareo-naredo-ante-la-aparicion-de-la-viuda-negra\/#primaryimage"},"thumbnailUrl":"https:\/\/infoecos.com.ar\/wp-content\/uploads\/2023\/01\/image-138.png","datePublished":"2023-01-22T14:49:00+00:00","dateModified":"2023-01-22T23:00:37+00:00","breadcrumb":{"@id":"https:\/\/infoecos.com.ar\/index.php\/alerta-de-la-estacion-experimental-del-inta-cesareo-naredo-ante-la-aparicion-de-la-viuda-negra\/#breadcrumb"},"inLanguage":"es","potentialAction":[{"@type":"ReadAction","target":["https:\/\/infoecos.com.ar\/index.php\/alerta-de-la-estacion-experimental-del-inta-cesareo-naredo-ante-la-aparicion-de-la-viuda-negra\/"]}]},{"@type":"ImageObject","inLanguage":"es","@id":"https:\/\/infoecos.com.ar\/index.php\/alerta-de-la-estacion-experimental-del-inta-cesareo-naredo-ante-la-aparicion-de-la-viuda-negra\/#primaryimage","url":"https:\/\/infoecos.com.ar\/wp-content\/uploads\/2023\/01\/image-138.png","contentUrl":"https:\/\/infoecos.com.ar\/wp-content\/uploads\/2023\/01\/image-138.png","width":620,"height":420},{"@type":"BreadcrumbList","@id":"https:\/\/infoecos.com.ar\/index.php\/alerta-de-la-estacion-experimental-del-inta-cesareo-naredo-ante-la-aparicion-de-la-viuda-negra\/#breadcrumb","itemListElement":[{"@type":"ListItem","position":1,"name":"Portada","item":"https:\/\/infoecos.com.ar\/"},{"@type":"ListItem","position":2,"name":"Alerta de la Estaci\u00f3n Experimental del INTA Cesareo Naredo ante la aparici\u00f3n de la Viuda Negra"}]},{"@type":"WebSite","@id":"https:\/\/infoecos.com.ar\/#website","url":"https:\/\/infoecos.com.ar\/","name":"Infoecos","description":"Noticias de trenque lauquen y la zona","publisher":{"@id":"https:\/\/infoecos.com.ar\/#organization"},"alternateName":"Noticias","potentialAction":[{"@type":"SearchAction","target":{"@type":"EntryPoint","urlTemplate":"https:\/\/infoecos.com.ar\/?s={search_term_string}"},"query-input":{"@type":"PropertyValueSpecification","valueRequired":true,"valueName":"search_term_string"}}],"inLanguage":"es"},{"@type":"Organization","@id":"https:\/\/infoecos.com.ar\/#organization","name":"Infoecos","alternateName":"Noticias","url":"https:\/\/infoecos.com.ar\/","logo":{"@type":"ImageObject","inLanguage":"es","@id":"https:\/\/infoecos.com.ar\/#\/schema\/logo\/image\/","url":"https:\/\/infoecos.com.ar\/wp-content\/uploads\/2024\/03\/cropped-logo.png","contentUrl":"https:\/\/infoecos.com.ar\/wp-content\/uploads\/2024\/03\/cropped-logo.png","width":374,"height":90,"caption":"Infoecos"},"image":{"@id":"https:\/\/infoecos.com.ar\/#\/schema\/logo\/image\/"},"sameAs":["https:\/\/www.facebook.com\/profile.php?id=100063200290284","https:\/\/x.com\/infoecos"]},{"@type":"Person","@id":"https:\/\/infoecos.com.ar\/#\/schema\/person\/8f5ace5ce73b4b4aac4b7245aee6f191","name":"Jorge Matheus","url":"https:\/\/infoecos.com.ar\/index.php\/author\/jomatheus\/"}]}},"featured_image_urls":{"full":["https:\/\/infoecos.com.ar\/wp-content\/uploads\/2023\/01\/image-138.png",620,420,false],"thumbnail":["https:\/\/infoecos.com.ar\/wp-content\/uploads\/2023\/01\/image-138-300x150.png",300,150,true],"medium":["https:\/\/infoecos.com.ar\/wp-content\/uploads\/2023\/01\/image-138.png",620,420,false],"medium_large":["https:\/\/infoecos.com.ar\/wp-content\/uploads\/2023\/01\/image-138.png",620,420,false],"large":["https:\/\/infoecos.com.ar\/wp-content\/uploads\/2023\/01\/image-138.png",620,420,false],"1536x1536":["https:\/\/infoecos.com.ar\/wp-content\/uploads\/2023\/01\/image-138.png",620,420,false],"2048x2048":["https:\/\/infoecos.com.ar\/wp-content\/uploads\/2023\/01\/image-138.png",620,420,false],"covernews-slider-full":["https:\/\/infoecos.com.ar\/wp-content\/uploads\/2023\/01\/image-138.png",620,420,false],"covernews-slider-center":["https:\/\/infoecos.com.ar\/wp-content\/uploads\/2023\/01\/image-138.png",620,420,false],"covernews-featured":["https:\/\/infoecos.com.ar\/wp-content\/uploads\/2023\/01\/image-138.png",620,420,false],"covernews-medium":["https:\/\/infoecos.com.ar\/wp-content\/uploads\/2023\/01\/image-138-620x380.png",540,331,true],"covernews-medium-square":["https:\/\/infoecos.com.ar\/wp-content\/uploads\/2023\/01\/image-138.png",369,250,false]},"author_info":{"info":["Jorge Matheus"]},"category_info":"<a href=\"https:\/\/infoecos.com.ar\/index.php\/category\/c2nota1\/\" rel=\"category tag\">C2 nota 1<\/a>","tag_info":"C2 nota 1","comment_count":"0","_links":{"self":[{"href":"https:\/\/infoecos.com.ar\/index.php\/wp-json\/wp\/v2\/posts\/100758"}],"collection":[{"href":"https:\/\/infoecos.com.ar\/index.php\/wp-json\/wp\/v2\/posts"}],"about":[{"href":"https:\/\/infoecos.com.ar\/index.php\/wp-json\/wp\/v2\/types\/post"}],"author":[{"embeddable":true,"href":"https:\/\/infoecos.com.ar\/index.php\/wp-json\/wp\/v2\/users\/2"}],"replies":[{"embeddable":true,"href":"https:\/\/infoecos.com.ar\/index.php\/wp-json\/wp\/v2\/comments?post=100758"}],"version-history":[{"count":2,"href":"https:\/\/infoecos.com.ar\/index.php\/wp-json\/wp\/v2\/posts\/100758\/revisions"}],"predecessor-version":[{"id":100784,"href":"https:\/\/infoecos.com.ar\/index.php\/wp-json\/wp\/v2\/posts\/100758\/revisions\/100784"}],"wp:featuredmedia":[{"embeddable":true,"href":"https:\/\/infoecos.com.ar\/index.php\/wp-json\/wp\/v2\/media\/100759"}],"wp:attachment":[{"href":"https:\/\/infoecos.com.ar\/index.php\/wp-json\/wp\/v2\/media?parent=100758"}],"wp:term":[{"taxonomy":"category","embeddable":true,"href":"https:\/\/infoecos.com.ar\/index.php\/wp-json\/wp\/v2\/categories?post=100758"},{"taxonomy":"post_tag","embeddable":true,"href":"https:\/\/infoecos.com.ar\/index.php\/wp-json\/wp\/v2\/tags?post=100758"}],"curies":[{"name":"wp","href":"https:\/\/api.w.org\/{rel}","templated":true}]}}