{"id":100768,"date":"2023-01-22T12:30:27","date_gmt":"2023-01-22T15:30:27","guid":{"rendered":"https:\/\/infoecos.com.ar\/?p=100768"},"modified":"2023-01-24T00:31:53","modified_gmt":"2023-01-24T03:31:53","slug":"en-declaraciones-que-publica-infocielo-kicillof-mostro-mas-cartas-politicas","status":"publish","type":"post","link":"https:\/\/infoecos.com.ar\/index.php\/en-declaraciones-que-publica-infocielo-kicillof-mostro-mas-cartas-politicas\/","title":{"rendered":"En declaraciones que publica Infocielo, Kicillof mostr\u00f3 m\u00e1s cartas pol\u00edticas"},"content":{"rendered":"\n<p>El gobernador de la Provincia de Buenos Aires,&nbsp;<strong>Axel Kicillof<\/strong>, dej\u00f3 algunas definiciones sobre las candidaturas y las discusiones que deber\u00e1 enfrentar el&nbsp;<strong>Frente de Todos&nbsp;<\/strong>en la campa\u00f1a de 2023.<\/p>\n\n\n\n<figure class=\"wp-block-image aligncenter size-full is-resized\"><img loading=\"lazy\" decoding=\"async\" src=\"https:\/\/infoecos.com.ar\/wp-content\/uploads\/2023\/01\/image-140.png\" alt=\"\" class=\"wp-image-100769\" width=\"542\" height=\"305\" srcset=\"https:\/\/infoecos.com.ar\/wp-content\/uploads\/2023\/01\/image-140.png 1110w, https:\/\/infoecos.com.ar\/wp-content\/uploads\/2023\/01\/image-140-800x450.png 800w, https:\/\/infoecos.com.ar\/wp-content\/uploads\/2023\/01\/image-140-768x432.png 768w, https:\/\/infoecos.com.ar\/wp-content\/uploads\/2023\/01\/image-140-1024x576.png 1024w\" sizes=\"(max-width: 542px) 100vw, 542px\" \/><figcaption class=\"wp-element-caption\">Kicillof, Axel<\/figcaption><\/figure>\n\n\n\n<p>Ante la consulta sobre el escenario electoral para el oficialismo, el mandatario provincial asegur\u00f3 que \u00abantes que candidaturas, hay que volver a discutir proyectos\u00bb y asegur\u00f3 que<strong>&nbsp;\u00aben la Provincia de Buenos Aires el candidato es el proyecto, yo tengo uno, nuestra fuerza lo tiene\u00bb.<\/strong><\/p>\n\n\n\n<p>\u00abQuiero discutir un proyecto con quien tenga otro proyecto. Tambi\u00e9n a nivel nacional, porque la Provincia es medio pa\u00eds. Vengo, venimos a que la Provincia se respete y se cumplan los derechos\u00bb, afirm\u00f3.<\/p>\n\n\n\n<p>En su an\u00e1lisis, Kicillof se\u00f1al\u00f3 que&nbsp;<strong>la discusi\u00f3n por los derechos ser\u00e1 central en la campa\u00f1a<\/strong>&nbsp;y dijo que \u00absi hay alg\u00fan dirigente macrista que est\u00e1 de acuerdo con lo que digo de los derechos, que se desmarque\u00bb en referencia a lo que fue la campa\u00f1a y posterior gobierno de Cambiemos de 2015 a 2019.<\/p>\n\n\n\n<p>El gobernador record\u00f3 que \u00aben la revoluci\u00f3n de la alegr\u00eda aseguraron que no iban a tocar derechos\u00bb, pero luego enumer\u00f3 pol\u00edticas que fueron desfavorables a los vecinos.<\/p>\n\n\n\n<p>Al final de la entrevista, Feudale indag\u00f3 sobre las diferencias entre dirigentes del peronismo que lo postulan como candidato a presidente y quienes piden por su reelecci\u00f3n.<\/p>\n\n\n\n<p>\u00abUno se siente alagado, pero creo que no es momento de definici\u00f3n de candidaturas\u00bb, repiti\u00f3 el gobernador.&nbsp;<strong>\u00abPase lo que pase, a m\u00ed y al equipo, nos toca gobernar esta Provincia que es compleja, la madre de todas las batallas, la que quieren dividir, nos toca mostrar que es viable\u00bb,<\/strong>&nbsp;postul\u00f3.<\/p>\n\n\n\n<p>Finalmente, dijo que el lugar que ocupe en la boleta \u00abse ver\u00e1\u00bb, pero subray\u00f3 que \u00abser gobernador de la Provincia me llena de orgullo\u00bb y cerr\u00f3 con un pedido a la poblaci\u00f3n bonaerense:&nbsp;<strong>\u00abLe pido al pueblo exigencia con quienes ocupamos cargos p\u00fablicos, que reclamen, que pidan lo que necesitan y se expresen; me encanta ser gobernador, pero soy parte de una fuerza y no hay laboratorio, el pueblo elige\u00bb.<\/strong>&nbsp;<\/p>\n","protected":false},"excerpt":{"rendered":"<p>El mandatario provincial asegur\u00f3 que \u00abantes que candidaturas, hay que volver a discutir proyectos\u00bb y asegur\u00f3 que\u00a0\u00aben la Provincia de Buenos Aires el candidato es el proyecto, yo tengo uno, nuestra fuerza lo tiene\u00bb<\/p>\n","protected":false},"author":2,"featured_media":100769,"comment_status":"closed","ping_status":"open","sticky":false,"template":"","format":"standard","meta":{"footnotes":""},"categories":[47],"tags":[7149],"class_list":["post-100768","post","type-post","status-publish","format-standard","has-post-thumbnail","hentry","category-c3nota2","tag-seguro-sera-candidato"],"yoast_head":"<!-- This site is optimized with the Yoast SEO plugin v23.4 - https:\/\/yoast.com\/wordpress\/plugins\/seo\/ -->\n<title>En declaraciones que publica Infocielo, Kicillof mostr\u00f3 m\u00e1s cartas pol\u00edticas - Infoecos<\/title>\n<meta name=\"robots\" content=\"index, follow, max-snippet:-1, max-image-preview:large, max-video-preview:-1\" \/>\n<link rel=\"canonical\" href=\"https:\/\/infoecos.com.ar\/index.php\/en-declaraciones-que-publica-infocielo-kicillof-mostro-mas-cartas-politicas\/\" \/>\n<meta property=\"og:locale\" content=\"es_ES\" \/>\n<meta property=\"og:type\" content=\"article\" \/>\n<meta property=\"og:title\" content=\"En declaraciones que publica Infocielo, Kicillof mostr\u00f3 m\u00e1s cartas pol\u00edticas - Infoecos\" \/>\n<meta property=\"og:description\" content=\"El mandatario provincial asegur\u00f3 que \u00abantes que candidaturas, hay que volver a discutir proyectos\u00bb y asegur\u00f3 que\u00a0\u00aben la Provincia de Buenos Aires el candidato es el proyecto, yo tengo uno, nuestra fuerza lo tiene\u00bb\" \/>\n<meta property=\"og:url\" content=\"https:\/\/infoecos.com.ar\/index.php\/en-declaraciones-que-publica-infocielo-kicillof-mostro-mas-cartas-politicas\/\" \/>\n<meta property=\"og:site_name\" content=\"Infoecos\" \/>\n<meta property=\"article:publisher\" content=\"https:\/\/www.facebook.com\/profile.php?id=100063200290284\" \/>\n<meta property=\"article:published_time\" content=\"2023-01-22T15:30:27+00:00\" \/>\n<meta property=\"article:modified_time\" content=\"2023-01-24T03:31:53+00:00\" \/>\n<meta property=\"og:image\" content=\"https:\/\/infoecos.com.ar\/wp-content\/uploads\/2023\/01\/image-140.png\" \/>\n\t<meta property=\"og:image:width\" content=\"1110\" \/>\n\t<meta property=\"og:image:height\" content=\"624\" \/>\n\t<meta property=\"og:image:type\" content=\"image\/png\" \/>\n<meta name=\"author\" content=\"Jorge Matheus\" \/>\n<meta name=\"twitter:card\" content=\"summary_large_image\" \/>\n<meta name=\"twitter:creator\" content=\"@infoecos\" \/>\n<meta name=\"twitter:site\" content=\"@infoecos\" \/>\n<meta name=\"twitter:label1\" content=\"Escrito por\" \/>\n\t<meta name=\"twitter:data1\" content=\"Jorge Matheus\" \/>\n<script type=\"application\/ld+json\" class=\"yoast-schema-graph\">{\"@context\":\"https:\/\/schema.org\",\"@graph\":[{\"@type\":\"Article\",\"@id\":\"https:\/\/infoecos.com.ar\/index.php\/en-declaraciones-que-publica-infocielo-kicillof-mostro-mas-cartas-politicas\/#article\",\"isPartOf\":{\"@id\":\"https:\/\/infoecos.com.ar\/index.php\/en-declaraciones-que-publica-infocielo-kicillof-mostro-mas-cartas-politicas\/\"},\"author\":{\"name\":\"Jorge Matheus\",\"@id\":\"https:\/\/infoecos.com.ar\/#\/schema\/person\/8f5ace5ce73b4b4aac4b7245aee6f191\"},\"headline\":\"En declaraciones que publica Infocielo, Kicillof mostr\u00f3 m\u00e1s cartas pol\u00edticas\",\"datePublished\":\"2023-01-22T15:30:27+00:00\",\"dateModified\":\"2023-01-24T03:31:53+00:00\",\"mainEntityOfPage\":{\"@id\":\"https:\/\/infoecos.com.ar\/index.php\/en-declaraciones-que-publica-infocielo-kicillof-mostro-mas-cartas-politicas\/\"},\"wordCount\":376,\"publisher\":{\"@id\":\"https:\/\/infoecos.com.ar\/#organization\"},\"image\":{\"@id\":\"https:\/\/infoecos.com.ar\/index.php\/en-declaraciones-que-publica-infocielo-kicillof-mostro-mas-cartas-politicas\/#primaryimage\"},\"thumbnailUrl\":\"https:\/\/infoecos.com.ar\/wp-content\/uploads\/2023\/01\/image-140.png\",\"keywords\":[\"SEGURO SER\u00c1 CANDIDATO\"],\"articleSection\":[\"C3 N2\"],\"inLanguage\":\"es\"},{\"@type\":\"WebPage\",\"@id\":\"https:\/\/infoecos.com.ar\/index.php\/en-declaraciones-que-publica-infocielo-kicillof-mostro-mas-cartas-politicas\/\",\"url\":\"https:\/\/infoecos.com.ar\/index.php\/en-declaraciones-que-publica-infocielo-kicillof-mostro-mas-cartas-politicas\/\",\"name\":\"En declaraciones que publica Infocielo, Kicillof mostr\u00f3 m\u00e1s cartas pol\u00edticas - Infoecos\",\"isPartOf\":{\"@id\":\"https:\/\/infoecos.com.ar\/#website\"},\"primaryImageOfPage\":{\"@id\":\"https:\/\/infoecos.com.ar\/index.php\/en-declaraciones-que-publica-infocielo-kicillof-mostro-mas-cartas-politicas\/#primaryimage\"},\"image\":{\"@id\":\"https:\/\/infoecos.com.ar\/index.php\/en-declaraciones-que-publica-infocielo-kicillof-mostro-mas-cartas-politicas\/#primaryimage\"},\"thumbnailUrl\":\"https:\/\/infoecos.com.ar\/wp-content\/uploads\/2023\/01\/image-140.png\",\"datePublished\":\"2023-01-22T15:30:27+00:00\",\"dateModified\":\"2023-01-24T03:31:53+00:00\",\"breadcrumb\":{\"@id\":\"https:\/\/infoecos.com.ar\/index.php\/en-declaraciones-que-publica-infocielo-kicillof-mostro-mas-cartas-politicas\/#breadcrumb\"},\"inLanguage\":\"es\",\"potentialAction\":[{\"@type\":\"ReadAction\",\"target\":[\"https:\/\/infoecos.com.ar\/index.php\/en-declaraciones-que-publica-infocielo-kicillof-mostro-mas-cartas-politicas\/\"]}]},{\"@type\":\"ImageObject\",\"inLanguage\":\"es\",\"@id\":\"https:\/\/infoecos.com.ar\/index.php\/en-declaraciones-que-publica-infocielo-kicillof-mostro-mas-cartas-politicas\/#primaryimage\",\"url\":\"https:\/\/infoecos.com.ar\/wp-content\/uploads\/2023\/01\/image-140.png\",\"contentUrl\":\"https:\/\/infoecos.com.ar\/wp-content\/uploads\/2023\/01\/image-140.png\",\"width\":1110,\"height\":624},{\"@type\":\"BreadcrumbList\",\"@id\":\"https:\/\/infoecos.com.ar\/index.php\/en-declaraciones-que-publica-infocielo-kicillof-mostro-mas-cartas-politicas\/#breadcrumb\",\"itemListElement\":[{\"@type\":\"ListItem\",\"position\":1,\"name\":\"Portada\",\"item\":\"https:\/\/infoecos.com.ar\/\"},{\"@type\":\"ListItem\",\"position\":2,\"name\":\"En declaraciones que publica Infocielo, Kicillof mostr\u00f3 m\u00e1s cartas pol\u00edticas\"}]},{\"@type\":\"WebSite\",\"@id\":\"https:\/\/infoecos.com.ar\/#website\",\"url\":\"https:\/\/infoecos.com.ar\/\",\"name\":\"Infoecos\",\"description\":\"Noticias de trenque lauquen y la zona\",\"publisher\":{\"@id\":\"https:\/\/infoecos.com.ar\/#organization\"},\"alternateName\":\"Noticias\",\"potentialAction\":[{\"@type\":\"SearchAction\",\"target\":{\"@type\":\"EntryPoint\",\"urlTemplate\":\"https:\/\/infoecos.com.ar\/?s={search_term_string}\"},\"query-input\":{\"@type\":\"PropertyValueSpecification\",\"valueRequired\":true,\"valueName\":\"search_term_string\"}}],\"inLanguage\":\"es\"},{\"@type\":\"Organization\",\"@id\":\"https:\/\/infoecos.com.ar\/#organization\",\"name\":\"Infoecos\",\"alternateName\":\"Noticias\",\"url\":\"https:\/\/infoecos.com.ar\/\",\"logo\":{\"@type\":\"ImageObject\",\"inLanguage\":\"es\",\"@id\":\"https:\/\/infoecos.com.ar\/#\/schema\/logo\/image\/\",\"url\":\"https:\/\/infoecos.com.ar\/wp-content\/uploads\/2024\/03\/cropped-logo.png\",\"contentUrl\":\"https:\/\/infoecos.com.ar\/wp-content\/uploads\/2024\/03\/cropped-logo.png\",\"width\":374,\"height\":90,\"caption\":\"Infoecos\"},\"image\":{\"@id\":\"https:\/\/infoecos.com.ar\/#\/schema\/logo\/image\/\"},\"sameAs\":[\"https:\/\/www.facebook.com\/profile.php?id=100063200290284\",\"https:\/\/x.com\/infoecos\"]},{\"@type\":\"Person\",\"@id\":\"https:\/\/infoecos.com.ar\/#\/schema\/person\/8f5ace5ce73b4b4aac4b7245aee6f191\",\"name\":\"Jorge Matheus\",\"url\":\"https:\/\/infoecos.com.ar\/index.php\/author\/jomatheus\/\"}]}<\/script>\n<!-- \/ Yoast SEO plugin. -->","yoast_head_json":{"title":"En declaraciones que publica Infocielo, Kicillof mostr\u00f3 m\u00e1s cartas pol\u00edticas - Infoecos","robots":{"index":"index","follow":"follow","max-snippet":"max-snippet:-1","max-image-preview":"max-image-preview:large","max-video-preview":"max-video-preview:-1"},"canonical":"https:\/\/infoecos.com.ar\/index.php\/en-declaraciones-que-publica-infocielo-kicillof-mostro-mas-cartas-politicas\/","og_locale":"es_ES","og_type":"article","og_title":"En declaraciones que publica Infocielo, Kicillof mostr\u00f3 m\u00e1s cartas pol\u00edticas - Infoecos","og_description":"El mandatario provincial asegur\u00f3 que \u00abantes que candidaturas, hay que volver a discutir proyectos\u00bb y asegur\u00f3 que\u00a0\u00aben la Provincia de Buenos Aires el candidato es el proyecto, yo tengo uno, nuestra fuerza lo tiene\u00bb","og_url":"https:\/\/infoecos.com.ar\/index.php\/en-declaraciones-que-publica-infocielo-kicillof-mostro-mas-cartas-politicas\/","og_site_name":"Infoecos","article_publisher":"https:\/\/www.facebook.com\/profile.php?id=100063200290284","article_published_time":"2023-01-22T15:30:27+00:00","article_modified_time":"2023-01-24T03:31:53+00:00","og_image":[{"width":1110,"height":624,"url":"https:\/\/infoecos.com.ar\/wp-content\/uploads\/2023\/01\/image-140.png","type":"image\/png"}],"author":"Jorge Matheus","twitter_card":"summary_large_image","twitter_creator":"@infoecos","twitter_site":"@infoecos","twitter_misc":{"Escrito por":"Jorge Matheus"},"schema":{"@context":"https:\/\/schema.org","@graph":[{"@type":"Article","@id":"https:\/\/infoecos.com.ar\/index.php\/en-declaraciones-que-publica-infocielo-kicillof-mostro-mas-cartas-politicas\/#article","isPartOf":{"@id":"https:\/\/infoecos.com.ar\/index.php\/en-declaraciones-que-publica-infocielo-kicillof-mostro-mas-cartas-politicas\/"},"author":{"name":"Jorge Matheus","@id":"https:\/\/infoecos.com.ar\/#\/schema\/person\/8f5ace5ce73b4b4aac4b7245aee6f191"},"headline":"En declaraciones que publica Infocielo, Kicillof mostr\u00f3 m\u00e1s cartas pol\u00edticas","datePublished":"2023-01-22T15:30:27+00:00","dateModified":"2023-01-24T03:31:53+00:00","mainEntityOfPage":{"@id":"https:\/\/infoecos.com.ar\/index.php\/en-declaraciones-que-publica-infocielo-kicillof-mostro-mas-cartas-politicas\/"},"wordCount":376,"publisher":{"@id":"https:\/\/infoecos.com.ar\/#organization"},"image":{"@id":"https:\/\/infoecos.com.ar\/index.php\/en-declaraciones-que-publica-infocielo-kicillof-mostro-mas-cartas-politicas\/#primaryimage"},"thumbnailUrl":"https:\/\/infoecos.com.ar\/wp-content\/uploads\/2023\/01\/image-140.png","keywords":["SEGURO SER\u00c1 CANDIDATO"],"articleSection":["C3 N2"],"inLanguage":"es"},{"@type":"WebPage","@id":"https:\/\/infoecos.com.ar\/index.php\/en-declaraciones-que-publica-infocielo-kicillof-mostro-mas-cartas-politicas\/","url":"https:\/\/infoecos.com.ar\/index.php\/en-declaraciones-que-publica-infocielo-kicillof-mostro-mas-cartas-politicas\/","name":"En declaraciones que publica Infocielo, Kicillof mostr\u00f3 m\u00e1s cartas pol\u00edticas - Infoecos","isPartOf":{"@id":"https:\/\/infoecos.com.ar\/#website"},"primaryImageOfPage":{"@id":"https:\/\/infoecos.com.ar\/index.php\/en-declaraciones-que-publica-infocielo-kicillof-mostro-mas-cartas-politicas\/#primaryimage"},"image":{"@id":"https:\/\/infoecos.com.ar\/index.php\/en-declaraciones-que-publica-infocielo-kicillof-mostro-mas-cartas-politicas\/#primaryimage"},"thumbnailUrl":"https:\/\/infoecos.com.ar\/wp-content\/uploads\/2023\/01\/image-140.png","datePublished":"2023-01-22T15:30:27+00:00","dateModified":"2023-01-24T03:31:53+00:00","breadcrumb":{"@id":"https:\/\/infoecos.com.ar\/index.php\/en-declaraciones-que-publica-infocielo-kicillof-mostro-mas-cartas-politicas\/#breadcrumb"},"inLanguage":"es","potentialAction":[{"@type":"ReadAction","target":["https:\/\/infoecos.com.ar\/index.php\/en-declaraciones-que-publica-infocielo-kicillof-mostro-mas-cartas-politicas\/"]}]},{"@type":"ImageObject","inLanguage":"es","@id":"https:\/\/infoecos.com.ar\/index.php\/en-declaraciones-que-publica-infocielo-kicillof-mostro-mas-cartas-politicas\/#primaryimage","url":"https:\/\/infoecos.com.ar\/wp-content\/uploads\/2023\/01\/image-140.png","contentUrl":"https:\/\/infoecos.com.ar\/wp-content\/uploads\/2023\/01\/image-140.png","width":1110,"height":624},{"@type":"BreadcrumbList","@id":"https:\/\/infoecos.com.ar\/index.php\/en-declaraciones-que-publica-infocielo-kicillof-mostro-mas-cartas-politicas\/#breadcrumb","itemListElement":[{"@type":"ListItem","position":1,"name":"Portada","item":"https:\/\/infoecos.com.ar\/"},{"@type":"ListItem","position":2,"name":"En declaraciones que publica Infocielo, Kicillof mostr\u00f3 m\u00e1s cartas pol\u00edticas"}]},{"@type":"WebSite","@id":"https:\/\/infoecos.com.ar\/#website","url":"https:\/\/infoecos.com.ar\/","name":"Infoecos","description":"Noticias de trenque lauquen y la zona","publisher":{"@id":"https:\/\/infoecos.com.ar\/#organization"},"alternateName":"Noticias","potentialAction":[{"@type":"SearchAction","target":{"@type":"EntryPoint","urlTemplate":"https:\/\/infoecos.com.ar\/?s={search_term_string}"},"query-input":{"@type":"PropertyValueSpecification","valueRequired":true,"valueName":"search_term_string"}}],"inLanguage":"es"},{"@type":"Organization","@id":"https:\/\/infoecos.com.ar\/#organization","name":"Infoecos","alternateName":"Noticias","url":"https:\/\/infoecos.com.ar\/","logo":{"@type":"ImageObject","inLanguage":"es","@id":"https:\/\/infoecos.com.ar\/#\/schema\/logo\/image\/","url":"https:\/\/infoecos.com.ar\/wp-content\/uploads\/2024\/03\/cropped-logo.png","contentUrl":"https:\/\/infoecos.com.ar\/wp-content\/uploads\/2024\/03\/cropped-logo.png","width":374,"height":90,"caption":"Infoecos"},"image":{"@id":"https:\/\/infoecos.com.ar\/#\/schema\/logo\/image\/"},"sameAs":["https:\/\/www.facebook.com\/profile.php?id=100063200290284","https:\/\/x.com\/infoecos"]},{"@type":"Person","@id":"https:\/\/infoecos.com.ar\/#\/schema\/person\/8f5ace5ce73b4b4aac4b7245aee6f191","name":"Jorge Matheus","url":"https:\/\/infoecos.com.ar\/index.php\/author\/jomatheus\/"}]}},"featured_image_urls":{"full":["https:\/\/infoecos.com.ar\/wp-content\/uploads\/2023\/01\/image-140.png",1110,624,false],"thumbnail":["https:\/\/infoecos.com.ar\/wp-content\/uploads\/2023\/01\/image-140-300x150.png",300,150,true],"medium":["https:\/\/infoecos.com.ar\/wp-content\/uploads\/2023\/01\/image-140-800x450.png",800,450,true],"medium_large":["https:\/\/infoecos.com.ar\/wp-content\/uploads\/2023\/01\/image-140-768x432.png",640,360,true],"large":["https:\/\/infoecos.com.ar\/wp-content\/uploads\/2023\/01\/image-140.png",640,360,false],"1536x1536":["https:\/\/infoecos.com.ar\/wp-content\/uploads\/2023\/01\/image-140.png",1110,624,false],"2048x2048":["https:\/\/infoecos.com.ar\/wp-content\/uploads\/2023\/01\/image-140.png",1110,624,false],"covernews-slider-full":["https:\/\/infoecos.com.ar\/wp-content\/uploads\/2023\/01\/image-140.png",1110,624,false],"covernews-slider-center":["https:\/\/infoecos.com.ar\/wp-content\/uploads\/2023\/01\/image-140-936x624.png",750,500,true],"covernews-featured":["https:\/\/infoecos.com.ar\/wp-content\/uploads\/2023\/01\/image-140-1024x576.png",1024,576,true],"covernews-medium":["https:\/\/infoecos.com.ar\/wp-content\/uploads\/2023\/01\/image-140-720x380.png",540,285,true],"covernews-medium-square":["https:\/\/infoecos.com.ar\/wp-content\/uploads\/2023\/01\/image-140-675x450.png",375,250,true]},"author_info":{"info":["Jorge Matheus"]},"category_info":"<a href=\"https:\/\/infoecos.com.ar\/index.php\/category\/c3nota2\/\" rel=\"category tag\">C3 N2<\/a>","tag_info":"C3 N2","comment_count":"0","_links":{"self":[{"href":"https:\/\/infoecos.com.ar\/index.php\/wp-json\/wp\/v2\/posts\/100768"}],"collection":[{"href":"https:\/\/infoecos.com.ar\/index.php\/wp-json\/wp\/v2\/posts"}],"about":[{"href":"https:\/\/infoecos.com.ar\/index.php\/wp-json\/wp\/v2\/types\/post"}],"author":[{"embeddable":true,"href":"https:\/\/infoecos.com.ar\/index.php\/wp-json\/wp\/v2\/users\/2"}],"replies":[{"embeddable":true,"href":"https:\/\/infoecos.com.ar\/index.php\/wp-json\/wp\/v2\/comments?post=100768"}],"version-history":[{"count":2,"href":"https:\/\/infoecos.com.ar\/index.php\/wp-json\/wp\/v2\/posts\/100768\/revisions"}],"predecessor-version":[{"id":100783,"href":"https:\/\/infoecos.com.ar\/index.php\/wp-json\/wp\/v2\/posts\/100768\/revisions\/100783"}],"wp:featuredmedia":[{"embeddable":true,"href":"https:\/\/infoecos.com.ar\/index.php\/wp-json\/wp\/v2\/media\/100769"}],"wp:attachment":[{"href":"https:\/\/infoecos.com.ar\/index.php\/wp-json\/wp\/v2\/media?parent=100768"}],"wp:term":[{"taxonomy":"category","embeddable":true,"href":"https:\/\/infoecos.com.ar\/index.php\/wp-json\/wp\/v2\/categories?post=100768"},{"taxonomy":"post_tag","embeddable":true,"href":"https:\/\/infoecos.com.ar\/index.php\/wp-json\/wp\/v2\/tags?post=100768"}],"curies":[{"name":"wp","href":"https:\/\/api.w.org\/{rel}","templated":true}]}}