{"id":100790,"date":"2023-01-23T01:45:49","date_gmt":"2023-01-23T04:45:49","guid":{"rendered":"https:\/\/infoecos.com.ar\/?p=100790"},"modified":"2023-01-23T01:45:50","modified_gmt":"2023-01-23T04:45:50","slug":"oficina-de-empleo-trenque-lauquen-busquedas-disponibles","status":"publish","type":"post","link":"https:\/\/infoecos.com.ar\/index.php\/oficina-de-empleo-trenque-lauquen-busquedas-disponibles\/","title":{"rendered":"Oficina de Empleo Trenque Lauquen: b\u00fasquedas disponibles"},"content":{"rendered":"\n<p>La oficina de Servicios para el Empleo de Trenque Lauquen inform\u00f3 las b\u00fasquedas laborales disponibles. Los interesados\/as en alguna de ellas pueden comunicarse de lunes a viernes de 7 a 13 al tel\u00e9fono (2392) 60-2784 o al correo electr\u00f3nico <a href=\"mailto:busquedasempleo@trenquelauquen.gov.ar\">busquedasempleo@trenquelauquen.gov.ar<\/a><\/p>\n\n\n\n<p><strong>PUESTERO<\/strong>: Sexo masculino hasta 50 a\u00f1os, con secundario completo y experiencia comprobable en manejo de hacienda. Predisposici\u00f3n para instalarse en el campo solo o con pareja (sin hijos).<\/p>\n\n\n\n<p><strong>MATRIMONIO O PERSONA SOLA PARA GUACHER<\/strong>A: Pareja o persona con experiencia en la tarea. Disponibilidad para instalarse en el campo.<\/p>\n\n\n\n<p><strong>PE\u00d3N RURAL:<\/strong> Sexo masculino de 25 a 58 a\u00f1os con experiencia en conducci\u00f3n de tractores y tareas de campo en general. Con disponibilidad para instalarse en el campo.<\/p>\n\n\n\n<p><strong>T\u00c9CNICO\/A MEC\u00c1NICO:<\/strong> Sexo indistinto hasta 40 a\u00f1os con secundario t\u00e9cnico (automotor, electromec\u00e1nico o similar) completo. Experiencia en rubro mec\u00e1nico. Disponibilidad para trabajar de lunes a viernes de 8.30 a 18.30.<\/p>\n\n\n\n<p><strong>INGENIERO\/A AGR\u00d3NOMO\/A DE CAMPO CON DISCAPACIDAD (CUD \u2013 no excluyente)<\/strong>: Profesional recibido, con 5 a\u00f1os de experiencia en puestos similares, buenas herramientas y t\u00e9cnicas de venta y marketing. Buenas habilidades de comunicaci\u00f3n y relaciones interpersonales, y radicaci\u00f3n en zona oeste bonaerense.<\/p>\n\n\n\n<p><strong>INVESTIGADOR ASOCIADO CON DISCAPACIDAD (CUD \u2013 no excluyente):<\/strong> Profesional de la carrera de agronom\u00eda (en curso avanzado \u2013 excluyente), al menos 2 a\u00f1os de experiencia en actividades de investigaci\u00f3n de cultivo. Conocimientos b\u00e1sicos de los principales cultivos y manejo de plagas y malezas. Predisposici\u00f3n para aprender y trabajar en equipo, flexibilidad para trabajar d\u00edas extendidos y fines de semana en momentos cr\u00edticos de la temporada, licencia de conducir, historial de manejo aceptable (obligatorio), nivel de ingl\u00e9s intermedio, lugar de residencia en zona oeste bonaerense.<\/p>\n\n\n\n<p><strong>DOCENTE NIVEL INICIAL \/ EDUCACI\u00d3N ESPECIAL<\/strong>: Docentes recibidas o con el 90 % de la carrera realizado. Con amplia disponibilidad horaria.<\/p>\n\n\n\n<p><strong>MIXERO<\/strong>: Persona sola o matrimonio con predisposici\u00f3n para instalarse en el campo. Experiencia en manejo de hacienda.<\/p>\n\n\n\n<p><strong>T\u00c9CNICO \/ MEC\u00c1NICO<\/strong>: Sexo masculino, con estudios secundarios completos y experiencia en reparaci\u00f3n de maquinaria agr\u00edcola. Disponibilidad full time.<\/p>\n\n\n\n<p><strong>OPERADOR TELEF\u00d3NICO \/ TELEMARKETER<\/strong>: Tres (3) vacantes de sexo indistinto, entre 18 y 35 a\u00f1os, con disponibilidad para trabajar de lunes a viernes de 8 a 12 y de 14 a 18.<\/p>\n\n\n\n<p><strong>PSIC\u00d3LOGO\/A<\/strong>: Tres (3) vacantes para desempe\u00f1ar tareas en el \u00e1rea de Salud Comunitaria del Municipio de Trenque Lauquen. Sexo indistinto, mayor de 25 a\u00f1os.<\/p>\n\n\n\n<p><strong>AYUDANTE DE COCINA Y LIMPIEZA EN ESTANCIA<\/strong>: Sexo femenino, entre 40 y 50 a\u00f1os, sin hijos a cargo con disposici\u00f3n para instalarse en el campo. Se requiere experiencia en trabajos similares.<\/p>\n\n\n\n<p><strong>AUXILIAR DE LIMPIEZA Y ENFERMER\u00cdA (MUCAMA) PARA HOGAR DE ADULTOS MAYORES EN 30 DE AGOSTO:<\/strong> Sexo indistinto, entre 25 y 35 a\u00f1os, con estudios secundarios completos y experiencia comprobable en la tarea. Disponibilidad para trabajar de lunes a domingos con horarios rotativos, jornada diaria de 8 horas.<\/p>\n\n\n\n<p><strong>ENFERMERA PARA HOGAR DE ADULTOS MAYORES EN 30 DE AGOSTO<\/strong>: Sexo indistinto, entre 25 y 35 a\u00f1os, con estudios secundarios completos y experiencia comprobable en la tarea. Disponibilidad para trabajar de lunes a domingos con horarios rotativos, jornada diaria de 8 horas.<\/p>\n","protected":false},"excerpt":{"rendered":"<p>Los interesados\/as en alguna de ellas pueden comunicarse de lunes a viernes de 7 a 13 al tel\u00e9fono (2392) 60-2784 o al correo electr\u00f3nico busquedasempleo@trenquelauquen.gov.ar<\/p>\n","protected":false},"author":2,"featured_media":59603,"comment_status":"closed","ping_status":"open","sticky":false,"template":"","format":"standard","meta":{"footnotes":""},"categories":[49],"tags":[7155],"class_list":["post-100790","post","type-post","status-publish","format-standard","has-post-thumbnail","hentry","category-c3nota3","tag-por-telefono-o-correo-electronico"],"yoast_head":"<!-- This site is optimized with the Yoast SEO plugin v23.4 - https:\/\/yoast.com\/wordpress\/plugins\/seo\/ -->\n<title>Oficina de Empleo Trenque Lauquen: b\u00fasquedas disponibles - Infoecos<\/title>\n<meta name=\"robots\" content=\"index, follow, max-snippet:-1, max-image-preview:large, max-video-preview:-1\" \/>\n<link rel=\"canonical\" href=\"https:\/\/infoecos.com.ar\/index.php\/oficina-de-empleo-trenque-lauquen-busquedas-disponibles\/\" \/>\n<meta property=\"og:locale\" content=\"es_ES\" \/>\n<meta property=\"og:type\" content=\"article\" \/>\n<meta property=\"og:title\" content=\"Oficina de Empleo Trenque Lauquen: b\u00fasquedas disponibles - Infoecos\" \/>\n<meta property=\"og:description\" content=\"Los interesados\/as en alguna de ellas pueden comunicarse de lunes a viernes de 7 a 13 al tel\u00e9fono (2392) 60-2784 o al correo electr\u00f3nico busquedasempleo@trenquelauquen.gov.ar\" \/>\n<meta property=\"og:url\" content=\"https:\/\/infoecos.com.ar\/index.php\/oficina-de-empleo-trenque-lauquen-busquedas-disponibles\/\" \/>\n<meta property=\"og:site_name\" content=\"Infoecos\" \/>\n<meta property=\"article:publisher\" content=\"https:\/\/www.facebook.com\/profile.php?id=100063200290284\" \/>\n<meta property=\"article:published_time\" content=\"2023-01-23T04:45:49+00:00\" \/>\n<meta property=\"article:modified_time\" content=\"2023-01-23T04:45:50+00:00\" \/>\n<meta property=\"og:image\" content=\"https:\/\/infoecos.com.ar\/wp-content\/uploads\/tl16centrocivico-scaled.jpg\" \/>\n\t<meta property=\"og:image:width\" content=\"2560\" \/>\n\t<meta property=\"og:image:height\" content=\"1920\" \/>\n\t<meta property=\"og:image:type\" content=\"image\/jpeg\" \/>\n<meta name=\"author\" content=\"Jorge Matheus\" \/>\n<meta name=\"twitter:card\" content=\"summary_large_image\" \/>\n<meta name=\"twitter:creator\" content=\"@infoecos\" \/>\n<meta name=\"twitter:site\" content=\"@infoecos\" \/>\n<meta name=\"twitter:label1\" content=\"Escrito por\" \/>\n\t<meta name=\"twitter:data1\" content=\"Jorge Matheus\" \/>\n\t<meta name=\"twitter:label2\" content=\"Tiempo de lectura\" \/>\n\t<meta name=\"twitter:data2\" content=\"3 minutos\" \/>\n<script type=\"application\/ld+json\" class=\"yoast-schema-graph\">{\"@context\":\"https:\/\/schema.org\",\"@graph\":[{\"@type\":\"Article\",\"@id\":\"https:\/\/infoecos.com.ar\/index.php\/oficina-de-empleo-trenque-lauquen-busquedas-disponibles\/#article\",\"isPartOf\":{\"@id\":\"https:\/\/infoecos.com.ar\/index.php\/oficina-de-empleo-trenque-lauquen-busquedas-disponibles\/\"},\"author\":{\"name\":\"Jorge Matheus\",\"@id\":\"https:\/\/infoecos.com.ar\/#\/schema\/person\/8f5ace5ce73b4b4aac4b7245aee6f191\"},\"headline\":\"Oficina de Empleo Trenque Lauquen: b\u00fasquedas disponibles\",\"datePublished\":\"2023-01-23T04:45:49+00:00\",\"dateModified\":\"2023-01-23T04:45:50+00:00\",\"mainEntityOfPage\":{\"@id\":\"https:\/\/infoecos.com.ar\/index.php\/oficina-de-empleo-trenque-lauquen-busquedas-disponibles\/\"},\"wordCount\":525,\"publisher\":{\"@id\":\"https:\/\/infoecos.com.ar\/#organization\"},\"image\":{\"@id\":\"https:\/\/infoecos.com.ar\/index.php\/oficina-de-empleo-trenque-lauquen-busquedas-disponibles\/#primaryimage\"},\"thumbnailUrl\":\"https:\/\/infoecos.com.ar\/wp-content\/uploads\/tl16centrocivico-scaled.jpg\",\"keywords\":[\"Por tel\u00e9fono o correo electr\u00f3nico\"],\"articleSection\":[\"C3 N3\"],\"inLanguage\":\"es\"},{\"@type\":\"WebPage\",\"@id\":\"https:\/\/infoecos.com.ar\/index.php\/oficina-de-empleo-trenque-lauquen-busquedas-disponibles\/\",\"url\":\"https:\/\/infoecos.com.ar\/index.php\/oficina-de-empleo-trenque-lauquen-busquedas-disponibles\/\",\"name\":\"Oficina de Empleo Trenque Lauquen: b\u00fasquedas disponibles - Infoecos\",\"isPartOf\":{\"@id\":\"https:\/\/infoecos.com.ar\/#website\"},\"primaryImageOfPage\":{\"@id\":\"https:\/\/infoecos.com.ar\/index.php\/oficina-de-empleo-trenque-lauquen-busquedas-disponibles\/#primaryimage\"},\"image\":{\"@id\":\"https:\/\/infoecos.com.ar\/index.php\/oficina-de-empleo-trenque-lauquen-busquedas-disponibles\/#primaryimage\"},\"thumbnailUrl\":\"https:\/\/infoecos.com.ar\/wp-content\/uploads\/tl16centrocivico-scaled.jpg\",\"datePublished\":\"2023-01-23T04:45:49+00:00\",\"dateModified\":\"2023-01-23T04:45:50+00:00\",\"breadcrumb\":{\"@id\":\"https:\/\/infoecos.com.ar\/index.php\/oficina-de-empleo-trenque-lauquen-busquedas-disponibles\/#breadcrumb\"},\"inLanguage\":\"es\",\"potentialAction\":[{\"@type\":\"ReadAction\",\"target\":[\"https:\/\/infoecos.com.ar\/index.php\/oficina-de-empleo-trenque-lauquen-busquedas-disponibles\/\"]}]},{\"@type\":\"ImageObject\",\"inLanguage\":\"es\",\"@id\":\"https:\/\/infoecos.com.ar\/index.php\/oficina-de-empleo-trenque-lauquen-busquedas-disponibles\/#primaryimage\",\"url\":\"https:\/\/infoecos.com.ar\/wp-content\/uploads\/tl16centrocivico-scaled.jpg\",\"contentUrl\":\"https:\/\/infoecos.com.ar\/wp-content\/uploads\/tl16centrocivico-scaled.jpg\",\"width\":2560,\"height\":1920,\"caption\":\"Trenque Lauquen - Centro C\u00edvico\"},{\"@type\":\"BreadcrumbList\",\"@id\":\"https:\/\/infoecos.com.ar\/index.php\/oficina-de-empleo-trenque-lauquen-busquedas-disponibles\/#breadcrumb\",\"itemListElement\":[{\"@type\":\"ListItem\",\"position\":1,\"name\":\"Portada\",\"item\":\"https:\/\/infoecos.com.ar\/\"},{\"@type\":\"ListItem\",\"position\":2,\"name\":\"Oficina de Empleo Trenque Lauquen: b\u00fasquedas disponibles\"}]},{\"@type\":\"WebSite\",\"@id\":\"https:\/\/infoecos.com.ar\/#website\",\"url\":\"https:\/\/infoecos.com.ar\/\",\"name\":\"Infoecos\",\"description\":\"Noticias de trenque lauquen y la zona\",\"publisher\":{\"@id\":\"https:\/\/infoecos.com.ar\/#organization\"},\"alternateName\":\"Noticias\",\"potentialAction\":[{\"@type\":\"SearchAction\",\"target\":{\"@type\":\"EntryPoint\",\"urlTemplate\":\"https:\/\/infoecos.com.ar\/?s={search_term_string}\"},\"query-input\":{\"@type\":\"PropertyValueSpecification\",\"valueRequired\":true,\"valueName\":\"search_term_string\"}}],\"inLanguage\":\"es\"},{\"@type\":\"Organization\",\"@id\":\"https:\/\/infoecos.com.ar\/#organization\",\"name\":\"Infoecos\",\"alternateName\":\"Noticias\",\"url\":\"https:\/\/infoecos.com.ar\/\",\"logo\":{\"@type\":\"ImageObject\",\"inLanguage\":\"es\",\"@id\":\"https:\/\/infoecos.com.ar\/#\/schema\/logo\/image\/\",\"url\":\"https:\/\/infoecos.com.ar\/wp-content\/uploads\/2024\/03\/cropped-logo.png\",\"contentUrl\":\"https:\/\/infoecos.com.ar\/wp-content\/uploads\/2024\/03\/cropped-logo.png\",\"width\":374,\"height\":90,\"caption\":\"Infoecos\"},\"image\":{\"@id\":\"https:\/\/infoecos.com.ar\/#\/schema\/logo\/image\/\"},\"sameAs\":[\"https:\/\/www.facebook.com\/profile.php?id=100063200290284\",\"https:\/\/x.com\/infoecos\"]},{\"@type\":\"Person\",\"@id\":\"https:\/\/infoecos.com.ar\/#\/schema\/person\/8f5ace5ce73b4b4aac4b7245aee6f191\",\"name\":\"Jorge Matheus\",\"url\":\"https:\/\/infoecos.com.ar\/index.php\/author\/jomatheus\/\"}]}<\/script>\n<!-- \/ Yoast SEO plugin. -->","yoast_head_json":{"title":"Oficina de Empleo Trenque Lauquen: b\u00fasquedas disponibles - Infoecos","robots":{"index":"index","follow":"follow","max-snippet":"max-snippet:-1","max-image-preview":"max-image-preview:large","max-video-preview":"max-video-preview:-1"},"canonical":"https:\/\/infoecos.com.ar\/index.php\/oficina-de-empleo-trenque-lauquen-busquedas-disponibles\/","og_locale":"es_ES","og_type":"article","og_title":"Oficina de Empleo Trenque Lauquen: b\u00fasquedas disponibles - Infoecos","og_description":"Los interesados\/as en alguna de ellas pueden comunicarse de lunes a viernes de 7 a 13 al tel\u00e9fono (2392) 60-2784 o al correo electr\u00f3nico busquedasempleo@trenquelauquen.gov.ar","og_url":"https:\/\/infoecos.com.ar\/index.php\/oficina-de-empleo-trenque-lauquen-busquedas-disponibles\/","og_site_name":"Infoecos","article_publisher":"https:\/\/www.facebook.com\/profile.php?id=100063200290284","article_published_time":"2023-01-23T04:45:49+00:00","article_modified_time":"2023-01-23T04:45:50+00:00","og_image":[{"width":2560,"height":1920,"url":"https:\/\/infoecos.com.ar\/wp-content\/uploads\/tl16centrocivico-scaled.jpg","type":"image\/jpeg"}],"author":"Jorge Matheus","twitter_card":"summary_large_image","twitter_creator":"@infoecos","twitter_site":"@infoecos","twitter_misc":{"Escrito por":"Jorge Matheus","Tiempo de lectura":"3 minutos"},"schema":{"@context":"https:\/\/schema.org","@graph":[{"@type":"Article","@id":"https:\/\/infoecos.com.ar\/index.php\/oficina-de-empleo-trenque-lauquen-busquedas-disponibles\/#article","isPartOf":{"@id":"https:\/\/infoecos.com.ar\/index.php\/oficina-de-empleo-trenque-lauquen-busquedas-disponibles\/"},"author":{"name":"Jorge Matheus","@id":"https:\/\/infoecos.com.ar\/#\/schema\/person\/8f5ace5ce73b4b4aac4b7245aee6f191"},"headline":"Oficina de Empleo Trenque Lauquen: b\u00fasquedas disponibles","datePublished":"2023-01-23T04:45:49+00:00","dateModified":"2023-01-23T04:45:50+00:00","mainEntityOfPage":{"@id":"https:\/\/infoecos.com.ar\/index.php\/oficina-de-empleo-trenque-lauquen-busquedas-disponibles\/"},"wordCount":525,"publisher":{"@id":"https:\/\/infoecos.com.ar\/#organization"},"image":{"@id":"https:\/\/infoecos.com.ar\/index.php\/oficina-de-empleo-trenque-lauquen-busquedas-disponibles\/#primaryimage"},"thumbnailUrl":"https:\/\/infoecos.com.ar\/wp-content\/uploads\/tl16centrocivico-scaled.jpg","keywords":["Por tel\u00e9fono o correo electr\u00f3nico"],"articleSection":["C3 N3"],"inLanguage":"es"},{"@type":"WebPage","@id":"https:\/\/infoecos.com.ar\/index.php\/oficina-de-empleo-trenque-lauquen-busquedas-disponibles\/","url":"https:\/\/infoecos.com.ar\/index.php\/oficina-de-empleo-trenque-lauquen-busquedas-disponibles\/","name":"Oficina de Empleo Trenque Lauquen: b\u00fasquedas disponibles - Infoecos","isPartOf":{"@id":"https:\/\/infoecos.com.ar\/#website"},"primaryImageOfPage":{"@id":"https:\/\/infoecos.com.ar\/index.php\/oficina-de-empleo-trenque-lauquen-busquedas-disponibles\/#primaryimage"},"image":{"@id":"https:\/\/infoecos.com.ar\/index.php\/oficina-de-empleo-trenque-lauquen-busquedas-disponibles\/#primaryimage"},"thumbnailUrl":"https:\/\/infoecos.com.ar\/wp-content\/uploads\/tl16centrocivico-scaled.jpg","datePublished":"2023-01-23T04:45:49+00:00","dateModified":"2023-01-23T04:45:50+00:00","breadcrumb":{"@id":"https:\/\/infoecos.com.ar\/index.php\/oficina-de-empleo-trenque-lauquen-busquedas-disponibles\/#breadcrumb"},"inLanguage":"es","potentialAction":[{"@type":"ReadAction","target":["https:\/\/infoecos.com.ar\/index.php\/oficina-de-empleo-trenque-lauquen-busquedas-disponibles\/"]}]},{"@type":"ImageObject","inLanguage":"es","@id":"https:\/\/infoecos.com.ar\/index.php\/oficina-de-empleo-trenque-lauquen-busquedas-disponibles\/#primaryimage","url":"https:\/\/infoecos.com.ar\/wp-content\/uploads\/tl16centrocivico-scaled.jpg","contentUrl":"https:\/\/infoecos.com.ar\/wp-content\/uploads\/tl16centrocivico-scaled.jpg","width":2560,"height":1920,"caption":"Trenque Lauquen - Centro C\u00edvico"},{"@type":"BreadcrumbList","@id":"https:\/\/infoecos.com.ar\/index.php\/oficina-de-empleo-trenque-lauquen-busquedas-disponibles\/#breadcrumb","itemListElement":[{"@type":"ListItem","position":1,"name":"Portada","item":"https:\/\/infoecos.com.ar\/"},{"@type":"ListItem","position":2,"name":"Oficina de Empleo Trenque Lauquen: b\u00fasquedas disponibles"}]},{"@type":"WebSite","@id":"https:\/\/infoecos.com.ar\/#website","url":"https:\/\/infoecos.com.ar\/","name":"Infoecos","description":"Noticias de trenque lauquen y la zona","publisher":{"@id":"https:\/\/infoecos.com.ar\/#organization"},"alternateName":"Noticias","potentialAction":[{"@type":"SearchAction","target":{"@type":"EntryPoint","urlTemplate":"https:\/\/infoecos.com.ar\/?s={search_term_string}"},"query-input":{"@type":"PropertyValueSpecification","valueRequired":true,"valueName":"search_term_string"}}],"inLanguage":"es"},{"@type":"Organization","@id":"https:\/\/infoecos.com.ar\/#organization","name":"Infoecos","alternateName":"Noticias","url":"https:\/\/infoecos.com.ar\/","logo":{"@type":"ImageObject","inLanguage":"es","@id":"https:\/\/infoecos.com.ar\/#\/schema\/logo\/image\/","url":"https:\/\/infoecos.com.ar\/wp-content\/uploads\/2024\/03\/cropped-logo.png","contentUrl":"https:\/\/infoecos.com.ar\/wp-content\/uploads\/2024\/03\/cropped-logo.png","width":374,"height":90,"caption":"Infoecos"},"image":{"@id":"https:\/\/infoecos.com.ar\/#\/schema\/logo\/image\/"},"sameAs":["https:\/\/www.facebook.com\/profile.php?id=100063200290284","https:\/\/x.com\/infoecos"]},{"@type":"Person","@id":"https:\/\/infoecos.com.ar\/#\/schema\/person\/8f5ace5ce73b4b4aac4b7245aee6f191","name":"Jorge Matheus","url":"https:\/\/infoecos.com.ar\/index.php\/author\/jomatheus\/"}]}},"featured_image_urls":{"full":["https:\/\/infoecos.com.ar\/wp-content\/uploads\/tl16centrocivico-scaled.jpg",2560,1920,false],"thumbnail":["https:\/\/infoecos.com.ar\/wp-content\/uploads\/tl16centrocivico-150x150.jpg",150,150,true],"medium":["https:\/\/infoecos.com.ar\/wp-content\/uploads\/tl16centrocivico-460x345.jpg",460,345,true],"medium_large":["https:\/\/infoecos.com.ar\/wp-content\/uploads\/tl16centrocivico-768x576.jpg",640,480,true],"large":["https:\/\/infoecos.com.ar\/wp-content\/uploads\/tl16centrocivico-920x690.jpg",640,480,true],"1536x1536":["https:\/\/infoecos.com.ar\/wp-content\/uploads\/tl16centrocivico-1536x1152.jpg",1536,1152,true],"2048x2048":["https:\/\/infoecos.com.ar\/wp-content\/uploads\/tl16centrocivico-2048x1536.jpg",2048,1536,true],"covernews-slider-full":["https:\/\/infoecos.com.ar\/wp-content\/uploads\/tl16centrocivico-1536x1020.jpg",1077,715,true],"covernews-slider-center":["https:\/\/infoecos.com.ar\/wp-content\/uploads\/tl16centrocivico-936x897.jpg",522,500,true],"covernews-featured":["https:\/\/infoecos.com.ar\/wp-content\/uploads\/tl16centrocivico-1024x768.jpg",1024,768,true],"covernews-medium":["https:\/\/infoecos.com.ar\/wp-content\/uploads\/tl16centrocivico-720x380.jpg",540,285,true],"covernews-medium-square":["https:\/\/infoecos.com.ar\/wp-content\/uploads\/tl16centrocivico-675x450.jpg",375,250,true]},"author_info":{"info":["Jorge Matheus"]},"category_info":"<a href=\"https:\/\/infoecos.com.ar\/index.php\/category\/c3nota3\/\" rel=\"category tag\">C3 N3<\/a>","tag_info":"C3 N3","comment_count":"0","_links":{"self":[{"href":"https:\/\/infoecos.com.ar\/index.php\/wp-json\/wp\/v2\/posts\/100790"}],"collection":[{"href":"https:\/\/infoecos.com.ar\/index.php\/wp-json\/wp\/v2\/posts"}],"about":[{"href":"https:\/\/infoecos.com.ar\/index.php\/wp-json\/wp\/v2\/types\/post"}],"author":[{"embeddable":true,"href":"https:\/\/infoecos.com.ar\/index.php\/wp-json\/wp\/v2\/users\/2"}],"replies":[{"embeddable":true,"href":"https:\/\/infoecos.com.ar\/index.php\/wp-json\/wp\/v2\/comments?post=100790"}],"version-history":[{"count":1,"href":"https:\/\/infoecos.com.ar\/index.php\/wp-json\/wp\/v2\/posts\/100790\/revisions"}],"predecessor-version":[{"id":100791,"href":"https:\/\/infoecos.com.ar\/index.php\/wp-json\/wp\/v2\/posts\/100790\/revisions\/100791"}],"wp:featuredmedia":[{"embeddable":true,"href":"https:\/\/infoecos.com.ar\/index.php\/wp-json\/wp\/v2\/media\/59603"}],"wp:attachment":[{"href":"https:\/\/infoecos.com.ar\/index.php\/wp-json\/wp\/v2\/media?parent=100790"}],"wp:term":[{"taxonomy":"category","embeddable":true,"href":"https:\/\/infoecos.com.ar\/index.php\/wp-json\/wp\/v2\/categories?post=100790"},{"taxonomy":"post_tag","embeddable":true,"href":"https:\/\/infoecos.com.ar\/index.php\/wp-json\/wp\/v2\/tags?post=100790"}],"curies":[{"name":"wp","href":"https:\/\/api.w.org\/{rel}","templated":true}]}}