{"id":100817,"date":"2023-01-24T00:44:17","date_gmt":"2023-01-24T03:44:17","guid":{"rendered":"https:\/\/infoecos.com.ar\/?p=100817"},"modified":"2023-01-25T10:43:10","modified_gmt":"2023-01-25T13:43:10","slug":"mariano-barroso-confirmo-que-no-quiere-ir-por-la-reeleccion-a-intendente-en-9-de-julio","status":"publish","type":"post","link":"https:\/\/infoecos.com.ar\/index.php\/mariano-barroso-confirmo-que-no-quiere-ir-por-la-reeleccion-a-intendente-en-9-de-julio\/","title":{"rendered":"Mariano Barroso confirm\u00f3 que no quiere ir por la reelecci\u00f3n a intendente en 9 de Julio"},"content":{"rendered":"\n<p>El intendente de&nbsp;9 de Julio, no ir\u00e1 por un nuevo mandato y este lunes postul\u00f3 para reemplazarlo a su jefa de gabinete, Mar\u00eda Jos\u00e9 Gentile. <\/p>\n\n\n\n<figure class=\"wp-block-image aligncenter size-full is-resized\"><img loading=\"lazy\" decoding=\"async\" src=\"https:\/\/infoecos.com.ar\/wp-content\/uploads\/2023\/01\/image-153.png\" alt=\"\" class=\"wp-image-100819\" width=\"607\" height=\"344\" srcset=\"https:\/\/infoecos.com.ar\/wp-content\/uploads\/2023\/01\/image-153.png 880w, https:\/\/infoecos.com.ar\/wp-content\/uploads\/2023\/01\/image-153-800x453.png 800w, https:\/\/infoecos.com.ar\/wp-content\/uploads\/2023\/01\/image-153-768x435.png 768w\" sizes=\"(max-width: 607px) 100vw, 607px\" \/><\/figure>\n\n\n\n<p>El intendente destac\u00f3 que Gentile \u201crepresenta nuestros valores, nuestra forma de gobernar y podr\u00e1 hacer un mejor trabajo del que yo he hecho\u201d. La actual jefa de Gabinete enfrentar\u00eda en una PASO al radical&nbsp;<strong>Ignacio Palacio<\/strong>, actual concejal, ganador en las internas de 2021.<\/p>\n\n\n\n<p>\u201cCreo en el recambio pero no ser\u00e1 una decisi\u00f3n personal, yo respondo a las decisiones de todo un partido. Pero en lo personal, creo que para continuar esta l\u00ednea de gobierno, la persona ideal por diferentes motivos es ella. Primero por la experiencia en estos siete a\u00f1os de gesti\u00f3n: como concejal, presidente del Concejo Deliberante, como Secretaria de Salud en plena pandemia y ahora como Jefa de Gabinete. No me caben dudas que es la persona indicada\u201d, asegur\u00f3 a Diario Tiempo.<\/p>\n\n\n\n<figure class=\"wp-block-image aligncenter size-full is-resized\"><img loading=\"lazy\" decoding=\"async\" src=\"https:\/\/infoecos.com.ar\/wp-content\/uploads\/2023\/01\/image-152.png\" alt=\"\" class=\"wp-image-100818\" width=\"603\" height=\"402\" srcset=\"https:\/\/infoecos.com.ar\/wp-content\/uploads\/2023\/01\/image-152.png 1200w, https:\/\/infoecos.com.ar\/wp-content\/uploads\/2023\/01\/image-152-800x533.png 800w, https:\/\/infoecos.com.ar\/wp-content\/uploads\/2023\/01\/image-152-768x512.png 768w, https:\/\/infoecos.com.ar\/wp-content\/uploads\/2023\/01\/image-152-1024x683.png 1024w, https:\/\/infoecos.com.ar\/wp-content\/uploads\/2023\/01\/image-152-675x450.png 675w\" sizes=\"(max-width: 603px) 100vw, 603px\" \/><\/figure>\n\n\n\n<p>Barroso hab\u00eda mostrado sus deseos de dejar la conducci\u00f3n del municipio en el 2019, pero la insistencia que le plantearon desde Juntos por el Cambio hizo que desistiera de la idea, por lo que se present\u00f3 para un nuevo mandato que culmina en este 2023. <\/p>\n","protected":false},"excerpt":{"rendered":"<p>El intendente destac\u00f3 que Gentile \u201crepresenta nuestros valores, nuestra forma de gobernar y podr\u00e1 hacer un mejor trabajo del que yo he hecho\u201d<\/p>\n","protected":false},"author":2,"featured_media":100819,"comment_status":"closed","ping_status":"open","sticky":false,"template":"","format":"standard","meta":{"footnotes":""},"categories":[41],"tags":[7160],"class_list":["post-100817","post","type-post","status-publish","format-standard","has-post-thumbnail","hentry","category-inferior2","tag-postulo-a-su-jefa-de-gabinete"],"yoast_head":"<!-- This site is optimized with the Yoast SEO plugin v23.4 - https:\/\/yoast.com\/wordpress\/plugins\/seo\/ -->\n<title>Mariano Barroso confirm\u00f3 que no quiere ir por la reelecci\u00f3n a intendente en 9 de Julio - Infoecos<\/title>\n<meta name=\"robots\" content=\"index, follow, max-snippet:-1, max-image-preview:large, max-video-preview:-1\" \/>\n<link rel=\"canonical\" href=\"https:\/\/infoecos.com.ar\/index.php\/mariano-barroso-confirmo-que-no-quiere-ir-por-la-reeleccion-a-intendente-en-9-de-julio\/\" \/>\n<meta property=\"og:locale\" content=\"es_ES\" \/>\n<meta property=\"og:type\" content=\"article\" \/>\n<meta property=\"og:title\" content=\"Mariano Barroso confirm\u00f3 que no quiere ir por la reelecci\u00f3n a intendente en 9 de Julio - Infoecos\" \/>\n<meta property=\"og:description\" content=\"El intendente destac\u00f3 que Gentile \u201crepresenta nuestros valores, nuestra forma de gobernar y podr\u00e1 hacer un mejor trabajo del que yo he hecho\u201d\" \/>\n<meta property=\"og:url\" content=\"https:\/\/infoecos.com.ar\/index.php\/mariano-barroso-confirmo-que-no-quiere-ir-por-la-reeleccion-a-intendente-en-9-de-julio\/\" \/>\n<meta property=\"og:site_name\" content=\"Infoecos\" \/>\n<meta property=\"article:publisher\" content=\"https:\/\/www.facebook.com\/profile.php?id=100063200290284\" \/>\n<meta property=\"article:published_time\" content=\"2023-01-24T03:44:17+00:00\" \/>\n<meta property=\"article:modified_time\" content=\"2023-01-25T13:43:10+00:00\" \/>\n<meta property=\"og:image\" content=\"https:\/\/infoecos.com.ar\/wp-content\/uploads\/2023\/01\/image-153.png\" \/>\n\t<meta property=\"og:image:width\" content=\"880\" \/>\n\t<meta property=\"og:image:height\" content=\"498\" \/>\n\t<meta property=\"og:image:type\" content=\"image\/png\" \/>\n<meta name=\"author\" content=\"Jorge Matheus\" \/>\n<meta name=\"twitter:card\" content=\"summary_large_image\" \/>\n<meta name=\"twitter:creator\" content=\"@infoecos\" \/>\n<meta name=\"twitter:site\" content=\"@infoecos\" \/>\n<meta name=\"twitter:label1\" content=\"Escrito por\" \/>\n\t<meta name=\"twitter:data1\" content=\"Jorge Matheus\" \/>\n\t<meta name=\"twitter:label2\" content=\"Tiempo de lectura\" \/>\n\t<meta name=\"twitter:data2\" content=\"2 minutos\" \/>\n<script type=\"application\/ld+json\" class=\"yoast-schema-graph\">{\"@context\":\"https:\/\/schema.org\",\"@graph\":[{\"@type\":\"Article\",\"@id\":\"https:\/\/infoecos.com.ar\/index.php\/mariano-barroso-confirmo-que-no-quiere-ir-por-la-reeleccion-a-intendente-en-9-de-julio\/#article\",\"isPartOf\":{\"@id\":\"https:\/\/infoecos.com.ar\/index.php\/mariano-barroso-confirmo-que-no-quiere-ir-por-la-reeleccion-a-intendente-en-9-de-julio\/\"},\"author\":{\"name\":\"Jorge Matheus\",\"@id\":\"https:\/\/infoecos.com.ar\/#\/schema\/person\/8f5ace5ce73b4b4aac4b7245aee6f191\"},\"headline\":\"Mariano Barroso confirm\u00f3 que no quiere ir por la reelecci\u00f3n a intendente en 9 de Julio\",\"datePublished\":\"2023-01-24T03:44:17+00:00\",\"dateModified\":\"2023-01-25T13:43:10+00:00\",\"mainEntityOfPage\":{\"@id\":\"https:\/\/infoecos.com.ar\/index.php\/mariano-barroso-confirmo-que-no-quiere-ir-por-la-reeleccion-a-intendente-en-9-de-julio\/\"},\"wordCount\":218,\"publisher\":{\"@id\":\"https:\/\/infoecos.com.ar\/#organization\"},\"image\":{\"@id\":\"https:\/\/infoecos.com.ar\/index.php\/mariano-barroso-confirmo-que-no-quiere-ir-por-la-reeleccion-a-intendente-en-9-de-julio\/#primaryimage\"},\"thumbnailUrl\":\"https:\/\/infoecos.com.ar\/wp-content\/uploads\/2023\/01\/image-153.png\",\"keywords\":[\"POSTUL\u00d3 A SU JEFA DE GABINETE\"],\"articleSection\":[\"Bloque inferior - 2\"],\"inLanguage\":\"es\"},{\"@type\":\"WebPage\",\"@id\":\"https:\/\/infoecos.com.ar\/index.php\/mariano-barroso-confirmo-que-no-quiere-ir-por-la-reeleccion-a-intendente-en-9-de-julio\/\",\"url\":\"https:\/\/infoecos.com.ar\/index.php\/mariano-barroso-confirmo-que-no-quiere-ir-por-la-reeleccion-a-intendente-en-9-de-julio\/\",\"name\":\"Mariano Barroso confirm\u00f3 que no quiere ir por la reelecci\u00f3n a intendente en 9 de Julio - Infoecos\",\"isPartOf\":{\"@id\":\"https:\/\/infoecos.com.ar\/#website\"},\"primaryImageOfPage\":{\"@id\":\"https:\/\/infoecos.com.ar\/index.php\/mariano-barroso-confirmo-que-no-quiere-ir-por-la-reeleccion-a-intendente-en-9-de-julio\/#primaryimage\"},\"image\":{\"@id\":\"https:\/\/infoecos.com.ar\/index.php\/mariano-barroso-confirmo-que-no-quiere-ir-por-la-reeleccion-a-intendente-en-9-de-julio\/#primaryimage\"},\"thumbnailUrl\":\"https:\/\/infoecos.com.ar\/wp-content\/uploads\/2023\/01\/image-153.png\",\"datePublished\":\"2023-01-24T03:44:17+00:00\",\"dateModified\":\"2023-01-25T13:43:10+00:00\",\"breadcrumb\":{\"@id\":\"https:\/\/infoecos.com.ar\/index.php\/mariano-barroso-confirmo-que-no-quiere-ir-por-la-reeleccion-a-intendente-en-9-de-julio\/#breadcrumb\"},\"inLanguage\":\"es\",\"potentialAction\":[{\"@type\":\"ReadAction\",\"target\":[\"https:\/\/infoecos.com.ar\/index.php\/mariano-barroso-confirmo-que-no-quiere-ir-por-la-reeleccion-a-intendente-en-9-de-julio\/\"]}]},{\"@type\":\"ImageObject\",\"inLanguage\":\"es\",\"@id\":\"https:\/\/infoecos.com.ar\/index.php\/mariano-barroso-confirmo-que-no-quiere-ir-por-la-reeleccion-a-intendente-en-9-de-julio\/#primaryimage\",\"url\":\"https:\/\/infoecos.com.ar\/wp-content\/uploads\/2023\/01\/image-153.png\",\"contentUrl\":\"https:\/\/infoecos.com.ar\/wp-content\/uploads\/2023\/01\/image-153.png\",\"width\":880,\"height\":498},{\"@type\":\"BreadcrumbList\",\"@id\":\"https:\/\/infoecos.com.ar\/index.php\/mariano-barroso-confirmo-que-no-quiere-ir-por-la-reeleccion-a-intendente-en-9-de-julio\/#breadcrumb\",\"itemListElement\":[{\"@type\":\"ListItem\",\"position\":1,\"name\":\"Portada\",\"item\":\"https:\/\/infoecos.com.ar\/\"},{\"@type\":\"ListItem\",\"position\":2,\"name\":\"Mariano Barroso confirm\u00f3 que no quiere ir por la reelecci\u00f3n a intendente en 9 de Julio\"}]},{\"@type\":\"WebSite\",\"@id\":\"https:\/\/infoecos.com.ar\/#website\",\"url\":\"https:\/\/infoecos.com.ar\/\",\"name\":\"Infoecos\",\"description\":\"Noticias de trenque lauquen y la zona\",\"publisher\":{\"@id\":\"https:\/\/infoecos.com.ar\/#organization\"},\"alternateName\":\"Noticias\",\"potentialAction\":[{\"@type\":\"SearchAction\",\"target\":{\"@type\":\"EntryPoint\",\"urlTemplate\":\"https:\/\/infoecos.com.ar\/?s={search_term_string}\"},\"query-input\":{\"@type\":\"PropertyValueSpecification\",\"valueRequired\":true,\"valueName\":\"search_term_string\"}}],\"inLanguage\":\"es\"},{\"@type\":\"Organization\",\"@id\":\"https:\/\/infoecos.com.ar\/#organization\",\"name\":\"Infoecos\",\"alternateName\":\"Noticias\",\"url\":\"https:\/\/infoecos.com.ar\/\",\"logo\":{\"@type\":\"ImageObject\",\"inLanguage\":\"es\",\"@id\":\"https:\/\/infoecos.com.ar\/#\/schema\/logo\/image\/\",\"url\":\"https:\/\/infoecos.com.ar\/wp-content\/uploads\/2024\/03\/cropped-logo.png\",\"contentUrl\":\"https:\/\/infoecos.com.ar\/wp-content\/uploads\/2024\/03\/cropped-logo.png\",\"width\":374,\"height\":90,\"caption\":\"Infoecos\"},\"image\":{\"@id\":\"https:\/\/infoecos.com.ar\/#\/schema\/logo\/image\/\"},\"sameAs\":[\"https:\/\/www.facebook.com\/profile.php?id=100063200290284\",\"https:\/\/x.com\/infoecos\"]},{\"@type\":\"Person\",\"@id\":\"https:\/\/infoecos.com.ar\/#\/schema\/person\/8f5ace5ce73b4b4aac4b7245aee6f191\",\"name\":\"Jorge Matheus\",\"url\":\"https:\/\/infoecos.com.ar\/index.php\/author\/jomatheus\/\"}]}<\/script>\n<!-- \/ Yoast SEO plugin. -->","yoast_head_json":{"title":"Mariano Barroso confirm\u00f3 que no quiere ir por la reelecci\u00f3n a intendente en 9 de Julio - Infoecos","robots":{"index":"index","follow":"follow","max-snippet":"max-snippet:-1","max-image-preview":"max-image-preview:large","max-video-preview":"max-video-preview:-1"},"canonical":"https:\/\/infoecos.com.ar\/index.php\/mariano-barroso-confirmo-que-no-quiere-ir-por-la-reeleccion-a-intendente-en-9-de-julio\/","og_locale":"es_ES","og_type":"article","og_title":"Mariano Barroso confirm\u00f3 que no quiere ir por la reelecci\u00f3n a intendente en 9 de Julio - Infoecos","og_description":"El intendente destac\u00f3 que Gentile \u201crepresenta nuestros valores, nuestra forma de gobernar y podr\u00e1 hacer un mejor trabajo del que yo he hecho\u201d","og_url":"https:\/\/infoecos.com.ar\/index.php\/mariano-barroso-confirmo-que-no-quiere-ir-por-la-reeleccion-a-intendente-en-9-de-julio\/","og_site_name":"Infoecos","article_publisher":"https:\/\/www.facebook.com\/profile.php?id=100063200290284","article_published_time":"2023-01-24T03:44:17+00:00","article_modified_time":"2023-01-25T13:43:10+00:00","og_image":[{"width":880,"height":498,"url":"https:\/\/infoecos.com.ar\/wp-content\/uploads\/2023\/01\/image-153.png","type":"image\/png"}],"author":"Jorge Matheus","twitter_card":"summary_large_image","twitter_creator":"@infoecos","twitter_site":"@infoecos","twitter_misc":{"Escrito por":"Jorge Matheus","Tiempo de lectura":"2 minutos"},"schema":{"@context":"https:\/\/schema.org","@graph":[{"@type":"Article","@id":"https:\/\/infoecos.com.ar\/index.php\/mariano-barroso-confirmo-que-no-quiere-ir-por-la-reeleccion-a-intendente-en-9-de-julio\/#article","isPartOf":{"@id":"https:\/\/infoecos.com.ar\/index.php\/mariano-barroso-confirmo-que-no-quiere-ir-por-la-reeleccion-a-intendente-en-9-de-julio\/"},"author":{"name":"Jorge Matheus","@id":"https:\/\/infoecos.com.ar\/#\/schema\/person\/8f5ace5ce73b4b4aac4b7245aee6f191"},"headline":"Mariano Barroso confirm\u00f3 que no quiere ir por la reelecci\u00f3n a intendente en 9 de Julio","datePublished":"2023-01-24T03:44:17+00:00","dateModified":"2023-01-25T13:43:10+00:00","mainEntityOfPage":{"@id":"https:\/\/infoecos.com.ar\/index.php\/mariano-barroso-confirmo-que-no-quiere-ir-por-la-reeleccion-a-intendente-en-9-de-julio\/"},"wordCount":218,"publisher":{"@id":"https:\/\/infoecos.com.ar\/#organization"},"image":{"@id":"https:\/\/infoecos.com.ar\/index.php\/mariano-barroso-confirmo-que-no-quiere-ir-por-la-reeleccion-a-intendente-en-9-de-julio\/#primaryimage"},"thumbnailUrl":"https:\/\/infoecos.com.ar\/wp-content\/uploads\/2023\/01\/image-153.png","keywords":["POSTUL\u00d3 A SU JEFA DE GABINETE"],"articleSection":["Bloque inferior - 2"],"inLanguage":"es"},{"@type":"WebPage","@id":"https:\/\/infoecos.com.ar\/index.php\/mariano-barroso-confirmo-que-no-quiere-ir-por-la-reeleccion-a-intendente-en-9-de-julio\/","url":"https:\/\/infoecos.com.ar\/index.php\/mariano-barroso-confirmo-que-no-quiere-ir-por-la-reeleccion-a-intendente-en-9-de-julio\/","name":"Mariano Barroso confirm\u00f3 que no quiere ir por la reelecci\u00f3n a intendente en 9 de Julio - Infoecos","isPartOf":{"@id":"https:\/\/infoecos.com.ar\/#website"},"primaryImageOfPage":{"@id":"https:\/\/infoecos.com.ar\/index.php\/mariano-barroso-confirmo-que-no-quiere-ir-por-la-reeleccion-a-intendente-en-9-de-julio\/#primaryimage"},"image":{"@id":"https:\/\/infoecos.com.ar\/index.php\/mariano-barroso-confirmo-que-no-quiere-ir-por-la-reeleccion-a-intendente-en-9-de-julio\/#primaryimage"},"thumbnailUrl":"https:\/\/infoecos.com.ar\/wp-content\/uploads\/2023\/01\/image-153.png","datePublished":"2023-01-24T03:44:17+00:00","dateModified":"2023-01-25T13:43:10+00:00","breadcrumb":{"@id":"https:\/\/infoecos.com.ar\/index.php\/mariano-barroso-confirmo-que-no-quiere-ir-por-la-reeleccion-a-intendente-en-9-de-julio\/#breadcrumb"},"inLanguage":"es","potentialAction":[{"@type":"ReadAction","target":["https:\/\/infoecos.com.ar\/index.php\/mariano-barroso-confirmo-que-no-quiere-ir-por-la-reeleccion-a-intendente-en-9-de-julio\/"]}]},{"@type":"ImageObject","inLanguage":"es","@id":"https:\/\/infoecos.com.ar\/index.php\/mariano-barroso-confirmo-que-no-quiere-ir-por-la-reeleccion-a-intendente-en-9-de-julio\/#primaryimage","url":"https:\/\/infoecos.com.ar\/wp-content\/uploads\/2023\/01\/image-153.png","contentUrl":"https:\/\/infoecos.com.ar\/wp-content\/uploads\/2023\/01\/image-153.png","width":880,"height":498},{"@type":"BreadcrumbList","@id":"https:\/\/infoecos.com.ar\/index.php\/mariano-barroso-confirmo-que-no-quiere-ir-por-la-reeleccion-a-intendente-en-9-de-julio\/#breadcrumb","itemListElement":[{"@type":"ListItem","position":1,"name":"Portada","item":"https:\/\/infoecos.com.ar\/"},{"@type":"ListItem","position":2,"name":"Mariano Barroso confirm\u00f3 que no quiere ir por la reelecci\u00f3n a intendente en 9 de Julio"}]},{"@type":"WebSite","@id":"https:\/\/infoecos.com.ar\/#website","url":"https:\/\/infoecos.com.ar\/","name":"Infoecos","description":"Noticias de trenque lauquen y la zona","publisher":{"@id":"https:\/\/infoecos.com.ar\/#organization"},"alternateName":"Noticias","potentialAction":[{"@type":"SearchAction","target":{"@type":"EntryPoint","urlTemplate":"https:\/\/infoecos.com.ar\/?s={search_term_string}"},"query-input":{"@type":"PropertyValueSpecification","valueRequired":true,"valueName":"search_term_string"}}],"inLanguage":"es"},{"@type":"Organization","@id":"https:\/\/infoecos.com.ar\/#organization","name":"Infoecos","alternateName":"Noticias","url":"https:\/\/infoecos.com.ar\/","logo":{"@type":"ImageObject","inLanguage":"es","@id":"https:\/\/infoecos.com.ar\/#\/schema\/logo\/image\/","url":"https:\/\/infoecos.com.ar\/wp-content\/uploads\/2024\/03\/cropped-logo.png","contentUrl":"https:\/\/infoecos.com.ar\/wp-content\/uploads\/2024\/03\/cropped-logo.png","width":374,"height":90,"caption":"Infoecos"},"image":{"@id":"https:\/\/infoecos.com.ar\/#\/schema\/logo\/image\/"},"sameAs":["https:\/\/www.facebook.com\/profile.php?id=100063200290284","https:\/\/x.com\/infoecos"]},{"@type":"Person","@id":"https:\/\/infoecos.com.ar\/#\/schema\/person\/8f5ace5ce73b4b4aac4b7245aee6f191","name":"Jorge Matheus","url":"https:\/\/infoecos.com.ar\/index.php\/author\/jomatheus\/"}]}},"featured_image_urls":{"full":["https:\/\/infoecos.com.ar\/wp-content\/uploads\/2023\/01\/image-153.png",880,498,false],"thumbnail":["https:\/\/infoecos.com.ar\/wp-content\/uploads\/2023\/01\/image-153-300x150.png",300,150,true],"medium":["https:\/\/infoecos.com.ar\/wp-content\/uploads\/2023\/01\/image-153-800x453.png",800,453,true],"medium_large":["https:\/\/infoecos.com.ar\/wp-content\/uploads\/2023\/01\/image-153-768x435.png",640,363,true],"large":["https:\/\/infoecos.com.ar\/wp-content\/uploads\/2023\/01\/image-153.png",640,362,false],"1536x1536":["https:\/\/infoecos.com.ar\/wp-content\/uploads\/2023\/01\/image-153.png",880,498,false],"2048x2048":["https:\/\/infoecos.com.ar\/wp-content\/uploads\/2023\/01\/image-153.png",880,498,false],"covernews-slider-full":["https:\/\/infoecos.com.ar\/wp-content\/uploads\/2023\/01\/image-153.png",880,498,false],"covernews-slider-center":["https:\/\/infoecos.com.ar\/wp-content\/uploads\/2023\/01\/image-153.png",800,453,false],"covernews-featured":["https:\/\/infoecos.com.ar\/wp-content\/uploads\/2023\/01\/image-153.png",880,498,false],"covernews-medium":["https:\/\/infoecos.com.ar\/wp-content\/uploads\/2023\/01\/image-153-720x380.png",540,285,true],"covernews-medium-square":["https:\/\/infoecos.com.ar\/wp-content\/uploads\/2023\/01\/image-153-675x450.png",375,250,true]},"author_info":{"info":["Jorge Matheus"]},"category_info":"<a href=\"https:\/\/infoecos.com.ar\/index.php\/category\/inferior2\/\" rel=\"category tag\">Bloque inferior - 2<\/a>","tag_info":"Bloque inferior - 2","comment_count":"0","_links":{"self":[{"href":"https:\/\/infoecos.com.ar\/index.php\/wp-json\/wp\/v2\/posts\/100817"}],"collection":[{"href":"https:\/\/infoecos.com.ar\/index.php\/wp-json\/wp\/v2\/posts"}],"about":[{"href":"https:\/\/infoecos.com.ar\/index.php\/wp-json\/wp\/v2\/types\/post"}],"author":[{"embeddable":true,"href":"https:\/\/infoecos.com.ar\/index.php\/wp-json\/wp\/v2\/users\/2"}],"replies":[{"embeddable":true,"href":"https:\/\/infoecos.com.ar\/index.php\/wp-json\/wp\/v2\/comments?post=100817"}],"version-history":[{"count":2,"href":"https:\/\/infoecos.com.ar\/index.php\/wp-json\/wp\/v2\/posts\/100817\/revisions"}],"predecessor-version":[{"id":100824,"href":"https:\/\/infoecos.com.ar\/index.php\/wp-json\/wp\/v2\/posts\/100817\/revisions\/100824"}],"wp:featuredmedia":[{"embeddable":true,"href":"https:\/\/infoecos.com.ar\/index.php\/wp-json\/wp\/v2\/media\/100819"}],"wp:attachment":[{"href":"https:\/\/infoecos.com.ar\/index.php\/wp-json\/wp\/v2\/media?parent=100817"}],"wp:term":[{"taxonomy":"category","embeddable":true,"href":"https:\/\/infoecos.com.ar\/index.php\/wp-json\/wp\/v2\/categories?post=100817"},{"taxonomy":"post_tag","embeddable":true,"href":"https:\/\/infoecos.com.ar\/index.php\/wp-json\/wp\/v2\/tags?post=100817"}],"curies":[{"name":"wp","href":"https:\/\/api.w.org\/{rel}","templated":true}]}}