{"id":100929,"date":"2023-01-25T11:30:15","date_gmt":"2023-01-25T14:30:15","guid":{"rendered":"https:\/\/infoecos.com.ar\/?p=100929"},"modified":"2023-01-28T10:31:24","modified_gmt":"2023-01-28T13:31:24","slug":"el-sabado-28-rock-en-el-skat-parke-de-trenque-lauquen","status":"publish","type":"post","link":"https:\/\/infoecos.com.ar\/index.php\/el-sabado-28-rock-en-el-skat-parke-de-trenque-lauquen\/","title":{"rendered":"Hoy, s\u00e1bado 28: Rock en el Skat Parke de Trenque Lauquen"},"content":{"rendered":"\n<p>El s\u00e1bado 28 desde las 21 el rock tendr\u00e1 su espacio en la pista de Skatepark, ubicada en el predio ferroviario, con entrada libre y gratuita.<\/p>\n\n\n\n<figure class=\"wp-block-image aligncenter size-full is-resized\"><img loading=\"lazy\" decoding=\"async\" src=\"https:\/\/infoecos.com.ar\/wp-content\/uploads\/2023\/01\/327315192_1297111904192524_9027352732631490975_n.jpg\" alt=\"\" class=\"wp-image-100930\" width=\"540\" height=\"540\" srcset=\"https:\/\/infoecos.com.ar\/wp-content\/uploads\/2023\/01\/327315192_1297111904192524_9027352732631490975_n.jpg 843w, https:\/\/infoecos.com.ar\/wp-content\/uploads\/2023\/01\/327315192_1297111904192524_9027352732631490975_n-800x800.jpg 800w, https:\/\/infoecos.com.ar\/wp-content\/uploads\/2023\/01\/327315192_1297111904192524_9027352732631490975_n-768x768.jpg 768w\" sizes=\"(max-width: 540px) 100vw, 540px\" \/><\/figure>\n\n\n\n<p>\u201cEs la primera actividad del a\u00f1o en este espacio, destinada a la familia del rock, y dando continuidad al festival que se realiz\u00f3 el a\u00f1o pasado con la presentaci\u00f3n de la agrupaci\u00f3n Mand\u00edbula\u201d, coment\u00f3 el director de Cultura y Educaci\u00f3n, Guillermo Ruiz.<\/p>\n\n\n\n<p>\u201cEn esta oportunidad se presentar\u00e1n siete grupos, entre solistas y agrupaciones, en la&nbsp;&nbsp; primera fecha de lo que hemos dado en llamar Rock en el Skatepark, y que se suma a los espect\u00e1culos de verano que se desarrollan en el predio del a Estaci\u00f3n\u201d, se\u00f1al\u00f3.<\/p>\n\n\n\n<figure class=\"wp-block-audio\"><audio controls src=\"https:\/\/infoecos.com.ar\/wp-content\/uploads\/2023\/01\/Guillermo-Ruiz.mp3\"><\/audio><\/figure>\n\n\n\n<p>En esta primera noche se presentar\u00e1n Trinomio, Schoklender, Trampaluz, Proyect-Tito, Paulino Villamonte, Alejo Merlo y el cierre estar\u00e1 a cargo de Cecilia y las Conspiraciones.<\/p>\n\n\n\n<p>Ruiz coment\u00f3 que \u201caprovechando la geograf\u00eda tan particular de la pista de skate el escenario va a estar colocado sobre la calle Ameghino, mirando hacia el centro de la ciudad, para que el p\u00fablico pueda disfrutar del espect\u00e1culo\u201d.<\/p>\n\n\n\n<p>\u201cLa pista de skate es un \u00e1mbito que invita a disfrutar de este tipo de m\u00fasica, y si bien antes las agrupaciones de rock compart\u00edan el espacio con M\u00fasica en la Estaci\u00f3n, este a\u00f1o hemos decidido hacerlo en este espacio para que tengan su lugar\u201d, se\u00f1al\u00f3.<\/p>\n","protected":false},"excerpt":{"rendered":"<p>En esta primera noche se presentar\u00e1n Trinomio, Schoklender, Trampaluz, Proyect-Tito, Paulino Villamonte, Alejo Merlo y el cierre estar\u00e1 a cargo de Cecilia y las Conspiraciones<\/p>\n","protected":false},"author":2,"featured_media":100930,"comment_status":"closed","ping_status":"open","sticky":false,"template":"","format":"standard","meta":{"footnotes":""},"categories":[46],"tags":[7197],"class_list":["post-100929","post","type-post","status-publish","format-standard","has-post-thumbnail","hentry","category-c2nota2","tag-musica-2"],"yoast_head":"<!-- This site is optimized with the Yoast SEO plugin v23.4 - https:\/\/yoast.com\/wordpress\/plugins\/seo\/ -->\n<title>Hoy, s\u00e1bado 28: Rock en el Skat Parke de Trenque Lauquen - Infoecos<\/title>\n<meta name=\"robots\" content=\"index, follow, max-snippet:-1, max-image-preview:large, max-video-preview:-1\" \/>\n<link rel=\"canonical\" href=\"https:\/\/infoecos.com.ar\/index.php\/el-sabado-28-rock-en-el-skat-parke-de-trenque-lauquen\/\" \/>\n<meta property=\"og:locale\" content=\"es_ES\" \/>\n<meta property=\"og:type\" content=\"article\" \/>\n<meta property=\"og:title\" content=\"Hoy, s\u00e1bado 28: Rock en el Skat Parke de Trenque Lauquen - Infoecos\" \/>\n<meta property=\"og:description\" content=\"En esta primera noche se presentar\u00e1n Trinomio, Schoklender, Trampaluz, Proyect-Tito, Paulino Villamonte, Alejo Merlo y el cierre estar\u00e1 a cargo de Cecilia y las Conspiraciones\" \/>\n<meta property=\"og:url\" content=\"https:\/\/infoecos.com.ar\/index.php\/el-sabado-28-rock-en-el-skat-parke-de-trenque-lauquen\/\" \/>\n<meta property=\"og:site_name\" content=\"Infoecos\" \/>\n<meta property=\"article:publisher\" content=\"https:\/\/www.facebook.com\/profile.php?id=100063200290284\" \/>\n<meta property=\"article:published_time\" content=\"2023-01-25T14:30:15+00:00\" \/>\n<meta property=\"article:modified_time\" content=\"2023-01-28T13:31:24+00:00\" \/>\n<meta property=\"og:image\" content=\"https:\/\/infoecos.com.ar\/wp-content\/uploads\/2023\/01\/327315192_1297111904192524_9027352732631490975_n.jpg\" \/>\n\t<meta property=\"og:image:width\" content=\"843\" \/>\n\t<meta property=\"og:image:height\" content=\"843\" \/>\n\t<meta property=\"og:image:type\" content=\"image\/jpeg\" \/>\n<meta name=\"author\" content=\"Jorge Matheus\" \/>\n<meta name=\"twitter:card\" content=\"summary_large_image\" \/>\n<meta name=\"twitter:creator\" content=\"@infoecos\" \/>\n<meta name=\"twitter:site\" content=\"@infoecos\" \/>\n<meta name=\"twitter:label1\" content=\"Escrito por\" \/>\n\t<meta name=\"twitter:data1\" content=\"Jorge Matheus\" \/>\n\t<meta name=\"twitter:label2\" content=\"Tiempo de lectura\" \/>\n\t<meta name=\"twitter:data2\" content=\"2 minutos\" \/>\n<script type=\"application\/ld+json\" class=\"yoast-schema-graph\">{\"@context\":\"https:\/\/schema.org\",\"@graph\":[{\"@type\":\"Article\",\"@id\":\"https:\/\/infoecos.com.ar\/index.php\/el-sabado-28-rock-en-el-skat-parke-de-trenque-lauquen\/#article\",\"isPartOf\":{\"@id\":\"https:\/\/infoecos.com.ar\/index.php\/el-sabado-28-rock-en-el-skat-parke-de-trenque-lauquen\/\"},\"author\":{\"name\":\"Jorge Matheus\",\"@id\":\"https:\/\/infoecos.com.ar\/#\/schema\/person\/8f5ace5ce73b4b4aac4b7245aee6f191\"},\"headline\":\"Hoy, s\u00e1bado 28: Rock en el Skat Parke de Trenque Lauquen\",\"datePublished\":\"2023-01-25T14:30:15+00:00\",\"dateModified\":\"2023-01-28T13:31:24+00:00\",\"mainEntityOfPage\":{\"@id\":\"https:\/\/infoecos.com.ar\/index.php\/el-sabado-28-rock-en-el-skat-parke-de-trenque-lauquen\/\"},\"wordCount\":254,\"publisher\":{\"@id\":\"https:\/\/infoecos.com.ar\/#organization\"},\"image\":{\"@id\":\"https:\/\/infoecos.com.ar\/index.php\/el-sabado-28-rock-en-el-skat-parke-de-trenque-lauquen\/#primaryimage\"},\"thumbnailUrl\":\"https:\/\/infoecos.com.ar\/wp-content\/uploads\/2023\/01\/327315192_1297111904192524_9027352732631490975_n.jpg\",\"keywords\":[\"m\u00fasica\"],\"articleSection\":[\"C2 N2\"],\"inLanguage\":\"es\"},{\"@type\":\"WebPage\",\"@id\":\"https:\/\/infoecos.com.ar\/index.php\/el-sabado-28-rock-en-el-skat-parke-de-trenque-lauquen\/\",\"url\":\"https:\/\/infoecos.com.ar\/index.php\/el-sabado-28-rock-en-el-skat-parke-de-trenque-lauquen\/\",\"name\":\"Hoy, s\u00e1bado 28: Rock en el Skat Parke de Trenque Lauquen - Infoecos\",\"isPartOf\":{\"@id\":\"https:\/\/infoecos.com.ar\/#website\"},\"primaryImageOfPage\":{\"@id\":\"https:\/\/infoecos.com.ar\/index.php\/el-sabado-28-rock-en-el-skat-parke-de-trenque-lauquen\/#primaryimage\"},\"image\":{\"@id\":\"https:\/\/infoecos.com.ar\/index.php\/el-sabado-28-rock-en-el-skat-parke-de-trenque-lauquen\/#primaryimage\"},\"thumbnailUrl\":\"https:\/\/infoecos.com.ar\/wp-content\/uploads\/2023\/01\/327315192_1297111904192524_9027352732631490975_n.jpg\",\"datePublished\":\"2023-01-25T14:30:15+00:00\",\"dateModified\":\"2023-01-28T13:31:24+00:00\",\"breadcrumb\":{\"@id\":\"https:\/\/infoecos.com.ar\/index.php\/el-sabado-28-rock-en-el-skat-parke-de-trenque-lauquen\/#breadcrumb\"},\"inLanguage\":\"es\",\"potentialAction\":[{\"@type\":\"ReadAction\",\"target\":[\"https:\/\/infoecos.com.ar\/index.php\/el-sabado-28-rock-en-el-skat-parke-de-trenque-lauquen\/\"]}]},{\"@type\":\"ImageObject\",\"inLanguage\":\"es\",\"@id\":\"https:\/\/infoecos.com.ar\/index.php\/el-sabado-28-rock-en-el-skat-parke-de-trenque-lauquen\/#primaryimage\",\"url\":\"https:\/\/infoecos.com.ar\/wp-content\/uploads\/2023\/01\/327315192_1297111904192524_9027352732631490975_n.jpg\",\"contentUrl\":\"https:\/\/infoecos.com.ar\/wp-content\/uploads\/2023\/01\/327315192_1297111904192524_9027352732631490975_n.jpg\",\"width\":843,\"height\":843},{\"@type\":\"BreadcrumbList\",\"@id\":\"https:\/\/infoecos.com.ar\/index.php\/el-sabado-28-rock-en-el-skat-parke-de-trenque-lauquen\/#breadcrumb\",\"itemListElement\":[{\"@type\":\"ListItem\",\"position\":1,\"name\":\"Portada\",\"item\":\"https:\/\/infoecos.com.ar\/\"},{\"@type\":\"ListItem\",\"position\":2,\"name\":\"Hoy, s\u00e1bado 28: Rock en el Skat Parke de Trenque Lauquen\"}]},{\"@type\":\"WebSite\",\"@id\":\"https:\/\/infoecos.com.ar\/#website\",\"url\":\"https:\/\/infoecos.com.ar\/\",\"name\":\"Infoecos\",\"description\":\"Noticias de trenque lauquen y la zona\",\"publisher\":{\"@id\":\"https:\/\/infoecos.com.ar\/#organization\"},\"alternateName\":\"Noticias\",\"potentialAction\":[{\"@type\":\"SearchAction\",\"target\":{\"@type\":\"EntryPoint\",\"urlTemplate\":\"https:\/\/infoecos.com.ar\/?s={search_term_string}\"},\"query-input\":{\"@type\":\"PropertyValueSpecification\",\"valueRequired\":true,\"valueName\":\"search_term_string\"}}],\"inLanguage\":\"es\"},{\"@type\":\"Organization\",\"@id\":\"https:\/\/infoecos.com.ar\/#organization\",\"name\":\"Infoecos\",\"alternateName\":\"Noticias\",\"url\":\"https:\/\/infoecos.com.ar\/\",\"logo\":{\"@type\":\"ImageObject\",\"inLanguage\":\"es\",\"@id\":\"https:\/\/infoecos.com.ar\/#\/schema\/logo\/image\/\",\"url\":\"https:\/\/infoecos.com.ar\/wp-content\/uploads\/2024\/03\/cropped-logo.png\",\"contentUrl\":\"https:\/\/infoecos.com.ar\/wp-content\/uploads\/2024\/03\/cropped-logo.png\",\"width\":374,\"height\":90,\"caption\":\"Infoecos\"},\"image\":{\"@id\":\"https:\/\/infoecos.com.ar\/#\/schema\/logo\/image\/\"},\"sameAs\":[\"https:\/\/www.facebook.com\/profile.php?id=100063200290284\",\"https:\/\/x.com\/infoecos\"]},{\"@type\":\"Person\",\"@id\":\"https:\/\/infoecos.com.ar\/#\/schema\/person\/8f5ace5ce73b4b4aac4b7245aee6f191\",\"name\":\"Jorge Matheus\",\"url\":\"https:\/\/infoecos.com.ar\/index.php\/author\/jomatheus\/\"}]}<\/script>\n<!-- \/ Yoast SEO plugin. -->","yoast_head_json":{"title":"Hoy, s\u00e1bado 28: Rock en el Skat Parke de Trenque Lauquen - Infoecos","robots":{"index":"index","follow":"follow","max-snippet":"max-snippet:-1","max-image-preview":"max-image-preview:large","max-video-preview":"max-video-preview:-1"},"canonical":"https:\/\/infoecos.com.ar\/index.php\/el-sabado-28-rock-en-el-skat-parke-de-trenque-lauquen\/","og_locale":"es_ES","og_type":"article","og_title":"Hoy, s\u00e1bado 28: Rock en el Skat Parke de Trenque Lauquen - Infoecos","og_description":"En esta primera noche se presentar\u00e1n Trinomio, Schoklender, Trampaluz, Proyect-Tito, Paulino Villamonte, Alejo Merlo y el cierre estar\u00e1 a cargo de Cecilia y las Conspiraciones","og_url":"https:\/\/infoecos.com.ar\/index.php\/el-sabado-28-rock-en-el-skat-parke-de-trenque-lauquen\/","og_site_name":"Infoecos","article_publisher":"https:\/\/www.facebook.com\/profile.php?id=100063200290284","article_published_time":"2023-01-25T14:30:15+00:00","article_modified_time":"2023-01-28T13:31:24+00:00","og_image":[{"width":843,"height":843,"url":"https:\/\/infoecos.com.ar\/wp-content\/uploads\/2023\/01\/327315192_1297111904192524_9027352732631490975_n.jpg","type":"image\/jpeg"}],"author":"Jorge Matheus","twitter_card":"summary_large_image","twitter_creator":"@infoecos","twitter_site":"@infoecos","twitter_misc":{"Escrito por":"Jorge Matheus","Tiempo de lectura":"2 minutos"},"schema":{"@context":"https:\/\/schema.org","@graph":[{"@type":"Article","@id":"https:\/\/infoecos.com.ar\/index.php\/el-sabado-28-rock-en-el-skat-parke-de-trenque-lauquen\/#article","isPartOf":{"@id":"https:\/\/infoecos.com.ar\/index.php\/el-sabado-28-rock-en-el-skat-parke-de-trenque-lauquen\/"},"author":{"name":"Jorge Matheus","@id":"https:\/\/infoecos.com.ar\/#\/schema\/person\/8f5ace5ce73b4b4aac4b7245aee6f191"},"headline":"Hoy, s\u00e1bado 28: Rock en el Skat Parke de Trenque Lauquen","datePublished":"2023-01-25T14:30:15+00:00","dateModified":"2023-01-28T13:31:24+00:00","mainEntityOfPage":{"@id":"https:\/\/infoecos.com.ar\/index.php\/el-sabado-28-rock-en-el-skat-parke-de-trenque-lauquen\/"},"wordCount":254,"publisher":{"@id":"https:\/\/infoecos.com.ar\/#organization"},"image":{"@id":"https:\/\/infoecos.com.ar\/index.php\/el-sabado-28-rock-en-el-skat-parke-de-trenque-lauquen\/#primaryimage"},"thumbnailUrl":"https:\/\/infoecos.com.ar\/wp-content\/uploads\/2023\/01\/327315192_1297111904192524_9027352732631490975_n.jpg","keywords":["m\u00fasica"],"articleSection":["C2 N2"],"inLanguage":"es"},{"@type":"WebPage","@id":"https:\/\/infoecos.com.ar\/index.php\/el-sabado-28-rock-en-el-skat-parke-de-trenque-lauquen\/","url":"https:\/\/infoecos.com.ar\/index.php\/el-sabado-28-rock-en-el-skat-parke-de-trenque-lauquen\/","name":"Hoy, s\u00e1bado 28: Rock en el Skat Parke de Trenque Lauquen - Infoecos","isPartOf":{"@id":"https:\/\/infoecos.com.ar\/#website"},"primaryImageOfPage":{"@id":"https:\/\/infoecos.com.ar\/index.php\/el-sabado-28-rock-en-el-skat-parke-de-trenque-lauquen\/#primaryimage"},"image":{"@id":"https:\/\/infoecos.com.ar\/index.php\/el-sabado-28-rock-en-el-skat-parke-de-trenque-lauquen\/#primaryimage"},"thumbnailUrl":"https:\/\/infoecos.com.ar\/wp-content\/uploads\/2023\/01\/327315192_1297111904192524_9027352732631490975_n.jpg","datePublished":"2023-01-25T14:30:15+00:00","dateModified":"2023-01-28T13:31:24+00:00","breadcrumb":{"@id":"https:\/\/infoecos.com.ar\/index.php\/el-sabado-28-rock-en-el-skat-parke-de-trenque-lauquen\/#breadcrumb"},"inLanguage":"es","potentialAction":[{"@type":"ReadAction","target":["https:\/\/infoecos.com.ar\/index.php\/el-sabado-28-rock-en-el-skat-parke-de-trenque-lauquen\/"]}]},{"@type":"ImageObject","inLanguage":"es","@id":"https:\/\/infoecos.com.ar\/index.php\/el-sabado-28-rock-en-el-skat-parke-de-trenque-lauquen\/#primaryimage","url":"https:\/\/infoecos.com.ar\/wp-content\/uploads\/2023\/01\/327315192_1297111904192524_9027352732631490975_n.jpg","contentUrl":"https:\/\/infoecos.com.ar\/wp-content\/uploads\/2023\/01\/327315192_1297111904192524_9027352732631490975_n.jpg","width":843,"height":843},{"@type":"BreadcrumbList","@id":"https:\/\/infoecos.com.ar\/index.php\/el-sabado-28-rock-en-el-skat-parke-de-trenque-lauquen\/#breadcrumb","itemListElement":[{"@type":"ListItem","position":1,"name":"Portada","item":"https:\/\/infoecos.com.ar\/"},{"@type":"ListItem","position":2,"name":"Hoy, s\u00e1bado 28: Rock en el Skat Parke de Trenque Lauquen"}]},{"@type":"WebSite","@id":"https:\/\/infoecos.com.ar\/#website","url":"https:\/\/infoecos.com.ar\/","name":"Infoecos","description":"Noticias de trenque lauquen y la zona","publisher":{"@id":"https:\/\/infoecos.com.ar\/#organization"},"alternateName":"Noticias","potentialAction":[{"@type":"SearchAction","target":{"@type":"EntryPoint","urlTemplate":"https:\/\/infoecos.com.ar\/?s={search_term_string}"},"query-input":{"@type":"PropertyValueSpecification","valueRequired":true,"valueName":"search_term_string"}}],"inLanguage":"es"},{"@type":"Organization","@id":"https:\/\/infoecos.com.ar\/#organization","name":"Infoecos","alternateName":"Noticias","url":"https:\/\/infoecos.com.ar\/","logo":{"@type":"ImageObject","inLanguage":"es","@id":"https:\/\/infoecos.com.ar\/#\/schema\/logo\/image\/","url":"https:\/\/infoecos.com.ar\/wp-content\/uploads\/2024\/03\/cropped-logo.png","contentUrl":"https:\/\/infoecos.com.ar\/wp-content\/uploads\/2024\/03\/cropped-logo.png","width":374,"height":90,"caption":"Infoecos"},"image":{"@id":"https:\/\/infoecos.com.ar\/#\/schema\/logo\/image\/"},"sameAs":["https:\/\/www.facebook.com\/profile.php?id=100063200290284","https:\/\/x.com\/infoecos"]},{"@type":"Person","@id":"https:\/\/infoecos.com.ar\/#\/schema\/person\/8f5ace5ce73b4b4aac4b7245aee6f191","name":"Jorge Matheus","url":"https:\/\/infoecos.com.ar\/index.php\/author\/jomatheus\/"}]}},"featured_image_urls":{"full":["https:\/\/infoecos.com.ar\/wp-content\/uploads\/2023\/01\/327315192_1297111904192524_9027352732631490975_n.jpg",843,843,false],"thumbnail":["https:\/\/infoecos.com.ar\/wp-content\/uploads\/2023\/01\/327315192_1297111904192524_9027352732631490975_n-300x150.jpg",300,150,true],"medium":["https:\/\/infoecos.com.ar\/wp-content\/uploads\/2023\/01\/327315192_1297111904192524_9027352732631490975_n-800x800.jpg",800,800,true],"medium_large":["https:\/\/infoecos.com.ar\/wp-content\/uploads\/2023\/01\/327315192_1297111904192524_9027352732631490975_n-768x768.jpg",640,640,true],"large":["https:\/\/infoecos.com.ar\/wp-content\/uploads\/2023\/01\/327315192_1297111904192524_9027352732631490975_n.jpg",640,640,false],"1536x1536":["https:\/\/infoecos.com.ar\/wp-content\/uploads\/2023\/01\/327315192_1297111904192524_9027352732631490975_n.jpg",843,843,false],"2048x2048":["https:\/\/infoecos.com.ar\/wp-content\/uploads\/2023\/01\/327315192_1297111904192524_9027352732631490975_n.jpg",843,843,false],"covernews-slider-full":["https:\/\/infoecos.com.ar\/wp-content\/uploads\/2023\/01\/327315192_1297111904192524_9027352732631490975_n.jpg",715,715,false],"covernews-slider-center":["https:\/\/infoecos.com.ar\/wp-content\/uploads\/2023\/01\/327315192_1297111904192524_9027352732631490975_n.jpg",500,500,false],"covernews-featured":["https:\/\/infoecos.com.ar\/wp-content\/uploads\/2023\/01\/327315192_1297111904192524_9027352732631490975_n.jpg",843,843,false],"covernews-medium":["https:\/\/infoecos.com.ar\/wp-content\/uploads\/2023\/01\/327315192_1297111904192524_9027352732631490975_n-720x380.jpg",540,285,true],"covernews-medium-square":["https:\/\/infoecos.com.ar\/wp-content\/uploads\/2023\/01\/327315192_1297111904192524_9027352732631490975_n-675x450.jpg",375,250,true]},"author_info":{"info":["Jorge Matheus"]},"category_info":"<a href=\"https:\/\/infoecos.com.ar\/index.php\/category\/c2nota2\/\" rel=\"category tag\">C2 N2<\/a>","tag_info":"C2 N2","comment_count":"0","_links":{"self":[{"href":"https:\/\/infoecos.com.ar\/index.php\/wp-json\/wp\/v2\/posts\/100929"}],"collection":[{"href":"https:\/\/infoecos.com.ar\/index.php\/wp-json\/wp\/v2\/posts"}],"about":[{"href":"https:\/\/infoecos.com.ar\/index.php\/wp-json\/wp\/v2\/types\/post"}],"author":[{"embeddable":true,"href":"https:\/\/infoecos.com.ar\/index.php\/wp-json\/wp\/v2\/users\/2"}],"replies":[{"embeddable":true,"href":"https:\/\/infoecos.com.ar\/index.php\/wp-json\/wp\/v2\/comments?post=100929"}],"version-history":[{"count":4,"href":"https:\/\/infoecos.com.ar\/index.php\/wp-json\/wp\/v2\/posts\/100929\/revisions"}],"predecessor-version":[{"id":101158,"href":"https:\/\/infoecos.com.ar\/index.php\/wp-json\/wp\/v2\/posts\/100929\/revisions\/101158"}],"wp:featuredmedia":[{"embeddable":true,"href":"https:\/\/infoecos.com.ar\/index.php\/wp-json\/wp\/v2\/media\/100930"}],"wp:attachment":[{"href":"https:\/\/infoecos.com.ar\/index.php\/wp-json\/wp\/v2\/media?parent=100929"}],"wp:term":[{"taxonomy":"category","embeddable":true,"href":"https:\/\/infoecos.com.ar\/index.php\/wp-json\/wp\/v2\/categories?post=100929"},{"taxonomy":"post_tag","embeddable":true,"href":"https:\/\/infoecos.com.ar\/index.php\/wp-json\/wp\/v2\/tags?post=100929"}],"curies":[{"name":"wp","href":"https:\/\/api.w.org\/{rel}","templated":true}]}}