{"id":100934,"date":"2023-01-25T12:22:21","date_gmt":"2023-01-25T15:22:21","guid":{"rendered":"https:\/\/infoecos.com.ar\/?p=100934"},"modified":"2023-01-25T12:25:45","modified_gmt":"2023-01-25T15:25:45","slug":"un-cable-perteneciente-a-la-empresa-personal-flow-podria-haber-provocado-graves-heridas","status":"publish","type":"post","link":"https:\/\/infoecos.com.ar\/index.php\/un-cable-perteneciente-a-la-empresa-personal-flow-podria-haber-provocado-graves-heridas\/","title":{"rendered":"Cable perteneciente a la empresa Personal Flow podr\u00eda haber provocado graves heridas"},"content":{"rendered":"\n<p>Un vecino denunci\u00f3 que un cable perteneciente a la empresa Personal Flow le provoc\u00f3 escoriaciones en el ante brazo derecho y la pierna del mismo lado.<\/p>\n\n\n\n<p>La informaci\u00f3n policial da cuenta que se trata de Guillermo Rub\u00e9n Rojas, de 41 a\u00f1os, que se movilizaba en una motocicleta Zanella por la calle Lagos al 350. El vecino, se\u00f1ala el parte, sinti\u00f3 un impacto en el cuello lo que le hizo perder el control del rodado. Como consecuencia de lo \u00faltimo perdi\u00f3 el control e impact\u00f3 contra una pick up Chevrolet S10 que se encontraba estacionada en el lugar. <\/p>\n\n\n\n<p>Rojas relat\u00f3 en su denuncia que cay\u00f3 de espaldas y golpe\u00f3 la cabeza contra el asfalto.  Pudo por sus propios medios, se entiende en el detalle, dirigirse al Hospital Municipal. Presentaba, de acuerdo al diagn\u00f3stico una lesi\u00f3n en el cuello por frote de 15 cm por 4 cm y las escoriaciones se\u00f1aladas. <\/p>\n\n\n\n<p>Se iniciaron actuaciones caratuladas \u201cLESIONES LEVES CULPOSAS\u201d con intervencion UFI Nro. 5 del Departamento Judicial Trenque Lauquen. <\/p>\n","protected":false},"excerpt":{"rendered":"<p>La informaci\u00f3n policial da cuenta que Guillermo Rub\u00e9n Rojas, de 41 a\u00f1os, que se movilizaba en una motocicleta Zanella por la calle Lagos al 350 sufri\u00f3 escoriaciones<\/p>\n","protected":false},"author":2,"featured_media":20630,"comment_status":"closed","ping_status":"open","sticky":false,"template":"","format":"standard","meta":{"footnotes":""},"categories":[50],"tags":[6133],"class_list":["post-100934","post","type-post","status-publish","format-standard","has-post-thumbnail","hentry","category-c1nota4","tag-policial-t-lauquen"],"yoast_head":"<!-- This site is optimized with the Yoast SEO plugin v23.4 - https:\/\/yoast.com\/wordpress\/plugins\/seo\/ -->\n<title>Cable perteneciente a la empresa Personal Flow podr\u00eda haber provocado graves heridas - Infoecos<\/title>\n<meta name=\"robots\" content=\"index, follow, max-snippet:-1, max-image-preview:large, max-video-preview:-1\" \/>\n<link rel=\"canonical\" href=\"https:\/\/infoecos.com.ar\/index.php\/un-cable-perteneciente-a-la-empresa-personal-flow-podria-haber-provocado-graves-heridas\/\" \/>\n<meta property=\"og:locale\" content=\"es_ES\" \/>\n<meta property=\"og:type\" content=\"article\" \/>\n<meta property=\"og:title\" content=\"Cable perteneciente a la empresa Personal Flow podr\u00eda haber provocado graves heridas - Infoecos\" \/>\n<meta property=\"og:description\" content=\"La informaci\u00f3n policial da cuenta que Guillermo Rub\u00e9n Rojas, de 41 a\u00f1os, que se movilizaba en una motocicleta Zanella por la calle Lagos al 350 sufri\u00f3 escoriaciones\" \/>\n<meta property=\"og:url\" content=\"https:\/\/infoecos.com.ar\/index.php\/un-cable-perteneciente-a-la-empresa-personal-flow-podria-haber-provocado-graves-heridas\/\" \/>\n<meta property=\"og:site_name\" content=\"Infoecos\" \/>\n<meta property=\"article:publisher\" content=\"https:\/\/www.facebook.com\/profile.php?id=100063200290284\" \/>\n<meta property=\"article:published_time\" content=\"2023-01-25T15:22:21+00:00\" \/>\n<meta property=\"article:modified_time\" content=\"2023-01-25T15:25:45+00:00\" \/>\n<meta property=\"og:image\" content=\"https:\/\/infoecos.com.ar\/wp-content\/uploads\/comisaria1-e1502936609992.jpg\" \/>\n\t<meta property=\"og:image:width\" content=\"400\" \/>\n\t<meta property=\"og:image:height\" content=\"300\" \/>\n\t<meta property=\"og:image:type\" content=\"image\/jpeg\" \/>\n<meta name=\"author\" content=\"Jorge Matheus\" \/>\n<meta name=\"twitter:card\" content=\"summary_large_image\" \/>\n<meta name=\"twitter:creator\" content=\"@infoecos\" \/>\n<meta name=\"twitter:site\" content=\"@infoecos\" \/>\n<meta name=\"twitter:label1\" content=\"Escrito por\" \/>\n\t<meta name=\"twitter:data1\" content=\"Jorge Matheus\" \/>\n\t<meta name=\"twitter:label2\" content=\"Tiempo de lectura\" \/>\n\t<meta name=\"twitter:data2\" content=\"1 minuto\" \/>\n<script type=\"application\/ld+json\" class=\"yoast-schema-graph\">{\"@context\":\"https:\/\/schema.org\",\"@graph\":[{\"@type\":\"Article\",\"@id\":\"https:\/\/infoecos.com.ar\/index.php\/un-cable-perteneciente-a-la-empresa-personal-flow-podria-haber-provocado-graves-heridas\/#article\",\"isPartOf\":{\"@id\":\"https:\/\/infoecos.com.ar\/index.php\/un-cable-perteneciente-a-la-empresa-personal-flow-podria-haber-provocado-graves-heridas\/\"},\"author\":{\"name\":\"Jorge Matheus\",\"@id\":\"https:\/\/infoecos.com.ar\/#\/schema\/person\/8f5ace5ce73b4b4aac4b7245aee6f191\"},\"headline\":\"Cable perteneciente a la empresa Personal Flow podr\u00eda haber provocado graves heridas\",\"datePublished\":\"2023-01-25T15:22:21+00:00\",\"dateModified\":\"2023-01-25T15:25:45+00:00\",\"mainEntityOfPage\":{\"@id\":\"https:\/\/infoecos.com.ar\/index.php\/un-cable-perteneciente-a-la-empresa-personal-flow-podria-haber-provocado-graves-heridas\/\"},\"wordCount\":181,\"publisher\":{\"@id\":\"https:\/\/infoecos.com.ar\/#organization\"},\"image\":{\"@id\":\"https:\/\/infoecos.com.ar\/index.php\/un-cable-perteneciente-a-la-empresa-personal-flow-podria-haber-provocado-graves-heridas\/#primaryimage\"},\"thumbnailUrl\":\"\",\"keywords\":[\"POLICIAL - T.LAUQUEN\"],\"articleSection\":[\"C1 N4\"],\"inLanguage\":\"es\"},{\"@type\":\"WebPage\",\"@id\":\"https:\/\/infoecos.com.ar\/index.php\/un-cable-perteneciente-a-la-empresa-personal-flow-podria-haber-provocado-graves-heridas\/\",\"url\":\"https:\/\/infoecos.com.ar\/index.php\/un-cable-perteneciente-a-la-empresa-personal-flow-podria-haber-provocado-graves-heridas\/\",\"name\":\"Cable perteneciente a la empresa Personal Flow podr\u00eda haber provocado graves heridas - Infoecos\",\"isPartOf\":{\"@id\":\"https:\/\/infoecos.com.ar\/#website\"},\"primaryImageOfPage\":{\"@id\":\"https:\/\/infoecos.com.ar\/index.php\/un-cable-perteneciente-a-la-empresa-personal-flow-podria-haber-provocado-graves-heridas\/#primaryimage\"},\"image\":{\"@id\":\"https:\/\/infoecos.com.ar\/index.php\/un-cable-perteneciente-a-la-empresa-personal-flow-podria-haber-provocado-graves-heridas\/#primaryimage\"},\"thumbnailUrl\":\"\",\"datePublished\":\"2023-01-25T15:22:21+00:00\",\"dateModified\":\"2023-01-25T15:25:45+00:00\",\"breadcrumb\":{\"@id\":\"https:\/\/infoecos.com.ar\/index.php\/un-cable-perteneciente-a-la-empresa-personal-flow-podria-haber-provocado-graves-heridas\/#breadcrumb\"},\"inLanguage\":\"es\",\"potentialAction\":[{\"@type\":\"ReadAction\",\"target\":[\"https:\/\/infoecos.com.ar\/index.php\/un-cable-perteneciente-a-la-empresa-personal-flow-podria-haber-provocado-graves-heridas\/\"]}]},{\"@type\":\"ImageObject\",\"inLanguage\":\"es\",\"@id\":\"https:\/\/infoecos.com.ar\/index.php\/un-cable-perteneciente-a-la-empresa-personal-flow-podria-haber-provocado-graves-heridas\/#primaryimage\",\"url\":\"\",\"contentUrl\":\"\"},{\"@type\":\"BreadcrumbList\",\"@id\":\"https:\/\/infoecos.com.ar\/index.php\/un-cable-perteneciente-a-la-empresa-personal-flow-podria-haber-provocado-graves-heridas\/#breadcrumb\",\"itemListElement\":[{\"@type\":\"ListItem\",\"position\":1,\"name\":\"Portada\",\"item\":\"https:\/\/infoecos.com.ar\/\"},{\"@type\":\"ListItem\",\"position\":2,\"name\":\"Cable perteneciente a la empresa Personal Flow podr\u00eda haber provocado graves heridas\"}]},{\"@type\":\"WebSite\",\"@id\":\"https:\/\/infoecos.com.ar\/#website\",\"url\":\"https:\/\/infoecos.com.ar\/\",\"name\":\"Infoecos\",\"description\":\"Noticias de trenque lauquen y la zona\",\"publisher\":{\"@id\":\"https:\/\/infoecos.com.ar\/#organization\"},\"alternateName\":\"Noticias\",\"potentialAction\":[{\"@type\":\"SearchAction\",\"target\":{\"@type\":\"EntryPoint\",\"urlTemplate\":\"https:\/\/infoecos.com.ar\/?s={search_term_string}\"},\"query-input\":{\"@type\":\"PropertyValueSpecification\",\"valueRequired\":true,\"valueName\":\"search_term_string\"}}],\"inLanguage\":\"es\"},{\"@type\":\"Organization\",\"@id\":\"https:\/\/infoecos.com.ar\/#organization\",\"name\":\"Infoecos\",\"alternateName\":\"Noticias\",\"url\":\"https:\/\/infoecos.com.ar\/\",\"logo\":{\"@type\":\"ImageObject\",\"inLanguage\":\"es\",\"@id\":\"https:\/\/infoecos.com.ar\/#\/schema\/logo\/image\/\",\"url\":\"https:\/\/infoecos.com.ar\/wp-content\/uploads\/2024\/03\/cropped-logo.png\",\"contentUrl\":\"https:\/\/infoecos.com.ar\/wp-content\/uploads\/2024\/03\/cropped-logo.png\",\"width\":374,\"height\":90,\"caption\":\"Infoecos\"},\"image\":{\"@id\":\"https:\/\/infoecos.com.ar\/#\/schema\/logo\/image\/\"},\"sameAs\":[\"https:\/\/www.facebook.com\/profile.php?id=100063200290284\",\"https:\/\/x.com\/infoecos\"]},{\"@type\":\"Person\",\"@id\":\"https:\/\/infoecos.com.ar\/#\/schema\/person\/8f5ace5ce73b4b4aac4b7245aee6f191\",\"name\":\"Jorge Matheus\",\"url\":\"https:\/\/infoecos.com.ar\/index.php\/author\/jomatheus\/\"}]}<\/script>\n<!-- \/ Yoast SEO plugin. -->","yoast_head_json":{"title":"Cable perteneciente a la empresa Personal Flow podr\u00eda haber provocado graves heridas - Infoecos","robots":{"index":"index","follow":"follow","max-snippet":"max-snippet:-1","max-image-preview":"max-image-preview:large","max-video-preview":"max-video-preview:-1"},"canonical":"https:\/\/infoecos.com.ar\/index.php\/un-cable-perteneciente-a-la-empresa-personal-flow-podria-haber-provocado-graves-heridas\/","og_locale":"es_ES","og_type":"article","og_title":"Cable perteneciente a la empresa Personal Flow podr\u00eda haber provocado graves heridas - Infoecos","og_description":"La informaci\u00f3n policial da cuenta que Guillermo Rub\u00e9n Rojas, de 41 a\u00f1os, que se movilizaba en una motocicleta Zanella por la calle Lagos al 350 sufri\u00f3 escoriaciones","og_url":"https:\/\/infoecos.com.ar\/index.php\/un-cable-perteneciente-a-la-empresa-personal-flow-podria-haber-provocado-graves-heridas\/","og_site_name":"Infoecos","article_publisher":"https:\/\/www.facebook.com\/profile.php?id=100063200290284","article_published_time":"2023-01-25T15:22:21+00:00","article_modified_time":"2023-01-25T15:25:45+00:00","og_image":[{"width":400,"height":300,"url":"https:\/\/infoecos.com.ar\/wp-content\/uploads\/comisaria1-e1502936609992.jpg","type":"image\/jpeg"}],"author":"Jorge Matheus","twitter_card":"summary_large_image","twitter_creator":"@infoecos","twitter_site":"@infoecos","twitter_misc":{"Escrito por":"Jorge Matheus","Tiempo de lectura":"1 minuto"},"schema":{"@context":"https:\/\/schema.org","@graph":[{"@type":"Article","@id":"https:\/\/infoecos.com.ar\/index.php\/un-cable-perteneciente-a-la-empresa-personal-flow-podria-haber-provocado-graves-heridas\/#article","isPartOf":{"@id":"https:\/\/infoecos.com.ar\/index.php\/un-cable-perteneciente-a-la-empresa-personal-flow-podria-haber-provocado-graves-heridas\/"},"author":{"name":"Jorge Matheus","@id":"https:\/\/infoecos.com.ar\/#\/schema\/person\/8f5ace5ce73b4b4aac4b7245aee6f191"},"headline":"Cable perteneciente a la empresa Personal Flow podr\u00eda haber provocado graves heridas","datePublished":"2023-01-25T15:22:21+00:00","dateModified":"2023-01-25T15:25:45+00:00","mainEntityOfPage":{"@id":"https:\/\/infoecos.com.ar\/index.php\/un-cable-perteneciente-a-la-empresa-personal-flow-podria-haber-provocado-graves-heridas\/"},"wordCount":181,"publisher":{"@id":"https:\/\/infoecos.com.ar\/#organization"},"image":{"@id":"https:\/\/infoecos.com.ar\/index.php\/un-cable-perteneciente-a-la-empresa-personal-flow-podria-haber-provocado-graves-heridas\/#primaryimage"},"thumbnailUrl":"","keywords":["POLICIAL - T.LAUQUEN"],"articleSection":["C1 N4"],"inLanguage":"es"},{"@type":"WebPage","@id":"https:\/\/infoecos.com.ar\/index.php\/un-cable-perteneciente-a-la-empresa-personal-flow-podria-haber-provocado-graves-heridas\/","url":"https:\/\/infoecos.com.ar\/index.php\/un-cable-perteneciente-a-la-empresa-personal-flow-podria-haber-provocado-graves-heridas\/","name":"Cable perteneciente a la empresa Personal Flow podr\u00eda haber provocado graves heridas - Infoecos","isPartOf":{"@id":"https:\/\/infoecos.com.ar\/#website"},"primaryImageOfPage":{"@id":"https:\/\/infoecos.com.ar\/index.php\/un-cable-perteneciente-a-la-empresa-personal-flow-podria-haber-provocado-graves-heridas\/#primaryimage"},"image":{"@id":"https:\/\/infoecos.com.ar\/index.php\/un-cable-perteneciente-a-la-empresa-personal-flow-podria-haber-provocado-graves-heridas\/#primaryimage"},"thumbnailUrl":"","datePublished":"2023-01-25T15:22:21+00:00","dateModified":"2023-01-25T15:25:45+00:00","breadcrumb":{"@id":"https:\/\/infoecos.com.ar\/index.php\/un-cable-perteneciente-a-la-empresa-personal-flow-podria-haber-provocado-graves-heridas\/#breadcrumb"},"inLanguage":"es","potentialAction":[{"@type":"ReadAction","target":["https:\/\/infoecos.com.ar\/index.php\/un-cable-perteneciente-a-la-empresa-personal-flow-podria-haber-provocado-graves-heridas\/"]}]},{"@type":"ImageObject","inLanguage":"es","@id":"https:\/\/infoecos.com.ar\/index.php\/un-cable-perteneciente-a-la-empresa-personal-flow-podria-haber-provocado-graves-heridas\/#primaryimage","url":"","contentUrl":""},{"@type":"BreadcrumbList","@id":"https:\/\/infoecos.com.ar\/index.php\/un-cable-perteneciente-a-la-empresa-personal-flow-podria-haber-provocado-graves-heridas\/#breadcrumb","itemListElement":[{"@type":"ListItem","position":1,"name":"Portada","item":"https:\/\/infoecos.com.ar\/"},{"@type":"ListItem","position":2,"name":"Cable perteneciente a la empresa Personal Flow podr\u00eda haber provocado graves heridas"}]},{"@type":"WebSite","@id":"https:\/\/infoecos.com.ar\/#website","url":"https:\/\/infoecos.com.ar\/","name":"Infoecos","description":"Noticias de trenque lauquen y la zona","publisher":{"@id":"https:\/\/infoecos.com.ar\/#organization"},"alternateName":"Noticias","potentialAction":[{"@type":"SearchAction","target":{"@type":"EntryPoint","urlTemplate":"https:\/\/infoecos.com.ar\/?s={search_term_string}"},"query-input":{"@type":"PropertyValueSpecification","valueRequired":true,"valueName":"search_term_string"}}],"inLanguage":"es"},{"@type":"Organization","@id":"https:\/\/infoecos.com.ar\/#organization","name":"Infoecos","alternateName":"Noticias","url":"https:\/\/infoecos.com.ar\/","logo":{"@type":"ImageObject","inLanguage":"es","@id":"https:\/\/infoecos.com.ar\/#\/schema\/logo\/image\/","url":"https:\/\/infoecos.com.ar\/wp-content\/uploads\/2024\/03\/cropped-logo.png","contentUrl":"https:\/\/infoecos.com.ar\/wp-content\/uploads\/2024\/03\/cropped-logo.png","width":374,"height":90,"caption":"Infoecos"},"image":{"@id":"https:\/\/infoecos.com.ar\/#\/schema\/logo\/image\/"},"sameAs":["https:\/\/www.facebook.com\/profile.php?id=100063200290284","https:\/\/x.com\/infoecos"]},{"@type":"Person","@id":"https:\/\/infoecos.com.ar\/#\/schema\/person\/8f5ace5ce73b4b4aac4b7245aee6f191","name":"Jorge Matheus","url":"https:\/\/infoecos.com.ar\/index.php\/author\/jomatheus\/"}]}},"featured_image_urls":{"full":"","thumbnail":"","medium":"","medium_large":"","large":"","1536x1536":"","2048x2048":"","covernews-slider-full":"","covernews-slider-center":"","covernews-featured":"","covernews-medium":"","covernews-medium-square":""},"author_info":{"info":["Jorge Matheus"]},"category_info":"<a href=\"https:\/\/infoecos.com.ar\/index.php\/category\/c1nota4\/\" rel=\"category tag\">C1 N4<\/a>","tag_info":"C1 N4","comment_count":"0","_links":{"self":[{"href":"https:\/\/infoecos.com.ar\/index.php\/wp-json\/wp\/v2\/posts\/100934"}],"collection":[{"href":"https:\/\/infoecos.com.ar\/index.php\/wp-json\/wp\/v2\/posts"}],"about":[{"href":"https:\/\/infoecos.com.ar\/index.php\/wp-json\/wp\/v2\/types\/post"}],"author":[{"embeddable":true,"href":"https:\/\/infoecos.com.ar\/index.php\/wp-json\/wp\/v2\/users\/2"}],"replies":[{"embeddable":true,"href":"https:\/\/infoecos.com.ar\/index.php\/wp-json\/wp\/v2\/comments?post=100934"}],"version-history":[{"count":3,"href":"https:\/\/infoecos.com.ar\/index.php\/wp-json\/wp\/v2\/posts\/100934\/revisions"}],"predecessor-version":[{"id":100938,"href":"https:\/\/infoecos.com.ar\/index.php\/wp-json\/wp\/v2\/posts\/100934\/revisions\/100938"}],"wp:featuredmedia":[{"embeddable":true,"href":"https:\/\/infoecos.com.ar\/index.php\/wp-json\/"}],"wp:attachment":[{"href":"https:\/\/infoecos.com.ar\/index.php\/wp-json\/wp\/v2\/media?parent=100934"}],"wp:term":[{"taxonomy":"category","embeddable":true,"href":"https:\/\/infoecos.com.ar\/index.php\/wp-json\/wp\/v2\/categories?post=100934"},{"taxonomy":"post_tag","embeddable":true,"href":"https:\/\/infoecos.com.ar\/index.php\/wp-json\/wp\/v2\/tags?post=100934"}],"curies":[{"name":"wp","href":"https:\/\/api.w.org\/{rel}","templated":true}]}}