{"id":101056,"date":"2023-01-25T20:08:08","date_gmt":"2023-01-25T23:08:08","guid":{"rendered":"https:\/\/infoecos.com.ar\/?p=101056"},"modified":"2023-01-26T21:10:09","modified_gmt":"2023-01-27T00:10:09","slug":"jose-voytenco-se-afianza-en-la-conduccion-de-la-uatre","status":"publish","type":"post","link":"https:\/\/infoecos.com.ar\/index.php\/jose-voytenco-se-afianza-en-la-conduccion-de-la-uatre\/","title":{"rendered":"Jos\u00e9 Voytenco se afianza en la conducci\u00f3n de la UATRE"},"content":{"rendered":"\n<p>La&nbsp;<strong>Uni\u00f3n Argentina de Trabajadores Rurales y Estibadores (UATRE)<\/strong>&nbsp;llev\u00f3 a cabo el primer Encuentro Nacional de Delegados del 2023 encabezado por Jos\u00e9 Voytenco, Secretario General de UATRE y el Secretariado Nacional de la organizaci\u00f3n. La jornada cont\u00f3 con la participaci\u00f3n de delegados y delegadas y subdelegados y subdelegadas que la UATRE tiene en cada provincia. El encuentro tuvo como objetivo consolidar y garantizar el car\u00e1cter federal de la organizaci\u00f3n.<\/p>\n\n\n\n<figure class=\"wp-block-image aligncenter size-full is-resized\"><img loading=\"lazy\" decoding=\"async\" src=\"https:\/\/infoecos.com.ar\/wp-content\/uploads\/2023\/01\/image-176.png\" alt=\"\" class=\"wp-image-101057\" width=\"494\" height=\"278\"\/><\/figure>\n\n\n\n<p>Jos\u00e9 Voytenco, m\u00e1xima autoridad de la organizaci\u00f3n, manifest\u00f3 en la apertura del encuentro a los delegados presentes: \u201cEl apoyo de todos ustedes el pasado 21 de diciembre es lo que permiti\u00f3 que estemos hoy ac\u00e1. Esta es una jornada de reflexi\u00f3n, no es una reuni\u00f3n m\u00e1s, es el puntapi\u00e9 inicial del proyecto que venimos pregonando y que hemos venido impulsando a lo largo y ancho del pa\u00eds junto a los compa\u00f1eros del Secretariado Nacional\u201d.<\/p>\n\n\n\n<figure class=\"wp-block-image aligncenter size-full is-resized\"><img loading=\"lazy\" decoding=\"async\" src=\"https:\/\/infoecos.com.ar\/wp-content\/uploads\/2023\/01\/Foto-2.jpeg\" alt=\"\" class=\"wp-image-101058\" width=\"493\" height=\"328\" srcset=\"https:\/\/infoecos.com.ar\/wp-content\/uploads\/2023\/01\/Foto-2.jpeg 1280w, https:\/\/infoecos.com.ar\/wp-content\/uploads\/2023\/01\/Foto-2-800x533.jpeg 800w, https:\/\/infoecos.com.ar\/wp-content\/uploads\/2023\/01\/Foto-2-768x512.jpeg 768w, https:\/\/infoecos.com.ar\/wp-content\/uploads\/2023\/01\/Foto-2-1024x682.jpeg 1024w, https:\/\/infoecos.com.ar\/wp-content\/uploads\/2023\/01\/Foto-2-675x450.jpeg 675w\" sizes=\"(max-width: 493px) 100vw, 493px\" \/><\/figure>\n\n\n\n<p>\u201cEsta es una oportunidad hist\u00f3rica que tenemos para poder revalorizar la lealtad, el compromiso, el trabajo en equipo y, sobre todo, el sentido de pertenencia, que tenemos que trabajar seccional por seccional. Que esta jornada sea el puntapi\u00e9 inicial para construir la UATRE que queremos\u201d y concluy\u00f3 \u201cQue la reuni\u00f3n sirva para tomar las decisiones correctas para construir la UATRE federal e inclusiva que necesitan los trabajadores y trabajadoras rurales del pa\u00eds\u201d.<\/p>\n\n\n\n<figure class=\"wp-block-image aligncenter size-full is-resized\"><img loading=\"lazy\" decoding=\"async\" src=\"https:\/\/infoecos.com.ar\/wp-content\/uploads\/2023\/01\/Foto-3.jpeg\" alt=\"\" class=\"wp-image-101059\" width=\"523\" height=\"293\" srcset=\"https:\/\/infoecos.com.ar\/wp-content\/uploads\/2023\/01\/Foto-3.jpeg 1280w, https:\/\/infoecos.com.ar\/wp-content\/uploads\/2023\/01\/Foto-3-800x450.jpeg 800w, https:\/\/infoecos.com.ar\/wp-content\/uploads\/2023\/01\/Foto-3-768x432.jpeg 768w, https:\/\/infoecos.com.ar\/wp-content\/uploads\/2023\/01\/Foto-3-1024x576.jpeg 1024w\" sizes=\"(max-width: 523px) 100vw, 523px\" \/><\/figure>\n\n\n\n<p>Adem\u00e1s, se entregaron plaquetas por los servicios brindados a los compa\u00f1eros que integraban el Secretariado Nacional, Carlos Figueroa, exorganizaci\u00f3n gremial y Adri\u00e1n Nocera, exprotesorero de la UATRE.<\/p>\n","protected":false},"excerpt":{"rendered":"<p>\u201cEl apoyo de todos ustedes el pasado 21 de diciembre es lo que permiti\u00f3 que estemos hoy ac\u00e1. Esta es una jornada de reflexi\u00f3n, no es una reuni\u00f3n m\u00e1s\u00bb, se\u00f1al\u00f3 el titular del gremio de trabajadores rurales<\/p>\n","protected":false},"author":2,"featured_media":101057,"comment_status":"closed","ping_status":"open","sticky":false,"template":"","format":"standard","meta":{"footnotes":""},"categories":[1325],"tags":[7189],"class_list":["post-101056","post","type-post","status-publish","format-standard","has-post-thumbnail","hentry","category-c1nota6","tag-encuentro-nacional"],"yoast_head":"<!-- This site is optimized with the Yoast SEO plugin v23.4 - https:\/\/yoast.com\/wordpress\/plugins\/seo\/ -->\n<title>Jos\u00e9 Voytenco se afianza en la conducci\u00f3n de la UATRE - Infoecos<\/title>\n<meta name=\"robots\" content=\"index, follow, max-snippet:-1, max-image-preview:large, max-video-preview:-1\" \/>\n<link rel=\"canonical\" href=\"https:\/\/infoecos.com.ar\/index.php\/jose-voytenco-se-afianza-en-la-conduccion-de-la-uatre\/\" \/>\n<meta property=\"og:locale\" content=\"es_ES\" \/>\n<meta property=\"og:type\" content=\"article\" \/>\n<meta property=\"og:title\" content=\"Jos\u00e9 Voytenco se afianza en la conducci\u00f3n de la UATRE - Infoecos\" \/>\n<meta property=\"og:description\" content=\"\u201cEl apoyo de todos ustedes el pasado 21 de diciembre es lo que permiti\u00f3 que estemos hoy ac\u00e1. Esta es una jornada de reflexi\u00f3n, no es una reuni\u00f3n m\u00e1s&quot;, se\u00f1al\u00f3 el titular del gremio de trabajadores rurales\" \/>\n<meta property=\"og:url\" content=\"https:\/\/infoecos.com.ar\/index.php\/jose-voytenco-se-afianza-en-la-conduccion-de-la-uatre\/\" \/>\n<meta property=\"og:site_name\" content=\"Infoecos\" \/>\n<meta property=\"article:publisher\" content=\"https:\/\/www.facebook.com\/profile.php?id=100063200290284\" \/>\n<meta property=\"article:published_time\" content=\"2023-01-25T23:08:08+00:00\" \/>\n<meta property=\"article:modified_time\" content=\"2023-01-27T00:10:09+00:00\" \/>\n<meta property=\"og:image\" content=\"https:\/\/infoecos.com.ar\/wp-content\/uploads\/2023\/01\/image-176.png\" \/>\n\t<meta property=\"og:image:width\" content=\"701\" \/>\n\t<meta property=\"og:image:height\" content=\"394\" \/>\n\t<meta property=\"og:image:type\" content=\"image\/png\" \/>\n<meta name=\"author\" content=\"Jorge Matheus\" \/>\n<meta name=\"twitter:card\" content=\"summary_large_image\" \/>\n<meta name=\"twitter:creator\" content=\"@infoecos\" \/>\n<meta name=\"twitter:site\" content=\"@infoecos\" \/>\n<meta name=\"twitter:label1\" content=\"Escrito por\" \/>\n\t<meta name=\"twitter:data1\" content=\"Jorge Matheus\" \/>\n\t<meta name=\"twitter:label2\" content=\"Tiempo de lectura\" \/>\n\t<meta name=\"twitter:data2\" content=\"2 minutos\" \/>\n<script type=\"application\/ld+json\" class=\"yoast-schema-graph\">{\"@context\":\"https:\/\/schema.org\",\"@graph\":[{\"@type\":\"Article\",\"@id\":\"https:\/\/infoecos.com.ar\/index.php\/jose-voytenco-se-afianza-en-la-conduccion-de-la-uatre\/#article\",\"isPartOf\":{\"@id\":\"https:\/\/infoecos.com.ar\/index.php\/jose-voytenco-se-afianza-en-la-conduccion-de-la-uatre\/\"},\"author\":{\"name\":\"Jorge Matheus\",\"@id\":\"https:\/\/infoecos.com.ar\/#\/schema\/person\/8f5ace5ce73b4b4aac4b7245aee6f191\"},\"headline\":\"Jos\u00e9 Voytenco se afianza en la conducci\u00f3n de la UATRE\",\"datePublished\":\"2023-01-25T23:08:08+00:00\",\"dateModified\":\"2023-01-27T00:10:09+00:00\",\"mainEntityOfPage\":{\"@id\":\"https:\/\/infoecos.com.ar\/index.php\/jose-voytenco-se-afianza-en-la-conduccion-de-la-uatre\/\"},\"wordCount\":273,\"publisher\":{\"@id\":\"https:\/\/infoecos.com.ar\/#organization\"},\"image\":{\"@id\":\"https:\/\/infoecos.com.ar\/index.php\/jose-voytenco-se-afianza-en-la-conduccion-de-la-uatre\/#primaryimage\"},\"thumbnailUrl\":\"https:\/\/infoecos.com.ar\/wp-content\/uploads\/2023\/01\/image-176.png\",\"keywords\":[\"encuentro nacional\"],\"articleSection\":[\"C1 nota 6\"],\"inLanguage\":\"es\"},{\"@type\":\"WebPage\",\"@id\":\"https:\/\/infoecos.com.ar\/index.php\/jose-voytenco-se-afianza-en-la-conduccion-de-la-uatre\/\",\"url\":\"https:\/\/infoecos.com.ar\/index.php\/jose-voytenco-se-afianza-en-la-conduccion-de-la-uatre\/\",\"name\":\"Jos\u00e9 Voytenco se afianza en la conducci\u00f3n de la UATRE - Infoecos\",\"isPartOf\":{\"@id\":\"https:\/\/infoecos.com.ar\/#website\"},\"primaryImageOfPage\":{\"@id\":\"https:\/\/infoecos.com.ar\/index.php\/jose-voytenco-se-afianza-en-la-conduccion-de-la-uatre\/#primaryimage\"},\"image\":{\"@id\":\"https:\/\/infoecos.com.ar\/index.php\/jose-voytenco-se-afianza-en-la-conduccion-de-la-uatre\/#primaryimage\"},\"thumbnailUrl\":\"https:\/\/infoecos.com.ar\/wp-content\/uploads\/2023\/01\/image-176.png\",\"datePublished\":\"2023-01-25T23:08:08+00:00\",\"dateModified\":\"2023-01-27T00:10:09+00:00\",\"breadcrumb\":{\"@id\":\"https:\/\/infoecos.com.ar\/index.php\/jose-voytenco-se-afianza-en-la-conduccion-de-la-uatre\/#breadcrumb\"},\"inLanguage\":\"es\",\"potentialAction\":[{\"@type\":\"ReadAction\",\"target\":[\"https:\/\/infoecos.com.ar\/index.php\/jose-voytenco-se-afianza-en-la-conduccion-de-la-uatre\/\"]}]},{\"@type\":\"ImageObject\",\"inLanguage\":\"es\",\"@id\":\"https:\/\/infoecos.com.ar\/index.php\/jose-voytenco-se-afianza-en-la-conduccion-de-la-uatre\/#primaryimage\",\"url\":\"https:\/\/infoecos.com.ar\/wp-content\/uploads\/2023\/01\/image-176.png\",\"contentUrl\":\"https:\/\/infoecos.com.ar\/wp-content\/uploads\/2023\/01\/image-176.png\",\"width\":701,\"height\":394},{\"@type\":\"BreadcrumbList\",\"@id\":\"https:\/\/infoecos.com.ar\/index.php\/jose-voytenco-se-afianza-en-la-conduccion-de-la-uatre\/#breadcrumb\",\"itemListElement\":[{\"@type\":\"ListItem\",\"position\":1,\"name\":\"Portada\",\"item\":\"https:\/\/infoecos.com.ar\/\"},{\"@type\":\"ListItem\",\"position\":2,\"name\":\"Jos\u00e9 Voytenco se afianza en la conducci\u00f3n de la UATRE\"}]},{\"@type\":\"WebSite\",\"@id\":\"https:\/\/infoecos.com.ar\/#website\",\"url\":\"https:\/\/infoecos.com.ar\/\",\"name\":\"Infoecos\",\"description\":\"Noticias de trenque lauquen y la zona\",\"publisher\":{\"@id\":\"https:\/\/infoecos.com.ar\/#organization\"},\"alternateName\":\"Noticias\",\"potentialAction\":[{\"@type\":\"SearchAction\",\"target\":{\"@type\":\"EntryPoint\",\"urlTemplate\":\"https:\/\/infoecos.com.ar\/?s={search_term_string}\"},\"query-input\":{\"@type\":\"PropertyValueSpecification\",\"valueRequired\":true,\"valueName\":\"search_term_string\"}}],\"inLanguage\":\"es\"},{\"@type\":\"Organization\",\"@id\":\"https:\/\/infoecos.com.ar\/#organization\",\"name\":\"Infoecos\",\"alternateName\":\"Noticias\",\"url\":\"https:\/\/infoecos.com.ar\/\",\"logo\":{\"@type\":\"ImageObject\",\"inLanguage\":\"es\",\"@id\":\"https:\/\/infoecos.com.ar\/#\/schema\/logo\/image\/\",\"url\":\"https:\/\/infoecos.com.ar\/wp-content\/uploads\/2024\/03\/cropped-logo.png\",\"contentUrl\":\"https:\/\/infoecos.com.ar\/wp-content\/uploads\/2024\/03\/cropped-logo.png\",\"width\":374,\"height\":90,\"caption\":\"Infoecos\"},\"image\":{\"@id\":\"https:\/\/infoecos.com.ar\/#\/schema\/logo\/image\/\"},\"sameAs\":[\"https:\/\/www.facebook.com\/profile.php?id=100063200290284\",\"https:\/\/x.com\/infoecos\"]},{\"@type\":\"Person\",\"@id\":\"https:\/\/infoecos.com.ar\/#\/schema\/person\/8f5ace5ce73b4b4aac4b7245aee6f191\",\"name\":\"Jorge Matheus\",\"url\":\"https:\/\/infoecos.com.ar\/index.php\/author\/jomatheus\/\"}]}<\/script>\n<!-- \/ Yoast SEO plugin. -->","yoast_head_json":{"title":"Jos\u00e9 Voytenco se afianza en la conducci\u00f3n de la UATRE - Infoecos","robots":{"index":"index","follow":"follow","max-snippet":"max-snippet:-1","max-image-preview":"max-image-preview:large","max-video-preview":"max-video-preview:-1"},"canonical":"https:\/\/infoecos.com.ar\/index.php\/jose-voytenco-se-afianza-en-la-conduccion-de-la-uatre\/","og_locale":"es_ES","og_type":"article","og_title":"Jos\u00e9 Voytenco se afianza en la conducci\u00f3n de la UATRE - Infoecos","og_description":"\u201cEl apoyo de todos ustedes el pasado 21 de diciembre es lo que permiti\u00f3 que estemos hoy ac\u00e1. Esta es una jornada de reflexi\u00f3n, no es una reuni\u00f3n m\u00e1s\", se\u00f1al\u00f3 el titular del gremio de trabajadores rurales","og_url":"https:\/\/infoecos.com.ar\/index.php\/jose-voytenco-se-afianza-en-la-conduccion-de-la-uatre\/","og_site_name":"Infoecos","article_publisher":"https:\/\/www.facebook.com\/profile.php?id=100063200290284","article_published_time":"2023-01-25T23:08:08+00:00","article_modified_time":"2023-01-27T00:10:09+00:00","og_image":[{"width":701,"height":394,"url":"https:\/\/infoecos.com.ar\/wp-content\/uploads\/2023\/01\/image-176.png","type":"image\/png"}],"author":"Jorge Matheus","twitter_card":"summary_large_image","twitter_creator":"@infoecos","twitter_site":"@infoecos","twitter_misc":{"Escrito por":"Jorge Matheus","Tiempo de lectura":"2 minutos"},"schema":{"@context":"https:\/\/schema.org","@graph":[{"@type":"Article","@id":"https:\/\/infoecos.com.ar\/index.php\/jose-voytenco-se-afianza-en-la-conduccion-de-la-uatre\/#article","isPartOf":{"@id":"https:\/\/infoecos.com.ar\/index.php\/jose-voytenco-se-afianza-en-la-conduccion-de-la-uatre\/"},"author":{"name":"Jorge Matheus","@id":"https:\/\/infoecos.com.ar\/#\/schema\/person\/8f5ace5ce73b4b4aac4b7245aee6f191"},"headline":"Jos\u00e9 Voytenco se afianza en la conducci\u00f3n de la UATRE","datePublished":"2023-01-25T23:08:08+00:00","dateModified":"2023-01-27T00:10:09+00:00","mainEntityOfPage":{"@id":"https:\/\/infoecos.com.ar\/index.php\/jose-voytenco-se-afianza-en-la-conduccion-de-la-uatre\/"},"wordCount":273,"publisher":{"@id":"https:\/\/infoecos.com.ar\/#organization"},"image":{"@id":"https:\/\/infoecos.com.ar\/index.php\/jose-voytenco-se-afianza-en-la-conduccion-de-la-uatre\/#primaryimage"},"thumbnailUrl":"https:\/\/infoecos.com.ar\/wp-content\/uploads\/2023\/01\/image-176.png","keywords":["encuentro nacional"],"articleSection":["C1 nota 6"],"inLanguage":"es"},{"@type":"WebPage","@id":"https:\/\/infoecos.com.ar\/index.php\/jose-voytenco-se-afianza-en-la-conduccion-de-la-uatre\/","url":"https:\/\/infoecos.com.ar\/index.php\/jose-voytenco-se-afianza-en-la-conduccion-de-la-uatre\/","name":"Jos\u00e9 Voytenco se afianza en la conducci\u00f3n de la UATRE - Infoecos","isPartOf":{"@id":"https:\/\/infoecos.com.ar\/#website"},"primaryImageOfPage":{"@id":"https:\/\/infoecos.com.ar\/index.php\/jose-voytenco-se-afianza-en-la-conduccion-de-la-uatre\/#primaryimage"},"image":{"@id":"https:\/\/infoecos.com.ar\/index.php\/jose-voytenco-se-afianza-en-la-conduccion-de-la-uatre\/#primaryimage"},"thumbnailUrl":"https:\/\/infoecos.com.ar\/wp-content\/uploads\/2023\/01\/image-176.png","datePublished":"2023-01-25T23:08:08+00:00","dateModified":"2023-01-27T00:10:09+00:00","breadcrumb":{"@id":"https:\/\/infoecos.com.ar\/index.php\/jose-voytenco-se-afianza-en-la-conduccion-de-la-uatre\/#breadcrumb"},"inLanguage":"es","potentialAction":[{"@type":"ReadAction","target":["https:\/\/infoecos.com.ar\/index.php\/jose-voytenco-se-afianza-en-la-conduccion-de-la-uatre\/"]}]},{"@type":"ImageObject","inLanguage":"es","@id":"https:\/\/infoecos.com.ar\/index.php\/jose-voytenco-se-afianza-en-la-conduccion-de-la-uatre\/#primaryimage","url":"https:\/\/infoecos.com.ar\/wp-content\/uploads\/2023\/01\/image-176.png","contentUrl":"https:\/\/infoecos.com.ar\/wp-content\/uploads\/2023\/01\/image-176.png","width":701,"height":394},{"@type":"BreadcrumbList","@id":"https:\/\/infoecos.com.ar\/index.php\/jose-voytenco-se-afianza-en-la-conduccion-de-la-uatre\/#breadcrumb","itemListElement":[{"@type":"ListItem","position":1,"name":"Portada","item":"https:\/\/infoecos.com.ar\/"},{"@type":"ListItem","position":2,"name":"Jos\u00e9 Voytenco se afianza en la conducci\u00f3n de la UATRE"}]},{"@type":"WebSite","@id":"https:\/\/infoecos.com.ar\/#website","url":"https:\/\/infoecos.com.ar\/","name":"Infoecos","description":"Noticias de trenque lauquen y la zona","publisher":{"@id":"https:\/\/infoecos.com.ar\/#organization"},"alternateName":"Noticias","potentialAction":[{"@type":"SearchAction","target":{"@type":"EntryPoint","urlTemplate":"https:\/\/infoecos.com.ar\/?s={search_term_string}"},"query-input":{"@type":"PropertyValueSpecification","valueRequired":true,"valueName":"search_term_string"}}],"inLanguage":"es"},{"@type":"Organization","@id":"https:\/\/infoecos.com.ar\/#organization","name":"Infoecos","alternateName":"Noticias","url":"https:\/\/infoecos.com.ar\/","logo":{"@type":"ImageObject","inLanguage":"es","@id":"https:\/\/infoecos.com.ar\/#\/schema\/logo\/image\/","url":"https:\/\/infoecos.com.ar\/wp-content\/uploads\/2024\/03\/cropped-logo.png","contentUrl":"https:\/\/infoecos.com.ar\/wp-content\/uploads\/2024\/03\/cropped-logo.png","width":374,"height":90,"caption":"Infoecos"},"image":{"@id":"https:\/\/infoecos.com.ar\/#\/schema\/logo\/image\/"},"sameAs":["https:\/\/www.facebook.com\/profile.php?id=100063200290284","https:\/\/x.com\/infoecos"]},{"@type":"Person","@id":"https:\/\/infoecos.com.ar\/#\/schema\/person\/8f5ace5ce73b4b4aac4b7245aee6f191","name":"Jorge Matheus","url":"https:\/\/infoecos.com.ar\/index.php\/author\/jomatheus\/"}]}},"featured_image_urls":{"full":["https:\/\/infoecos.com.ar\/wp-content\/uploads\/2023\/01\/image-176.png",701,394,false],"thumbnail":["https:\/\/infoecos.com.ar\/wp-content\/uploads\/2023\/01\/image-176-300x150.png",300,150,true],"medium":["https:\/\/infoecos.com.ar\/wp-content\/uploads\/2023\/01\/image-176.png",701,394,false],"medium_large":["https:\/\/infoecos.com.ar\/wp-content\/uploads\/2023\/01\/image-176.png",640,360,false],"large":["https:\/\/infoecos.com.ar\/wp-content\/uploads\/2023\/01\/image-176.png",640,360,false],"1536x1536":["https:\/\/infoecos.com.ar\/wp-content\/uploads\/2023\/01\/image-176.png",701,394,false],"2048x2048":["https:\/\/infoecos.com.ar\/wp-content\/uploads\/2023\/01\/image-176.png",701,394,false],"covernews-slider-full":["https:\/\/infoecos.com.ar\/wp-content\/uploads\/2023\/01\/image-176.png",701,394,false],"covernews-slider-center":["https:\/\/infoecos.com.ar\/wp-content\/uploads\/2023\/01\/image-176.png",701,394,false],"covernews-featured":["https:\/\/infoecos.com.ar\/wp-content\/uploads\/2023\/01\/image-176.png",701,394,false],"covernews-medium":["https:\/\/infoecos.com.ar\/wp-content\/uploads\/2023\/01\/image-176-701x380.png",540,293,true],"covernews-medium-square":["https:\/\/infoecos.com.ar\/wp-content\/uploads\/2023\/01\/image-176-675x394.png",400,233,true]},"author_info":{"info":["Jorge Matheus"]},"category_info":"<a href=\"https:\/\/infoecos.com.ar\/index.php\/category\/c1nota6\/\" rel=\"category tag\">C1 nota 6<\/a>","tag_info":"C1 nota 6","comment_count":"0","_links":{"self":[{"href":"https:\/\/infoecos.com.ar\/index.php\/wp-json\/wp\/v2\/posts\/101056"}],"collection":[{"href":"https:\/\/infoecos.com.ar\/index.php\/wp-json\/wp\/v2\/posts"}],"about":[{"href":"https:\/\/infoecos.com.ar\/index.php\/wp-json\/wp\/v2\/types\/post"}],"author":[{"embeddable":true,"href":"https:\/\/infoecos.com.ar\/index.php\/wp-json\/wp\/v2\/users\/2"}],"replies":[{"embeddable":true,"href":"https:\/\/infoecos.com.ar\/index.php\/wp-json\/wp\/v2\/comments?post=101056"}],"version-history":[{"count":2,"href":"https:\/\/infoecos.com.ar\/index.php\/wp-json\/wp\/v2\/posts\/101056\/revisions"}],"predecessor-version":[{"id":101080,"href":"https:\/\/infoecos.com.ar\/index.php\/wp-json\/wp\/v2\/posts\/101056\/revisions\/101080"}],"wp:featuredmedia":[{"embeddable":true,"href":"https:\/\/infoecos.com.ar\/index.php\/wp-json\/wp\/v2\/media\/101057"}],"wp:attachment":[{"href":"https:\/\/infoecos.com.ar\/index.php\/wp-json\/wp\/v2\/media?parent=101056"}],"wp:term":[{"taxonomy":"category","embeddable":true,"href":"https:\/\/infoecos.com.ar\/index.php\/wp-json\/wp\/v2\/categories?post=101056"},{"taxonomy":"post_tag","embeddable":true,"href":"https:\/\/infoecos.com.ar\/index.php\/wp-json\/wp\/v2\/tags?post=101056"}],"curies":[{"name":"wp","href":"https:\/\/api.w.org\/{rel}","templated":true}]}}