{"id":101078,"date":"2023-01-26T10:48:01","date_gmt":"2023-01-26T13:48:01","guid":{"rendered":"https:\/\/infoecos.com.ar\/?p=101078"},"modified":"2023-01-26T10:48:02","modified_gmt":"2023-01-26T13:48:02","slug":"la-denominada-ley-lucio-sera-considerada-en-las-sesiones-extraordinarias-del-congreso-nacional","status":"publish","type":"post","link":"https:\/\/infoecos.com.ar\/index.php\/la-denominada-ley-lucio-sera-considerada-en-las-sesiones-extraordinarias-del-congreso-nacional\/","title":{"rendered":"La denominada Ley Lucio ser\u00e1 considerada en las sesiones extraordinarias del Congreso Nacional"},"content":{"rendered":"\n<p>El Gobierno Nacional decidi\u00f3 ampliar el temario de proyectos a tratar incluyendo la denominada \u00abLey Lucio\u00bb. De ser aprobada, la norma promover\u00e1 la creaci\u00f3n del \u00abPlan Federal de Capacitaci\u00f3n de car\u00e1cter continuo, permanente y obligatorio, en derechos de los ni\u00f1os, ni\u00f1as y adolescentes\u00bb, que procura capacitar a los agentes de instituciones p\u00fablicas para detectar indicios de violencia familiar. La iniciativa surge a ra\u00edz del caso del ni\u00f1o asesinado en Santa Rosa, en el que se habr\u00edan detectado, en forma posterior, situaciones de alerta que pasaron desapercibidas.<\/p>\n\n\n\n<figure class=\"wp-block-image aligncenter size-large is-resized is-style-default\"><img loading=\"lazy\" decoding=\"async\" src=\"https:\/\/infoecos.com.ar\/wp-content\/uploads\/2022\/04\/familia_lucio_dupuy-920x690.jpg\" alt=\"\" class=\"wp-image-90801\" width=\"564\" height=\"423\" srcset=\"https:\/\/infoecos.com.ar\/wp-content\/uploads\/2022\/04\/familia_lucio_dupuy-920x690.jpg 920w, https:\/\/infoecos.com.ar\/wp-content\/uploads\/2022\/04\/familia_lucio_dupuy-460x345.jpg 460w, https:\/\/infoecos.com.ar\/wp-content\/uploads\/2022\/04\/familia_lucio_dupuy-768x576.jpg 768w, https:\/\/infoecos.com.ar\/wp-content\/uploads\/2022\/04\/familia_lucio_dupuy-1536x1152.jpg 1536w, https:\/\/infoecos.com.ar\/wp-content\/uploads\/2022\/04\/familia_lucio_dupuy-1024x768.jpg 1024w, https:\/\/infoecos.com.ar\/wp-content\/uploads\/2022\/04\/familia_lucio_dupuy.jpg 1600w\" sizes=\"(max-width: 564px) 100vw, 564px\" \/><\/figure>\n\n\n\n<p>La ampliaci\u00f3n del temario de las sesiones ordinarias se public\u00f3 en el Bolet\u00edn Oficial bajo el decreto 45\/2023, con la firma del presidente Alberto Fern\u00e1ndez, y en su art\u00edculo 1\u00b0 solicita que el tema sea tratado por el &#8216;Honorable Congreso de la Naci\u00f3n&#8217;. A partir de entonces se establece un plan de capacitaci\u00f3n de funcionarios p\u00fablicos para actuar en situaciones de violencia contra menores.<\/p>\n\n\n\n<p>Fern\u00e1ndez hab\u00eda anticipado que ten\u00eda previsto &#8216;ampliar&#8217; el decreto de convocatoria a sesiones extraordinarias para incorporar ese proyecto, que ya fue aprobado por la C\u00e1mara de Diputados y debe ser convertido en ley por el Senado.<\/p>\n","protected":false},"excerpt":{"rendered":"<p>Fern\u00e1ndez hab\u00eda anticipado que ten\u00eda previsto &#8216;ampliar&#8217; el decreto de convocatoria a sesiones extraordinarias para incorporar ese proyecto, que ya fue aprobado por la C\u00e1mara de Diputados y debe ser convertido en ley por el Senado<\/p>\n","protected":false},"author":2,"featured_media":86427,"comment_status":"closed","ping_status":"open","sticky":false,"template":"","format":"standard","meta":{"footnotes":""},"categories":[25],"tags":[7193],"class_list":["post-101078","post","type-post","status-publish","format-standard","has-post-thumbnail","hentry","category-c3nota1","tag-lo-comunico-el-gobierno"],"yoast_head":"<!-- This site is optimized with the Yoast SEO plugin v23.4 - https:\/\/yoast.com\/wordpress\/plugins\/seo\/ -->\n<title>La denominada Ley Lucio ser\u00e1 considerada en las sesiones extraordinarias del Congreso Nacional - Infoecos<\/title>\n<meta name=\"robots\" content=\"index, follow, max-snippet:-1, max-image-preview:large, max-video-preview:-1\" \/>\n<link rel=\"canonical\" href=\"https:\/\/infoecos.com.ar\/index.php\/la-denominada-ley-lucio-sera-considerada-en-las-sesiones-extraordinarias-del-congreso-nacional\/\" \/>\n<meta property=\"og:locale\" content=\"es_ES\" \/>\n<meta property=\"og:type\" content=\"article\" \/>\n<meta property=\"og:title\" content=\"La denominada Ley Lucio ser\u00e1 considerada en las sesiones extraordinarias del Congreso Nacional - Infoecos\" \/>\n<meta property=\"og:description\" content=\"Fern\u00e1ndez hab\u00eda anticipado que ten\u00eda previsto &#039;ampliar&#039; el decreto de convocatoria a sesiones extraordinarias para incorporar ese proyecto, que ya fue aprobado por la C\u00e1mara de Diputados y debe ser convertido en ley por el Senado\" \/>\n<meta property=\"og:url\" content=\"https:\/\/infoecos.com.ar\/index.php\/la-denominada-ley-lucio-sera-considerada-en-las-sesiones-extraordinarias-del-congreso-nacional\/\" \/>\n<meta property=\"og:site_name\" content=\"Infoecos\" \/>\n<meta property=\"article:publisher\" content=\"https:\/\/www.facebook.com\/profile.php?id=100063200290284\" \/>\n<meta property=\"article:published_time\" content=\"2023-01-26T13:48:01+00:00\" \/>\n<meta property=\"article:modified_time\" content=\"2023-01-26T13:48:02+00:00\" \/>\n<meta property=\"og:image\" content=\"https:\/\/infoecos.com.ar\/wp-content\/uploads\/2021\/09\/congresonacionalcolorazul.jpg\" \/>\n\t<meta property=\"og:image:width\" content=\"1280\" \/>\n\t<meta property=\"og:image:height\" content=\"853\" \/>\n\t<meta property=\"og:image:type\" content=\"image\/jpeg\" \/>\n<meta name=\"author\" content=\"Jorge Matheus\" \/>\n<meta name=\"twitter:card\" content=\"summary_large_image\" \/>\n<meta name=\"twitter:creator\" content=\"@infoecos\" \/>\n<meta name=\"twitter:site\" content=\"@infoecos\" \/>\n<meta name=\"twitter:label1\" content=\"Escrito por\" \/>\n\t<meta name=\"twitter:data1\" content=\"Jorge Matheus\" \/>\n\t<meta name=\"twitter:label2\" content=\"Tiempo de lectura\" \/>\n\t<meta name=\"twitter:data2\" content=\"2 minutos\" \/>\n<script type=\"application\/ld+json\" class=\"yoast-schema-graph\">{\"@context\":\"https:\/\/schema.org\",\"@graph\":[{\"@type\":\"Article\",\"@id\":\"https:\/\/infoecos.com.ar\/index.php\/la-denominada-ley-lucio-sera-considerada-en-las-sesiones-extraordinarias-del-congreso-nacional\/#article\",\"isPartOf\":{\"@id\":\"https:\/\/infoecos.com.ar\/index.php\/la-denominada-ley-lucio-sera-considerada-en-las-sesiones-extraordinarias-del-congreso-nacional\/\"},\"author\":{\"name\":\"Jorge Matheus\",\"@id\":\"https:\/\/infoecos.com.ar\/#\/schema\/person\/8f5ace5ce73b4b4aac4b7245aee6f191\"},\"headline\":\"La denominada Ley Lucio ser\u00e1 considerada en las sesiones extraordinarias del Congreso Nacional\",\"datePublished\":\"2023-01-26T13:48:01+00:00\",\"dateModified\":\"2023-01-26T13:48:02+00:00\",\"mainEntityOfPage\":{\"@id\":\"https:\/\/infoecos.com.ar\/index.php\/la-denominada-ley-lucio-sera-considerada-en-las-sesiones-extraordinarias-del-congreso-nacional\/\"},\"wordCount\":217,\"publisher\":{\"@id\":\"https:\/\/infoecos.com.ar\/#organization\"},\"image\":{\"@id\":\"https:\/\/infoecos.com.ar\/index.php\/la-denominada-ley-lucio-sera-considerada-en-las-sesiones-extraordinarias-del-congreso-nacional\/#primaryimage\"},\"thumbnailUrl\":\"https:\/\/infoecos.com.ar\/wp-content\/uploads\/2021\/09\/congresonacionalcolorazul.jpg\",\"keywords\":[\"LO COMUNIC\u00d3 EL GOBIERNO\"],\"articleSection\":[\"C3 N1\"],\"inLanguage\":\"es\"},{\"@type\":\"WebPage\",\"@id\":\"https:\/\/infoecos.com.ar\/index.php\/la-denominada-ley-lucio-sera-considerada-en-las-sesiones-extraordinarias-del-congreso-nacional\/\",\"url\":\"https:\/\/infoecos.com.ar\/index.php\/la-denominada-ley-lucio-sera-considerada-en-las-sesiones-extraordinarias-del-congreso-nacional\/\",\"name\":\"La denominada Ley Lucio ser\u00e1 considerada en las sesiones extraordinarias del Congreso Nacional - Infoecos\",\"isPartOf\":{\"@id\":\"https:\/\/infoecos.com.ar\/#website\"},\"primaryImageOfPage\":{\"@id\":\"https:\/\/infoecos.com.ar\/index.php\/la-denominada-ley-lucio-sera-considerada-en-las-sesiones-extraordinarias-del-congreso-nacional\/#primaryimage\"},\"image\":{\"@id\":\"https:\/\/infoecos.com.ar\/index.php\/la-denominada-ley-lucio-sera-considerada-en-las-sesiones-extraordinarias-del-congreso-nacional\/#primaryimage\"},\"thumbnailUrl\":\"https:\/\/infoecos.com.ar\/wp-content\/uploads\/2021\/09\/congresonacionalcolorazul.jpg\",\"datePublished\":\"2023-01-26T13:48:01+00:00\",\"dateModified\":\"2023-01-26T13:48:02+00:00\",\"breadcrumb\":{\"@id\":\"https:\/\/infoecos.com.ar\/index.php\/la-denominada-ley-lucio-sera-considerada-en-las-sesiones-extraordinarias-del-congreso-nacional\/#breadcrumb\"},\"inLanguage\":\"es\",\"potentialAction\":[{\"@type\":\"ReadAction\",\"target\":[\"https:\/\/infoecos.com.ar\/index.php\/la-denominada-ley-lucio-sera-considerada-en-las-sesiones-extraordinarias-del-congreso-nacional\/\"]}]},{\"@type\":\"ImageObject\",\"inLanguage\":\"es\",\"@id\":\"https:\/\/infoecos.com.ar\/index.php\/la-denominada-ley-lucio-sera-considerada-en-las-sesiones-extraordinarias-del-congreso-nacional\/#primaryimage\",\"url\":\"https:\/\/infoecos.com.ar\/wp-content\/uploads\/2021\/09\/congresonacionalcolorazul.jpg\",\"contentUrl\":\"https:\/\/infoecos.com.ar\/wp-content\/uploads\/2021\/09\/congresonacionalcolorazul.jpg\",\"width\":1280,\"height\":853},{\"@type\":\"BreadcrumbList\",\"@id\":\"https:\/\/infoecos.com.ar\/index.php\/la-denominada-ley-lucio-sera-considerada-en-las-sesiones-extraordinarias-del-congreso-nacional\/#breadcrumb\",\"itemListElement\":[{\"@type\":\"ListItem\",\"position\":1,\"name\":\"Portada\",\"item\":\"https:\/\/infoecos.com.ar\/\"},{\"@type\":\"ListItem\",\"position\":2,\"name\":\"La denominada Ley Lucio ser\u00e1 considerada en las sesiones extraordinarias del Congreso Nacional\"}]},{\"@type\":\"WebSite\",\"@id\":\"https:\/\/infoecos.com.ar\/#website\",\"url\":\"https:\/\/infoecos.com.ar\/\",\"name\":\"Infoecos\",\"description\":\"Noticias de trenque lauquen y la zona\",\"publisher\":{\"@id\":\"https:\/\/infoecos.com.ar\/#organization\"},\"alternateName\":\"Noticias\",\"potentialAction\":[{\"@type\":\"SearchAction\",\"target\":{\"@type\":\"EntryPoint\",\"urlTemplate\":\"https:\/\/infoecos.com.ar\/?s={search_term_string}\"},\"query-input\":{\"@type\":\"PropertyValueSpecification\",\"valueRequired\":true,\"valueName\":\"search_term_string\"}}],\"inLanguage\":\"es\"},{\"@type\":\"Organization\",\"@id\":\"https:\/\/infoecos.com.ar\/#organization\",\"name\":\"Infoecos\",\"alternateName\":\"Noticias\",\"url\":\"https:\/\/infoecos.com.ar\/\",\"logo\":{\"@type\":\"ImageObject\",\"inLanguage\":\"es\",\"@id\":\"https:\/\/infoecos.com.ar\/#\/schema\/logo\/image\/\",\"url\":\"https:\/\/infoecos.com.ar\/wp-content\/uploads\/2024\/03\/cropped-logo.png\",\"contentUrl\":\"https:\/\/infoecos.com.ar\/wp-content\/uploads\/2024\/03\/cropped-logo.png\",\"width\":374,\"height\":90,\"caption\":\"Infoecos\"},\"image\":{\"@id\":\"https:\/\/infoecos.com.ar\/#\/schema\/logo\/image\/\"},\"sameAs\":[\"https:\/\/www.facebook.com\/profile.php?id=100063200290284\",\"https:\/\/x.com\/infoecos\"]},{\"@type\":\"Person\",\"@id\":\"https:\/\/infoecos.com.ar\/#\/schema\/person\/8f5ace5ce73b4b4aac4b7245aee6f191\",\"name\":\"Jorge Matheus\",\"url\":\"https:\/\/infoecos.com.ar\/index.php\/author\/jomatheus\/\"}]}<\/script>\n<!-- \/ Yoast SEO plugin. -->","yoast_head_json":{"title":"La denominada Ley Lucio ser\u00e1 considerada en las sesiones extraordinarias del Congreso Nacional - Infoecos","robots":{"index":"index","follow":"follow","max-snippet":"max-snippet:-1","max-image-preview":"max-image-preview:large","max-video-preview":"max-video-preview:-1"},"canonical":"https:\/\/infoecos.com.ar\/index.php\/la-denominada-ley-lucio-sera-considerada-en-las-sesiones-extraordinarias-del-congreso-nacional\/","og_locale":"es_ES","og_type":"article","og_title":"La denominada Ley Lucio ser\u00e1 considerada en las sesiones extraordinarias del Congreso Nacional - Infoecos","og_description":"Fern\u00e1ndez hab\u00eda anticipado que ten\u00eda previsto 'ampliar' el decreto de convocatoria a sesiones extraordinarias para incorporar ese proyecto, que ya fue aprobado por la C\u00e1mara de Diputados y debe ser convertido en ley por el Senado","og_url":"https:\/\/infoecos.com.ar\/index.php\/la-denominada-ley-lucio-sera-considerada-en-las-sesiones-extraordinarias-del-congreso-nacional\/","og_site_name":"Infoecos","article_publisher":"https:\/\/www.facebook.com\/profile.php?id=100063200290284","article_published_time":"2023-01-26T13:48:01+00:00","article_modified_time":"2023-01-26T13:48:02+00:00","og_image":[{"width":1280,"height":853,"url":"https:\/\/infoecos.com.ar\/wp-content\/uploads\/2021\/09\/congresonacionalcolorazul.jpg","type":"image\/jpeg"}],"author":"Jorge Matheus","twitter_card":"summary_large_image","twitter_creator":"@infoecos","twitter_site":"@infoecos","twitter_misc":{"Escrito por":"Jorge Matheus","Tiempo de lectura":"2 minutos"},"schema":{"@context":"https:\/\/schema.org","@graph":[{"@type":"Article","@id":"https:\/\/infoecos.com.ar\/index.php\/la-denominada-ley-lucio-sera-considerada-en-las-sesiones-extraordinarias-del-congreso-nacional\/#article","isPartOf":{"@id":"https:\/\/infoecos.com.ar\/index.php\/la-denominada-ley-lucio-sera-considerada-en-las-sesiones-extraordinarias-del-congreso-nacional\/"},"author":{"name":"Jorge Matheus","@id":"https:\/\/infoecos.com.ar\/#\/schema\/person\/8f5ace5ce73b4b4aac4b7245aee6f191"},"headline":"La denominada Ley Lucio ser\u00e1 considerada en las sesiones extraordinarias del Congreso Nacional","datePublished":"2023-01-26T13:48:01+00:00","dateModified":"2023-01-26T13:48:02+00:00","mainEntityOfPage":{"@id":"https:\/\/infoecos.com.ar\/index.php\/la-denominada-ley-lucio-sera-considerada-en-las-sesiones-extraordinarias-del-congreso-nacional\/"},"wordCount":217,"publisher":{"@id":"https:\/\/infoecos.com.ar\/#organization"},"image":{"@id":"https:\/\/infoecos.com.ar\/index.php\/la-denominada-ley-lucio-sera-considerada-en-las-sesiones-extraordinarias-del-congreso-nacional\/#primaryimage"},"thumbnailUrl":"https:\/\/infoecos.com.ar\/wp-content\/uploads\/2021\/09\/congresonacionalcolorazul.jpg","keywords":["LO COMUNIC\u00d3 EL GOBIERNO"],"articleSection":["C3 N1"],"inLanguage":"es"},{"@type":"WebPage","@id":"https:\/\/infoecos.com.ar\/index.php\/la-denominada-ley-lucio-sera-considerada-en-las-sesiones-extraordinarias-del-congreso-nacional\/","url":"https:\/\/infoecos.com.ar\/index.php\/la-denominada-ley-lucio-sera-considerada-en-las-sesiones-extraordinarias-del-congreso-nacional\/","name":"La denominada Ley Lucio ser\u00e1 considerada en las sesiones extraordinarias del Congreso Nacional - Infoecos","isPartOf":{"@id":"https:\/\/infoecos.com.ar\/#website"},"primaryImageOfPage":{"@id":"https:\/\/infoecos.com.ar\/index.php\/la-denominada-ley-lucio-sera-considerada-en-las-sesiones-extraordinarias-del-congreso-nacional\/#primaryimage"},"image":{"@id":"https:\/\/infoecos.com.ar\/index.php\/la-denominada-ley-lucio-sera-considerada-en-las-sesiones-extraordinarias-del-congreso-nacional\/#primaryimage"},"thumbnailUrl":"https:\/\/infoecos.com.ar\/wp-content\/uploads\/2021\/09\/congresonacionalcolorazul.jpg","datePublished":"2023-01-26T13:48:01+00:00","dateModified":"2023-01-26T13:48:02+00:00","breadcrumb":{"@id":"https:\/\/infoecos.com.ar\/index.php\/la-denominada-ley-lucio-sera-considerada-en-las-sesiones-extraordinarias-del-congreso-nacional\/#breadcrumb"},"inLanguage":"es","potentialAction":[{"@type":"ReadAction","target":["https:\/\/infoecos.com.ar\/index.php\/la-denominada-ley-lucio-sera-considerada-en-las-sesiones-extraordinarias-del-congreso-nacional\/"]}]},{"@type":"ImageObject","inLanguage":"es","@id":"https:\/\/infoecos.com.ar\/index.php\/la-denominada-ley-lucio-sera-considerada-en-las-sesiones-extraordinarias-del-congreso-nacional\/#primaryimage","url":"https:\/\/infoecos.com.ar\/wp-content\/uploads\/2021\/09\/congresonacionalcolorazul.jpg","contentUrl":"https:\/\/infoecos.com.ar\/wp-content\/uploads\/2021\/09\/congresonacionalcolorazul.jpg","width":1280,"height":853},{"@type":"BreadcrumbList","@id":"https:\/\/infoecos.com.ar\/index.php\/la-denominada-ley-lucio-sera-considerada-en-las-sesiones-extraordinarias-del-congreso-nacional\/#breadcrumb","itemListElement":[{"@type":"ListItem","position":1,"name":"Portada","item":"https:\/\/infoecos.com.ar\/"},{"@type":"ListItem","position":2,"name":"La denominada Ley Lucio ser\u00e1 considerada en las sesiones extraordinarias del Congreso Nacional"}]},{"@type":"WebSite","@id":"https:\/\/infoecos.com.ar\/#website","url":"https:\/\/infoecos.com.ar\/","name":"Infoecos","description":"Noticias de trenque lauquen y la zona","publisher":{"@id":"https:\/\/infoecos.com.ar\/#organization"},"alternateName":"Noticias","potentialAction":[{"@type":"SearchAction","target":{"@type":"EntryPoint","urlTemplate":"https:\/\/infoecos.com.ar\/?s={search_term_string}"},"query-input":{"@type":"PropertyValueSpecification","valueRequired":true,"valueName":"search_term_string"}}],"inLanguage":"es"},{"@type":"Organization","@id":"https:\/\/infoecos.com.ar\/#organization","name":"Infoecos","alternateName":"Noticias","url":"https:\/\/infoecos.com.ar\/","logo":{"@type":"ImageObject","inLanguage":"es","@id":"https:\/\/infoecos.com.ar\/#\/schema\/logo\/image\/","url":"https:\/\/infoecos.com.ar\/wp-content\/uploads\/2024\/03\/cropped-logo.png","contentUrl":"https:\/\/infoecos.com.ar\/wp-content\/uploads\/2024\/03\/cropped-logo.png","width":374,"height":90,"caption":"Infoecos"},"image":{"@id":"https:\/\/infoecos.com.ar\/#\/schema\/logo\/image\/"},"sameAs":["https:\/\/www.facebook.com\/profile.php?id=100063200290284","https:\/\/x.com\/infoecos"]},{"@type":"Person","@id":"https:\/\/infoecos.com.ar\/#\/schema\/person\/8f5ace5ce73b4b4aac4b7245aee6f191","name":"Jorge Matheus","url":"https:\/\/infoecos.com.ar\/index.php\/author\/jomatheus\/"}]}},"featured_image_urls":{"full":["https:\/\/infoecos.com.ar\/wp-content\/uploads\/2021\/09\/congresonacionalcolorazul.jpg",1280,853,false],"thumbnail":["https:\/\/infoecos.com.ar\/wp-content\/uploads\/2021\/09\/congresonacionalcolorazul-150x150.jpg",150,150,true],"medium":["https:\/\/infoecos.com.ar\/wp-content\/uploads\/2021\/09\/congresonacionalcolorazul-460x307.jpg",460,307,true],"medium_large":["https:\/\/infoecos.com.ar\/wp-content\/uploads\/2021\/09\/congresonacionalcolorazul-768x512.jpg",640,427,true],"large":["https:\/\/infoecos.com.ar\/wp-content\/uploads\/2021\/09\/congresonacionalcolorazul-920x613.jpg",640,426,true],"1536x1536":["https:\/\/infoecos.com.ar\/wp-content\/uploads\/2021\/09\/congresonacionalcolorazul.jpg",1280,853,false],"2048x2048":["https:\/\/infoecos.com.ar\/wp-content\/uploads\/2021\/09\/congresonacionalcolorazul.jpg",1280,853,false],"covernews-slider-full":["https:\/\/infoecos.com.ar\/wp-content\/uploads\/2021\/09\/congresonacionalcolorazul.jpg",1073,715,false],"covernews-slider-center":["https:\/\/infoecos.com.ar\/wp-content\/uploads\/2021\/09\/congresonacionalcolorazul-936x853.jpg",549,500,true],"covernews-featured":["https:\/\/infoecos.com.ar\/wp-content\/uploads\/2021\/09\/congresonacionalcolorazul-1024x682.jpg",1024,682,true],"covernews-medium":["https:\/\/infoecos.com.ar\/wp-content\/uploads\/2021\/09\/congresonacionalcolorazul-720x380.jpg",540,285,true],"covernews-medium-square":["https:\/\/infoecos.com.ar\/wp-content\/uploads\/2021\/09\/congresonacionalcolorazul-675x450.jpg",375,250,true]},"author_info":{"info":["Jorge Matheus"]},"category_info":"<a href=\"https:\/\/infoecos.com.ar\/index.php\/category\/c3nota1\/\" rel=\"category tag\">C3 N1<\/a>","tag_info":"C3 N1","comment_count":"0","_links":{"self":[{"href":"https:\/\/infoecos.com.ar\/index.php\/wp-json\/wp\/v2\/posts\/101078"}],"collection":[{"href":"https:\/\/infoecos.com.ar\/index.php\/wp-json\/wp\/v2\/posts"}],"about":[{"href":"https:\/\/infoecos.com.ar\/index.php\/wp-json\/wp\/v2\/types\/post"}],"author":[{"embeddable":true,"href":"https:\/\/infoecos.com.ar\/index.php\/wp-json\/wp\/v2\/users\/2"}],"replies":[{"embeddable":true,"href":"https:\/\/infoecos.com.ar\/index.php\/wp-json\/wp\/v2\/comments?post=101078"}],"version-history":[{"count":1,"href":"https:\/\/infoecos.com.ar\/index.php\/wp-json\/wp\/v2\/posts\/101078\/revisions"}],"predecessor-version":[{"id":101079,"href":"https:\/\/infoecos.com.ar\/index.php\/wp-json\/wp\/v2\/posts\/101078\/revisions\/101079"}],"wp:featuredmedia":[{"embeddable":true,"href":"https:\/\/infoecos.com.ar\/index.php\/wp-json\/wp\/v2\/media\/86427"}],"wp:attachment":[{"href":"https:\/\/infoecos.com.ar\/index.php\/wp-json\/wp\/v2\/media?parent=101078"}],"wp:term":[{"taxonomy":"category","embeddable":true,"href":"https:\/\/infoecos.com.ar\/index.php\/wp-json\/wp\/v2\/categories?post=101078"},{"taxonomy":"post_tag","embeddable":true,"href":"https:\/\/infoecos.com.ar\/index.php\/wp-json\/wp\/v2\/tags?post=101078"}],"curies":[{"name":"wp","href":"https:\/\/api.w.org\/{rel}","templated":true}]}}