{"id":101092,"date":"2023-01-26T20:27:34","date_gmt":"2023-01-26T23:27:34","guid":{"rendered":"https:\/\/infoecos.com.ar\/?p=101092"},"modified":"2023-01-31T03:17:37","modified_gmt":"2023-01-31T06:17:37","slug":"muy-interesante-atardecer-en-lo-de-zoppiconi-el-proximo-11-de-febrero","status":"publish","type":"post","link":"https:\/\/infoecos.com.ar\/index.php\/muy-interesante-atardecer-en-lo-de-zoppiconi-el-proximo-11-de-febrero\/","title":{"rendered":"Muy interesante: \u00abAtardecer en lo de Zoppiconi\u00bb el pr\u00f3ximo 11 de Febrero"},"content":{"rendered":"\n<p class=\"wp-block-paragraph\">Se realizar\u00e1 otra interesante actividad para revalorizar la historia y la tradici\u00f3n. En este caso ser\u00e1 en Beruti y denominar\u00e1 <strong>\u201cAtardecer en lo de Zoppiconi\u201d<\/strong>. La propuesta del programa es de <strong>Crecer Turismo Rural<\/strong> y se llevar\u00e1 cabo el s\u00e1bado 11 de febrero. <\/p>\n\n\n\n<figure class=\"wp-block-image aligncenter size-full is-resized\"><img loading=\"lazy\" decoding=\"async\" src=\"https:\/\/infoecos.com.ar\/wp-content\/uploads\/2023\/01\/Atardecer-en-lo-de-Zoppiconi-2.jpeg\" alt=\"\" class=\"wp-image-101094\" width=\"626\" height=\"626\" srcset=\"https:\/\/infoecos.com.ar\/wp-content\/uploads\/2023\/01\/Atardecer-en-lo-de-Zoppiconi-2.jpeg 1080w, https:\/\/infoecos.com.ar\/wp-content\/uploads\/2023\/01\/Atardecer-en-lo-de-Zoppiconi-2-800x800.jpeg 800w, https:\/\/infoecos.com.ar\/wp-content\/uploads\/2023\/01\/Atardecer-en-lo-de-Zoppiconi-2-768x768.jpeg 768w, https:\/\/infoecos.com.ar\/wp-content\/uploads\/2023\/01\/Atardecer-en-lo-de-Zoppiconi-2-1024x1024.jpeg 1024w\" sizes=\"auto, (max-width: 626px) 100vw, 626px\" \/><\/figure>\n\n\n\n<p class=\"wp-block-paragraph\">Las actividades comenzar\u00e1n a las 19 frente el Almac\u00e9n Zoppiconi, donde se impondr\u00e1 el nombre de \u201cDo\u00f1a Paulina Pagliuro de Sardi\u201d a la plaza y se escuchar\u00e1n palabras de la profesora Patricia Buffarini. Tambi\u00e9n se realizar\u00e1 el descubrimiento de una placa en homenaje a la familia Sardi y la plantaci\u00f3n de cinco olivos que representan la quinta generaci\u00f3n de esta familia berutense. Carolina T\u00e1rtara ser\u00e1 la maestra de ceremonia del encuentro.<\/p>\n\n\n\n<p class=\"wp-block-paragraph\">A las 19.30 est\u00e1 prevista una visita guiada al almac\u00e9n Zoppiconi: Explicaci\u00f3n de Daniel Zoppiconi de la historia del almac\u00e9n, tercera generaci\u00f3n. An\u00e9cdotas e historias.<\/p>\n\n\n\n<p class=\"wp-block-paragraph\">Para cerrar la jornada, a las 20.15 se realizar\u00e1 una visita al Centro H\u00edpico Los Amigos, donde se escuchar\u00e1n palabras de bienvenida y explicaci\u00f3n de este ambicioso proyecto. Espect\u00e1culos musicales. Pe\u00f1a y servicio de cantina a beneficio del centro tradicionalista.<\/p>\n","protected":false},"excerpt":{"rendered":"<p>Las actividades comenzar\u00e1n a las 19 frente el Almac\u00e9n Zoppiconi, donde se impondr\u00e1 el nombre de \u201cDo\u00f1a Paulina Pagliuro de Sardi\u201d a la plaza y se escuchar\u00e1n palabras de la profesora Patricia Buffarini. Tambi\u00e9n se realizar\u00e1 el descubrimiento de una placa en homenaje a la familia Sardi y la plantaci\u00f3n de cinco olivos que representan la quinta generaci\u00f3n de esta familia berutense<\/p>\n","protected":false},"author":2,"featured_media":101093,"comment_status":"closed","ping_status":"open","sticky":false,"template":"","format":"standard","meta":{"footnotes":""},"categories":[1331],"tags":[704],"class_list":["post-101092","post","type-post","status-publish","format-standard","has-post-thumbnail","hentry","category-inferior11","tag-beruti"],"featured_image_urls":{"full":["https:\/\/infoecos.com.ar\/wp-content\/uploads\/2023\/01\/Atardecer-en-lo-de-Zoppiconi-1.jpeg",1080,1080,false],"thumbnail":["https:\/\/infoecos.com.ar\/wp-content\/uploads\/2023\/01\/Atardecer-en-lo-de-Zoppiconi-1-300x150.jpeg",300,150,true],"medium":["https:\/\/infoecos.com.ar\/wp-content\/uploads\/2023\/01\/Atardecer-en-lo-de-Zoppiconi-1-800x800.jpeg",800,800,true],"medium_large":["https:\/\/infoecos.com.ar\/wp-content\/uploads\/2023\/01\/Atardecer-en-lo-de-Zoppiconi-1-768x768.jpeg",640,640,true],"large":["https:\/\/infoecos.com.ar\/wp-content\/uploads\/2023\/01\/Atardecer-en-lo-de-Zoppiconi-1.jpeg",640,640,false],"1536x1536":["https:\/\/infoecos.com.ar\/wp-content\/uploads\/2023\/01\/Atardecer-en-lo-de-Zoppiconi-1.jpeg",1080,1080,false],"2048x2048":["https:\/\/infoecos.com.ar\/wp-content\/uploads\/2023\/01\/Atardecer-en-lo-de-Zoppiconi-1.jpeg",1080,1080,false],"covernews-slider-full":["https:\/\/infoecos.com.ar\/wp-content\/uploads\/2023\/01\/Atardecer-en-lo-de-Zoppiconi-1-1080x1020.jpeg",757,715,true],"covernews-slider-center":["https:\/\/infoecos.com.ar\/wp-content\/uploads\/2023\/01\/Atardecer-en-lo-de-Zoppiconi-1-936x897.jpeg",522,500,true],"covernews-featured":["https:\/\/infoecos.com.ar\/wp-content\/uploads\/2023\/01\/Atardecer-en-lo-de-Zoppiconi-1-1024x1024.jpeg",1024,1024,true],"covernews-medium":["https:\/\/infoecos.com.ar\/wp-content\/uploads\/2023\/01\/Atardecer-en-lo-de-Zoppiconi-1-720x380.jpeg",540,285,true],"covernews-medium-square":["https:\/\/infoecos.com.ar\/wp-content\/uploads\/2023\/01\/Atardecer-en-lo-de-Zoppiconi-1-675x450.jpeg",375,250,true]},"author_info":{"info":["Jorge Matheus"]},"category_info":"<a href=\"https:\/\/infoecos.com.ar\/index.php\/category\/inferior11\/\" rel=\"category tag\">Bloque inferior - 11<\/a>","tag_info":"Bloque inferior - 11","comment_count":"0","_links":{"self":[{"href":"https:\/\/infoecos.com.ar\/index.php\/wp-json\/wp\/v2\/posts\/101092","targetHints":{"allow":["GET"]}}],"collection":[{"href":"https:\/\/infoecos.com.ar\/index.php\/wp-json\/wp\/v2\/posts"}],"about":[{"href":"https:\/\/infoecos.com.ar\/index.php\/wp-json\/wp\/v2\/types\/post"}],"author":[{"embeddable":true,"href":"https:\/\/infoecos.com.ar\/index.php\/wp-json\/wp\/v2\/users\/2"}],"replies":[{"embeddable":true,"href":"https:\/\/infoecos.com.ar\/index.php\/wp-json\/wp\/v2\/comments?post=101092"}],"version-history":[{"count":1,"href":"https:\/\/infoecos.com.ar\/index.php\/wp-json\/wp\/v2\/posts\/101092\/revisions"}],"predecessor-version":[{"id":101095,"href":"https:\/\/infoecos.com.ar\/index.php\/wp-json\/wp\/v2\/posts\/101092\/revisions\/101095"}],"wp:featuredmedia":[{"embeddable":true,"href":"https:\/\/infoecos.com.ar\/index.php\/wp-json\/wp\/v2\/media\/101093"}],"wp:attachment":[{"href":"https:\/\/infoecos.com.ar\/index.php\/wp-json\/wp\/v2\/media?parent=101092"}],"wp:term":[{"taxonomy":"category","embeddable":true,"href":"https:\/\/infoecos.com.ar\/index.php\/wp-json\/wp\/v2\/categories?post=101092"},{"taxonomy":"post_tag","embeddable":true,"href":"https:\/\/infoecos.com.ar\/index.php\/wp-json\/wp\/v2\/tags?post=101092"}],"curies":[{"name":"wp","href":"https:\/\/api.w.org\/{rel}","templated":true}]}}