{"id":101127,"date":"2023-01-27T15:11:17","date_gmt":"2023-01-27T18:11:17","guid":{"rendered":"https:\/\/infoecos.com.ar\/?p=101127"},"modified":"2023-01-27T15:11:17","modified_gmt":"2023-01-27T18:11:17","slug":"sospecha-de-brote-de-origen-alimentario-en-el-municipio-de-berazategui-ingesta-de-achuras","status":"publish","type":"post","link":"https:\/\/infoecos.com.ar\/index.php\/sospecha-de-brote-de-origen-alimentario-en-el-municipio-de-berazategui-ingesta-de-achuras\/","title":{"rendered":"Sospecha de brote de origen alimentario en el municipio de Berazategui: ingesta de achuras"},"content":{"rendered":"\n<p><br>Entre las primeras tres semanas del mes de enero de 2023 fueron notificados cuatro<br>casos de adultos internados por diarrea aguda, tres de ellos en el Hospital Evita<br>Pueblo y uno en una cl\u00ednica privada, ambos establecimientos del municipio de<br>Berazategui. <\/p>\n\n\n\n<figure class=\"wp-block-image size-full\"><img loading=\"lazy\" decoding=\"async\" width=\"992\" height=\"744\" src=\"https:\/\/infoecos.com.ar\/wp-content\/uploads\/2023\/01\/image-181.png\" alt=\"\" class=\"wp-image-101128\" srcset=\"https:\/\/infoecos.com.ar\/wp-content\/uploads\/2023\/01\/image-181.png 992w, https:\/\/infoecos.com.ar\/wp-content\/uploads\/2023\/01\/image-181-800x600.png 800w, https:\/\/infoecos.com.ar\/wp-content\/uploads\/2023\/01\/image-181-768x576.png 768w\" sizes=\"(max-width: 992px) 100vw, 992px\" \/><\/figure>\n\n\n\n<p>Los casos presentaban antecedentes de ingesta reciente de carne y<br>derivados. Frente a la situaci\u00f3n descrita el Ministerio de Salud de la Provincia de Buenos<br>Aires, conjuntamente con el Municipio de Berazategui, emite la siguiente comunicaci\u00f3n<br>con el objetivo de sensibilizar la vigilancia epidemiol\u00f3gica de casos y enfatizar el manejo<br>seguro de alimentos para la poblaci\u00f3n. Se aguardan resultados de diagn\u00f3stico etiol\u00f3gico<br>que permitan definir el o los agentes involucrados.<\/p>\n\n\n\n<p><strong>Caracterizaci\u00f3n de los casos identificados<\/strong><\/p>\n\n\n\n<p>1- Hombre de 48 a\u00f1os, sin comorbilidades, que comienza con diarrea y v\u00f3mitos el 8 de<br>enero, consulta el 9 de enero con manejo ambulatorio, y el 11 ingresa a cuidados<br>intensivos con asistencia respiratoria mec\u00e1nica. El 12 de enero fallece. Se confirm\u00f3<br>Salmonella typhimurium en el Laboratorio Nacional de Referencia. El d\u00eda 7 de enero<br>refiri\u00f3 haber consumido achuras y carne con sabor desagradable. Se realiz\u00f3 clausura y<br>decomiso de alimentos en la carnicer\u00eda identificada.<\/p>\n\n\n\n<p>2- Hombre de 36 a\u00f1os de edad, que inici\u00f3 con tos, cefalea y fiebre el 13 de enero a lo que<br>se agrega diarrea el 14 de enero. Consulta el 16 de enero requiriendo internaci\u00f3n por<br>cuadro de diarrea, v\u00f3mitos, fiebre, shock s\u00e9ptico y fallo multiorg\u00e1nico. Falleci\u00f3 el 17 de<br>enero. Se a\u00edsla en el coprocultivo Shigella sp y Salmonella sp. Leptospirosis y Hantavirus<br>negativo. El d\u00eda 12 de enero hab\u00eda consumido alb\u00f3ndigas recalentadas y trabajaba en un<br>frigor\u00edfico. Se realiz\u00f3 inspecci\u00f3n y decomiso de alimentos en la carnicer\u00eda identificada.<\/p>\n\n\n\n<p>3- Hombre de 40 a\u00f1os de edad, que inici\u00f3 s\u00edntomas el 14 de enero, y al d\u00eda siguiente<br>consulta por fiebre y cuadro compatible con erisipela a lo que se agrega diarrea.<br>Permanece internado estable, con buena evoluci\u00f3n. Resultado de muestras biol\u00f3gicas:<br>Salmonella sp. Trabaja como repartidor de achuras y cerdo; consumi\u00f3 carne el 13 de la<br>misma carnicer\u00eda que el caso 1.<\/p>\n\n\n\n<p>4- Hombre de 47 a\u00f1os que inici\u00f3 s\u00edntomas de diarrea, v\u00f3mitos y fiebre el d\u00eda 17 de enero,<br>consulta y es internado el 20. Evoluciona desfavorablemente con falla multiorg\u00e1nica. Se<br>encuentra en Unidad de cuidados intensivos, con asistencia respiratoria mec\u00e1nica.<br>Coprocultivo negativo. Hemocultivo en proceso. Leptospirosis y Hantavirus negativo. <\/p>\n\n\n\n<p>El16 refiere haber consumido embutidos y churrascos, comprados en carnicer\u00eda del<br>municipio. Se recolectaron muestras de alimentos en el domicilio.<\/p>\n\n\n\n<p>Para la identificaci\u00f3n del agente etiol\u00f3gico las muestras de los pacientes fueron<br>derivadas al Laboratorio Nacional de Referencia &#8211; ANLIS Malbr\u00e1n y las muestras de<br>alimento se encuentran en el Instituto Nacional de Alimentos. Se aguardan resultados.<br><\/p>\n\n\n\n<p>A partir de la notificaci\u00f3n de estos casos, desde la Direcci\u00f3n de Vigilancia Epidemiol\u00f3gica<br>y Control de Brotes de la provincia se realiza una b\u00fasqueda retrospectiva de casos de<br>diarrea aguda o con cl\u00ednica compatible con intoxicaci\u00f3n alimentaria, con domicilio en<br>Berazategui y municipios colindantes, notificados en el SNVS-SISA y en establecimientos<br>cabecera. Desde el 1 de enero de 2023 a la fecha no se registraron otros casos<br>compatibles ni incremento inusual de casos de diarrea aguda.<\/p>\n\n\n\n<p><strong>Vigilancia epidemiol\u00f3gica<\/strong><\/p>\n\n\n\n<p>Definici\u00f3n de caso: paciente de cualquier edad con antecedente de diarrea, v\u00f3mitos o<br>sintomatolog\u00eda compatible con intoxicaci\u00f3n alimentaria que requiera internaci\u00f3n<br>correspondiente al municipio de Berazategui o municipios colindantes.<\/p>\n\n\n\n<figure class=\"wp-block-image size-full\"><img loading=\"lazy\" decoding=\"async\" width=\"992\" height=\"558\" src=\"https:\/\/infoecos.com.ar\/wp-content\/uploads\/2023\/01\/image-182.png\" alt=\"\" class=\"wp-image-101129\" srcset=\"https:\/\/infoecos.com.ar\/wp-content\/uploads\/2023\/01\/image-182.png 992w, https:\/\/infoecos.com.ar\/wp-content\/uploads\/2023\/01\/image-182-800x450.png 800w, https:\/\/infoecos.com.ar\/wp-content\/uploads\/2023\/01\/image-182-768x432.png 768w\" sizes=\"(max-width: 992px) 100vw, 992px\" \/><\/figure>\n\n\n\n<p><strong>Notificaci\u00f3n:<\/strong><\/p>\n\n\n\n<p>Los casos vinculados a una sospecha de brote constituyen eventos de notificaci\u00f3n<br>obligatoria al Sistema Nacional de Vigilancia de la Salud (SNVS) en el marco de la ley<br>15.465 y la resoluci\u00f3n 2827\/2022.<\/p>\n\n\n\n<p>Grupo de eventos: Brotes de cualquier etiolog\u00eda \/ Diarreas y pat\u00f3genos de<br>transmisi\u00f3n alimentaria<\/p>\n\n\n\n<p>Evento: Sospecha de brote de Enfermedad transmitida por alimentos, agua o<br>ruta fecal-oral<\/p>\n\n\n\n<p>Estrategias de vigilancia: Cl\u00ednica, Laboratorio e Investigaci\u00f3n epidemiol\u00f3gica<\/p>\n\n\n\n<p>Modalidad de notificaci\u00f3n: Individual (Nominal).<\/p>\n\n\n\n<p>Periodicidad de notificaci\u00f3n: Inmediata ante la sospecha de caso.<\/p>\n\n\n\n<p>Asimismo, las muestras de alimentos asociadas a brotes o casos deber\u00e1n ser notificadas<br>en la secci\u00f3n de laboratorio del caso al que est\u00e9 asociado junto con sus resultados.<\/p>\n\n\n\n<p>Tipo de muestra: Alimentos<\/p>\n\n\n\n<p>Muestra: Alimento sospechoso<\/p>\n\n\n\n<p>La definici\u00f3n de caso y el \u00e1rea bajo estudio podr\u00e1 ser actualizada conforme el avance de<br>la investigaci\u00f3n en curso, los hallazgos de laboratorio y de la situaci\u00f3n epidemiol\u00f3gica.<br><\/p>\n\n\n\n<p><strong>Recomendaciones a la poblaci\u00f3n<\/strong><\/p>\n\n\n\n<p><br>\u25cf Utilizar agua segura. Si no es agua de red: agregar dos gotas de lavandina por<br>litro de agua o hervirla de 2 a 3 minutos, o utilizar pastillas potabilizadoras.<br>\u25cf Practicar costumbres de higiene como lavado de manos con agua y jab\u00f3n<br>despu\u00e9s de ir al ba\u00f1o, despu\u00e9s de cambiar los pa\u00f1ales y, las madres, antes de dar<br>de mamar. Tambi\u00e9n antes y despu\u00e9s de preparar alimentos (en especial despu\u00e9s<br>de tocar carne cruda) y consumirlos.<br>\u25cf Mantener la higiene en la preparaci\u00f3n de alimentos.<br>\u25cf Utilizar alimentos frescos, limpios, bien cocinados y recientemente preparados.<br>\u25cf Lavado de vegetales: Lavar y desinfectar cuidadosamente con agua segura<br>frutas y verduras sobre todo si se consumen crudas y en lo posible, pelarlas.<br>\u25cf Cocinar bien los alimentos: los huevos hasta que tengan consistencia dura. Si los<br>huevos tienen olor o sabor extra\u00f1o, no consumirlos.<br>\u25cf Las carnes deben estar bien cocidas por dentro y por fuera, hasta que pierdan<br>totalmente el color rosado, teniendo especial cuidado con la carne picada,<br>hamburguesas, alb\u00f3ndigas, empanadas, pastel de carne, achuras, etc. Cocci\u00f3n<br>correcta: Cocinar completamente hasta que no queden partes rosadas en su<br>interior y sus jugos sean claros (m\u00ednimo 71\u00b0C en el centro de la pieza).<br>\u25cf Si la carne tiene mal olor al momento de prepararla, o perdi\u00f3 la cadena de fr\u00edo, no<br>consumirla. Las carnes no deben descongelarse m\u00e1s de una vez en caso de haber<br>sido frizadas.<br>\u25cf No usar el mismo cuchillo, tabla o mesada donde se apoy\u00f3 carne cruda para<br>cortar otros alimentos, sin antes lavarlos con agua y detergente.<br>\u25cf Evitar la contaminaci\u00f3n cruzada: En las \u00e1reas de preparaci\u00f3n de alimentos limpiar<br>y desinfectar las superficies, las tablas de cortar y los utensilios despu\u00e9s de que<br>hayan tomado contacto con carne cruda y\/o sus jugos.<br>\u25cf Separar las carnes crudas y\/o sus jugos de los alimentos listos para consumir<br>principalmente durante la compra, el almacenamiento y la preparaci\u00f3n de los<br>mismos.<br>\u25cf Consumir leche, derivados l\u00e1cteos y jugos que est\u00e9n pasteurizados.<br>\u25cf Conservar alimentos frescos y cocidos en la heladera.<br>\u25cf Evitar la ingesta de medicamentos sin indicaci\u00f3n m\u00e9dica e infusiones caseras.<br><\/p>\n\n\n\n<p><strong>Al personal de salud:<\/strong><\/p>\n\n\n\n<ul class=\"wp-block-list\">\n<li>Notificar los casos sospechosos en forma nominal e inmediata en el SNVS-SISA<br>con la mayor informaci\u00f3n disponible para contribuir a las acciones de<br>bromatolog\u00eda que permitan realizar la toma de muestras de veh\u00edculos<br>sospechosos (alimentos y\/o agua).<\/li>\n\n\n\n<li>Realizar la entrevista epidemiol\u00f3gica en profundidad tratando de identificar la<br>fuente probable de contagio y el veh\u00edculo de transmisi\u00f3n: agua consumida,<br>alimentos consumidos, lugar de compra de alimentos, lugar de consumo de los alimentos. El per\u00edodo a tener en cuenta son los 10 d\u00edas previos a la aparici\u00f3n de los primeros s\u00edntomas.<\/li>\n\n\n\n<li>Tomar muestra de materia fecal para coprocultivo antes de administrar<\/li>\n<\/ul>\n\n\n\n<p><strong>A los referentes municipales<\/strong><br><\/p>\n\n\n\n<p>Control de contactos de los casos: Identificaci\u00f3n de contactos, sintom\u00e1ticos (diarreas,<br>v\u00f3mitos) y asintom\u00e1ticos, y seguimiento de ambulatorios.<br>Fortalecer el control por parte de las Direcciones de bromatolog\u00eda locales, de las<br>habilitaciones de carnicer\u00edas y establecimientos de venta de alimentos. Control del<br>cumplimiento de medidas de higiene y reglamentaci\u00f3n correspondiente, que garantice<br>calidad e inocuidad<\/p>\n","protected":false},"excerpt":{"rendered":"<p>Frente a la situaci\u00f3n descrita el Ministerio de Salud de la Provincia de Buenos<br \/>\nAires, conjuntamente con el Municipio de Berazategui, emite la siguiente comunicaci\u00f3n<br \/>\ncon el objetivo de sensibilizar la vigilancia epidemiol\u00f3gica de casos y enfatizar el manejo<br \/>\nseguro de alimentos para la poblaci\u00f3n<\/p>\n","protected":false},"author":2,"featured_media":101128,"comment_status":"closed","ping_status":"open","sticky":false,"template":"","format":"standard","meta":{"footnotes":""},"categories":[1613],"tags":[7203],"class_list":["post-101127","post","type-post","status-publish","format-standard","has-post-thumbnail","hentry","category-noticia-secundaria","tag-salud-sociedad"],"yoast_head":"<!-- This site is optimized with the Yoast SEO plugin v23.4 - https:\/\/yoast.com\/wordpress\/plugins\/seo\/ -->\n<title>Sospecha de brote de origen alimentario en el municipio de Berazategui: ingesta de achuras - Infoecos<\/title>\n<meta name=\"robots\" content=\"index, follow, max-snippet:-1, max-image-preview:large, max-video-preview:-1\" \/>\n<link rel=\"canonical\" href=\"https:\/\/infoecos.com.ar\/index.php\/sospecha-de-brote-de-origen-alimentario-en-el-municipio-de-berazategui-ingesta-de-achuras\/\" \/>\n<meta property=\"og:locale\" content=\"es_ES\" \/>\n<meta property=\"og:type\" content=\"article\" \/>\n<meta property=\"og:title\" content=\"Sospecha de brote de origen alimentario en el municipio de Berazategui: ingesta de achuras - Infoecos\" \/>\n<meta property=\"og:description\" content=\"Frente a la situaci\u00f3n descrita el Ministerio de Salud de la Provincia de Buenos Aires, conjuntamente con el Municipio de Berazategui, emite la siguiente comunicaci\u00f3n con el objetivo de sensibilizar la vigilancia epidemiol\u00f3gica de casos y enfatizar el manejo seguro de alimentos para la poblaci\u00f3n\" \/>\n<meta property=\"og:url\" content=\"https:\/\/infoecos.com.ar\/index.php\/sospecha-de-brote-de-origen-alimentario-en-el-municipio-de-berazategui-ingesta-de-achuras\/\" \/>\n<meta property=\"og:site_name\" content=\"Infoecos\" \/>\n<meta property=\"article:publisher\" content=\"https:\/\/www.facebook.com\/profile.php?id=100063200290284\" \/>\n<meta property=\"article:published_time\" content=\"2023-01-27T18:11:17+00:00\" \/>\n<meta property=\"og:image\" content=\"https:\/\/infoecos.com.ar\/wp-content\/uploads\/2023\/01\/image-181.png\" \/>\n\t<meta property=\"og:image:width\" content=\"992\" \/>\n\t<meta property=\"og:image:height\" content=\"744\" \/>\n\t<meta property=\"og:image:type\" content=\"image\/png\" \/>\n<meta name=\"author\" content=\"Jorge Matheus\" \/>\n<meta name=\"twitter:card\" content=\"summary_large_image\" \/>\n<meta name=\"twitter:creator\" content=\"@infoecos\" \/>\n<meta name=\"twitter:site\" content=\"@infoecos\" \/>\n<meta name=\"twitter:label1\" content=\"Escrito por\" \/>\n\t<meta name=\"twitter:data1\" content=\"Jorge Matheus\" \/>\n\t<meta name=\"twitter:label2\" content=\"Tiempo de lectura\" \/>\n\t<meta name=\"twitter:data2\" content=\"7 minutos\" \/>\n<script type=\"application\/ld+json\" class=\"yoast-schema-graph\">{\"@context\":\"https:\/\/schema.org\",\"@graph\":[{\"@type\":\"Article\",\"@id\":\"https:\/\/infoecos.com.ar\/index.php\/sospecha-de-brote-de-origen-alimentario-en-el-municipio-de-berazategui-ingesta-de-achuras\/#article\",\"isPartOf\":{\"@id\":\"https:\/\/infoecos.com.ar\/index.php\/sospecha-de-brote-de-origen-alimentario-en-el-municipio-de-berazategui-ingesta-de-achuras\/\"},\"author\":{\"name\":\"Jorge Matheus\",\"@id\":\"https:\/\/infoecos.com.ar\/#\/schema\/person\/8f5ace5ce73b4b4aac4b7245aee6f191\"},\"headline\":\"Sospecha de brote de origen alimentario en el municipio de Berazategui: ingesta de achuras\",\"datePublished\":\"2023-01-27T18:11:17+00:00\",\"dateModified\":\"2023-01-27T18:11:17+00:00\",\"mainEntityOfPage\":{\"@id\":\"https:\/\/infoecos.com.ar\/index.php\/sospecha-de-brote-de-origen-alimentario-en-el-municipio-de-berazategui-ingesta-de-achuras\/\"},\"wordCount\":1255,\"publisher\":{\"@id\":\"https:\/\/infoecos.com.ar\/#organization\"},\"image\":{\"@id\":\"https:\/\/infoecos.com.ar\/index.php\/sospecha-de-brote-de-origen-alimentario-en-el-municipio-de-berazategui-ingesta-de-achuras\/#primaryimage\"},\"thumbnailUrl\":\"https:\/\/infoecos.com.ar\/wp-content\/uploads\/2023\/01\/image-181.png\",\"keywords\":[\"SALUD - SOCIEDAD\"],\"articleSection\":[\"Noticia Secundaria\"],\"inLanguage\":\"es\"},{\"@type\":\"WebPage\",\"@id\":\"https:\/\/infoecos.com.ar\/index.php\/sospecha-de-brote-de-origen-alimentario-en-el-municipio-de-berazategui-ingesta-de-achuras\/\",\"url\":\"https:\/\/infoecos.com.ar\/index.php\/sospecha-de-brote-de-origen-alimentario-en-el-municipio-de-berazategui-ingesta-de-achuras\/\",\"name\":\"Sospecha de brote de origen alimentario en el municipio de Berazategui: ingesta de achuras - Infoecos\",\"isPartOf\":{\"@id\":\"https:\/\/infoecos.com.ar\/#website\"},\"primaryImageOfPage\":{\"@id\":\"https:\/\/infoecos.com.ar\/index.php\/sospecha-de-brote-de-origen-alimentario-en-el-municipio-de-berazategui-ingesta-de-achuras\/#primaryimage\"},\"image\":{\"@id\":\"https:\/\/infoecos.com.ar\/index.php\/sospecha-de-brote-de-origen-alimentario-en-el-municipio-de-berazategui-ingesta-de-achuras\/#primaryimage\"},\"thumbnailUrl\":\"https:\/\/infoecos.com.ar\/wp-content\/uploads\/2023\/01\/image-181.png\",\"datePublished\":\"2023-01-27T18:11:17+00:00\",\"dateModified\":\"2023-01-27T18:11:17+00:00\",\"breadcrumb\":{\"@id\":\"https:\/\/infoecos.com.ar\/index.php\/sospecha-de-brote-de-origen-alimentario-en-el-municipio-de-berazategui-ingesta-de-achuras\/#breadcrumb\"},\"inLanguage\":\"es\",\"potentialAction\":[{\"@type\":\"ReadAction\",\"target\":[\"https:\/\/infoecos.com.ar\/index.php\/sospecha-de-brote-de-origen-alimentario-en-el-municipio-de-berazategui-ingesta-de-achuras\/\"]}]},{\"@type\":\"ImageObject\",\"inLanguage\":\"es\",\"@id\":\"https:\/\/infoecos.com.ar\/index.php\/sospecha-de-brote-de-origen-alimentario-en-el-municipio-de-berazategui-ingesta-de-achuras\/#primaryimage\",\"url\":\"https:\/\/infoecos.com.ar\/wp-content\/uploads\/2023\/01\/image-181.png\",\"contentUrl\":\"https:\/\/infoecos.com.ar\/wp-content\/uploads\/2023\/01\/image-181.png\",\"width\":992,\"height\":744},{\"@type\":\"BreadcrumbList\",\"@id\":\"https:\/\/infoecos.com.ar\/index.php\/sospecha-de-brote-de-origen-alimentario-en-el-municipio-de-berazategui-ingesta-de-achuras\/#breadcrumb\",\"itemListElement\":[{\"@type\":\"ListItem\",\"position\":1,\"name\":\"Portada\",\"item\":\"https:\/\/infoecos.com.ar\/\"},{\"@type\":\"ListItem\",\"position\":2,\"name\":\"Sospecha de brote de origen alimentario en el municipio de Berazategui: ingesta de achuras\"}]},{\"@type\":\"WebSite\",\"@id\":\"https:\/\/infoecos.com.ar\/#website\",\"url\":\"https:\/\/infoecos.com.ar\/\",\"name\":\"Infoecos\",\"description\":\"Noticias de trenque lauquen y la zona\",\"publisher\":{\"@id\":\"https:\/\/infoecos.com.ar\/#organization\"},\"alternateName\":\"Noticias\",\"potentialAction\":[{\"@type\":\"SearchAction\",\"target\":{\"@type\":\"EntryPoint\",\"urlTemplate\":\"https:\/\/infoecos.com.ar\/?s={search_term_string}\"},\"query-input\":{\"@type\":\"PropertyValueSpecification\",\"valueRequired\":true,\"valueName\":\"search_term_string\"}}],\"inLanguage\":\"es\"},{\"@type\":\"Organization\",\"@id\":\"https:\/\/infoecos.com.ar\/#organization\",\"name\":\"Infoecos\",\"alternateName\":\"Noticias\",\"url\":\"https:\/\/infoecos.com.ar\/\",\"logo\":{\"@type\":\"ImageObject\",\"inLanguage\":\"es\",\"@id\":\"https:\/\/infoecos.com.ar\/#\/schema\/logo\/image\/\",\"url\":\"https:\/\/infoecos.com.ar\/wp-content\/uploads\/2024\/03\/cropped-logo.png\",\"contentUrl\":\"https:\/\/infoecos.com.ar\/wp-content\/uploads\/2024\/03\/cropped-logo.png\",\"width\":374,\"height\":90,\"caption\":\"Infoecos\"},\"image\":{\"@id\":\"https:\/\/infoecos.com.ar\/#\/schema\/logo\/image\/\"},\"sameAs\":[\"https:\/\/www.facebook.com\/profile.php?id=100063200290284\",\"https:\/\/x.com\/infoecos\"]},{\"@type\":\"Person\",\"@id\":\"https:\/\/infoecos.com.ar\/#\/schema\/person\/8f5ace5ce73b4b4aac4b7245aee6f191\",\"name\":\"Jorge Matheus\",\"url\":\"https:\/\/infoecos.com.ar\/index.php\/author\/jomatheus\/\"}]}<\/script>\n<!-- \/ Yoast SEO plugin. -->","yoast_head_json":{"title":"Sospecha de brote de origen alimentario en el municipio de Berazategui: ingesta de achuras - Infoecos","robots":{"index":"index","follow":"follow","max-snippet":"max-snippet:-1","max-image-preview":"max-image-preview:large","max-video-preview":"max-video-preview:-1"},"canonical":"https:\/\/infoecos.com.ar\/index.php\/sospecha-de-brote-de-origen-alimentario-en-el-municipio-de-berazategui-ingesta-de-achuras\/","og_locale":"es_ES","og_type":"article","og_title":"Sospecha de brote de origen alimentario en el municipio de Berazategui: ingesta de achuras - Infoecos","og_description":"Frente a la situaci\u00f3n descrita el Ministerio de Salud de la Provincia de Buenos Aires, conjuntamente con el Municipio de Berazategui, emite la siguiente comunicaci\u00f3n con el objetivo de sensibilizar la vigilancia epidemiol\u00f3gica de casos y enfatizar el manejo seguro de alimentos para la poblaci\u00f3n","og_url":"https:\/\/infoecos.com.ar\/index.php\/sospecha-de-brote-de-origen-alimentario-en-el-municipio-de-berazategui-ingesta-de-achuras\/","og_site_name":"Infoecos","article_publisher":"https:\/\/www.facebook.com\/profile.php?id=100063200290284","article_published_time":"2023-01-27T18:11:17+00:00","og_image":[{"width":992,"height":744,"url":"https:\/\/infoecos.com.ar\/wp-content\/uploads\/2023\/01\/image-181.png","type":"image\/png"}],"author":"Jorge Matheus","twitter_card":"summary_large_image","twitter_creator":"@infoecos","twitter_site":"@infoecos","twitter_misc":{"Escrito por":"Jorge Matheus","Tiempo de lectura":"7 minutos"},"schema":{"@context":"https:\/\/schema.org","@graph":[{"@type":"Article","@id":"https:\/\/infoecos.com.ar\/index.php\/sospecha-de-brote-de-origen-alimentario-en-el-municipio-de-berazategui-ingesta-de-achuras\/#article","isPartOf":{"@id":"https:\/\/infoecos.com.ar\/index.php\/sospecha-de-brote-de-origen-alimentario-en-el-municipio-de-berazategui-ingesta-de-achuras\/"},"author":{"name":"Jorge Matheus","@id":"https:\/\/infoecos.com.ar\/#\/schema\/person\/8f5ace5ce73b4b4aac4b7245aee6f191"},"headline":"Sospecha de brote de origen alimentario en el municipio de Berazategui: ingesta de achuras","datePublished":"2023-01-27T18:11:17+00:00","dateModified":"2023-01-27T18:11:17+00:00","mainEntityOfPage":{"@id":"https:\/\/infoecos.com.ar\/index.php\/sospecha-de-brote-de-origen-alimentario-en-el-municipio-de-berazategui-ingesta-de-achuras\/"},"wordCount":1255,"publisher":{"@id":"https:\/\/infoecos.com.ar\/#organization"},"image":{"@id":"https:\/\/infoecos.com.ar\/index.php\/sospecha-de-brote-de-origen-alimentario-en-el-municipio-de-berazategui-ingesta-de-achuras\/#primaryimage"},"thumbnailUrl":"https:\/\/infoecos.com.ar\/wp-content\/uploads\/2023\/01\/image-181.png","keywords":["SALUD - SOCIEDAD"],"articleSection":["Noticia Secundaria"],"inLanguage":"es"},{"@type":"WebPage","@id":"https:\/\/infoecos.com.ar\/index.php\/sospecha-de-brote-de-origen-alimentario-en-el-municipio-de-berazategui-ingesta-de-achuras\/","url":"https:\/\/infoecos.com.ar\/index.php\/sospecha-de-brote-de-origen-alimentario-en-el-municipio-de-berazategui-ingesta-de-achuras\/","name":"Sospecha de brote de origen alimentario en el municipio de Berazategui: ingesta de achuras - Infoecos","isPartOf":{"@id":"https:\/\/infoecos.com.ar\/#website"},"primaryImageOfPage":{"@id":"https:\/\/infoecos.com.ar\/index.php\/sospecha-de-brote-de-origen-alimentario-en-el-municipio-de-berazategui-ingesta-de-achuras\/#primaryimage"},"image":{"@id":"https:\/\/infoecos.com.ar\/index.php\/sospecha-de-brote-de-origen-alimentario-en-el-municipio-de-berazategui-ingesta-de-achuras\/#primaryimage"},"thumbnailUrl":"https:\/\/infoecos.com.ar\/wp-content\/uploads\/2023\/01\/image-181.png","datePublished":"2023-01-27T18:11:17+00:00","dateModified":"2023-01-27T18:11:17+00:00","breadcrumb":{"@id":"https:\/\/infoecos.com.ar\/index.php\/sospecha-de-brote-de-origen-alimentario-en-el-municipio-de-berazategui-ingesta-de-achuras\/#breadcrumb"},"inLanguage":"es","potentialAction":[{"@type":"ReadAction","target":["https:\/\/infoecos.com.ar\/index.php\/sospecha-de-brote-de-origen-alimentario-en-el-municipio-de-berazategui-ingesta-de-achuras\/"]}]},{"@type":"ImageObject","inLanguage":"es","@id":"https:\/\/infoecos.com.ar\/index.php\/sospecha-de-brote-de-origen-alimentario-en-el-municipio-de-berazategui-ingesta-de-achuras\/#primaryimage","url":"https:\/\/infoecos.com.ar\/wp-content\/uploads\/2023\/01\/image-181.png","contentUrl":"https:\/\/infoecos.com.ar\/wp-content\/uploads\/2023\/01\/image-181.png","width":992,"height":744},{"@type":"BreadcrumbList","@id":"https:\/\/infoecos.com.ar\/index.php\/sospecha-de-brote-de-origen-alimentario-en-el-municipio-de-berazategui-ingesta-de-achuras\/#breadcrumb","itemListElement":[{"@type":"ListItem","position":1,"name":"Portada","item":"https:\/\/infoecos.com.ar\/"},{"@type":"ListItem","position":2,"name":"Sospecha de brote de origen alimentario en el municipio de Berazategui: ingesta de achuras"}]},{"@type":"WebSite","@id":"https:\/\/infoecos.com.ar\/#website","url":"https:\/\/infoecos.com.ar\/","name":"Infoecos","description":"Noticias de trenque lauquen y la zona","publisher":{"@id":"https:\/\/infoecos.com.ar\/#organization"},"alternateName":"Noticias","potentialAction":[{"@type":"SearchAction","target":{"@type":"EntryPoint","urlTemplate":"https:\/\/infoecos.com.ar\/?s={search_term_string}"},"query-input":{"@type":"PropertyValueSpecification","valueRequired":true,"valueName":"search_term_string"}}],"inLanguage":"es"},{"@type":"Organization","@id":"https:\/\/infoecos.com.ar\/#organization","name":"Infoecos","alternateName":"Noticias","url":"https:\/\/infoecos.com.ar\/","logo":{"@type":"ImageObject","inLanguage":"es","@id":"https:\/\/infoecos.com.ar\/#\/schema\/logo\/image\/","url":"https:\/\/infoecos.com.ar\/wp-content\/uploads\/2024\/03\/cropped-logo.png","contentUrl":"https:\/\/infoecos.com.ar\/wp-content\/uploads\/2024\/03\/cropped-logo.png","width":374,"height":90,"caption":"Infoecos"},"image":{"@id":"https:\/\/infoecos.com.ar\/#\/schema\/logo\/image\/"},"sameAs":["https:\/\/www.facebook.com\/profile.php?id=100063200290284","https:\/\/x.com\/infoecos"]},{"@type":"Person","@id":"https:\/\/infoecos.com.ar\/#\/schema\/person\/8f5ace5ce73b4b4aac4b7245aee6f191","name":"Jorge Matheus","url":"https:\/\/infoecos.com.ar\/index.php\/author\/jomatheus\/"}]}},"featured_image_urls":{"full":["https:\/\/infoecos.com.ar\/wp-content\/uploads\/2023\/01\/image-181.png",992,744,false],"thumbnail":["https:\/\/infoecos.com.ar\/wp-content\/uploads\/2023\/01\/image-181-300x150.png",300,150,true],"medium":["https:\/\/infoecos.com.ar\/wp-content\/uploads\/2023\/01\/image-181-800x600.png",800,600,true],"medium_large":["https:\/\/infoecos.com.ar\/wp-content\/uploads\/2023\/01\/image-181-768x576.png",640,480,true],"large":["https:\/\/infoecos.com.ar\/wp-content\/uploads\/2023\/01\/image-181.png",640,480,false],"1536x1536":["https:\/\/infoecos.com.ar\/wp-content\/uploads\/2023\/01\/image-181.png",992,744,false],"2048x2048":["https:\/\/infoecos.com.ar\/wp-content\/uploads\/2023\/01\/image-181.png",992,744,false],"covernews-slider-full":["https:\/\/infoecos.com.ar\/wp-content\/uploads\/2023\/01\/image-181.png",953,715,false],"covernews-slider-center":["https:\/\/infoecos.com.ar\/wp-content\/uploads\/2023\/01\/image-181-936x744.png",629,500,true],"covernews-featured":["https:\/\/infoecos.com.ar\/wp-content\/uploads\/2023\/01\/image-181.png",992,744,false],"covernews-medium":["https:\/\/infoecos.com.ar\/wp-content\/uploads\/2023\/01\/image-181-720x380.png",540,285,true],"covernews-medium-square":["https:\/\/infoecos.com.ar\/wp-content\/uploads\/2023\/01\/image-181-675x450.png",375,250,true]},"author_info":{"info":["Jorge Matheus"]},"category_info":"<a href=\"https:\/\/infoecos.com.ar\/index.php\/category\/noticia-secundaria\/\" rel=\"category tag\">Noticia Secundaria<\/a>","tag_info":"Noticia Secundaria","comment_count":"0","_links":{"self":[{"href":"https:\/\/infoecos.com.ar\/index.php\/wp-json\/wp\/v2\/posts\/101127"}],"collection":[{"href":"https:\/\/infoecos.com.ar\/index.php\/wp-json\/wp\/v2\/posts"}],"about":[{"href":"https:\/\/infoecos.com.ar\/index.php\/wp-json\/wp\/v2\/types\/post"}],"author":[{"embeddable":true,"href":"https:\/\/infoecos.com.ar\/index.php\/wp-json\/wp\/v2\/users\/2"}],"replies":[{"embeddable":true,"href":"https:\/\/infoecos.com.ar\/index.php\/wp-json\/wp\/v2\/comments?post=101127"}],"version-history":[{"count":1,"href":"https:\/\/infoecos.com.ar\/index.php\/wp-json\/wp\/v2\/posts\/101127\/revisions"}],"predecessor-version":[{"id":101130,"href":"https:\/\/infoecos.com.ar\/index.php\/wp-json\/wp\/v2\/posts\/101127\/revisions\/101130"}],"wp:featuredmedia":[{"embeddable":true,"href":"https:\/\/infoecos.com.ar\/index.php\/wp-json\/wp\/v2\/media\/101128"}],"wp:attachment":[{"href":"https:\/\/infoecos.com.ar\/index.php\/wp-json\/wp\/v2\/media?parent=101127"}],"wp:term":[{"taxonomy":"category","embeddable":true,"href":"https:\/\/infoecos.com.ar\/index.php\/wp-json\/wp\/v2\/categories?post=101127"},{"taxonomy":"post_tag","embeddable":true,"href":"https:\/\/infoecos.com.ar\/index.php\/wp-json\/wp\/v2\/tags?post=101127"}],"curies":[{"name":"wp","href":"https:\/\/api.w.org\/{rel}","templated":true}]}}