{"id":101161,"date":"2023-01-29T02:28:17","date_gmt":"2023-01-29T05:28:17","guid":{"rendered":"https:\/\/infoecos.com.ar\/?p=101161"},"modified":"2023-01-31T03:01:47","modified_gmt":"2023-01-31T06:01:47","slug":"kicillof-esta-ganando-las-elecciones-de-acuerdo-a-una-encuesta-realizada-en-los-ultimos-dias","status":"publish","type":"post","link":"https:\/\/infoecos.com.ar\/index.php\/kicillof-esta-ganando-las-elecciones-de-acuerdo-a-una-encuesta-realizada-en-los-ultimos-dias\/","title":{"rendered":"Kicillof est\u00e1 ganando las elecciones, de acuerdo a una encuesta realizada en los \u00faltimos d\u00edas"},"content":{"rendered":"\n<p>El trabajo de Proyecci\u00f3n Consultores, la encuestadora que dirige Santiago Giorgetta, fue realizada la tercera semana de enero, a trav\u00e9s del m\u00e9todo digital CAWI, sobre un universo de 2.518 casos, con un margen de error de 2%.<\/p>\n\n\n\n<figure class=\"wp-block-image aligncenter size-full\"><img loading=\"lazy\" decoding=\"async\" width=\"680\" height=\"453\" src=\"https:\/\/infoecos.com.ar\/wp-content\/uploads\/2021\/09\/kicillof1.jpg\" alt=\"\" class=\"wp-image-84986\" srcset=\"https:\/\/infoecos.com.ar\/wp-content\/uploads\/2021\/09\/kicillof1.jpg 680w, https:\/\/infoecos.com.ar\/wp-content\/uploads\/2021\/09\/kicillof1-460x306.jpg 460w, https:\/\/infoecos.com.ar\/wp-content\/uploads\/2021\/09\/kicillof1-675x450.jpg 675w\" sizes=\"(max-width: 680px) 100vw, 680px\" \/><\/figure>\n\n\n\n<p>En el Frente de todos como posibles candidatos de una PASO, Axel Kicillof obtuvo el 29,7%; Mart\u00edn Insaurralde, el 6,2%, y Ver\u00f3nica Magario, el 3,8%, lo que le otorga al Frente de Todos un total de 39,6%.<\/p>\n\n\n\n<p>En Juntos por el Cambio aparece como el m\u00e1s votado, Diego Santilli, con 16,2%; Gustavo Posse, 4,3%; Javier Iguacel, 3,6%; Cristian Ritondo, 3,5%, y Maximilano Abad, con apenas 0,6%, es decir, que juntos re\u00fanen 28,2%, casi doce puntos detr\u00e1s del Frente de Todos.<\/p>\n\n\n\n<p>En su an\u00e1lisis sobre este escenario, Proyecci\u00f3n se\u00f1ala que \u201cla multiplicidad de candidatos se traduce como una debilidad: liderazgos dispersos y menos consolidados y una sensaci\u00f3n de falta de acuerdos\u201d.<\/p>\n\n\n\n<p>En cuanto a los candidatos, el actual mandatario bonaerense aparece ganador en todos los escenarios posibles: a Santilli lo supera por 36% a 24%, mientras que el candidato del libertario Milei en la provincia, Jos\u00e9 Luis Espert, aparece tercero muy lejos con el16%.<\/p>\n\n\n\n<p>La consultora tambi\u00e9n plantea un escenario con Ritondo ganando en las PASO, situaci\u00f3n \u00e9sta, en la que Kicillof eleva su performance al 37,4%, Espert alcanzar\u00eda el 17,9% y Ritondo quedar\u00eda tercero con el 15%. Por su parte, la izquierda antiperonista, hist\u00f3ricamente alineada con la derecha, aparece estancada con un 4,2 %.<\/p>\n\n\n\n<p>La encuesta de Proyecci\u00f3n coincide el muestreo de su colega Analog\u00edas, la que la semana pasada midi\u00f3 una imagen positiva para Kicillof del 42.3%, que de alguna manera consolida la idea de que el peronismo se consolida como ganador en el principal distrito electoral del pa\u00eds, que concentra casi al 40% de los votantes del padr\u00f3n nacional.<\/p>\n","protected":false},"excerpt":{"rendered":"<p>El actual mandatario bonaerense aparece ganador en todos los escenarios posibles: a Santilli lo supera por 36% a 24%, mientras que el candidato del libertario Milei en la provincia, Jos\u00e9 Luis Espert, aparece tercero muy lejos con el16%<\/p>\n","protected":false},"author":2,"featured_media":84986,"comment_status":"closed","ping_status":"open","sticky":false,"template":"","format":"standard","meta":{"footnotes":""},"categories":[1614],"tags":[7208],"class_list":["post-101161","post","type-post","status-publish","format-standard","has-post-thumbnail","hentry","category-c2nota7","tag-fuente-infogei"],"yoast_head":"<!-- This site is optimized with the Yoast SEO plugin v23.4 - https:\/\/yoast.com\/wordpress\/plugins\/seo\/ -->\n<title>Kicillof est\u00e1 ganando las elecciones, de acuerdo a una encuesta realizada en los \u00faltimos d\u00edas - Infoecos<\/title>\n<meta name=\"robots\" content=\"index, follow, max-snippet:-1, max-image-preview:large, max-video-preview:-1\" \/>\n<link rel=\"canonical\" href=\"https:\/\/infoecos.com.ar\/index.php\/kicillof-esta-ganando-las-elecciones-de-acuerdo-a-una-encuesta-realizada-en-los-ultimos-dias\/\" \/>\n<meta property=\"og:locale\" content=\"es_ES\" \/>\n<meta property=\"og:type\" content=\"article\" \/>\n<meta property=\"og:title\" content=\"Kicillof est\u00e1 ganando las elecciones, de acuerdo a una encuesta realizada en los \u00faltimos d\u00edas - Infoecos\" \/>\n<meta property=\"og:description\" content=\"El actual mandatario bonaerense aparece ganador en todos los escenarios posibles: a Santilli lo supera por 36% a 24%, mientras que el candidato del libertario Milei en la provincia, Jos\u00e9 Luis Espert, aparece tercero muy lejos con el16%\" \/>\n<meta property=\"og:url\" content=\"https:\/\/infoecos.com.ar\/index.php\/kicillof-esta-ganando-las-elecciones-de-acuerdo-a-una-encuesta-realizada-en-los-ultimos-dias\/\" \/>\n<meta property=\"og:site_name\" content=\"Infoecos\" \/>\n<meta property=\"article:publisher\" content=\"https:\/\/www.facebook.com\/profile.php?id=100063200290284\" \/>\n<meta property=\"article:published_time\" content=\"2023-01-29T05:28:17+00:00\" \/>\n<meta property=\"article:modified_time\" content=\"2023-01-31T06:01:47+00:00\" \/>\n<meta property=\"og:image\" content=\"https:\/\/infoecos.com.ar\/wp-content\/uploads\/2021\/09\/kicillof1.jpg\" \/>\n\t<meta property=\"og:image:width\" content=\"680\" \/>\n\t<meta property=\"og:image:height\" content=\"453\" \/>\n\t<meta property=\"og:image:type\" content=\"image\/jpeg\" \/>\n<meta name=\"author\" content=\"Jorge Matheus\" \/>\n<meta name=\"twitter:card\" content=\"summary_large_image\" \/>\n<meta name=\"twitter:creator\" content=\"@infoecos\" \/>\n<meta name=\"twitter:site\" content=\"@infoecos\" \/>\n<meta name=\"twitter:label1\" content=\"Escrito por\" \/>\n\t<meta name=\"twitter:data1\" content=\"Jorge Matheus\" \/>\n\t<meta name=\"twitter:label2\" content=\"Tiempo de lectura\" \/>\n\t<meta name=\"twitter:data2\" content=\"2 minutos\" \/>\n<script type=\"application\/ld+json\" class=\"yoast-schema-graph\">{\"@context\":\"https:\/\/schema.org\",\"@graph\":[{\"@type\":\"Article\",\"@id\":\"https:\/\/infoecos.com.ar\/index.php\/kicillof-esta-ganando-las-elecciones-de-acuerdo-a-una-encuesta-realizada-en-los-ultimos-dias\/#article\",\"isPartOf\":{\"@id\":\"https:\/\/infoecos.com.ar\/index.php\/kicillof-esta-ganando-las-elecciones-de-acuerdo-a-una-encuesta-realizada-en-los-ultimos-dias\/\"},\"author\":{\"name\":\"Jorge Matheus\",\"@id\":\"https:\/\/infoecos.com.ar\/#\/schema\/person\/8f5ace5ce73b4b4aac4b7245aee6f191\"},\"headline\":\"Kicillof est\u00e1 ganando las elecciones, de acuerdo a una encuesta realizada en los \u00faltimos d\u00edas\",\"datePublished\":\"2023-01-29T05:28:17+00:00\",\"dateModified\":\"2023-01-31T06:01:47+00:00\",\"mainEntityOfPage\":{\"@id\":\"https:\/\/infoecos.com.ar\/index.php\/kicillof-esta-ganando-las-elecciones-de-acuerdo-a-una-encuesta-realizada-en-los-ultimos-dias\/\"},\"wordCount\":314,\"publisher\":{\"@id\":\"https:\/\/infoecos.com.ar\/#organization\"},\"image\":{\"@id\":\"https:\/\/infoecos.com.ar\/index.php\/kicillof-esta-ganando-las-elecciones-de-acuerdo-a-una-encuesta-realizada-en-los-ultimos-dias\/#primaryimage\"},\"thumbnailUrl\":\"https:\/\/infoecos.com.ar\/wp-content\/uploads\/2021\/09\/kicillof1.jpg\",\"keywords\":[\"FUENTE INFOGEI\"],\"articleSection\":[\"C2 N7\"],\"inLanguage\":\"es\"},{\"@type\":\"WebPage\",\"@id\":\"https:\/\/infoecos.com.ar\/index.php\/kicillof-esta-ganando-las-elecciones-de-acuerdo-a-una-encuesta-realizada-en-los-ultimos-dias\/\",\"url\":\"https:\/\/infoecos.com.ar\/index.php\/kicillof-esta-ganando-las-elecciones-de-acuerdo-a-una-encuesta-realizada-en-los-ultimos-dias\/\",\"name\":\"Kicillof est\u00e1 ganando las elecciones, de acuerdo a una encuesta realizada en los \u00faltimos d\u00edas - Infoecos\",\"isPartOf\":{\"@id\":\"https:\/\/infoecos.com.ar\/#website\"},\"primaryImageOfPage\":{\"@id\":\"https:\/\/infoecos.com.ar\/index.php\/kicillof-esta-ganando-las-elecciones-de-acuerdo-a-una-encuesta-realizada-en-los-ultimos-dias\/#primaryimage\"},\"image\":{\"@id\":\"https:\/\/infoecos.com.ar\/index.php\/kicillof-esta-ganando-las-elecciones-de-acuerdo-a-una-encuesta-realizada-en-los-ultimos-dias\/#primaryimage\"},\"thumbnailUrl\":\"https:\/\/infoecos.com.ar\/wp-content\/uploads\/2021\/09\/kicillof1.jpg\",\"datePublished\":\"2023-01-29T05:28:17+00:00\",\"dateModified\":\"2023-01-31T06:01:47+00:00\",\"breadcrumb\":{\"@id\":\"https:\/\/infoecos.com.ar\/index.php\/kicillof-esta-ganando-las-elecciones-de-acuerdo-a-una-encuesta-realizada-en-los-ultimos-dias\/#breadcrumb\"},\"inLanguage\":\"es\",\"potentialAction\":[{\"@type\":\"ReadAction\",\"target\":[\"https:\/\/infoecos.com.ar\/index.php\/kicillof-esta-ganando-las-elecciones-de-acuerdo-a-una-encuesta-realizada-en-los-ultimos-dias\/\"]}]},{\"@type\":\"ImageObject\",\"inLanguage\":\"es\",\"@id\":\"https:\/\/infoecos.com.ar\/index.php\/kicillof-esta-ganando-las-elecciones-de-acuerdo-a-una-encuesta-realizada-en-los-ultimos-dias\/#primaryimage\",\"url\":\"https:\/\/infoecos.com.ar\/wp-content\/uploads\/2021\/09\/kicillof1.jpg\",\"contentUrl\":\"https:\/\/infoecos.com.ar\/wp-content\/uploads\/2021\/09\/kicillof1.jpg\",\"width\":680,\"height\":453},{\"@type\":\"BreadcrumbList\",\"@id\":\"https:\/\/infoecos.com.ar\/index.php\/kicillof-esta-ganando-las-elecciones-de-acuerdo-a-una-encuesta-realizada-en-los-ultimos-dias\/#breadcrumb\",\"itemListElement\":[{\"@type\":\"ListItem\",\"position\":1,\"name\":\"Portada\",\"item\":\"https:\/\/infoecos.com.ar\/\"},{\"@type\":\"ListItem\",\"position\":2,\"name\":\"Kicillof est\u00e1 ganando las elecciones, de acuerdo a una encuesta realizada en los \u00faltimos d\u00edas\"}]},{\"@type\":\"WebSite\",\"@id\":\"https:\/\/infoecos.com.ar\/#website\",\"url\":\"https:\/\/infoecos.com.ar\/\",\"name\":\"Infoecos\",\"description\":\"Noticias de trenque lauquen y la zona\",\"publisher\":{\"@id\":\"https:\/\/infoecos.com.ar\/#organization\"},\"alternateName\":\"Noticias\",\"potentialAction\":[{\"@type\":\"SearchAction\",\"target\":{\"@type\":\"EntryPoint\",\"urlTemplate\":\"https:\/\/infoecos.com.ar\/?s={search_term_string}\"},\"query-input\":{\"@type\":\"PropertyValueSpecification\",\"valueRequired\":true,\"valueName\":\"search_term_string\"}}],\"inLanguage\":\"es\"},{\"@type\":\"Organization\",\"@id\":\"https:\/\/infoecos.com.ar\/#organization\",\"name\":\"Infoecos\",\"alternateName\":\"Noticias\",\"url\":\"https:\/\/infoecos.com.ar\/\",\"logo\":{\"@type\":\"ImageObject\",\"inLanguage\":\"es\",\"@id\":\"https:\/\/infoecos.com.ar\/#\/schema\/logo\/image\/\",\"url\":\"https:\/\/infoecos.com.ar\/wp-content\/uploads\/2024\/03\/cropped-logo.png\",\"contentUrl\":\"https:\/\/infoecos.com.ar\/wp-content\/uploads\/2024\/03\/cropped-logo.png\",\"width\":374,\"height\":90,\"caption\":\"Infoecos\"},\"image\":{\"@id\":\"https:\/\/infoecos.com.ar\/#\/schema\/logo\/image\/\"},\"sameAs\":[\"https:\/\/www.facebook.com\/profile.php?id=100063200290284\",\"https:\/\/x.com\/infoecos\"]},{\"@type\":\"Person\",\"@id\":\"https:\/\/infoecos.com.ar\/#\/schema\/person\/8f5ace5ce73b4b4aac4b7245aee6f191\",\"name\":\"Jorge Matheus\",\"url\":\"https:\/\/infoecos.com.ar\/index.php\/author\/jomatheus\/\"}]}<\/script>\n<!-- \/ Yoast SEO plugin. -->","yoast_head_json":{"title":"Kicillof est\u00e1 ganando las elecciones, de acuerdo a una encuesta realizada en los \u00faltimos d\u00edas - Infoecos","robots":{"index":"index","follow":"follow","max-snippet":"max-snippet:-1","max-image-preview":"max-image-preview:large","max-video-preview":"max-video-preview:-1"},"canonical":"https:\/\/infoecos.com.ar\/index.php\/kicillof-esta-ganando-las-elecciones-de-acuerdo-a-una-encuesta-realizada-en-los-ultimos-dias\/","og_locale":"es_ES","og_type":"article","og_title":"Kicillof est\u00e1 ganando las elecciones, de acuerdo a una encuesta realizada en los \u00faltimos d\u00edas - Infoecos","og_description":"El actual mandatario bonaerense aparece ganador en todos los escenarios posibles: a Santilli lo supera por 36% a 24%, mientras que el candidato del libertario Milei en la provincia, Jos\u00e9 Luis Espert, aparece tercero muy lejos con el16%","og_url":"https:\/\/infoecos.com.ar\/index.php\/kicillof-esta-ganando-las-elecciones-de-acuerdo-a-una-encuesta-realizada-en-los-ultimos-dias\/","og_site_name":"Infoecos","article_publisher":"https:\/\/www.facebook.com\/profile.php?id=100063200290284","article_published_time":"2023-01-29T05:28:17+00:00","article_modified_time":"2023-01-31T06:01:47+00:00","og_image":[{"width":680,"height":453,"url":"https:\/\/infoecos.com.ar\/wp-content\/uploads\/2021\/09\/kicillof1.jpg","type":"image\/jpeg"}],"author":"Jorge Matheus","twitter_card":"summary_large_image","twitter_creator":"@infoecos","twitter_site":"@infoecos","twitter_misc":{"Escrito por":"Jorge Matheus","Tiempo de lectura":"2 minutos"},"schema":{"@context":"https:\/\/schema.org","@graph":[{"@type":"Article","@id":"https:\/\/infoecos.com.ar\/index.php\/kicillof-esta-ganando-las-elecciones-de-acuerdo-a-una-encuesta-realizada-en-los-ultimos-dias\/#article","isPartOf":{"@id":"https:\/\/infoecos.com.ar\/index.php\/kicillof-esta-ganando-las-elecciones-de-acuerdo-a-una-encuesta-realizada-en-los-ultimos-dias\/"},"author":{"name":"Jorge Matheus","@id":"https:\/\/infoecos.com.ar\/#\/schema\/person\/8f5ace5ce73b4b4aac4b7245aee6f191"},"headline":"Kicillof est\u00e1 ganando las elecciones, de acuerdo a una encuesta realizada en los \u00faltimos d\u00edas","datePublished":"2023-01-29T05:28:17+00:00","dateModified":"2023-01-31T06:01:47+00:00","mainEntityOfPage":{"@id":"https:\/\/infoecos.com.ar\/index.php\/kicillof-esta-ganando-las-elecciones-de-acuerdo-a-una-encuesta-realizada-en-los-ultimos-dias\/"},"wordCount":314,"publisher":{"@id":"https:\/\/infoecos.com.ar\/#organization"},"image":{"@id":"https:\/\/infoecos.com.ar\/index.php\/kicillof-esta-ganando-las-elecciones-de-acuerdo-a-una-encuesta-realizada-en-los-ultimos-dias\/#primaryimage"},"thumbnailUrl":"https:\/\/infoecos.com.ar\/wp-content\/uploads\/2021\/09\/kicillof1.jpg","keywords":["FUENTE INFOGEI"],"articleSection":["C2 N7"],"inLanguage":"es"},{"@type":"WebPage","@id":"https:\/\/infoecos.com.ar\/index.php\/kicillof-esta-ganando-las-elecciones-de-acuerdo-a-una-encuesta-realizada-en-los-ultimos-dias\/","url":"https:\/\/infoecos.com.ar\/index.php\/kicillof-esta-ganando-las-elecciones-de-acuerdo-a-una-encuesta-realizada-en-los-ultimos-dias\/","name":"Kicillof est\u00e1 ganando las elecciones, de acuerdo a una encuesta realizada en los \u00faltimos d\u00edas - Infoecos","isPartOf":{"@id":"https:\/\/infoecos.com.ar\/#website"},"primaryImageOfPage":{"@id":"https:\/\/infoecos.com.ar\/index.php\/kicillof-esta-ganando-las-elecciones-de-acuerdo-a-una-encuesta-realizada-en-los-ultimos-dias\/#primaryimage"},"image":{"@id":"https:\/\/infoecos.com.ar\/index.php\/kicillof-esta-ganando-las-elecciones-de-acuerdo-a-una-encuesta-realizada-en-los-ultimos-dias\/#primaryimage"},"thumbnailUrl":"https:\/\/infoecos.com.ar\/wp-content\/uploads\/2021\/09\/kicillof1.jpg","datePublished":"2023-01-29T05:28:17+00:00","dateModified":"2023-01-31T06:01:47+00:00","breadcrumb":{"@id":"https:\/\/infoecos.com.ar\/index.php\/kicillof-esta-ganando-las-elecciones-de-acuerdo-a-una-encuesta-realizada-en-los-ultimos-dias\/#breadcrumb"},"inLanguage":"es","potentialAction":[{"@type":"ReadAction","target":["https:\/\/infoecos.com.ar\/index.php\/kicillof-esta-ganando-las-elecciones-de-acuerdo-a-una-encuesta-realizada-en-los-ultimos-dias\/"]}]},{"@type":"ImageObject","inLanguage":"es","@id":"https:\/\/infoecos.com.ar\/index.php\/kicillof-esta-ganando-las-elecciones-de-acuerdo-a-una-encuesta-realizada-en-los-ultimos-dias\/#primaryimage","url":"https:\/\/infoecos.com.ar\/wp-content\/uploads\/2021\/09\/kicillof1.jpg","contentUrl":"https:\/\/infoecos.com.ar\/wp-content\/uploads\/2021\/09\/kicillof1.jpg","width":680,"height":453},{"@type":"BreadcrumbList","@id":"https:\/\/infoecos.com.ar\/index.php\/kicillof-esta-ganando-las-elecciones-de-acuerdo-a-una-encuesta-realizada-en-los-ultimos-dias\/#breadcrumb","itemListElement":[{"@type":"ListItem","position":1,"name":"Portada","item":"https:\/\/infoecos.com.ar\/"},{"@type":"ListItem","position":2,"name":"Kicillof est\u00e1 ganando las elecciones, de acuerdo a una encuesta realizada en los \u00faltimos d\u00edas"}]},{"@type":"WebSite","@id":"https:\/\/infoecos.com.ar\/#website","url":"https:\/\/infoecos.com.ar\/","name":"Infoecos","description":"Noticias de trenque lauquen y la zona","publisher":{"@id":"https:\/\/infoecos.com.ar\/#organization"},"alternateName":"Noticias","potentialAction":[{"@type":"SearchAction","target":{"@type":"EntryPoint","urlTemplate":"https:\/\/infoecos.com.ar\/?s={search_term_string}"},"query-input":{"@type":"PropertyValueSpecification","valueRequired":true,"valueName":"search_term_string"}}],"inLanguage":"es"},{"@type":"Organization","@id":"https:\/\/infoecos.com.ar\/#organization","name":"Infoecos","alternateName":"Noticias","url":"https:\/\/infoecos.com.ar\/","logo":{"@type":"ImageObject","inLanguage":"es","@id":"https:\/\/infoecos.com.ar\/#\/schema\/logo\/image\/","url":"https:\/\/infoecos.com.ar\/wp-content\/uploads\/2024\/03\/cropped-logo.png","contentUrl":"https:\/\/infoecos.com.ar\/wp-content\/uploads\/2024\/03\/cropped-logo.png","width":374,"height":90,"caption":"Infoecos"},"image":{"@id":"https:\/\/infoecos.com.ar\/#\/schema\/logo\/image\/"},"sameAs":["https:\/\/www.facebook.com\/profile.php?id=100063200290284","https:\/\/x.com\/infoecos"]},{"@type":"Person","@id":"https:\/\/infoecos.com.ar\/#\/schema\/person\/8f5ace5ce73b4b4aac4b7245aee6f191","name":"Jorge Matheus","url":"https:\/\/infoecos.com.ar\/index.php\/author\/jomatheus\/"}]}},"featured_image_urls":{"full":["https:\/\/infoecos.com.ar\/wp-content\/uploads\/2021\/09\/kicillof1.jpg",680,453,false],"thumbnail":["https:\/\/infoecos.com.ar\/wp-content\/uploads\/2021\/09\/kicillof1-150x150.jpg",150,150,true],"medium":["https:\/\/infoecos.com.ar\/wp-content\/uploads\/2021\/09\/kicillof1-460x306.jpg",460,306,true],"medium_large":["https:\/\/infoecos.com.ar\/wp-content\/uploads\/2021\/09\/kicillof1.jpg",640,426,false],"large":["https:\/\/infoecos.com.ar\/wp-content\/uploads\/2021\/09\/kicillof1.jpg",640,426,false],"1536x1536":["https:\/\/infoecos.com.ar\/wp-content\/uploads\/2021\/09\/kicillof1.jpg",680,453,false],"2048x2048":["https:\/\/infoecos.com.ar\/wp-content\/uploads\/2021\/09\/kicillof1.jpg",680,453,false],"covernews-slider-full":["https:\/\/infoecos.com.ar\/wp-content\/uploads\/2021\/09\/kicillof1.jpg",680,453,false],"covernews-slider-center":["https:\/\/infoecos.com.ar\/wp-content\/uploads\/2021\/09\/kicillof1.jpg",680,453,false],"covernews-featured":["https:\/\/infoecos.com.ar\/wp-content\/uploads\/2021\/09\/kicillof1.jpg",680,453,false],"covernews-medium":["https:\/\/infoecos.com.ar\/wp-content\/uploads\/2021\/09\/kicillof1-680x380.jpg",540,302,true],"covernews-medium-square":["https:\/\/infoecos.com.ar\/wp-content\/uploads\/2021\/09\/kicillof1-675x450.jpg",375,250,true]},"author_info":{"info":["Jorge Matheus"]},"category_info":"<a href=\"https:\/\/infoecos.com.ar\/index.php\/category\/c2nota7\/\" rel=\"category tag\">C2 N7<\/a>","tag_info":"C2 N7","comment_count":"0","_links":{"self":[{"href":"https:\/\/infoecos.com.ar\/index.php\/wp-json\/wp\/v2\/posts\/101161"}],"collection":[{"href":"https:\/\/infoecos.com.ar\/index.php\/wp-json\/wp\/v2\/posts"}],"about":[{"href":"https:\/\/infoecos.com.ar\/index.php\/wp-json\/wp\/v2\/types\/post"}],"author":[{"embeddable":true,"href":"https:\/\/infoecos.com.ar\/index.php\/wp-json\/wp\/v2\/users\/2"}],"replies":[{"embeddable":true,"href":"https:\/\/infoecos.com.ar\/index.php\/wp-json\/wp\/v2\/comments?post=101161"}],"version-history":[{"count":2,"href":"https:\/\/infoecos.com.ar\/index.php\/wp-json\/wp\/v2\/posts\/101161\/revisions"}],"predecessor-version":[{"id":101163,"href":"https:\/\/infoecos.com.ar\/index.php\/wp-json\/wp\/v2\/posts\/101161\/revisions\/101163"}],"wp:featuredmedia":[{"embeddable":true,"href":"https:\/\/infoecos.com.ar\/index.php\/wp-json\/wp\/v2\/media\/84986"}],"wp:attachment":[{"href":"https:\/\/infoecos.com.ar\/index.php\/wp-json\/wp\/v2\/media?parent=101161"}],"wp:term":[{"taxonomy":"category","embeddable":true,"href":"https:\/\/infoecos.com.ar\/index.php\/wp-json\/wp\/v2\/categories?post=101161"},{"taxonomy":"post_tag","embeddable":true,"href":"https:\/\/infoecos.com.ar\/index.php\/wp-json\/wp\/v2\/tags?post=101161"}],"curies":[{"name":"wp","href":"https:\/\/api.w.org\/{rel}","templated":true}]}}