{"id":101192,"date":"2023-01-29T19:17:39","date_gmt":"2023-01-29T22:17:39","guid":{"rendered":"https:\/\/infoecos.com.ar\/?p=101192"},"modified":"2023-01-31T03:03:00","modified_gmt":"2023-01-31T06:03:00","slug":"se-mato-un-medico-de-junin-que-circulaba-en-una-poderosa-moto-en-la-manana-del-domingo","status":"publish","type":"post","link":"https:\/\/infoecos.com.ar\/index.php\/se-mato-un-medico-de-junin-que-circulaba-en-una-poderosa-moto-en-la-manana-del-domingo\/","title":{"rendered":"Se mat\u00f3 un m\u00e9dico de Jun\u00edn que circulaba en una poderosa moto en la ma\u00f1ana del domingo"},"content":{"rendered":"\n<p>Este domingo alrededor de las 4:00 horas de la madrugada, un motociclista falleci\u00f3 casi en forma instant\u00e1nea al chocar violentamente de atr\u00e1s a un veh\u00edculo en el camino a Laguna de G\u00f3mez, en cercan\u00edas de la ciudad de Jun\u00edn. El fallecido es un conocido m\u00e9dico de esa comunidad, Marcelo Torres Luqui.<\/p>\n\n\n\n<figure class=\"wp-block-image alignright size-full is-resized\"><img loading=\"lazy\" decoding=\"async\" src=\"https:\/\/infoecos.com.ar\/wp-content\/uploads\/2023\/01\/012920231344073024000.jpg\" alt=\"\" class=\"wp-image-101193\" width=\"419\" height=\"200\" srcset=\"https:\/\/infoecos.com.ar\/wp-content\/uploads\/2023\/01\/012920231344073024000.jpg 1024w, https:\/\/infoecos.com.ar\/wp-content\/uploads\/2023\/01\/012920231344073024000-800x383.jpg 800w, https:\/\/infoecos.com.ar\/wp-content\/uploads\/2023\/01\/012920231344073024000-768x368.jpg 768w\" sizes=\"(max-width: 419px) 100vw, 419px\" \/><figcaption class=\"wp-element-caption\">Moto doctor Marcelo Torres Luqui<\/figcaption><\/figure>\n\n\n\n<p>El motociclista iba a bordo de una BMW y a la altura del puesto de venta de carnada, frente a la Sociedad Rural, impact\u00f3 violentamente contra la parte trasera de una Ford Ecosport.<\/p>\n\n\n\n<p>Seg\u00fan informaron medios juninenses, la Ecosport hab\u00eda cargado combustible en la estaci\u00f3n de servicio frente a Policia Vial, hab\u00eda tomado por el camino de tierra que bordea la Sociedad Rural y cuando estaba incorpor\u00e1ndose al camino al balneario, fue impactado por la moto. En la Ecosport ven\u00eda una familia, entre ellos una nena de 13 a\u00f1os que durante minutos convulsion\u00f3 y luego se recuper\u00f3.<\/p>\n\n\n\n<p>Torres Luqui ten\u00eda 55 a\u00f1os y era de nacionalidad paraguaya. Viv\u00eda en Argentina desde hace 30 a\u00f1os. Entre otros cargos, hab\u00eda sido director del Sanatorio Jun\u00edn.<\/p>\n\n\n\n<p>Foto e informaci\u00f3n: Jun\u00edn 24<\/p>\n","protected":false},"excerpt":{"rendered":"<p>Este domingo alrededor de las 4:00 horas de la madrugada, un motociclista falleci\u00f3 casi en&#8230;<\/p>\n","protected":false},"author":2,"featured_media":101193,"comment_status":"closed","ping_status":"open","sticky":false,"template":"","format":"standard","meta":{"footnotes":""},"categories":[40],"tags":[7214],"class_list":["post-101192","post","type-post","status-publish","format-standard","has-post-thumbnail","hentry","category-inferior1","tag-embistio-a-un-ecosport"],"yoast_head":"<!-- This site is optimized with the Yoast SEO plugin v23.4 - https:\/\/yoast.com\/wordpress\/plugins\/seo\/ -->\n<title>Se mat\u00f3 un m\u00e9dico de Jun\u00edn que circulaba en una poderosa moto en la ma\u00f1ana del domingo - Infoecos<\/title>\n<meta name=\"robots\" content=\"index, follow, max-snippet:-1, max-image-preview:large, max-video-preview:-1\" \/>\n<link rel=\"canonical\" href=\"https:\/\/infoecos.com.ar\/index.php\/se-mato-un-medico-de-junin-que-circulaba-en-una-poderosa-moto-en-la-manana-del-domingo\/\" \/>\n<meta property=\"og:locale\" content=\"es_ES\" \/>\n<meta property=\"og:type\" content=\"article\" \/>\n<meta property=\"og:title\" content=\"Se mat\u00f3 un m\u00e9dico de Jun\u00edn que circulaba en una poderosa moto en la ma\u00f1ana del domingo - Infoecos\" \/>\n<meta property=\"og:description\" content=\"Este domingo alrededor de las 4:00 horas de la madrugada, un motociclista falleci\u00f3 casi en...\" \/>\n<meta property=\"og:url\" content=\"https:\/\/infoecos.com.ar\/index.php\/se-mato-un-medico-de-junin-que-circulaba-en-una-poderosa-moto-en-la-manana-del-domingo\/\" \/>\n<meta property=\"og:site_name\" content=\"Infoecos\" \/>\n<meta property=\"article:publisher\" content=\"https:\/\/www.facebook.com\/profile.php?id=100063200290284\" \/>\n<meta property=\"article:published_time\" content=\"2023-01-29T22:17:39+00:00\" \/>\n<meta property=\"article:modified_time\" content=\"2023-01-31T06:03:00+00:00\" \/>\n<meta property=\"og:image\" content=\"https:\/\/infoecos.com.ar\/wp-content\/uploads\/2023\/01\/012920231344073024000.jpg\" \/>\n\t<meta property=\"og:image:width\" content=\"1024\" \/>\n\t<meta property=\"og:image:height\" content=\"490\" \/>\n\t<meta property=\"og:image:type\" content=\"image\/jpeg\" \/>\n<meta name=\"author\" content=\"Jorge Matheus\" \/>\n<meta name=\"twitter:card\" content=\"summary_large_image\" \/>\n<meta name=\"twitter:creator\" content=\"@infoecos\" \/>\n<meta name=\"twitter:site\" content=\"@infoecos\" \/>\n<meta name=\"twitter:label1\" content=\"Escrito por\" \/>\n\t<meta name=\"twitter:data1\" content=\"Jorge Matheus\" \/>\n\t<meta name=\"twitter:label2\" content=\"Tiempo de lectura\" \/>\n\t<meta name=\"twitter:data2\" content=\"2 minutos\" \/>\n<script type=\"application\/ld+json\" class=\"yoast-schema-graph\">{\"@context\":\"https:\/\/schema.org\",\"@graph\":[{\"@type\":\"Article\",\"@id\":\"https:\/\/infoecos.com.ar\/index.php\/se-mato-un-medico-de-junin-que-circulaba-en-una-poderosa-moto-en-la-manana-del-domingo\/#article\",\"isPartOf\":{\"@id\":\"https:\/\/infoecos.com.ar\/index.php\/se-mato-un-medico-de-junin-que-circulaba-en-una-poderosa-moto-en-la-manana-del-domingo\/\"},\"author\":{\"name\":\"Jorge Matheus\",\"@id\":\"https:\/\/infoecos.com.ar\/#\/schema\/person\/8f5ace5ce73b4b4aac4b7245aee6f191\"},\"headline\":\"Se mat\u00f3 un m\u00e9dico de Jun\u00edn que circulaba en una poderosa moto en la ma\u00f1ana del domingo\",\"datePublished\":\"2023-01-29T22:17:39+00:00\",\"dateModified\":\"2023-01-31T06:03:00+00:00\",\"mainEntityOfPage\":{\"@id\":\"https:\/\/infoecos.com.ar\/index.php\/se-mato-un-medico-de-junin-que-circulaba-en-una-poderosa-moto-en-la-manana-del-domingo\/\"},\"wordCount\":221,\"publisher\":{\"@id\":\"https:\/\/infoecos.com.ar\/#organization\"},\"image\":{\"@id\":\"https:\/\/infoecos.com.ar\/index.php\/se-mato-un-medico-de-junin-que-circulaba-en-una-poderosa-moto-en-la-manana-del-domingo\/#primaryimage\"},\"thumbnailUrl\":\"https:\/\/infoecos.com.ar\/wp-content\/uploads\/2023\/01\/012920231344073024000.jpg\",\"keywords\":[\"EMBISTI\u00d3 A UN ECOSPORT\"],\"articleSection\":[\"Bloque inferior - 1\"],\"inLanguage\":\"es\"},{\"@type\":\"WebPage\",\"@id\":\"https:\/\/infoecos.com.ar\/index.php\/se-mato-un-medico-de-junin-que-circulaba-en-una-poderosa-moto-en-la-manana-del-domingo\/\",\"url\":\"https:\/\/infoecos.com.ar\/index.php\/se-mato-un-medico-de-junin-que-circulaba-en-una-poderosa-moto-en-la-manana-del-domingo\/\",\"name\":\"Se mat\u00f3 un m\u00e9dico de Jun\u00edn que circulaba en una poderosa moto en la ma\u00f1ana del domingo - Infoecos\",\"isPartOf\":{\"@id\":\"https:\/\/infoecos.com.ar\/#website\"},\"primaryImageOfPage\":{\"@id\":\"https:\/\/infoecos.com.ar\/index.php\/se-mato-un-medico-de-junin-que-circulaba-en-una-poderosa-moto-en-la-manana-del-domingo\/#primaryimage\"},\"image\":{\"@id\":\"https:\/\/infoecos.com.ar\/index.php\/se-mato-un-medico-de-junin-que-circulaba-en-una-poderosa-moto-en-la-manana-del-domingo\/#primaryimage\"},\"thumbnailUrl\":\"https:\/\/infoecos.com.ar\/wp-content\/uploads\/2023\/01\/012920231344073024000.jpg\",\"datePublished\":\"2023-01-29T22:17:39+00:00\",\"dateModified\":\"2023-01-31T06:03:00+00:00\",\"breadcrumb\":{\"@id\":\"https:\/\/infoecos.com.ar\/index.php\/se-mato-un-medico-de-junin-que-circulaba-en-una-poderosa-moto-en-la-manana-del-domingo\/#breadcrumb\"},\"inLanguage\":\"es\",\"potentialAction\":[{\"@type\":\"ReadAction\",\"target\":[\"https:\/\/infoecos.com.ar\/index.php\/se-mato-un-medico-de-junin-que-circulaba-en-una-poderosa-moto-en-la-manana-del-domingo\/\"]}]},{\"@type\":\"ImageObject\",\"inLanguage\":\"es\",\"@id\":\"https:\/\/infoecos.com.ar\/index.php\/se-mato-un-medico-de-junin-que-circulaba-en-una-poderosa-moto-en-la-manana-del-domingo\/#primaryimage\",\"url\":\"https:\/\/infoecos.com.ar\/wp-content\/uploads\/2023\/01\/012920231344073024000.jpg\",\"contentUrl\":\"https:\/\/infoecos.com.ar\/wp-content\/uploads\/2023\/01\/012920231344073024000.jpg\",\"width\":1024,\"height\":490},{\"@type\":\"BreadcrumbList\",\"@id\":\"https:\/\/infoecos.com.ar\/index.php\/se-mato-un-medico-de-junin-que-circulaba-en-una-poderosa-moto-en-la-manana-del-domingo\/#breadcrumb\",\"itemListElement\":[{\"@type\":\"ListItem\",\"position\":1,\"name\":\"Portada\",\"item\":\"https:\/\/infoecos.com.ar\/\"},{\"@type\":\"ListItem\",\"position\":2,\"name\":\"Se mat\u00f3 un m\u00e9dico de Jun\u00edn que circulaba en una poderosa moto en la ma\u00f1ana del domingo\"}]},{\"@type\":\"WebSite\",\"@id\":\"https:\/\/infoecos.com.ar\/#website\",\"url\":\"https:\/\/infoecos.com.ar\/\",\"name\":\"Infoecos\",\"description\":\"Noticias de trenque lauquen y la zona\",\"publisher\":{\"@id\":\"https:\/\/infoecos.com.ar\/#organization\"},\"alternateName\":\"Noticias\",\"potentialAction\":[{\"@type\":\"SearchAction\",\"target\":{\"@type\":\"EntryPoint\",\"urlTemplate\":\"https:\/\/infoecos.com.ar\/?s={search_term_string}\"},\"query-input\":{\"@type\":\"PropertyValueSpecification\",\"valueRequired\":true,\"valueName\":\"search_term_string\"}}],\"inLanguage\":\"es\"},{\"@type\":\"Organization\",\"@id\":\"https:\/\/infoecos.com.ar\/#organization\",\"name\":\"Infoecos\",\"alternateName\":\"Noticias\",\"url\":\"https:\/\/infoecos.com.ar\/\",\"logo\":{\"@type\":\"ImageObject\",\"inLanguage\":\"es\",\"@id\":\"https:\/\/infoecos.com.ar\/#\/schema\/logo\/image\/\",\"url\":\"https:\/\/infoecos.com.ar\/wp-content\/uploads\/2024\/03\/cropped-logo.png\",\"contentUrl\":\"https:\/\/infoecos.com.ar\/wp-content\/uploads\/2024\/03\/cropped-logo.png\",\"width\":374,\"height\":90,\"caption\":\"Infoecos\"},\"image\":{\"@id\":\"https:\/\/infoecos.com.ar\/#\/schema\/logo\/image\/\"},\"sameAs\":[\"https:\/\/www.facebook.com\/profile.php?id=100063200290284\",\"https:\/\/x.com\/infoecos\"]},{\"@type\":\"Person\",\"@id\":\"https:\/\/infoecos.com.ar\/#\/schema\/person\/8f5ace5ce73b4b4aac4b7245aee6f191\",\"name\":\"Jorge Matheus\",\"url\":\"https:\/\/infoecos.com.ar\/index.php\/author\/jomatheus\/\"}]}<\/script>\n<!-- \/ Yoast SEO plugin. -->","yoast_head_json":{"title":"Se mat\u00f3 un m\u00e9dico de Jun\u00edn que circulaba en una poderosa moto en la ma\u00f1ana del domingo - Infoecos","robots":{"index":"index","follow":"follow","max-snippet":"max-snippet:-1","max-image-preview":"max-image-preview:large","max-video-preview":"max-video-preview:-1"},"canonical":"https:\/\/infoecos.com.ar\/index.php\/se-mato-un-medico-de-junin-que-circulaba-en-una-poderosa-moto-en-la-manana-del-domingo\/","og_locale":"es_ES","og_type":"article","og_title":"Se mat\u00f3 un m\u00e9dico de Jun\u00edn que circulaba en una poderosa moto en la ma\u00f1ana del domingo - Infoecos","og_description":"Este domingo alrededor de las 4:00 horas de la madrugada, un motociclista falleci\u00f3 casi en...","og_url":"https:\/\/infoecos.com.ar\/index.php\/se-mato-un-medico-de-junin-que-circulaba-en-una-poderosa-moto-en-la-manana-del-domingo\/","og_site_name":"Infoecos","article_publisher":"https:\/\/www.facebook.com\/profile.php?id=100063200290284","article_published_time":"2023-01-29T22:17:39+00:00","article_modified_time":"2023-01-31T06:03:00+00:00","og_image":[{"width":1024,"height":490,"url":"https:\/\/infoecos.com.ar\/wp-content\/uploads\/2023\/01\/012920231344073024000.jpg","type":"image\/jpeg"}],"author":"Jorge Matheus","twitter_card":"summary_large_image","twitter_creator":"@infoecos","twitter_site":"@infoecos","twitter_misc":{"Escrito por":"Jorge Matheus","Tiempo de lectura":"2 minutos"},"schema":{"@context":"https:\/\/schema.org","@graph":[{"@type":"Article","@id":"https:\/\/infoecos.com.ar\/index.php\/se-mato-un-medico-de-junin-que-circulaba-en-una-poderosa-moto-en-la-manana-del-domingo\/#article","isPartOf":{"@id":"https:\/\/infoecos.com.ar\/index.php\/se-mato-un-medico-de-junin-que-circulaba-en-una-poderosa-moto-en-la-manana-del-domingo\/"},"author":{"name":"Jorge Matheus","@id":"https:\/\/infoecos.com.ar\/#\/schema\/person\/8f5ace5ce73b4b4aac4b7245aee6f191"},"headline":"Se mat\u00f3 un m\u00e9dico de Jun\u00edn que circulaba en una poderosa moto en la ma\u00f1ana del domingo","datePublished":"2023-01-29T22:17:39+00:00","dateModified":"2023-01-31T06:03:00+00:00","mainEntityOfPage":{"@id":"https:\/\/infoecos.com.ar\/index.php\/se-mato-un-medico-de-junin-que-circulaba-en-una-poderosa-moto-en-la-manana-del-domingo\/"},"wordCount":221,"publisher":{"@id":"https:\/\/infoecos.com.ar\/#organization"},"image":{"@id":"https:\/\/infoecos.com.ar\/index.php\/se-mato-un-medico-de-junin-que-circulaba-en-una-poderosa-moto-en-la-manana-del-domingo\/#primaryimage"},"thumbnailUrl":"https:\/\/infoecos.com.ar\/wp-content\/uploads\/2023\/01\/012920231344073024000.jpg","keywords":["EMBISTI\u00d3 A UN ECOSPORT"],"articleSection":["Bloque inferior - 1"],"inLanguage":"es"},{"@type":"WebPage","@id":"https:\/\/infoecos.com.ar\/index.php\/se-mato-un-medico-de-junin-que-circulaba-en-una-poderosa-moto-en-la-manana-del-domingo\/","url":"https:\/\/infoecos.com.ar\/index.php\/se-mato-un-medico-de-junin-que-circulaba-en-una-poderosa-moto-en-la-manana-del-domingo\/","name":"Se mat\u00f3 un m\u00e9dico de Jun\u00edn que circulaba en una poderosa moto en la ma\u00f1ana del domingo - Infoecos","isPartOf":{"@id":"https:\/\/infoecos.com.ar\/#website"},"primaryImageOfPage":{"@id":"https:\/\/infoecos.com.ar\/index.php\/se-mato-un-medico-de-junin-que-circulaba-en-una-poderosa-moto-en-la-manana-del-domingo\/#primaryimage"},"image":{"@id":"https:\/\/infoecos.com.ar\/index.php\/se-mato-un-medico-de-junin-que-circulaba-en-una-poderosa-moto-en-la-manana-del-domingo\/#primaryimage"},"thumbnailUrl":"https:\/\/infoecos.com.ar\/wp-content\/uploads\/2023\/01\/012920231344073024000.jpg","datePublished":"2023-01-29T22:17:39+00:00","dateModified":"2023-01-31T06:03:00+00:00","breadcrumb":{"@id":"https:\/\/infoecos.com.ar\/index.php\/se-mato-un-medico-de-junin-que-circulaba-en-una-poderosa-moto-en-la-manana-del-domingo\/#breadcrumb"},"inLanguage":"es","potentialAction":[{"@type":"ReadAction","target":["https:\/\/infoecos.com.ar\/index.php\/se-mato-un-medico-de-junin-que-circulaba-en-una-poderosa-moto-en-la-manana-del-domingo\/"]}]},{"@type":"ImageObject","inLanguage":"es","@id":"https:\/\/infoecos.com.ar\/index.php\/se-mato-un-medico-de-junin-que-circulaba-en-una-poderosa-moto-en-la-manana-del-domingo\/#primaryimage","url":"https:\/\/infoecos.com.ar\/wp-content\/uploads\/2023\/01\/012920231344073024000.jpg","contentUrl":"https:\/\/infoecos.com.ar\/wp-content\/uploads\/2023\/01\/012920231344073024000.jpg","width":1024,"height":490},{"@type":"BreadcrumbList","@id":"https:\/\/infoecos.com.ar\/index.php\/se-mato-un-medico-de-junin-que-circulaba-en-una-poderosa-moto-en-la-manana-del-domingo\/#breadcrumb","itemListElement":[{"@type":"ListItem","position":1,"name":"Portada","item":"https:\/\/infoecos.com.ar\/"},{"@type":"ListItem","position":2,"name":"Se mat\u00f3 un m\u00e9dico de Jun\u00edn que circulaba en una poderosa moto en la ma\u00f1ana del domingo"}]},{"@type":"WebSite","@id":"https:\/\/infoecos.com.ar\/#website","url":"https:\/\/infoecos.com.ar\/","name":"Infoecos","description":"Noticias de trenque lauquen y la zona","publisher":{"@id":"https:\/\/infoecos.com.ar\/#organization"},"alternateName":"Noticias","potentialAction":[{"@type":"SearchAction","target":{"@type":"EntryPoint","urlTemplate":"https:\/\/infoecos.com.ar\/?s={search_term_string}"},"query-input":{"@type":"PropertyValueSpecification","valueRequired":true,"valueName":"search_term_string"}}],"inLanguage":"es"},{"@type":"Organization","@id":"https:\/\/infoecos.com.ar\/#organization","name":"Infoecos","alternateName":"Noticias","url":"https:\/\/infoecos.com.ar\/","logo":{"@type":"ImageObject","inLanguage":"es","@id":"https:\/\/infoecos.com.ar\/#\/schema\/logo\/image\/","url":"https:\/\/infoecos.com.ar\/wp-content\/uploads\/2024\/03\/cropped-logo.png","contentUrl":"https:\/\/infoecos.com.ar\/wp-content\/uploads\/2024\/03\/cropped-logo.png","width":374,"height":90,"caption":"Infoecos"},"image":{"@id":"https:\/\/infoecos.com.ar\/#\/schema\/logo\/image\/"},"sameAs":["https:\/\/www.facebook.com\/profile.php?id=100063200290284","https:\/\/x.com\/infoecos"]},{"@type":"Person","@id":"https:\/\/infoecos.com.ar\/#\/schema\/person\/8f5ace5ce73b4b4aac4b7245aee6f191","name":"Jorge Matheus","url":"https:\/\/infoecos.com.ar\/index.php\/author\/jomatheus\/"}]}},"featured_image_urls":{"full":["https:\/\/infoecos.com.ar\/wp-content\/uploads\/2023\/01\/012920231344073024000.jpg",1024,490,false],"thumbnail":["https:\/\/infoecos.com.ar\/wp-content\/uploads\/2023\/01\/012920231344073024000-300x150.jpg",300,150,true],"medium":["https:\/\/infoecos.com.ar\/wp-content\/uploads\/2023\/01\/012920231344073024000-800x383.jpg",800,383,true],"medium_large":["https:\/\/infoecos.com.ar\/wp-content\/uploads\/2023\/01\/012920231344073024000-768x368.jpg",640,307,true],"large":["https:\/\/infoecos.com.ar\/wp-content\/uploads\/2023\/01\/012920231344073024000.jpg",640,306,false],"1536x1536":["https:\/\/infoecos.com.ar\/wp-content\/uploads\/2023\/01\/012920231344073024000.jpg",1024,490,false],"2048x2048":["https:\/\/infoecos.com.ar\/wp-content\/uploads\/2023\/01\/012920231344073024000.jpg",1024,490,false],"covernews-slider-full":["https:\/\/infoecos.com.ar\/wp-content\/uploads\/2023\/01\/012920231344073024000.jpg",1024,490,false],"covernews-slider-center":["https:\/\/infoecos.com.ar\/wp-content\/uploads\/2023\/01\/012920231344073024000-936x490.jpg",800,419,true],"covernews-featured":["https:\/\/infoecos.com.ar\/wp-content\/uploads\/2023\/01\/012920231344073024000.jpg",1024,490,false],"covernews-medium":["https:\/\/infoecos.com.ar\/wp-content\/uploads\/2023\/01\/012920231344073024000-720x380.jpg",540,285,true],"covernews-medium-square":["https:\/\/infoecos.com.ar\/wp-content\/uploads\/2023\/01\/012920231344073024000-675x450.jpg",375,250,true]},"author_info":{"info":["Jorge Matheus"]},"category_info":"<a href=\"https:\/\/infoecos.com.ar\/index.php\/category\/inferior1\/\" rel=\"category tag\">Bloque inferior - 1<\/a>","tag_info":"Bloque inferior - 1","comment_count":"0","_links":{"self":[{"href":"https:\/\/infoecos.com.ar\/index.php\/wp-json\/wp\/v2\/posts\/101192"}],"collection":[{"href":"https:\/\/infoecos.com.ar\/index.php\/wp-json\/wp\/v2\/posts"}],"about":[{"href":"https:\/\/infoecos.com.ar\/index.php\/wp-json\/wp\/v2\/types\/post"}],"author":[{"embeddable":true,"href":"https:\/\/infoecos.com.ar\/index.php\/wp-json\/wp\/v2\/users\/2"}],"replies":[{"embeddable":true,"href":"https:\/\/infoecos.com.ar\/index.php\/wp-json\/wp\/v2\/comments?post=101192"}],"version-history":[{"count":1,"href":"https:\/\/infoecos.com.ar\/index.php\/wp-json\/wp\/v2\/posts\/101192\/revisions"}],"predecessor-version":[{"id":101194,"href":"https:\/\/infoecos.com.ar\/index.php\/wp-json\/wp\/v2\/posts\/101192\/revisions\/101194"}],"wp:featuredmedia":[{"embeddable":true,"href":"https:\/\/infoecos.com.ar\/index.php\/wp-json\/wp\/v2\/media\/101193"}],"wp:attachment":[{"href":"https:\/\/infoecos.com.ar\/index.php\/wp-json\/wp\/v2\/media?parent=101192"}],"wp:term":[{"taxonomy":"category","embeddable":true,"href":"https:\/\/infoecos.com.ar\/index.php\/wp-json\/wp\/v2\/categories?post=101192"},{"taxonomy":"post_tag","embeddable":true,"href":"https:\/\/infoecos.com.ar\/index.php\/wp-json\/wp\/v2\/tags?post=101192"}],"curies":[{"name":"wp","href":"https:\/\/api.w.org\/{rel}","templated":true}]}}