{"id":101195,"date":"2023-01-29T19:21:46","date_gmt":"2023-01-29T22:21:46","guid":{"rendered":"https:\/\/infoecos.com.ar\/?p=101195"},"modified":"2023-01-31T03:03:38","modified_gmt":"2023-01-31T06:03:38","slug":"un-hombre-de-35-anos-que-circulaba-en-moto-entre-lincoln-y-bermudez-en-grave-estado","status":"publish","type":"post","link":"https:\/\/infoecos.com.ar\/index.php\/un-hombre-de-35-anos-que-circulaba-en-moto-entre-lincoln-y-bermudez-en-grave-estado\/","title":{"rendered":"Un hombre de 35 a\u00f1os que circulaba en moto, entre Lincoln y Berm\u00fadez, en grave estado"},"content":{"rendered":"\n<p>Un accidente en un camino rural, entre Lincoln y Berm\u00fadez, termin\u00f3 con un hombre hospitalizado debido a las lesiones recibidas. De acuerdo a los datos aportados por fuentes oficiales, hoy pasadas las 3:30 horas, en momentos que se realizaban los carnavales de Berm\u00fadez se produjo un accidente en el camino real a esa localidad, Hasta el lugar lleg\u00f3 una ambulancia del SAME que traslad\u00f3 a las persona accidentada al hospital municipal de Lincoln.<\/p>\n\n\n\n<figure class=\"wp-block-image alignright size-full is-resized\"><img loading=\"lazy\" decoding=\"async\" src=\"https:\/\/infoecos.com.ar\/wp-content\/uploads\/2023\/01\/motolincolnbermudez.jpg\" alt=\"\" class=\"wp-image-101196\" width=\"424\" height=\"228\"\/><\/figure>\n\n\n\n<p>Se logr\u00f3 establecer que la v\u00edctima resulta ser un hombre de 35 a\u00f1os, quien \u00abmomentos antes se hab\u00eda retirado de Berm\u00fadez, desconoci\u00e9ndose su rumbo y, por razones que se traten de establecer, hab\u00eda perdido el control de una motocicleta marca Zanella 150 cent\u00edmetros c\u00fabicos color blanca en la que circulaba y producto de ello, hab\u00eda resultado lesionado\u00bb.<\/p>\n\n\n\n<p>El hombre \u00abqued\u00f3 internado en la Unidad de Terapia Intensiva del Hospital Municipal \u2018Doctor Rub\u00e9n Miravalle\u00b4 con pron\u00f3stico reservado\u00bb, precisaron las mismas fuentes.<\/p>\n\n\n\n<p>Fuente: lamarcadelincoln.com.ar<\/p>\n","protected":false},"excerpt":{"rendered":"<p>El hombre \u00abqued\u00f3 internado en la Unidad de Terapia Intensiva del Hospital Municipal \u2018Doctor Rub\u00e9n Miravalle\u00b4 con pron\u00f3stico reservado\u00bb<\/p>\n","protected":false},"author":2,"featured_media":101196,"comment_status":"closed","ping_status":"open","sticky":false,"template":"","format":"standard","meta":{"footnotes":""},"categories":[41],"tags":[7215],"class_list":["post-101195","post","type-post","status-publish","format-standard","has-post-thumbnail","hentry","category-inferior2","tag-fue-este-domingo"],"yoast_head":"<!-- This site is optimized with the Yoast SEO plugin v23.4 - https:\/\/yoast.com\/wordpress\/plugins\/seo\/ -->\n<title>Un hombre de 35 a\u00f1os que circulaba en moto, entre Lincoln y Berm\u00fadez, en grave estado - Infoecos<\/title>\n<meta name=\"robots\" content=\"index, follow, max-snippet:-1, max-image-preview:large, max-video-preview:-1\" \/>\n<link rel=\"canonical\" href=\"https:\/\/infoecos.com.ar\/index.php\/un-hombre-de-35-anos-que-circulaba-en-moto-entre-lincoln-y-bermudez-en-grave-estado\/\" \/>\n<meta property=\"og:locale\" content=\"es_ES\" \/>\n<meta property=\"og:type\" content=\"article\" \/>\n<meta property=\"og:title\" content=\"Un hombre de 35 a\u00f1os que circulaba en moto, entre Lincoln y Berm\u00fadez, en grave estado - Infoecos\" \/>\n<meta property=\"og:description\" content=\"El hombre &quot;qued\u00f3 internado en la Unidad de Terapia Intensiva del Hospital Municipal \u2018Doctor Rub\u00e9n Miravalle\u00b4 con pron\u00f3stico reservado&quot;\" \/>\n<meta property=\"og:url\" content=\"https:\/\/infoecos.com.ar\/index.php\/un-hombre-de-35-anos-que-circulaba-en-moto-entre-lincoln-y-bermudez-en-grave-estado\/\" \/>\n<meta property=\"og:site_name\" content=\"Infoecos\" \/>\n<meta property=\"article:publisher\" content=\"https:\/\/www.facebook.com\/profile.php?id=100063200290284\" \/>\n<meta property=\"article:published_time\" content=\"2023-01-29T22:21:46+00:00\" \/>\n<meta property=\"article:modified_time\" content=\"2023-01-31T06:03:38+00:00\" \/>\n<meta property=\"og:image\" content=\"https:\/\/infoecos.com.ar\/wp-content\/uploads\/2023\/01\/motolincolnbermudez.jpg\" \/>\n\t<meta property=\"og:image:width\" content=\"650\" \/>\n\t<meta property=\"og:image:height\" content=\"349\" \/>\n\t<meta property=\"og:image:type\" content=\"image\/jpeg\" \/>\n<meta name=\"author\" content=\"Jorge Matheus\" \/>\n<meta name=\"twitter:card\" content=\"summary_large_image\" \/>\n<meta name=\"twitter:creator\" content=\"@infoecos\" \/>\n<meta name=\"twitter:site\" content=\"@infoecos\" \/>\n<meta name=\"twitter:label1\" content=\"Escrito por\" \/>\n\t<meta name=\"twitter:data1\" content=\"Jorge Matheus\" \/>\n\t<meta name=\"twitter:label2\" content=\"Tiempo de lectura\" \/>\n\t<meta name=\"twitter:data2\" content=\"1 minuto\" \/>\n<script type=\"application\/ld+json\" class=\"yoast-schema-graph\">{\"@context\":\"https:\/\/schema.org\",\"@graph\":[{\"@type\":\"Article\",\"@id\":\"https:\/\/infoecos.com.ar\/index.php\/un-hombre-de-35-anos-que-circulaba-en-moto-entre-lincoln-y-bermudez-en-grave-estado\/#article\",\"isPartOf\":{\"@id\":\"https:\/\/infoecos.com.ar\/index.php\/un-hombre-de-35-anos-que-circulaba-en-moto-entre-lincoln-y-bermudez-en-grave-estado\/\"},\"author\":{\"name\":\"Jorge Matheus\",\"@id\":\"https:\/\/infoecos.com.ar\/#\/schema\/person\/8f5ace5ce73b4b4aac4b7245aee6f191\"},\"headline\":\"Un hombre de 35 a\u00f1os que circulaba en moto, entre Lincoln y Berm\u00fadez, en grave estado\",\"datePublished\":\"2023-01-29T22:21:46+00:00\",\"dateModified\":\"2023-01-31T06:03:38+00:00\",\"mainEntityOfPage\":{\"@id\":\"https:\/\/infoecos.com.ar\/index.php\/un-hombre-de-35-anos-que-circulaba-en-moto-entre-lincoln-y-bermudez-en-grave-estado\/\"},\"wordCount\":184,\"publisher\":{\"@id\":\"https:\/\/infoecos.com.ar\/#organization\"},\"image\":{\"@id\":\"https:\/\/infoecos.com.ar\/index.php\/un-hombre-de-35-anos-que-circulaba-en-moto-entre-lincoln-y-bermudez-en-grave-estado\/#primaryimage\"},\"thumbnailUrl\":\"https:\/\/infoecos.com.ar\/wp-content\/uploads\/2023\/01\/motolincolnbermudez.jpg\",\"keywords\":[\"FUE ESTE DOMINGO\"],\"articleSection\":[\"Bloque inferior - 2\"],\"inLanguage\":\"es\"},{\"@type\":\"WebPage\",\"@id\":\"https:\/\/infoecos.com.ar\/index.php\/un-hombre-de-35-anos-que-circulaba-en-moto-entre-lincoln-y-bermudez-en-grave-estado\/\",\"url\":\"https:\/\/infoecos.com.ar\/index.php\/un-hombre-de-35-anos-que-circulaba-en-moto-entre-lincoln-y-bermudez-en-grave-estado\/\",\"name\":\"Un hombre de 35 a\u00f1os que circulaba en moto, entre Lincoln y Berm\u00fadez, en grave estado - Infoecos\",\"isPartOf\":{\"@id\":\"https:\/\/infoecos.com.ar\/#website\"},\"primaryImageOfPage\":{\"@id\":\"https:\/\/infoecos.com.ar\/index.php\/un-hombre-de-35-anos-que-circulaba-en-moto-entre-lincoln-y-bermudez-en-grave-estado\/#primaryimage\"},\"image\":{\"@id\":\"https:\/\/infoecos.com.ar\/index.php\/un-hombre-de-35-anos-que-circulaba-en-moto-entre-lincoln-y-bermudez-en-grave-estado\/#primaryimage\"},\"thumbnailUrl\":\"https:\/\/infoecos.com.ar\/wp-content\/uploads\/2023\/01\/motolincolnbermudez.jpg\",\"datePublished\":\"2023-01-29T22:21:46+00:00\",\"dateModified\":\"2023-01-31T06:03:38+00:00\",\"breadcrumb\":{\"@id\":\"https:\/\/infoecos.com.ar\/index.php\/un-hombre-de-35-anos-que-circulaba-en-moto-entre-lincoln-y-bermudez-en-grave-estado\/#breadcrumb\"},\"inLanguage\":\"es\",\"potentialAction\":[{\"@type\":\"ReadAction\",\"target\":[\"https:\/\/infoecos.com.ar\/index.php\/un-hombre-de-35-anos-que-circulaba-en-moto-entre-lincoln-y-bermudez-en-grave-estado\/\"]}]},{\"@type\":\"ImageObject\",\"inLanguage\":\"es\",\"@id\":\"https:\/\/infoecos.com.ar\/index.php\/un-hombre-de-35-anos-que-circulaba-en-moto-entre-lincoln-y-bermudez-en-grave-estado\/#primaryimage\",\"url\":\"https:\/\/infoecos.com.ar\/wp-content\/uploads\/2023\/01\/motolincolnbermudez.jpg\",\"contentUrl\":\"https:\/\/infoecos.com.ar\/wp-content\/uploads\/2023\/01\/motolincolnbermudez.jpg\",\"width\":650,\"height\":349},{\"@type\":\"BreadcrumbList\",\"@id\":\"https:\/\/infoecos.com.ar\/index.php\/un-hombre-de-35-anos-que-circulaba-en-moto-entre-lincoln-y-bermudez-en-grave-estado\/#breadcrumb\",\"itemListElement\":[{\"@type\":\"ListItem\",\"position\":1,\"name\":\"Portada\",\"item\":\"https:\/\/infoecos.com.ar\/\"},{\"@type\":\"ListItem\",\"position\":2,\"name\":\"Un hombre de 35 a\u00f1os que circulaba en moto, entre Lincoln y Berm\u00fadez, en grave estado\"}]},{\"@type\":\"WebSite\",\"@id\":\"https:\/\/infoecos.com.ar\/#website\",\"url\":\"https:\/\/infoecos.com.ar\/\",\"name\":\"Infoecos\",\"description\":\"Noticias de trenque lauquen y la zona\",\"publisher\":{\"@id\":\"https:\/\/infoecos.com.ar\/#organization\"},\"alternateName\":\"Noticias\",\"potentialAction\":[{\"@type\":\"SearchAction\",\"target\":{\"@type\":\"EntryPoint\",\"urlTemplate\":\"https:\/\/infoecos.com.ar\/?s={search_term_string}\"},\"query-input\":{\"@type\":\"PropertyValueSpecification\",\"valueRequired\":true,\"valueName\":\"search_term_string\"}}],\"inLanguage\":\"es\"},{\"@type\":\"Organization\",\"@id\":\"https:\/\/infoecos.com.ar\/#organization\",\"name\":\"Infoecos\",\"alternateName\":\"Noticias\",\"url\":\"https:\/\/infoecos.com.ar\/\",\"logo\":{\"@type\":\"ImageObject\",\"inLanguage\":\"es\",\"@id\":\"https:\/\/infoecos.com.ar\/#\/schema\/logo\/image\/\",\"url\":\"https:\/\/infoecos.com.ar\/wp-content\/uploads\/2024\/03\/cropped-logo.png\",\"contentUrl\":\"https:\/\/infoecos.com.ar\/wp-content\/uploads\/2024\/03\/cropped-logo.png\",\"width\":374,\"height\":90,\"caption\":\"Infoecos\"},\"image\":{\"@id\":\"https:\/\/infoecos.com.ar\/#\/schema\/logo\/image\/\"},\"sameAs\":[\"https:\/\/www.facebook.com\/profile.php?id=100063200290284\",\"https:\/\/x.com\/infoecos\"]},{\"@type\":\"Person\",\"@id\":\"https:\/\/infoecos.com.ar\/#\/schema\/person\/8f5ace5ce73b4b4aac4b7245aee6f191\",\"name\":\"Jorge Matheus\",\"url\":\"https:\/\/infoecos.com.ar\/index.php\/author\/jomatheus\/\"}]}<\/script>\n<!-- \/ Yoast SEO plugin. -->","yoast_head_json":{"title":"Un hombre de 35 a\u00f1os que circulaba en moto, entre Lincoln y Berm\u00fadez, en grave estado - Infoecos","robots":{"index":"index","follow":"follow","max-snippet":"max-snippet:-1","max-image-preview":"max-image-preview:large","max-video-preview":"max-video-preview:-1"},"canonical":"https:\/\/infoecos.com.ar\/index.php\/un-hombre-de-35-anos-que-circulaba-en-moto-entre-lincoln-y-bermudez-en-grave-estado\/","og_locale":"es_ES","og_type":"article","og_title":"Un hombre de 35 a\u00f1os que circulaba en moto, entre Lincoln y Berm\u00fadez, en grave estado - Infoecos","og_description":"El hombre \"qued\u00f3 internado en la Unidad de Terapia Intensiva del Hospital Municipal \u2018Doctor Rub\u00e9n Miravalle\u00b4 con pron\u00f3stico reservado\"","og_url":"https:\/\/infoecos.com.ar\/index.php\/un-hombre-de-35-anos-que-circulaba-en-moto-entre-lincoln-y-bermudez-en-grave-estado\/","og_site_name":"Infoecos","article_publisher":"https:\/\/www.facebook.com\/profile.php?id=100063200290284","article_published_time":"2023-01-29T22:21:46+00:00","article_modified_time":"2023-01-31T06:03:38+00:00","og_image":[{"width":650,"height":349,"url":"https:\/\/infoecos.com.ar\/wp-content\/uploads\/2023\/01\/motolincolnbermudez.jpg","type":"image\/jpeg"}],"author":"Jorge Matheus","twitter_card":"summary_large_image","twitter_creator":"@infoecos","twitter_site":"@infoecos","twitter_misc":{"Escrito por":"Jorge Matheus","Tiempo de lectura":"1 minuto"},"schema":{"@context":"https:\/\/schema.org","@graph":[{"@type":"Article","@id":"https:\/\/infoecos.com.ar\/index.php\/un-hombre-de-35-anos-que-circulaba-en-moto-entre-lincoln-y-bermudez-en-grave-estado\/#article","isPartOf":{"@id":"https:\/\/infoecos.com.ar\/index.php\/un-hombre-de-35-anos-que-circulaba-en-moto-entre-lincoln-y-bermudez-en-grave-estado\/"},"author":{"name":"Jorge Matheus","@id":"https:\/\/infoecos.com.ar\/#\/schema\/person\/8f5ace5ce73b4b4aac4b7245aee6f191"},"headline":"Un hombre de 35 a\u00f1os que circulaba en moto, entre Lincoln y Berm\u00fadez, en grave estado","datePublished":"2023-01-29T22:21:46+00:00","dateModified":"2023-01-31T06:03:38+00:00","mainEntityOfPage":{"@id":"https:\/\/infoecos.com.ar\/index.php\/un-hombre-de-35-anos-que-circulaba-en-moto-entre-lincoln-y-bermudez-en-grave-estado\/"},"wordCount":184,"publisher":{"@id":"https:\/\/infoecos.com.ar\/#organization"},"image":{"@id":"https:\/\/infoecos.com.ar\/index.php\/un-hombre-de-35-anos-que-circulaba-en-moto-entre-lincoln-y-bermudez-en-grave-estado\/#primaryimage"},"thumbnailUrl":"https:\/\/infoecos.com.ar\/wp-content\/uploads\/2023\/01\/motolincolnbermudez.jpg","keywords":["FUE ESTE DOMINGO"],"articleSection":["Bloque inferior - 2"],"inLanguage":"es"},{"@type":"WebPage","@id":"https:\/\/infoecos.com.ar\/index.php\/un-hombre-de-35-anos-que-circulaba-en-moto-entre-lincoln-y-bermudez-en-grave-estado\/","url":"https:\/\/infoecos.com.ar\/index.php\/un-hombre-de-35-anos-que-circulaba-en-moto-entre-lincoln-y-bermudez-en-grave-estado\/","name":"Un hombre de 35 a\u00f1os que circulaba en moto, entre Lincoln y Berm\u00fadez, en grave estado - Infoecos","isPartOf":{"@id":"https:\/\/infoecos.com.ar\/#website"},"primaryImageOfPage":{"@id":"https:\/\/infoecos.com.ar\/index.php\/un-hombre-de-35-anos-que-circulaba-en-moto-entre-lincoln-y-bermudez-en-grave-estado\/#primaryimage"},"image":{"@id":"https:\/\/infoecos.com.ar\/index.php\/un-hombre-de-35-anos-que-circulaba-en-moto-entre-lincoln-y-bermudez-en-grave-estado\/#primaryimage"},"thumbnailUrl":"https:\/\/infoecos.com.ar\/wp-content\/uploads\/2023\/01\/motolincolnbermudez.jpg","datePublished":"2023-01-29T22:21:46+00:00","dateModified":"2023-01-31T06:03:38+00:00","breadcrumb":{"@id":"https:\/\/infoecos.com.ar\/index.php\/un-hombre-de-35-anos-que-circulaba-en-moto-entre-lincoln-y-bermudez-en-grave-estado\/#breadcrumb"},"inLanguage":"es","potentialAction":[{"@type":"ReadAction","target":["https:\/\/infoecos.com.ar\/index.php\/un-hombre-de-35-anos-que-circulaba-en-moto-entre-lincoln-y-bermudez-en-grave-estado\/"]}]},{"@type":"ImageObject","inLanguage":"es","@id":"https:\/\/infoecos.com.ar\/index.php\/un-hombre-de-35-anos-que-circulaba-en-moto-entre-lincoln-y-bermudez-en-grave-estado\/#primaryimage","url":"https:\/\/infoecos.com.ar\/wp-content\/uploads\/2023\/01\/motolincolnbermudez.jpg","contentUrl":"https:\/\/infoecos.com.ar\/wp-content\/uploads\/2023\/01\/motolincolnbermudez.jpg","width":650,"height":349},{"@type":"BreadcrumbList","@id":"https:\/\/infoecos.com.ar\/index.php\/un-hombre-de-35-anos-que-circulaba-en-moto-entre-lincoln-y-bermudez-en-grave-estado\/#breadcrumb","itemListElement":[{"@type":"ListItem","position":1,"name":"Portada","item":"https:\/\/infoecos.com.ar\/"},{"@type":"ListItem","position":2,"name":"Un hombre de 35 a\u00f1os que circulaba en moto, entre Lincoln y Berm\u00fadez, en grave estado"}]},{"@type":"WebSite","@id":"https:\/\/infoecos.com.ar\/#website","url":"https:\/\/infoecos.com.ar\/","name":"Infoecos","description":"Noticias de trenque lauquen y la zona","publisher":{"@id":"https:\/\/infoecos.com.ar\/#organization"},"alternateName":"Noticias","potentialAction":[{"@type":"SearchAction","target":{"@type":"EntryPoint","urlTemplate":"https:\/\/infoecos.com.ar\/?s={search_term_string}"},"query-input":{"@type":"PropertyValueSpecification","valueRequired":true,"valueName":"search_term_string"}}],"inLanguage":"es"},{"@type":"Organization","@id":"https:\/\/infoecos.com.ar\/#organization","name":"Infoecos","alternateName":"Noticias","url":"https:\/\/infoecos.com.ar\/","logo":{"@type":"ImageObject","inLanguage":"es","@id":"https:\/\/infoecos.com.ar\/#\/schema\/logo\/image\/","url":"https:\/\/infoecos.com.ar\/wp-content\/uploads\/2024\/03\/cropped-logo.png","contentUrl":"https:\/\/infoecos.com.ar\/wp-content\/uploads\/2024\/03\/cropped-logo.png","width":374,"height":90,"caption":"Infoecos"},"image":{"@id":"https:\/\/infoecos.com.ar\/#\/schema\/logo\/image\/"},"sameAs":["https:\/\/www.facebook.com\/profile.php?id=100063200290284","https:\/\/x.com\/infoecos"]},{"@type":"Person","@id":"https:\/\/infoecos.com.ar\/#\/schema\/person\/8f5ace5ce73b4b4aac4b7245aee6f191","name":"Jorge Matheus","url":"https:\/\/infoecos.com.ar\/index.php\/author\/jomatheus\/"}]}},"featured_image_urls":{"full":["https:\/\/infoecos.com.ar\/wp-content\/uploads\/2023\/01\/motolincolnbermudez.jpg",650,349,false],"thumbnail":["https:\/\/infoecos.com.ar\/wp-content\/uploads\/2023\/01\/motolincolnbermudez-300x150.jpg",300,150,true],"medium":["https:\/\/infoecos.com.ar\/wp-content\/uploads\/2023\/01\/motolincolnbermudez.jpg",650,349,false],"medium_large":["https:\/\/infoecos.com.ar\/wp-content\/uploads\/2023\/01\/motolincolnbermudez.jpg",640,344,false],"large":["https:\/\/infoecos.com.ar\/wp-content\/uploads\/2023\/01\/motolincolnbermudez.jpg",640,344,false],"1536x1536":["https:\/\/infoecos.com.ar\/wp-content\/uploads\/2023\/01\/motolincolnbermudez.jpg",650,349,false],"2048x2048":["https:\/\/infoecos.com.ar\/wp-content\/uploads\/2023\/01\/motolincolnbermudez.jpg",650,349,false],"covernews-slider-full":["https:\/\/infoecos.com.ar\/wp-content\/uploads\/2023\/01\/motolincolnbermudez.jpg",650,349,false],"covernews-slider-center":["https:\/\/infoecos.com.ar\/wp-content\/uploads\/2023\/01\/motolincolnbermudez.jpg",650,349,false],"covernews-featured":["https:\/\/infoecos.com.ar\/wp-content\/uploads\/2023\/01\/motolincolnbermudez.jpg",650,349,false],"covernews-medium":["https:\/\/infoecos.com.ar\/wp-content\/uploads\/2023\/01\/motolincolnbermudez.jpg",540,290,false],"covernews-medium-square":["https:\/\/infoecos.com.ar\/wp-content\/uploads\/2023\/01\/motolincolnbermudez.jpg",400,215,false]},"author_info":{"info":["Jorge Matheus"]},"category_info":"<a href=\"https:\/\/infoecos.com.ar\/index.php\/category\/inferior2\/\" rel=\"category tag\">Bloque inferior - 2<\/a>","tag_info":"Bloque inferior - 2","comment_count":"0","_links":{"self":[{"href":"https:\/\/infoecos.com.ar\/index.php\/wp-json\/wp\/v2\/posts\/101195"}],"collection":[{"href":"https:\/\/infoecos.com.ar\/index.php\/wp-json\/wp\/v2\/posts"}],"about":[{"href":"https:\/\/infoecos.com.ar\/index.php\/wp-json\/wp\/v2\/types\/post"}],"author":[{"embeddable":true,"href":"https:\/\/infoecos.com.ar\/index.php\/wp-json\/wp\/v2\/users\/2"}],"replies":[{"embeddable":true,"href":"https:\/\/infoecos.com.ar\/index.php\/wp-json\/wp\/v2\/comments?post=101195"}],"version-history":[{"count":1,"href":"https:\/\/infoecos.com.ar\/index.php\/wp-json\/wp\/v2\/posts\/101195\/revisions"}],"predecessor-version":[{"id":101197,"href":"https:\/\/infoecos.com.ar\/index.php\/wp-json\/wp\/v2\/posts\/101195\/revisions\/101197"}],"wp:featuredmedia":[{"embeddable":true,"href":"https:\/\/infoecos.com.ar\/index.php\/wp-json\/wp\/v2\/media\/101196"}],"wp:attachment":[{"href":"https:\/\/infoecos.com.ar\/index.php\/wp-json\/wp\/v2\/media?parent=101195"}],"wp:term":[{"taxonomy":"category","embeddable":true,"href":"https:\/\/infoecos.com.ar\/index.php\/wp-json\/wp\/v2\/categories?post=101195"},{"taxonomy":"post_tag","embeddable":true,"href":"https:\/\/infoecos.com.ar\/index.php\/wp-json\/wp\/v2\/tags?post=101195"}],"curies":[{"name":"wp","href":"https:\/\/api.w.org\/{rel}","templated":true}]}}