{"id":101231,"date":"2023-01-30T19:04:22","date_gmt":"2023-01-30T22:04:22","guid":{"rendered":"https:\/\/infoecos.com.ar\/?p=101231"},"modified":"2023-01-30T19:04:22","modified_gmt":"2023-01-30T22:04:22","slug":"aprehensiones-realizadas-por-la-policia-de-trenque-lauquen-el-pasado-28-de-enero","status":"publish","type":"post","link":"https:\/\/infoecos.com.ar\/index.php\/aprehensiones-realizadas-por-la-policia-de-trenque-lauquen-el-pasado-28-de-enero\/","title":{"rendered":"Aprehensiones realizadas por la Polic\u00eda de Trenque Lauquen, el pasado 28 de Enero"},"content":{"rendered":"\n<p>La Polic\u00eda de Trenque Lauquen intervino en la aprehensi\u00f3n de dos personas, tambi\u00e9n el d\u00eda 28 de enero.<\/p>\n\n\n\n<figure class=\"wp-block-image aligncenter size-full is-resized\"><img loading=\"lazy\" decoding=\"async\" src=\"https:\/\/infoecos.com.ar\/wp-content\/uploads\/2021\/09\/comisaria1.jpg\" alt=\"\" class=\"wp-image-86316\" width=\"530\" height=\"398\" srcset=\"https:\/\/infoecos.com.ar\/wp-content\/uploads\/2021\/09\/comisaria1.jpg 828w, https:\/\/infoecos.com.ar\/wp-content\/uploads\/2021\/09\/comisaria1-460x345.jpg 460w, https:\/\/infoecos.com.ar\/wp-content\/uploads\/2021\/09\/comisaria1-768x576.jpg 768w\" sizes=\"(max-width: 530px) 100vw, 530px\" \/><\/figure>\n\n\n\n<p>A las 7 horas de esa jornada se procedi\u00f3 a la aprehensi\u00f3n de Luis Mauro Su\u00e1rez, de 34 a\u00f1os de edad. Circulaba a bordo de una bicicleta tipo playera esgrimiendo arma blanca. Se inform\u00f3 que al momento de ser interceptado se constat\u00f3 que pesa sobre Su\u00e1rez un pedido de paradero activo, emitido por el Juzgado Correccional n\u00famero 1 del Departamento Judicial de Trenque Lauquen.<\/p>\n\n\n\n<p>En horas de la tarde, casi noche, personal de la comisar\u00eda primera tambi\u00e9n procedi\u00f3 a la aprehensi\u00f3n de Talia Ponce, de 26 a\u00f1os. Fue a ra\u00edz del quebranto, por parte de la mencionada de una medida de restricci\u00f3n perimetral, dispuesta por el Juzgado de Familia n\u00famero del Departamento Judicial de Trenque Lauquen. Se caratul\u00f3 esta causa como Desobediencia Flagrante. <\/p>\n\n\n\n<p><\/p>\n","protected":false},"excerpt":{"rendered":"<p>Por pedido de paradero activo y por quebranto de una restricci\u00f3n perimetral<\/p>\n","protected":false},"author":2,"featured_media":86316,"comment_status":"closed","ping_status":"open","sticky":false,"template":"","format":"standard","meta":{"footnotes":""},"categories":[29],"tags":[1056],"class_list":["post-101231","post","type-post","status-publish","format-standard","has-post-thumbnail","hentry","category-c2nota1","tag-policial-trenque-lauquen"],"yoast_head":"<!-- This site is optimized with the Yoast SEO plugin v23.4 - https:\/\/yoast.com\/wordpress\/plugins\/seo\/ -->\n<title>Aprehensiones realizadas por la Polic\u00eda de Trenque Lauquen, el pasado 28 de Enero - Infoecos<\/title>\n<meta name=\"robots\" content=\"index, follow, max-snippet:-1, max-image-preview:large, max-video-preview:-1\" \/>\n<link rel=\"canonical\" href=\"https:\/\/infoecos.com.ar\/index.php\/aprehensiones-realizadas-por-la-policia-de-trenque-lauquen-el-pasado-28-de-enero\/\" \/>\n<meta property=\"og:locale\" content=\"es_ES\" \/>\n<meta property=\"og:type\" content=\"article\" \/>\n<meta property=\"og:title\" content=\"Aprehensiones realizadas por la Polic\u00eda de Trenque Lauquen, el pasado 28 de Enero - Infoecos\" \/>\n<meta property=\"og:description\" content=\"Por pedido de paradero activo y por quebranto de una restricci\u00f3n perimetral\" \/>\n<meta property=\"og:url\" content=\"https:\/\/infoecos.com.ar\/index.php\/aprehensiones-realizadas-por-la-policia-de-trenque-lauquen-el-pasado-28-de-enero\/\" \/>\n<meta property=\"og:site_name\" content=\"Infoecos\" \/>\n<meta property=\"article:publisher\" content=\"https:\/\/www.facebook.com\/profile.php?id=100063200290284\" \/>\n<meta property=\"article:published_time\" content=\"2023-01-30T22:04:22+00:00\" \/>\n<meta property=\"og:image\" content=\"https:\/\/infoecos.com.ar\/wp-content\/uploads\/2021\/09\/comisaria1.jpg\" \/>\n\t<meta property=\"og:image:width\" content=\"828\" \/>\n\t<meta property=\"og:image:height\" content=\"621\" \/>\n\t<meta property=\"og:image:type\" content=\"image\/jpeg\" \/>\n<meta name=\"author\" content=\"Jorge Matheus\" \/>\n<meta name=\"twitter:card\" content=\"summary_large_image\" \/>\n<meta name=\"twitter:creator\" content=\"@infoecos\" \/>\n<meta name=\"twitter:site\" content=\"@infoecos\" \/>\n<meta name=\"twitter:label1\" content=\"Escrito por\" \/>\n\t<meta name=\"twitter:data1\" content=\"Jorge Matheus\" \/>\n\t<meta name=\"twitter:label2\" content=\"Tiempo de lectura\" \/>\n\t<meta name=\"twitter:data2\" content=\"1 minuto\" \/>\n<script type=\"application\/ld+json\" class=\"yoast-schema-graph\">{\"@context\":\"https:\/\/schema.org\",\"@graph\":[{\"@type\":\"Article\",\"@id\":\"https:\/\/infoecos.com.ar\/index.php\/aprehensiones-realizadas-por-la-policia-de-trenque-lauquen-el-pasado-28-de-enero\/#article\",\"isPartOf\":{\"@id\":\"https:\/\/infoecos.com.ar\/index.php\/aprehensiones-realizadas-por-la-policia-de-trenque-lauquen-el-pasado-28-de-enero\/\"},\"author\":{\"name\":\"Jorge Matheus\",\"@id\":\"https:\/\/infoecos.com.ar\/#\/schema\/person\/8f5ace5ce73b4b4aac4b7245aee6f191\"},\"headline\":\"Aprehensiones realizadas por la Polic\u00eda de Trenque Lauquen, el pasado 28 de Enero\",\"datePublished\":\"2023-01-30T22:04:22+00:00\",\"dateModified\":\"2023-01-30T22:04:22+00:00\",\"mainEntityOfPage\":{\"@id\":\"https:\/\/infoecos.com.ar\/index.php\/aprehensiones-realizadas-por-la-policia-de-trenque-lauquen-el-pasado-28-de-enero\/\"},\"wordCount\":165,\"publisher\":{\"@id\":\"https:\/\/infoecos.com.ar\/#organization\"},\"image\":{\"@id\":\"https:\/\/infoecos.com.ar\/index.php\/aprehensiones-realizadas-por-la-policia-de-trenque-lauquen-el-pasado-28-de-enero\/#primaryimage\"},\"thumbnailUrl\":\"https:\/\/infoecos.com.ar\/wp-content\/uploads\/2021\/09\/comisaria1.jpg\",\"keywords\":[\"POLICIAL - TRENQUE LAUQUEN\"],\"articleSection\":[\"C2 nota 1\"],\"inLanguage\":\"es\"},{\"@type\":\"WebPage\",\"@id\":\"https:\/\/infoecos.com.ar\/index.php\/aprehensiones-realizadas-por-la-policia-de-trenque-lauquen-el-pasado-28-de-enero\/\",\"url\":\"https:\/\/infoecos.com.ar\/index.php\/aprehensiones-realizadas-por-la-policia-de-trenque-lauquen-el-pasado-28-de-enero\/\",\"name\":\"Aprehensiones realizadas por la Polic\u00eda de Trenque Lauquen, el pasado 28 de Enero - Infoecos\",\"isPartOf\":{\"@id\":\"https:\/\/infoecos.com.ar\/#website\"},\"primaryImageOfPage\":{\"@id\":\"https:\/\/infoecos.com.ar\/index.php\/aprehensiones-realizadas-por-la-policia-de-trenque-lauquen-el-pasado-28-de-enero\/#primaryimage\"},\"image\":{\"@id\":\"https:\/\/infoecos.com.ar\/index.php\/aprehensiones-realizadas-por-la-policia-de-trenque-lauquen-el-pasado-28-de-enero\/#primaryimage\"},\"thumbnailUrl\":\"https:\/\/infoecos.com.ar\/wp-content\/uploads\/2021\/09\/comisaria1.jpg\",\"datePublished\":\"2023-01-30T22:04:22+00:00\",\"dateModified\":\"2023-01-30T22:04:22+00:00\",\"breadcrumb\":{\"@id\":\"https:\/\/infoecos.com.ar\/index.php\/aprehensiones-realizadas-por-la-policia-de-trenque-lauquen-el-pasado-28-de-enero\/#breadcrumb\"},\"inLanguage\":\"es\",\"potentialAction\":[{\"@type\":\"ReadAction\",\"target\":[\"https:\/\/infoecos.com.ar\/index.php\/aprehensiones-realizadas-por-la-policia-de-trenque-lauquen-el-pasado-28-de-enero\/\"]}]},{\"@type\":\"ImageObject\",\"inLanguage\":\"es\",\"@id\":\"https:\/\/infoecos.com.ar\/index.php\/aprehensiones-realizadas-por-la-policia-de-trenque-lauquen-el-pasado-28-de-enero\/#primaryimage\",\"url\":\"https:\/\/infoecos.com.ar\/wp-content\/uploads\/2021\/09\/comisaria1.jpg\",\"contentUrl\":\"https:\/\/infoecos.com.ar\/wp-content\/uploads\/2021\/09\/comisaria1.jpg\",\"width\":828,\"height\":621},{\"@type\":\"BreadcrumbList\",\"@id\":\"https:\/\/infoecos.com.ar\/index.php\/aprehensiones-realizadas-por-la-policia-de-trenque-lauquen-el-pasado-28-de-enero\/#breadcrumb\",\"itemListElement\":[{\"@type\":\"ListItem\",\"position\":1,\"name\":\"Portada\",\"item\":\"https:\/\/infoecos.com.ar\/\"},{\"@type\":\"ListItem\",\"position\":2,\"name\":\"Aprehensiones realizadas por la Polic\u00eda de Trenque Lauquen, el pasado 28 de Enero\"}]},{\"@type\":\"WebSite\",\"@id\":\"https:\/\/infoecos.com.ar\/#website\",\"url\":\"https:\/\/infoecos.com.ar\/\",\"name\":\"Infoecos\",\"description\":\"Noticias de trenque lauquen y la zona\",\"publisher\":{\"@id\":\"https:\/\/infoecos.com.ar\/#organization\"},\"alternateName\":\"Noticias\",\"potentialAction\":[{\"@type\":\"SearchAction\",\"target\":{\"@type\":\"EntryPoint\",\"urlTemplate\":\"https:\/\/infoecos.com.ar\/?s={search_term_string}\"},\"query-input\":{\"@type\":\"PropertyValueSpecification\",\"valueRequired\":true,\"valueName\":\"search_term_string\"}}],\"inLanguage\":\"es\"},{\"@type\":\"Organization\",\"@id\":\"https:\/\/infoecos.com.ar\/#organization\",\"name\":\"Infoecos\",\"alternateName\":\"Noticias\",\"url\":\"https:\/\/infoecos.com.ar\/\",\"logo\":{\"@type\":\"ImageObject\",\"inLanguage\":\"es\",\"@id\":\"https:\/\/infoecos.com.ar\/#\/schema\/logo\/image\/\",\"url\":\"https:\/\/infoecos.com.ar\/wp-content\/uploads\/2024\/03\/cropped-logo.png\",\"contentUrl\":\"https:\/\/infoecos.com.ar\/wp-content\/uploads\/2024\/03\/cropped-logo.png\",\"width\":374,\"height\":90,\"caption\":\"Infoecos\"},\"image\":{\"@id\":\"https:\/\/infoecos.com.ar\/#\/schema\/logo\/image\/\"},\"sameAs\":[\"https:\/\/www.facebook.com\/profile.php?id=100063200290284\",\"https:\/\/x.com\/infoecos\"]},{\"@type\":\"Person\",\"@id\":\"https:\/\/infoecos.com.ar\/#\/schema\/person\/8f5ace5ce73b4b4aac4b7245aee6f191\",\"name\":\"Jorge Matheus\",\"url\":\"https:\/\/infoecos.com.ar\/index.php\/author\/jomatheus\/\"}]}<\/script>\n<!-- \/ Yoast SEO plugin. -->","yoast_head_json":{"title":"Aprehensiones realizadas por la Polic\u00eda de Trenque Lauquen, el pasado 28 de Enero - Infoecos","robots":{"index":"index","follow":"follow","max-snippet":"max-snippet:-1","max-image-preview":"max-image-preview:large","max-video-preview":"max-video-preview:-1"},"canonical":"https:\/\/infoecos.com.ar\/index.php\/aprehensiones-realizadas-por-la-policia-de-trenque-lauquen-el-pasado-28-de-enero\/","og_locale":"es_ES","og_type":"article","og_title":"Aprehensiones realizadas por la Polic\u00eda de Trenque Lauquen, el pasado 28 de Enero - Infoecos","og_description":"Por pedido de paradero activo y por quebranto de una restricci\u00f3n perimetral","og_url":"https:\/\/infoecos.com.ar\/index.php\/aprehensiones-realizadas-por-la-policia-de-trenque-lauquen-el-pasado-28-de-enero\/","og_site_name":"Infoecos","article_publisher":"https:\/\/www.facebook.com\/profile.php?id=100063200290284","article_published_time":"2023-01-30T22:04:22+00:00","og_image":[{"width":828,"height":621,"url":"https:\/\/infoecos.com.ar\/wp-content\/uploads\/2021\/09\/comisaria1.jpg","type":"image\/jpeg"}],"author":"Jorge Matheus","twitter_card":"summary_large_image","twitter_creator":"@infoecos","twitter_site":"@infoecos","twitter_misc":{"Escrito por":"Jorge Matheus","Tiempo de lectura":"1 minuto"},"schema":{"@context":"https:\/\/schema.org","@graph":[{"@type":"Article","@id":"https:\/\/infoecos.com.ar\/index.php\/aprehensiones-realizadas-por-la-policia-de-trenque-lauquen-el-pasado-28-de-enero\/#article","isPartOf":{"@id":"https:\/\/infoecos.com.ar\/index.php\/aprehensiones-realizadas-por-la-policia-de-trenque-lauquen-el-pasado-28-de-enero\/"},"author":{"name":"Jorge Matheus","@id":"https:\/\/infoecos.com.ar\/#\/schema\/person\/8f5ace5ce73b4b4aac4b7245aee6f191"},"headline":"Aprehensiones realizadas por la Polic\u00eda de Trenque Lauquen, el pasado 28 de Enero","datePublished":"2023-01-30T22:04:22+00:00","dateModified":"2023-01-30T22:04:22+00:00","mainEntityOfPage":{"@id":"https:\/\/infoecos.com.ar\/index.php\/aprehensiones-realizadas-por-la-policia-de-trenque-lauquen-el-pasado-28-de-enero\/"},"wordCount":165,"publisher":{"@id":"https:\/\/infoecos.com.ar\/#organization"},"image":{"@id":"https:\/\/infoecos.com.ar\/index.php\/aprehensiones-realizadas-por-la-policia-de-trenque-lauquen-el-pasado-28-de-enero\/#primaryimage"},"thumbnailUrl":"https:\/\/infoecos.com.ar\/wp-content\/uploads\/2021\/09\/comisaria1.jpg","keywords":["POLICIAL - TRENQUE LAUQUEN"],"articleSection":["C2 nota 1"],"inLanguage":"es"},{"@type":"WebPage","@id":"https:\/\/infoecos.com.ar\/index.php\/aprehensiones-realizadas-por-la-policia-de-trenque-lauquen-el-pasado-28-de-enero\/","url":"https:\/\/infoecos.com.ar\/index.php\/aprehensiones-realizadas-por-la-policia-de-trenque-lauquen-el-pasado-28-de-enero\/","name":"Aprehensiones realizadas por la Polic\u00eda de Trenque Lauquen, el pasado 28 de Enero - Infoecos","isPartOf":{"@id":"https:\/\/infoecos.com.ar\/#website"},"primaryImageOfPage":{"@id":"https:\/\/infoecos.com.ar\/index.php\/aprehensiones-realizadas-por-la-policia-de-trenque-lauquen-el-pasado-28-de-enero\/#primaryimage"},"image":{"@id":"https:\/\/infoecos.com.ar\/index.php\/aprehensiones-realizadas-por-la-policia-de-trenque-lauquen-el-pasado-28-de-enero\/#primaryimage"},"thumbnailUrl":"https:\/\/infoecos.com.ar\/wp-content\/uploads\/2021\/09\/comisaria1.jpg","datePublished":"2023-01-30T22:04:22+00:00","dateModified":"2023-01-30T22:04:22+00:00","breadcrumb":{"@id":"https:\/\/infoecos.com.ar\/index.php\/aprehensiones-realizadas-por-la-policia-de-trenque-lauquen-el-pasado-28-de-enero\/#breadcrumb"},"inLanguage":"es","potentialAction":[{"@type":"ReadAction","target":["https:\/\/infoecos.com.ar\/index.php\/aprehensiones-realizadas-por-la-policia-de-trenque-lauquen-el-pasado-28-de-enero\/"]}]},{"@type":"ImageObject","inLanguage":"es","@id":"https:\/\/infoecos.com.ar\/index.php\/aprehensiones-realizadas-por-la-policia-de-trenque-lauquen-el-pasado-28-de-enero\/#primaryimage","url":"https:\/\/infoecos.com.ar\/wp-content\/uploads\/2021\/09\/comisaria1.jpg","contentUrl":"https:\/\/infoecos.com.ar\/wp-content\/uploads\/2021\/09\/comisaria1.jpg","width":828,"height":621},{"@type":"BreadcrumbList","@id":"https:\/\/infoecos.com.ar\/index.php\/aprehensiones-realizadas-por-la-policia-de-trenque-lauquen-el-pasado-28-de-enero\/#breadcrumb","itemListElement":[{"@type":"ListItem","position":1,"name":"Portada","item":"https:\/\/infoecos.com.ar\/"},{"@type":"ListItem","position":2,"name":"Aprehensiones realizadas por la Polic\u00eda de Trenque Lauquen, el pasado 28 de Enero"}]},{"@type":"WebSite","@id":"https:\/\/infoecos.com.ar\/#website","url":"https:\/\/infoecos.com.ar\/","name":"Infoecos","description":"Noticias de trenque lauquen y la zona","publisher":{"@id":"https:\/\/infoecos.com.ar\/#organization"},"alternateName":"Noticias","potentialAction":[{"@type":"SearchAction","target":{"@type":"EntryPoint","urlTemplate":"https:\/\/infoecos.com.ar\/?s={search_term_string}"},"query-input":{"@type":"PropertyValueSpecification","valueRequired":true,"valueName":"search_term_string"}}],"inLanguage":"es"},{"@type":"Organization","@id":"https:\/\/infoecos.com.ar\/#organization","name":"Infoecos","alternateName":"Noticias","url":"https:\/\/infoecos.com.ar\/","logo":{"@type":"ImageObject","inLanguage":"es","@id":"https:\/\/infoecos.com.ar\/#\/schema\/logo\/image\/","url":"https:\/\/infoecos.com.ar\/wp-content\/uploads\/2024\/03\/cropped-logo.png","contentUrl":"https:\/\/infoecos.com.ar\/wp-content\/uploads\/2024\/03\/cropped-logo.png","width":374,"height":90,"caption":"Infoecos"},"image":{"@id":"https:\/\/infoecos.com.ar\/#\/schema\/logo\/image\/"},"sameAs":["https:\/\/www.facebook.com\/profile.php?id=100063200290284","https:\/\/x.com\/infoecos"]},{"@type":"Person","@id":"https:\/\/infoecos.com.ar\/#\/schema\/person\/8f5ace5ce73b4b4aac4b7245aee6f191","name":"Jorge Matheus","url":"https:\/\/infoecos.com.ar\/index.php\/author\/jomatheus\/"}]}},"featured_image_urls":{"full":["https:\/\/infoecos.com.ar\/wp-content\/uploads\/2021\/09\/comisaria1.jpg",828,621,false],"thumbnail":["https:\/\/infoecos.com.ar\/wp-content\/uploads\/2021\/09\/comisaria1-150x150.jpg",150,150,true],"medium":["https:\/\/infoecos.com.ar\/wp-content\/uploads\/2021\/09\/comisaria1-460x345.jpg",460,345,true],"medium_large":["https:\/\/infoecos.com.ar\/wp-content\/uploads\/2021\/09\/comisaria1-768x576.jpg",640,480,true],"large":["https:\/\/infoecos.com.ar\/wp-content\/uploads\/2021\/09\/comisaria1.jpg",640,480,false],"1536x1536":["https:\/\/infoecos.com.ar\/wp-content\/uploads\/2021\/09\/comisaria1.jpg",828,621,false],"2048x2048":["https:\/\/infoecos.com.ar\/wp-content\/uploads\/2021\/09\/comisaria1.jpg",828,621,false],"covernews-slider-full":["https:\/\/infoecos.com.ar\/wp-content\/uploads\/2021\/09\/comisaria1.jpg",828,621,false],"covernews-slider-center":["https:\/\/infoecos.com.ar\/wp-content\/uploads\/2021\/09\/comisaria1.jpg",667,500,false],"covernews-featured":["https:\/\/infoecos.com.ar\/wp-content\/uploads\/2021\/09\/comisaria1.jpg",828,621,false],"covernews-medium":["https:\/\/infoecos.com.ar\/wp-content\/uploads\/2021\/09\/comisaria1-720x380.jpg",540,285,true],"covernews-medium-square":["https:\/\/infoecos.com.ar\/wp-content\/uploads\/2021\/09\/comisaria1-675x450.jpg",375,250,true]},"author_info":{"info":["Jorge Matheus"]},"category_info":"<a href=\"https:\/\/infoecos.com.ar\/index.php\/category\/c2nota1\/\" rel=\"category tag\">C2 nota 1<\/a>","tag_info":"C2 nota 1","comment_count":"0","_links":{"self":[{"href":"https:\/\/infoecos.com.ar\/index.php\/wp-json\/wp\/v2\/posts\/101231"}],"collection":[{"href":"https:\/\/infoecos.com.ar\/index.php\/wp-json\/wp\/v2\/posts"}],"about":[{"href":"https:\/\/infoecos.com.ar\/index.php\/wp-json\/wp\/v2\/types\/post"}],"author":[{"embeddable":true,"href":"https:\/\/infoecos.com.ar\/index.php\/wp-json\/wp\/v2\/users\/2"}],"replies":[{"embeddable":true,"href":"https:\/\/infoecos.com.ar\/index.php\/wp-json\/wp\/v2\/comments?post=101231"}],"version-history":[{"count":1,"href":"https:\/\/infoecos.com.ar\/index.php\/wp-json\/wp\/v2\/posts\/101231\/revisions"}],"predecessor-version":[{"id":101232,"href":"https:\/\/infoecos.com.ar\/index.php\/wp-json\/wp\/v2\/posts\/101231\/revisions\/101232"}],"wp:featuredmedia":[{"embeddable":true,"href":"https:\/\/infoecos.com.ar\/index.php\/wp-json\/wp\/v2\/media\/86316"}],"wp:attachment":[{"href":"https:\/\/infoecos.com.ar\/index.php\/wp-json\/wp\/v2\/media?parent=101231"}],"wp:term":[{"taxonomy":"category","embeddable":true,"href":"https:\/\/infoecos.com.ar\/index.php\/wp-json\/wp\/v2\/categories?post=101231"},{"taxonomy":"post_tag","embeddable":true,"href":"https:\/\/infoecos.com.ar\/index.php\/wp-json\/wp\/v2\/tags?post=101231"}],"curies":[{"name":"wp","href":"https:\/\/api.w.org\/{rel}","templated":true}]}}