{"id":101233,"date":"2023-01-30T19:12:06","date_gmt":"2023-01-30T22:12:06","guid":{"rendered":"https:\/\/infoecos.com.ar\/?p=101233"},"modified":"2023-01-30T19:12:07","modified_gmt":"2023-01-30T22:12:07","slug":"persona-de-21-anos-fue-aprehendida-por-querer-atropellar-a-personal-de-contralor-municipal","status":"publish","type":"post","link":"https:\/\/infoecos.com.ar\/index.php\/persona-de-21-anos-fue-aprehendida-por-querer-atropellar-a-personal-de-contralor-municipal\/","title":{"rendered":"Persona de 21 a\u00f1os fue aprehendida por querer atropellar a personal de Contralor Municipal"},"content":{"rendered":"\n<p>Personal del Grupo Gad de la Polic\u00eda bonaerense, perteneciente a ]Trenque Lauquen, procedi\u00f3 a la aprehensi\u00f3n de una persona de 21 a\u00f1os que intent\u00f3 atropellar a personal de la Direcci\u00f3n de Contralor del municipio (tr\u00e1nsito).<\/p>\n\n\n\n<figure class=\"wp-block-image aligncenter size-full is-resized\"><img loading=\"lazy\" decoding=\"async\" src=\"https:\/\/infoecos.com.ar\/wp-content\/uploads\/25157.jpg\" alt=\"\" class=\"wp-image-44076\" width=\"510\" height=\"383\"\/><figcaption class=\"wp-element-caption\">Trenque Lauquen &#8211; Parque Municipal<\/figcaption><\/figure>\n\n\n\n<p>La acci\u00f3n se desarroll\u00f3 en el interior del Parque Municipal General Villegas.<\/p>\n\n\n\n<p>El aprehendido fue identificado como Kevin Villarruel. Se le solicit\u00f3 que desistiera de sus actos, hizo caso omiso y opuso resistencia. Se lo redujo y dieron inicio a actuaciones caratuladas \u00abAtentado y Resistencia a la Autoridad\u00bb. <\/p>\n\n\n\n<p><\/p>\n","protected":false},"excerpt":{"rendered":"<p>La acci\u00f3n se desarroll\u00f3 en el interior del Parque Municipal General Villegas<\/p>\n","protected":false},"author":2,"featured_media":94496,"comment_status":"closed","ping_status":"open","sticky":false,"template":"","format":"standard","meta":{"footnotes":""},"categories":[25],"tags":[1056],"class_list":["post-101233","post","type-post","status-publish","format-standard","has-post-thumbnail","hentry","category-c3nota1","tag-policial-trenque-lauquen"],"yoast_head":"<!-- This site is optimized with the Yoast SEO plugin v23.4 - https:\/\/yoast.com\/wordpress\/plugins\/seo\/ -->\n<title>Persona de 21 a\u00f1os fue aprehendida por querer atropellar a personal de Contralor Municipal - Infoecos<\/title>\n<meta name=\"robots\" content=\"index, follow, max-snippet:-1, max-image-preview:large, max-video-preview:-1\" \/>\n<link rel=\"canonical\" href=\"https:\/\/infoecos.com.ar\/index.php\/persona-de-21-anos-fue-aprehendida-por-querer-atropellar-a-personal-de-contralor-municipal\/\" \/>\n<meta property=\"og:locale\" content=\"es_ES\" \/>\n<meta property=\"og:type\" content=\"article\" \/>\n<meta property=\"og:title\" content=\"Persona de 21 a\u00f1os fue aprehendida por querer atropellar a personal de Contralor Municipal - Infoecos\" \/>\n<meta property=\"og:description\" content=\"La acci\u00f3n se desarroll\u00f3 en el interior del Parque Municipal General Villegas\" \/>\n<meta property=\"og:url\" content=\"https:\/\/infoecos.com.ar\/index.php\/persona-de-21-anos-fue-aprehendida-por-querer-atropellar-a-personal-de-contralor-municipal\/\" \/>\n<meta property=\"og:site_name\" content=\"Infoecos\" \/>\n<meta property=\"article:publisher\" content=\"https:\/\/www.facebook.com\/profile.php?id=100063200290284\" \/>\n<meta property=\"article:published_time\" content=\"2023-01-30T22:12:06+00:00\" \/>\n<meta property=\"article:modified_time\" content=\"2023-01-30T22:12:07+00:00\" \/>\n<meta property=\"og:image\" content=\"https:\/\/infoecos.com.ar\/wp-content\/uploads\/2022\/07\/Parque-Municipal.jpeg\" \/>\n\t<meta property=\"og:image:width\" content=\"1170\" \/>\n\t<meta property=\"og:image:height\" content=\"720\" \/>\n\t<meta property=\"og:image:type\" content=\"image\/jpeg\" \/>\n<meta name=\"author\" content=\"Jorge Matheus\" \/>\n<meta name=\"twitter:card\" content=\"summary_large_image\" \/>\n<meta name=\"twitter:creator\" content=\"@infoecos\" \/>\n<meta name=\"twitter:site\" content=\"@infoecos\" \/>\n<meta name=\"twitter:label1\" content=\"Escrito por\" \/>\n\t<meta name=\"twitter:data1\" content=\"Jorge Matheus\" \/>\n\t<meta name=\"twitter:label2\" content=\"Tiempo de lectura\" \/>\n\t<meta name=\"twitter:data2\" content=\"1 minuto\" \/>\n<script type=\"application\/ld+json\" class=\"yoast-schema-graph\">{\"@context\":\"https:\/\/schema.org\",\"@graph\":[{\"@type\":\"Article\",\"@id\":\"https:\/\/infoecos.com.ar\/index.php\/persona-de-21-anos-fue-aprehendida-por-querer-atropellar-a-personal-de-contralor-municipal\/#article\",\"isPartOf\":{\"@id\":\"https:\/\/infoecos.com.ar\/index.php\/persona-de-21-anos-fue-aprehendida-por-querer-atropellar-a-personal-de-contralor-municipal\/\"},\"author\":{\"name\":\"Jorge Matheus\",\"@id\":\"https:\/\/infoecos.com.ar\/#\/schema\/person\/8f5ace5ce73b4b4aac4b7245aee6f191\"},\"headline\":\"Persona de 21 a\u00f1os fue aprehendida por querer atropellar a personal de Contralor Municipal\",\"datePublished\":\"2023-01-30T22:12:06+00:00\",\"dateModified\":\"2023-01-30T22:12:07+00:00\",\"mainEntityOfPage\":{\"@id\":\"https:\/\/infoecos.com.ar\/index.php\/persona-de-21-anos-fue-aprehendida-por-querer-atropellar-a-personal-de-contralor-municipal\/\"},\"wordCount\":107,\"publisher\":{\"@id\":\"https:\/\/infoecos.com.ar\/#organization\"},\"image\":{\"@id\":\"https:\/\/infoecos.com.ar\/index.php\/persona-de-21-anos-fue-aprehendida-por-querer-atropellar-a-personal-de-contralor-municipal\/#primaryimage\"},\"thumbnailUrl\":\"https:\/\/infoecos.com.ar\/wp-content\/uploads\/2022\/07\/Parque-Municipal.jpeg\",\"keywords\":[\"POLICIAL - TRENQUE LAUQUEN\"],\"articleSection\":[\"C3 N1\"],\"inLanguage\":\"es\"},{\"@type\":\"WebPage\",\"@id\":\"https:\/\/infoecos.com.ar\/index.php\/persona-de-21-anos-fue-aprehendida-por-querer-atropellar-a-personal-de-contralor-municipal\/\",\"url\":\"https:\/\/infoecos.com.ar\/index.php\/persona-de-21-anos-fue-aprehendida-por-querer-atropellar-a-personal-de-contralor-municipal\/\",\"name\":\"Persona de 21 a\u00f1os fue aprehendida por querer atropellar a personal de Contralor Municipal - Infoecos\",\"isPartOf\":{\"@id\":\"https:\/\/infoecos.com.ar\/#website\"},\"primaryImageOfPage\":{\"@id\":\"https:\/\/infoecos.com.ar\/index.php\/persona-de-21-anos-fue-aprehendida-por-querer-atropellar-a-personal-de-contralor-municipal\/#primaryimage\"},\"image\":{\"@id\":\"https:\/\/infoecos.com.ar\/index.php\/persona-de-21-anos-fue-aprehendida-por-querer-atropellar-a-personal-de-contralor-municipal\/#primaryimage\"},\"thumbnailUrl\":\"https:\/\/infoecos.com.ar\/wp-content\/uploads\/2022\/07\/Parque-Municipal.jpeg\",\"datePublished\":\"2023-01-30T22:12:06+00:00\",\"dateModified\":\"2023-01-30T22:12:07+00:00\",\"breadcrumb\":{\"@id\":\"https:\/\/infoecos.com.ar\/index.php\/persona-de-21-anos-fue-aprehendida-por-querer-atropellar-a-personal-de-contralor-municipal\/#breadcrumb\"},\"inLanguage\":\"es\",\"potentialAction\":[{\"@type\":\"ReadAction\",\"target\":[\"https:\/\/infoecos.com.ar\/index.php\/persona-de-21-anos-fue-aprehendida-por-querer-atropellar-a-personal-de-contralor-municipal\/\"]}]},{\"@type\":\"ImageObject\",\"inLanguage\":\"es\",\"@id\":\"https:\/\/infoecos.com.ar\/index.php\/persona-de-21-anos-fue-aprehendida-por-querer-atropellar-a-personal-de-contralor-municipal\/#primaryimage\",\"url\":\"https:\/\/infoecos.com.ar\/wp-content\/uploads\/2022\/07\/Parque-Municipal.jpeg\",\"contentUrl\":\"https:\/\/infoecos.com.ar\/wp-content\/uploads\/2022\/07\/Parque-Municipal.jpeg\",\"width\":1170,\"height\":720},{\"@type\":\"BreadcrumbList\",\"@id\":\"https:\/\/infoecos.com.ar\/index.php\/persona-de-21-anos-fue-aprehendida-por-querer-atropellar-a-personal-de-contralor-municipal\/#breadcrumb\",\"itemListElement\":[{\"@type\":\"ListItem\",\"position\":1,\"name\":\"Portada\",\"item\":\"https:\/\/infoecos.com.ar\/\"},{\"@type\":\"ListItem\",\"position\":2,\"name\":\"Persona de 21 a\u00f1os fue aprehendida por querer atropellar a personal de Contralor Municipal\"}]},{\"@type\":\"WebSite\",\"@id\":\"https:\/\/infoecos.com.ar\/#website\",\"url\":\"https:\/\/infoecos.com.ar\/\",\"name\":\"Infoecos\",\"description\":\"Noticias de trenque lauquen y la zona\",\"publisher\":{\"@id\":\"https:\/\/infoecos.com.ar\/#organization\"},\"alternateName\":\"Noticias\",\"potentialAction\":[{\"@type\":\"SearchAction\",\"target\":{\"@type\":\"EntryPoint\",\"urlTemplate\":\"https:\/\/infoecos.com.ar\/?s={search_term_string}\"},\"query-input\":{\"@type\":\"PropertyValueSpecification\",\"valueRequired\":true,\"valueName\":\"search_term_string\"}}],\"inLanguage\":\"es\"},{\"@type\":\"Organization\",\"@id\":\"https:\/\/infoecos.com.ar\/#organization\",\"name\":\"Infoecos\",\"alternateName\":\"Noticias\",\"url\":\"https:\/\/infoecos.com.ar\/\",\"logo\":{\"@type\":\"ImageObject\",\"inLanguage\":\"es\",\"@id\":\"https:\/\/infoecos.com.ar\/#\/schema\/logo\/image\/\",\"url\":\"https:\/\/infoecos.com.ar\/wp-content\/uploads\/2024\/03\/cropped-logo.png\",\"contentUrl\":\"https:\/\/infoecos.com.ar\/wp-content\/uploads\/2024\/03\/cropped-logo.png\",\"width\":374,\"height\":90,\"caption\":\"Infoecos\"},\"image\":{\"@id\":\"https:\/\/infoecos.com.ar\/#\/schema\/logo\/image\/\"},\"sameAs\":[\"https:\/\/www.facebook.com\/profile.php?id=100063200290284\",\"https:\/\/x.com\/infoecos\"]},{\"@type\":\"Person\",\"@id\":\"https:\/\/infoecos.com.ar\/#\/schema\/person\/8f5ace5ce73b4b4aac4b7245aee6f191\",\"name\":\"Jorge Matheus\",\"url\":\"https:\/\/infoecos.com.ar\/index.php\/author\/jomatheus\/\"}]}<\/script>\n<!-- \/ Yoast SEO plugin. -->","yoast_head_json":{"title":"Persona de 21 a\u00f1os fue aprehendida por querer atropellar a personal de Contralor Municipal - Infoecos","robots":{"index":"index","follow":"follow","max-snippet":"max-snippet:-1","max-image-preview":"max-image-preview:large","max-video-preview":"max-video-preview:-1"},"canonical":"https:\/\/infoecos.com.ar\/index.php\/persona-de-21-anos-fue-aprehendida-por-querer-atropellar-a-personal-de-contralor-municipal\/","og_locale":"es_ES","og_type":"article","og_title":"Persona de 21 a\u00f1os fue aprehendida por querer atropellar a personal de Contralor Municipal - Infoecos","og_description":"La acci\u00f3n se desarroll\u00f3 en el interior del Parque Municipal General Villegas","og_url":"https:\/\/infoecos.com.ar\/index.php\/persona-de-21-anos-fue-aprehendida-por-querer-atropellar-a-personal-de-contralor-municipal\/","og_site_name":"Infoecos","article_publisher":"https:\/\/www.facebook.com\/profile.php?id=100063200290284","article_published_time":"2023-01-30T22:12:06+00:00","article_modified_time":"2023-01-30T22:12:07+00:00","og_image":[{"width":1170,"height":720,"url":"https:\/\/infoecos.com.ar\/wp-content\/uploads\/2022\/07\/Parque-Municipal.jpeg","type":"image\/jpeg"}],"author":"Jorge Matheus","twitter_card":"summary_large_image","twitter_creator":"@infoecos","twitter_site":"@infoecos","twitter_misc":{"Escrito por":"Jorge Matheus","Tiempo de lectura":"1 minuto"},"schema":{"@context":"https:\/\/schema.org","@graph":[{"@type":"Article","@id":"https:\/\/infoecos.com.ar\/index.php\/persona-de-21-anos-fue-aprehendida-por-querer-atropellar-a-personal-de-contralor-municipal\/#article","isPartOf":{"@id":"https:\/\/infoecos.com.ar\/index.php\/persona-de-21-anos-fue-aprehendida-por-querer-atropellar-a-personal-de-contralor-municipal\/"},"author":{"name":"Jorge Matheus","@id":"https:\/\/infoecos.com.ar\/#\/schema\/person\/8f5ace5ce73b4b4aac4b7245aee6f191"},"headline":"Persona de 21 a\u00f1os fue aprehendida por querer atropellar a personal de Contralor Municipal","datePublished":"2023-01-30T22:12:06+00:00","dateModified":"2023-01-30T22:12:07+00:00","mainEntityOfPage":{"@id":"https:\/\/infoecos.com.ar\/index.php\/persona-de-21-anos-fue-aprehendida-por-querer-atropellar-a-personal-de-contralor-municipal\/"},"wordCount":107,"publisher":{"@id":"https:\/\/infoecos.com.ar\/#organization"},"image":{"@id":"https:\/\/infoecos.com.ar\/index.php\/persona-de-21-anos-fue-aprehendida-por-querer-atropellar-a-personal-de-contralor-municipal\/#primaryimage"},"thumbnailUrl":"https:\/\/infoecos.com.ar\/wp-content\/uploads\/2022\/07\/Parque-Municipal.jpeg","keywords":["POLICIAL - TRENQUE LAUQUEN"],"articleSection":["C3 N1"],"inLanguage":"es"},{"@type":"WebPage","@id":"https:\/\/infoecos.com.ar\/index.php\/persona-de-21-anos-fue-aprehendida-por-querer-atropellar-a-personal-de-contralor-municipal\/","url":"https:\/\/infoecos.com.ar\/index.php\/persona-de-21-anos-fue-aprehendida-por-querer-atropellar-a-personal-de-contralor-municipal\/","name":"Persona de 21 a\u00f1os fue aprehendida por querer atropellar a personal de Contralor Municipal - Infoecos","isPartOf":{"@id":"https:\/\/infoecos.com.ar\/#website"},"primaryImageOfPage":{"@id":"https:\/\/infoecos.com.ar\/index.php\/persona-de-21-anos-fue-aprehendida-por-querer-atropellar-a-personal-de-contralor-municipal\/#primaryimage"},"image":{"@id":"https:\/\/infoecos.com.ar\/index.php\/persona-de-21-anos-fue-aprehendida-por-querer-atropellar-a-personal-de-contralor-municipal\/#primaryimage"},"thumbnailUrl":"https:\/\/infoecos.com.ar\/wp-content\/uploads\/2022\/07\/Parque-Municipal.jpeg","datePublished":"2023-01-30T22:12:06+00:00","dateModified":"2023-01-30T22:12:07+00:00","breadcrumb":{"@id":"https:\/\/infoecos.com.ar\/index.php\/persona-de-21-anos-fue-aprehendida-por-querer-atropellar-a-personal-de-contralor-municipal\/#breadcrumb"},"inLanguage":"es","potentialAction":[{"@type":"ReadAction","target":["https:\/\/infoecos.com.ar\/index.php\/persona-de-21-anos-fue-aprehendida-por-querer-atropellar-a-personal-de-contralor-municipal\/"]}]},{"@type":"ImageObject","inLanguage":"es","@id":"https:\/\/infoecos.com.ar\/index.php\/persona-de-21-anos-fue-aprehendida-por-querer-atropellar-a-personal-de-contralor-municipal\/#primaryimage","url":"https:\/\/infoecos.com.ar\/wp-content\/uploads\/2022\/07\/Parque-Municipal.jpeg","contentUrl":"https:\/\/infoecos.com.ar\/wp-content\/uploads\/2022\/07\/Parque-Municipal.jpeg","width":1170,"height":720},{"@type":"BreadcrumbList","@id":"https:\/\/infoecos.com.ar\/index.php\/persona-de-21-anos-fue-aprehendida-por-querer-atropellar-a-personal-de-contralor-municipal\/#breadcrumb","itemListElement":[{"@type":"ListItem","position":1,"name":"Portada","item":"https:\/\/infoecos.com.ar\/"},{"@type":"ListItem","position":2,"name":"Persona de 21 a\u00f1os fue aprehendida por querer atropellar a personal de Contralor Municipal"}]},{"@type":"WebSite","@id":"https:\/\/infoecos.com.ar\/#website","url":"https:\/\/infoecos.com.ar\/","name":"Infoecos","description":"Noticias de trenque lauquen y la zona","publisher":{"@id":"https:\/\/infoecos.com.ar\/#organization"},"alternateName":"Noticias","potentialAction":[{"@type":"SearchAction","target":{"@type":"EntryPoint","urlTemplate":"https:\/\/infoecos.com.ar\/?s={search_term_string}"},"query-input":{"@type":"PropertyValueSpecification","valueRequired":true,"valueName":"search_term_string"}}],"inLanguage":"es"},{"@type":"Organization","@id":"https:\/\/infoecos.com.ar\/#organization","name":"Infoecos","alternateName":"Noticias","url":"https:\/\/infoecos.com.ar\/","logo":{"@type":"ImageObject","inLanguage":"es","@id":"https:\/\/infoecos.com.ar\/#\/schema\/logo\/image\/","url":"https:\/\/infoecos.com.ar\/wp-content\/uploads\/2024\/03\/cropped-logo.png","contentUrl":"https:\/\/infoecos.com.ar\/wp-content\/uploads\/2024\/03\/cropped-logo.png","width":374,"height":90,"caption":"Infoecos"},"image":{"@id":"https:\/\/infoecos.com.ar\/#\/schema\/logo\/image\/"},"sameAs":["https:\/\/www.facebook.com\/profile.php?id=100063200290284","https:\/\/x.com\/infoecos"]},{"@type":"Person","@id":"https:\/\/infoecos.com.ar\/#\/schema\/person\/8f5ace5ce73b4b4aac4b7245aee6f191","name":"Jorge Matheus","url":"https:\/\/infoecos.com.ar\/index.php\/author\/jomatheus\/"}]}},"featured_image_urls":{"full":["https:\/\/infoecos.com.ar\/wp-content\/uploads\/2022\/07\/Parque-Municipal.jpeg",1170,720,false],"thumbnail":["https:\/\/infoecos.com.ar\/wp-content\/uploads\/2022\/07\/Parque-Municipal-150x150.jpeg",150,150,true],"medium":["https:\/\/infoecos.com.ar\/wp-content\/uploads\/2022\/07\/Parque-Municipal-460x283.jpeg",460,283,true],"medium_large":["https:\/\/infoecos.com.ar\/wp-content\/uploads\/2022\/07\/Parque-Municipal-768x473.jpeg",640,394,true],"large":["https:\/\/infoecos.com.ar\/wp-content\/uploads\/2022\/07\/Parque-Municipal-920x566.jpeg",640,394,true],"1536x1536":["https:\/\/infoecos.com.ar\/wp-content\/uploads\/2022\/07\/Parque-Municipal.jpeg",1170,720,false],"2048x2048":["https:\/\/infoecos.com.ar\/wp-content\/uploads\/2022\/07\/Parque-Municipal.jpeg",1170,720,false],"covernews-slider-full":["https:\/\/infoecos.com.ar\/wp-content\/uploads\/2022\/07\/Parque-Municipal.jpeg",1115,686,false],"covernews-slider-center":["https:\/\/infoecos.com.ar\/wp-content\/uploads\/2022\/07\/Parque-Municipal-936x720.jpeg",650,500,true],"covernews-featured":["https:\/\/infoecos.com.ar\/wp-content\/uploads\/2022\/07\/Parque-Municipal-1024x630.jpeg",1024,630,true],"covernews-medium":["https:\/\/infoecos.com.ar\/wp-content\/uploads\/2022\/07\/Parque-Municipal-720x380.jpeg",540,285,true],"covernews-medium-square":["https:\/\/infoecos.com.ar\/wp-content\/uploads\/2022\/07\/Parque-Municipal-675x450.jpeg",375,250,true]},"author_info":{"info":["Jorge Matheus"]},"category_info":"<a href=\"https:\/\/infoecos.com.ar\/index.php\/category\/c3nota1\/\" rel=\"category tag\">C3 N1<\/a>","tag_info":"C3 N1","comment_count":"0","_links":{"self":[{"href":"https:\/\/infoecos.com.ar\/index.php\/wp-json\/wp\/v2\/posts\/101233"}],"collection":[{"href":"https:\/\/infoecos.com.ar\/index.php\/wp-json\/wp\/v2\/posts"}],"about":[{"href":"https:\/\/infoecos.com.ar\/index.php\/wp-json\/wp\/v2\/types\/post"}],"author":[{"embeddable":true,"href":"https:\/\/infoecos.com.ar\/index.php\/wp-json\/wp\/v2\/users\/2"}],"replies":[{"embeddable":true,"href":"https:\/\/infoecos.com.ar\/index.php\/wp-json\/wp\/v2\/comments?post=101233"}],"version-history":[{"count":1,"href":"https:\/\/infoecos.com.ar\/index.php\/wp-json\/wp\/v2\/posts\/101233\/revisions"}],"predecessor-version":[{"id":101234,"href":"https:\/\/infoecos.com.ar\/index.php\/wp-json\/wp\/v2\/posts\/101233\/revisions\/101234"}],"wp:featuredmedia":[{"embeddable":true,"href":"https:\/\/infoecos.com.ar\/index.php\/wp-json\/wp\/v2\/media\/94496"}],"wp:attachment":[{"href":"https:\/\/infoecos.com.ar\/index.php\/wp-json\/wp\/v2\/media?parent=101233"}],"wp:term":[{"taxonomy":"category","embeddable":true,"href":"https:\/\/infoecos.com.ar\/index.php\/wp-json\/wp\/v2\/categories?post=101233"},{"taxonomy":"post_tag","embeddable":true,"href":"https:\/\/infoecos.com.ar\/index.php\/wp-json\/wp\/v2\/tags?post=101233"}],"curies":[{"name":"wp","href":"https:\/\/api.w.org\/{rel}","templated":true}]}}