{"id":101238,"date":"2023-01-30T20:23:42","date_gmt":"2023-01-30T23:23:42","guid":{"rendered":"https:\/\/infoecos.com.ar\/?p=101238"},"modified":"2023-02-01T04:11:27","modified_gmt":"2023-02-01T07:11:27","slug":"el-gobierno-de-bs-as-prorrogo-hasta-el-31-de-marzo-el-estado-de-emergencia-y-o-desastre-agropecuario","status":"publish","type":"post","link":"https:\/\/infoecos.com.ar\/index.php\/el-gobierno-de-bs-as-prorrogo-hasta-el-31-de-marzo-el-estado-de-emergencia-y-o-desastre-agropecuario\/","title":{"rendered":"El gobierno de Bs.As prorrog\u00f3 hasta el 31 de marzo el estado de emergencia y\/o desastre agropecuario"},"content":{"rendered":"\n<p>El Gobierno de la provincia de Buenos Aires prorrog\u00f3 hasta el 31 de marzo el estado de emergencia y\/o desastre agropecuario<a href=\"https:\/\/codigobaires.com.ar\/provincia-medidas-sequia-agropecuaria\/\">&nbsp;<\/a>por sequ\u00eda en 53 partidos bonaerenses e incorpor\u00f3 otros 9 distritos a la declaraci\u00f3n. Fue mediante los decretos 121\/2023 y 122\/2023, publicados este lunes en el Bolet\u00edn Oficial.<\/p>\n\n\n\n<figure class=\"wp-block-image alignright size-full is-resized\"><img loading=\"lazy\" decoding=\"async\" src=\"https:\/\/infoecos.com.ar\/wp-content\/uploads\/2023\/01\/image-194.png\" alt=\"\" class=\"wp-image-101239\" width=\"418\" height=\"312\" srcset=\"https:\/\/infoecos.com.ar\/wp-content\/uploads\/2023\/01\/image-194.png 837w, https:\/\/infoecos.com.ar\/wp-content\/uploads\/2023\/01\/image-194-800x599.png 800w, https:\/\/infoecos.com.ar\/wp-content\/uploads\/2023\/01\/image-194-768x575.png 768w\" sizes=\"(max-width: 418px) 100vw, 418px\" \/><\/figure>\n\n\n\n<p>La decisi\u00f3n se debe a que los datos climatol\u00f3gicos y ambientales evaluados en la \u00faltima reuni\u00f3n de la Comisi\u00f3n de Emergencia y Desastre Agropecuario (CEDABA) de la provincia de Buenos Aires no mostraron mejoras significativas respecto de los estudios previos considerados para las declaraciones de emergencia, y a la afectaci\u00f3n sobre los cultivos de invierno y los forrajes, que impacta sobre la actividad de los tambos y la ganader\u00eda.<\/p>\n\n\n\n<p>\u201cSi bien las lluvias recientes mejoran el panorama, hay que tener en cuenta que la recuperaci\u00f3n de los cultivos y la disponibilidad de forrajes, necesarios para muchas actividades agropecuarias, no es inmediata; por lo que esta pr\u00f3rroga es muy importante no s\u00f3lo para la agricultura sino tambi\u00e9n para el resto de las producciones que se vieron afectadas tambi\u00e9n por la sequ\u00eda, como la producci\u00f3n tambera o la ganadera\u201d, destac\u00f3 el ministro de Desarrollo Agrario de la provincia de Buenos Aires,&nbsp;<a href=\"https:\/\/twitter.com\/JavoRodriguezL?ref_src=twsrc%5Egoogle%7Ctwcamp%5Eserp%7Ctwgr%5Eauthor\" target=\"_blank\" rel=\"noreferrer noopener\"><strong>Javier Rodr\u00edguez<\/strong>.<\/a><\/p>\n\n\n\n<p>De esta forma, se mantendr\u00e1 el estado de emergencia hasta el 31 de marzo en los partidos de <strong>Arrecifes, Baradero, Capit\u00e1n Sarmiento, Carmen de Areco, Chacabuco, Col\u00f3n, Exaltaci\u00f3n de la Cruz, General Arenales, Jun\u00edn, Ramallo, Rojas, Salto, San Andr\u00e9s de Giles, San Antonio de Areco, San Nicol\u00e1s, San Pedro, Ayacucho, Brandsen, Chascom\u00fas, Dolores, General Guido, General Madariaga, General Las Heras y General Paz<\/strong>.<\/p>\n\n\n\n<figure class=\"wp-block-image alignright size-full is-resized\"><img loading=\"lazy\" decoding=\"async\" src=\"https:\/\/infoecos.com.ar\/wp-content\/uploads\/2023\/01\/image-195.png\" alt=\"\" class=\"wp-image-101240\" width=\"435\" height=\"220\"\/><\/figure>\n\n\n\n<p>As\u00ed tambien en <strong>La Plata, Laprida, Luj\u00e1n, Magdalena, Maip\u00fa, Pila, Punta Indio, Rauch, San Vicente, Tordillo, Alberti, Bragado, Chivilcoy, Lobos, Mercedes, Monte, Roque P\u00e9rez, Navarro, Suipacha, 9 de Julio, General Viamonte, Lincoln, Leandro N. Alem, Guamin\u00ed, General La Madrid, Balcarce, las circunscripciones II, III, IV, X, XI y XII del partido de Tandil, General Rodr\u00edguez y Pergamino<\/strong>.<\/p>\n","protected":false},"excerpt":{"rendered":"<p>La decisi\u00f3n se debe a que los datos climatol\u00f3gicos y ambientales evaluados en la \u00faltima reuni\u00f3n de la Comisi\u00f3n de Emergencia y Desastre Agropecuario (CEDABA) de la provincia de Buenos Aires no mostraron mejoras significativas respecto de los estudios previos considerados para las declaraciones de emergencia, y a la afectaci\u00f3n sobre los cultivos de invierno y los forrajes, que impacta sobre la actividad de los tambos y la ganader\u00eda<\/p>\n","protected":false},"author":2,"featured_media":101240,"comment_status":"closed","ping_status":"open","sticky":false,"template":"","format":"standard","meta":{"footnotes":""},"categories":[24],"tags":[7223],"class_list":["post-101238","post","type-post","status-publish","format-standard","has-post-thumbnail","hentry","category-c1nota3","tag-53-partidos-y-otros-9"],"yoast_head":"<!-- This site is optimized with the Yoast SEO plugin v23.4 - https:\/\/yoast.com\/wordpress\/plugins\/seo\/ -->\n<title>El gobierno de Bs.As prorrog\u00f3 hasta el 31 de marzo el estado de emergencia y\/o desastre agropecuario - Infoecos<\/title>\n<meta name=\"robots\" content=\"index, follow, max-snippet:-1, max-image-preview:large, max-video-preview:-1\" \/>\n<link rel=\"canonical\" href=\"https:\/\/infoecos.com.ar\/index.php\/el-gobierno-de-bs-as-prorrogo-hasta-el-31-de-marzo-el-estado-de-emergencia-y-o-desastre-agropecuario\/\" \/>\n<meta property=\"og:locale\" content=\"es_ES\" \/>\n<meta property=\"og:type\" content=\"article\" \/>\n<meta property=\"og:title\" content=\"El gobierno de Bs.As prorrog\u00f3 hasta el 31 de marzo el estado de emergencia y\/o desastre agropecuario - Infoecos\" \/>\n<meta property=\"og:description\" content=\"La decisi\u00f3n se debe a que los datos climatol\u00f3gicos y ambientales evaluados en la \u00faltima reuni\u00f3n de la Comisi\u00f3n de Emergencia y Desastre Agropecuario (CEDABA) de la provincia de Buenos Aires no mostraron mejoras significativas respecto de los estudios previos considerados para las declaraciones de emergencia, y a la afectaci\u00f3n sobre los cultivos de invierno y los forrajes, que impacta sobre la actividad de los tambos y la ganader\u00eda\" \/>\n<meta property=\"og:url\" content=\"https:\/\/infoecos.com.ar\/index.php\/el-gobierno-de-bs-as-prorrogo-hasta-el-31-de-marzo-el-estado-de-emergencia-y-o-desastre-agropecuario\/\" \/>\n<meta property=\"og:site_name\" content=\"Infoecos\" \/>\n<meta property=\"article:publisher\" content=\"https:\/\/www.facebook.com\/profile.php?id=100063200290284\" \/>\n<meta property=\"article:published_time\" content=\"2023-01-30T23:23:42+00:00\" \/>\n<meta property=\"article:modified_time\" content=\"2023-02-01T07:11:27+00:00\" \/>\n<meta property=\"og:image\" content=\"https:\/\/infoecos.com.ar\/wp-content\/uploads\/2023\/01\/image-195.png\" \/>\n\t<meta property=\"og:image:width\" content=\"768\" \/>\n\t<meta property=\"og:image:height\" content=\"387\" \/>\n\t<meta property=\"og:image:type\" content=\"image\/png\" \/>\n<meta name=\"author\" content=\"Jorge Matheus\" \/>\n<meta name=\"twitter:card\" content=\"summary_large_image\" \/>\n<meta name=\"twitter:creator\" content=\"@infoecos\" \/>\n<meta name=\"twitter:site\" content=\"@infoecos\" \/>\n<meta name=\"twitter:label1\" content=\"Escrito por\" \/>\n\t<meta name=\"twitter:data1\" content=\"Jorge Matheus\" \/>\n\t<meta name=\"twitter:label2\" content=\"Tiempo de lectura\" \/>\n\t<meta name=\"twitter:data2\" content=\"2 minutos\" \/>\n<script type=\"application\/ld+json\" class=\"yoast-schema-graph\">{\"@context\":\"https:\/\/schema.org\",\"@graph\":[{\"@type\":\"Article\",\"@id\":\"https:\/\/infoecos.com.ar\/index.php\/el-gobierno-de-bs-as-prorrogo-hasta-el-31-de-marzo-el-estado-de-emergencia-y-o-desastre-agropecuario\/#article\",\"isPartOf\":{\"@id\":\"https:\/\/infoecos.com.ar\/index.php\/el-gobierno-de-bs-as-prorrogo-hasta-el-31-de-marzo-el-estado-de-emergencia-y-o-desastre-agropecuario\/\"},\"author\":{\"name\":\"Jorge Matheus\",\"@id\":\"https:\/\/infoecos.com.ar\/#\/schema\/person\/8f5ace5ce73b4b4aac4b7245aee6f191\"},\"headline\":\"El gobierno de Bs.As prorrog\u00f3 hasta el 31 de marzo el estado de emergencia y\/o desastre agropecuario\",\"datePublished\":\"2023-01-30T23:23:42+00:00\",\"dateModified\":\"2023-02-01T07:11:27+00:00\",\"mainEntityOfPage\":{\"@id\":\"https:\/\/infoecos.com.ar\/index.php\/el-gobierno-de-bs-as-prorrogo-hasta-el-31-de-marzo-el-estado-de-emergencia-y-o-desastre-agropecuario\/\"},\"wordCount\":361,\"publisher\":{\"@id\":\"https:\/\/infoecos.com.ar\/#organization\"},\"image\":{\"@id\":\"https:\/\/infoecos.com.ar\/index.php\/el-gobierno-de-bs-as-prorrogo-hasta-el-31-de-marzo-el-estado-de-emergencia-y-o-desastre-agropecuario\/#primaryimage\"},\"thumbnailUrl\":\"https:\/\/infoecos.com.ar\/wp-content\/uploads\/2023\/01\/image-195.png\",\"keywords\":[\"53 partidos y otros 9\"],\"articleSection\":[\"C1 N3\"],\"inLanguage\":\"es\"},{\"@type\":\"WebPage\",\"@id\":\"https:\/\/infoecos.com.ar\/index.php\/el-gobierno-de-bs-as-prorrogo-hasta-el-31-de-marzo-el-estado-de-emergencia-y-o-desastre-agropecuario\/\",\"url\":\"https:\/\/infoecos.com.ar\/index.php\/el-gobierno-de-bs-as-prorrogo-hasta-el-31-de-marzo-el-estado-de-emergencia-y-o-desastre-agropecuario\/\",\"name\":\"El gobierno de Bs.As prorrog\u00f3 hasta el 31 de marzo el estado de emergencia y\/o desastre agropecuario - Infoecos\",\"isPartOf\":{\"@id\":\"https:\/\/infoecos.com.ar\/#website\"},\"primaryImageOfPage\":{\"@id\":\"https:\/\/infoecos.com.ar\/index.php\/el-gobierno-de-bs-as-prorrogo-hasta-el-31-de-marzo-el-estado-de-emergencia-y-o-desastre-agropecuario\/#primaryimage\"},\"image\":{\"@id\":\"https:\/\/infoecos.com.ar\/index.php\/el-gobierno-de-bs-as-prorrogo-hasta-el-31-de-marzo-el-estado-de-emergencia-y-o-desastre-agropecuario\/#primaryimage\"},\"thumbnailUrl\":\"https:\/\/infoecos.com.ar\/wp-content\/uploads\/2023\/01\/image-195.png\",\"datePublished\":\"2023-01-30T23:23:42+00:00\",\"dateModified\":\"2023-02-01T07:11:27+00:00\",\"breadcrumb\":{\"@id\":\"https:\/\/infoecos.com.ar\/index.php\/el-gobierno-de-bs-as-prorrogo-hasta-el-31-de-marzo-el-estado-de-emergencia-y-o-desastre-agropecuario\/#breadcrumb\"},\"inLanguage\":\"es\",\"potentialAction\":[{\"@type\":\"ReadAction\",\"target\":[\"https:\/\/infoecos.com.ar\/index.php\/el-gobierno-de-bs-as-prorrogo-hasta-el-31-de-marzo-el-estado-de-emergencia-y-o-desastre-agropecuario\/\"]}]},{\"@type\":\"ImageObject\",\"inLanguage\":\"es\",\"@id\":\"https:\/\/infoecos.com.ar\/index.php\/el-gobierno-de-bs-as-prorrogo-hasta-el-31-de-marzo-el-estado-de-emergencia-y-o-desastre-agropecuario\/#primaryimage\",\"url\":\"https:\/\/infoecos.com.ar\/wp-content\/uploads\/2023\/01\/image-195.png\",\"contentUrl\":\"https:\/\/infoecos.com.ar\/wp-content\/uploads\/2023\/01\/image-195.png\",\"width\":768,\"height\":387},{\"@type\":\"BreadcrumbList\",\"@id\":\"https:\/\/infoecos.com.ar\/index.php\/el-gobierno-de-bs-as-prorrogo-hasta-el-31-de-marzo-el-estado-de-emergencia-y-o-desastre-agropecuario\/#breadcrumb\",\"itemListElement\":[{\"@type\":\"ListItem\",\"position\":1,\"name\":\"Portada\",\"item\":\"https:\/\/infoecos.com.ar\/\"},{\"@type\":\"ListItem\",\"position\":2,\"name\":\"El gobierno de Bs.As prorrog\u00f3 hasta el 31 de marzo el estado de emergencia y\/o desastre agropecuario\"}]},{\"@type\":\"WebSite\",\"@id\":\"https:\/\/infoecos.com.ar\/#website\",\"url\":\"https:\/\/infoecos.com.ar\/\",\"name\":\"Infoecos\",\"description\":\"Noticias de trenque lauquen y la zona\",\"publisher\":{\"@id\":\"https:\/\/infoecos.com.ar\/#organization\"},\"alternateName\":\"Noticias\",\"potentialAction\":[{\"@type\":\"SearchAction\",\"target\":{\"@type\":\"EntryPoint\",\"urlTemplate\":\"https:\/\/infoecos.com.ar\/?s={search_term_string}\"},\"query-input\":{\"@type\":\"PropertyValueSpecification\",\"valueRequired\":true,\"valueName\":\"search_term_string\"}}],\"inLanguage\":\"es\"},{\"@type\":\"Organization\",\"@id\":\"https:\/\/infoecos.com.ar\/#organization\",\"name\":\"Infoecos\",\"alternateName\":\"Noticias\",\"url\":\"https:\/\/infoecos.com.ar\/\",\"logo\":{\"@type\":\"ImageObject\",\"inLanguage\":\"es\",\"@id\":\"https:\/\/infoecos.com.ar\/#\/schema\/logo\/image\/\",\"url\":\"https:\/\/infoecos.com.ar\/wp-content\/uploads\/2024\/03\/cropped-logo.png\",\"contentUrl\":\"https:\/\/infoecos.com.ar\/wp-content\/uploads\/2024\/03\/cropped-logo.png\",\"width\":374,\"height\":90,\"caption\":\"Infoecos\"},\"image\":{\"@id\":\"https:\/\/infoecos.com.ar\/#\/schema\/logo\/image\/\"},\"sameAs\":[\"https:\/\/www.facebook.com\/profile.php?id=100063200290284\",\"https:\/\/x.com\/infoecos\"]},{\"@type\":\"Person\",\"@id\":\"https:\/\/infoecos.com.ar\/#\/schema\/person\/8f5ace5ce73b4b4aac4b7245aee6f191\",\"name\":\"Jorge Matheus\",\"url\":\"https:\/\/infoecos.com.ar\/index.php\/author\/jomatheus\/\"}]}<\/script>\n<!-- \/ Yoast SEO plugin. -->","yoast_head_json":{"title":"El gobierno de Bs.As prorrog\u00f3 hasta el 31 de marzo el estado de emergencia y\/o desastre agropecuario - Infoecos","robots":{"index":"index","follow":"follow","max-snippet":"max-snippet:-1","max-image-preview":"max-image-preview:large","max-video-preview":"max-video-preview:-1"},"canonical":"https:\/\/infoecos.com.ar\/index.php\/el-gobierno-de-bs-as-prorrogo-hasta-el-31-de-marzo-el-estado-de-emergencia-y-o-desastre-agropecuario\/","og_locale":"es_ES","og_type":"article","og_title":"El gobierno de Bs.As prorrog\u00f3 hasta el 31 de marzo el estado de emergencia y\/o desastre agropecuario - Infoecos","og_description":"La decisi\u00f3n se debe a que los datos climatol\u00f3gicos y ambientales evaluados en la \u00faltima reuni\u00f3n de la Comisi\u00f3n de Emergencia y Desastre Agropecuario (CEDABA) de la provincia de Buenos Aires no mostraron mejoras significativas respecto de los estudios previos considerados para las declaraciones de emergencia, y a la afectaci\u00f3n sobre los cultivos de invierno y los forrajes, que impacta sobre la actividad de los tambos y la ganader\u00eda","og_url":"https:\/\/infoecos.com.ar\/index.php\/el-gobierno-de-bs-as-prorrogo-hasta-el-31-de-marzo-el-estado-de-emergencia-y-o-desastre-agropecuario\/","og_site_name":"Infoecos","article_publisher":"https:\/\/www.facebook.com\/profile.php?id=100063200290284","article_published_time":"2023-01-30T23:23:42+00:00","article_modified_time":"2023-02-01T07:11:27+00:00","og_image":[{"width":768,"height":387,"url":"https:\/\/infoecos.com.ar\/wp-content\/uploads\/2023\/01\/image-195.png","type":"image\/png"}],"author":"Jorge Matheus","twitter_card":"summary_large_image","twitter_creator":"@infoecos","twitter_site":"@infoecos","twitter_misc":{"Escrito por":"Jorge Matheus","Tiempo de lectura":"2 minutos"},"schema":{"@context":"https:\/\/schema.org","@graph":[{"@type":"Article","@id":"https:\/\/infoecos.com.ar\/index.php\/el-gobierno-de-bs-as-prorrogo-hasta-el-31-de-marzo-el-estado-de-emergencia-y-o-desastre-agropecuario\/#article","isPartOf":{"@id":"https:\/\/infoecos.com.ar\/index.php\/el-gobierno-de-bs-as-prorrogo-hasta-el-31-de-marzo-el-estado-de-emergencia-y-o-desastre-agropecuario\/"},"author":{"name":"Jorge Matheus","@id":"https:\/\/infoecos.com.ar\/#\/schema\/person\/8f5ace5ce73b4b4aac4b7245aee6f191"},"headline":"El gobierno de Bs.As prorrog\u00f3 hasta el 31 de marzo el estado de emergencia y\/o desastre agropecuario","datePublished":"2023-01-30T23:23:42+00:00","dateModified":"2023-02-01T07:11:27+00:00","mainEntityOfPage":{"@id":"https:\/\/infoecos.com.ar\/index.php\/el-gobierno-de-bs-as-prorrogo-hasta-el-31-de-marzo-el-estado-de-emergencia-y-o-desastre-agropecuario\/"},"wordCount":361,"publisher":{"@id":"https:\/\/infoecos.com.ar\/#organization"},"image":{"@id":"https:\/\/infoecos.com.ar\/index.php\/el-gobierno-de-bs-as-prorrogo-hasta-el-31-de-marzo-el-estado-de-emergencia-y-o-desastre-agropecuario\/#primaryimage"},"thumbnailUrl":"https:\/\/infoecos.com.ar\/wp-content\/uploads\/2023\/01\/image-195.png","keywords":["53 partidos y otros 9"],"articleSection":["C1 N3"],"inLanguage":"es"},{"@type":"WebPage","@id":"https:\/\/infoecos.com.ar\/index.php\/el-gobierno-de-bs-as-prorrogo-hasta-el-31-de-marzo-el-estado-de-emergencia-y-o-desastre-agropecuario\/","url":"https:\/\/infoecos.com.ar\/index.php\/el-gobierno-de-bs-as-prorrogo-hasta-el-31-de-marzo-el-estado-de-emergencia-y-o-desastre-agropecuario\/","name":"El gobierno de Bs.As prorrog\u00f3 hasta el 31 de marzo el estado de emergencia y\/o desastre agropecuario - Infoecos","isPartOf":{"@id":"https:\/\/infoecos.com.ar\/#website"},"primaryImageOfPage":{"@id":"https:\/\/infoecos.com.ar\/index.php\/el-gobierno-de-bs-as-prorrogo-hasta-el-31-de-marzo-el-estado-de-emergencia-y-o-desastre-agropecuario\/#primaryimage"},"image":{"@id":"https:\/\/infoecos.com.ar\/index.php\/el-gobierno-de-bs-as-prorrogo-hasta-el-31-de-marzo-el-estado-de-emergencia-y-o-desastre-agropecuario\/#primaryimage"},"thumbnailUrl":"https:\/\/infoecos.com.ar\/wp-content\/uploads\/2023\/01\/image-195.png","datePublished":"2023-01-30T23:23:42+00:00","dateModified":"2023-02-01T07:11:27+00:00","breadcrumb":{"@id":"https:\/\/infoecos.com.ar\/index.php\/el-gobierno-de-bs-as-prorrogo-hasta-el-31-de-marzo-el-estado-de-emergencia-y-o-desastre-agropecuario\/#breadcrumb"},"inLanguage":"es","potentialAction":[{"@type":"ReadAction","target":["https:\/\/infoecos.com.ar\/index.php\/el-gobierno-de-bs-as-prorrogo-hasta-el-31-de-marzo-el-estado-de-emergencia-y-o-desastre-agropecuario\/"]}]},{"@type":"ImageObject","inLanguage":"es","@id":"https:\/\/infoecos.com.ar\/index.php\/el-gobierno-de-bs-as-prorrogo-hasta-el-31-de-marzo-el-estado-de-emergencia-y-o-desastre-agropecuario\/#primaryimage","url":"https:\/\/infoecos.com.ar\/wp-content\/uploads\/2023\/01\/image-195.png","contentUrl":"https:\/\/infoecos.com.ar\/wp-content\/uploads\/2023\/01\/image-195.png","width":768,"height":387},{"@type":"BreadcrumbList","@id":"https:\/\/infoecos.com.ar\/index.php\/el-gobierno-de-bs-as-prorrogo-hasta-el-31-de-marzo-el-estado-de-emergencia-y-o-desastre-agropecuario\/#breadcrumb","itemListElement":[{"@type":"ListItem","position":1,"name":"Portada","item":"https:\/\/infoecos.com.ar\/"},{"@type":"ListItem","position":2,"name":"El gobierno de Bs.As prorrog\u00f3 hasta el 31 de marzo el estado de emergencia y\/o desastre agropecuario"}]},{"@type":"WebSite","@id":"https:\/\/infoecos.com.ar\/#website","url":"https:\/\/infoecos.com.ar\/","name":"Infoecos","description":"Noticias de trenque lauquen y la zona","publisher":{"@id":"https:\/\/infoecos.com.ar\/#organization"},"alternateName":"Noticias","potentialAction":[{"@type":"SearchAction","target":{"@type":"EntryPoint","urlTemplate":"https:\/\/infoecos.com.ar\/?s={search_term_string}"},"query-input":{"@type":"PropertyValueSpecification","valueRequired":true,"valueName":"search_term_string"}}],"inLanguage":"es"},{"@type":"Organization","@id":"https:\/\/infoecos.com.ar\/#organization","name":"Infoecos","alternateName":"Noticias","url":"https:\/\/infoecos.com.ar\/","logo":{"@type":"ImageObject","inLanguage":"es","@id":"https:\/\/infoecos.com.ar\/#\/schema\/logo\/image\/","url":"https:\/\/infoecos.com.ar\/wp-content\/uploads\/2024\/03\/cropped-logo.png","contentUrl":"https:\/\/infoecos.com.ar\/wp-content\/uploads\/2024\/03\/cropped-logo.png","width":374,"height":90,"caption":"Infoecos"},"image":{"@id":"https:\/\/infoecos.com.ar\/#\/schema\/logo\/image\/"},"sameAs":["https:\/\/www.facebook.com\/profile.php?id=100063200290284","https:\/\/x.com\/infoecos"]},{"@type":"Person","@id":"https:\/\/infoecos.com.ar\/#\/schema\/person\/8f5ace5ce73b4b4aac4b7245aee6f191","name":"Jorge Matheus","url":"https:\/\/infoecos.com.ar\/index.php\/author\/jomatheus\/"}]}},"featured_image_urls":{"full":["https:\/\/infoecos.com.ar\/wp-content\/uploads\/2023\/01\/image-195.png",768,387,false],"thumbnail":["https:\/\/infoecos.com.ar\/wp-content\/uploads\/2023\/01\/image-195-300x150.png",300,150,true],"medium":["https:\/\/infoecos.com.ar\/wp-content\/uploads\/2023\/01\/image-195.png",768,387,false],"medium_large":["https:\/\/infoecos.com.ar\/wp-content\/uploads\/2023\/01\/image-195.png",640,323,false],"large":["https:\/\/infoecos.com.ar\/wp-content\/uploads\/2023\/01\/image-195.png",640,323,false],"1536x1536":["https:\/\/infoecos.com.ar\/wp-content\/uploads\/2023\/01\/image-195.png",768,387,false],"2048x2048":["https:\/\/infoecos.com.ar\/wp-content\/uploads\/2023\/01\/image-195.png",768,387,false],"covernews-slider-full":["https:\/\/infoecos.com.ar\/wp-content\/uploads\/2023\/01\/image-195.png",768,387,false],"covernews-slider-center":["https:\/\/infoecos.com.ar\/wp-content\/uploads\/2023\/01\/image-195.png",768,387,false],"covernews-featured":["https:\/\/infoecos.com.ar\/wp-content\/uploads\/2023\/01\/image-195.png",768,387,false],"covernews-medium":["https:\/\/infoecos.com.ar\/wp-content\/uploads\/2023\/01\/image-195-720x380.png",540,285,true],"covernews-medium-square":["https:\/\/infoecos.com.ar\/wp-content\/uploads\/2023\/01\/image-195-675x387.png",400,229,true]},"author_info":{"info":["Jorge Matheus"]},"category_info":"<a href=\"https:\/\/infoecos.com.ar\/index.php\/category\/c1nota3\/\" rel=\"category tag\">C1 N3<\/a>","tag_info":"C1 N3","comment_count":"0","_links":{"self":[{"href":"https:\/\/infoecos.com.ar\/index.php\/wp-json\/wp\/v2\/posts\/101238"}],"collection":[{"href":"https:\/\/infoecos.com.ar\/index.php\/wp-json\/wp\/v2\/posts"}],"about":[{"href":"https:\/\/infoecos.com.ar\/index.php\/wp-json\/wp\/v2\/types\/post"}],"author":[{"embeddable":true,"href":"https:\/\/infoecos.com.ar\/index.php\/wp-json\/wp\/v2\/users\/2"}],"replies":[{"embeddable":true,"href":"https:\/\/infoecos.com.ar\/index.php\/wp-json\/wp\/v2\/comments?post=101238"}],"version-history":[{"count":2,"href":"https:\/\/infoecos.com.ar\/index.php\/wp-json\/wp\/v2\/posts\/101238\/revisions"}],"predecessor-version":[{"id":101264,"href":"https:\/\/infoecos.com.ar\/index.php\/wp-json\/wp\/v2\/posts\/101238\/revisions\/101264"}],"wp:featuredmedia":[{"embeddable":true,"href":"https:\/\/infoecos.com.ar\/index.php\/wp-json\/wp\/v2\/media\/101240"}],"wp:attachment":[{"href":"https:\/\/infoecos.com.ar\/index.php\/wp-json\/wp\/v2\/media?parent=101238"}],"wp:term":[{"taxonomy":"category","embeddable":true,"href":"https:\/\/infoecos.com.ar\/index.php\/wp-json\/wp\/v2\/categories?post=101238"},{"taxonomy":"post_tag","embeddable":true,"href":"https:\/\/infoecos.com.ar\/index.php\/wp-json\/wp\/v2\/tags?post=101238"}],"curies":[{"name":"wp","href":"https:\/\/api.w.org\/{rel}","templated":true}]}}