{"id":101284,"date":"2023-02-01T02:58:19","date_gmt":"2023-02-01T05:58:19","guid":{"rendered":"https:\/\/infoecos.com.ar\/?p=101284"},"modified":"2023-02-07T10:22:30","modified_gmt":"2023-02-07T13:22:30","slug":"cierre-intencionado-y-desaprensivo-de-valvulas-en-la-red-de-agua-potable-de-t-lauquen","status":"publish","type":"post","link":"https:\/\/infoecos.com.ar\/index.php\/cierre-intencionado-y-desaprensivo-de-valvulas-en-la-red-de-agua-potable-de-t-lauquen\/","title":{"rendered":"Cierre intencionado y desaprensivo de v\u00e1lvulas en la red de agua potable de T.Lauquen"},"content":{"rendered":"\n<p><\/p>\n\n\n\n<p>Luego de haberse detectado en los \u00faltimos diez d\u00edas el cierre intencionado y desaprensivo de v\u00e1lvulas en la red de agua potable al menos en tres sectores diferentes de la planta urbana de la ciudad cabecera, la municipalidad de Trenque Lauquen radic\u00f3 este martes una denuncia en Fiscal\u00eda para que se investigue la comisi\u00f3n de un posible delito.<\/p>\n\n\n\n<figure class=\"wp-block-image aligncenter size-full is-resized\"><img loading=\"lazy\" decoding=\"async\" src=\"https:\/\/infoecos.com.ar\/wp-content\/uploads\/unnamed-9-45.jpg\" alt=\"\" class=\"wp-image-33681\" width=\"543\" height=\"362\"\/><figcaption class=\"wp-element-caption\">Agua corriente (archivo)<\/figcaption><\/figure>\n\n\n\n<p>La denuncia fue presentada ante la Fiscal\u00eda en turno por el secretario de Gesti\u00f3n y Planificaci\u00f3n del Municipio, Mart\u00edn Borraz\u00e1s, quien aport\u00f3 datos concretos vinculados con el presunto il\u00edcito, que fue detectado por el \u00e1rea Servicios Sanitarios, a cargo de Domingo Lanciano, y ofreci\u00e9ndose, adem\u00e1s, declaraci\u00f3n testimonial del personal de la mencionada Direcci\u00f3n.<\/p>\n\n\n\n<p>El sistema de agua de la red domiciliaria est\u00e1 regulado por v\u00e1lvulas que seccionan tramos de ca\u00f1er\u00eda ante eventuales reparaciones, sistema que en distintas circunstancias permite evitar el corte general del servicio para hacer un arreglo determinado.<\/p>\n\n\n\n<p>El agua, en Trenque Lauquen, ingresa desde la Copa del agua y desde las bater\u00edas de pozos en lugares perif\u00e9ricos, y cada uno de estos tiene una v\u00e1lvula que regula la cantidad de agua que ingresa por esa bater\u00eda.<\/p>\n\n\n\n<p><strong>Seg\u00fan consta en la denuncia radicada por el Municipio, \u201cel martes 24 de enero por la tarde se detecta una p\u00e9rdida de importante caudal en la esquina de Cuello y Monferrand. Al d\u00eda siguiente se lleva adelante la reparaci\u00f3n correspondiente y se detecta que la v\u00e1lvula que inyecta agua desde la bater\u00eda de pozos ubicada en calle Lagos se encontraba cerrada. Cuando una v\u00e1lvula se cierra y no se abre otra para direccionar el agua, o bien se apagan las bombas o el agua hace tanta presi\u00f3n que termina explotando el ca\u00f1o, y eso es lo que ocurri\u00f3 ese d\u00eda en la esquina mencionada\u201d.<\/strong><\/p>\n\n\n\n<figure class=\"wp-block-image aligncenter size-large is-resized\"><img loading=\"lazy\" decoding=\"async\" src=\"https:\/\/infoecos.com.ar\/wp-content\/uploads\/13692826_1156123157792032_2508353851808643644_o-920x611.jpg\" alt=\"\" class=\"wp-image-26698\" width=\"553\" height=\"366\"\/><figcaption class=\"wp-element-caption\">Trenque Lauquen  Copa de Agua<\/figcaption><\/figure>\n\n\n\n<p>Tambi\u00e9n se agreg\u00f3 a la denuncia que \u201cel 18 de enero en la calle Presidente Irigoyen y Villegas se encontr\u00f3 una v\u00e1lvula cerrada; y el lunes 30 se encontr\u00f3 otra v\u00e1lvula cerrada en la esquina del Centro C\u00edvico\u201d.<\/p>\n\n\n\n<p>Como se explica en la denuncia, la forma de darse cuenta que una v\u00e1lvula est\u00e1 cerrada es porque se reciben reclamos de falta de agua y personal del \u00e1rea de Obras Sanitarias concurre a estos lugares a constatar la situaci\u00f3n. Estas irregularidades no solo provocan \u00abun grave perjuicio a la red de agua local\u00bb sino que simult\u00e1neamente afectan de igual manera a los vecinos\/as \u00abpor la p\u00e9rdida de presi\u00f3n que suscitan sobre el ducto\u201d, se\u00f1ala la denuncia.<\/p>\n\n\n\n<p><strong>Informaci\u00f3n textual de la Direcci\u00f3n de Prensa del municipio<\/strong><\/p>\n","protected":false},"excerpt":{"rendered":"<p>La denuncia fue presentada ante la Fiscal\u00eda en turno por el secretario de Gesti\u00f3n y Planificaci\u00f3n del Municipio, Mart\u00edn Borraz\u00e1s, quien aport\u00f3 datos concretos vinculados con el presunto il\u00edcito, que fue detectado por el \u00e1rea Servicios Sanitarios, a cargo de Domingo Lanciano, y ofreci\u00e9ndose, adem\u00e1s, declaraci\u00f3n testimonial del personal de la mencionada Direcci\u00f3n<\/p>\n","protected":false},"author":2,"featured_media":26698,"comment_status":"closed","ping_status":"open","sticky":false,"template":"","format":"standard","meta":{"footnotes":""},"categories":[1643],"tags":[7229],"class_list":["post-101284","post","type-post","status-publish","format-standard","has-post-thumbnail","hentry","category-inferior16","tag-denuncia-del-municipio"],"yoast_head":"<!-- This site is optimized with the Yoast SEO plugin v23.4 - https:\/\/yoast.com\/wordpress\/plugins\/seo\/ -->\n<title>Cierre intencionado y desaprensivo de v\u00e1lvulas en la red de agua potable de T.Lauquen - Infoecos<\/title>\n<meta name=\"robots\" content=\"index, follow, max-snippet:-1, max-image-preview:large, max-video-preview:-1\" \/>\n<link rel=\"canonical\" href=\"https:\/\/infoecos.com.ar\/index.php\/cierre-intencionado-y-desaprensivo-de-valvulas-en-la-red-de-agua-potable-de-t-lauquen\/\" \/>\n<meta property=\"og:locale\" content=\"es_ES\" \/>\n<meta property=\"og:type\" content=\"article\" \/>\n<meta property=\"og:title\" content=\"Cierre intencionado y desaprensivo de v\u00e1lvulas en la red de agua potable de T.Lauquen - Infoecos\" \/>\n<meta property=\"og:description\" content=\"La denuncia fue presentada ante la Fiscal\u00eda en turno por el secretario de Gesti\u00f3n y Planificaci\u00f3n del Municipio, Mart\u00edn Borraz\u00e1s, quien aport\u00f3 datos concretos vinculados con el presunto il\u00edcito, que fue detectado por el \u00e1rea Servicios Sanitarios, a cargo de Domingo Lanciano, y ofreci\u00e9ndose, adem\u00e1s, declaraci\u00f3n testimonial del personal de la mencionada Direcci\u00f3n\" \/>\n<meta property=\"og:url\" content=\"https:\/\/infoecos.com.ar\/index.php\/cierre-intencionado-y-desaprensivo-de-valvulas-en-la-red-de-agua-potable-de-t-lauquen\/\" \/>\n<meta property=\"og:site_name\" content=\"Infoecos\" \/>\n<meta property=\"article:publisher\" content=\"https:\/\/www.facebook.com\/profile.php?id=100063200290284\" \/>\n<meta property=\"article:published_time\" content=\"2023-02-01T05:58:19+00:00\" \/>\n<meta property=\"article:modified_time\" content=\"2023-02-07T13:22:30+00:00\" \/>\n<meta property=\"og:image\" content=\"https:\/\/infoecos.com.ar\/wp-content\/uploads\/13692826_1156123157792032_2508353851808643644_o-e1504065248385.jpg\" \/>\n\t<meta property=\"og:image:width\" content=\"400\" \/>\n\t<meta property=\"og:image:height\" content=\"266\" \/>\n\t<meta property=\"og:image:type\" content=\"image\/jpeg\" \/>\n<meta name=\"author\" content=\"Jorge Matheus\" \/>\n<meta name=\"twitter:card\" content=\"summary_large_image\" \/>\n<meta name=\"twitter:creator\" content=\"@infoecos\" \/>\n<meta name=\"twitter:site\" content=\"@infoecos\" \/>\n<meta name=\"twitter:label1\" content=\"Escrito por\" \/>\n\t<meta name=\"twitter:data1\" content=\"Jorge Matheus\" \/>\n\t<meta name=\"twitter:label2\" content=\"Tiempo de lectura\" \/>\n\t<meta name=\"twitter:data2\" content=\"3 minutos\" \/>\n<script type=\"application\/ld+json\" class=\"yoast-schema-graph\">{\"@context\":\"https:\/\/schema.org\",\"@graph\":[{\"@type\":\"Article\",\"@id\":\"https:\/\/infoecos.com.ar\/index.php\/cierre-intencionado-y-desaprensivo-de-valvulas-en-la-red-de-agua-potable-de-t-lauquen\/#article\",\"isPartOf\":{\"@id\":\"https:\/\/infoecos.com.ar\/index.php\/cierre-intencionado-y-desaprensivo-de-valvulas-en-la-red-de-agua-potable-de-t-lauquen\/\"},\"author\":{\"name\":\"Jorge Matheus\",\"@id\":\"https:\/\/infoecos.com.ar\/#\/schema\/person\/8f5ace5ce73b4b4aac4b7245aee6f191\"},\"headline\":\"Cierre intencionado y desaprensivo de v\u00e1lvulas en la red de agua potable de T.Lauquen\",\"datePublished\":\"2023-02-01T05:58:19+00:00\",\"dateModified\":\"2023-02-07T13:22:30+00:00\",\"mainEntityOfPage\":{\"@id\":\"https:\/\/infoecos.com.ar\/index.php\/cierre-intencionado-y-desaprensivo-de-valvulas-en-la-red-de-agua-potable-de-t-lauquen\/\"},\"wordCount\":480,\"publisher\":{\"@id\":\"https:\/\/infoecos.com.ar\/#organization\"},\"image\":{\"@id\":\"https:\/\/infoecos.com.ar\/index.php\/cierre-intencionado-y-desaprensivo-de-valvulas-en-la-red-de-agua-potable-de-t-lauquen\/#primaryimage\"},\"thumbnailUrl\":\"\",\"keywords\":[\"DENUNCIA DEL MUNICIPIO\"],\"articleSection\":[\"Bloque inferior - 16\"],\"inLanguage\":\"es\"},{\"@type\":\"WebPage\",\"@id\":\"https:\/\/infoecos.com.ar\/index.php\/cierre-intencionado-y-desaprensivo-de-valvulas-en-la-red-de-agua-potable-de-t-lauquen\/\",\"url\":\"https:\/\/infoecos.com.ar\/index.php\/cierre-intencionado-y-desaprensivo-de-valvulas-en-la-red-de-agua-potable-de-t-lauquen\/\",\"name\":\"Cierre intencionado y desaprensivo de v\u00e1lvulas en la red de agua potable de T.Lauquen - Infoecos\",\"isPartOf\":{\"@id\":\"https:\/\/infoecos.com.ar\/#website\"},\"primaryImageOfPage\":{\"@id\":\"https:\/\/infoecos.com.ar\/index.php\/cierre-intencionado-y-desaprensivo-de-valvulas-en-la-red-de-agua-potable-de-t-lauquen\/#primaryimage\"},\"image\":{\"@id\":\"https:\/\/infoecos.com.ar\/index.php\/cierre-intencionado-y-desaprensivo-de-valvulas-en-la-red-de-agua-potable-de-t-lauquen\/#primaryimage\"},\"thumbnailUrl\":\"\",\"datePublished\":\"2023-02-01T05:58:19+00:00\",\"dateModified\":\"2023-02-07T13:22:30+00:00\",\"breadcrumb\":{\"@id\":\"https:\/\/infoecos.com.ar\/index.php\/cierre-intencionado-y-desaprensivo-de-valvulas-en-la-red-de-agua-potable-de-t-lauquen\/#breadcrumb\"},\"inLanguage\":\"es\",\"potentialAction\":[{\"@type\":\"ReadAction\",\"target\":[\"https:\/\/infoecos.com.ar\/index.php\/cierre-intencionado-y-desaprensivo-de-valvulas-en-la-red-de-agua-potable-de-t-lauquen\/\"]}]},{\"@type\":\"ImageObject\",\"inLanguage\":\"es\",\"@id\":\"https:\/\/infoecos.com.ar\/index.php\/cierre-intencionado-y-desaprensivo-de-valvulas-en-la-red-de-agua-potable-de-t-lauquen\/#primaryimage\",\"url\":\"\",\"contentUrl\":\"\"},{\"@type\":\"BreadcrumbList\",\"@id\":\"https:\/\/infoecos.com.ar\/index.php\/cierre-intencionado-y-desaprensivo-de-valvulas-en-la-red-de-agua-potable-de-t-lauquen\/#breadcrumb\",\"itemListElement\":[{\"@type\":\"ListItem\",\"position\":1,\"name\":\"Portada\",\"item\":\"https:\/\/infoecos.com.ar\/\"},{\"@type\":\"ListItem\",\"position\":2,\"name\":\"Cierre intencionado y desaprensivo de v\u00e1lvulas en la red de agua potable de T.Lauquen\"}]},{\"@type\":\"WebSite\",\"@id\":\"https:\/\/infoecos.com.ar\/#website\",\"url\":\"https:\/\/infoecos.com.ar\/\",\"name\":\"Infoecos\",\"description\":\"Noticias de trenque lauquen y la zona\",\"publisher\":{\"@id\":\"https:\/\/infoecos.com.ar\/#organization\"},\"alternateName\":\"Noticias\",\"potentialAction\":[{\"@type\":\"SearchAction\",\"target\":{\"@type\":\"EntryPoint\",\"urlTemplate\":\"https:\/\/infoecos.com.ar\/?s={search_term_string}\"},\"query-input\":{\"@type\":\"PropertyValueSpecification\",\"valueRequired\":true,\"valueName\":\"search_term_string\"}}],\"inLanguage\":\"es\"},{\"@type\":\"Organization\",\"@id\":\"https:\/\/infoecos.com.ar\/#organization\",\"name\":\"Infoecos\",\"alternateName\":\"Noticias\",\"url\":\"https:\/\/infoecos.com.ar\/\",\"logo\":{\"@type\":\"ImageObject\",\"inLanguage\":\"es\",\"@id\":\"https:\/\/infoecos.com.ar\/#\/schema\/logo\/image\/\",\"url\":\"https:\/\/infoecos.com.ar\/wp-content\/uploads\/2024\/03\/cropped-logo.png\",\"contentUrl\":\"https:\/\/infoecos.com.ar\/wp-content\/uploads\/2024\/03\/cropped-logo.png\",\"width\":374,\"height\":90,\"caption\":\"Infoecos\"},\"image\":{\"@id\":\"https:\/\/infoecos.com.ar\/#\/schema\/logo\/image\/\"},\"sameAs\":[\"https:\/\/www.facebook.com\/profile.php?id=100063200290284\",\"https:\/\/x.com\/infoecos\"]},{\"@type\":\"Person\",\"@id\":\"https:\/\/infoecos.com.ar\/#\/schema\/person\/8f5ace5ce73b4b4aac4b7245aee6f191\",\"name\":\"Jorge Matheus\",\"url\":\"https:\/\/infoecos.com.ar\/index.php\/author\/jomatheus\/\"}]}<\/script>\n<!-- \/ Yoast SEO plugin. -->","yoast_head_json":{"title":"Cierre intencionado y desaprensivo de v\u00e1lvulas en la red de agua potable de T.Lauquen - Infoecos","robots":{"index":"index","follow":"follow","max-snippet":"max-snippet:-1","max-image-preview":"max-image-preview:large","max-video-preview":"max-video-preview:-1"},"canonical":"https:\/\/infoecos.com.ar\/index.php\/cierre-intencionado-y-desaprensivo-de-valvulas-en-la-red-de-agua-potable-de-t-lauquen\/","og_locale":"es_ES","og_type":"article","og_title":"Cierre intencionado y desaprensivo de v\u00e1lvulas en la red de agua potable de T.Lauquen - Infoecos","og_description":"La denuncia fue presentada ante la Fiscal\u00eda en turno por el secretario de Gesti\u00f3n y Planificaci\u00f3n del Municipio, Mart\u00edn Borraz\u00e1s, quien aport\u00f3 datos concretos vinculados con el presunto il\u00edcito, que fue detectado por el \u00e1rea Servicios Sanitarios, a cargo de Domingo Lanciano, y ofreci\u00e9ndose, adem\u00e1s, declaraci\u00f3n testimonial del personal de la mencionada Direcci\u00f3n","og_url":"https:\/\/infoecos.com.ar\/index.php\/cierre-intencionado-y-desaprensivo-de-valvulas-en-la-red-de-agua-potable-de-t-lauquen\/","og_site_name":"Infoecos","article_publisher":"https:\/\/www.facebook.com\/profile.php?id=100063200290284","article_published_time":"2023-02-01T05:58:19+00:00","article_modified_time":"2023-02-07T13:22:30+00:00","og_image":[{"width":400,"height":266,"url":"https:\/\/infoecos.com.ar\/wp-content\/uploads\/13692826_1156123157792032_2508353851808643644_o-e1504065248385.jpg","type":"image\/jpeg"}],"author":"Jorge Matheus","twitter_card":"summary_large_image","twitter_creator":"@infoecos","twitter_site":"@infoecos","twitter_misc":{"Escrito por":"Jorge Matheus","Tiempo de lectura":"3 minutos"},"schema":{"@context":"https:\/\/schema.org","@graph":[{"@type":"Article","@id":"https:\/\/infoecos.com.ar\/index.php\/cierre-intencionado-y-desaprensivo-de-valvulas-en-la-red-de-agua-potable-de-t-lauquen\/#article","isPartOf":{"@id":"https:\/\/infoecos.com.ar\/index.php\/cierre-intencionado-y-desaprensivo-de-valvulas-en-la-red-de-agua-potable-de-t-lauquen\/"},"author":{"name":"Jorge Matheus","@id":"https:\/\/infoecos.com.ar\/#\/schema\/person\/8f5ace5ce73b4b4aac4b7245aee6f191"},"headline":"Cierre intencionado y desaprensivo de v\u00e1lvulas en la red de agua potable de T.Lauquen","datePublished":"2023-02-01T05:58:19+00:00","dateModified":"2023-02-07T13:22:30+00:00","mainEntityOfPage":{"@id":"https:\/\/infoecos.com.ar\/index.php\/cierre-intencionado-y-desaprensivo-de-valvulas-en-la-red-de-agua-potable-de-t-lauquen\/"},"wordCount":480,"publisher":{"@id":"https:\/\/infoecos.com.ar\/#organization"},"image":{"@id":"https:\/\/infoecos.com.ar\/index.php\/cierre-intencionado-y-desaprensivo-de-valvulas-en-la-red-de-agua-potable-de-t-lauquen\/#primaryimage"},"thumbnailUrl":"","keywords":["DENUNCIA DEL MUNICIPIO"],"articleSection":["Bloque inferior - 16"],"inLanguage":"es"},{"@type":"WebPage","@id":"https:\/\/infoecos.com.ar\/index.php\/cierre-intencionado-y-desaprensivo-de-valvulas-en-la-red-de-agua-potable-de-t-lauquen\/","url":"https:\/\/infoecos.com.ar\/index.php\/cierre-intencionado-y-desaprensivo-de-valvulas-en-la-red-de-agua-potable-de-t-lauquen\/","name":"Cierre intencionado y desaprensivo de v\u00e1lvulas en la red de agua potable de T.Lauquen - Infoecos","isPartOf":{"@id":"https:\/\/infoecos.com.ar\/#website"},"primaryImageOfPage":{"@id":"https:\/\/infoecos.com.ar\/index.php\/cierre-intencionado-y-desaprensivo-de-valvulas-en-la-red-de-agua-potable-de-t-lauquen\/#primaryimage"},"image":{"@id":"https:\/\/infoecos.com.ar\/index.php\/cierre-intencionado-y-desaprensivo-de-valvulas-en-la-red-de-agua-potable-de-t-lauquen\/#primaryimage"},"thumbnailUrl":"","datePublished":"2023-02-01T05:58:19+00:00","dateModified":"2023-02-07T13:22:30+00:00","breadcrumb":{"@id":"https:\/\/infoecos.com.ar\/index.php\/cierre-intencionado-y-desaprensivo-de-valvulas-en-la-red-de-agua-potable-de-t-lauquen\/#breadcrumb"},"inLanguage":"es","potentialAction":[{"@type":"ReadAction","target":["https:\/\/infoecos.com.ar\/index.php\/cierre-intencionado-y-desaprensivo-de-valvulas-en-la-red-de-agua-potable-de-t-lauquen\/"]}]},{"@type":"ImageObject","inLanguage":"es","@id":"https:\/\/infoecos.com.ar\/index.php\/cierre-intencionado-y-desaprensivo-de-valvulas-en-la-red-de-agua-potable-de-t-lauquen\/#primaryimage","url":"","contentUrl":""},{"@type":"BreadcrumbList","@id":"https:\/\/infoecos.com.ar\/index.php\/cierre-intencionado-y-desaprensivo-de-valvulas-en-la-red-de-agua-potable-de-t-lauquen\/#breadcrumb","itemListElement":[{"@type":"ListItem","position":1,"name":"Portada","item":"https:\/\/infoecos.com.ar\/"},{"@type":"ListItem","position":2,"name":"Cierre intencionado y desaprensivo de v\u00e1lvulas en la red de agua potable de T.Lauquen"}]},{"@type":"WebSite","@id":"https:\/\/infoecos.com.ar\/#website","url":"https:\/\/infoecos.com.ar\/","name":"Infoecos","description":"Noticias de trenque lauquen y la zona","publisher":{"@id":"https:\/\/infoecos.com.ar\/#organization"},"alternateName":"Noticias","potentialAction":[{"@type":"SearchAction","target":{"@type":"EntryPoint","urlTemplate":"https:\/\/infoecos.com.ar\/?s={search_term_string}"},"query-input":{"@type":"PropertyValueSpecification","valueRequired":true,"valueName":"search_term_string"}}],"inLanguage":"es"},{"@type":"Organization","@id":"https:\/\/infoecos.com.ar\/#organization","name":"Infoecos","alternateName":"Noticias","url":"https:\/\/infoecos.com.ar\/","logo":{"@type":"ImageObject","inLanguage":"es","@id":"https:\/\/infoecos.com.ar\/#\/schema\/logo\/image\/","url":"https:\/\/infoecos.com.ar\/wp-content\/uploads\/2024\/03\/cropped-logo.png","contentUrl":"https:\/\/infoecos.com.ar\/wp-content\/uploads\/2024\/03\/cropped-logo.png","width":374,"height":90,"caption":"Infoecos"},"image":{"@id":"https:\/\/infoecos.com.ar\/#\/schema\/logo\/image\/"},"sameAs":["https:\/\/www.facebook.com\/profile.php?id=100063200290284","https:\/\/x.com\/infoecos"]},{"@type":"Person","@id":"https:\/\/infoecos.com.ar\/#\/schema\/person\/8f5ace5ce73b4b4aac4b7245aee6f191","name":"Jorge Matheus","url":"https:\/\/infoecos.com.ar\/index.php\/author\/jomatheus\/"}]}},"featured_image_urls":{"full":"","thumbnail":"","medium":"","medium_large":"","large":"","1536x1536":"","2048x2048":"","covernews-slider-full":"","covernews-slider-center":"","covernews-featured":"","covernews-medium":"","covernews-medium-square":""},"author_info":{"info":["Jorge Matheus"]},"category_info":"<a href=\"https:\/\/infoecos.com.ar\/index.php\/category\/inferior16\/\" rel=\"category tag\">Bloque inferior - 16<\/a>","tag_info":"Bloque inferior - 16","comment_count":"0","_links":{"self":[{"href":"https:\/\/infoecos.com.ar\/index.php\/wp-json\/wp\/v2\/posts\/101284"}],"collection":[{"href":"https:\/\/infoecos.com.ar\/index.php\/wp-json\/wp\/v2\/posts"}],"about":[{"href":"https:\/\/infoecos.com.ar\/index.php\/wp-json\/wp\/v2\/types\/post"}],"author":[{"embeddable":true,"href":"https:\/\/infoecos.com.ar\/index.php\/wp-json\/wp\/v2\/users\/2"}],"replies":[{"embeddable":true,"href":"https:\/\/infoecos.com.ar\/index.php\/wp-json\/wp\/v2\/comments?post=101284"}],"version-history":[{"count":2,"href":"https:\/\/infoecos.com.ar\/index.php\/wp-json\/wp\/v2\/posts\/101284\/revisions"}],"predecessor-version":[{"id":101287,"href":"https:\/\/infoecos.com.ar\/index.php\/wp-json\/wp\/v2\/posts\/101284\/revisions\/101287"}],"wp:featuredmedia":[{"embeddable":true,"href":"https:\/\/infoecos.com.ar\/index.php\/wp-json\/"}],"wp:attachment":[{"href":"https:\/\/infoecos.com.ar\/index.php\/wp-json\/wp\/v2\/media?parent=101284"}],"wp:term":[{"taxonomy":"category","embeddable":true,"href":"https:\/\/infoecos.com.ar\/index.php\/wp-json\/wp\/v2\/categories?post=101284"},{"taxonomy":"post_tag","embeddable":true,"href":"https:\/\/infoecos.com.ar\/index.php\/wp-json\/wp\/v2\/tags?post=101284"}],"curies":[{"name":"wp","href":"https:\/\/api.w.org\/{rel}","templated":true}]}}