{"id":101291,"date":"2023-02-01T03:23:36","date_gmt":"2023-02-01T06:23:36","guid":{"rendered":"https:\/\/infoecos.com.ar\/?p=101291"},"modified":"2023-02-01T03:23:37","modified_gmt":"2023-02-01T06:23:37","slug":"massa-comunico-medidas-del-gobierno-por-la-sequia-y-los-dirigentes-se-mostraron-satisfechos","status":"publish","type":"post","link":"https:\/\/infoecos.com.ar\/index.php\/massa-comunico-medidas-del-gobierno-por-la-sequia-y-los-dirigentes-se-mostraron-satisfechos\/","title":{"rendered":"Massa comunic\u00f3 medidas del gobierno por la sequ\u00eda y los dirigentes se mostraron satisfechos"},"content":{"rendered":"\n<p>Refinanciaci\u00f3n de deudas, nuevas l\u00edneas de cr\u00e9ditos y la derogaci\u00f3n de una normativa del Banco Central que encarec\u00eda el costo financiero para productores agropecuarios que implicar\u00e1n un costo fiscal de 65 mil millones de pesos, son las medidas que Sergio Massa comunic\u00f3 ayer a los dirigentes del sector agropecuario.<\/p>\n\n\n\n<figure class=\"wp-block-image alignright size-full is-resized\"><img loading=\"lazy\" decoding=\"async\" src=\"https:\/\/infoecos.com.ar\/wp-content\/uploads\/2023\/02\/image-4.png\" alt=\"\" class=\"wp-image-101292\" width=\"427\" height=\"284\" srcset=\"https:\/\/infoecos.com.ar\/wp-content\/uploads\/2023\/02\/image-4.png 992w, https:\/\/infoecos.com.ar\/wp-content\/uploads\/2023\/02\/image-4-800x533.png 800w, https:\/\/infoecos.com.ar\/wp-content\/uploads\/2023\/02\/image-4-768x512.png 768w, https:\/\/infoecos.com.ar\/wp-content\/uploads\/2023\/02\/image-4-675x450.png 675w\" sizes=\"(max-width: 427px) 100vw, 427px\" \/><figcaption class=\"wp-element-caption\">Massa con la mesa de Enlace <\/figcaption><\/figure>\n\n\n\n<p>Uno de los integrantes de la Mesa de Enlace,\u00a0Carlos Achetoni,\u00a0de\u00a0Federaci\u00f3n Agraria, se\u00f1al\u00f3 luego del encuentro con Massa que \u201cla reuni\u00f3n result\u00f3 satisfactoria\u00a0y las medidas tomadas representan un gran porcentaje de lo que se hab\u00eda pedido\u201d.<\/p>\n\n\n\n<p>Massa\u00a0especific\u00f3 que el fondo rotatorio ser\u00e1 de\u00a0$5.000 millones\u00a0y que ser\u00e1 articulado a trav\u00e9s de los gobiernos provinciales y municipales, como ayuda directa para los productores que hayan sido afectados por la sequ\u00eda.<\/p>\n\n\n\n<p>El ministro de Econom\u00eda anticip\u00f3 que la AFIP suspender\u00e1 el pago de\u00a0anticipo de impuesto a las Ganancias\u00a0para todos aquellos productores \u201ccon dificultados o abarcados por la emergencia, entendiendo adem\u00e1s que el procedimiento de trabajo que llevar\u00e1 adelante la AFIP, en t\u00e9rminos de lo que son las revisiones, va a poner el ojo en los productores con m\u00e1s de 50 millones de pesos declarados de ganancia en el 2022\u2033.<\/p>\n\n\n\n<p>El organismo tributario, adem\u00e1s, suspender\u00e1 los\u00a0juicios de ejecuci\u00f3n fiscal\u00a0y los embargos de las cuentas corrientes de todos los productores afectados por los procedimientos de emergencia.<\/p>\n\n\n\n<p>Para los productores que hayan tenido que recurrir a una\u00a0<strong>venta forzosa<\/strong>\u00a0de hacienda por la falta de alimento o de necesidades financieras, el Gobierno exceptuar\u00e1 a esa parte de sus ventas en el c\u00e1lculo del impuesto a las Ganancias. El Poder Ejecutivo estim\u00f3 que hay\u00a0<strong>4.200 productores<\/strong>\u00a0contemplados con una medida de esta naturaleza.<\/p>\n\n\n\n<p>El Ministerio de Econom\u00eda les comunic\u00f3 que\u00a0<strong>refinanciar\u00e1 los pasivos<\/strong>\u00a0bajos las mismas condiciones en que los cr\u00e9ditos fueron otorgados, lo que implica que casi la mitad de los pr\u00e9stamos fueron dados \u201ccon tasa promocionada\u201d y ahora contar\u00e1n con un diferimiento de 360 d\u00edas.<\/p>\n","protected":false},"excerpt":{"rendered":"<p>Las medidas mplicar\u00e1n un costo fiscal de 65 mil millones de pesos<\/p>\n","protected":false},"author":2,"featured_media":101292,"comment_status":"closed","ping_status":"open","sticky":false,"template":"","format":"standard","meta":{"footnotes":""},"categories":[28],"tags":[97],"class_list":["post-101291","post","type-post","status-publish","format-standard","has-post-thumbnail","hentry","category-c1nota1","tag-economia"],"yoast_head":"<!-- This site is optimized with the Yoast SEO plugin v23.4 - https:\/\/yoast.com\/wordpress\/plugins\/seo\/ -->\n<title>Massa comunic\u00f3 medidas del gobierno por la sequ\u00eda y los dirigentes se mostraron satisfechos - Infoecos<\/title>\n<meta name=\"robots\" content=\"index, follow, max-snippet:-1, max-image-preview:large, max-video-preview:-1\" \/>\n<link rel=\"canonical\" href=\"https:\/\/infoecos.com.ar\/index.php\/massa-comunico-medidas-del-gobierno-por-la-sequia-y-los-dirigentes-se-mostraron-satisfechos\/\" \/>\n<meta property=\"og:locale\" content=\"es_ES\" \/>\n<meta property=\"og:type\" content=\"article\" \/>\n<meta property=\"og:title\" content=\"Massa comunic\u00f3 medidas del gobierno por la sequ\u00eda y los dirigentes se mostraron satisfechos - Infoecos\" \/>\n<meta property=\"og:description\" content=\"Las medidas mplicar\u00e1n un costo fiscal de 65 mil millones de pesos\" \/>\n<meta property=\"og:url\" content=\"https:\/\/infoecos.com.ar\/index.php\/massa-comunico-medidas-del-gobierno-por-la-sequia-y-los-dirigentes-se-mostraron-satisfechos\/\" \/>\n<meta property=\"og:site_name\" content=\"Infoecos\" \/>\n<meta property=\"article:publisher\" content=\"https:\/\/www.facebook.com\/profile.php?id=100063200290284\" \/>\n<meta property=\"article:published_time\" content=\"2023-02-01T06:23:36+00:00\" \/>\n<meta property=\"article:modified_time\" content=\"2023-02-01T06:23:37+00:00\" \/>\n<meta property=\"og:image\" content=\"https:\/\/infoecos.com.ar\/wp-content\/uploads\/2023\/02\/image-4.png\" \/>\n\t<meta property=\"og:image:width\" content=\"992\" \/>\n\t<meta property=\"og:image:height\" content=\"661\" \/>\n\t<meta property=\"og:image:type\" content=\"image\/png\" \/>\n<meta name=\"author\" content=\"Jorge Matheus\" \/>\n<meta name=\"twitter:card\" content=\"summary_large_image\" \/>\n<meta name=\"twitter:creator\" content=\"@infoecos\" \/>\n<meta name=\"twitter:site\" content=\"@infoecos\" \/>\n<meta name=\"twitter:label1\" content=\"Escrito por\" \/>\n\t<meta name=\"twitter:data1\" content=\"Jorge Matheus\" \/>\n\t<meta name=\"twitter:label2\" content=\"Tiempo de lectura\" \/>\n\t<meta name=\"twitter:data2\" content=\"2 minutos\" \/>\n<script type=\"application\/ld+json\" class=\"yoast-schema-graph\">{\"@context\":\"https:\/\/schema.org\",\"@graph\":[{\"@type\":\"Article\",\"@id\":\"https:\/\/infoecos.com.ar\/index.php\/massa-comunico-medidas-del-gobierno-por-la-sequia-y-los-dirigentes-se-mostraron-satisfechos\/#article\",\"isPartOf\":{\"@id\":\"https:\/\/infoecos.com.ar\/index.php\/massa-comunico-medidas-del-gobierno-por-la-sequia-y-los-dirigentes-se-mostraron-satisfechos\/\"},\"author\":{\"name\":\"Jorge Matheus\",\"@id\":\"https:\/\/infoecos.com.ar\/#\/schema\/person\/8f5ace5ce73b4b4aac4b7245aee6f191\"},\"headline\":\"Massa comunic\u00f3 medidas del gobierno por la sequ\u00eda y los dirigentes se mostraron satisfechos\",\"datePublished\":\"2023-02-01T06:23:36+00:00\",\"dateModified\":\"2023-02-01T06:23:37+00:00\",\"mainEntityOfPage\":{\"@id\":\"https:\/\/infoecos.com.ar\/index.php\/massa-comunico-medidas-del-gobierno-por-la-sequia-y-los-dirigentes-se-mostraron-satisfechos\/\"},\"wordCount\":358,\"publisher\":{\"@id\":\"https:\/\/infoecos.com.ar\/#organization\"},\"image\":{\"@id\":\"https:\/\/infoecos.com.ar\/index.php\/massa-comunico-medidas-del-gobierno-por-la-sequia-y-los-dirigentes-se-mostraron-satisfechos\/#primaryimage\"},\"thumbnailUrl\":\"https:\/\/infoecos.com.ar\/wp-content\/uploads\/2023\/02\/image-4.png\",\"keywords\":[\"ECONOM\u00cdA\"],\"articleSection\":[\"C1 N1\"],\"inLanguage\":\"es\"},{\"@type\":\"WebPage\",\"@id\":\"https:\/\/infoecos.com.ar\/index.php\/massa-comunico-medidas-del-gobierno-por-la-sequia-y-los-dirigentes-se-mostraron-satisfechos\/\",\"url\":\"https:\/\/infoecos.com.ar\/index.php\/massa-comunico-medidas-del-gobierno-por-la-sequia-y-los-dirigentes-se-mostraron-satisfechos\/\",\"name\":\"Massa comunic\u00f3 medidas del gobierno por la sequ\u00eda y los dirigentes se mostraron satisfechos - Infoecos\",\"isPartOf\":{\"@id\":\"https:\/\/infoecos.com.ar\/#website\"},\"primaryImageOfPage\":{\"@id\":\"https:\/\/infoecos.com.ar\/index.php\/massa-comunico-medidas-del-gobierno-por-la-sequia-y-los-dirigentes-se-mostraron-satisfechos\/#primaryimage\"},\"image\":{\"@id\":\"https:\/\/infoecos.com.ar\/index.php\/massa-comunico-medidas-del-gobierno-por-la-sequia-y-los-dirigentes-se-mostraron-satisfechos\/#primaryimage\"},\"thumbnailUrl\":\"https:\/\/infoecos.com.ar\/wp-content\/uploads\/2023\/02\/image-4.png\",\"datePublished\":\"2023-02-01T06:23:36+00:00\",\"dateModified\":\"2023-02-01T06:23:37+00:00\",\"breadcrumb\":{\"@id\":\"https:\/\/infoecos.com.ar\/index.php\/massa-comunico-medidas-del-gobierno-por-la-sequia-y-los-dirigentes-se-mostraron-satisfechos\/#breadcrumb\"},\"inLanguage\":\"es\",\"potentialAction\":[{\"@type\":\"ReadAction\",\"target\":[\"https:\/\/infoecos.com.ar\/index.php\/massa-comunico-medidas-del-gobierno-por-la-sequia-y-los-dirigentes-se-mostraron-satisfechos\/\"]}]},{\"@type\":\"ImageObject\",\"inLanguage\":\"es\",\"@id\":\"https:\/\/infoecos.com.ar\/index.php\/massa-comunico-medidas-del-gobierno-por-la-sequia-y-los-dirigentes-se-mostraron-satisfechos\/#primaryimage\",\"url\":\"https:\/\/infoecos.com.ar\/wp-content\/uploads\/2023\/02\/image-4.png\",\"contentUrl\":\"https:\/\/infoecos.com.ar\/wp-content\/uploads\/2023\/02\/image-4.png\",\"width\":992,\"height\":661},{\"@type\":\"BreadcrumbList\",\"@id\":\"https:\/\/infoecos.com.ar\/index.php\/massa-comunico-medidas-del-gobierno-por-la-sequia-y-los-dirigentes-se-mostraron-satisfechos\/#breadcrumb\",\"itemListElement\":[{\"@type\":\"ListItem\",\"position\":1,\"name\":\"Portada\",\"item\":\"https:\/\/infoecos.com.ar\/\"},{\"@type\":\"ListItem\",\"position\":2,\"name\":\"Massa comunic\u00f3 medidas del gobierno por la sequ\u00eda y los dirigentes se mostraron satisfechos\"}]},{\"@type\":\"WebSite\",\"@id\":\"https:\/\/infoecos.com.ar\/#website\",\"url\":\"https:\/\/infoecos.com.ar\/\",\"name\":\"Infoecos\",\"description\":\"Noticias de trenque lauquen y la zona\",\"publisher\":{\"@id\":\"https:\/\/infoecos.com.ar\/#organization\"},\"alternateName\":\"Noticias\",\"potentialAction\":[{\"@type\":\"SearchAction\",\"target\":{\"@type\":\"EntryPoint\",\"urlTemplate\":\"https:\/\/infoecos.com.ar\/?s={search_term_string}\"},\"query-input\":{\"@type\":\"PropertyValueSpecification\",\"valueRequired\":true,\"valueName\":\"search_term_string\"}}],\"inLanguage\":\"es\"},{\"@type\":\"Organization\",\"@id\":\"https:\/\/infoecos.com.ar\/#organization\",\"name\":\"Infoecos\",\"alternateName\":\"Noticias\",\"url\":\"https:\/\/infoecos.com.ar\/\",\"logo\":{\"@type\":\"ImageObject\",\"inLanguage\":\"es\",\"@id\":\"https:\/\/infoecos.com.ar\/#\/schema\/logo\/image\/\",\"url\":\"https:\/\/infoecos.com.ar\/wp-content\/uploads\/2024\/03\/cropped-logo.png\",\"contentUrl\":\"https:\/\/infoecos.com.ar\/wp-content\/uploads\/2024\/03\/cropped-logo.png\",\"width\":374,\"height\":90,\"caption\":\"Infoecos\"},\"image\":{\"@id\":\"https:\/\/infoecos.com.ar\/#\/schema\/logo\/image\/\"},\"sameAs\":[\"https:\/\/www.facebook.com\/profile.php?id=100063200290284\",\"https:\/\/x.com\/infoecos\"]},{\"@type\":\"Person\",\"@id\":\"https:\/\/infoecos.com.ar\/#\/schema\/person\/8f5ace5ce73b4b4aac4b7245aee6f191\",\"name\":\"Jorge Matheus\",\"url\":\"https:\/\/infoecos.com.ar\/index.php\/author\/jomatheus\/\"}]}<\/script>\n<!-- \/ Yoast SEO plugin. -->","yoast_head_json":{"title":"Massa comunic\u00f3 medidas del gobierno por la sequ\u00eda y los dirigentes se mostraron satisfechos - Infoecos","robots":{"index":"index","follow":"follow","max-snippet":"max-snippet:-1","max-image-preview":"max-image-preview:large","max-video-preview":"max-video-preview:-1"},"canonical":"https:\/\/infoecos.com.ar\/index.php\/massa-comunico-medidas-del-gobierno-por-la-sequia-y-los-dirigentes-se-mostraron-satisfechos\/","og_locale":"es_ES","og_type":"article","og_title":"Massa comunic\u00f3 medidas del gobierno por la sequ\u00eda y los dirigentes se mostraron satisfechos - Infoecos","og_description":"Las medidas mplicar\u00e1n un costo fiscal de 65 mil millones de pesos","og_url":"https:\/\/infoecos.com.ar\/index.php\/massa-comunico-medidas-del-gobierno-por-la-sequia-y-los-dirigentes-se-mostraron-satisfechos\/","og_site_name":"Infoecos","article_publisher":"https:\/\/www.facebook.com\/profile.php?id=100063200290284","article_published_time":"2023-02-01T06:23:36+00:00","article_modified_time":"2023-02-01T06:23:37+00:00","og_image":[{"width":992,"height":661,"url":"https:\/\/infoecos.com.ar\/wp-content\/uploads\/2023\/02\/image-4.png","type":"image\/png"}],"author":"Jorge Matheus","twitter_card":"summary_large_image","twitter_creator":"@infoecos","twitter_site":"@infoecos","twitter_misc":{"Escrito por":"Jorge Matheus","Tiempo de lectura":"2 minutos"},"schema":{"@context":"https:\/\/schema.org","@graph":[{"@type":"Article","@id":"https:\/\/infoecos.com.ar\/index.php\/massa-comunico-medidas-del-gobierno-por-la-sequia-y-los-dirigentes-se-mostraron-satisfechos\/#article","isPartOf":{"@id":"https:\/\/infoecos.com.ar\/index.php\/massa-comunico-medidas-del-gobierno-por-la-sequia-y-los-dirigentes-se-mostraron-satisfechos\/"},"author":{"name":"Jorge Matheus","@id":"https:\/\/infoecos.com.ar\/#\/schema\/person\/8f5ace5ce73b4b4aac4b7245aee6f191"},"headline":"Massa comunic\u00f3 medidas del gobierno por la sequ\u00eda y los dirigentes se mostraron satisfechos","datePublished":"2023-02-01T06:23:36+00:00","dateModified":"2023-02-01T06:23:37+00:00","mainEntityOfPage":{"@id":"https:\/\/infoecos.com.ar\/index.php\/massa-comunico-medidas-del-gobierno-por-la-sequia-y-los-dirigentes-se-mostraron-satisfechos\/"},"wordCount":358,"publisher":{"@id":"https:\/\/infoecos.com.ar\/#organization"},"image":{"@id":"https:\/\/infoecos.com.ar\/index.php\/massa-comunico-medidas-del-gobierno-por-la-sequia-y-los-dirigentes-se-mostraron-satisfechos\/#primaryimage"},"thumbnailUrl":"https:\/\/infoecos.com.ar\/wp-content\/uploads\/2023\/02\/image-4.png","keywords":["ECONOM\u00cdA"],"articleSection":["C1 N1"],"inLanguage":"es"},{"@type":"WebPage","@id":"https:\/\/infoecos.com.ar\/index.php\/massa-comunico-medidas-del-gobierno-por-la-sequia-y-los-dirigentes-se-mostraron-satisfechos\/","url":"https:\/\/infoecos.com.ar\/index.php\/massa-comunico-medidas-del-gobierno-por-la-sequia-y-los-dirigentes-se-mostraron-satisfechos\/","name":"Massa comunic\u00f3 medidas del gobierno por la sequ\u00eda y los dirigentes se mostraron satisfechos - Infoecos","isPartOf":{"@id":"https:\/\/infoecos.com.ar\/#website"},"primaryImageOfPage":{"@id":"https:\/\/infoecos.com.ar\/index.php\/massa-comunico-medidas-del-gobierno-por-la-sequia-y-los-dirigentes-se-mostraron-satisfechos\/#primaryimage"},"image":{"@id":"https:\/\/infoecos.com.ar\/index.php\/massa-comunico-medidas-del-gobierno-por-la-sequia-y-los-dirigentes-se-mostraron-satisfechos\/#primaryimage"},"thumbnailUrl":"https:\/\/infoecos.com.ar\/wp-content\/uploads\/2023\/02\/image-4.png","datePublished":"2023-02-01T06:23:36+00:00","dateModified":"2023-02-01T06:23:37+00:00","breadcrumb":{"@id":"https:\/\/infoecos.com.ar\/index.php\/massa-comunico-medidas-del-gobierno-por-la-sequia-y-los-dirigentes-se-mostraron-satisfechos\/#breadcrumb"},"inLanguage":"es","potentialAction":[{"@type":"ReadAction","target":["https:\/\/infoecos.com.ar\/index.php\/massa-comunico-medidas-del-gobierno-por-la-sequia-y-los-dirigentes-se-mostraron-satisfechos\/"]}]},{"@type":"ImageObject","inLanguage":"es","@id":"https:\/\/infoecos.com.ar\/index.php\/massa-comunico-medidas-del-gobierno-por-la-sequia-y-los-dirigentes-se-mostraron-satisfechos\/#primaryimage","url":"https:\/\/infoecos.com.ar\/wp-content\/uploads\/2023\/02\/image-4.png","contentUrl":"https:\/\/infoecos.com.ar\/wp-content\/uploads\/2023\/02\/image-4.png","width":992,"height":661},{"@type":"BreadcrumbList","@id":"https:\/\/infoecos.com.ar\/index.php\/massa-comunico-medidas-del-gobierno-por-la-sequia-y-los-dirigentes-se-mostraron-satisfechos\/#breadcrumb","itemListElement":[{"@type":"ListItem","position":1,"name":"Portada","item":"https:\/\/infoecos.com.ar\/"},{"@type":"ListItem","position":2,"name":"Massa comunic\u00f3 medidas del gobierno por la sequ\u00eda y los dirigentes se mostraron satisfechos"}]},{"@type":"WebSite","@id":"https:\/\/infoecos.com.ar\/#website","url":"https:\/\/infoecos.com.ar\/","name":"Infoecos","description":"Noticias de trenque lauquen y la zona","publisher":{"@id":"https:\/\/infoecos.com.ar\/#organization"},"alternateName":"Noticias","potentialAction":[{"@type":"SearchAction","target":{"@type":"EntryPoint","urlTemplate":"https:\/\/infoecos.com.ar\/?s={search_term_string}"},"query-input":{"@type":"PropertyValueSpecification","valueRequired":true,"valueName":"search_term_string"}}],"inLanguage":"es"},{"@type":"Organization","@id":"https:\/\/infoecos.com.ar\/#organization","name":"Infoecos","alternateName":"Noticias","url":"https:\/\/infoecos.com.ar\/","logo":{"@type":"ImageObject","inLanguage":"es","@id":"https:\/\/infoecos.com.ar\/#\/schema\/logo\/image\/","url":"https:\/\/infoecos.com.ar\/wp-content\/uploads\/2024\/03\/cropped-logo.png","contentUrl":"https:\/\/infoecos.com.ar\/wp-content\/uploads\/2024\/03\/cropped-logo.png","width":374,"height":90,"caption":"Infoecos"},"image":{"@id":"https:\/\/infoecos.com.ar\/#\/schema\/logo\/image\/"},"sameAs":["https:\/\/www.facebook.com\/profile.php?id=100063200290284","https:\/\/x.com\/infoecos"]},{"@type":"Person","@id":"https:\/\/infoecos.com.ar\/#\/schema\/person\/8f5ace5ce73b4b4aac4b7245aee6f191","name":"Jorge Matheus","url":"https:\/\/infoecos.com.ar\/index.php\/author\/jomatheus\/"}]}},"featured_image_urls":{"full":["https:\/\/infoecos.com.ar\/wp-content\/uploads\/2023\/02\/image-4.png",992,661,false],"thumbnail":["https:\/\/infoecos.com.ar\/wp-content\/uploads\/2023\/02\/image-4-300x150.png",300,150,true],"medium":["https:\/\/infoecos.com.ar\/wp-content\/uploads\/2023\/02\/image-4-800x533.png",800,533,true],"medium_large":["https:\/\/infoecos.com.ar\/wp-content\/uploads\/2023\/02\/image-4-768x512.png",640,427,true],"large":["https:\/\/infoecos.com.ar\/wp-content\/uploads\/2023\/02\/image-4.png",640,426,false],"1536x1536":["https:\/\/infoecos.com.ar\/wp-content\/uploads\/2023\/02\/image-4.png",992,661,false],"2048x2048":["https:\/\/infoecos.com.ar\/wp-content\/uploads\/2023\/02\/image-4.png",992,661,false],"covernews-slider-full":["https:\/\/infoecos.com.ar\/wp-content\/uploads\/2023\/02\/image-4.png",992,661,false],"covernews-slider-center":["https:\/\/infoecos.com.ar\/wp-content\/uploads\/2023\/02\/image-4-936x661.png",708,500,true],"covernews-featured":["https:\/\/infoecos.com.ar\/wp-content\/uploads\/2023\/02\/image-4.png",992,661,false],"covernews-medium":["https:\/\/infoecos.com.ar\/wp-content\/uploads\/2023\/02\/image-4-720x380.png",540,285,true],"covernews-medium-square":["https:\/\/infoecos.com.ar\/wp-content\/uploads\/2023\/02\/image-4-675x450.png",375,250,true]},"author_info":{"info":["Jorge Matheus"]},"category_info":"<a href=\"https:\/\/infoecos.com.ar\/index.php\/category\/c1nota1\/\" rel=\"category tag\">C1 N1<\/a>","tag_info":"C1 N1","comment_count":"0","_links":{"self":[{"href":"https:\/\/infoecos.com.ar\/index.php\/wp-json\/wp\/v2\/posts\/101291"}],"collection":[{"href":"https:\/\/infoecos.com.ar\/index.php\/wp-json\/wp\/v2\/posts"}],"about":[{"href":"https:\/\/infoecos.com.ar\/index.php\/wp-json\/wp\/v2\/types\/post"}],"author":[{"embeddable":true,"href":"https:\/\/infoecos.com.ar\/index.php\/wp-json\/wp\/v2\/users\/2"}],"replies":[{"embeddable":true,"href":"https:\/\/infoecos.com.ar\/index.php\/wp-json\/wp\/v2\/comments?post=101291"}],"version-history":[{"count":1,"href":"https:\/\/infoecos.com.ar\/index.php\/wp-json\/wp\/v2\/posts\/101291\/revisions"}],"predecessor-version":[{"id":101293,"href":"https:\/\/infoecos.com.ar\/index.php\/wp-json\/wp\/v2\/posts\/101291\/revisions\/101293"}],"wp:featuredmedia":[{"embeddable":true,"href":"https:\/\/infoecos.com.ar\/index.php\/wp-json\/wp\/v2\/media\/101292"}],"wp:attachment":[{"href":"https:\/\/infoecos.com.ar\/index.php\/wp-json\/wp\/v2\/media?parent=101291"}],"wp:term":[{"taxonomy":"category","embeddable":true,"href":"https:\/\/infoecos.com.ar\/index.php\/wp-json\/wp\/v2\/categories?post=101291"},{"taxonomy":"post_tag","embeddable":true,"href":"https:\/\/infoecos.com.ar\/index.php\/wp-json\/wp\/v2\/tags?post=101291"}],"curies":[{"name":"wp","href":"https:\/\/api.w.org\/{rel}","templated":true}]}}