{"id":101297,"date":"2023-02-01T03:43:51","date_gmt":"2023-02-01T06:43:51","guid":{"rendered":"https:\/\/infoecos.com.ar\/?p=101297"},"modified":"2023-02-01T03:43:52","modified_gmt":"2023-02-01T06:43:52","slug":"asesinato-de-lucio-dupuy-denuncian-a-la-jueza-ana-clara-perez-ballester","status":"publish","type":"post","link":"https:\/\/infoecos.com.ar\/index.php\/asesinato-de-lucio-dupuy-denuncian-a-la-jueza-ana-clara-perez-ballester\/","title":{"rendered":"Asesinato de Lucio Dupuy: denuncian a la jueza Ana Clara P\u00e9rez Ballester"},"content":{"rendered":"\n<p>A menos de 48 horas de que se d\u00e9 a conocer el veredicto por el asesinato de Lucio Dupuy, una ONG defensora de los Derechos Humanos denunci\u00f3 a la jueza Ana Clara P\u00e9rez Ballester por \u00abincumplimiento de los deberes de funcionario p\u00fablico\u00bb. En 2020, la titular del Juzgado de Familia y del Menor N\u00b0 1 de La Pampa otorg\u00f3 la tenencia del menor a su madre, Magdalena Esp\u00f3sito Valenti, y a su pareja Abiga\u00edl P\u00e1ez, quienes est\u00e1n acusadas de torturar y abusar del ni\u00f1o de 5 a\u00f1os hasta matarlo en noviembre de 2021.<\/p>\n\n\n\n<figure class=\"wp-block-image aligncenter size-full is-resized\"><img loading=\"lazy\" decoding=\"async\" src=\"https:\/\/infoecos.com.ar\/wp-content\/uploads\/2023\/02\/image-6.png\" alt=\"\" class=\"wp-image-101298\" width=\"565\" height=\"377\" srcset=\"https:\/\/infoecos.com.ar\/wp-content\/uploads\/2023\/02\/image-6.png 1200w, https:\/\/infoecos.com.ar\/wp-content\/uploads\/2023\/02\/image-6-800x533.png 800w, https:\/\/infoecos.com.ar\/wp-content\/uploads\/2023\/02\/image-6-768x512.png 768w, https:\/\/infoecos.com.ar\/wp-content\/uploads\/2023\/02\/image-6-1024x683.png 1024w, https:\/\/infoecos.com.ar\/wp-content\/uploads\/2023\/02\/image-6-675x450.png 675w\" sizes=\"(max-width: 565px) 100vw, 565px\" \/><figcaption class=\"wp-element-caption\">Foto: infopico.com.ar<\/figcaption><\/figure>\n\n\n\n<p>La denuncia penal fue ingresada por la Fundaci\u00f3n \u00abM\u00e1s Vida\u00bb en la Unidad de Atenci\u00f3n Primaria, que depende del Ministerio P\u00fablico Fiscal (MPF) de la provincia de La Pampa. Una vez que se inicie la investigaci\u00f3n formal \u2014explicaron en un comunicado\u2014 \u00abpodr\u00e1 determinarse la culpabilidad de la magistrada denunciada, junto al resto de los funcionarios intervinientes que, sin tomar los recaudos socioambientales del caso, entregaron a Lucio al hogar donde finalmente encontrar\u00eda la muerte\u00bb.<\/p>\n\n\n\n<p>\u00abEstamos ante un evidente caso de mal desempe\u00f1o. Cuando la custodia de Lucio fue entregada a sus t\u00edos, los sometieron a todos los estudios ambientales posibles. Sin embargo, cuando se trat\u00f3 de entregarlo a la pareja responsable de su tortura y muerte, la jueza incumpli\u00f3 los controles, lo que deriv\u00f3 en la muerte evitable de Lucio. Si tan solo hubiera ordenado los controles del caso&#8230;\u00bb, lament\u00f3 el Ra\u00fal Magnasco, presidente de la fundaci\u00f3n denunciante.<\/p>\n\n\n\n<p>Y concluy\u00f3: \u00abConfiamos en que la fiscal\u00eda asuma su rol y que la jueza Ballester, como m\u00ednimo, de un paso al costado. Lucio perdi\u00f3 la vida de la peor manera, pero qui\u00e9n sabe cu\u00e1ntos ni\u00f1os m\u00e1s se encuentran en peligro en este mismo instante por el accionar de esta jueza\u00bb.<\/p>\n\n\n\n<p>Adem\u00e1s de la Fundaci\u00f3n \u00abM\u00e1s Vida\u00bb, el abuelo de Lucio, Ram\u00f3n Dupuy, tambi\u00e9n apunt\u00f3 contra la magistrada. \u00abLa tercera asesina (de mi nieto) es Ana Clara P\u00e9rez Ballester, una jueza de minor\u00eda de General Pico. Ac\u00e1 hay tres asesinas: 2 son las que lo mataron a Lucio y una que lo entreg\u00f3 en bandeja de oro para que lo mataran. Esta jueza a\u00fan sigue en funci\u00f3n, haciendo macanas igual, pero no tiene empat\u00eda ni coraz\u00f3n. Pertenece a los &#8216;colectivos verdes&#8217; radicales\u00bb, asegur\u00f3 Dupuy en di\u00e1logo con Radio Mitre.<\/p>\n\n\n\n<p>Adem\u00e1s, el abuelo del ni\u00f1o de 5 a\u00f1os asegur\u00f3 que desde el asesinato de Lucio, P\u00e9rez Ballester nunca se comunic\u00f3 con la familia para darles explicaciones. \u00abEn un a\u00f1o y dos meses que llevamos este proceso de Lucio jam\u00e1s me la cruc\u00e9. Hasta el d\u00eda de hoy no me ha dado la cara y le he pedido una explicaci\u00f3n de por qu\u00e9 revoc\u00f3 la tenencia. \u00c9l (Lucio) estaba bien ac\u00e1 en General Pico y ella se los entreg\u00f3 a estas asesinas para que lo mataran\u00bb, sostuvo.<\/p>\n\n\n\n<p><strong>Fuente: El Diario de La Pampa<\/strong><\/p>\n","protected":false},"excerpt":{"rendered":"<p>La denuncia penal fue ingresada por la Fundaci\u00f3n \u00abM\u00e1s Vida\u00bb en la Unidad de Atenci\u00f3n Primaria<\/p>\n","protected":false},"author":2,"featured_media":101298,"comment_status":"closed","ping_status":"open","sticky":false,"template":"","format":"standard","meta":{"footnotes":""},"categories":[25],"tags":[7232],"class_list":["post-101297","post","type-post","status-publish","format-standard","has-post-thumbnail","hentry","category-c3nota1","tag-manana-el-veredicto"],"yoast_head":"<!-- This site is optimized with the Yoast SEO plugin v23.4 - https:\/\/yoast.com\/wordpress\/plugins\/seo\/ -->\n<title>Asesinato de Lucio Dupuy: denuncian a la jueza Ana Clara P\u00e9rez Ballester - Infoecos<\/title>\n<meta name=\"robots\" content=\"index, follow, max-snippet:-1, max-image-preview:large, max-video-preview:-1\" \/>\n<link rel=\"canonical\" href=\"https:\/\/infoecos.com.ar\/index.php\/asesinato-de-lucio-dupuy-denuncian-a-la-jueza-ana-clara-perez-ballester\/\" \/>\n<meta property=\"og:locale\" content=\"es_ES\" \/>\n<meta property=\"og:type\" content=\"article\" \/>\n<meta property=\"og:title\" content=\"Asesinato de Lucio Dupuy: denuncian a la jueza Ana Clara P\u00e9rez Ballester - Infoecos\" \/>\n<meta property=\"og:description\" content=\"La denuncia penal fue ingresada por la Fundaci\u00f3n &quot;M\u00e1s Vida&quot; en la Unidad de Atenci\u00f3n Primaria\" \/>\n<meta property=\"og:url\" content=\"https:\/\/infoecos.com.ar\/index.php\/asesinato-de-lucio-dupuy-denuncian-a-la-jueza-ana-clara-perez-ballester\/\" \/>\n<meta property=\"og:site_name\" content=\"Infoecos\" \/>\n<meta property=\"article:publisher\" content=\"https:\/\/www.facebook.com\/profile.php?id=100063200290284\" \/>\n<meta property=\"article:published_time\" content=\"2023-02-01T06:43:51+00:00\" \/>\n<meta property=\"article:modified_time\" content=\"2023-02-01T06:43:52+00:00\" \/>\n<meta property=\"og:image\" content=\"https:\/\/infoecos.com.ar\/wp-content\/uploads\/2023\/02\/image-6.png\" \/>\n\t<meta property=\"og:image:width\" content=\"1200\" \/>\n\t<meta property=\"og:image:height\" content=\"800\" \/>\n\t<meta property=\"og:image:type\" content=\"image\/png\" \/>\n<meta name=\"author\" content=\"Jorge Matheus\" \/>\n<meta name=\"twitter:card\" content=\"summary_large_image\" \/>\n<meta name=\"twitter:creator\" content=\"@infoecos\" \/>\n<meta name=\"twitter:site\" content=\"@infoecos\" \/>\n<meta name=\"twitter:label1\" content=\"Escrito por\" \/>\n\t<meta name=\"twitter:data1\" content=\"Jorge Matheus\" \/>\n\t<meta name=\"twitter:label2\" content=\"Tiempo de lectura\" \/>\n\t<meta name=\"twitter:data2\" content=\"3 minutos\" \/>\n<script type=\"application\/ld+json\" class=\"yoast-schema-graph\">{\"@context\":\"https:\/\/schema.org\",\"@graph\":[{\"@type\":\"Article\",\"@id\":\"https:\/\/infoecos.com.ar\/index.php\/asesinato-de-lucio-dupuy-denuncian-a-la-jueza-ana-clara-perez-ballester\/#article\",\"isPartOf\":{\"@id\":\"https:\/\/infoecos.com.ar\/index.php\/asesinato-de-lucio-dupuy-denuncian-a-la-jueza-ana-clara-perez-ballester\/\"},\"author\":{\"name\":\"Jorge Matheus\",\"@id\":\"https:\/\/infoecos.com.ar\/#\/schema\/person\/8f5ace5ce73b4b4aac4b7245aee6f191\"},\"headline\":\"Asesinato de Lucio Dupuy: denuncian a la jueza Ana Clara P\u00e9rez Ballester\",\"datePublished\":\"2023-02-01T06:43:51+00:00\",\"dateModified\":\"2023-02-01T06:43:52+00:00\",\"mainEntityOfPage\":{\"@id\":\"https:\/\/infoecos.com.ar\/index.php\/asesinato-de-lucio-dupuy-denuncian-a-la-jueza-ana-clara-perez-ballester\/\"},\"wordCount\":525,\"publisher\":{\"@id\":\"https:\/\/infoecos.com.ar\/#organization\"},\"image\":{\"@id\":\"https:\/\/infoecos.com.ar\/index.php\/asesinato-de-lucio-dupuy-denuncian-a-la-jueza-ana-clara-perez-ballester\/#primaryimage\"},\"thumbnailUrl\":\"https:\/\/infoecos.com.ar\/wp-content\/uploads\/2023\/02\/image-6.png\",\"keywords\":[\"MA\u00d1ANA EL VEREDICTO\"],\"articleSection\":[\"C3 N1\"],\"inLanguage\":\"es\"},{\"@type\":\"WebPage\",\"@id\":\"https:\/\/infoecos.com.ar\/index.php\/asesinato-de-lucio-dupuy-denuncian-a-la-jueza-ana-clara-perez-ballester\/\",\"url\":\"https:\/\/infoecos.com.ar\/index.php\/asesinato-de-lucio-dupuy-denuncian-a-la-jueza-ana-clara-perez-ballester\/\",\"name\":\"Asesinato de Lucio Dupuy: denuncian a la jueza Ana Clara P\u00e9rez Ballester - Infoecos\",\"isPartOf\":{\"@id\":\"https:\/\/infoecos.com.ar\/#website\"},\"primaryImageOfPage\":{\"@id\":\"https:\/\/infoecos.com.ar\/index.php\/asesinato-de-lucio-dupuy-denuncian-a-la-jueza-ana-clara-perez-ballester\/#primaryimage\"},\"image\":{\"@id\":\"https:\/\/infoecos.com.ar\/index.php\/asesinato-de-lucio-dupuy-denuncian-a-la-jueza-ana-clara-perez-ballester\/#primaryimage\"},\"thumbnailUrl\":\"https:\/\/infoecos.com.ar\/wp-content\/uploads\/2023\/02\/image-6.png\",\"datePublished\":\"2023-02-01T06:43:51+00:00\",\"dateModified\":\"2023-02-01T06:43:52+00:00\",\"breadcrumb\":{\"@id\":\"https:\/\/infoecos.com.ar\/index.php\/asesinato-de-lucio-dupuy-denuncian-a-la-jueza-ana-clara-perez-ballester\/#breadcrumb\"},\"inLanguage\":\"es\",\"potentialAction\":[{\"@type\":\"ReadAction\",\"target\":[\"https:\/\/infoecos.com.ar\/index.php\/asesinato-de-lucio-dupuy-denuncian-a-la-jueza-ana-clara-perez-ballester\/\"]}]},{\"@type\":\"ImageObject\",\"inLanguage\":\"es\",\"@id\":\"https:\/\/infoecos.com.ar\/index.php\/asesinato-de-lucio-dupuy-denuncian-a-la-jueza-ana-clara-perez-ballester\/#primaryimage\",\"url\":\"https:\/\/infoecos.com.ar\/wp-content\/uploads\/2023\/02\/image-6.png\",\"contentUrl\":\"https:\/\/infoecos.com.ar\/wp-content\/uploads\/2023\/02\/image-6.png\",\"width\":1200,\"height\":800},{\"@type\":\"BreadcrumbList\",\"@id\":\"https:\/\/infoecos.com.ar\/index.php\/asesinato-de-lucio-dupuy-denuncian-a-la-jueza-ana-clara-perez-ballester\/#breadcrumb\",\"itemListElement\":[{\"@type\":\"ListItem\",\"position\":1,\"name\":\"Portada\",\"item\":\"https:\/\/infoecos.com.ar\/\"},{\"@type\":\"ListItem\",\"position\":2,\"name\":\"Asesinato de Lucio Dupuy: denuncian a la jueza Ana Clara P\u00e9rez Ballester\"}]},{\"@type\":\"WebSite\",\"@id\":\"https:\/\/infoecos.com.ar\/#website\",\"url\":\"https:\/\/infoecos.com.ar\/\",\"name\":\"Infoecos\",\"description\":\"Noticias de trenque lauquen y la zona\",\"publisher\":{\"@id\":\"https:\/\/infoecos.com.ar\/#organization\"},\"alternateName\":\"Noticias\",\"potentialAction\":[{\"@type\":\"SearchAction\",\"target\":{\"@type\":\"EntryPoint\",\"urlTemplate\":\"https:\/\/infoecos.com.ar\/?s={search_term_string}\"},\"query-input\":{\"@type\":\"PropertyValueSpecification\",\"valueRequired\":true,\"valueName\":\"search_term_string\"}}],\"inLanguage\":\"es\"},{\"@type\":\"Organization\",\"@id\":\"https:\/\/infoecos.com.ar\/#organization\",\"name\":\"Infoecos\",\"alternateName\":\"Noticias\",\"url\":\"https:\/\/infoecos.com.ar\/\",\"logo\":{\"@type\":\"ImageObject\",\"inLanguage\":\"es\",\"@id\":\"https:\/\/infoecos.com.ar\/#\/schema\/logo\/image\/\",\"url\":\"https:\/\/infoecos.com.ar\/wp-content\/uploads\/2024\/03\/cropped-logo.png\",\"contentUrl\":\"https:\/\/infoecos.com.ar\/wp-content\/uploads\/2024\/03\/cropped-logo.png\",\"width\":374,\"height\":90,\"caption\":\"Infoecos\"},\"image\":{\"@id\":\"https:\/\/infoecos.com.ar\/#\/schema\/logo\/image\/\"},\"sameAs\":[\"https:\/\/www.facebook.com\/profile.php?id=100063200290284\",\"https:\/\/x.com\/infoecos\"]},{\"@type\":\"Person\",\"@id\":\"https:\/\/infoecos.com.ar\/#\/schema\/person\/8f5ace5ce73b4b4aac4b7245aee6f191\",\"name\":\"Jorge Matheus\",\"url\":\"https:\/\/infoecos.com.ar\/index.php\/author\/jomatheus\/\"}]}<\/script>\n<!-- \/ Yoast SEO plugin. -->","yoast_head_json":{"title":"Asesinato de Lucio Dupuy: denuncian a la jueza Ana Clara P\u00e9rez Ballester - Infoecos","robots":{"index":"index","follow":"follow","max-snippet":"max-snippet:-1","max-image-preview":"max-image-preview:large","max-video-preview":"max-video-preview:-1"},"canonical":"https:\/\/infoecos.com.ar\/index.php\/asesinato-de-lucio-dupuy-denuncian-a-la-jueza-ana-clara-perez-ballester\/","og_locale":"es_ES","og_type":"article","og_title":"Asesinato de Lucio Dupuy: denuncian a la jueza Ana Clara P\u00e9rez Ballester - Infoecos","og_description":"La denuncia penal fue ingresada por la Fundaci\u00f3n \"M\u00e1s Vida\" en la Unidad de Atenci\u00f3n Primaria","og_url":"https:\/\/infoecos.com.ar\/index.php\/asesinato-de-lucio-dupuy-denuncian-a-la-jueza-ana-clara-perez-ballester\/","og_site_name":"Infoecos","article_publisher":"https:\/\/www.facebook.com\/profile.php?id=100063200290284","article_published_time":"2023-02-01T06:43:51+00:00","article_modified_time":"2023-02-01T06:43:52+00:00","og_image":[{"width":1200,"height":800,"url":"https:\/\/infoecos.com.ar\/wp-content\/uploads\/2023\/02\/image-6.png","type":"image\/png"}],"author":"Jorge Matheus","twitter_card":"summary_large_image","twitter_creator":"@infoecos","twitter_site":"@infoecos","twitter_misc":{"Escrito por":"Jorge Matheus","Tiempo de lectura":"3 minutos"},"schema":{"@context":"https:\/\/schema.org","@graph":[{"@type":"Article","@id":"https:\/\/infoecos.com.ar\/index.php\/asesinato-de-lucio-dupuy-denuncian-a-la-jueza-ana-clara-perez-ballester\/#article","isPartOf":{"@id":"https:\/\/infoecos.com.ar\/index.php\/asesinato-de-lucio-dupuy-denuncian-a-la-jueza-ana-clara-perez-ballester\/"},"author":{"name":"Jorge Matheus","@id":"https:\/\/infoecos.com.ar\/#\/schema\/person\/8f5ace5ce73b4b4aac4b7245aee6f191"},"headline":"Asesinato de Lucio Dupuy: denuncian a la jueza Ana Clara P\u00e9rez Ballester","datePublished":"2023-02-01T06:43:51+00:00","dateModified":"2023-02-01T06:43:52+00:00","mainEntityOfPage":{"@id":"https:\/\/infoecos.com.ar\/index.php\/asesinato-de-lucio-dupuy-denuncian-a-la-jueza-ana-clara-perez-ballester\/"},"wordCount":525,"publisher":{"@id":"https:\/\/infoecos.com.ar\/#organization"},"image":{"@id":"https:\/\/infoecos.com.ar\/index.php\/asesinato-de-lucio-dupuy-denuncian-a-la-jueza-ana-clara-perez-ballester\/#primaryimage"},"thumbnailUrl":"https:\/\/infoecos.com.ar\/wp-content\/uploads\/2023\/02\/image-6.png","keywords":["MA\u00d1ANA EL VEREDICTO"],"articleSection":["C3 N1"],"inLanguage":"es"},{"@type":"WebPage","@id":"https:\/\/infoecos.com.ar\/index.php\/asesinato-de-lucio-dupuy-denuncian-a-la-jueza-ana-clara-perez-ballester\/","url":"https:\/\/infoecos.com.ar\/index.php\/asesinato-de-lucio-dupuy-denuncian-a-la-jueza-ana-clara-perez-ballester\/","name":"Asesinato de Lucio Dupuy: denuncian a la jueza Ana Clara P\u00e9rez Ballester - Infoecos","isPartOf":{"@id":"https:\/\/infoecos.com.ar\/#website"},"primaryImageOfPage":{"@id":"https:\/\/infoecos.com.ar\/index.php\/asesinato-de-lucio-dupuy-denuncian-a-la-jueza-ana-clara-perez-ballester\/#primaryimage"},"image":{"@id":"https:\/\/infoecos.com.ar\/index.php\/asesinato-de-lucio-dupuy-denuncian-a-la-jueza-ana-clara-perez-ballester\/#primaryimage"},"thumbnailUrl":"https:\/\/infoecos.com.ar\/wp-content\/uploads\/2023\/02\/image-6.png","datePublished":"2023-02-01T06:43:51+00:00","dateModified":"2023-02-01T06:43:52+00:00","breadcrumb":{"@id":"https:\/\/infoecos.com.ar\/index.php\/asesinato-de-lucio-dupuy-denuncian-a-la-jueza-ana-clara-perez-ballester\/#breadcrumb"},"inLanguage":"es","potentialAction":[{"@type":"ReadAction","target":["https:\/\/infoecos.com.ar\/index.php\/asesinato-de-lucio-dupuy-denuncian-a-la-jueza-ana-clara-perez-ballester\/"]}]},{"@type":"ImageObject","inLanguage":"es","@id":"https:\/\/infoecos.com.ar\/index.php\/asesinato-de-lucio-dupuy-denuncian-a-la-jueza-ana-clara-perez-ballester\/#primaryimage","url":"https:\/\/infoecos.com.ar\/wp-content\/uploads\/2023\/02\/image-6.png","contentUrl":"https:\/\/infoecos.com.ar\/wp-content\/uploads\/2023\/02\/image-6.png","width":1200,"height":800},{"@type":"BreadcrumbList","@id":"https:\/\/infoecos.com.ar\/index.php\/asesinato-de-lucio-dupuy-denuncian-a-la-jueza-ana-clara-perez-ballester\/#breadcrumb","itemListElement":[{"@type":"ListItem","position":1,"name":"Portada","item":"https:\/\/infoecos.com.ar\/"},{"@type":"ListItem","position":2,"name":"Asesinato de Lucio Dupuy: denuncian a la jueza Ana Clara P\u00e9rez Ballester"}]},{"@type":"WebSite","@id":"https:\/\/infoecos.com.ar\/#website","url":"https:\/\/infoecos.com.ar\/","name":"Infoecos","description":"Noticias de trenque lauquen y la zona","publisher":{"@id":"https:\/\/infoecos.com.ar\/#organization"},"alternateName":"Noticias","potentialAction":[{"@type":"SearchAction","target":{"@type":"EntryPoint","urlTemplate":"https:\/\/infoecos.com.ar\/?s={search_term_string}"},"query-input":{"@type":"PropertyValueSpecification","valueRequired":true,"valueName":"search_term_string"}}],"inLanguage":"es"},{"@type":"Organization","@id":"https:\/\/infoecos.com.ar\/#organization","name":"Infoecos","alternateName":"Noticias","url":"https:\/\/infoecos.com.ar\/","logo":{"@type":"ImageObject","inLanguage":"es","@id":"https:\/\/infoecos.com.ar\/#\/schema\/logo\/image\/","url":"https:\/\/infoecos.com.ar\/wp-content\/uploads\/2024\/03\/cropped-logo.png","contentUrl":"https:\/\/infoecos.com.ar\/wp-content\/uploads\/2024\/03\/cropped-logo.png","width":374,"height":90,"caption":"Infoecos"},"image":{"@id":"https:\/\/infoecos.com.ar\/#\/schema\/logo\/image\/"},"sameAs":["https:\/\/www.facebook.com\/profile.php?id=100063200290284","https:\/\/x.com\/infoecos"]},{"@type":"Person","@id":"https:\/\/infoecos.com.ar\/#\/schema\/person\/8f5ace5ce73b4b4aac4b7245aee6f191","name":"Jorge Matheus","url":"https:\/\/infoecos.com.ar\/index.php\/author\/jomatheus\/"}]}},"featured_image_urls":{"full":["https:\/\/infoecos.com.ar\/wp-content\/uploads\/2023\/02\/image-6.png",1200,800,false],"thumbnail":["https:\/\/infoecos.com.ar\/wp-content\/uploads\/2023\/02\/image-6-300x150.png",300,150,true],"medium":["https:\/\/infoecos.com.ar\/wp-content\/uploads\/2023\/02\/image-6-800x533.png",800,533,true],"medium_large":["https:\/\/infoecos.com.ar\/wp-content\/uploads\/2023\/02\/image-6-768x512.png",640,427,true],"large":["https:\/\/infoecos.com.ar\/wp-content\/uploads\/2023\/02\/image-6.png",640,427,false],"1536x1536":["https:\/\/infoecos.com.ar\/wp-content\/uploads\/2023\/02\/image-6.png",1200,800,false],"2048x2048":["https:\/\/infoecos.com.ar\/wp-content\/uploads\/2023\/02\/image-6.png",1200,800,false],"covernews-slider-full":["https:\/\/infoecos.com.ar\/wp-content\/uploads\/2023\/02\/image-6.png",1073,715,false],"covernews-slider-center":["https:\/\/infoecos.com.ar\/wp-content\/uploads\/2023\/02\/image-6-936x800.png",585,500,true],"covernews-featured":["https:\/\/infoecos.com.ar\/wp-content\/uploads\/2023\/02\/image-6-1024x683.png",1024,683,true],"covernews-medium":["https:\/\/infoecos.com.ar\/wp-content\/uploads\/2023\/02\/image-6-720x380.png",540,285,true],"covernews-medium-square":["https:\/\/infoecos.com.ar\/wp-content\/uploads\/2023\/02\/image-6-675x450.png",375,250,true]},"author_info":{"info":["Jorge Matheus"]},"category_info":"<a href=\"https:\/\/infoecos.com.ar\/index.php\/category\/c3nota1\/\" rel=\"category tag\">C3 N1<\/a>","tag_info":"C3 N1","comment_count":"0","_links":{"self":[{"href":"https:\/\/infoecos.com.ar\/index.php\/wp-json\/wp\/v2\/posts\/101297"}],"collection":[{"href":"https:\/\/infoecos.com.ar\/index.php\/wp-json\/wp\/v2\/posts"}],"about":[{"href":"https:\/\/infoecos.com.ar\/index.php\/wp-json\/wp\/v2\/types\/post"}],"author":[{"embeddable":true,"href":"https:\/\/infoecos.com.ar\/index.php\/wp-json\/wp\/v2\/users\/2"}],"replies":[{"embeddable":true,"href":"https:\/\/infoecos.com.ar\/index.php\/wp-json\/wp\/v2\/comments?post=101297"}],"version-history":[{"count":1,"href":"https:\/\/infoecos.com.ar\/index.php\/wp-json\/wp\/v2\/posts\/101297\/revisions"}],"predecessor-version":[{"id":101299,"href":"https:\/\/infoecos.com.ar\/index.php\/wp-json\/wp\/v2\/posts\/101297\/revisions\/101299"}],"wp:featuredmedia":[{"embeddable":true,"href":"https:\/\/infoecos.com.ar\/index.php\/wp-json\/wp\/v2\/media\/101298"}],"wp:attachment":[{"href":"https:\/\/infoecos.com.ar\/index.php\/wp-json\/wp\/v2\/media?parent=101297"}],"wp:term":[{"taxonomy":"category","embeddable":true,"href":"https:\/\/infoecos.com.ar\/index.php\/wp-json\/wp\/v2\/categories?post=101297"},{"taxonomy":"post_tag","embeddable":true,"href":"https:\/\/infoecos.com.ar\/index.php\/wp-json\/wp\/v2\/tags?post=101297"}],"curies":[{"name":"wp","href":"https:\/\/api.w.org\/{rel}","templated":true}]}}