{"id":101329,"date":"2023-02-02T02:57:57","date_gmt":"2023-02-02T05:57:57","guid":{"rendered":"https:\/\/infoecos.com.ar\/?p=101329"},"modified":"2023-02-02T02:57:58","modified_gmt":"2023-02-02T05:57:58","slug":"regreso-de-sus-vacaciones-y-este-miercoles-ya-desarrollo-actividad-en-el-municipio","status":"publish","type":"post","link":"https:\/\/infoecos.com.ar\/index.php\/regreso-de-sus-vacaciones-y-este-miercoles-ya-desarrollo-actividad-en-el-municipio\/","title":{"rendered":"Regres\u00f3 de sus vacaciones y este mi\u00e9rcoles ya desarroll\u00f3 actividad en el municipio"},"content":{"rendered":"\n<p>Miguel Fern\u00e1ndez se reintegr\u00f3 el mi\u00e9rcoles al cargo, al cumplirse el plazo de la licencia solicitada oportunamente, finalizando de esta forma el interinato del concejal Esteban Vidal.<\/p>\n\n\n\n<figure class=\"wp-block-image aligncenter size-full is-resized\"><img loading=\"lazy\" decoding=\"async\" src=\"https:\/\/infoecos.com.ar\/wp-content\/uploads\/2023\/02\/Intendente-Fernandez.jpeg\" alt=\"\" class=\"wp-image-101330\" width=\"663\" height=\"384\" srcset=\"https:\/\/infoecos.com.ar\/wp-content\/uploads\/2023\/02\/Intendente-Fernandez.jpeg 1500w, https:\/\/infoecos.com.ar\/wp-content\/uploads\/2023\/02\/Intendente-Fernandez-800x464.jpeg 800w, https:\/\/infoecos.com.ar\/wp-content\/uploads\/2023\/02\/Intendente-Fernandez-768x445.jpeg 768w, https:\/\/infoecos.com.ar\/wp-content\/uploads\/2023\/02\/Intendente-Fernandez-1024x594.jpeg 1024w\" sizes=\"(max-width: 663px) 100vw, 663px\" \/><\/figure>\n\n\n\n<p>La licencia, que se extend\u00eda desde el lunes 23 de enero hasta el martes 31 de enero, hab\u00eda sido aprobada por el Concejo Deliberante en el marco de la 1ra. Sesi\u00f3n Extraordinaria del a\u00f1o.<\/p>\n\n\n\n<p>Durante este per\u00edodo, Fern\u00e1ndez fue reemplazado en forma interina por Vidal en su car\u00e1cter de primer candidato de la lista de ediles que se impuso en las elecciones de 2019.<\/p>\n\n\n\n<p><\/p>\n","protected":false},"excerpt":{"rendered":"<p>Durante este per\u00edodo, Fern\u00e1ndez fue reemplazado en forma interina por Vidal en su car\u00e1cter de primer candidato de la lista de ediles que se impuso en las elecciones de 2019<\/p>\n","protected":false},"author":2,"featured_media":101330,"comment_status":"closed","ping_status":"open","sticky":false,"template":"","format":"standard","meta":{"footnotes":""},"categories":[25],"tags":[7237],"class_list":["post-101329","post","type-post","status-publish","format-standard","has-post-thumbnail","hentry","category-c3nota1","tag-miguel-fernandez"],"yoast_head":"<!-- This site is optimized with the Yoast SEO plugin v23.4 - https:\/\/yoast.com\/wordpress\/plugins\/seo\/ -->\n<title>Regres\u00f3 de sus vacaciones y este mi\u00e9rcoles ya desarroll\u00f3 actividad en el municipio - Infoecos<\/title>\n<meta name=\"robots\" content=\"index, follow, max-snippet:-1, max-image-preview:large, max-video-preview:-1\" \/>\n<link rel=\"canonical\" href=\"https:\/\/infoecos.com.ar\/index.php\/regreso-de-sus-vacaciones-y-este-miercoles-ya-desarrollo-actividad-en-el-municipio\/\" \/>\n<meta property=\"og:locale\" content=\"es_ES\" \/>\n<meta property=\"og:type\" content=\"article\" \/>\n<meta property=\"og:title\" content=\"Regres\u00f3 de sus vacaciones y este mi\u00e9rcoles ya desarroll\u00f3 actividad en el municipio - Infoecos\" \/>\n<meta property=\"og:description\" content=\"Durante este per\u00edodo, Fern\u00e1ndez fue reemplazado en forma interina por Vidal en su car\u00e1cter de primer candidato de la lista de ediles que se impuso en las elecciones de 2019\" \/>\n<meta property=\"og:url\" content=\"https:\/\/infoecos.com.ar\/index.php\/regreso-de-sus-vacaciones-y-este-miercoles-ya-desarrollo-actividad-en-el-municipio\/\" \/>\n<meta property=\"og:site_name\" content=\"Infoecos\" \/>\n<meta property=\"article:publisher\" content=\"https:\/\/www.facebook.com\/profile.php?id=100063200290284\" \/>\n<meta property=\"article:published_time\" content=\"2023-02-02T05:57:57+00:00\" \/>\n<meta property=\"article:modified_time\" content=\"2023-02-02T05:57:58+00:00\" \/>\n<meta property=\"og:image\" content=\"https:\/\/infoecos.com.ar\/wp-content\/uploads\/2023\/02\/Intendente-Fernandez.jpeg\" \/>\n\t<meta property=\"og:image:width\" content=\"1500\" \/>\n\t<meta property=\"og:image:height\" content=\"870\" \/>\n\t<meta property=\"og:image:type\" content=\"image\/jpeg\" \/>\n<meta name=\"author\" content=\"Jorge Matheus\" \/>\n<meta name=\"twitter:card\" content=\"summary_large_image\" \/>\n<meta name=\"twitter:creator\" content=\"@infoecos\" \/>\n<meta name=\"twitter:site\" content=\"@infoecos\" \/>\n<meta name=\"twitter:label1\" content=\"Escrito por\" \/>\n\t<meta name=\"twitter:data1\" content=\"Jorge Matheus\" \/>\n\t<meta name=\"twitter:label2\" content=\"Tiempo de lectura\" \/>\n\t<meta name=\"twitter:data2\" content=\"1 minuto\" \/>\n<script type=\"application\/ld+json\" class=\"yoast-schema-graph\">{\"@context\":\"https:\/\/schema.org\",\"@graph\":[{\"@type\":\"Article\",\"@id\":\"https:\/\/infoecos.com.ar\/index.php\/regreso-de-sus-vacaciones-y-este-miercoles-ya-desarrollo-actividad-en-el-municipio\/#article\",\"isPartOf\":{\"@id\":\"https:\/\/infoecos.com.ar\/index.php\/regreso-de-sus-vacaciones-y-este-miercoles-ya-desarrollo-actividad-en-el-municipio\/\"},\"author\":{\"name\":\"Jorge Matheus\",\"@id\":\"https:\/\/infoecos.com.ar\/#\/schema\/person\/8f5ace5ce73b4b4aac4b7245aee6f191\"},\"headline\":\"Regres\u00f3 de sus vacaciones y este mi\u00e9rcoles ya desarroll\u00f3 actividad en el municipio\",\"datePublished\":\"2023-02-02T05:57:57+00:00\",\"dateModified\":\"2023-02-02T05:57:58+00:00\",\"mainEntityOfPage\":{\"@id\":\"https:\/\/infoecos.com.ar\/index.php\/regreso-de-sus-vacaciones-y-este-miercoles-ya-desarrollo-actividad-en-el-municipio\/\"},\"wordCount\":111,\"publisher\":{\"@id\":\"https:\/\/infoecos.com.ar\/#organization\"},\"image\":{\"@id\":\"https:\/\/infoecos.com.ar\/index.php\/regreso-de-sus-vacaciones-y-este-miercoles-ya-desarrollo-actividad-en-el-municipio\/#primaryimage\"},\"thumbnailUrl\":\"https:\/\/infoecos.com.ar\/wp-content\/uploads\/2023\/02\/Intendente-Fernandez.jpeg\",\"keywords\":[\"miguel fern\u00e1ndez\"],\"articleSection\":[\"C3 N1\"],\"inLanguage\":\"es\"},{\"@type\":\"WebPage\",\"@id\":\"https:\/\/infoecos.com.ar\/index.php\/regreso-de-sus-vacaciones-y-este-miercoles-ya-desarrollo-actividad-en-el-municipio\/\",\"url\":\"https:\/\/infoecos.com.ar\/index.php\/regreso-de-sus-vacaciones-y-este-miercoles-ya-desarrollo-actividad-en-el-municipio\/\",\"name\":\"Regres\u00f3 de sus vacaciones y este mi\u00e9rcoles ya desarroll\u00f3 actividad en el municipio - Infoecos\",\"isPartOf\":{\"@id\":\"https:\/\/infoecos.com.ar\/#website\"},\"primaryImageOfPage\":{\"@id\":\"https:\/\/infoecos.com.ar\/index.php\/regreso-de-sus-vacaciones-y-este-miercoles-ya-desarrollo-actividad-en-el-municipio\/#primaryimage\"},\"image\":{\"@id\":\"https:\/\/infoecos.com.ar\/index.php\/regreso-de-sus-vacaciones-y-este-miercoles-ya-desarrollo-actividad-en-el-municipio\/#primaryimage\"},\"thumbnailUrl\":\"https:\/\/infoecos.com.ar\/wp-content\/uploads\/2023\/02\/Intendente-Fernandez.jpeg\",\"datePublished\":\"2023-02-02T05:57:57+00:00\",\"dateModified\":\"2023-02-02T05:57:58+00:00\",\"breadcrumb\":{\"@id\":\"https:\/\/infoecos.com.ar\/index.php\/regreso-de-sus-vacaciones-y-este-miercoles-ya-desarrollo-actividad-en-el-municipio\/#breadcrumb\"},\"inLanguage\":\"es\",\"potentialAction\":[{\"@type\":\"ReadAction\",\"target\":[\"https:\/\/infoecos.com.ar\/index.php\/regreso-de-sus-vacaciones-y-este-miercoles-ya-desarrollo-actividad-en-el-municipio\/\"]}]},{\"@type\":\"ImageObject\",\"inLanguage\":\"es\",\"@id\":\"https:\/\/infoecos.com.ar\/index.php\/regreso-de-sus-vacaciones-y-este-miercoles-ya-desarrollo-actividad-en-el-municipio\/#primaryimage\",\"url\":\"https:\/\/infoecos.com.ar\/wp-content\/uploads\/2023\/02\/Intendente-Fernandez.jpeg\",\"contentUrl\":\"https:\/\/infoecos.com.ar\/wp-content\/uploads\/2023\/02\/Intendente-Fernandez.jpeg\",\"width\":1500,\"height\":870},{\"@type\":\"BreadcrumbList\",\"@id\":\"https:\/\/infoecos.com.ar\/index.php\/regreso-de-sus-vacaciones-y-este-miercoles-ya-desarrollo-actividad-en-el-municipio\/#breadcrumb\",\"itemListElement\":[{\"@type\":\"ListItem\",\"position\":1,\"name\":\"Portada\",\"item\":\"https:\/\/infoecos.com.ar\/\"},{\"@type\":\"ListItem\",\"position\":2,\"name\":\"Regres\u00f3 de sus vacaciones y este mi\u00e9rcoles ya desarroll\u00f3 actividad en el municipio\"}]},{\"@type\":\"WebSite\",\"@id\":\"https:\/\/infoecos.com.ar\/#website\",\"url\":\"https:\/\/infoecos.com.ar\/\",\"name\":\"Infoecos\",\"description\":\"Noticias de trenque lauquen y la zona\",\"publisher\":{\"@id\":\"https:\/\/infoecos.com.ar\/#organization\"},\"alternateName\":\"Noticias\",\"potentialAction\":[{\"@type\":\"SearchAction\",\"target\":{\"@type\":\"EntryPoint\",\"urlTemplate\":\"https:\/\/infoecos.com.ar\/?s={search_term_string}\"},\"query-input\":{\"@type\":\"PropertyValueSpecification\",\"valueRequired\":true,\"valueName\":\"search_term_string\"}}],\"inLanguage\":\"es\"},{\"@type\":\"Organization\",\"@id\":\"https:\/\/infoecos.com.ar\/#organization\",\"name\":\"Infoecos\",\"alternateName\":\"Noticias\",\"url\":\"https:\/\/infoecos.com.ar\/\",\"logo\":{\"@type\":\"ImageObject\",\"inLanguage\":\"es\",\"@id\":\"https:\/\/infoecos.com.ar\/#\/schema\/logo\/image\/\",\"url\":\"https:\/\/infoecos.com.ar\/wp-content\/uploads\/2024\/03\/cropped-logo.png\",\"contentUrl\":\"https:\/\/infoecos.com.ar\/wp-content\/uploads\/2024\/03\/cropped-logo.png\",\"width\":374,\"height\":90,\"caption\":\"Infoecos\"},\"image\":{\"@id\":\"https:\/\/infoecos.com.ar\/#\/schema\/logo\/image\/\"},\"sameAs\":[\"https:\/\/www.facebook.com\/profile.php?id=100063200290284\",\"https:\/\/x.com\/infoecos\"]},{\"@type\":\"Person\",\"@id\":\"https:\/\/infoecos.com.ar\/#\/schema\/person\/8f5ace5ce73b4b4aac4b7245aee6f191\",\"name\":\"Jorge Matheus\",\"url\":\"https:\/\/infoecos.com.ar\/index.php\/author\/jomatheus\/\"}]}<\/script>\n<!-- \/ Yoast SEO plugin. -->","yoast_head_json":{"title":"Regres\u00f3 de sus vacaciones y este mi\u00e9rcoles ya desarroll\u00f3 actividad en el municipio - Infoecos","robots":{"index":"index","follow":"follow","max-snippet":"max-snippet:-1","max-image-preview":"max-image-preview:large","max-video-preview":"max-video-preview:-1"},"canonical":"https:\/\/infoecos.com.ar\/index.php\/regreso-de-sus-vacaciones-y-este-miercoles-ya-desarrollo-actividad-en-el-municipio\/","og_locale":"es_ES","og_type":"article","og_title":"Regres\u00f3 de sus vacaciones y este mi\u00e9rcoles ya desarroll\u00f3 actividad en el municipio - Infoecos","og_description":"Durante este per\u00edodo, Fern\u00e1ndez fue reemplazado en forma interina por Vidal en su car\u00e1cter de primer candidato de la lista de ediles que se impuso en las elecciones de 2019","og_url":"https:\/\/infoecos.com.ar\/index.php\/regreso-de-sus-vacaciones-y-este-miercoles-ya-desarrollo-actividad-en-el-municipio\/","og_site_name":"Infoecos","article_publisher":"https:\/\/www.facebook.com\/profile.php?id=100063200290284","article_published_time":"2023-02-02T05:57:57+00:00","article_modified_time":"2023-02-02T05:57:58+00:00","og_image":[{"width":1500,"height":870,"url":"https:\/\/infoecos.com.ar\/wp-content\/uploads\/2023\/02\/Intendente-Fernandez.jpeg","type":"image\/jpeg"}],"author":"Jorge Matheus","twitter_card":"summary_large_image","twitter_creator":"@infoecos","twitter_site":"@infoecos","twitter_misc":{"Escrito por":"Jorge Matheus","Tiempo de lectura":"1 minuto"},"schema":{"@context":"https:\/\/schema.org","@graph":[{"@type":"Article","@id":"https:\/\/infoecos.com.ar\/index.php\/regreso-de-sus-vacaciones-y-este-miercoles-ya-desarrollo-actividad-en-el-municipio\/#article","isPartOf":{"@id":"https:\/\/infoecos.com.ar\/index.php\/regreso-de-sus-vacaciones-y-este-miercoles-ya-desarrollo-actividad-en-el-municipio\/"},"author":{"name":"Jorge Matheus","@id":"https:\/\/infoecos.com.ar\/#\/schema\/person\/8f5ace5ce73b4b4aac4b7245aee6f191"},"headline":"Regres\u00f3 de sus vacaciones y este mi\u00e9rcoles ya desarroll\u00f3 actividad en el municipio","datePublished":"2023-02-02T05:57:57+00:00","dateModified":"2023-02-02T05:57:58+00:00","mainEntityOfPage":{"@id":"https:\/\/infoecos.com.ar\/index.php\/regreso-de-sus-vacaciones-y-este-miercoles-ya-desarrollo-actividad-en-el-municipio\/"},"wordCount":111,"publisher":{"@id":"https:\/\/infoecos.com.ar\/#organization"},"image":{"@id":"https:\/\/infoecos.com.ar\/index.php\/regreso-de-sus-vacaciones-y-este-miercoles-ya-desarrollo-actividad-en-el-municipio\/#primaryimage"},"thumbnailUrl":"https:\/\/infoecos.com.ar\/wp-content\/uploads\/2023\/02\/Intendente-Fernandez.jpeg","keywords":["miguel fern\u00e1ndez"],"articleSection":["C3 N1"],"inLanguage":"es"},{"@type":"WebPage","@id":"https:\/\/infoecos.com.ar\/index.php\/regreso-de-sus-vacaciones-y-este-miercoles-ya-desarrollo-actividad-en-el-municipio\/","url":"https:\/\/infoecos.com.ar\/index.php\/regreso-de-sus-vacaciones-y-este-miercoles-ya-desarrollo-actividad-en-el-municipio\/","name":"Regres\u00f3 de sus vacaciones y este mi\u00e9rcoles ya desarroll\u00f3 actividad en el municipio - Infoecos","isPartOf":{"@id":"https:\/\/infoecos.com.ar\/#website"},"primaryImageOfPage":{"@id":"https:\/\/infoecos.com.ar\/index.php\/regreso-de-sus-vacaciones-y-este-miercoles-ya-desarrollo-actividad-en-el-municipio\/#primaryimage"},"image":{"@id":"https:\/\/infoecos.com.ar\/index.php\/regreso-de-sus-vacaciones-y-este-miercoles-ya-desarrollo-actividad-en-el-municipio\/#primaryimage"},"thumbnailUrl":"https:\/\/infoecos.com.ar\/wp-content\/uploads\/2023\/02\/Intendente-Fernandez.jpeg","datePublished":"2023-02-02T05:57:57+00:00","dateModified":"2023-02-02T05:57:58+00:00","breadcrumb":{"@id":"https:\/\/infoecos.com.ar\/index.php\/regreso-de-sus-vacaciones-y-este-miercoles-ya-desarrollo-actividad-en-el-municipio\/#breadcrumb"},"inLanguage":"es","potentialAction":[{"@type":"ReadAction","target":["https:\/\/infoecos.com.ar\/index.php\/regreso-de-sus-vacaciones-y-este-miercoles-ya-desarrollo-actividad-en-el-municipio\/"]}]},{"@type":"ImageObject","inLanguage":"es","@id":"https:\/\/infoecos.com.ar\/index.php\/regreso-de-sus-vacaciones-y-este-miercoles-ya-desarrollo-actividad-en-el-municipio\/#primaryimage","url":"https:\/\/infoecos.com.ar\/wp-content\/uploads\/2023\/02\/Intendente-Fernandez.jpeg","contentUrl":"https:\/\/infoecos.com.ar\/wp-content\/uploads\/2023\/02\/Intendente-Fernandez.jpeg","width":1500,"height":870},{"@type":"BreadcrumbList","@id":"https:\/\/infoecos.com.ar\/index.php\/regreso-de-sus-vacaciones-y-este-miercoles-ya-desarrollo-actividad-en-el-municipio\/#breadcrumb","itemListElement":[{"@type":"ListItem","position":1,"name":"Portada","item":"https:\/\/infoecos.com.ar\/"},{"@type":"ListItem","position":2,"name":"Regres\u00f3 de sus vacaciones y este mi\u00e9rcoles ya desarroll\u00f3 actividad en el municipio"}]},{"@type":"WebSite","@id":"https:\/\/infoecos.com.ar\/#website","url":"https:\/\/infoecos.com.ar\/","name":"Infoecos","description":"Noticias de trenque lauquen y la zona","publisher":{"@id":"https:\/\/infoecos.com.ar\/#organization"},"alternateName":"Noticias","potentialAction":[{"@type":"SearchAction","target":{"@type":"EntryPoint","urlTemplate":"https:\/\/infoecos.com.ar\/?s={search_term_string}"},"query-input":{"@type":"PropertyValueSpecification","valueRequired":true,"valueName":"search_term_string"}}],"inLanguage":"es"},{"@type":"Organization","@id":"https:\/\/infoecos.com.ar\/#organization","name":"Infoecos","alternateName":"Noticias","url":"https:\/\/infoecos.com.ar\/","logo":{"@type":"ImageObject","inLanguage":"es","@id":"https:\/\/infoecos.com.ar\/#\/schema\/logo\/image\/","url":"https:\/\/infoecos.com.ar\/wp-content\/uploads\/2024\/03\/cropped-logo.png","contentUrl":"https:\/\/infoecos.com.ar\/wp-content\/uploads\/2024\/03\/cropped-logo.png","width":374,"height":90,"caption":"Infoecos"},"image":{"@id":"https:\/\/infoecos.com.ar\/#\/schema\/logo\/image\/"},"sameAs":["https:\/\/www.facebook.com\/profile.php?id=100063200290284","https:\/\/x.com\/infoecos"]},{"@type":"Person","@id":"https:\/\/infoecos.com.ar\/#\/schema\/person\/8f5ace5ce73b4b4aac4b7245aee6f191","name":"Jorge Matheus","url":"https:\/\/infoecos.com.ar\/index.php\/author\/jomatheus\/"}]}},"featured_image_urls":{"full":["https:\/\/infoecos.com.ar\/wp-content\/uploads\/2023\/02\/Intendente-Fernandez.jpeg",1500,870,false],"thumbnail":["https:\/\/infoecos.com.ar\/wp-content\/uploads\/2023\/02\/Intendente-Fernandez-300x150.jpeg",300,150,true],"medium":["https:\/\/infoecos.com.ar\/wp-content\/uploads\/2023\/02\/Intendente-Fernandez-800x464.jpeg",800,464,true],"medium_large":["https:\/\/infoecos.com.ar\/wp-content\/uploads\/2023\/02\/Intendente-Fernandez-768x445.jpeg",640,371,true],"large":["https:\/\/infoecos.com.ar\/wp-content\/uploads\/2023\/02\/Intendente-Fernandez.jpeg",640,371,false],"1536x1536":["https:\/\/infoecos.com.ar\/wp-content\/uploads\/2023\/02\/Intendente-Fernandez.jpeg",1500,870,false],"2048x2048":["https:\/\/infoecos.com.ar\/wp-content\/uploads\/2023\/02\/Intendente-Fernandez.jpeg",1500,870,false],"covernews-slider-full":["https:\/\/infoecos.com.ar\/wp-content\/uploads\/2023\/02\/Intendente-Fernandez.jpeg",1115,647,false],"covernews-slider-center":["https:\/\/infoecos.com.ar\/wp-content\/uploads\/2023\/02\/Intendente-Fernandez-936x870.jpeg",538,500,true],"covernews-featured":["https:\/\/infoecos.com.ar\/wp-content\/uploads\/2023\/02\/Intendente-Fernandez-1024x594.jpeg",1024,594,true],"covernews-medium":["https:\/\/infoecos.com.ar\/wp-content\/uploads\/2023\/02\/Intendente-Fernandez-720x380.jpeg",540,285,true],"covernews-medium-square":["https:\/\/infoecos.com.ar\/wp-content\/uploads\/2023\/02\/Intendente-Fernandez-675x450.jpeg",375,250,true]},"author_info":{"info":["Jorge Matheus"]},"category_info":"<a href=\"https:\/\/infoecos.com.ar\/index.php\/category\/c3nota1\/\" rel=\"category tag\">C3 N1<\/a>","tag_info":"C3 N1","comment_count":"0","_links":{"self":[{"href":"https:\/\/infoecos.com.ar\/index.php\/wp-json\/wp\/v2\/posts\/101329"}],"collection":[{"href":"https:\/\/infoecos.com.ar\/index.php\/wp-json\/wp\/v2\/posts"}],"about":[{"href":"https:\/\/infoecos.com.ar\/index.php\/wp-json\/wp\/v2\/types\/post"}],"author":[{"embeddable":true,"href":"https:\/\/infoecos.com.ar\/index.php\/wp-json\/wp\/v2\/users\/2"}],"replies":[{"embeddable":true,"href":"https:\/\/infoecos.com.ar\/index.php\/wp-json\/wp\/v2\/comments?post=101329"}],"version-history":[{"count":1,"href":"https:\/\/infoecos.com.ar\/index.php\/wp-json\/wp\/v2\/posts\/101329\/revisions"}],"predecessor-version":[{"id":101331,"href":"https:\/\/infoecos.com.ar\/index.php\/wp-json\/wp\/v2\/posts\/101329\/revisions\/101331"}],"wp:featuredmedia":[{"embeddable":true,"href":"https:\/\/infoecos.com.ar\/index.php\/wp-json\/wp\/v2\/media\/101330"}],"wp:attachment":[{"href":"https:\/\/infoecos.com.ar\/index.php\/wp-json\/wp\/v2\/media?parent=101329"}],"wp:term":[{"taxonomy":"category","embeddable":true,"href":"https:\/\/infoecos.com.ar\/index.php\/wp-json\/wp\/v2\/categories?post=101329"},{"taxonomy":"post_tag","embeddable":true,"href":"https:\/\/infoecos.com.ar\/index.php\/wp-json\/wp\/v2\/tags?post=101329"}],"curies":[{"name":"wp","href":"https:\/\/api.w.org\/{rel}","templated":true}]}}