{"id":101350,"date":"2023-02-02T09:22:24","date_gmt":"2023-02-02T12:22:24","guid":{"rendered":"https:\/\/infoecos.com.ar\/?p=101350"},"modified":"2023-02-06T09:26:28","modified_gmt":"2023-02-06T12:26:28","slug":"casos-baez-sosa-y-lucio-dupuy-basta-de-anestesia","status":"publish","type":"post","link":"https:\/\/infoecos.com.ar\/index.php\/casos-baez-sosa-y-lucio-dupuy-basta-de-anestesia\/","title":{"rendered":"Casos B\u00e1ez Sosa y Lucio Dupuy: basta de anestesia"},"content":{"rendered":"\n<p>Cuesta asumir, en este tiempo biol\u00f3gico propio, que todo debe aceptarse buenamente, como contribuci\u00f3n a no perjudicar al esp\u00edritu o desobedecer lo determinado por el Todopoderoso.<\/p>\n\n\n\n<figure class=\"wp-block-image aligncenter size-full is-resized\"><img loading=\"lazy\" decoding=\"async\" src=\"https:\/\/infoecos.com.ar\/wp-content\/uploads\/2023\/02\/image-17.png\" alt=\"\" class=\"wp-image-101351\" width=\"597\" height=\"395\" srcset=\"https:\/\/infoecos.com.ar\/wp-content\/uploads\/2023\/02\/image-17.png 860w, https:\/\/infoecos.com.ar\/wp-content\/uploads\/2023\/02\/image-17-800x530.png 800w, https:\/\/infoecos.com.ar\/wp-content\/uploads\/2023\/02\/image-17-768x509.png 768w\" sizes=\"(max-width: 597px) 100vw, 597px\" \/><figcaption class=\"wp-element-caption\">Foto El Diario de La Pampa<\/figcaption><\/figure>\n\n\n\n<p>Que mal se ha educado la sociedad, desde \u00e9pocas inmemoriales.<\/p>\n\n\n\n<p>La Vida tiene grises, s\u00ed, pero lo que es &#8216;Blanco es Blanco&#8217;. Y aunque nunca se haya confeccionado una Ley Universal sobre la tan mentada Moral, lo que las mayor\u00edas consideran que est\u00e1 como &#8216;el tuje, est\u00e1 como el tuje&#8217;.<\/p>\n\n\n\n<p>Hace varios d\u00edas que el Pueblo argentino viene jaqueado por el asesinato de Fernando Ba\u00e9z Sosa, y que pena le corresponder\u00e1 a sus asesinos. Ahora se sum\u00f3 el veredicto para dos monstruas que provocaron el brutal crimen de un angelito de cinco a\u00f1os. Ver la fotograf\u00eda de Lucio en los medios y subirla al sitio de Internet subleva, como as\u00ed tambi\u00e9n pone a riesgo de que el coraz\u00f3n diga basta.<\/p>\n\n\n\n<p>Tanto, en uno como en el otro, los acusados se consubstanciaron con \u00abSan La Muerte\u00bb, a conciencia. Que mierda, entonces, hay que demorar tanto la comunicaci\u00f3n de la sentencia. Cien a\u00f1os presos, sin ning\u00fan atenuante, desde el d\u00eda que se expidieron los jueces. No joden m\u00e1s, y el Pueblo reconfortado de saber que ni siquiera un segundo de aire les corresponde, por lo que no se salvan en lo que resta de sus Vidas del domicilio m\u00e1s cruel, inventado: la c\u00e1rcel.<\/p>\n\n\n\n<figure class=\"wp-block-image aligncenter size-full is-resized\"><img loading=\"lazy\" decoding=\"async\" src=\"https:\/\/infoecos.com.ar\/wp-content\/uploads\/2023\/02\/image-18.png\" alt=\"\" class=\"wp-image-101352\" width=\"560\" height=\"315\"\/><\/figure>\n\n\n\n<p>En marzo se cumplir\u00e1n 50 a\u00f1os que hago periodismo.<\/p>\n\n\n\n<p>Los mismos a\u00f1os que call\u00e9 posturas sobre estas cuestiones por respeto al arrepentimiento, al perd\u00f3n, el macartismo pol\u00edtico, la bajeza de colegas haciendo de defensores de Derechos Humanos para acomodarse en alg\u00fan lugar progre del abanico ideol\u00f3gico.<\/p>\n\n\n\n<p>Los mismos a\u00f1os que proclamaba la relevancia de la reinserci\u00f3n social y la \u00abmar en coche\u00bb de quienes, teniendo todos los \u00e1mbitos a disposici\u00f3n para ser ciudadanos eligieron la ant\u00edtesis, ser asesinos.<\/p>\n\n\n\n<p>Basta de discutir al cohete, lagrimear en redes \u00f3 ir a misa.<\/p>\n\n\n\n<p>El castigo a homicidios de estas caracter\u00edsticas no deber\u00edan ocupar la atenci\u00f3n m\u00e1s de una hora, porque se conocer\u00eda el final cantado: Perpetua.<\/p>\n\n\n\n<p>Y a las amigas\/os de la pol\u00edtica, antes de exigir renuncias, lo m\u00e1s conveniente ser\u00edan leyes en favor del Pueblo sano, y no de los pocos del Pueblo que ejecutaron y tienen pensado ejecutar la barbarie.<\/p>\n","protected":false},"excerpt":{"rendered":"<p>La Vida tiene grises, s\u00ed, pero lo que es &#8216;Blanco es Blanco&#8217;. Y aunque nunca se haya confeccionado una Ley Universal sobre la tan mentada Moral, lo que las mayor\u00edas consideran que est\u00e1 como &#8216;el tuje, est\u00e1 como el tuje&#8217;<\/p>\n","protected":false},"author":2,"featured_media":101351,"comment_status":"closed","ping_status":"open","sticky":false,"template":"","format":"standard","meta":{"footnotes":""},"categories":[1614],"tags":[1875],"class_list":["post-101350","post","type-post","status-publish","format-standard","has-post-thumbnail","hentry","category-c2nota7","tag-escribe-jorge-matheus"],"yoast_head":"<!-- This site is optimized with the Yoast SEO plugin v23.4 - https:\/\/yoast.com\/wordpress\/plugins\/seo\/ -->\n<title>Casos B\u00e1ez Sosa y Lucio Dupuy: basta de anestesia - Infoecos<\/title>\n<meta name=\"robots\" content=\"index, follow, max-snippet:-1, max-image-preview:large, max-video-preview:-1\" \/>\n<link rel=\"canonical\" href=\"https:\/\/infoecos.com.ar\/index.php\/casos-baez-sosa-y-lucio-dupuy-basta-de-anestesia\/\" \/>\n<meta property=\"og:locale\" content=\"es_ES\" \/>\n<meta property=\"og:type\" content=\"article\" \/>\n<meta property=\"og:title\" content=\"Casos B\u00e1ez Sosa y Lucio Dupuy: basta de anestesia - Infoecos\" \/>\n<meta property=\"og:description\" content=\"La Vida tiene grises, s\u00ed, pero lo que es &#039;Blanco es Blanco&#039;. Y aunque nunca se haya confeccionado una Ley Universal sobre la tan mentada Moral, lo que las mayor\u00edas consideran que est\u00e1 como &#039;el tuje, est\u00e1 como el tuje&#039;\" \/>\n<meta property=\"og:url\" content=\"https:\/\/infoecos.com.ar\/index.php\/casos-baez-sosa-y-lucio-dupuy-basta-de-anestesia\/\" \/>\n<meta property=\"og:site_name\" content=\"Infoecos\" \/>\n<meta property=\"article:publisher\" content=\"https:\/\/www.facebook.com\/profile.php?id=100063200290284\" \/>\n<meta property=\"article:published_time\" content=\"2023-02-02T12:22:24+00:00\" \/>\n<meta property=\"article:modified_time\" content=\"2023-02-06T12:26:28+00:00\" \/>\n<meta property=\"og:image\" content=\"https:\/\/infoecos.com.ar\/wp-content\/uploads\/2023\/02\/image-17.png\" \/>\n\t<meta property=\"og:image:width\" content=\"860\" \/>\n\t<meta property=\"og:image:height\" content=\"570\" \/>\n\t<meta property=\"og:image:type\" content=\"image\/png\" \/>\n<meta name=\"author\" content=\"Jorge Matheus\" \/>\n<meta name=\"twitter:card\" content=\"summary_large_image\" \/>\n<meta name=\"twitter:creator\" content=\"@infoecos\" \/>\n<meta name=\"twitter:site\" content=\"@infoecos\" \/>\n<meta name=\"twitter:label1\" content=\"Escrito por\" \/>\n\t<meta name=\"twitter:data1\" content=\"Jorge Matheus\" \/>\n<script type=\"application\/ld+json\" class=\"yoast-schema-graph\">{\"@context\":\"https:\/\/schema.org\",\"@graph\":[{\"@type\":\"Article\",\"@id\":\"https:\/\/infoecos.com.ar\/index.php\/casos-baez-sosa-y-lucio-dupuy-basta-de-anestesia\/#article\",\"isPartOf\":{\"@id\":\"https:\/\/infoecos.com.ar\/index.php\/casos-baez-sosa-y-lucio-dupuy-basta-de-anestesia\/\"},\"author\":{\"name\":\"Jorge Matheus\",\"@id\":\"https:\/\/infoecos.com.ar\/#\/schema\/person\/8f5ace5ce73b4b4aac4b7245aee6f191\"},\"headline\":\"Casos B\u00e1ez Sosa y Lucio Dupuy: basta de anestesia\",\"datePublished\":\"2023-02-02T12:22:24+00:00\",\"dateModified\":\"2023-02-06T12:26:28+00:00\",\"mainEntityOfPage\":{\"@id\":\"https:\/\/infoecos.com.ar\/index.php\/casos-baez-sosa-y-lucio-dupuy-basta-de-anestesia\/\"},\"wordCount\":427,\"publisher\":{\"@id\":\"https:\/\/infoecos.com.ar\/#organization\"},\"image\":{\"@id\":\"https:\/\/infoecos.com.ar\/index.php\/casos-baez-sosa-y-lucio-dupuy-basta-de-anestesia\/#primaryimage\"},\"thumbnailUrl\":\"https:\/\/infoecos.com.ar\/wp-content\/uploads\/2023\/02\/image-17.png\",\"keywords\":[\"ESCRIBE: JORGE MATHEUS\"],\"articleSection\":[\"C2 N7\"],\"inLanguage\":\"es\"},{\"@type\":\"WebPage\",\"@id\":\"https:\/\/infoecos.com.ar\/index.php\/casos-baez-sosa-y-lucio-dupuy-basta-de-anestesia\/\",\"url\":\"https:\/\/infoecos.com.ar\/index.php\/casos-baez-sosa-y-lucio-dupuy-basta-de-anestesia\/\",\"name\":\"Casos B\u00e1ez Sosa y Lucio Dupuy: basta de anestesia - Infoecos\",\"isPartOf\":{\"@id\":\"https:\/\/infoecos.com.ar\/#website\"},\"primaryImageOfPage\":{\"@id\":\"https:\/\/infoecos.com.ar\/index.php\/casos-baez-sosa-y-lucio-dupuy-basta-de-anestesia\/#primaryimage\"},\"image\":{\"@id\":\"https:\/\/infoecos.com.ar\/index.php\/casos-baez-sosa-y-lucio-dupuy-basta-de-anestesia\/#primaryimage\"},\"thumbnailUrl\":\"https:\/\/infoecos.com.ar\/wp-content\/uploads\/2023\/02\/image-17.png\",\"datePublished\":\"2023-02-02T12:22:24+00:00\",\"dateModified\":\"2023-02-06T12:26:28+00:00\",\"breadcrumb\":{\"@id\":\"https:\/\/infoecos.com.ar\/index.php\/casos-baez-sosa-y-lucio-dupuy-basta-de-anestesia\/#breadcrumb\"},\"inLanguage\":\"es\",\"potentialAction\":[{\"@type\":\"ReadAction\",\"target\":[\"https:\/\/infoecos.com.ar\/index.php\/casos-baez-sosa-y-lucio-dupuy-basta-de-anestesia\/\"]}]},{\"@type\":\"ImageObject\",\"inLanguage\":\"es\",\"@id\":\"https:\/\/infoecos.com.ar\/index.php\/casos-baez-sosa-y-lucio-dupuy-basta-de-anestesia\/#primaryimage\",\"url\":\"https:\/\/infoecos.com.ar\/wp-content\/uploads\/2023\/02\/image-17.png\",\"contentUrl\":\"https:\/\/infoecos.com.ar\/wp-content\/uploads\/2023\/02\/image-17.png\",\"width\":860,\"height\":570},{\"@type\":\"BreadcrumbList\",\"@id\":\"https:\/\/infoecos.com.ar\/index.php\/casos-baez-sosa-y-lucio-dupuy-basta-de-anestesia\/#breadcrumb\",\"itemListElement\":[{\"@type\":\"ListItem\",\"position\":1,\"name\":\"Portada\",\"item\":\"https:\/\/infoecos.com.ar\/\"},{\"@type\":\"ListItem\",\"position\":2,\"name\":\"Casos B\u00e1ez Sosa y Lucio Dupuy: basta de anestesia\"}]},{\"@type\":\"WebSite\",\"@id\":\"https:\/\/infoecos.com.ar\/#website\",\"url\":\"https:\/\/infoecos.com.ar\/\",\"name\":\"Infoecos\",\"description\":\"Noticias de trenque lauquen y la zona\",\"publisher\":{\"@id\":\"https:\/\/infoecos.com.ar\/#organization\"},\"alternateName\":\"Noticias\",\"potentialAction\":[{\"@type\":\"SearchAction\",\"target\":{\"@type\":\"EntryPoint\",\"urlTemplate\":\"https:\/\/infoecos.com.ar\/?s={search_term_string}\"},\"query-input\":{\"@type\":\"PropertyValueSpecification\",\"valueRequired\":true,\"valueName\":\"search_term_string\"}}],\"inLanguage\":\"es\"},{\"@type\":\"Organization\",\"@id\":\"https:\/\/infoecos.com.ar\/#organization\",\"name\":\"Infoecos\",\"alternateName\":\"Noticias\",\"url\":\"https:\/\/infoecos.com.ar\/\",\"logo\":{\"@type\":\"ImageObject\",\"inLanguage\":\"es\",\"@id\":\"https:\/\/infoecos.com.ar\/#\/schema\/logo\/image\/\",\"url\":\"https:\/\/infoecos.com.ar\/wp-content\/uploads\/2024\/03\/cropped-logo.png\",\"contentUrl\":\"https:\/\/infoecos.com.ar\/wp-content\/uploads\/2024\/03\/cropped-logo.png\",\"width\":374,\"height\":90,\"caption\":\"Infoecos\"},\"image\":{\"@id\":\"https:\/\/infoecos.com.ar\/#\/schema\/logo\/image\/\"},\"sameAs\":[\"https:\/\/www.facebook.com\/profile.php?id=100063200290284\",\"https:\/\/x.com\/infoecos\"]},{\"@type\":\"Person\",\"@id\":\"https:\/\/infoecos.com.ar\/#\/schema\/person\/8f5ace5ce73b4b4aac4b7245aee6f191\",\"name\":\"Jorge Matheus\",\"url\":\"https:\/\/infoecos.com.ar\/index.php\/author\/jomatheus\/\"}]}<\/script>\n<!-- \/ Yoast SEO plugin. -->","yoast_head_json":{"title":"Casos B\u00e1ez Sosa y Lucio Dupuy: basta de anestesia - Infoecos","robots":{"index":"index","follow":"follow","max-snippet":"max-snippet:-1","max-image-preview":"max-image-preview:large","max-video-preview":"max-video-preview:-1"},"canonical":"https:\/\/infoecos.com.ar\/index.php\/casos-baez-sosa-y-lucio-dupuy-basta-de-anestesia\/","og_locale":"es_ES","og_type":"article","og_title":"Casos B\u00e1ez Sosa y Lucio Dupuy: basta de anestesia - Infoecos","og_description":"La Vida tiene grises, s\u00ed, pero lo que es 'Blanco es Blanco'. Y aunque nunca se haya confeccionado una Ley Universal sobre la tan mentada Moral, lo que las mayor\u00edas consideran que est\u00e1 como 'el tuje, est\u00e1 como el tuje'","og_url":"https:\/\/infoecos.com.ar\/index.php\/casos-baez-sosa-y-lucio-dupuy-basta-de-anestesia\/","og_site_name":"Infoecos","article_publisher":"https:\/\/www.facebook.com\/profile.php?id=100063200290284","article_published_time":"2023-02-02T12:22:24+00:00","article_modified_time":"2023-02-06T12:26:28+00:00","og_image":[{"width":860,"height":570,"url":"https:\/\/infoecos.com.ar\/wp-content\/uploads\/2023\/02\/image-17.png","type":"image\/png"}],"author":"Jorge Matheus","twitter_card":"summary_large_image","twitter_creator":"@infoecos","twitter_site":"@infoecos","twitter_misc":{"Escrito por":"Jorge Matheus"},"schema":{"@context":"https:\/\/schema.org","@graph":[{"@type":"Article","@id":"https:\/\/infoecos.com.ar\/index.php\/casos-baez-sosa-y-lucio-dupuy-basta-de-anestesia\/#article","isPartOf":{"@id":"https:\/\/infoecos.com.ar\/index.php\/casos-baez-sosa-y-lucio-dupuy-basta-de-anestesia\/"},"author":{"name":"Jorge Matheus","@id":"https:\/\/infoecos.com.ar\/#\/schema\/person\/8f5ace5ce73b4b4aac4b7245aee6f191"},"headline":"Casos B\u00e1ez Sosa y Lucio Dupuy: basta de anestesia","datePublished":"2023-02-02T12:22:24+00:00","dateModified":"2023-02-06T12:26:28+00:00","mainEntityOfPage":{"@id":"https:\/\/infoecos.com.ar\/index.php\/casos-baez-sosa-y-lucio-dupuy-basta-de-anestesia\/"},"wordCount":427,"publisher":{"@id":"https:\/\/infoecos.com.ar\/#organization"},"image":{"@id":"https:\/\/infoecos.com.ar\/index.php\/casos-baez-sosa-y-lucio-dupuy-basta-de-anestesia\/#primaryimage"},"thumbnailUrl":"https:\/\/infoecos.com.ar\/wp-content\/uploads\/2023\/02\/image-17.png","keywords":["ESCRIBE: JORGE MATHEUS"],"articleSection":["C2 N7"],"inLanguage":"es"},{"@type":"WebPage","@id":"https:\/\/infoecos.com.ar\/index.php\/casos-baez-sosa-y-lucio-dupuy-basta-de-anestesia\/","url":"https:\/\/infoecos.com.ar\/index.php\/casos-baez-sosa-y-lucio-dupuy-basta-de-anestesia\/","name":"Casos B\u00e1ez Sosa y Lucio Dupuy: basta de anestesia - Infoecos","isPartOf":{"@id":"https:\/\/infoecos.com.ar\/#website"},"primaryImageOfPage":{"@id":"https:\/\/infoecos.com.ar\/index.php\/casos-baez-sosa-y-lucio-dupuy-basta-de-anestesia\/#primaryimage"},"image":{"@id":"https:\/\/infoecos.com.ar\/index.php\/casos-baez-sosa-y-lucio-dupuy-basta-de-anestesia\/#primaryimage"},"thumbnailUrl":"https:\/\/infoecos.com.ar\/wp-content\/uploads\/2023\/02\/image-17.png","datePublished":"2023-02-02T12:22:24+00:00","dateModified":"2023-02-06T12:26:28+00:00","breadcrumb":{"@id":"https:\/\/infoecos.com.ar\/index.php\/casos-baez-sosa-y-lucio-dupuy-basta-de-anestesia\/#breadcrumb"},"inLanguage":"es","potentialAction":[{"@type":"ReadAction","target":["https:\/\/infoecos.com.ar\/index.php\/casos-baez-sosa-y-lucio-dupuy-basta-de-anestesia\/"]}]},{"@type":"ImageObject","inLanguage":"es","@id":"https:\/\/infoecos.com.ar\/index.php\/casos-baez-sosa-y-lucio-dupuy-basta-de-anestesia\/#primaryimage","url":"https:\/\/infoecos.com.ar\/wp-content\/uploads\/2023\/02\/image-17.png","contentUrl":"https:\/\/infoecos.com.ar\/wp-content\/uploads\/2023\/02\/image-17.png","width":860,"height":570},{"@type":"BreadcrumbList","@id":"https:\/\/infoecos.com.ar\/index.php\/casos-baez-sosa-y-lucio-dupuy-basta-de-anestesia\/#breadcrumb","itemListElement":[{"@type":"ListItem","position":1,"name":"Portada","item":"https:\/\/infoecos.com.ar\/"},{"@type":"ListItem","position":2,"name":"Casos B\u00e1ez Sosa y Lucio Dupuy: basta de anestesia"}]},{"@type":"WebSite","@id":"https:\/\/infoecos.com.ar\/#website","url":"https:\/\/infoecos.com.ar\/","name":"Infoecos","description":"Noticias de trenque lauquen y la zona","publisher":{"@id":"https:\/\/infoecos.com.ar\/#organization"},"alternateName":"Noticias","potentialAction":[{"@type":"SearchAction","target":{"@type":"EntryPoint","urlTemplate":"https:\/\/infoecos.com.ar\/?s={search_term_string}"},"query-input":{"@type":"PropertyValueSpecification","valueRequired":true,"valueName":"search_term_string"}}],"inLanguage":"es"},{"@type":"Organization","@id":"https:\/\/infoecos.com.ar\/#organization","name":"Infoecos","alternateName":"Noticias","url":"https:\/\/infoecos.com.ar\/","logo":{"@type":"ImageObject","inLanguage":"es","@id":"https:\/\/infoecos.com.ar\/#\/schema\/logo\/image\/","url":"https:\/\/infoecos.com.ar\/wp-content\/uploads\/2024\/03\/cropped-logo.png","contentUrl":"https:\/\/infoecos.com.ar\/wp-content\/uploads\/2024\/03\/cropped-logo.png","width":374,"height":90,"caption":"Infoecos"},"image":{"@id":"https:\/\/infoecos.com.ar\/#\/schema\/logo\/image\/"},"sameAs":["https:\/\/www.facebook.com\/profile.php?id=100063200290284","https:\/\/x.com\/infoecos"]},{"@type":"Person","@id":"https:\/\/infoecos.com.ar\/#\/schema\/person\/8f5ace5ce73b4b4aac4b7245aee6f191","name":"Jorge Matheus","url":"https:\/\/infoecos.com.ar\/index.php\/author\/jomatheus\/"}]}},"featured_image_urls":{"full":["https:\/\/infoecos.com.ar\/wp-content\/uploads\/2023\/02\/image-17.png",860,570,false],"thumbnail":["https:\/\/infoecos.com.ar\/wp-content\/uploads\/2023\/02\/image-17-300x150.png",300,150,true],"medium":["https:\/\/infoecos.com.ar\/wp-content\/uploads\/2023\/02\/image-17-800x530.png",800,530,true],"medium_large":["https:\/\/infoecos.com.ar\/wp-content\/uploads\/2023\/02\/image-17-768x509.png",640,424,true],"large":["https:\/\/infoecos.com.ar\/wp-content\/uploads\/2023\/02\/image-17.png",640,424,false],"1536x1536":["https:\/\/infoecos.com.ar\/wp-content\/uploads\/2023\/02\/image-17.png",860,570,false],"2048x2048":["https:\/\/infoecos.com.ar\/wp-content\/uploads\/2023\/02\/image-17.png",860,570,false],"covernews-slider-full":["https:\/\/infoecos.com.ar\/wp-content\/uploads\/2023\/02\/image-17.png",860,570,false],"covernews-slider-center":["https:\/\/infoecos.com.ar\/wp-content\/uploads\/2023\/02\/image-17.png",754,500,false],"covernews-featured":["https:\/\/infoecos.com.ar\/wp-content\/uploads\/2023\/02\/image-17.png",860,570,false],"covernews-medium":["https:\/\/infoecos.com.ar\/wp-content\/uploads\/2023\/02\/image-17-720x380.png",540,285,true],"covernews-medium-square":["https:\/\/infoecos.com.ar\/wp-content\/uploads\/2023\/02\/image-17-675x450.png",375,250,true]},"author_info":{"info":["Jorge Matheus"]},"category_info":"<a href=\"https:\/\/infoecos.com.ar\/index.php\/category\/c2nota7\/\" rel=\"category tag\">C2 N7<\/a>","tag_info":"C2 N7","comment_count":"0","_links":{"self":[{"href":"https:\/\/infoecos.com.ar\/index.php\/wp-json\/wp\/v2\/posts\/101350"}],"collection":[{"href":"https:\/\/infoecos.com.ar\/index.php\/wp-json\/wp\/v2\/posts"}],"about":[{"href":"https:\/\/infoecos.com.ar\/index.php\/wp-json\/wp\/v2\/types\/post"}],"author":[{"embeddable":true,"href":"https:\/\/infoecos.com.ar\/index.php\/wp-json\/wp\/v2\/users\/2"}],"replies":[{"embeddable":true,"href":"https:\/\/infoecos.com.ar\/index.php\/wp-json\/wp\/v2\/comments?post=101350"}],"version-history":[{"count":1,"href":"https:\/\/infoecos.com.ar\/index.php\/wp-json\/wp\/v2\/posts\/101350\/revisions"}],"predecessor-version":[{"id":101353,"href":"https:\/\/infoecos.com.ar\/index.php\/wp-json\/wp\/v2\/posts\/101350\/revisions\/101353"}],"wp:featuredmedia":[{"embeddable":true,"href":"https:\/\/infoecos.com.ar\/index.php\/wp-json\/wp\/v2\/media\/101351"}],"wp:attachment":[{"href":"https:\/\/infoecos.com.ar\/index.php\/wp-json\/wp\/v2\/media?parent=101350"}],"wp:term":[{"taxonomy":"category","embeddable":true,"href":"https:\/\/infoecos.com.ar\/index.php\/wp-json\/wp\/v2\/categories?post=101350"},{"taxonomy":"post_tag","embeddable":true,"href":"https:\/\/infoecos.com.ar\/index.php\/wp-json\/wp\/v2\/tags?post=101350"}],"curies":[{"name":"wp","href":"https:\/\/api.w.org\/{rel}","templated":true}]}}