{"id":101368,"date":"2023-02-02T10:52:24","date_gmt":"2023-02-02T13:52:24","guid":{"rendered":"https:\/\/infoecos.com.ar\/?p=101368"},"modified":"2023-02-06T02:57:58","modified_gmt":"2023-02-06T05:57:58","slug":"el-lunes-6-previo-al-117-aniversario-del-distrito-se-entregaran-escrituras-en-tres-lomas","status":"publish","type":"post","link":"https:\/\/infoecos.com.ar\/index.php\/el-lunes-6-previo-al-117-aniversario-del-distrito-se-entregaran-escrituras-en-tres-lomas\/","title":{"rendered":"Hoy, previo a la celebraci\u00f3n del 117 aniversario del distrito, se firmar\u00e1n escrituras en Tres Lomas"},"content":{"rendered":"\n<p>Este lunes 6 de febrero se llevar\u00e1 a cabo el acto de firma de 49 escrituras en Tres Lomas.<\/p>\n\n\n\n<p>Se trata del programa provincial \u201cMi Escritura, mi casa\u201d. Se realizar\u00e1 a las 19 hs en el Centro Cultural Vieja Usina.<\/p>\n\n\n\n<figure class=\"wp-block-image aligncenter size-large is-resized\"><img loading=\"lazy\" decoding=\"async\" src=\"https:\/\/infoecos.com.ar\/wp-content\/uploads\/2022\/05\/treslomas-920x518.jpg\" alt=\"\" class=\"wp-image-91981\" width=\"544\" height=\"305\" srcset=\"https:\/\/infoecos.com.ar\/wp-content\/uploads\/2022\/05\/treslomas-920x518.jpg 920w, https:\/\/infoecos.com.ar\/wp-content\/uploads\/2022\/05\/treslomas-460x259.jpg 460w, https:\/\/infoecos.com.ar\/wp-content\/uploads\/2022\/05\/treslomas-768x432.jpg 768w, https:\/\/infoecos.com.ar\/wp-content\/uploads\/2022\/05\/treslomas-1024x576.jpg 1024w, https:\/\/infoecos.com.ar\/wp-content\/uploads\/2022\/05\/treslomas.jpg 1280w\" sizes=\"(max-width: 544px) 100vw, 544px\" \/><\/figure>\n\n\n\n<p>Cada una de las familias participantes de la jornada de escrituraci\u00f3n, hab\u00edan iniciado sus expedientes a trav\u00e9s de la Direcci\u00f3n de Asuntos Legales local y posteriormente fueron remitidos a la Escriban\u00eda General de Gobierno, donde se gestionan las escrituras de forma totalmente gratuita, brindando as\u00ed a las familias la posibilidad de titularizar su vivienda y garantiz\u00e1ndole el acceso a ese derecho universal.<\/p>\n\n\n\n<p>Los vecinos y vecinas que firmen la escritura de su vivienda, deber\u00e1n llevar el&nbsp;DNI original, acompa\u00f1ado de fotocopias del mismo y del CUIL\/CUIT\/CDI.&nbsp;En el caso de los&nbsp;divorciados, deber\u00e1n hacerlo con copia simple de la&nbsp;sentencia de divorcio,&nbsp;y en el caso de quienes lo hagan en car\u00e1cter de apoderados deber\u00e1n presentar testimonio del poder.<\/p>\n\n\n\n<p>Este derecho universal ya alcanz\u00f3 a m\u00e1s de 800 familias en Tres Lomas durante los \u00faltimos a\u00f1os.<\/p>\n","protected":false},"excerpt":{"rendered":"<p>Se trata del programa provincial \u201cMi Escritura, mi casa\u201d. Se realizar\u00e1 a las 19 hs en el Centro Cultural Vieja Usina<\/p>\n","protected":false},"author":2,"featured_media":91981,"comment_status":"closed","ping_status":"open","sticky":false,"template":"","format":"standard","meta":{"footnotes":""},"categories":[48],"tags":[7256],"class_list":["post-101368","post","type-post","status-publish","format-standard","has-post-thumbnail","hentry","category-c2nota3","tag-mi-escritura-mi-casa"],"yoast_head":"<!-- This site is optimized with the Yoast SEO plugin v23.4 - https:\/\/yoast.com\/wordpress\/plugins\/seo\/ -->\n<title>Hoy, previo a la celebraci\u00f3n del 117 aniversario del distrito, se firmar\u00e1n escrituras en Tres Lomas - Infoecos<\/title>\n<meta name=\"robots\" content=\"index, follow, max-snippet:-1, max-image-preview:large, max-video-preview:-1\" \/>\n<link rel=\"canonical\" href=\"https:\/\/infoecos.com.ar\/index.php\/el-lunes-6-previo-al-117-aniversario-del-distrito-se-entregaran-escrituras-en-tres-lomas\/\" \/>\n<meta property=\"og:locale\" content=\"es_ES\" \/>\n<meta property=\"og:type\" content=\"article\" \/>\n<meta property=\"og:title\" content=\"Hoy, previo a la celebraci\u00f3n del 117 aniversario del distrito, se firmar\u00e1n escrituras en Tres Lomas - Infoecos\" \/>\n<meta property=\"og:description\" content=\"Se trata del programa provincial \u201cMi Escritura, mi casa\u201d. Se realizar\u00e1 a las 19 hs en el Centro Cultural Vieja Usina\" \/>\n<meta property=\"og:url\" content=\"https:\/\/infoecos.com.ar\/index.php\/el-lunes-6-previo-al-117-aniversario-del-distrito-se-entregaran-escrituras-en-tres-lomas\/\" \/>\n<meta property=\"og:site_name\" content=\"Infoecos\" \/>\n<meta property=\"article:publisher\" content=\"https:\/\/www.facebook.com\/profile.php?id=100063200290284\" \/>\n<meta property=\"article:published_time\" content=\"2023-02-02T13:52:24+00:00\" \/>\n<meta property=\"article:modified_time\" content=\"2023-02-06T05:57:58+00:00\" \/>\n<meta property=\"og:image\" content=\"https:\/\/infoecos.com.ar\/wp-content\/uploads\/2022\/05\/treslomas.jpg\" \/>\n\t<meta property=\"og:image:width\" content=\"1280\" \/>\n\t<meta property=\"og:image:height\" content=\"720\" \/>\n\t<meta property=\"og:image:type\" content=\"image\/jpeg\" \/>\n<meta name=\"author\" content=\"Jorge Matheus\" \/>\n<meta name=\"twitter:card\" content=\"summary_large_image\" \/>\n<meta name=\"twitter:creator\" content=\"@infoecos\" \/>\n<meta name=\"twitter:site\" content=\"@infoecos\" \/>\n<meta name=\"twitter:label1\" content=\"Escrito por\" \/>\n\t<meta name=\"twitter:data1\" content=\"Jorge Matheus\" \/>\n\t<meta name=\"twitter:label2\" content=\"Tiempo de lectura\" \/>\n\t<meta name=\"twitter:data2\" content=\"2 minutos\" \/>\n<script type=\"application\/ld+json\" class=\"yoast-schema-graph\">{\"@context\":\"https:\/\/schema.org\",\"@graph\":[{\"@type\":\"Article\",\"@id\":\"https:\/\/infoecos.com.ar\/index.php\/el-lunes-6-previo-al-117-aniversario-del-distrito-se-entregaran-escrituras-en-tres-lomas\/#article\",\"isPartOf\":{\"@id\":\"https:\/\/infoecos.com.ar\/index.php\/el-lunes-6-previo-al-117-aniversario-del-distrito-se-entregaran-escrituras-en-tres-lomas\/\"},\"author\":{\"name\":\"Jorge Matheus\",\"@id\":\"https:\/\/infoecos.com.ar\/#\/schema\/person\/8f5ace5ce73b4b4aac4b7245aee6f191\"},\"headline\":\"Hoy, previo a la celebraci\u00f3n del 117 aniversario del distrito, se firmar\u00e1n escrituras en Tres Lomas\",\"datePublished\":\"2023-02-02T13:52:24+00:00\",\"dateModified\":\"2023-02-06T05:57:58+00:00\",\"mainEntityOfPage\":{\"@id\":\"https:\/\/infoecos.com.ar\/index.php\/el-lunes-6-previo-al-117-aniversario-del-distrito-se-entregaran-escrituras-en-tres-lomas\/\"},\"wordCount\":209,\"publisher\":{\"@id\":\"https:\/\/infoecos.com.ar\/#organization\"},\"image\":{\"@id\":\"https:\/\/infoecos.com.ar\/index.php\/el-lunes-6-previo-al-117-aniversario-del-distrito-se-entregaran-escrituras-en-tres-lomas\/#primaryimage\"},\"thumbnailUrl\":\"https:\/\/infoecos.com.ar\/wp-content\/uploads\/2022\/05\/treslomas.jpg\",\"keywords\":[\"mi escritura - mi casa\"],\"articleSection\":[\"C2 N3\"],\"inLanguage\":\"es\"},{\"@type\":\"WebPage\",\"@id\":\"https:\/\/infoecos.com.ar\/index.php\/el-lunes-6-previo-al-117-aniversario-del-distrito-se-entregaran-escrituras-en-tres-lomas\/\",\"url\":\"https:\/\/infoecos.com.ar\/index.php\/el-lunes-6-previo-al-117-aniversario-del-distrito-se-entregaran-escrituras-en-tres-lomas\/\",\"name\":\"Hoy, previo a la celebraci\u00f3n del 117 aniversario del distrito, se firmar\u00e1n escrituras en Tres Lomas - Infoecos\",\"isPartOf\":{\"@id\":\"https:\/\/infoecos.com.ar\/#website\"},\"primaryImageOfPage\":{\"@id\":\"https:\/\/infoecos.com.ar\/index.php\/el-lunes-6-previo-al-117-aniversario-del-distrito-se-entregaran-escrituras-en-tres-lomas\/#primaryimage\"},\"image\":{\"@id\":\"https:\/\/infoecos.com.ar\/index.php\/el-lunes-6-previo-al-117-aniversario-del-distrito-se-entregaran-escrituras-en-tres-lomas\/#primaryimage\"},\"thumbnailUrl\":\"https:\/\/infoecos.com.ar\/wp-content\/uploads\/2022\/05\/treslomas.jpg\",\"datePublished\":\"2023-02-02T13:52:24+00:00\",\"dateModified\":\"2023-02-06T05:57:58+00:00\",\"breadcrumb\":{\"@id\":\"https:\/\/infoecos.com.ar\/index.php\/el-lunes-6-previo-al-117-aniversario-del-distrito-se-entregaran-escrituras-en-tres-lomas\/#breadcrumb\"},\"inLanguage\":\"es\",\"potentialAction\":[{\"@type\":\"ReadAction\",\"target\":[\"https:\/\/infoecos.com.ar\/index.php\/el-lunes-6-previo-al-117-aniversario-del-distrito-se-entregaran-escrituras-en-tres-lomas\/\"]}]},{\"@type\":\"ImageObject\",\"inLanguage\":\"es\",\"@id\":\"https:\/\/infoecos.com.ar\/index.php\/el-lunes-6-previo-al-117-aniversario-del-distrito-se-entregaran-escrituras-en-tres-lomas\/#primaryimage\",\"url\":\"https:\/\/infoecos.com.ar\/wp-content\/uploads\/2022\/05\/treslomas.jpg\",\"contentUrl\":\"https:\/\/infoecos.com.ar\/wp-content\/uploads\/2022\/05\/treslomas.jpg\",\"width\":1280,\"height\":720},{\"@type\":\"BreadcrumbList\",\"@id\":\"https:\/\/infoecos.com.ar\/index.php\/el-lunes-6-previo-al-117-aniversario-del-distrito-se-entregaran-escrituras-en-tres-lomas\/#breadcrumb\",\"itemListElement\":[{\"@type\":\"ListItem\",\"position\":1,\"name\":\"Portada\",\"item\":\"https:\/\/infoecos.com.ar\/\"},{\"@type\":\"ListItem\",\"position\":2,\"name\":\"Hoy, previo a la celebraci\u00f3n del 117 aniversario del distrito, se firmar\u00e1n escrituras en Tres Lomas\"}]},{\"@type\":\"WebSite\",\"@id\":\"https:\/\/infoecos.com.ar\/#website\",\"url\":\"https:\/\/infoecos.com.ar\/\",\"name\":\"Infoecos\",\"description\":\"Noticias de trenque lauquen y la zona\",\"publisher\":{\"@id\":\"https:\/\/infoecos.com.ar\/#organization\"},\"alternateName\":\"Noticias\",\"potentialAction\":[{\"@type\":\"SearchAction\",\"target\":{\"@type\":\"EntryPoint\",\"urlTemplate\":\"https:\/\/infoecos.com.ar\/?s={search_term_string}\"},\"query-input\":{\"@type\":\"PropertyValueSpecification\",\"valueRequired\":true,\"valueName\":\"search_term_string\"}}],\"inLanguage\":\"es\"},{\"@type\":\"Organization\",\"@id\":\"https:\/\/infoecos.com.ar\/#organization\",\"name\":\"Infoecos\",\"alternateName\":\"Noticias\",\"url\":\"https:\/\/infoecos.com.ar\/\",\"logo\":{\"@type\":\"ImageObject\",\"inLanguage\":\"es\",\"@id\":\"https:\/\/infoecos.com.ar\/#\/schema\/logo\/image\/\",\"url\":\"https:\/\/infoecos.com.ar\/wp-content\/uploads\/2024\/03\/cropped-logo.png\",\"contentUrl\":\"https:\/\/infoecos.com.ar\/wp-content\/uploads\/2024\/03\/cropped-logo.png\",\"width\":374,\"height\":90,\"caption\":\"Infoecos\"},\"image\":{\"@id\":\"https:\/\/infoecos.com.ar\/#\/schema\/logo\/image\/\"},\"sameAs\":[\"https:\/\/www.facebook.com\/profile.php?id=100063200290284\",\"https:\/\/x.com\/infoecos\"]},{\"@type\":\"Person\",\"@id\":\"https:\/\/infoecos.com.ar\/#\/schema\/person\/8f5ace5ce73b4b4aac4b7245aee6f191\",\"name\":\"Jorge Matheus\",\"url\":\"https:\/\/infoecos.com.ar\/index.php\/author\/jomatheus\/\"}]}<\/script>\n<!-- \/ Yoast SEO plugin. -->","yoast_head_json":{"title":"Hoy, previo a la celebraci\u00f3n del 117 aniversario del distrito, se firmar\u00e1n escrituras en Tres Lomas - Infoecos","robots":{"index":"index","follow":"follow","max-snippet":"max-snippet:-1","max-image-preview":"max-image-preview:large","max-video-preview":"max-video-preview:-1"},"canonical":"https:\/\/infoecos.com.ar\/index.php\/el-lunes-6-previo-al-117-aniversario-del-distrito-se-entregaran-escrituras-en-tres-lomas\/","og_locale":"es_ES","og_type":"article","og_title":"Hoy, previo a la celebraci\u00f3n del 117 aniversario del distrito, se firmar\u00e1n escrituras en Tres Lomas - Infoecos","og_description":"Se trata del programa provincial \u201cMi Escritura, mi casa\u201d. Se realizar\u00e1 a las 19 hs en el Centro Cultural Vieja Usina","og_url":"https:\/\/infoecos.com.ar\/index.php\/el-lunes-6-previo-al-117-aniversario-del-distrito-se-entregaran-escrituras-en-tres-lomas\/","og_site_name":"Infoecos","article_publisher":"https:\/\/www.facebook.com\/profile.php?id=100063200290284","article_published_time":"2023-02-02T13:52:24+00:00","article_modified_time":"2023-02-06T05:57:58+00:00","og_image":[{"width":1280,"height":720,"url":"https:\/\/infoecos.com.ar\/wp-content\/uploads\/2022\/05\/treslomas.jpg","type":"image\/jpeg"}],"author":"Jorge Matheus","twitter_card":"summary_large_image","twitter_creator":"@infoecos","twitter_site":"@infoecos","twitter_misc":{"Escrito por":"Jorge Matheus","Tiempo de lectura":"2 minutos"},"schema":{"@context":"https:\/\/schema.org","@graph":[{"@type":"Article","@id":"https:\/\/infoecos.com.ar\/index.php\/el-lunes-6-previo-al-117-aniversario-del-distrito-se-entregaran-escrituras-en-tres-lomas\/#article","isPartOf":{"@id":"https:\/\/infoecos.com.ar\/index.php\/el-lunes-6-previo-al-117-aniversario-del-distrito-se-entregaran-escrituras-en-tres-lomas\/"},"author":{"name":"Jorge Matheus","@id":"https:\/\/infoecos.com.ar\/#\/schema\/person\/8f5ace5ce73b4b4aac4b7245aee6f191"},"headline":"Hoy, previo a la celebraci\u00f3n del 117 aniversario del distrito, se firmar\u00e1n escrituras en Tres Lomas","datePublished":"2023-02-02T13:52:24+00:00","dateModified":"2023-02-06T05:57:58+00:00","mainEntityOfPage":{"@id":"https:\/\/infoecos.com.ar\/index.php\/el-lunes-6-previo-al-117-aniversario-del-distrito-se-entregaran-escrituras-en-tres-lomas\/"},"wordCount":209,"publisher":{"@id":"https:\/\/infoecos.com.ar\/#organization"},"image":{"@id":"https:\/\/infoecos.com.ar\/index.php\/el-lunes-6-previo-al-117-aniversario-del-distrito-se-entregaran-escrituras-en-tres-lomas\/#primaryimage"},"thumbnailUrl":"https:\/\/infoecos.com.ar\/wp-content\/uploads\/2022\/05\/treslomas.jpg","keywords":["mi escritura - mi casa"],"articleSection":["C2 N3"],"inLanguage":"es"},{"@type":"WebPage","@id":"https:\/\/infoecos.com.ar\/index.php\/el-lunes-6-previo-al-117-aniversario-del-distrito-se-entregaran-escrituras-en-tres-lomas\/","url":"https:\/\/infoecos.com.ar\/index.php\/el-lunes-6-previo-al-117-aniversario-del-distrito-se-entregaran-escrituras-en-tres-lomas\/","name":"Hoy, previo a la celebraci\u00f3n del 117 aniversario del distrito, se firmar\u00e1n escrituras en Tres Lomas - Infoecos","isPartOf":{"@id":"https:\/\/infoecos.com.ar\/#website"},"primaryImageOfPage":{"@id":"https:\/\/infoecos.com.ar\/index.php\/el-lunes-6-previo-al-117-aniversario-del-distrito-se-entregaran-escrituras-en-tres-lomas\/#primaryimage"},"image":{"@id":"https:\/\/infoecos.com.ar\/index.php\/el-lunes-6-previo-al-117-aniversario-del-distrito-se-entregaran-escrituras-en-tres-lomas\/#primaryimage"},"thumbnailUrl":"https:\/\/infoecos.com.ar\/wp-content\/uploads\/2022\/05\/treslomas.jpg","datePublished":"2023-02-02T13:52:24+00:00","dateModified":"2023-02-06T05:57:58+00:00","breadcrumb":{"@id":"https:\/\/infoecos.com.ar\/index.php\/el-lunes-6-previo-al-117-aniversario-del-distrito-se-entregaran-escrituras-en-tres-lomas\/#breadcrumb"},"inLanguage":"es","potentialAction":[{"@type":"ReadAction","target":["https:\/\/infoecos.com.ar\/index.php\/el-lunes-6-previo-al-117-aniversario-del-distrito-se-entregaran-escrituras-en-tres-lomas\/"]}]},{"@type":"ImageObject","inLanguage":"es","@id":"https:\/\/infoecos.com.ar\/index.php\/el-lunes-6-previo-al-117-aniversario-del-distrito-se-entregaran-escrituras-en-tres-lomas\/#primaryimage","url":"https:\/\/infoecos.com.ar\/wp-content\/uploads\/2022\/05\/treslomas.jpg","contentUrl":"https:\/\/infoecos.com.ar\/wp-content\/uploads\/2022\/05\/treslomas.jpg","width":1280,"height":720},{"@type":"BreadcrumbList","@id":"https:\/\/infoecos.com.ar\/index.php\/el-lunes-6-previo-al-117-aniversario-del-distrito-se-entregaran-escrituras-en-tres-lomas\/#breadcrumb","itemListElement":[{"@type":"ListItem","position":1,"name":"Portada","item":"https:\/\/infoecos.com.ar\/"},{"@type":"ListItem","position":2,"name":"Hoy, previo a la celebraci\u00f3n del 117 aniversario del distrito, se firmar\u00e1n escrituras en Tres Lomas"}]},{"@type":"WebSite","@id":"https:\/\/infoecos.com.ar\/#website","url":"https:\/\/infoecos.com.ar\/","name":"Infoecos","description":"Noticias de trenque lauquen y la zona","publisher":{"@id":"https:\/\/infoecos.com.ar\/#organization"},"alternateName":"Noticias","potentialAction":[{"@type":"SearchAction","target":{"@type":"EntryPoint","urlTemplate":"https:\/\/infoecos.com.ar\/?s={search_term_string}"},"query-input":{"@type":"PropertyValueSpecification","valueRequired":true,"valueName":"search_term_string"}}],"inLanguage":"es"},{"@type":"Organization","@id":"https:\/\/infoecos.com.ar\/#organization","name":"Infoecos","alternateName":"Noticias","url":"https:\/\/infoecos.com.ar\/","logo":{"@type":"ImageObject","inLanguage":"es","@id":"https:\/\/infoecos.com.ar\/#\/schema\/logo\/image\/","url":"https:\/\/infoecos.com.ar\/wp-content\/uploads\/2024\/03\/cropped-logo.png","contentUrl":"https:\/\/infoecos.com.ar\/wp-content\/uploads\/2024\/03\/cropped-logo.png","width":374,"height":90,"caption":"Infoecos"},"image":{"@id":"https:\/\/infoecos.com.ar\/#\/schema\/logo\/image\/"},"sameAs":["https:\/\/www.facebook.com\/profile.php?id=100063200290284","https:\/\/x.com\/infoecos"]},{"@type":"Person","@id":"https:\/\/infoecos.com.ar\/#\/schema\/person\/8f5ace5ce73b4b4aac4b7245aee6f191","name":"Jorge Matheus","url":"https:\/\/infoecos.com.ar\/index.php\/author\/jomatheus\/"}]}},"featured_image_urls":{"full":["https:\/\/infoecos.com.ar\/wp-content\/uploads\/2022\/05\/treslomas.jpg",1280,720,false],"thumbnail":["https:\/\/infoecos.com.ar\/wp-content\/uploads\/2022\/05\/treslomas-150x150.jpg",150,150,true],"medium":["https:\/\/infoecos.com.ar\/wp-content\/uploads\/2022\/05\/treslomas-460x259.jpg",460,259,true],"medium_large":["https:\/\/infoecos.com.ar\/wp-content\/uploads\/2022\/05\/treslomas-768x432.jpg",640,360,true],"large":["https:\/\/infoecos.com.ar\/wp-content\/uploads\/2022\/05\/treslomas-920x518.jpg",640,360,true],"1536x1536":["https:\/\/infoecos.com.ar\/wp-content\/uploads\/2022\/05\/treslomas.jpg",1280,720,false],"2048x2048":["https:\/\/infoecos.com.ar\/wp-content\/uploads\/2022\/05\/treslomas.jpg",1280,720,false],"covernews-slider-full":["https:\/\/infoecos.com.ar\/wp-content\/uploads\/2022\/05\/treslomas.jpg",1115,627,false],"covernews-slider-center":["https:\/\/infoecos.com.ar\/wp-content\/uploads\/2022\/05\/treslomas-936x720.jpg",650,500,true],"covernews-featured":["https:\/\/infoecos.com.ar\/wp-content\/uploads\/2022\/05\/treslomas-1024x576.jpg",1024,576,true],"covernews-medium":["https:\/\/infoecos.com.ar\/wp-content\/uploads\/2022\/05\/treslomas-720x380.jpg",540,285,true],"covernews-medium-square":["https:\/\/infoecos.com.ar\/wp-content\/uploads\/2022\/05\/treslomas-675x450.jpg",375,250,true]},"author_info":{"info":["Jorge Matheus"]},"category_info":"<a href=\"https:\/\/infoecos.com.ar\/index.php\/category\/c2nota3\/\" rel=\"category tag\">C2 N3<\/a>","tag_info":"C2 N3","comment_count":"0","_links":{"self":[{"href":"https:\/\/infoecos.com.ar\/index.php\/wp-json\/wp\/v2\/posts\/101368"}],"collection":[{"href":"https:\/\/infoecos.com.ar\/index.php\/wp-json\/wp\/v2\/posts"}],"about":[{"href":"https:\/\/infoecos.com.ar\/index.php\/wp-json\/wp\/v2\/types\/post"}],"author":[{"embeddable":true,"href":"https:\/\/infoecos.com.ar\/index.php\/wp-json\/wp\/v2\/users\/2"}],"replies":[{"embeddable":true,"href":"https:\/\/infoecos.com.ar\/index.php\/wp-json\/wp\/v2\/comments?post=101368"}],"version-history":[{"count":3,"href":"https:\/\/infoecos.com.ar\/index.php\/wp-json\/wp\/v2\/posts\/101368\/revisions"}],"predecessor-version":[{"id":101450,"href":"https:\/\/infoecos.com.ar\/index.php\/wp-json\/wp\/v2\/posts\/101368\/revisions\/101450"}],"wp:featuredmedia":[{"embeddable":true,"href":"https:\/\/infoecos.com.ar\/index.php\/wp-json\/wp\/v2\/media\/91981"}],"wp:attachment":[{"href":"https:\/\/infoecos.com.ar\/index.php\/wp-json\/wp\/v2\/media?parent=101368"}],"wp:term":[{"taxonomy":"category","embeddable":true,"href":"https:\/\/infoecos.com.ar\/index.php\/wp-json\/wp\/v2\/categories?post=101368"},{"taxonomy":"post_tag","embeddable":true,"href":"https:\/\/infoecos.com.ar\/index.php\/wp-json\/wp\/v2\/tags?post=101368"}],"curies":[{"name":"wp","href":"https:\/\/api.w.org\/{rel}","templated":true}]}}