{"id":101370,"date":"2023-02-02T12:07:31","date_gmt":"2023-02-02T15:07:31","guid":{"rendered":"https:\/\/infoecos.com.ar\/?p=101370"},"modified":"2023-02-02T12:26:30","modified_gmt":"2023-02-02T15:26:30","slug":"la-justicia-declaro-autoras-materiales-del-asesinato-de-lucio-dupuy-a-su-madre-y-a-la-pareja","status":"publish","type":"post","link":"https:\/\/infoecos.com.ar\/index.php\/la-justicia-declaro-autoras-materiales-del-asesinato-de-lucio-dupuy-a-su-madre-y-a-la-pareja\/","title":{"rendered":"La Justicia declar\u00f3 autoras materiales del asesinato de Lucio Dupuy, a su madre y a la pareja"},"content":{"rendered":"\n<p>Declararon autoras materiales del asesinato de Lucio Dupuy a su Madre, <strong>Magdalena Esp\u00f3sito Valenti, y Abigail P\u00e1ez<\/strong>, la pareja de la misma. Las homicidas no estuvieron presentes en el acto judicial. Hab\u00edan pedido no estarlo y fueron trasladadas ayer a la c\u00e1rcel de San Luis, donde se encuentran detenidas. <\/p>\n\n\n\n<p>El 13 de Febrero ser\u00e1 la pr\u00f3xima cita judicial. Ah\u00ed se conocer\u00e1 la pena. Se especula que quedan a un paso de la cadena perpetua. Se absolvi\u00f3 a la madre del abuso sexual. <\/p>\n\n\n\n<figure class=\"wp-block-image size-large\"><img loading=\"lazy\" decoding=\"async\" width=\"920\" height=\"518\" src=\"https:\/\/infoecos.com.ar\/wp-content\/uploads\/2022\/04\/lucio-dupuy-asesinato-920x518.jpg\" alt=\"\" class=\"wp-image-90802\" srcset=\"https:\/\/infoecos.com.ar\/wp-content\/uploads\/2022\/04\/lucio-dupuy-asesinato-920x518.jpg 920w, https:\/\/infoecos.com.ar\/wp-content\/uploads\/2022\/04\/lucio-dupuy-asesinato-460x259.jpg 460w, https:\/\/infoecos.com.ar\/wp-content\/uploads\/2022\/04\/lucio-dupuy-asesinato-768x432.jpg 768w, https:\/\/infoecos.com.ar\/wp-content\/uploads\/2022\/04\/lucio-dupuy-asesinato.jpg 1000w\" sizes=\"(max-width: 920px) 100vw, 920px\" \/><\/figure>\n","protected":false},"excerpt":{"rendered":"<p>Declararon autoras materiales del asesinato de Lucio Dupuy a su Madre, Magdalena Esp\u00f3sito Valenti, y&#8230;<\/p>\n","protected":false},"author":2,"featured_media":90802,"comment_status":"closed","ping_status":"open","sticky":false,"template":"","format":"standard","meta":{"footnotes":""},"categories":[1612],"tags":[7240],"class_list":["post-101370","post","type-post","status-publish","format-standard","has-post-thumbnail","hentry","category-noticia-principal","tag-santa-rosa-la-pampa-2"],"yoast_head":"<!-- This site is optimized with the Yoast SEO plugin v23.4 - https:\/\/yoast.com\/wordpress\/plugins\/seo\/ -->\n<title>La Justicia declar\u00f3 autoras materiales del asesinato de Lucio Dupuy, a su madre y a la pareja - Infoecos<\/title>\n<meta name=\"robots\" content=\"index, follow, max-snippet:-1, max-image-preview:large, max-video-preview:-1\" \/>\n<link rel=\"canonical\" href=\"https:\/\/infoecos.com.ar\/index.php\/la-justicia-declaro-autoras-materiales-del-asesinato-de-lucio-dupuy-a-su-madre-y-a-la-pareja\/\" \/>\n<meta property=\"og:locale\" content=\"es_ES\" \/>\n<meta property=\"og:type\" content=\"article\" \/>\n<meta property=\"og:title\" content=\"La Justicia declar\u00f3 autoras materiales del asesinato de Lucio Dupuy, a su madre y a la pareja - Infoecos\" \/>\n<meta property=\"og:description\" content=\"Declararon autoras materiales del asesinato de Lucio Dupuy a su Madre, Magdalena Esp\u00f3sito Valenti, y...\" \/>\n<meta property=\"og:url\" content=\"https:\/\/infoecos.com.ar\/index.php\/la-justicia-declaro-autoras-materiales-del-asesinato-de-lucio-dupuy-a-su-madre-y-a-la-pareja\/\" \/>\n<meta property=\"og:site_name\" content=\"Infoecos\" \/>\n<meta property=\"article:publisher\" content=\"https:\/\/www.facebook.com\/profile.php?id=100063200290284\" \/>\n<meta property=\"article:published_time\" content=\"2023-02-02T15:07:31+00:00\" \/>\n<meta property=\"article:modified_time\" content=\"2023-02-02T15:26:30+00:00\" \/>\n<meta property=\"og:image\" content=\"https:\/\/infoecos.com.ar\/wp-content\/uploads\/2022\/04\/lucio-dupuy-asesinato.jpg\" \/>\n\t<meta property=\"og:image:width\" content=\"1000\" \/>\n\t<meta property=\"og:image:height\" content=\"563\" \/>\n\t<meta property=\"og:image:type\" content=\"image\/jpeg\" \/>\n<meta name=\"author\" content=\"Jorge Matheus\" \/>\n<meta name=\"twitter:card\" content=\"summary_large_image\" \/>\n<meta name=\"twitter:creator\" content=\"@infoecos\" \/>\n<meta name=\"twitter:site\" content=\"@infoecos\" \/>\n<meta name=\"twitter:label1\" content=\"Escrito por\" \/>\n\t<meta name=\"twitter:data1\" content=\"Jorge Matheus\" \/>\n\t<meta name=\"twitter:label2\" content=\"Tiempo de lectura\" \/>\n\t<meta name=\"twitter:data2\" content=\"1 minuto\" \/>\n<script type=\"application\/ld+json\" class=\"yoast-schema-graph\">{\"@context\":\"https:\/\/schema.org\",\"@graph\":[{\"@type\":\"Article\",\"@id\":\"https:\/\/infoecos.com.ar\/index.php\/la-justicia-declaro-autoras-materiales-del-asesinato-de-lucio-dupuy-a-su-madre-y-a-la-pareja\/#article\",\"isPartOf\":{\"@id\":\"https:\/\/infoecos.com.ar\/index.php\/la-justicia-declaro-autoras-materiales-del-asesinato-de-lucio-dupuy-a-su-madre-y-a-la-pareja\/\"},\"author\":{\"name\":\"Jorge Matheus\",\"@id\":\"https:\/\/infoecos.com.ar\/#\/schema\/person\/8f5ace5ce73b4b4aac4b7245aee6f191\"},\"headline\":\"La Justicia declar\u00f3 autoras materiales del asesinato de Lucio Dupuy, a su madre y a la pareja\",\"datePublished\":\"2023-02-02T15:07:31+00:00\",\"dateModified\":\"2023-02-02T15:26:30+00:00\",\"mainEntityOfPage\":{\"@id\":\"https:\/\/infoecos.com.ar\/index.php\/la-justicia-declaro-autoras-materiales-del-asesinato-de-lucio-dupuy-a-su-madre-y-a-la-pareja\/\"},\"wordCount\":103,\"publisher\":{\"@id\":\"https:\/\/infoecos.com.ar\/#organization\"},\"image\":{\"@id\":\"https:\/\/infoecos.com.ar\/index.php\/la-justicia-declaro-autoras-materiales-del-asesinato-de-lucio-dupuy-a-su-madre-y-a-la-pareja\/#primaryimage\"},\"thumbnailUrl\":\"https:\/\/infoecos.com.ar\/wp-content\/uploads\/2022\/04\/lucio-dupuy-asesinato.jpg\",\"keywords\":[\"SANTA ROSA - LA PAMPA\"],\"articleSection\":[\"Noticia Principal\"],\"inLanguage\":\"es\"},{\"@type\":\"WebPage\",\"@id\":\"https:\/\/infoecos.com.ar\/index.php\/la-justicia-declaro-autoras-materiales-del-asesinato-de-lucio-dupuy-a-su-madre-y-a-la-pareja\/\",\"url\":\"https:\/\/infoecos.com.ar\/index.php\/la-justicia-declaro-autoras-materiales-del-asesinato-de-lucio-dupuy-a-su-madre-y-a-la-pareja\/\",\"name\":\"La Justicia declar\u00f3 autoras materiales del asesinato de Lucio Dupuy, a su madre y a la pareja - Infoecos\",\"isPartOf\":{\"@id\":\"https:\/\/infoecos.com.ar\/#website\"},\"primaryImageOfPage\":{\"@id\":\"https:\/\/infoecos.com.ar\/index.php\/la-justicia-declaro-autoras-materiales-del-asesinato-de-lucio-dupuy-a-su-madre-y-a-la-pareja\/#primaryimage\"},\"image\":{\"@id\":\"https:\/\/infoecos.com.ar\/index.php\/la-justicia-declaro-autoras-materiales-del-asesinato-de-lucio-dupuy-a-su-madre-y-a-la-pareja\/#primaryimage\"},\"thumbnailUrl\":\"https:\/\/infoecos.com.ar\/wp-content\/uploads\/2022\/04\/lucio-dupuy-asesinato.jpg\",\"datePublished\":\"2023-02-02T15:07:31+00:00\",\"dateModified\":\"2023-02-02T15:26:30+00:00\",\"breadcrumb\":{\"@id\":\"https:\/\/infoecos.com.ar\/index.php\/la-justicia-declaro-autoras-materiales-del-asesinato-de-lucio-dupuy-a-su-madre-y-a-la-pareja\/#breadcrumb\"},\"inLanguage\":\"es\",\"potentialAction\":[{\"@type\":\"ReadAction\",\"target\":[\"https:\/\/infoecos.com.ar\/index.php\/la-justicia-declaro-autoras-materiales-del-asesinato-de-lucio-dupuy-a-su-madre-y-a-la-pareja\/\"]}]},{\"@type\":\"ImageObject\",\"inLanguage\":\"es\",\"@id\":\"https:\/\/infoecos.com.ar\/index.php\/la-justicia-declaro-autoras-materiales-del-asesinato-de-lucio-dupuy-a-su-madre-y-a-la-pareja\/#primaryimage\",\"url\":\"https:\/\/infoecos.com.ar\/wp-content\/uploads\/2022\/04\/lucio-dupuy-asesinato.jpg\",\"contentUrl\":\"https:\/\/infoecos.com.ar\/wp-content\/uploads\/2022\/04\/lucio-dupuy-asesinato.jpg\",\"width\":1000,\"height\":563},{\"@type\":\"BreadcrumbList\",\"@id\":\"https:\/\/infoecos.com.ar\/index.php\/la-justicia-declaro-autoras-materiales-del-asesinato-de-lucio-dupuy-a-su-madre-y-a-la-pareja\/#breadcrumb\",\"itemListElement\":[{\"@type\":\"ListItem\",\"position\":1,\"name\":\"Portada\",\"item\":\"https:\/\/infoecos.com.ar\/\"},{\"@type\":\"ListItem\",\"position\":2,\"name\":\"La Justicia declar\u00f3 autoras materiales del asesinato de Lucio Dupuy, a su madre y a la pareja\"}]},{\"@type\":\"WebSite\",\"@id\":\"https:\/\/infoecos.com.ar\/#website\",\"url\":\"https:\/\/infoecos.com.ar\/\",\"name\":\"Infoecos\",\"description\":\"Noticias de trenque lauquen y la zona\",\"publisher\":{\"@id\":\"https:\/\/infoecos.com.ar\/#organization\"},\"alternateName\":\"Noticias\",\"potentialAction\":[{\"@type\":\"SearchAction\",\"target\":{\"@type\":\"EntryPoint\",\"urlTemplate\":\"https:\/\/infoecos.com.ar\/?s={search_term_string}\"},\"query-input\":{\"@type\":\"PropertyValueSpecification\",\"valueRequired\":true,\"valueName\":\"search_term_string\"}}],\"inLanguage\":\"es\"},{\"@type\":\"Organization\",\"@id\":\"https:\/\/infoecos.com.ar\/#organization\",\"name\":\"Infoecos\",\"alternateName\":\"Noticias\",\"url\":\"https:\/\/infoecos.com.ar\/\",\"logo\":{\"@type\":\"ImageObject\",\"inLanguage\":\"es\",\"@id\":\"https:\/\/infoecos.com.ar\/#\/schema\/logo\/image\/\",\"url\":\"https:\/\/infoecos.com.ar\/wp-content\/uploads\/2024\/03\/cropped-logo.png\",\"contentUrl\":\"https:\/\/infoecos.com.ar\/wp-content\/uploads\/2024\/03\/cropped-logo.png\",\"width\":374,\"height\":90,\"caption\":\"Infoecos\"},\"image\":{\"@id\":\"https:\/\/infoecos.com.ar\/#\/schema\/logo\/image\/\"},\"sameAs\":[\"https:\/\/www.facebook.com\/profile.php?id=100063200290284\",\"https:\/\/x.com\/infoecos\"]},{\"@type\":\"Person\",\"@id\":\"https:\/\/infoecos.com.ar\/#\/schema\/person\/8f5ace5ce73b4b4aac4b7245aee6f191\",\"name\":\"Jorge Matheus\",\"url\":\"https:\/\/infoecos.com.ar\/index.php\/author\/jomatheus\/\"}]}<\/script>\n<!-- \/ Yoast SEO plugin. -->","yoast_head_json":{"title":"La Justicia declar\u00f3 autoras materiales del asesinato de Lucio Dupuy, a su madre y a la pareja - Infoecos","robots":{"index":"index","follow":"follow","max-snippet":"max-snippet:-1","max-image-preview":"max-image-preview:large","max-video-preview":"max-video-preview:-1"},"canonical":"https:\/\/infoecos.com.ar\/index.php\/la-justicia-declaro-autoras-materiales-del-asesinato-de-lucio-dupuy-a-su-madre-y-a-la-pareja\/","og_locale":"es_ES","og_type":"article","og_title":"La Justicia declar\u00f3 autoras materiales del asesinato de Lucio Dupuy, a su madre y a la pareja - Infoecos","og_description":"Declararon autoras materiales del asesinato de Lucio Dupuy a su Madre, Magdalena Esp\u00f3sito Valenti, y...","og_url":"https:\/\/infoecos.com.ar\/index.php\/la-justicia-declaro-autoras-materiales-del-asesinato-de-lucio-dupuy-a-su-madre-y-a-la-pareja\/","og_site_name":"Infoecos","article_publisher":"https:\/\/www.facebook.com\/profile.php?id=100063200290284","article_published_time":"2023-02-02T15:07:31+00:00","article_modified_time":"2023-02-02T15:26:30+00:00","og_image":[{"width":1000,"height":563,"url":"https:\/\/infoecos.com.ar\/wp-content\/uploads\/2022\/04\/lucio-dupuy-asesinato.jpg","type":"image\/jpeg"}],"author":"Jorge Matheus","twitter_card":"summary_large_image","twitter_creator":"@infoecos","twitter_site":"@infoecos","twitter_misc":{"Escrito por":"Jorge Matheus","Tiempo de lectura":"1 minuto"},"schema":{"@context":"https:\/\/schema.org","@graph":[{"@type":"Article","@id":"https:\/\/infoecos.com.ar\/index.php\/la-justicia-declaro-autoras-materiales-del-asesinato-de-lucio-dupuy-a-su-madre-y-a-la-pareja\/#article","isPartOf":{"@id":"https:\/\/infoecos.com.ar\/index.php\/la-justicia-declaro-autoras-materiales-del-asesinato-de-lucio-dupuy-a-su-madre-y-a-la-pareja\/"},"author":{"name":"Jorge Matheus","@id":"https:\/\/infoecos.com.ar\/#\/schema\/person\/8f5ace5ce73b4b4aac4b7245aee6f191"},"headline":"La Justicia declar\u00f3 autoras materiales del asesinato de Lucio Dupuy, a su madre y a la pareja","datePublished":"2023-02-02T15:07:31+00:00","dateModified":"2023-02-02T15:26:30+00:00","mainEntityOfPage":{"@id":"https:\/\/infoecos.com.ar\/index.php\/la-justicia-declaro-autoras-materiales-del-asesinato-de-lucio-dupuy-a-su-madre-y-a-la-pareja\/"},"wordCount":103,"publisher":{"@id":"https:\/\/infoecos.com.ar\/#organization"},"image":{"@id":"https:\/\/infoecos.com.ar\/index.php\/la-justicia-declaro-autoras-materiales-del-asesinato-de-lucio-dupuy-a-su-madre-y-a-la-pareja\/#primaryimage"},"thumbnailUrl":"https:\/\/infoecos.com.ar\/wp-content\/uploads\/2022\/04\/lucio-dupuy-asesinato.jpg","keywords":["SANTA ROSA - LA PAMPA"],"articleSection":["Noticia Principal"],"inLanguage":"es"},{"@type":"WebPage","@id":"https:\/\/infoecos.com.ar\/index.php\/la-justicia-declaro-autoras-materiales-del-asesinato-de-lucio-dupuy-a-su-madre-y-a-la-pareja\/","url":"https:\/\/infoecos.com.ar\/index.php\/la-justicia-declaro-autoras-materiales-del-asesinato-de-lucio-dupuy-a-su-madre-y-a-la-pareja\/","name":"La Justicia declar\u00f3 autoras materiales del asesinato de Lucio Dupuy, a su madre y a la pareja - Infoecos","isPartOf":{"@id":"https:\/\/infoecos.com.ar\/#website"},"primaryImageOfPage":{"@id":"https:\/\/infoecos.com.ar\/index.php\/la-justicia-declaro-autoras-materiales-del-asesinato-de-lucio-dupuy-a-su-madre-y-a-la-pareja\/#primaryimage"},"image":{"@id":"https:\/\/infoecos.com.ar\/index.php\/la-justicia-declaro-autoras-materiales-del-asesinato-de-lucio-dupuy-a-su-madre-y-a-la-pareja\/#primaryimage"},"thumbnailUrl":"https:\/\/infoecos.com.ar\/wp-content\/uploads\/2022\/04\/lucio-dupuy-asesinato.jpg","datePublished":"2023-02-02T15:07:31+00:00","dateModified":"2023-02-02T15:26:30+00:00","breadcrumb":{"@id":"https:\/\/infoecos.com.ar\/index.php\/la-justicia-declaro-autoras-materiales-del-asesinato-de-lucio-dupuy-a-su-madre-y-a-la-pareja\/#breadcrumb"},"inLanguage":"es","potentialAction":[{"@type":"ReadAction","target":["https:\/\/infoecos.com.ar\/index.php\/la-justicia-declaro-autoras-materiales-del-asesinato-de-lucio-dupuy-a-su-madre-y-a-la-pareja\/"]}]},{"@type":"ImageObject","inLanguage":"es","@id":"https:\/\/infoecos.com.ar\/index.php\/la-justicia-declaro-autoras-materiales-del-asesinato-de-lucio-dupuy-a-su-madre-y-a-la-pareja\/#primaryimage","url":"https:\/\/infoecos.com.ar\/wp-content\/uploads\/2022\/04\/lucio-dupuy-asesinato.jpg","contentUrl":"https:\/\/infoecos.com.ar\/wp-content\/uploads\/2022\/04\/lucio-dupuy-asesinato.jpg","width":1000,"height":563},{"@type":"BreadcrumbList","@id":"https:\/\/infoecos.com.ar\/index.php\/la-justicia-declaro-autoras-materiales-del-asesinato-de-lucio-dupuy-a-su-madre-y-a-la-pareja\/#breadcrumb","itemListElement":[{"@type":"ListItem","position":1,"name":"Portada","item":"https:\/\/infoecos.com.ar\/"},{"@type":"ListItem","position":2,"name":"La Justicia declar\u00f3 autoras materiales del asesinato de Lucio Dupuy, a su madre y a la pareja"}]},{"@type":"WebSite","@id":"https:\/\/infoecos.com.ar\/#website","url":"https:\/\/infoecos.com.ar\/","name":"Infoecos","description":"Noticias de trenque lauquen y la zona","publisher":{"@id":"https:\/\/infoecos.com.ar\/#organization"},"alternateName":"Noticias","potentialAction":[{"@type":"SearchAction","target":{"@type":"EntryPoint","urlTemplate":"https:\/\/infoecos.com.ar\/?s={search_term_string}"},"query-input":{"@type":"PropertyValueSpecification","valueRequired":true,"valueName":"search_term_string"}}],"inLanguage":"es"},{"@type":"Organization","@id":"https:\/\/infoecos.com.ar\/#organization","name":"Infoecos","alternateName":"Noticias","url":"https:\/\/infoecos.com.ar\/","logo":{"@type":"ImageObject","inLanguage":"es","@id":"https:\/\/infoecos.com.ar\/#\/schema\/logo\/image\/","url":"https:\/\/infoecos.com.ar\/wp-content\/uploads\/2024\/03\/cropped-logo.png","contentUrl":"https:\/\/infoecos.com.ar\/wp-content\/uploads\/2024\/03\/cropped-logo.png","width":374,"height":90,"caption":"Infoecos"},"image":{"@id":"https:\/\/infoecos.com.ar\/#\/schema\/logo\/image\/"},"sameAs":["https:\/\/www.facebook.com\/profile.php?id=100063200290284","https:\/\/x.com\/infoecos"]},{"@type":"Person","@id":"https:\/\/infoecos.com.ar\/#\/schema\/person\/8f5ace5ce73b4b4aac4b7245aee6f191","name":"Jorge Matheus","url":"https:\/\/infoecos.com.ar\/index.php\/author\/jomatheus\/"}]}},"featured_image_urls":{"full":["https:\/\/infoecos.com.ar\/wp-content\/uploads\/2022\/04\/lucio-dupuy-asesinato.jpg",1000,563,false],"thumbnail":["https:\/\/infoecos.com.ar\/wp-content\/uploads\/2022\/04\/lucio-dupuy-asesinato-150x150.jpg",150,150,true],"medium":["https:\/\/infoecos.com.ar\/wp-content\/uploads\/2022\/04\/lucio-dupuy-asesinato-460x259.jpg",460,259,true],"medium_large":["https:\/\/infoecos.com.ar\/wp-content\/uploads\/2022\/04\/lucio-dupuy-asesinato-768x432.jpg",640,360,true],"large":["https:\/\/infoecos.com.ar\/wp-content\/uploads\/2022\/04\/lucio-dupuy-asesinato-920x518.jpg",640,360,true],"1536x1536":["https:\/\/infoecos.com.ar\/wp-content\/uploads\/2022\/04\/lucio-dupuy-asesinato.jpg",1000,563,false],"2048x2048":["https:\/\/infoecos.com.ar\/wp-content\/uploads\/2022\/04\/lucio-dupuy-asesinato.jpg",1000,563,false],"covernews-slider-full":["https:\/\/infoecos.com.ar\/wp-content\/uploads\/2022\/04\/lucio-dupuy-asesinato.jpg",1000,563,false],"covernews-slider-center":["https:\/\/infoecos.com.ar\/wp-content\/uploads\/2022\/04\/lucio-dupuy-asesinato-936x563.jpg",800,481,true],"covernews-featured":["https:\/\/infoecos.com.ar\/wp-content\/uploads\/2022\/04\/lucio-dupuy-asesinato.jpg",1000,563,false],"covernews-medium":["https:\/\/infoecos.com.ar\/wp-content\/uploads\/2022\/04\/lucio-dupuy-asesinato-720x380.jpg",540,285,true],"covernews-medium-square":["https:\/\/infoecos.com.ar\/wp-content\/uploads\/2022\/04\/lucio-dupuy-asesinato-675x450.jpg",375,250,true]},"author_info":{"info":["Jorge Matheus"]},"category_info":"<a href=\"https:\/\/infoecos.com.ar\/index.php\/category\/noticia-principal\/\" rel=\"category tag\">Noticia Principal<\/a>","tag_info":"Noticia Principal","comment_count":"0","_links":{"self":[{"href":"https:\/\/infoecos.com.ar\/index.php\/wp-json\/wp\/v2\/posts\/101370"}],"collection":[{"href":"https:\/\/infoecos.com.ar\/index.php\/wp-json\/wp\/v2\/posts"}],"about":[{"href":"https:\/\/infoecos.com.ar\/index.php\/wp-json\/wp\/v2\/types\/post"}],"author":[{"embeddable":true,"href":"https:\/\/infoecos.com.ar\/index.php\/wp-json\/wp\/v2\/users\/2"}],"replies":[{"embeddable":true,"href":"https:\/\/infoecos.com.ar\/index.php\/wp-json\/wp\/v2\/comments?post=101370"}],"version-history":[{"count":3,"href":"https:\/\/infoecos.com.ar\/index.php\/wp-json\/wp\/v2\/posts\/101370\/revisions"}],"predecessor-version":[{"id":101376,"href":"https:\/\/infoecos.com.ar\/index.php\/wp-json\/wp\/v2\/posts\/101370\/revisions\/101376"}],"wp:featuredmedia":[{"embeddable":true,"href":"https:\/\/infoecos.com.ar\/index.php\/wp-json\/wp\/v2\/media\/90802"}],"wp:attachment":[{"href":"https:\/\/infoecos.com.ar\/index.php\/wp-json\/wp\/v2\/media?parent=101370"}],"wp:term":[{"taxonomy":"category","embeddable":true,"href":"https:\/\/infoecos.com.ar\/index.php\/wp-json\/wp\/v2\/categories?post=101370"},{"taxonomy":"post_tag","embeddable":true,"href":"https:\/\/infoecos.com.ar\/index.php\/wp-json\/wp\/v2\/tags?post=101370"}],"curies":[{"name":"wp","href":"https:\/\/api.w.org\/{rel}","templated":true}]}}