{"id":101382,"date":"2023-02-02T13:04:06","date_gmt":"2023-02-02T16:04:06","guid":{"rendered":"https:\/\/infoecos.com.ar\/?p=101382"},"modified":"2023-02-07T09:55:21","modified_gmt":"2023-02-07T12:55:21","slug":"por-fin-lucio-va-a-poder-descansar-en-paz-dijo-el-abogado-querellante-del-caso-jose-aguerrido","status":"publish","type":"post","link":"https:\/\/infoecos.com.ar\/index.php\/por-fin-lucio-va-a-poder-descansar-en-paz-dijo-el-abogado-querellante-del-caso-jose-aguerrido\/","title":{"rendered":"\u00abPor fin Lucio va a poder descansar en paz\u00bb, dijo el abogado querellante del caso, Jos\u00e9 Aguerrido"},"content":{"rendered":"\n<p>\u00abEstoy relativamente conforme pero dimos el primer paso con \u00e9xito\u00bb,&nbsp;resalt\u00f3 este jueves al mediod\u00eda, el abogado querellante, Jos\u00e9 Mario Aguerrido, despu\u00e9s de conocida la parte resolutiva de la sentencia contra Magdalena Esp\u00f3sito Valenti y su novia Abigail P\u00e1ez por el crimen de Lucio Abel Dupuy.&nbsp;<\/p>\n\n\n\n<figure class=\"wp-block-image aligncenter size-full is-resized\"><img loading=\"lazy\" decoding=\"async\" src=\"https:\/\/infoecos.com.ar\/wp-content\/uploads\/2023\/02\/image-24.png\" alt=\"\" class=\"wp-image-101383\" width=\"592\" height=\"334\" srcset=\"https:\/\/infoecos.com.ar\/wp-content\/uploads\/2023\/02\/image-24.png 1121w, https:\/\/infoecos.com.ar\/wp-content\/uploads\/2023\/02\/image-24-800x452.png 800w, https:\/\/infoecos.com.ar\/wp-content\/uploads\/2023\/02\/image-24-768x434.png 768w, https:\/\/infoecos.com.ar\/wp-content\/uploads\/2023\/02\/image-24-1024x578.png 1024w\" sizes=\"(max-width: 592px) 100vw, 592px\" \/><figcaption class=\"wp-element-caption\"> Jos\u00e9 Mario Aguerrido<\/figcaption><\/figure>\n\n\n\n<p>Aguerrido dialog\u00f3 con Jorge Rial y Mauro Federico del programa \u00abArgenzuela\u00bb por RADIO 10, y dijo que le llam\u00f3 la atenci\u00f3n que los jueces no tengan en cuenta el odio de g\u00e9nero ni el abuso sexual por parte de la madre del ni\u00f1o.&nbsp;<\/p>\n\n\n\n<p>\u00abDe todas maneras es muy dif\u00edcil no emocionarme, ahora por fin Lucio va a poder descansar en paz\u00bb, exclam\u00f3 el abogado defensor de la familia paterna de Lucio.&nbsp;<\/p>\n\n\n\n<p>Y ampli\u00f3: \u00abPodr\u00e1 haber cuestiones si la sentencia nos gusta m\u00e1s o menos pero ya tenemos un poco m\u00e1s de claridad y este chiquit\u00edn se merece descansar en paz y eso me genera mucha tranquilidad\u00bb.&nbsp;<\/p>\n\n\n\n<p>-\u00bfLa sentencia lo deja conforme?<\/p>\n\n\n\n<p>-Me llam\u00f3 la atenci\u00f3n que no se contemple el abuso sexual agravado para la madre pero el tribunal se merece su respeto, estoy relativamente conforme porque consideramos que dimos el primer paso con \u00e9xito. El superh\u00e9roe ahora va a poder descansar en paz.&nbsp;<\/p>\n","protected":false},"excerpt":{"rendered":"<p>Aguerrido dialog\u00f3 con Jorge Rial y Mauro Federico del programa \u00abArgenzuela\u00bb por RADIO 10 y que difunde el diario La Arena de Santa Rosa<\/p>\n","protected":false},"author":2,"featured_media":101383,"comment_status":"closed","ping_status":"open","sticky":false,"template":"","format":"standard","meta":{"footnotes":""},"categories":[201],"tags":[7243],"class_list":["post-101382","post","type-post","status-publish","format-standard","has-post-thumbnail","hentry","category-inferior9","tag-declaraciones-a-radio-10"],"yoast_head":"<!-- This site is optimized with the Yoast SEO plugin v23.4 - https:\/\/yoast.com\/wordpress\/plugins\/seo\/ -->\n<title>&quot;Por fin Lucio va a poder descansar en paz&quot;, dijo el abogado querellante del caso, Jos\u00e9 Aguerrido - Infoecos<\/title>\n<meta name=\"robots\" content=\"index, follow, max-snippet:-1, max-image-preview:large, max-video-preview:-1\" \/>\n<link rel=\"canonical\" href=\"https:\/\/infoecos.com.ar\/index.php\/por-fin-lucio-va-a-poder-descansar-en-paz-dijo-el-abogado-querellante-del-caso-jose-aguerrido\/\" \/>\n<meta property=\"og:locale\" content=\"es_ES\" \/>\n<meta property=\"og:type\" content=\"article\" \/>\n<meta property=\"og:title\" content=\"&quot;Por fin Lucio va a poder descansar en paz&quot;, dijo el abogado querellante del caso, Jos\u00e9 Aguerrido - Infoecos\" \/>\n<meta property=\"og:description\" content=\"Aguerrido dialog\u00f3 con Jorge Rial y Mauro Federico del programa &quot;Argenzuela&quot; por RADIO 10 y que difunde el diario La Arena de Santa Rosa\" \/>\n<meta property=\"og:url\" content=\"https:\/\/infoecos.com.ar\/index.php\/por-fin-lucio-va-a-poder-descansar-en-paz-dijo-el-abogado-querellante-del-caso-jose-aguerrido\/\" \/>\n<meta property=\"og:site_name\" content=\"Infoecos\" \/>\n<meta property=\"article:publisher\" content=\"https:\/\/www.facebook.com\/profile.php?id=100063200290284\" \/>\n<meta property=\"article:published_time\" content=\"2023-02-02T16:04:06+00:00\" \/>\n<meta property=\"article:modified_time\" content=\"2023-02-07T12:55:21+00:00\" \/>\n<meta property=\"og:image\" content=\"https:\/\/infoecos.com.ar\/wp-content\/uploads\/2023\/02\/image-24.png\" \/>\n\t<meta property=\"og:image:width\" content=\"1121\" \/>\n\t<meta property=\"og:image:height\" content=\"633\" \/>\n\t<meta property=\"og:image:type\" content=\"image\/png\" \/>\n<meta name=\"author\" content=\"Jorge Matheus\" \/>\n<meta name=\"twitter:card\" content=\"summary_large_image\" \/>\n<meta name=\"twitter:creator\" content=\"@infoecos\" \/>\n<meta name=\"twitter:site\" content=\"@infoecos\" \/>\n<meta name=\"twitter:label1\" content=\"Escrito por\" \/>\n\t<meta name=\"twitter:data1\" content=\"Jorge Matheus\" \/>\n\t<meta name=\"twitter:label2\" content=\"Tiempo de lectura\" \/>\n\t<meta name=\"twitter:data2\" content=\"2 minutos\" \/>\n<script type=\"application\/ld+json\" class=\"yoast-schema-graph\">{\"@context\":\"https:\/\/schema.org\",\"@graph\":[{\"@type\":\"Article\",\"@id\":\"https:\/\/infoecos.com.ar\/index.php\/por-fin-lucio-va-a-poder-descansar-en-paz-dijo-el-abogado-querellante-del-caso-jose-aguerrido\/#article\",\"isPartOf\":{\"@id\":\"https:\/\/infoecos.com.ar\/index.php\/por-fin-lucio-va-a-poder-descansar-en-paz-dijo-el-abogado-querellante-del-caso-jose-aguerrido\/\"},\"author\":{\"name\":\"Jorge Matheus\",\"@id\":\"https:\/\/infoecos.com.ar\/#\/schema\/person\/8f5ace5ce73b4b4aac4b7245aee6f191\"},\"headline\":\"\u00abPor fin Lucio va a poder descansar en paz\u00bb, dijo el abogado querellante del caso, Jos\u00e9 Aguerrido\",\"datePublished\":\"2023-02-02T16:04:06+00:00\",\"dateModified\":\"2023-02-07T12:55:21+00:00\",\"mainEntityOfPage\":{\"@id\":\"https:\/\/infoecos.com.ar\/index.php\/por-fin-lucio-va-a-poder-descansar-en-paz-dijo-el-abogado-querellante-del-caso-jose-aguerrido\/\"},\"wordCount\":239,\"publisher\":{\"@id\":\"https:\/\/infoecos.com.ar\/#organization\"},\"image\":{\"@id\":\"https:\/\/infoecos.com.ar\/index.php\/por-fin-lucio-va-a-poder-descansar-en-paz-dijo-el-abogado-querellante-del-caso-jose-aguerrido\/#primaryimage\"},\"thumbnailUrl\":\"https:\/\/infoecos.com.ar\/wp-content\/uploads\/2023\/02\/image-24.png\",\"keywords\":[\"DECLARACIONES A RADIO 10\"],\"articleSection\":[\"Bloque inferior - 9\"],\"inLanguage\":\"es\"},{\"@type\":\"WebPage\",\"@id\":\"https:\/\/infoecos.com.ar\/index.php\/por-fin-lucio-va-a-poder-descansar-en-paz-dijo-el-abogado-querellante-del-caso-jose-aguerrido\/\",\"url\":\"https:\/\/infoecos.com.ar\/index.php\/por-fin-lucio-va-a-poder-descansar-en-paz-dijo-el-abogado-querellante-del-caso-jose-aguerrido\/\",\"name\":\"\\\"Por fin Lucio va a poder descansar en paz\\\", dijo el abogado querellante del caso, Jos\u00e9 Aguerrido - Infoecos\",\"isPartOf\":{\"@id\":\"https:\/\/infoecos.com.ar\/#website\"},\"primaryImageOfPage\":{\"@id\":\"https:\/\/infoecos.com.ar\/index.php\/por-fin-lucio-va-a-poder-descansar-en-paz-dijo-el-abogado-querellante-del-caso-jose-aguerrido\/#primaryimage\"},\"image\":{\"@id\":\"https:\/\/infoecos.com.ar\/index.php\/por-fin-lucio-va-a-poder-descansar-en-paz-dijo-el-abogado-querellante-del-caso-jose-aguerrido\/#primaryimage\"},\"thumbnailUrl\":\"https:\/\/infoecos.com.ar\/wp-content\/uploads\/2023\/02\/image-24.png\",\"datePublished\":\"2023-02-02T16:04:06+00:00\",\"dateModified\":\"2023-02-07T12:55:21+00:00\",\"breadcrumb\":{\"@id\":\"https:\/\/infoecos.com.ar\/index.php\/por-fin-lucio-va-a-poder-descansar-en-paz-dijo-el-abogado-querellante-del-caso-jose-aguerrido\/#breadcrumb\"},\"inLanguage\":\"es\",\"potentialAction\":[{\"@type\":\"ReadAction\",\"target\":[\"https:\/\/infoecos.com.ar\/index.php\/por-fin-lucio-va-a-poder-descansar-en-paz-dijo-el-abogado-querellante-del-caso-jose-aguerrido\/\"]}]},{\"@type\":\"ImageObject\",\"inLanguage\":\"es\",\"@id\":\"https:\/\/infoecos.com.ar\/index.php\/por-fin-lucio-va-a-poder-descansar-en-paz-dijo-el-abogado-querellante-del-caso-jose-aguerrido\/#primaryimage\",\"url\":\"https:\/\/infoecos.com.ar\/wp-content\/uploads\/2023\/02\/image-24.png\",\"contentUrl\":\"https:\/\/infoecos.com.ar\/wp-content\/uploads\/2023\/02\/image-24.png\",\"width\":1121,\"height\":633},{\"@type\":\"BreadcrumbList\",\"@id\":\"https:\/\/infoecos.com.ar\/index.php\/por-fin-lucio-va-a-poder-descansar-en-paz-dijo-el-abogado-querellante-del-caso-jose-aguerrido\/#breadcrumb\",\"itemListElement\":[{\"@type\":\"ListItem\",\"position\":1,\"name\":\"Portada\",\"item\":\"https:\/\/infoecos.com.ar\/\"},{\"@type\":\"ListItem\",\"position\":2,\"name\":\"\u00abPor fin Lucio va a poder descansar en paz\u00bb, dijo el abogado querellante del caso, Jos\u00e9 Aguerrido\"}]},{\"@type\":\"WebSite\",\"@id\":\"https:\/\/infoecos.com.ar\/#website\",\"url\":\"https:\/\/infoecos.com.ar\/\",\"name\":\"Infoecos\",\"description\":\"Noticias de trenque lauquen y la zona\",\"publisher\":{\"@id\":\"https:\/\/infoecos.com.ar\/#organization\"},\"alternateName\":\"Noticias\",\"potentialAction\":[{\"@type\":\"SearchAction\",\"target\":{\"@type\":\"EntryPoint\",\"urlTemplate\":\"https:\/\/infoecos.com.ar\/?s={search_term_string}\"},\"query-input\":{\"@type\":\"PropertyValueSpecification\",\"valueRequired\":true,\"valueName\":\"search_term_string\"}}],\"inLanguage\":\"es\"},{\"@type\":\"Organization\",\"@id\":\"https:\/\/infoecos.com.ar\/#organization\",\"name\":\"Infoecos\",\"alternateName\":\"Noticias\",\"url\":\"https:\/\/infoecos.com.ar\/\",\"logo\":{\"@type\":\"ImageObject\",\"inLanguage\":\"es\",\"@id\":\"https:\/\/infoecos.com.ar\/#\/schema\/logo\/image\/\",\"url\":\"https:\/\/infoecos.com.ar\/wp-content\/uploads\/2024\/03\/cropped-logo.png\",\"contentUrl\":\"https:\/\/infoecos.com.ar\/wp-content\/uploads\/2024\/03\/cropped-logo.png\",\"width\":374,\"height\":90,\"caption\":\"Infoecos\"},\"image\":{\"@id\":\"https:\/\/infoecos.com.ar\/#\/schema\/logo\/image\/\"},\"sameAs\":[\"https:\/\/www.facebook.com\/profile.php?id=100063200290284\",\"https:\/\/x.com\/infoecos\"]},{\"@type\":\"Person\",\"@id\":\"https:\/\/infoecos.com.ar\/#\/schema\/person\/8f5ace5ce73b4b4aac4b7245aee6f191\",\"name\":\"Jorge Matheus\",\"url\":\"https:\/\/infoecos.com.ar\/index.php\/author\/jomatheus\/\"}]}<\/script>\n<!-- \/ Yoast SEO plugin. -->","yoast_head_json":{"title":"\"Por fin Lucio va a poder descansar en paz\", dijo el abogado querellante del caso, Jos\u00e9 Aguerrido - Infoecos","robots":{"index":"index","follow":"follow","max-snippet":"max-snippet:-1","max-image-preview":"max-image-preview:large","max-video-preview":"max-video-preview:-1"},"canonical":"https:\/\/infoecos.com.ar\/index.php\/por-fin-lucio-va-a-poder-descansar-en-paz-dijo-el-abogado-querellante-del-caso-jose-aguerrido\/","og_locale":"es_ES","og_type":"article","og_title":"\"Por fin Lucio va a poder descansar en paz\", dijo el abogado querellante del caso, Jos\u00e9 Aguerrido - Infoecos","og_description":"Aguerrido dialog\u00f3 con Jorge Rial y Mauro Federico del programa \"Argenzuela\" por RADIO 10 y que difunde el diario La Arena de Santa Rosa","og_url":"https:\/\/infoecos.com.ar\/index.php\/por-fin-lucio-va-a-poder-descansar-en-paz-dijo-el-abogado-querellante-del-caso-jose-aguerrido\/","og_site_name":"Infoecos","article_publisher":"https:\/\/www.facebook.com\/profile.php?id=100063200290284","article_published_time":"2023-02-02T16:04:06+00:00","article_modified_time":"2023-02-07T12:55:21+00:00","og_image":[{"width":1121,"height":633,"url":"https:\/\/infoecos.com.ar\/wp-content\/uploads\/2023\/02\/image-24.png","type":"image\/png"}],"author":"Jorge Matheus","twitter_card":"summary_large_image","twitter_creator":"@infoecos","twitter_site":"@infoecos","twitter_misc":{"Escrito por":"Jorge Matheus","Tiempo de lectura":"2 minutos"},"schema":{"@context":"https:\/\/schema.org","@graph":[{"@type":"Article","@id":"https:\/\/infoecos.com.ar\/index.php\/por-fin-lucio-va-a-poder-descansar-en-paz-dijo-el-abogado-querellante-del-caso-jose-aguerrido\/#article","isPartOf":{"@id":"https:\/\/infoecos.com.ar\/index.php\/por-fin-lucio-va-a-poder-descansar-en-paz-dijo-el-abogado-querellante-del-caso-jose-aguerrido\/"},"author":{"name":"Jorge Matheus","@id":"https:\/\/infoecos.com.ar\/#\/schema\/person\/8f5ace5ce73b4b4aac4b7245aee6f191"},"headline":"\u00abPor fin Lucio va a poder descansar en paz\u00bb, dijo el abogado querellante del caso, Jos\u00e9 Aguerrido","datePublished":"2023-02-02T16:04:06+00:00","dateModified":"2023-02-07T12:55:21+00:00","mainEntityOfPage":{"@id":"https:\/\/infoecos.com.ar\/index.php\/por-fin-lucio-va-a-poder-descansar-en-paz-dijo-el-abogado-querellante-del-caso-jose-aguerrido\/"},"wordCount":239,"publisher":{"@id":"https:\/\/infoecos.com.ar\/#organization"},"image":{"@id":"https:\/\/infoecos.com.ar\/index.php\/por-fin-lucio-va-a-poder-descansar-en-paz-dijo-el-abogado-querellante-del-caso-jose-aguerrido\/#primaryimage"},"thumbnailUrl":"https:\/\/infoecos.com.ar\/wp-content\/uploads\/2023\/02\/image-24.png","keywords":["DECLARACIONES A RADIO 10"],"articleSection":["Bloque inferior - 9"],"inLanguage":"es"},{"@type":"WebPage","@id":"https:\/\/infoecos.com.ar\/index.php\/por-fin-lucio-va-a-poder-descansar-en-paz-dijo-el-abogado-querellante-del-caso-jose-aguerrido\/","url":"https:\/\/infoecos.com.ar\/index.php\/por-fin-lucio-va-a-poder-descansar-en-paz-dijo-el-abogado-querellante-del-caso-jose-aguerrido\/","name":"\"Por fin Lucio va a poder descansar en paz\", dijo el abogado querellante del caso, Jos\u00e9 Aguerrido - Infoecos","isPartOf":{"@id":"https:\/\/infoecos.com.ar\/#website"},"primaryImageOfPage":{"@id":"https:\/\/infoecos.com.ar\/index.php\/por-fin-lucio-va-a-poder-descansar-en-paz-dijo-el-abogado-querellante-del-caso-jose-aguerrido\/#primaryimage"},"image":{"@id":"https:\/\/infoecos.com.ar\/index.php\/por-fin-lucio-va-a-poder-descansar-en-paz-dijo-el-abogado-querellante-del-caso-jose-aguerrido\/#primaryimage"},"thumbnailUrl":"https:\/\/infoecos.com.ar\/wp-content\/uploads\/2023\/02\/image-24.png","datePublished":"2023-02-02T16:04:06+00:00","dateModified":"2023-02-07T12:55:21+00:00","breadcrumb":{"@id":"https:\/\/infoecos.com.ar\/index.php\/por-fin-lucio-va-a-poder-descansar-en-paz-dijo-el-abogado-querellante-del-caso-jose-aguerrido\/#breadcrumb"},"inLanguage":"es","potentialAction":[{"@type":"ReadAction","target":["https:\/\/infoecos.com.ar\/index.php\/por-fin-lucio-va-a-poder-descansar-en-paz-dijo-el-abogado-querellante-del-caso-jose-aguerrido\/"]}]},{"@type":"ImageObject","inLanguage":"es","@id":"https:\/\/infoecos.com.ar\/index.php\/por-fin-lucio-va-a-poder-descansar-en-paz-dijo-el-abogado-querellante-del-caso-jose-aguerrido\/#primaryimage","url":"https:\/\/infoecos.com.ar\/wp-content\/uploads\/2023\/02\/image-24.png","contentUrl":"https:\/\/infoecos.com.ar\/wp-content\/uploads\/2023\/02\/image-24.png","width":1121,"height":633},{"@type":"BreadcrumbList","@id":"https:\/\/infoecos.com.ar\/index.php\/por-fin-lucio-va-a-poder-descansar-en-paz-dijo-el-abogado-querellante-del-caso-jose-aguerrido\/#breadcrumb","itemListElement":[{"@type":"ListItem","position":1,"name":"Portada","item":"https:\/\/infoecos.com.ar\/"},{"@type":"ListItem","position":2,"name":"\u00abPor fin Lucio va a poder descansar en paz\u00bb, dijo el abogado querellante del caso, Jos\u00e9 Aguerrido"}]},{"@type":"WebSite","@id":"https:\/\/infoecos.com.ar\/#website","url":"https:\/\/infoecos.com.ar\/","name":"Infoecos","description":"Noticias de trenque lauquen y la zona","publisher":{"@id":"https:\/\/infoecos.com.ar\/#organization"},"alternateName":"Noticias","potentialAction":[{"@type":"SearchAction","target":{"@type":"EntryPoint","urlTemplate":"https:\/\/infoecos.com.ar\/?s={search_term_string}"},"query-input":{"@type":"PropertyValueSpecification","valueRequired":true,"valueName":"search_term_string"}}],"inLanguage":"es"},{"@type":"Organization","@id":"https:\/\/infoecos.com.ar\/#organization","name":"Infoecos","alternateName":"Noticias","url":"https:\/\/infoecos.com.ar\/","logo":{"@type":"ImageObject","inLanguage":"es","@id":"https:\/\/infoecos.com.ar\/#\/schema\/logo\/image\/","url":"https:\/\/infoecos.com.ar\/wp-content\/uploads\/2024\/03\/cropped-logo.png","contentUrl":"https:\/\/infoecos.com.ar\/wp-content\/uploads\/2024\/03\/cropped-logo.png","width":374,"height":90,"caption":"Infoecos"},"image":{"@id":"https:\/\/infoecos.com.ar\/#\/schema\/logo\/image\/"},"sameAs":["https:\/\/www.facebook.com\/profile.php?id=100063200290284","https:\/\/x.com\/infoecos"]},{"@type":"Person","@id":"https:\/\/infoecos.com.ar\/#\/schema\/person\/8f5ace5ce73b4b4aac4b7245aee6f191","name":"Jorge Matheus","url":"https:\/\/infoecos.com.ar\/index.php\/author\/jomatheus\/"}]}},"featured_image_urls":{"full":["https:\/\/infoecos.com.ar\/wp-content\/uploads\/2023\/02\/image-24.png",1121,633,false],"thumbnail":["https:\/\/infoecos.com.ar\/wp-content\/uploads\/2023\/02\/image-24-300x150.png",300,150,true],"medium":["https:\/\/infoecos.com.ar\/wp-content\/uploads\/2023\/02\/image-24-800x452.png",800,452,true],"medium_large":["https:\/\/infoecos.com.ar\/wp-content\/uploads\/2023\/02\/image-24-768x434.png",640,362,true],"large":["https:\/\/infoecos.com.ar\/wp-content\/uploads\/2023\/02\/image-24.png",640,361,false],"1536x1536":["https:\/\/infoecos.com.ar\/wp-content\/uploads\/2023\/02\/image-24.png",1121,633,false],"2048x2048":["https:\/\/infoecos.com.ar\/wp-content\/uploads\/2023\/02\/image-24.png",1121,633,false],"covernews-slider-full":["https:\/\/infoecos.com.ar\/wp-content\/uploads\/2023\/02\/image-24.png",1115,630,false],"covernews-slider-center":["https:\/\/infoecos.com.ar\/wp-content\/uploads\/2023\/02\/image-24-936x633.png",739,500,true],"covernews-featured":["https:\/\/infoecos.com.ar\/wp-content\/uploads\/2023\/02\/image-24-1024x578.png",1024,578,true],"covernews-medium":["https:\/\/infoecos.com.ar\/wp-content\/uploads\/2023\/02\/image-24-720x380.png",540,285,true],"covernews-medium-square":["https:\/\/infoecos.com.ar\/wp-content\/uploads\/2023\/02\/image-24-675x450.png",375,250,true]},"author_info":{"info":["Jorge Matheus"]},"category_info":"<a href=\"https:\/\/infoecos.com.ar\/index.php\/category\/inferior9\/\" rel=\"category tag\">Bloque inferior - 9<\/a>","tag_info":"Bloque inferior - 9","comment_count":"0","_links":{"self":[{"href":"https:\/\/infoecos.com.ar\/index.php\/wp-json\/wp\/v2\/posts\/101382"}],"collection":[{"href":"https:\/\/infoecos.com.ar\/index.php\/wp-json\/wp\/v2\/posts"}],"about":[{"href":"https:\/\/infoecos.com.ar\/index.php\/wp-json\/wp\/v2\/types\/post"}],"author":[{"embeddable":true,"href":"https:\/\/infoecos.com.ar\/index.php\/wp-json\/wp\/v2\/users\/2"}],"replies":[{"embeddable":true,"href":"https:\/\/infoecos.com.ar\/index.php\/wp-json\/wp\/v2\/comments?post=101382"}],"version-history":[{"count":2,"href":"https:\/\/infoecos.com.ar\/index.php\/wp-json\/wp\/v2\/posts\/101382\/revisions"}],"predecessor-version":[{"id":101410,"href":"https:\/\/infoecos.com.ar\/index.php\/wp-json\/wp\/v2\/posts\/101382\/revisions\/101410"}],"wp:featuredmedia":[{"embeddable":true,"href":"https:\/\/infoecos.com.ar\/index.php\/wp-json\/wp\/v2\/media\/101383"}],"wp:attachment":[{"href":"https:\/\/infoecos.com.ar\/index.php\/wp-json\/wp\/v2\/media?parent=101382"}],"wp:term":[{"taxonomy":"category","embeddable":true,"href":"https:\/\/infoecos.com.ar\/index.php\/wp-json\/wp\/v2\/categories?post=101382"},{"taxonomy":"post_tag","embeddable":true,"href":"https:\/\/infoecos.com.ar\/index.php\/wp-json\/wp\/v2\/tags?post=101382"}],"curies":[{"name":"wp","href":"https:\/\/api.w.org\/{rel}","templated":true}]}}