{"id":101385,"date":"2023-02-02T13:18:43","date_gmt":"2023-02-02T16:18:43","guid":{"rendered":"https:\/\/infoecos.com.ar\/?p=101385"},"modified":"2023-02-07T09:56:13","modified_gmt":"2023-02-07T12:56:13","slug":"la-hermana-martha-pelloni-considero-que-la-sentencia-debe-ser-prision-perpetua","status":"publish","type":"post","link":"https:\/\/infoecos.com.ar\/index.php\/la-hermana-martha-pelloni-considero-que-la-sentencia-debe-ser-prision-perpetua\/","title":{"rendered":"La hermana Martha Pelloni consider\u00f3 que la sentencia debe ser prisi\u00f3n perpetua"},"content":{"rendered":"\n<p>\u00abEste ser\u00e1 un caso que marcar\u00e1 un precedente en la Justicia argentina\u00bb, dijo la hermana Martha Pelloni, quien se encuentra en Santa Rosa para presenciar la sentencia por el crimen de Lucio Dupuy. Dijo que las detenidas merecen perpetua pero que&nbsp; \u00abnadie nace violento\u00bb sino que se \u00abdebe desaprender\u00bb.&nbsp;<\/p>\n\n\n\n<figure class=\"wp-block-image aligncenter size-full is-resized\"><img loading=\"lazy\" decoding=\"async\" src=\"https:\/\/infoecos.com.ar\/wp-content\/uploads\/2023\/02\/image-25.png\" alt=\"\" class=\"wp-image-101386\" width=\"551\" height=\"311\" srcset=\"https:\/\/infoecos.com.ar\/wp-content\/uploads\/2023\/02\/image-25.png 1121w, https:\/\/infoecos.com.ar\/wp-content\/uploads\/2023\/02\/image-25-800x452.png 800w, https:\/\/infoecos.com.ar\/wp-content\/uploads\/2023\/02\/image-25-768x434.png 768w, https:\/\/infoecos.com.ar\/wp-content\/uploads\/2023\/02\/image-25-1024x578.png 1024w\" sizes=\"(max-width: 551px) 100vw, 551px\" \/><figcaption class=\"wp-element-caption\"> Martha Pelloni &#8211; Diario La Arena de Santa Rosa<\/figcaption><\/figure>\n\n\n\n<p>Pelloni, integrante de la asociaci\u00f3n Red de Infancia Robada,&nbsp;dialog\u00f3 con el periodista de EL AIRE DE LA MA\u00d1ANA (RADIO NOTICIAS 99.5), Fabricio Coller.<\/p>\n\n\n\n<p>Pelloni, integrante de la asociaci\u00f3n Red de Infancia Robada,&nbsp;dialog\u00f3 con el periodista de EL AIRE DE LA MA\u00d1ANA (RADIO NOTICIAS 99.5), Fabricio Coller.<\/p>\n\n\n\n<p>Pelloni se\u00f1al\u00f3 que Magdalena Esp\u00f3sito Valenti y Abigail P\u00e1ez tuvieron una actitud \u00abpatol\u00f3gica, de perversi\u00f3n y sadismo por lo que deben recibir prisi\u00f3n perpetua\u00bb.&nbsp;<\/p>\n\n\n\n<p>Para la monja, \u00ablos chicos nunca son violentos sino que la violencia se aprende, nadie naci\u00f3 violento o pac\u00edfico\u00bb.&nbsp;<\/p>\n\n\n\n<p>Las detenidas, complet\u00f3 Pelloni, \u00abcrecieron en la violencia por lo que este ser\u00e1 un caso que marcar\u00e1 un precedente\u00bb.&nbsp;<\/p>\n","protected":false},"excerpt":{"rendered":"<p>Pelloni, integrante de la asociaci\u00f3n Red de Infancia Robada,\u00a0dialog\u00f3 con el periodista de EL AIRE DE LA MA\u00d1ANA (RADIO NOTICIAS 99.5), Fabricio Coller, en Santa Rosa<\/p>\n","protected":false},"author":2,"featured_media":101386,"comment_status":"closed","ping_status":"open","sticky":false,"template":"","format":"standard","meta":{"footnotes":""},"categories":[1331],"tags":[7244],"class_list":["post-101385","post","type-post","status-publish","format-standard","has-post-thumbnail","hentry","category-inferior11","tag-caso-lucio-dupuy-2"],"yoast_head":"<!-- This site is optimized with the Yoast SEO plugin v23.4 - https:\/\/yoast.com\/wordpress\/plugins\/seo\/ -->\n<title>La hermana Martha Pelloni consider\u00f3 que la sentencia debe ser prisi\u00f3n perpetua - Infoecos<\/title>\n<meta name=\"robots\" content=\"index, follow, max-snippet:-1, max-image-preview:large, max-video-preview:-1\" \/>\n<link rel=\"canonical\" href=\"https:\/\/infoecos.com.ar\/index.php\/la-hermana-martha-pelloni-considero-que-la-sentencia-debe-ser-prision-perpetua\/\" \/>\n<meta property=\"og:locale\" content=\"es_ES\" \/>\n<meta property=\"og:type\" content=\"article\" \/>\n<meta property=\"og:title\" content=\"La hermana Martha Pelloni consider\u00f3 que la sentencia debe ser prisi\u00f3n perpetua - Infoecos\" \/>\n<meta property=\"og:description\" content=\"Pelloni, integrante de la asociaci\u00f3n Red de Infancia Robada,\u00a0dialog\u00f3 con el periodista de EL AIRE DE LA MA\u00d1ANA (RADIO NOTICIAS 99.5), Fabricio Coller, en Santa Rosa\" \/>\n<meta property=\"og:url\" content=\"https:\/\/infoecos.com.ar\/index.php\/la-hermana-martha-pelloni-considero-que-la-sentencia-debe-ser-prision-perpetua\/\" \/>\n<meta property=\"og:site_name\" content=\"Infoecos\" \/>\n<meta property=\"article:publisher\" content=\"https:\/\/www.facebook.com\/profile.php?id=100063200290284\" \/>\n<meta property=\"article:published_time\" content=\"2023-02-02T16:18:43+00:00\" \/>\n<meta property=\"article:modified_time\" content=\"2023-02-07T12:56:13+00:00\" \/>\n<meta property=\"og:image\" content=\"https:\/\/infoecos.com.ar\/wp-content\/uploads\/2023\/02\/image-25.png\" \/>\n\t<meta property=\"og:image:width\" content=\"1121\" \/>\n\t<meta property=\"og:image:height\" content=\"633\" \/>\n\t<meta property=\"og:image:type\" content=\"image\/png\" \/>\n<meta name=\"author\" content=\"Jorge Matheus\" \/>\n<meta name=\"twitter:card\" content=\"summary_large_image\" \/>\n<meta name=\"twitter:creator\" content=\"@infoecos\" \/>\n<meta name=\"twitter:site\" content=\"@infoecos\" \/>\n<meta name=\"twitter:label1\" content=\"Escrito por\" \/>\n\t<meta name=\"twitter:data1\" content=\"Jorge Matheus\" \/>\n\t<meta name=\"twitter:label2\" content=\"Tiempo de lectura\" \/>\n\t<meta name=\"twitter:data2\" content=\"1 minuto\" \/>\n<script type=\"application\/ld+json\" class=\"yoast-schema-graph\">{\"@context\":\"https:\/\/schema.org\",\"@graph\":[{\"@type\":\"Article\",\"@id\":\"https:\/\/infoecos.com.ar\/index.php\/la-hermana-martha-pelloni-considero-que-la-sentencia-debe-ser-prision-perpetua\/#article\",\"isPartOf\":{\"@id\":\"https:\/\/infoecos.com.ar\/index.php\/la-hermana-martha-pelloni-considero-que-la-sentencia-debe-ser-prision-perpetua\/\"},\"author\":{\"name\":\"Jorge Matheus\",\"@id\":\"https:\/\/infoecos.com.ar\/#\/schema\/person\/8f5ace5ce73b4b4aac4b7245aee6f191\"},\"headline\":\"La hermana Martha Pelloni consider\u00f3 que la sentencia debe ser prisi\u00f3n perpetua\",\"datePublished\":\"2023-02-02T16:18:43+00:00\",\"dateModified\":\"2023-02-07T12:56:13+00:00\",\"mainEntityOfPage\":{\"@id\":\"https:\/\/infoecos.com.ar\/index.php\/la-hermana-martha-pelloni-considero-que-la-sentencia-debe-ser-prision-perpetua\/\"},\"wordCount\":197,\"publisher\":{\"@id\":\"https:\/\/infoecos.com.ar\/#organization\"},\"image\":{\"@id\":\"https:\/\/infoecos.com.ar\/index.php\/la-hermana-martha-pelloni-considero-que-la-sentencia-debe-ser-prision-perpetua\/#primaryimage\"},\"thumbnailUrl\":\"https:\/\/infoecos.com.ar\/wp-content\/uploads\/2023\/02\/image-25.png\",\"keywords\":[\"CASO LUCIO DUPUY\"],\"articleSection\":[\"Bloque inferior - 11\"],\"inLanguage\":\"es\"},{\"@type\":\"WebPage\",\"@id\":\"https:\/\/infoecos.com.ar\/index.php\/la-hermana-martha-pelloni-considero-que-la-sentencia-debe-ser-prision-perpetua\/\",\"url\":\"https:\/\/infoecos.com.ar\/index.php\/la-hermana-martha-pelloni-considero-que-la-sentencia-debe-ser-prision-perpetua\/\",\"name\":\"La hermana Martha Pelloni consider\u00f3 que la sentencia debe ser prisi\u00f3n perpetua - Infoecos\",\"isPartOf\":{\"@id\":\"https:\/\/infoecos.com.ar\/#website\"},\"primaryImageOfPage\":{\"@id\":\"https:\/\/infoecos.com.ar\/index.php\/la-hermana-martha-pelloni-considero-que-la-sentencia-debe-ser-prision-perpetua\/#primaryimage\"},\"image\":{\"@id\":\"https:\/\/infoecos.com.ar\/index.php\/la-hermana-martha-pelloni-considero-que-la-sentencia-debe-ser-prision-perpetua\/#primaryimage\"},\"thumbnailUrl\":\"https:\/\/infoecos.com.ar\/wp-content\/uploads\/2023\/02\/image-25.png\",\"datePublished\":\"2023-02-02T16:18:43+00:00\",\"dateModified\":\"2023-02-07T12:56:13+00:00\",\"breadcrumb\":{\"@id\":\"https:\/\/infoecos.com.ar\/index.php\/la-hermana-martha-pelloni-considero-que-la-sentencia-debe-ser-prision-perpetua\/#breadcrumb\"},\"inLanguage\":\"es\",\"potentialAction\":[{\"@type\":\"ReadAction\",\"target\":[\"https:\/\/infoecos.com.ar\/index.php\/la-hermana-martha-pelloni-considero-que-la-sentencia-debe-ser-prision-perpetua\/\"]}]},{\"@type\":\"ImageObject\",\"inLanguage\":\"es\",\"@id\":\"https:\/\/infoecos.com.ar\/index.php\/la-hermana-martha-pelloni-considero-que-la-sentencia-debe-ser-prision-perpetua\/#primaryimage\",\"url\":\"https:\/\/infoecos.com.ar\/wp-content\/uploads\/2023\/02\/image-25.png\",\"contentUrl\":\"https:\/\/infoecos.com.ar\/wp-content\/uploads\/2023\/02\/image-25.png\",\"width\":1121,\"height\":633},{\"@type\":\"BreadcrumbList\",\"@id\":\"https:\/\/infoecos.com.ar\/index.php\/la-hermana-martha-pelloni-considero-que-la-sentencia-debe-ser-prision-perpetua\/#breadcrumb\",\"itemListElement\":[{\"@type\":\"ListItem\",\"position\":1,\"name\":\"Portada\",\"item\":\"https:\/\/infoecos.com.ar\/\"},{\"@type\":\"ListItem\",\"position\":2,\"name\":\"La hermana Martha Pelloni consider\u00f3 que la sentencia debe ser prisi\u00f3n perpetua\"}]},{\"@type\":\"WebSite\",\"@id\":\"https:\/\/infoecos.com.ar\/#website\",\"url\":\"https:\/\/infoecos.com.ar\/\",\"name\":\"Infoecos\",\"description\":\"Noticias de trenque lauquen y la zona\",\"publisher\":{\"@id\":\"https:\/\/infoecos.com.ar\/#organization\"},\"alternateName\":\"Noticias\",\"potentialAction\":[{\"@type\":\"SearchAction\",\"target\":{\"@type\":\"EntryPoint\",\"urlTemplate\":\"https:\/\/infoecos.com.ar\/?s={search_term_string}\"},\"query-input\":{\"@type\":\"PropertyValueSpecification\",\"valueRequired\":true,\"valueName\":\"search_term_string\"}}],\"inLanguage\":\"es\"},{\"@type\":\"Organization\",\"@id\":\"https:\/\/infoecos.com.ar\/#organization\",\"name\":\"Infoecos\",\"alternateName\":\"Noticias\",\"url\":\"https:\/\/infoecos.com.ar\/\",\"logo\":{\"@type\":\"ImageObject\",\"inLanguage\":\"es\",\"@id\":\"https:\/\/infoecos.com.ar\/#\/schema\/logo\/image\/\",\"url\":\"https:\/\/infoecos.com.ar\/wp-content\/uploads\/2024\/03\/cropped-logo.png\",\"contentUrl\":\"https:\/\/infoecos.com.ar\/wp-content\/uploads\/2024\/03\/cropped-logo.png\",\"width\":374,\"height\":90,\"caption\":\"Infoecos\"},\"image\":{\"@id\":\"https:\/\/infoecos.com.ar\/#\/schema\/logo\/image\/\"},\"sameAs\":[\"https:\/\/www.facebook.com\/profile.php?id=100063200290284\",\"https:\/\/x.com\/infoecos\"]},{\"@type\":\"Person\",\"@id\":\"https:\/\/infoecos.com.ar\/#\/schema\/person\/8f5ace5ce73b4b4aac4b7245aee6f191\",\"name\":\"Jorge Matheus\",\"url\":\"https:\/\/infoecos.com.ar\/index.php\/author\/jomatheus\/\"}]}<\/script>\n<!-- \/ Yoast SEO plugin. -->","yoast_head_json":{"title":"La hermana Martha Pelloni consider\u00f3 que la sentencia debe ser prisi\u00f3n perpetua - Infoecos","robots":{"index":"index","follow":"follow","max-snippet":"max-snippet:-1","max-image-preview":"max-image-preview:large","max-video-preview":"max-video-preview:-1"},"canonical":"https:\/\/infoecos.com.ar\/index.php\/la-hermana-martha-pelloni-considero-que-la-sentencia-debe-ser-prision-perpetua\/","og_locale":"es_ES","og_type":"article","og_title":"La hermana Martha Pelloni consider\u00f3 que la sentencia debe ser prisi\u00f3n perpetua - Infoecos","og_description":"Pelloni, integrante de la asociaci\u00f3n Red de Infancia Robada,\u00a0dialog\u00f3 con el periodista de EL AIRE DE LA MA\u00d1ANA (RADIO NOTICIAS 99.5), Fabricio Coller, en Santa Rosa","og_url":"https:\/\/infoecos.com.ar\/index.php\/la-hermana-martha-pelloni-considero-que-la-sentencia-debe-ser-prision-perpetua\/","og_site_name":"Infoecos","article_publisher":"https:\/\/www.facebook.com\/profile.php?id=100063200290284","article_published_time":"2023-02-02T16:18:43+00:00","article_modified_time":"2023-02-07T12:56:13+00:00","og_image":[{"width":1121,"height":633,"url":"https:\/\/infoecos.com.ar\/wp-content\/uploads\/2023\/02\/image-25.png","type":"image\/png"}],"author":"Jorge Matheus","twitter_card":"summary_large_image","twitter_creator":"@infoecos","twitter_site":"@infoecos","twitter_misc":{"Escrito por":"Jorge Matheus","Tiempo de lectura":"1 minuto"},"schema":{"@context":"https:\/\/schema.org","@graph":[{"@type":"Article","@id":"https:\/\/infoecos.com.ar\/index.php\/la-hermana-martha-pelloni-considero-que-la-sentencia-debe-ser-prision-perpetua\/#article","isPartOf":{"@id":"https:\/\/infoecos.com.ar\/index.php\/la-hermana-martha-pelloni-considero-que-la-sentencia-debe-ser-prision-perpetua\/"},"author":{"name":"Jorge Matheus","@id":"https:\/\/infoecos.com.ar\/#\/schema\/person\/8f5ace5ce73b4b4aac4b7245aee6f191"},"headline":"La hermana Martha Pelloni consider\u00f3 que la sentencia debe ser prisi\u00f3n perpetua","datePublished":"2023-02-02T16:18:43+00:00","dateModified":"2023-02-07T12:56:13+00:00","mainEntityOfPage":{"@id":"https:\/\/infoecos.com.ar\/index.php\/la-hermana-martha-pelloni-considero-que-la-sentencia-debe-ser-prision-perpetua\/"},"wordCount":197,"publisher":{"@id":"https:\/\/infoecos.com.ar\/#organization"},"image":{"@id":"https:\/\/infoecos.com.ar\/index.php\/la-hermana-martha-pelloni-considero-que-la-sentencia-debe-ser-prision-perpetua\/#primaryimage"},"thumbnailUrl":"https:\/\/infoecos.com.ar\/wp-content\/uploads\/2023\/02\/image-25.png","keywords":["CASO LUCIO DUPUY"],"articleSection":["Bloque inferior - 11"],"inLanguage":"es"},{"@type":"WebPage","@id":"https:\/\/infoecos.com.ar\/index.php\/la-hermana-martha-pelloni-considero-que-la-sentencia-debe-ser-prision-perpetua\/","url":"https:\/\/infoecos.com.ar\/index.php\/la-hermana-martha-pelloni-considero-que-la-sentencia-debe-ser-prision-perpetua\/","name":"La hermana Martha Pelloni consider\u00f3 que la sentencia debe ser prisi\u00f3n perpetua - Infoecos","isPartOf":{"@id":"https:\/\/infoecos.com.ar\/#website"},"primaryImageOfPage":{"@id":"https:\/\/infoecos.com.ar\/index.php\/la-hermana-martha-pelloni-considero-que-la-sentencia-debe-ser-prision-perpetua\/#primaryimage"},"image":{"@id":"https:\/\/infoecos.com.ar\/index.php\/la-hermana-martha-pelloni-considero-que-la-sentencia-debe-ser-prision-perpetua\/#primaryimage"},"thumbnailUrl":"https:\/\/infoecos.com.ar\/wp-content\/uploads\/2023\/02\/image-25.png","datePublished":"2023-02-02T16:18:43+00:00","dateModified":"2023-02-07T12:56:13+00:00","breadcrumb":{"@id":"https:\/\/infoecos.com.ar\/index.php\/la-hermana-martha-pelloni-considero-que-la-sentencia-debe-ser-prision-perpetua\/#breadcrumb"},"inLanguage":"es","potentialAction":[{"@type":"ReadAction","target":["https:\/\/infoecos.com.ar\/index.php\/la-hermana-martha-pelloni-considero-que-la-sentencia-debe-ser-prision-perpetua\/"]}]},{"@type":"ImageObject","inLanguage":"es","@id":"https:\/\/infoecos.com.ar\/index.php\/la-hermana-martha-pelloni-considero-que-la-sentencia-debe-ser-prision-perpetua\/#primaryimage","url":"https:\/\/infoecos.com.ar\/wp-content\/uploads\/2023\/02\/image-25.png","contentUrl":"https:\/\/infoecos.com.ar\/wp-content\/uploads\/2023\/02\/image-25.png","width":1121,"height":633},{"@type":"BreadcrumbList","@id":"https:\/\/infoecos.com.ar\/index.php\/la-hermana-martha-pelloni-considero-que-la-sentencia-debe-ser-prision-perpetua\/#breadcrumb","itemListElement":[{"@type":"ListItem","position":1,"name":"Portada","item":"https:\/\/infoecos.com.ar\/"},{"@type":"ListItem","position":2,"name":"La hermana Martha Pelloni consider\u00f3 que la sentencia debe ser prisi\u00f3n perpetua"}]},{"@type":"WebSite","@id":"https:\/\/infoecos.com.ar\/#website","url":"https:\/\/infoecos.com.ar\/","name":"Infoecos","description":"Noticias de trenque lauquen y la zona","publisher":{"@id":"https:\/\/infoecos.com.ar\/#organization"},"alternateName":"Noticias","potentialAction":[{"@type":"SearchAction","target":{"@type":"EntryPoint","urlTemplate":"https:\/\/infoecos.com.ar\/?s={search_term_string}"},"query-input":{"@type":"PropertyValueSpecification","valueRequired":true,"valueName":"search_term_string"}}],"inLanguage":"es"},{"@type":"Organization","@id":"https:\/\/infoecos.com.ar\/#organization","name":"Infoecos","alternateName":"Noticias","url":"https:\/\/infoecos.com.ar\/","logo":{"@type":"ImageObject","inLanguage":"es","@id":"https:\/\/infoecos.com.ar\/#\/schema\/logo\/image\/","url":"https:\/\/infoecos.com.ar\/wp-content\/uploads\/2024\/03\/cropped-logo.png","contentUrl":"https:\/\/infoecos.com.ar\/wp-content\/uploads\/2024\/03\/cropped-logo.png","width":374,"height":90,"caption":"Infoecos"},"image":{"@id":"https:\/\/infoecos.com.ar\/#\/schema\/logo\/image\/"},"sameAs":["https:\/\/www.facebook.com\/profile.php?id=100063200290284","https:\/\/x.com\/infoecos"]},{"@type":"Person","@id":"https:\/\/infoecos.com.ar\/#\/schema\/person\/8f5ace5ce73b4b4aac4b7245aee6f191","name":"Jorge Matheus","url":"https:\/\/infoecos.com.ar\/index.php\/author\/jomatheus\/"}]}},"featured_image_urls":{"full":["https:\/\/infoecos.com.ar\/wp-content\/uploads\/2023\/02\/image-25.png",1121,633,false],"thumbnail":["https:\/\/infoecos.com.ar\/wp-content\/uploads\/2023\/02\/image-25-300x150.png",300,150,true],"medium":["https:\/\/infoecos.com.ar\/wp-content\/uploads\/2023\/02\/image-25-800x452.png",800,452,true],"medium_large":["https:\/\/infoecos.com.ar\/wp-content\/uploads\/2023\/02\/image-25-768x434.png",640,362,true],"large":["https:\/\/infoecos.com.ar\/wp-content\/uploads\/2023\/02\/image-25.png",640,361,false],"1536x1536":["https:\/\/infoecos.com.ar\/wp-content\/uploads\/2023\/02\/image-25.png",1121,633,false],"2048x2048":["https:\/\/infoecos.com.ar\/wp-content\/uploads\/2023\/02\/image-25.png",1121,633,false],"covernews-slider-full":["https:\/\/infoecos.com.ar\/wp-content\/uploads\/2023\/02\/image-25.png",1115,630,false],"covernews-slider-center":["https:\/\/infoecos.com.ar\/wp-content\/uploads\/2023\/02\/image-25-936x633.png",739,500,true],"covernews-featured":["https:\/\/infoecos.com.ar\/wp-content\/uploads\/2023\/02\/image-25-1024x578.png",1024,578,true],"covernews-medium":["https:\/\/infoecos.com.ar\/wp-content\/uploads\/2023\/02\/image-25-720x380.png",540,285,true],"covernews-medium-square":["https:\/\/infoecos.com.ar\/wp-content\/uploads\/2023\/02\/image-25-675x450.png",375,250,true]},"author_info":{"info":["Jorge Matheus"]},"category_info":"<a href=\"https:\/\/infoecos.com.ar\/index.php\/category\/inferior11\/\" rel=\"category tag\">Bloque inferior - 11<\/a>","tag_info":"Bloque inferior - 11","comment_count":"0","_links":{"self":[{"href":"https:\/\/infoecos.com.ar\/index.php\/wp-json\/wp\/v2\/posts\/101385"}],"collection":[{"href":"https:\/\/infoecos.com.ar\/index.php\/wp-json\/wp\/v2\/posts"}],"about":[{"href":"https:\/\/infoecos.com.ar\/index.php\/wp-json\/wp\/v2\/types\/post"}],"author":[{"embeddable":true,"href":"https:\/\/infoecos.com.ar\/index.php\/wp-json\/wp\/v2\/users\/2"}],"replies":[{"embeddable":true,"href":"https:\/\/infoecos.com.ar\/index.php\/wp-json\/wp\/v2\/comments?post=101385"}],"version-history":[{"count":2,"href":"https:\/\/infoecos.com.ar\/index.php\/wp-json\/wp\/v2\/posts\/101385\/revisions"}],"predecessor-version":[{"id":101411,"href":"https:\/\/infoecos.com.ar\/index.php\/wp-json\/wp\/v2\/posts\/101385\/revisions\/101411"}],"wp:featuredmedia":[{"embeddable":true,"href":"https:\/\/infoecos.com.ar\/index.php\/wp-json\/wp\/v2\/media\/101386"}],"wp:attachment":[{"href":"https:\/\/infoecos.com.ar\/index.php\/wp-json\/wp\/v2\/media?parent=101385"}],"wp:term":[{"taxonomy":"category","embeddable":true,"href":"https:\/\/infoecos.com.ar\/index.php\/wp-json\/wp\/v2\/categories?post=101385"},{"taxonomy":"post_tag","embeddable":true,"href":"https:\/\/infoecos.com.ar\/index.php\/wp-json\/wp\/v2\/tags?post=101385"}],"curies":[{"name":"wp","href":"https:\/\/api.w.org\/{rel}","templated":true}]}}