{"id":101388,"date":"2023-02-02T13:55:28","date_gmt":"2023-02-02T16:55:28","guid":{"rendered":"https:\/\/infoecos.com.ar\/?p=101388"},"modified":"2023-02-07T09:57:46","modified_gmt":"2023-02-07T12:57:46","slug":"tiene-nuevo-director-el-hospital-francisco-eguiguren-de-30-de-agosto","status":"publish","type":"post","link":"https:\/\/infoecos.com.ar\/index.php\/tiene-nuevo-director-el-hospital-francisco-eguiguren-de-30-de-agosto\/","title":{"rendered":"Tiene nuevo director el Hospital \u00abFrancisco Eguiguren\u00bb de 30 de Agosto"},"content":{"rendered":"\n<p>El Intendente municipal, Miguel Fern\u00e1ndez, puso en funciones al nuevo director del Hospital Francisco Eguiguren de 30 de Agosto, Dr. Jos\u00e9 Lorenzo Olaverr\u00eda, que reemplaza a la Dra. Mercedes Biasotti, quien decidi\u00f3 dejar el cargo por motivos personales.<\/p>\n\n\n\n<figure class=\"wp-block-image aligncenter size-full is-resized\"><img loading=\"lazy\" decoding=\"async\" src=\"https:\/\/infoecos.com.ar\/wp-content\/uploads\/2023\/02\/Dr.-Jose-Olaverria-director-del-Eguiguren.jpeg\" alt=\"\" class=\"wp-image-101390\" width=\"560\" height=\"314\" srcset=\"https:\/\/infoecos.com.ar\/wp-content\/uploads\/2023\/02\/Dr.-Jose-Olaverria-director-del-Eguiguren.jpeg 1600w, https:\/\/infoecos.com.ar\/wp-content\/uploads\/2023\/02\/Dr.-Jose-Olaverria-director-del-Eguiguren-800x450.jpeg 800w, https:\/\/infoecos.com.ar\/wp-content\/uploads\/2023\/02\/Dr.-Jose-Olaverria-director-del-Eguiguren-768x432.jpeg 768w, https:\/\/infoecos.com.ar\/wp-content\/uploads\/2023\/02\/Dr.-Jose-Olaverria-director-del-Eguiguren-1536x864.jpeg 1536w, https:\/\/infoecos.com.ar\/wp-content\/uploads\/2023\/02\/Dr.-Jose-Olaverria-director-del-Eguiguren-1024x576.jpeg 1024w\" sizes=\"(max-width: 560px) 100vw, 560px\" \/><\/figure>\n\n\n\n<p>El Jefe comunal viaj\u00f3 acompa\u00f1ado por el secretario de Salud, Dr. Sergio Valente. Recorri\u00f3 las instalaciones del centro de salud. Puso especial atenci\u00f3n en el sector donde comenz\u00f3 a funcionar el nuevo Ec\u00f3grafo, que fue adquirido recientemente.<\/p>\n\n\n\n<p>De la recorrida y encuentro con los profesionales, adem\u00e1s particip\u00f3 el director del Ente Descentralizado, Miguel \u201cPaco\u201d Mul\u00e1n.<\/p>\n\n\n\n<p>El Dr. Jos\u00e9 Lorenzo Olaverr\u00eda, nuevo director del Hospital, es especialista en Medicina General y Familiar, recibido en la Universidad Nacional de Rosario. <\/p>\n\n\n\n<figure class=\"wp-block-image aligncenter size-full is-resized\"><img loading=\"lazy\" decoding=\"async\" src=\"https:\/\/infoecos.com.ar\/wp-content\/uploads\/2023\/02\/Fernandez-en-30-de-Agosto-3.jpeg\" alt=\"\" class=\"wp-image-101391\" width=\"565\" height=\"376\" srcset=\"https:\/\/infoecos.com.ar\/wp-content\/uploads\/2023\/02\/Fernandez-en-30-de-Agosto-3.jpeg 1600w, https:\/\/infoecos.com.ar\/wp-content\/uploads\/2023\/02\/Fernandez-en-30-de-Agosto-3-800x533.jpeg 800w, https:\/\/infoecos.com.ar\/wp-content\/uploads\/2023\/02\/Fernandez-en-30-de-Agosto-3-768x512.jpeg 768w, https:\/\/infoecos.com.ar\/wp-content\/uploads\/2023\/02\/Fernandez-en-30-de-Agosto-3-1536x1020.jpeg 1536w, https:\/\/infoecos.com.ar\/wp-content\/uploads\/2023\/02\/Fernandez-en-30-de-Agosto-3-1024x682.jpeg 1024w, https:\/\/infoecos.com.ar\/wp-content\/uploads\/2023\/02\/Fernandez-en-30-de-Agosto-3-675x450.jpeg 675w\" sizes=\"(max-width: 565px) 100vw, 565px\" \/><\/figure>\n\n\n\n<p>Dijo hoy, seg\u00fan el parte de prensa diario del municipio, que se continuar\u00e1 incorporando profesionales y especialistas, y manteniendo las Guardias activas de todos los d\u00edas y fines de semana. Y destac\u00f3 tambi\u00e9n el sistema de salud p\u00fablica implementado en el distrito, al que en declaraciones al programa 30 en Mano consider\u00f3 \u201cun modelo en la provincia\u201d. En su reuni\u00f3n con el Intendente, el Dr. Olaverr\u00eda dijo estar dispuesto a dar lo mejor pensando en los vecinos\/as de esta localidad.<\/p>\n","protected":false},"excerpt":{"rendered":"<p>El Intendente municipal, Miguel Fern\u00e1ndez, puso en funciones al nuevo director del Hospital Francisco Eguiguren&#8230;<\/p>\n","protected":false},"author":2,"featured_media":101389,"comment_status":"closed","ping_status":"open","sticky":false,"template":"","format":"standard","meta":{"footnotes":""},"categories":[1332],"tags":[7245],"class_list":["post-101388","post","type-post","status-publish","format-standard","has-post-thumbnail","hentry","category-inferior12","tag-lo-puso-en-funciones-fernandez"],"yoast_head":"<!-- This site is optimized with the Yoast SEO plugin v23.4 - https:\/\/yoast.com\/wordpress\/plugins\/seo\/ -->\n<title>Tiene nuevo director el Hospital &quot;Francisco Eguiguren&quot; de 30 de Agosto - Infoecos<\/title>\n<meta name=\"robots\" content=\"index, follow, max-snippet:-1, max-image-preview:large, max-video-preview:-1\" \/>\n<link rel=\"canonical\" href=\"https:\/\/infoecos.com.ar\/index.php\/tiene-nuevo-director-el-hospital-francisco-eguiguren-de-30-de-agosto\/\" \/>\n<meta property=\"og:locale\" content=\"es_ES\" \/>\n<meta property=\"og:type\" content=\"article\" \/>\n<meta property=\"og:title\" content=\"Tiene nuevo director el Hospital &quot;Francisco Eguiguren&quot; de 30 de Agosto - Infoecos\" \/>\n<meta property=\"og:description\" content=\"El Intendente municipal, Miguel Fern\u00e1ndez, puso en funciones al nuevo director del Hospital Francisco Eguiguren...\" \/>\n<meta property=\"og:url\" content=\"https:\/\/infoecos.com.ar\/index.php\/tiene-nuevo-director-el-hospital-francisco-eguiguren-de-30-de-agosto\/\" \/>\n<meta property=\"og:site_name\" content=\"Infoecos\" \/>\n<meta property=\"article:publisher\" content=\"https:\/\/www.facebook.com\/profile.php?id=100063200290284\" \/>\n<meta property=\"article:published_time\" content=\"2023-02-02T16:55:28+00:00\" \/>\n<meta property=\"article:modified_time\" content=\"2023-02-07T12:57:46+00:00\" \/>\n<meta property=\"og:image\" content=\"https:\/\/infoecos.com.ar\/wp-content\/uploads\/2023\/02\/Fernandez-en-30-de-Agosto-1.jpeg\" \/>\n\t<meta property=\"og:image:width\" content=\"1600\" \/>\n\t<meta property=\"og:image:height\" content=\"1200\" \/>\n\t<meta property=\"og:image:type\" content=\"image\/jpeg\" \/>\n<meta name=\"author\" content=\"Jorge Matheus\" \/>\n<meta name=\"twitter:card\" content=\"summary_large_image\" \/>\n<meta name=\"twitter:creator\" content=\"@infoecos\" \/>\n<meta name=\"twitter:site\" content=\"@infoecos\" \/>\n<meta name=\"twitter:label1\" content=\"Escrito por\" \/>\n\t<meta name=\"twitter:data1\" content=\"Jorge Matheus\" \/>\n\t<meta name=\"twitter:label2\" content=\"Tiempo de lectura\" \/>\n\t<meta name=\"twitter:data2\" content=\"2 minutos\" \/>\n<script type=\"application\/ld+json\" class=\"yoast-schema-graph\">{\"@context\":\"https:\/\/schema.org\",\"@graph\":[{\"@type\":\"Article\",\"@id\":\"https:\/\/infoecos.com.ar\/index.php\/tiene-nuevo-director-el-hospital-francisco-eguiguren-de-30-de-agosto\/#article\",\"isPartOf\":{\"@id\":\"https:\/\/infoecos.com.ar\/index.php\/tiene-nuevo-director-el-hospital-francisco-eguiguren-de-30-de-agosto\/\"},\"author\":{\"name\":\"Jorge Matheus\",\"@id\":\"https:\/\/infoecos.com.ar\/#\/schema\/person\/8f5ace5ce73b4b4aac4b7245aee6f191\"},\"headline\":\"Tiene nuevo director el Hospital \u00abFrancisco Eguiguren\u00bb de 30 de Agosto\",\"datePublished\":\"2023-02-02T16:55:28+00:00\",\"dateModified\":\"2023-02-07T12:57:46+00:00\",\"mainEntityOfPage\":{\"@id\":\"https:\/\/infoecos.com.ar\/index.php\/tiene-nuevo-director-el-hospital-francisco-eguiguren-de-30-de-agosto\/\"},\"wordCount\":219,\"publisher\":{\"@id\":\"https:\/\/infoecos.com.ar\/#organization\"},\"image\":{\"@id\":\"https:\/\/infoecos.com.ar\/index.php\/tiene-nuevo-director-el-hospital-francisco-eguiguren-de-30-de-agosto\/#primaryimage\"},\"thumbnailUrl\":\"https:\/\/infoecos.com.ar\/wp-content\/uploads\/2023\/02\/Fernandez-en-30-de-Agosto-1.jpeg\",\"keywords\":[\"LO PUSO EN FUNCIONES FERN\u00c1NDEZ\"],\"articleSection\":[\"Bloque inferior - 12\"],\"inLanguage\":\"es\"},{\"@type\":\"WebPage\",\"@id\":\"https:\/\/infoecos.com.ar\/index.php\/tiene-nuevo-director-el-hospital-francisco-eguiguren-de-30-de-agosto\/\",\"url\":\"https:\/\/infoecos.com.ar\/index.php\/tiene-nuevo-director-el-hospital-francisco-eguiguren-de-30-de-agosto\/\",\"name\":\"Tiene nuevo director el Hospital \\\"Francisco Eguiguren\\\" de 30 de Agosto - Infoecos\",\"isPartOf\":{\"@id\":\"https:\/\/infoecos.com.ar\/#website\"},\"primaryImageOfPage\":{\"@id\":\"https:\/\/infoecos.com.ar\/index.php\/tiene-nuevo-director-el-hospital-francisco-eguiguren-de-30-de-agosto\/#primaryimage\"},\"image\":{\"@id\":\"https:\/\/infoecos.com.ar\/index.php\/tiene-nuevo-director-el-hospital-francisco-eguiguren-de-30-de-agosto\/#primaryimage\"},\"thumbnailUrl\":\"https:\/\/infoecos.com.ar\/wp-content\/uploads\/2023\/02\/Fernandez-en-30-de-Agosto-1.jpeg\",\"datePublished\":\"2023-02-02T16:55:28+00:00\",\"dateModified\":\"2023-02-07T12:57:46+00:00\",\"breadcrumb\":{\"@id\":\"https:\/\/infoecos.com.ar\/index.php\/tiene-nuevo-director-el-hospital-francisco-eguiguren-de-30-de-agosto\/#breadcrumb\"},\"inLanguage\":\"es\",\"potentialAction\":[{\"@type\":\"ReadAction\",\"target\":[\"https:\/\/infoecos.com.ar\/index.php\/tiene-nuevo-director-el-hospital-francisco-eguiguren-de-30-de-agosto\/\"]}]},{\"@type\":\"ImageObject\",\"inLanguage\":\"es\",\"@id\":\"https:\/\/infoecos.com.ar\/index.php\/tiene-nuevo-director-el-hospital-francisco-eguiguren-de-30-de-agosto\/#primaryimage\",\"url\":\"https:\/\/infoecos.com.ar\/wp-content\/uploads\/2023\/02\/Fernandez-en-30-de-Agosto-1.jpeg\",\"contentUrl\":\"https:\/\/infoecos.com.ar\/wp-content\/uploads\/2023\/02\/Fernandez-en-30-de-Agosto-1.jpeg\",\"width\":1600,\"height\":1200},{\"@type\":\"BreadcrumbList\",\"@id\":\"https:\/\/infoecos.com.ar\/index.php\/tiene-nuevo-director-el-hospital-francisco-eguiguren-de-30-de-agosto\/#breadcrumb\",\"itemListElement\":[{\"@type\":\"ListItem\",\"position\":1,\"name\":\"Portada\",\"item\":\"https:\/\/infoecos.com.ar\/\"},{\"@type\":\"ListItem\",\"position\":2,\"name\":\"Tiene nuevo director el Hospital \u00abFrancisco Eguiguren\u00bb de 30 de Agosto\"}]},{\"@type\":\"WebSite\",\"@id\":\"https:\/\/infoecos.com.ar\/#website\",\"url\":\"https:\/\/infoecos.com.ar\/\",\"name\":\"Infoecos\",\"description\":\"Noticias de trenque lauquen y la zona\",\"publisher\":{\"@id\":\"https:\/\/infoecos.com.ar\/#organization\"},\"alternateName\":\"Noticias\",\"potentialAction\":[{\"@type\":\"SearchAction\",\"target\":{\"@type\":\"EntryPoint\",\"urlTemplate\":\"https:\/\/infoecos.com.ar\/?s={search_term_string}\"},\"query-input\":{\"@type\":\"PropertyValueSpecification\",\"valueRequired\":true,\"valueName\":\"search_term_string\"}}],\"inLanguage\":\"es\"},{\"@type\":\"Organization\",\"@id\":\"https:\/\/infoecos.com.ar\/#organization\",\"name\":\"Infoecos\",\"alternateName\":\"Noticias\",\"url\":\"https:\/\/infoecos.com.ar\/\",\"logo\":{\"@type\":\"ImageObject\",\"inLanguage\":\"es\",\"@id\":\"https:\/\/infoecos.com.ar\/#\/schema\/logo\/image\/\",\"url\":\"https:\/\/infoecos.com.ar\/wp-content\/uploads\/2024\/03\/cropped-logo.png\",\"contentUrl\":\"https:\/\/infoecos.com.ar\/wp-content\/uploads\/2024\/03\/cropped-logo.png\",\"width\":374,\"height\":90,\"caption\":\"Infoecos\"},\"image\":{\"@id\":\"https:\/\/infoecos.com.ar\/#\/schema\/logo\/image\/\"},\"sameAs\":[\"https:\/\/www.facebook.com\/profile.php?id=100063200290284\",\"https:\/\/x.com\/infoecos\"]},{\"@type\":\"Person\",\"@id\":\"https:\/\/infoecos.com.ar\/#\/schema\/person\/8f5ace5ce73b4b4aac4b7245aee6f191\",\"name\":\"Jorge Matheus\",\"url\":\"https:\/\/infoecos.com.ar\/index.php\/author\/jomatheus\/\"}]}<\/script>\n<!-- \/ Yoast SEO plugin. -->","yoast_head_json":{"title":"Tiene nuevo director el Hospital \"Francisco Eguiguren\" de 30 de Agosto - Infoecos","robots":{"index":"index","follow":"follow","max-snippet":"max-snippet:-1","max-image-preview":"max-image-preview:large","max-video-preview":"max-video-preview:-1"},"canonical":"https:\/\/infoecos.com.ar\/index.php\/tiene-nuevo-director-el-hospital-francisco-eguiguren-de-30-de-agosto\/","og_locale":"es_ES","og_type":"article","og_title":"Tiene nuevo director el Hospital \"Francisco Eguiguren\" de 30 de Agosto - Infoecos","og_description":"El Intendente municipal, Miguel Fern\u00e1ndez, puso en funciones al nuevo director del Hospital Francisco Eguiguren...","og_url":"https:\/\/infoecos.com.ar\/index.php\/tiene-nuevo-director-el-hospital-francisco-eguiguren-de-30-de-agosto\/","og_site_name":"Infoecos","article_publisher":"https:\/\/www.facebook.com\/profile.php?id=100063200290284","article_published_time":"2023-02-02T16:55:28+00:00","article_modified_time":"2023-02-07T12:57:46+00:00","og_image":[{"width":1600,"height":1200,"url":"https:\/\/infoecos.com.ar\/wp-content\/uploads\/2023\/02\/Fernandez-en-30-de-Agosto-1.jpeg","type":"image\/jpeg"}],"author":"Jorge Matheus","twitter_card":"summary_large_image","twitter_creator":"@infoecos","twitter_site":"@infoecos","twitter_misc":{"Escrito por":"Jorge Matheus","Tiempo de lectura":"2 minutos"},"schema":{"@context":"https:\/\/schema.org","@graph":[{"@type":"Article","@id":"https:\/\/infoecos.com.ar\/index.php\/tiene-nuevo-director-el-hospital-francisco-eguiguren-de-30-de-agosto\/#article","isPartOf":{"@id":"https:\/\/infoecos.com.ar\/index.php\/tiene-nuevo-director-el-hospital-francisco-eguiguren-de-30-de-agosto\/"},"author":{"name":"Jorge Matheus","@id":"https:\/\/infoecos.com.ar\/#\/schema\/person\/8f5ace5ce73b4b4aac4b7245aee6f191"},"headline":"Tiene nuevo director el Hospital \u00abFrancisco Eguiguren\u00bb de 30 de Agosto","datePublished":"2023-02-02T16:55:28+00:00","dateModified":"2023-02-07T12:57:46+00:00","mainEntityOfPage":{"@id":"https:\/\/infoecos.com.ar\/index.php\/tiene-nuevo-director-el-hospital-francisco-eguiguren-de-30-de-agosto\/"},"wordCount":219,"publisher":{"@id":"https:\/\/infoecos.com.ar\/#organization"},"image":{"@id":"https:\/\/infoecos.com.ar\/index.php\/tiene-nuevo-director-el-hospital-francisco-eguiguren-de-30-de-agosto\/#primaryimage"},"thumbnailUrl":"https:\/\/infoecos.com.ar\/wp-content\/uploads\/2023\/02\/Fernandez-en-30-de-Agosto-1.jpeg","keywords":["LO PUSO EN FUNCIONES FERN\u00c1NDEZ"],"articleSection":["Bloque inferior - 12"],"inLanguage":"es"},{"@type":"WebPage","@id":"https:\/\/infoecos.com.ar\/index.php\/tiene-nuevo-director-el-hospital-francisco-eguiguren-de-30-de-agosto\/","url":"https:\/\/infoecos.com.ar\/index.php\/tiene-nuevo-director-el-hospital-francisco-eguiguren-de-30-de-agosto\/","name":"Tiene nuevo director el Hospital \"Francisco Eguiguren\" de 30 de Agosto - Infoecos","isPartOf":{"@id":"https:\/\/infoecos.com.ar\/#website"},"primaryImageOfPage":{"@id":"https:\/\/infoecos.com.ar\/index.php\/tiene-nuevo-director-el-hospital-francisco-eguiguren-de-30-de-agosto\/#primaryimage"},"image":{"@id":"https:\/\/infoecos.com.ar\/index.php\/tiene-nuevo-director-el-hospital-francisco-eguiguren-de-30-de-agosto\/#primaryimage"},"thumbnailUrl":"https:\/\/infoecos.com.ar\/wp-content\/uploads\/2023\/02\/Fernandez-en-30-de-Agosto-1.jpeg","datePublished":"2023-02-02T16:55:28+00:00","dateModified":"2023-02-07T12:57:46+00:00","breadcrumb":{"@id":"https:\/\/infoecos.com.ar\/index.php\/tiene-nuevo-director-el-hospital-francisco-eguiguren-de-30-de-agosto\/#breadcrumb"},"inLanguage":"es","potentialAction":[{"@type":"ReadAction","target":["https:\/\/infoecos.com.ar\/index.php\/tiene-nuevo-director-el-hospital-francisco-eguiguren-de-30-de-agosto\/"]}]},{"@type":"ImageObject","inLanguage":"es","@id":"https:\/\/infoecos.com.ar\/index.php\/tiene-nuevo-director-el-hospital-francisco-eguiguren-de-30-de-agosto\/#primaryimage","url":"https:\/\/infoecos.com.ar\/wp-content\/uploads\/2023\/02\/Fernandez-en-30-de-Agosto-1.jpeg","contentUrl":"https:\/\/infoecos.com.ar\/wp-content\/uploads\/2023\/02\/Fernandez-en-30-de-Agosto-1.jpeg","width":1600,"height":1200},{"@type":"BreadcrumbList","@id":"https:\/\/infoecos.com.ar\/index.php\/tiene-nuevo-director-el-hospital-francisco-eguiguren-de-30-de-agosto\/#breadcrumb","itemListElement":[{"@type":"ListItem","position":1,"name":"Portada","item":"https:\/\/infoecos.com.ar\/"},{"@type":"ListItem","position":2,"name":"Tiene nuevo director el Hospital \u00abFrancisco Eguiguren\u00bb de 30 de Agosto"}]},{"@type":"WebSite","@id":"https:\/\/infoecos.com.ar\/#website","url":"https:\/\/infoecos.com.ar\/","name":"Infoecos","description":"Noticias de trenque lauquen y la zona","publisher":{"@id":"https:\/\/infoecos.com.ar\/#organization"},"alternateName":"Noticias","potentialAction":[{"@type":"SearchAction","target":{"@type":"EntryPoint","urlTemplate":"https:\/\/infoecos.com.ar\/?s={search_term_string}"},"query-input":{"@type":"PropertyValueSpecification","valueRequired":true,"valueName":"search_term_string"}}],"inLanguage":"es"},{"@type":"Organization","@id":"https:\/\/infoecos.com.ar\/#organization","name":"Infoecos","alternateName":"Noticias","url":"https:\/\/infoecos.com.ar\/","logo":{"@type":"ImageObject","inLanguage":"es","@id":"https:\/\/infoecos.com.ar\/#\/schema\/logo\/image\/","url":"https:\/\/infoecos.com.ar\/wp-content\/uploads\/2024\/03\/cropped-logo.png","contentUrl":"https:\/\/infoecos.com.ar\/wp-content\/uploads\/2024\/03\/cropped-logo.png","width":374,"height":90,"caption":"Infoecos"},"image":{"@id":"https:\/\/infoecos.com.ar\/#\/schema\/logo\/image\/"},"sameAs":["https:\/\/www.facebook.com\/profile.php?id=100063200290284","https:\/\/x.com\/infoecos"]},{"@type":"Person","@id":"https:\/\/infoecos.com.ar\/#\/schema\/person\/8f5ace5ce73b4b4aac4b7245aee6f191","name":"Jorge Matheus","url":"https:\/\/infoecos.com.ar\/index.php\/author\/jomatheus\/"}]}},"featured_image_urls":{"full":["https:\/\/infoecos.com.ar\/wp-content\/uploads\/2023\/02\/Fernandez-en-30-de-Agosto-1.jpeg",1600,1200,false],"thumbnail":["https:\/\/infoecos.com.ar\/wp-content\/uploads\/2023\/02\/Fernandez-en-30-de-Agosto-1-300x150.jpeg",300,150,true],"medium":["https:\/\/infoecos.com.ar\/wp-content\/uploads\/2023\/02\/Fernandez-en-30-de-Agosto-1-800x600.jpeg",800,600,true],"medium_large":["https:\/\/infoecos.com.ar\/wp-content\/uploads\/2023\/02\/Fernandez-en-30-de-Agosto-1-768x576.jpeg",640,480,true],"large":["https:\/\/infoecos.com.ar\/wp-content\/uploads\/2023\/02\/Fernandez-en-30-de-Agosto-1.jpeg",640,480,false],"1536x1536":["https:\/\/infoecos.com.ar\/wp-content\/uploads\/2023\/02\/Fernandez-en-30-de-Agosto-1-1536x1152.jpeg",1536,1152,true],"2048x2048":["https:\/\/infoecos.com.ar\/wp-content\/uploads\/2023\/02\/Fernandez-en-30-de-Agosto-1.jpeg",1600,1200,false],"covernews-slider-full":["https:\/\/infoecos.com.ar\/wp-content\/uploads\/2023\/02\/Fernandez-en-30-de-Agosto-1-1536x1020.jpeg",1077,715,true],"covernews-slider-center":["https:\/\/infoecos.com.ar\/wp-content\/uploads\/2023\/02\/Fernandez-en-30-de-Agosto-1-936x897.jpeg",522,500,true],"covernews-featured":["https:\/\/infoecos.com.ar\/wp-content\/uploads\/2023\/02\/Fernandez-en-30-de-Agosto-1-1024x768.jpeg",1024,768,true],"covernews-medium":["https:\/\/infoecos.com.ar\/wp-content\/uploads\/2023\/02\/Fernandez-en-30-de-Agosto-1-720x380.jpeg",540,285,true],"covernews-medium-square":["https:\/\/infoecos.com.ar\/wp-content\/uploads\/2023\/02\/Fernandez-en-30-de-Agosto-1-675x450.jpeg",375,250,true]},"author_info":{"info":["Jorge Matheus"]},"category_info":"<a href=\"https:\/\/infoecos.com.ar\/index.php\/category\/inferior12\/\" rel=\"category tag\">Bloque inferior - 12<\/a>","tag_info":"Bloque inferior - 12","comment_count":"0","_links":{"self":[{"href":"https:\/\/infoecos.com.ar\/index.php\/wp-json\/wp\/v2\/posts\/101388"}],"collection":[{"href":"https:\/\/infoecos.com.ar\/index.php\/wp-json\/wp\/v2\/posts"}],"about":[{"href":"https:\/\/infoecos.com.ar\/index.php\/wp-json\/wp\/v2\/types\/post"}],"author":[{"embeddable":true,"href":"https:\/\/infoecos.com.ar\/index.php\/wp-json\/wp\/v2\/users\/2"}],"replies":[{"embeddable":true,"href":"https:\/\/infoecos.com.ar\/index.php\/wp-json\/wp\/v2\/comments?post=101388"}],"version-history":[{"count":1,"href":"https:\/\/infoecos.com.ar\/index.php\/wp-json\/wp\/v2\/posts\/101388\/revisions"}],"predecessor-version":[{"id":101392,"href":"https:\/\/infoecos.com.ar\/index.php\/wp-json\/wp\/v2\/posts\/101388\/revisions\/101392"}],"wp:featuredmedia":[{"embeddable":true,"href":"https:\/\/infoecos.com.ar\/index.php\/wp-json\/wp\/v2\/media\/101389"}],"wp:attachment":[{"href":"https:\/\/infoecos.com.ar\/index.php\/wp-json\/wp\/v2\/media?parent=101388"}],"wp:term":[{"taxonomy":"category","embeddable":true,"href":"https:\/\/infoecos.com.ar\/index.php\/wp-json\/wp\/v2\/categories?post=101388"},{"taxonomy":"post_tag","embeddable":true,"href":"https:\/\/infoecos.com.ar\/index.php\/wp-json\/wp\/v2\/tags?post=101388"}],"curies":[{"name":"wp","href":"https:\/\/api.w.org\/{rel}","templated":true}]}}