{"id":101402,"date":"2023-02-03T11:06:42","date_gmt":"2023-02-03T14:06:42","guid":{"rendered":"https:\/\/infoecos.com.ar\/?p=101402"},"modified":"2023-02-07T09:51:58","modified_gmt":"2023-02-07T12:51:58","slug":"declaraciones-del-papa-y-una-tia-de-la-beba-de-general-villegas-a-distrito-interior","status":"publish","type":"post","link":"https:\/\/infoecos.com.ar\/index.php\/declaraciones-del-papa-y-una-tia-de-la-beba-de-general-villegas-a-distrito-interior\/","title":{"rendered":"Declaraciones del Pap\u00e1 y una T\u00eda de la beba de General Villegas a Distrito Interior"},"content":{"rendered":"\n<p><strong>Roberto Nieva, pap\u00e1 de la beb\u00e9<\/strong> de General Villegas en una entrevista que concedi\u00f3 a Distrito Interior se\u00f1ala que el domingo se encontraban en el sector de asadores del Parque Municipal en un encuentro familiar, la beba se encontraba en la sillita \u00abhuevito\u00bb a la que hab\u00eda colocado en el piso, cerca de \u00e9l, como le daba el sol decidi\u00f3 moverla hacia la sombra, al hacerlo, dado que estaba la manija floja, al levantarla, la criatura cay\u00f3 al piso. Dado el golpe, y habiendo advertido que presentaba una inflamaci\u00f3n en la parte posterior de la cabeza, en el auto de su cu\u00f1ado, se moviliz\u00f3 junto a su pareja hacia el hospital donde fue atendida, le realizaron una serie de estudios y decidieron dejarla internada hasta el martes. Dado el golpe, y habiendo advertido que presentaba una inflamaci\u00f3n en la parte posterior de la cabeza, en el auto de su cu\u00f1ado, se moviliz\u00f3 junto a su pareja hacia el hospital donde fue atendida, le realizaron una serie de estudios y decidieron dejarla internada hasta el martes.<\/p>\n\n\n\n<figure class=\"wp-block-image aligncenter size-full\"><img loading=\"lazy\" decoding=\"async\" width=\"620\" height=\"300\" src=\"https:\/\/infoecos.com.ar\/wp-content\/uploads\/2023\/02\/image-28.png\" alt=\"\" class=\"wp-image-101403\"\/><\/figure>\n\n\n\n<p><strong>En el medio colega www.distritointerior.com.ar se puede escuchar el audio de la entrevista, como as\u00ed tambi\u00e9n ver un video. <\/strong>En la p\u00e1gina web, agregan que \u00abhoy los padres perdieron la custodia, disponiendo a la abuela paterna como la tutora, aunque la mam\u00e1 permanece junto a la criatura, sin embargo cuando regrese a su casa lo har\u00e1 sin su hija, explic\u00f3 Nieva.<\/p>\n\n\n\n<p>Por su parte Mart\u00ednez, t\u00eda de la menor, admiti\u00f3 que su hermana cuenta con antecedentes por maltrato a sus hijos, pero que es una etapa superada en la vida de la mujer, quien en esta etapa est\u00e1 totalmente cambiada, por lo que consideran injusta la medida o al menos apelan a que se aclare todo lo antes posible; sin dejar de reconocer que ello afecta la situaci\u00f3n en general.<\/p>\n\n\n\n<p>La familia Nieva \u2013 Ag\u00fcero dispuso hoy de un abogado que los representar\u00e1 para accionar legalmente principalmente en contra de la m\u00e9dica que los denunci\u00f3, entendiendo que fue una decisi\u00f3n apresurada al haber dado por hecho algo que no est\u00e1 probado porque sencillamente no existi\u00f3, por lo que insisti\u00f3 en que pretenden se aclare todo; del mismo modo lo har\u00e1 con aquellas autoridades y entes o \u00e1reas que actuaron equivocadamente.<\/p>\n\n\n\n<p>La menor evoluciona favorablemente y su estado general es bueno, lo que le da la tranquilidad que no sucedi\u00f3 nada de lo que se les acusa, especialmente en las redes desde donde se emiten todo tipo de opiniones\u00bb.<\/p>\n\n\n\n<p><\/p>\n","protected":false},"excerpt":{"rendered":"<p>La familia Nieva \u2013 Ag\u00fcero dispuso hoy de un abogado que los representar\u00e1 para accionar legalmente principalmente en contra de la m\u00e9dica que los denunci\u00f3, entendiendo que fue una decisi\u00f3n apresurada al haber dado por hecho algo que no est\u00e1 probado porque sencillamente no existi\u00f3<\/p>\n","protected":false},"author":2,"featured_media":101403,"comment_status":"closed","ping_status":"open","sticky":false,"template":"","format":"standard","meta":{"footnotes":""},"categories":[26,25],"tags":[7248],"class_list":["post-101402","post","type-post","status-publish","format-standard","has-post-thumbnail","hentry","category-inferior6","category-c3nota1","tag-mientras-la-menor-evoluciona"],"yoast_head":"<!-- This site is optimized with the Yoast SEO plugin v23.4 - https:\/\/yoast.com\/wordpress\/plugins\/seo\/ -->\n<title>Declaraciones del Pap\u00e1 y una T\u00eda de la beba de General Villegas a Distrito Interior - Infoecos<\/title>\n<meta name=\"robots\" content=\"index, follow, max-snippet:-1, max-image-preview:large, max-video-preview:-1\" \/>\n<link rel=\"canonical\" href=\"https:\/\/infoecos.com.ar\/index.php\/declaraciones-del-papa-y-una-tia-de-la-beba-de-general-villegas-a-distrito-interior\/\" \/>\n<meta property=\"og:locale\" content=\"es_ES\" \/>\n<meta property=\"og:type\" content=\"article\" \/>\n<meta property=\"og:title\" content=\"Declaraciones del Pap\u00e1 y una T\u00eda de la beba de General Villegas a Distrito Interior - Infoecos\" \/>\n<meta property=\"og:description\" content=\"La familia Nieva \u2013 Ag\u00fcero dispuso hoy de un abogado que los representar\u00e1 para accionar legalmente principalmente en contra de la m\u00e9dica que los denunci\u00f3, entendiendo que fue una decisi\u00f3n apresurada al haber dado por hecho algo que no est\u00e1 probado porque sencillamente no existi\u00f3\" \/>\n<meta property=\"og:url\" content=\"https:\/\/infoecos.com.ar\/index.php\/declaraciones-del-papa-y-una-tia-de-la-beba-de-general-villegas-a-distrito-interior\/\" \/>\n<meta property=\"og:site_name\" content=\"Infoecos\" \/>\n<meta property=\"article:publisher\" content=\"https:\/\/www.facebook.com\/profile.php?id=100063200290284\" \/>\n<meta property=\"article:published_time\" content=\"2023-02-03T14:06:42+00:00\" \/>\n<meta property=\"article:modified_time\" content=\"2023-02-07T12:51:58+00:00\" \/>\n<meta property=\"og:image\" content=\"https:\/\/infoecos.com.ar\/wp-content\/uploads\/2023\/02\/image-28.png\" \/>\n\t<meta property=\"og:image:width\" content=\"620\" \/>\n\t<meta property=\"og:image:height\" content=\"300\" \/>\n\t<meta property=\"og:image:type\" content=\"image\/png\" \/>\n<meta name=\"author\" content=\"Jorge Matheus\" \/>\n<meta name=\"twitter:card\" content=\"summary_large_image\" \/>\n<meta name=\"twitter:creator\" content=\"@infoecos\" \/>\n<meta name=\"twitter:site\" content=\"@infoecos\" \/>\n<meta name=\"twitter:label1\" content=\"Escrito por\" \/>\n\t<meta name=\"twitter:data1\" content=\"Jorge Matheus\" \/>\n\t<meta name=\"twitter:label2\" content=\"Tiempo de lectura\" \/>\n\t<meta name=\"twitter:data2\" content=\"3 minutos\" \/>\n<script type=\"application\/ld+json\" class=\"yoast-schema-graph\">{\"@context\":\"https:\/\/schema.org\",\"@graph\":[{\"@type\":\"Article\",\"@id\":\"https:\/\/infoecos.com.ar\/index.php\/declaraciones-del-papa-y-una-tia-de-la-beba-de-general-villegas-a-distrito-interior\/#article\",\"isPartOf\":{\"@id\":\"https:\/\/infoecos.com.ar\/index.php\/declaraciones-del-papa-y-una-tia-de-la-beba-de-general-villegas-a-distrito-interior\/\"},\"author\":{\"name\":\"Jorge Matheus\",\"@id\":\"https:\/\/infoecos.com.ar\/#\/schema\/person\/8f5ace5ce73b4b4aac4b7245aee6f191\"},\"headline\":\"Declaraciones del Pap\u00e1 y una T\u00eda de la beba de General Villegas a Distrito Interior\",\"datePublished\":\"2023-02-03T14:06:42+00:00\",\"dateModified\":\"2023-02-07T12:51:58+00:00\",\"mainEntityOfPage\":{\"@id\":\"https:\/\/infoecos.com.ar\/index.php\/declaraciones-del-papa-y-una-tia-de-la-beba-de-general-villegas-a-distrito-interior\/\"},\"wordCount\":445,\"publisher\":{\"@id\":\"https:\/\/infoecos.com.ar\/#organization\"},\"image\":{\"@id\":\"https:\/\/infoecos.com.ar\/index.php\/declaraciones-del-papa-y-una-tia-de-la-beba-de-general-villegas-a-distrito-interior\/#primaryimage\"},\"thumbnailUrl\":\"https:\/\/infoecos.com.ar\/wp-content\/uploads\/2023\/02\/image-28.png\",\"keywords\":[\"MIENTRAS LA MENOR EVOLUCIONA\"],\"articleSection\":[\"Bloque inferior - 6\",\"C3 N1\"],\"inLanguage\":\"es\"},{\"@type\":\"WebPage\",\"@id\":\"https:\/\/infoecos.com.ar\/index.php\/declaraciones-del-papa-y-una-tia-de-la-beba-de-general-villegas-a-distrito-interior\/\",\"url\":\"https:\/\/infoecos.com.ar\/index.php\/declaraciones-del-papa-y-una-tia-de-la-beba-de-general-villegas-a-distrito-interior\/\",\"name\":\"Declaraciones del Pap\u00e1 y una T\u00eda de la beba de General Villegas a Distrito Interior - Infoecos\",\"isPartOf\":{\"@id\":\"https:\/\/infoecos.com.ar\/#website\"},\"primaryImageOfPage\":{\"@id\":\"https:\/\/infoecos.com.ar\/index.php\/declaraciones-del-papa-y-una-tia-de-la-beba-de-general-villegas-a-distrito-interior\/#primaryimage\"},\"image\":{\"@id\":\"https:\/\/infoecos.com.ar\/index.php\/declaraciones-del-papa-y-una-tia-de-la-beba-de-general-villegas-a-distrito-interior\/#primaryimage\"},\"thumbnailUrl\":\"https:\/\/infoecos.com.ar\/wp-content\/uploads\/2023\/02\/image-28.png\",\"datePublished\":\"2023-02-03T14:06:42+00:00\",\"dateModified\":\"2023-02-07T12:51:58+00:00\",\"breadcrumb\":{\"@id\":\"https:\/\/infoecos.com.ar\/index.php\/declaraciones-del-papa-y-una-tia-de-la-beba-de-general-villegas-a-distrito-interior\/#breadcrumb\"},\"inLanguage\":\"es\",\"potentialAction\":[{\"@type\":\"ReadAction\",\"target\":[\"https:\/\/infoecos.com.ar\/index.php\/declaraciones-del-papa-y-una-tia-de-la-beba-de-general-villegas-a-distrito-interior\/\"]}]},{\"@type\":\"ImageObject\",\"inLanguage\":\"es\",\"@id\":\"https:\/\/infoecos.com.ar\/index.php\/declaraciones-del-papa-y-una-tia-de-la-beba-de-general-villegas-a-distrito-interior\/#primaryimage\",\"url\":\"https:\/\/infoecos.com.ar\/wp-content\/uploads\/2023\/02\/image-28.png\",\"contentUrl\":\"https:\/\/infoecos.com.ar\/wp-content\/uploads\/2023\/02\/image-28.png\",\"width\":620,\"height\":300},{\"@type\":\"BreadcrumbList\",\"@id\":\"https:\/\/infoecos.com.ar\/index.php\/declaraciones-del-papa-y-una-tia-de-la-beba-de-general-villegas-a-distrito-interior\/#breadcrumb\",\"itemListElement\":[{\"@type\":\"ListItem\",\"position\":1,\"name\":\"Portada\",\"item\":\"https:\/\/infoecos.com.ar\/\"},{\"@type\":\"ListItem\",\"position\":2,\"name\":\"Declaraciones del Pap\u00e1 y una T\u00eda de la beba de General Villegas a Distrito Interior\"}]},{\"@type\":\"WebSite\",\"@id\":\"https:\/\/infoecos.com.ar\/#website\",\"url\":\"https:\/\/infoecos.com.ar\/\",\"name\":\"Infoecos\",\"description\":\"Noticias de trenque lauquen y la zona\",\"publisher\":{\"@id\":\"https:\/\/infoecos.com.ar\/#organization\"},\"alternateName\":\"Noticias\",\"potentialAction\":[{\"@type\":\"SearchAction\",\"target\":{\"@type\":\"EntryPoint\",\"urlTemplate\":\"https:\/\/infoecos.com.ar\/?s={search_term_string}\"},\"query-input\":{\"@type\":\"PropertyValueSpecification\",\"valueRequired\":true,\"valueName\":\"search_term_string\"}}],\"inLanguage\":\"es\"},{\"@type\":\"Organization\",\"@id\":\"https:\/\/infoecos.com.ar\/#organization\",\"name\":\"Infoecos\",\"alternateName\":\"Noticias\",\"url\":\"https:\/\/infoecos.com.ar\/\",\"logo\":{\"@type\":\"ImageObject\",\"inLanguage\":\"es\",\"@id\":\"https:\/\/infoecos.com.ar\/#\/schema\/logo\/image\/\",\"url\":\"https:\/\/infoecos.com.ar\/wp-content\/uploads\/2024\/03\/cropped-logo.png\",\"contentUrl\":\"https:\/\/infoecos.com.ar\/wp-content\/uploads\/2024\/03\/cropped-logo.png\",\"width\":374,\"height\":90,\"caption\":\"Infoecos\"},\"image\":{\"@id\":\"https:\/\/infoecos.com.ar\/#\/schema\/logo\/image\/\"},\"sameAs\":[\"https:\/\/www.facebook.com\/profile.php?id=100063200290284\",\"https:\/\/x.com\/infoecos\"]},{\"@type\":\"Person\",\"@id\":\"https:\/\/infoecos.com.ar\/#\/schema\/person\/8f5ace5ce73b4b4aac4b7245aee6f191\",\"name\":\"Jorge Matheus\",\"url\":\"https:\/\/infoecos.com.ar\/index.php\/author\/jomatheus\/\"}]}<\/script>\n<!-- \/ Yoast SEO plugin. -->","yoast_head_json":{"title":"Declaraciones del Pap\u00e1 y una T\u00eda de la beba de General Villegas a Distrito Interior - Infoecos","robots":{"index":"index","follow":"follow","max-snippet":"max-snippet:-1","max-image-preview":"max-image-preview:large","max-video-preview":"max-video-preview:-1"},"canonical":"https:\/\/infoecos.com.ar\/index.php\/declaraciones-del-papa-y-una-tia-de-la-beba-de-general-villegas-a-distrito-interior\/","og_locale":"es_ES","og_type":"article","og_title":"Declaraciones del Pap\u00e1 y una T\u00eda de la beba de General Villegas a Distrito Interior - Infoecos","og_description":"La familia Nieva \u2013 Ag\u00fcero dispuso hoy de un abogado que los representar\u00e1 para accionar legalmente principalmente en contra de la m\u00e9dica que los denunci\u00f3, entendiendo que fue una decisi\u00f3n apresurada al haber dado por hecho algo que no est\u00e1 probado porque sencillamente no existi\u00f3","og_url":"https:\/\/infoecos.com.ar\/index.php\/declaraciones-del-papa-y-una-tia-de-la-beba-de-general-villegas-a-distrito-interior\/","og_site_name":"Infoecos","article_publisher":"https:\/\/www.facebook.com\/profile.php?id=100063200290284","article_published_time":"2023-02-03T14:06:42+00:00","article_modified_time":"2023-02-07T12:51:58+00:00","og_image":[{"width":620,"height":300,"url":"https:\/\/infoecos.com.ar\/wp-content\/uploads\/2023\/02\/image-28.png","type":"image\/png"}],"author":"Jorge Matheus","twitter_card":"summary_large_image","twitter_creator":"@infoecos","twitter_site":"@infoecos","twitter_misc":{"Escrito por":"Jorge Matheus","Tiempo de lectura":"3 minutos"},"schema":{"@context":"https:\/\/schema.org","@graph":[{"@type":"Article","@id":"https:\/\/infoecos.com.ar\/index.php\/declaraciones-del-papa-y-una-tia-de-la-beba-de-general-villegas-a-distrito-interior\/#article","isPartOf":{"@id":"https:\/\/infoecos.com.ar\/index.php\/declaraciones-del-papa-y-una-tia-de-la-beba-de-general-villegas-a-distrito-interior\/"},"author":{"name":"Jorge Matheus","@id":"https:\/\/infoecos.com.ar\/#\/schema\/person\/8f5ace5ce73b4b4aac4b7245aee6f191"},"headline":"Declaraciones del Pap\u00e1 y una T\u00eda de la beba de General Villegas a Distrito Interior","datePublished":"2023-02-03T14:06:42+00:00","dateModified":"2023-02-07T12:51:58+00:00","mainEntityOfPage":{"@id":"https:\/\/infoecos.com.ar\/index.php\/declaraciones-del-papa-y-una-tia-de-la-beba-de-general-villegas-a-distrito-interior\/"},"wordCount":445,"publisher":{"@id":"https:\/\/infoecos.com.ar\/#organization"},"image":{"@id":"https:\/\/infoecos.com.ar\/index.php\/declaraciones-del-papa-y-una-tia-de-la-beba-de-general-villegas-a-distrito-interior\/#primaryimage"},"thumbnailUrl":"https:\/\/infoecos.com.ar\/wp-content\/uploads\/2023\/02\/image-28.png","keywords":["MIENTRAS LA MENOR EVOLUCIONA"],"articleSection":["Bloque inferior - 6","C3 N1"],"inLanguage":"es"},{"@type":"WebPage","@id":"https:\/\/infoecos.com.ar\/index.php\/declaraciones-del-papa-y-una-tia-de-la-beba-de-general-villegas-a-distrito-interior\/","url":"https:\/\/infoecos.com.ar\/index.php\/declaraciones-del-papa-y-una-tia-de-la-beba-de-general-villegas-a-distrito-interior\/","name":"Declaraciones del Pap\u00e1 y una T\u00eda de la beba de General Villegas a Distrito Interior - Infoecos","isPartOf":{"@id":"https:\/\/infoecos.com.ar\/#website"},"primaryImageOfPage":{"@id":"https:\/\/infoecos.com.ar\/index.php\/declaraciones-del-papa-y-una-tia-de-la-beba-de-general-villegas-a-distrito-interior\/#primaryimage"},"image":{"@id":"https:\/\/infoecos.com.ar\/index.php\/declaraciones-del-papa-y-una-tia-de-la-beba-de-general-villegas-a-distrito-interior\/#primaryimage"},"thumbnailUrl":"https:\/\/infoecos.com.ar\/wp-content\/uploads\/2023\/02\/image-28.png","datePublished":"2023-02-03T14:06:42+00:00","dateModified":"2023-02-07T12:51:58+00:00","breadcrumb":{"@id":"https:\/\/infoecos.com.ar\/index.php\/declaraciones-del-papa-y-una-tia-de-la-beba-de-general-villegas-a-distrito-interior\/#breadcrumb"},"inLanguage":"es","potentialAction":[{"@type":"ReadAction","target":["https:\/\/infoecos.com.ar\/index.php\/declaraciones-del-papa-y-una-tia-de-la-beba-de-general-villegas-a-distrito-interior\/"]}]},{"@type":"ImageObject","inLanguage":"es","@id":"https:\/\/infoecos.com.ar\/index.php\/declaraciones-del-papa-y-una-tia-de-la-beba-de-general-villegas-a-distrito-interior\/#primaryimage","url":"https:\/\/infoecos.com.ar\/wp-content\/uploads\/2023\/02\/image-28.png","contentUrl":"https:\/\/infoecos.com.ar\/wp-content\/uploads\/2023\/02\/image-28.png","width":620,"height":300},{"@type":"BreadcrumbList","@id":"https:\/\/infoecos.com.ar\/index.php\/declaraciones-del-papa-y-una-tia-de-la-beba-de-general-villegas-a-distrito-interior\/#breadcrumb","itemListElement":[{"@type":"ListItem","position":1,"name":"Portada","item":"https:\/\/infoecos.com.ar\/"},{"@type":"ListItem","position":2,"name":"Declaraciones del Pap\u00e1 y una T\u00eda de la beba de General Villegas a Distrito Interior"}]},{"@type":"WebSite","@id":"https:\/\/infoecos.com.ar\/#website","url":"https:\/\/infoecos.com.ar\/","name":"Infoecos","description":"Noticias de trenque lauquen y la zona","publisher":{"@id":"https:\/\/infoecos.com.ar\/#organization"},"alternateName":"Noticias","potentialAction":[{"@type":"SearchAction","target":{"@type":"EntryPoint","urlTemplate":"https:\/\/infoecos.com.ar\/?s={search_term_string}"},"query-input":{"@type":"PropertyValueSpecification","valueRequired":true,"valueName":"search_term_string"}}],"inLanguage":"es"},{"@type":"Organization","@id":"https:\/\/infoecos.com.ar\/#organization","name":"Infoecos","alternateName":"Noticias","url":"https:\/\/infoecos.com.ar\/","logo":{"@type":"ImageObject","inLanguage":"es","@id":"https:\/\/infoecos.com.ar\/#\/schema\/logo\/image\/","url":"https:\/\/infoecos.com.ar\/wp-content\/uploads\/2024\/03\/cropped-logo.png","contentUrl":"https:\/\/infoecos.com.ar\/wp-content\/uploads\/2024\/03\/cropped-logo.png","width":374,"height":90,"caption":"Infoecos"},"image":{"@id":"https:\/\/infoecos.com.ar\/#\/schema\/logo\/image\/"},"sameAs":["https:\/\/www.facebook.com\/profile.php?id=100063200290284","https:\/\/x.com\/infoecos"]},{"@type":"Person","@id":"https:\/\/infoecos.com.ar\/#\/schema\/person\/8f5ace5ce73b4b4aac4b7245aee6f191","name":"Jorge Matheus","url":"https:\/\/infoecos.com.ar\/index.php\/author\/jomatheus\/"}]}},"featured_image_urls":{"full":["https:\/\/infoecos.com.ar\/wp-content\/uploads\/2023\/02\/image-28.png",620,300,false],"thumbnail":["https:\/\/infoecos.com.ar\/wp-content\/uploads\/2023\/02\/image-28-300x150.png",300,150,true],"medium":["https:\/\/infoecos.com.ar\/wp-content\/uploads\/2023\/02\/image-28.png",620,300,false],"medium_large":["https:\/\/infoecos.com.ar\/wp-content\/uploads\/2023\/02\/image-28.png",620,300,false],"large":["https:\/\/infoecos.com.ar\/wp-content\/uploads\/2023\/02\/image-28.png",620,300,false],"1536x1536":["https:\/\/infoecos.com.ar\/wp-content\/uploads\/2023\/02\/image-28.png",620,300,false],"2048x2048":["https:\/\/infoecos.com.ar\/wp-content\/uploads\/2023\/02\/image-28.png",620,300,false],"covernews-slider-full":["https:\/\/infoecos.com.ar\/wp-content\/uploads\/2023\/02\/image-28.png",620,300,false],"covernews-slider-center":["https:\/\/infoecos.com.ar\/wp-content\/uploads\/2023\/02\/image-28.png",620,300,false],"covernews-featured":["https:\/\/infoecos.com.ar\/wp-content\/uploads\/2023\/02\/image-28.png",620,300,false],"covernews-medium":["https:\/\/infoecos.com.ar\/wp-content\/uploads\/2023\/02\/image-28.png",540,261,false],"covernews-medium-square":["https:\/\/infoecos.com.ar\/wp-content\/uploads\/2023\/02\/image-28.png",400,194,false]},"author_info":{"info":["Jorge Matheus"]},"category_info":"<a href=\"https:\/\/infoecos.com.ar\/index.php\/category\/inferior6\/\" rel=\"category tag\">Bloque inferior - 6<\/a> <a href=\"https:\/\/infoecos.com.ar\/index.php\/category\/c3nota1\/\" rel=\"category tag\">C3 N1<\/a>","tag_info":"C3 N1","comment_count":"0","_links":{"self":[{"href":"https:\/\/infoecos.com.ar\/index.php\/wp-json\/wp\/v2\/posts\/101402"}],"collection":[{"href":"https:\/\/infoecos.com.ar\/index.php\/wp-json\/wp\/v2\/posts"}],"about":[{"href":"https:\/\/infoecos.com.ar\/index.php\/wp-json\/wp\/v2\/types\/post"}],"author":[{"embeddable":true,"href":"https:\/\/infoecos.com.ar\/index.php\/wp-json\/wp\/v2\/users\/2"}],"replies":[{"embeddable":true,"href":"https:\/\/infoecos.com.ar\/index.php\/wp-json\/wp\/v2\/comments?post=101402"}],"version-history":[{"count":1,"href":"https:\/\/infoecos.com.ar\/index.php\/wp-json\/wp\/v2\/posts\/101402\/revisions"}],"predecessor-version":[{"id":101404,"href":"https:\/\/infoecos.com.ar\/index.php\/wp-json\/wp\/v2\/posts\/101402\/revisions\/101404"}],"wp:featuredmedia":[{"embeddable":true,"href":"https:\/\/infoecos.com.ar\/index.php\/wp-json\/wp\/v2\/media\/101403"}],"wp:attachment":[{"href":"https:\/\/infoecos.com.ar\/index.php\/wp-json\/wp\/v2\/media?parent=101402"}],"wp:term":[{"taxonomy":"category","embeddable":true,"href":"https:\/\/infoecos.com.ar\/index.php\/wp-json\/wp\/v2\/categories?post=101402"},{"taxonomy":"post_tag","embeddable":true,"href":"https:\/\/infoecos.com.ar\/index.php\/wp-json\/wp\/v2\/tags?post=101402"}],"curies":[{"name":"wp","href":"https:\/\/api.w.org\/{rel}","templated":true}]}}