{"id":101405,"date":"2023-02-03T11:32:00","date_gmt":"2023-02-03T14:32:00","guid":{"rendered":"https:\/\/infoecos.com.ar\/?p=101405"},"modified":"2023-02-07T09:50:39","modified_gmt":"2023-02-07T12:50:39","slug":"los-chats-escalofriantes-entre-las-asesinas-de-lucio-dupuy","status":"publish","type":"post","link":"https:\/\/infoecos.com.ar\/index.php\/los-chats-escalofriantes-entre-las-asesinas-de-lucio-dupuy\/","title":{"rendered":"Los chats escalofriantes entre las asesinas de Lucio Dupuy"},"content":{"rendered":"\n<p>Se conocieron una serie de&nbsp;chats&nbsp;de WhatSapp entre <strong>Magdalena Esp\u00f3sito Valenti<\/strong>, la madre de Lucio Dupuy, y su pareja,&nbsp;<strong>Abigail P\u00e1ez<\/strong>.<\/p>\n\n\n\n<figure class=\"wp-block-image aligncenter size-large is-resized\"><img loading=\"lazy\" decoding=\"async\" src=\"https:\/\/infoecos.com.ar\/wp-content\/uploads\/2022\/08\/image-30-920x443.png\" alt=\"\" class=\"wp-image-95696\" width=\"702\" height=\"338\" srcset=\"https:\/\/infoecos.com.ar\/wp-content\/uploads\/2022\/08\/image-30-920x443.png 920w, https:\/\/infoecos.com.ar\/wp-content\/uploads\/2022\/08\/image-30-460x221.png 460w, https:\/\/infoecos.com.ar\/wp-content\/uploads\/2022\/08\/image-30-768x370.png 768w, https:\/\/infoecos.com.ar\/wp-content\/uploads\/2022\/08\/image-30-1024x493.png 1024w, https:\/\/infoecos.com.ar\/wp-content\/uploads\/2022\/08\/image-30.png 1440w\" sizes=\"(max-width: 702px) 100vw, 702px\" \/><\/figure>\n\n\n\n<p>En uno de esos chats, que data del 12 de febrero de 2021, Esp\u00f3sito Valenti le escribi\u00f3 a su pareja ante la preocupaci\u00f3n por las marcas que ten\u00eda Lucio en su cuerpo, seg\u00fan&nbsp;<strong>NA<\/strong>.<\/p>\n\n\n\n<p><strong>\u201cCualquier cosa Lucio se cay\u00f3 del \u00e1rbol y se golpe\u00f3 la cara, oka? Ya sabe el que tiene que decir eso. Pasa que no lo tiene que ver nadie\u201d<\/strong>, indic\u00f3 Esp\u00f3sito Valenti a P\u00e1ez. Y \u00e9sta le contest\u00f3: <strong>\u201cPorque adem\u00e1s me dijiste que el iba a seguir en penitencia y no lo est\u00e1\u201d<\/strong>. <strong>\u201cSi esta en penitencia; Solo sali\u00f3 porque la rebe me pregunt\u00f3 por el; Esta en la pieza; Estuvo ah\u00ed toda la ma\u00f1ana; Almorz\u00f3 solo ah\u00ed,&nbsp;y tom\u00f3 la leche solo ah\u00ed\u201d<\/strong>, sigui\u00f3 la madre del ni\u00f1o. A lo que P\u00e1ez sostuvo: <strong>\u201cNo, no vamos a salir a ning\u00fan lado hasta que no se le pase \u00e9l mambo y los moretones\u201d<\/strong>.<\/p>\n\n\n\n<p>El 20 y 21 de febrero de ese mismo a\u00f1o sigui\u00f3 la conversaci\u00f3n. P\u00e1ez escrib\u00eda<strong>: \u201cPero parece que desde que est\u00e1 Lucio nosotras no podemos pasarla bien juntas; Y eso me duele mucho a mi por lo menos, yo no s\u00e9 que tiene que pasar para que cambien las cosas\u201d<\/strong>. <strong>\u201cSi, pero no saben que lo recagas a palo, y que cada vez te cegas m\u00e1s. Y que yo no me puedo ni acercar porque no me lo permit\u00eds. Lo digo porque vos contas lo que te conviene\u201d<\/strong>, planteaba Esp\u00f3sito Valenti.<\/p>\n\n\n\n<p>En esta l\u00ednea, le remarcaba: <strong>\u201cY lo que te deja bien parada a vos. Yo ahora quede como la loca y la mala madre y la exagerada y la todo. Y fuiste vos la que empez\u00f3 con todo; O no? No fuiste vos la que lo agarr\u00f3 con el palo porque se meo?\u201d<\/strong>. <strong>\u201cLo que paso hoy es tu culpa, porque vos te obsesionas cada vez que Lucio se manda alguna\u201d<\/strong>, sentenciaba la madre de Lucio.<\/p>\n\n\n\n<p>En otra conversaci\u00f3n del 30 de septiembre siguieron hablando de los golpes. P\u00e1ez le dec\u00eda a Esp\u00f3sito Valenti: <strong>\u201cTe aviso que tu hijo la ligo, ya era sabido porque hace varios d\u00edas que se hace el sordo o el boludo, empez\u00f3 a hacerse el que se ahogaba en la mesa mientras cen\u00e1bamos los dos. Y yo estaba mirando el celular y cuando lo mire se hac\u00eda el que tos\u00eda y le digo deja de fantasmear si no te paso nada y ya empez\u00f3 a mariconear. Que quer\u00eda &nbsp;tomar agua y no sab\u00eda porque hizo eso. Se hace el pajero \u00faltimamente cuando estas vos o cuando te vas\u201d<\/strong>.<\/p>\n\n\n\n<p>Esp\u00f3sito Valenti asent\u00eda: <strong>Igual esta bien, porque ya ven\u00eda haci\u00e9ndose el boludo<\/strong>\u201d, dijo. Y P\u00e1ez agregaba: <strong>\u201cSigo siendo yo la mala de la pel\u00edcula, vos segu\u00eds sin ponerle los puntos as\u00ed que no me jodas, porque ni siquiera lo saludas cuando te vas, ni le das pelota as\u00ed que f\u00edjate. Porque me molesta que sigamos en la misma con respecto a Lucio\u201d<\/strong>.<\/p>\n\n\n\n<p><strong>\u201cEn la misma que? Esto es por el Lucio?\u201d<\/strong>, preguntaba la madre del ni\u00f1o. A lo que su pareja le remarcaba: <strong>\u201cSi, es por el Lucio. Porque no le das pelota Magdalena. Se qued\u00f3 re pajero ayer porque no lo saludaste. Y se pone en v\u00edctima. Osea, vos no entend\u00e9s que tenes que cambiar para con el\u201d. \u201cSi lo salud\u00e9, \u00e9l no me paso cabida y ni siquiera me puso la cara bien\u201d<\/strong>, le aseguraba Esp\u00f3sito Valenti.<\/p>\n\n\n\n<p>En tanto, P\u00e1ez le suger\u00eda: <strong>\u201cY sino cagalo una cachetada porque siempre tengo que hacer el trabajo sucio yo, boluda\u201d. \u201cEso quer\u00e9s? Que le cague una cachetada?\u201d<\/strong>, preguntaba Esp\u00f3sito Valenti. Y su pareja le respond\u00eda: <strong>\u201cSi &nbsp;no es la primera vez que te lo digo<\/strong>\u201d. Las conversaciones se conocieron este jueves, a partir del veredicto condenatorio.<\/p>\n\n\n\n<p>Poco antes, qued\u00f3 registro de la preocupaci\u00f3n entre ambas imputadas por los golpes que ten\u00eda Lucio. <strong>\u201cLe doy algo de comer al Lucio? O la leche aunque sea. Va a ir al jard\u00edn? Me parece que no es buena idea\u201d<\/strong>, dec\u00eda la madre del nene. A lo que P\u00e1ez manifestaba<strong>: \u201cY no s\u00e9. Tiene alguna marca en la cara? Que ni salga, parado contra la pared. Anoche no ten\u00eda nada\u201d. \u201cNo, no, no tiene nada<\/strong>\u201d, dec\u00eda la madre.<\/p>\n\n\n\n<p>Seguidamente, P\u00e1ez le reproch\u00f3: <strong>\u201cEl tema es que yo quiero estar sola con vos. Asi que no s\u00e9, lo dejas afuera en el patio, no s\u00e9. Pero yo no quiero verlo y no quiero que le dirijas la palabra porque ya ver\u00e1s&nbsp;como nos tom\u00e9 el pelo anoche. Est\u00e1 despierto de las 7, igual se qued\u00f3 despierto cuando yo lo fui a ver. Estaba parado cuando vos entraste?\u201d<\/strong>, consult\u00f3 luego.<\/p>\n\n\n\n<p>Y la madre asinti\u00f3: <strong>Si, si. Y esta ah\u00ed parado\u201d<\/strong>. No obstante, P\u00e1ez asever\u00f3<strong>: \u201cD\u00e9jalo solo ah\u00ed. Que se quede ah\u00ed encerrado, y abr\u00ed la ventana de su pieza un poco que hab\u00eda un olor a todo. Ah\u00ed le puse hielo en el chich\u00f3n que tiene, en una de las veces que lo empuje hoy se golpeo y se le hincho un toke. Pero bueno, ya se le est\u00e1 yendo con el hielo, dice que se golpe\u00f3 con la cama\u201d<\/strong>, concluy\u00f3 la pareja de Esp\u00f3sito Valenti.<\/p>\n\n\n\n<figure class=\"wp-block-embed is-type-video is-provider-youtube wp-block-embed-youtube wp-embed-aspect-16-9 wp-has-aspect-ratio\"><div class=\"wp-block-embed__wrapper\">\n<iframe loading=\"lazy\" title=\"Los chats de las asesinas de Lucio Dupuy para tapar las agresiones al ni\u00f1o\" width=\"640\" height=\"360\" src=\"https:\/\/www.youtube.com\/embed\/5yvCz3_4Lv0?start=5&#038;feature=oembed\" frameborder=\"0\" allow=\"accelerometer; autoplay; clipboard-write; encrypted-media; gyroscope; picture-in-picture; web-share\" referrerpolicy=\"strict-origin-when-cross-origin\" allowfullscreen><\/iframe>\n<\/div><\/figure>\n","protected":false},"excerpt":{"rendered":"<p>En uno de esos chats, que data del 12 de febrero de 2021, Esp\u00f3sito Valenti le escribi\u00f3 a su pareja ante la preocupaci\u00f3n por las marcas que ten\u00eda Lucio en su cuerpo, seg\u00fan\u00a0NA.<\/p>\n","protected":false},"author":2,"featured_media":90802,"comment_status":"closed","ping_status":"open","sticky":false,"template":"","format":"standard","meta":{"footnotes":""},"categories":[43],"tags":[7249],"class_list":["post-101405","post","type-post","status-publish","format-standard","has-post-thumbnail","hentry","category-inferior4","tag-su-madre-y-su-pareja"],"yoast_head":"<!-- This site is optimized with the Yoast SEO plugin v23.4 - https:\/\/yoast.com\/wordpress\/plugins\/seo\/ -->\n<title>Los chats escalofriantes entre las asesinas de Lucio Dupuy - Infoecos<\/title>\n<meta name=\"robots\" content=\"index, follow, max-snippet:-1, max-image-preview:large, max-video-preview:-1\" \/>\n<link rel=\"canonical\" href=\"https:\/\/infoecos.com.ar\/index.php\/los-chats-escalofriantes-entre-las-asesinas-de-lucio-dupuy\/\" \/>\n<meta property=\"og:locale\" content=\"es_ES\" \/>\n<meta property=\"og:type\" content=\"article\" \/>\n<meta property=\"og:title\" content=\"Los chats escalofriantes entre las asesinas de Lucio Dupuy - Infoecos\" \/>\n<meta property=\"og:description\" content=\"En uno de esos chats, que data del 12 de febrero de 2021, Esp\u00f3sito Valenti le escribi\u00f3 a su pareja ante la preocupaci\u00f3n por las marcas que ten\u00eda Lucio en su cuerpo, seg\u00fan\u00a0NA.\" \/>\n<meta property=\"og:url\" content=\"https:\/\/infoecos.com.ar\/index.php\/los-chats-escalofriantes-entre-las-asesinas-de-lucio-dupuy\/\" \/>\n<meta property=\"og:site_name\" content=\"Infoecos\" \/>\n<meta property=\"article:publisher\" content=\"https:\/\/www.facebook.com\/profile.php?id=100063200290284\" \/>\n<meta property=\"article:published_time\" content=\"2023-02-03T14:32:00+00:00\" \/>\n<meta property=\"article:modified_time\" content=\"2023-02-07T12:50:39+00:00\" \/>\n<meta property=\"og:image\" content=\"https:\/\/infoecos.com.ar\/wp-content\/uploads\/2022\/04\/lucio-dupuy-asesinato.jpg\" \/>\n\t<meta property=\"og:image:width\" content=\"1000\" \/>\n\t<meta property=\"og:image:height\" content=\"563\" \/>\n\t<meta property=\"og:image:type\" content=\"image\/jpeg\" \/>\n<meta name=\"author\" content=\"Jorge Matheus\" \/>\n<meta name=\"twitter:card\" content=\"summary_large_image\" \/>\n<meta name=\"twitter:creator\" content=\"@infoecos\" \/>\n<meta name=\"twitter:site\" content=\"@infoecos\" \/>\n<meta name=\"twitter:label1\" content=\"Escrito por\" \/>\n\t<meta name=\"twitter:data1\" content=\"Jorge Matheus\" \/>\n\t<meta name=\"twitter:label2\" content=\"Tiempo de lectura\" \/>\n\t<meta name=\"twitter:data2\" content=\"5 minutos\" \/>\n<script type=\"application\/ld+json\" class=\"yoast-schema-graph\">{\"@context\":\"https:\/\/schema.org\",\"@graph\":[{\"@type\":\"Article\",\"@id\":\"https:\/\/infoecos.com.ar\/index.php\/los-chats-escalofriantes-entre-las-asesinas-de-lucio-dupuy\/#article\",\"isPartOf\":{\"@id\":\"https:\/\/infoecos.com.ar\/index.php\/los-chats-escalofriantes-entre-las-asesinas-de-lucio-dupuy\/\"},\"author\":{\"name\":\"Jorge Matheus\",\"@id\":\"https:\/\/infoecos.com.ar\/#\/schema\/person\/8f5ace5ce73b4b4aac4b7245aee6f191\"},\"headline\":\"Los chats escalofriantes entre las asesinas de Lucio Dupuy\",\"datePublished\":\"2023-02-03T14:32:00+00:00\",\"dateModified\":\"2023-02-07T12:50:39+00:00\",\"mainEntityOfPage\":{\"@id\":\"https:\/\/infoecos.com.ar\/index.php\/los-chats-escalofriantes-entre-las-asesinas-de-lucio-dupuy\/\"},\"wordCount\":963,\"publisher\":{\"@id\":\"https:\/\/infoecos.com.ar\/#organization\"},\"image\":{\"@id\":\"https:\/\/infoecos.com.ar\/index.php\/los-chats-escalofriantes-entre-las-asesinas-de-lucio-dupuy\/#primaryimage\"},\"thumbnailUrl\":\"https:\/\/infoecos.com.ar\/wp-content\/uploads\/2022\/04\/lucio-dupuy-asesinato.jpg\",\"keywords\":[\"su madre y su pareja\"],\"articleSection\":[\"Bloque inferior - 4\"],\"inLanguage\":\"es\"},{\"@type\":\"WebPage\",\"@id\":\"https:\/\/infoecos.com.ar\/index.php\/los-chats-escalofriantes-entre-las-asesinas-de-lucio-dupuy\/\",\"url\":\"https:\/\/infoecos.com.ar\/index.php\/los-chats-escalofriantes-entre-las-asesinas-de-lucio-dupuy\/\",\"name\":\"Los chats escalofriantes entre las asesinas de Lucio Dupuy - Infoecos\",\"isPartOf\":{\"@id\":\"https:\/\/infoecos.com.ar\/#website\"},\"primaryImageOfPage\":{\"@id\":\"https:\/\/infoecos.com.ar\/index.php\/los-chats-escalofriantes-entre-las-asesinas-de-lucio-dupuy\/#primaryimage\"},\"image\":{\"@id\":\"https:\/\/infoecos.com.ar\/index.php\/los-chats-escalofriantes-entre-las-asesinas-de-lucio-dupuy\/#primaryimage\"},\"thumbnailUrl\":\"https:\/\/infoecos.com.ar\/wp-content\/uploads\/2022\/04\/lucio-dupuy-asesinato.jpg\",\"datePublished\":\"2023-02-03T14:32:00+00:00\",\"dateModified\":\"2023-02-07T12:50:39+00:00\",\"breadcrumb\":{\"@id\":\"https:\/\/infoecos.com.ar\/index.php\/los-chats-escalofriantes-entre-las-asesinas-de-lucio-dupuy\/#breadcrumb\"},\"inLanguage\":\"es\",\"potentialAction\":[{\"@type\":\"ReadAction\",\"target\":[\"https:\/\/infoecos.com.ar\/index.php\/los-chats-escalofriantes-entre-las-asesinas-de-lucio-dupuy\/\"]}]},{\"@type\":\"ImageObject\",\"inLanguage\":\"es\",\"@id\":\"https:\/\/infoecos.com.ar\/index.php\/los-chats-escalofriantes-entre-las-asesinas-de-lucio-dupuy\/#primaryimage\",\"url\":\"https:\/\/infoecos.com.ar\/wp-content\/uploads\/2022\/04\/lucio-dupuy-asesinato.jpg\",\"contentUrl\":\"https:\/\/infoecos.com.ar\/wp-content\/uploads\/2022\/04\/lucio-dupuy-asesinato.jpg\",\"width\":1000,\"height\":563},{\"@type\":\"BreadcrumbList\",\"@id\":\"https:\/\/infoecos.com.ar\/index.php\/los-chats-escalofriantes-entre-las-asesinas-de-lucio-dupuy\/#breadcrumb\",\"itemListElement\":[{\"@type\":\"ListItem\",\"position\":1,\"name\":\"Portada\",\"item\":\"https:\/\/infoecos.com.ar\/\"},{\"@type\":\"ListItem\",\"position\":2,\"name\":\"Los chats escalofriantes entre las asesinas de Lucio Dupuy\"}]},{\"@type\":\"WebSite\",\"@id\":\"https:\/\/infoecos.com.ar\/#website\",\"url\":\"https:\/\/infoecos.com.ar\/\",\"name\":\"Infoecos\",\"description\":\"Noticias de trenque lauquen y la zona\",\"publisher\":{\"@id\":\"https:\/\/infoecos.com.ar\/#organization\"},\"alternateName\":\"Noticias\",\"potentialAction\":[{\"@type\":\"SearchAction\",\"target\":{\"@type\":\"EntryPoint\",\"urlTemplate\":\"https:\/\/infoecos.com.ar\/?s={search_term_string}\"},\"query-input\":{\"@type\":\"PropertyValueSpecification\",\"valueRequired\":true,\"valueName\":\"search_term_string\"}}],\"inLanguage\":\"es\"},{\"@type\":\"Organization\",\"@id\":\"https:\/\/infoecos.com.ar\/#organization\",\"name\":\"Infoecos\",\"alternateName\":\"Noticias\",\"url\":\"https:\/\/infoecos.com.ar\/\",\"logo\":{\"@type\":\"ImageObject\",\"inLanguage\":\"es\",\"@id\":\"https:\/\/infoecos.com.ar\/#\/schema\/logo\/image\/\",\"url\":\"https:\/\/infoecos.com.ar\/wp-content\/uploads\/2024\/03\/cropped-logo.png\",\"contentUrl\":\"https:\/\/infoecos.com.ar\/wp-content\/uploads\/2024\/03\/cropped-logo.png\",\"width\":374,\"height\":90,\"caption\":\"Infoecos\"},\"image\":{\"@id\":\"https:\/\/infoecos.com.ar\/#\/schema\/logo\/image\/\"},\"sameAs\":[\"https:\/\/www.facebook.com\/profile.php?id=100063200290284\",\"https:\/\/x.com\/infoecos\"]},{\"@type\":\"Person\",\"@id\":\"https:\/\/infoecos.com.ar\/#\/schema\/person\/8f5ace5ce73b4b4aac4b7245aee6f191\",\"name\":\"Jorge Matheus\",\"url\":\"https:\/\/infoecos.com.ar\/index.php\/author\/jomatheus\/\"}]}<\/script>\n<!-- \/ Yoast SEO plugin. -->","yoast_head_json":{"title":"Los chats escalofriantes entre las asesinas de Lucio Dupuy - Infoecos","robots":{"index":"index","follow":"follow","max-snippet":"max-snippet:-1","max-image-preview":"max-image-preview:large","max-video-preview":"max-video-preview:-1"},"canonical":"https:\/\/infoecos.com.ar\/index.php\/los-chats-escalofriantes-entre-las-asesinas-de-lucio-dupuy\/","og_locale":"es_ES","og_type":"article","og_title":"Los chats escalofriantes entre las asesinas de Lucio Dupuy - Infoecos","og_description":"En uno de esos chats, que data del 12 de febrero de 2021, Esp\u00f3sito Valenti le escribi\u00f3 a su pareja ante la preocupaci\u00f3n por las marcas que ten\u00eda Lucio en su cuerpo, seg\u00fan\u00a0NA.","og_url":"https:\/\/infoecos.com.ar\/index.php\/los-chats-escalofriantes-entre-las-asesinas-de-lucio-dupuy\/","og_site_name":"Infoecos","article_publisher":"https:\/\/www.facebook.com\/profile.php?id=100063200290284","article_published_time":"2023-02-03T14:32:00+00:00","article_modified_time":"2023-02-07T12:50:39+00:00","og_image":[{"width":1000,"height":563,"url":"https:\/\/infoecos.com.ar\/wp-content\/uploads\/2022\/04\/lucio-dupuy-asesinato.jpg","type":"image\/jpeg"}],"author":"Jorge Matheus","twitter_card":"summary_large_image","twitter_creator":"@infoecos","twitter_site":"@infoecos","twitter_misc":{"Escrito por":"Jorge Matheus","Tiempo de lectura":"5 minutos"},"schema":{"@context":"https:\/\/schema.org","@graph":[{"@type":"Article","@id":"https:\/\/infoecos.com.ar\/index.php\/los-chats-escalofriantes-entre-las-asesinas-de-lucio-dupuy\/#article","isPartOf":{"@id":"https:\/\/infoecos.com.ar\/index.php\/los-chats-escalofriantes-entre-las-asesinas-de-lucio-dupuy\/"},"author":{"name":"Jorge Matheus","@id":"https:\/\/infoecos.com.ar\/#\/schema\/person\/8f5ace5ce73b4b4aac4b7245aee6f191"},"headline":"Los chats escalofriantes entre las asesinas de Lucio Dupuy","datePublished":"2023-02-03T14:32:00+00:00","dateModified":"2023-02-07T12:50:39+00:00","mainEntityOfPage":{"@id":"https:\/\/infoecos.com.ar\/index.php\/los-chats-escalofriantes-entre-las-asesinas-de-lucio-dupuy\/"},"wordCount":963,"publisher":{"@id":"https:\/\/infoecos.com.ar\/#organization"},"image":{"@id":"https:\/\/infoecos.com.ar\/index.php\/los-chats-escalofriantes-entre-las-asesinas-de-lucio-dupuy\/#primaryimage"},"thumbnailUrl":"https:\/\/infoecos.com.ar\/wp-content\/uploads\/2022\/04\/lucio-dupuy-asesinato.jpg","keywords":["su madre y su pareja"],"articleSection":["Bloque inferior - 4"],"inLanguage":"es"},{"@type":"WebPage","@id":"https:\/\/infoecos.com.ar\/index.php\/los-chats-escalofriantes-entre-las-asesinas-de-lucio-dupuy\/","url":"https:\/\/infoecos.com.ar\/index.php\/los-chats-escalofriantes-entre-las-asesinas-de-lucio-dupuy\/","name":"Los chats escalofriantes entre las asesinas de Lucio Dupuy - Infoecos","isPartOf":{"@id":"https:\/\/infoecos.com.ar\/#website"},"primaryImageOfPage":{"@id":"https:\/\/infoecos.com.ar\/index.php\/los-chats-escalofriantes-entre-las-asesinas-de-lucio-dupuy\/#primaryimage"},"image":{"@id":"https:\/\/infoecos.com.ar\/index.php\/los-chats-escalofriantes-entre-las-asesinas-de-lucio-dupuy\/#primaryimage"},"thumbnailUrl":"https:\/\/infoecos.com.ar\/wp-content\/uploads\/2022\/04\/lucio-dupuy-asesinato.jpg","datePublished":"2023-02-03T14:32:00+00:00","dateModified":"2023-02-07T12:50:39+00:00","breadcrumb":{"@id":"https:\/\/infoecos.com.ar\/index.php\/los-chats-escalofriantes-entre-las-asesinas-de-lucio-dupuy\/#breadcrumb"},"inLanguage":"es","potentialAction":[{"@type":"ReadAction","target":["https:\/\/infoecos.com.ar\/index.php\/los-chats-escalofriantes-entre-las-asesinas-de-lucio-dupuy\/"]}]},{"@type":"ImageObject","inLanguage":"es","@id":"https:\/\/infoecos.com.ar\/index.php\/los-chats-escalofriantes-entre-las-asesinas-de-lucio-dupuy\/#primaryimage","url":"https:\/\/infoecos.com.ar\/wp-content\/uploads\/2022\/04\/lucio-dupuy-asesinato.jpg","contentUrl":"https:\/\/infoecos.com.ar\/wp-content\/uploads\/2022\/04\/lucio-dupuy-asesinato.jpg","width":1000,"height":563},{"@type":"BreadcrumbList","@id":"https:\/\/infoecos.com.ar\/index.php\/los-chats-escalofriantes-entre-las-asesinas-de-lucio-dupuy\/#breadcrumb","itemListElement":[{"@type":"ListItem","position":1,"name":"Portada","item":"https:\/\/infoecos.com.ar\/"},{"@type":"ListItem","position":2,"name":"Los chats escalofriantes entre las asesinas de Lucio Dupuy"}]},{"@type":"WebSite","@id":"https:\/\/infoecos.com.ar\/#website","url":"https:\/\/infoecos.com.ar\/","name":"Infoecos","description":"Noticias de trenque lauquen y la zona","publisher":{"@id":"https:\/\/infoecos.com.ar\/#organization"},"alternateName":"Noticias","potentialAction":[{"@type":"SearchAction","target":{"@type":"EntryPoint","urlTemplate":"https:\/\/infoecos.com.ar\/?s={search_term_string}"},"query-input":{"@type":"PropertyValueSpecification","valueRequired":true,"valueName":"search_term_string"}}],"inLanguage":"es"},{"@type":"Organization","@id":"https:\/\/infoecos.com.ar\/#organization","name":"Infoecos","alternateName":"Noticias","url":"https:\/\/infoecos.com.ar\/","logo":{"@type":"ImageObject","inLanguage":"es","@id":"https:\/\/infoecos.com.ar\/#\/schema\/logo\/image\/","url":"https:\/\/infoecos.com.ar\/wp-content\/uploads\/2024\/03\/cropped-logo.png","contentUrl":"https:\/\/infoecos.com.ar\/wp-content\/uploads\/2024\/03\/cropped-logo.png","width":374,"height":90,"caption":"Infoecos"},"image":{"@id":"https:\/\/infoecos.com.ar\/#\/schema\/logo\/image\/"},"sameAs":["https:\/\/www.facebook.com\/profile.php?id=100063200290284","https:\/\/x.com\/infoecos"]},{"@type":"Person","@id":"https:\/\/infoecos.com.ar\/#\/schema\/person\/8f5ace5ce73b4b4aac4b7245aee6f191","name":"Jorge Matheus","url":"https:\/\/infoecos.com.ar\/index.php\/author\/jomatheus\/"}]}},"featured_image_urls":{"full":["https:\/\/infoecos.com.ar\/wp-content\/uploads\/2022\/04\/lucio-dupuy-asesinato.jpg",1000,563,false],"thumbnail":["https:\/\/infoecos.com.ar\/wp-content\/uploads\/2022\/04\/lucio-dupuy-asesinato-150x150.jpg",150,150,true],"medium":["https:\/\/infoecos.com.ar\/wp-content\/uploads\/2022\/04\/lucio-dupuy-asesinato-460x259.jpg",460,259,true],"medium_large":["https:\/\/infoecos.com.ar\/wp-content\/uploads\/2022\/04\/lucio-dupuy-asesinato-768x432.jpg",640,360,true],"large":["https:\/\/infoecos.com.ar\/wp-content\/uploads\/2022\/04\/lucio-dupuy-asesinato-920x518.jpg",640,360,true],"1536x1536":["https:\/\/infoecos.com.ar\/wp-content\/uploads\/2022\/04\/lucio-dupuy-asesinato.jpg",1000,563,false],"2048x2048":["https:\/\/infoecos.com.ar\/wp-content\/uploads\/2022\/04\/lucio-dupuy-asesinato.jpg",1000,563,false],"covernews-slider-full":["https:\/\/infoecos.com.ar\/wp-content\/uploads\/2022\/04\/lucio-dupuy-asesinato.jpg",1000,563,false],"covernews-slider-center":["https:\/\/infoecos.com.ar\/wp-content\/uploads\/2022\/04\/lucio-dupuy-asesinato-936x563.jpg",800,481,true],"covernews-featured":["https:\/\/infoecos.com.ar\/wp-content\/uploads\/2022\/04\/lucio-dupuy-asesinato.jpg",1000,563,false],"covernews-medium":["https:\/\/infoecos.com.ar\/wp-content\/uploads\/2022\/04\/lucio-dupuy-asesinato-720x380.jpg",540,285,true],"covernews-medium-square":["https:\/\/infoecos.com.ar\/wp-content\/uploads\/2022\/04\/lucio-dupuy-asesinato-675x450.jpg",375,250,true]},"author_info":{"info":["Jorge Matheus"]},"category_info":"<a href=\"https:\/\/infoecos.com.ar\/index.php\/category\/inferior4\/\" rel=\"category tag\">Bloque inferior - 4<\/a>","tag_info":"Bloque inferior - 4","comment_count":"0","_links":{"self":[{"href":"https:\/\/infoecos.com.ar\/index.php\/wp-json\/wp\/v2\/posts\/101405"}],"collection":[{"href":"https:\/\/infoecos.com.ar\/index.php\/wp-json\/wp\/v2\/posts"}],"about":[{"href":"https:\/\/infoecos.com.ar\/index.php\/wp-json\/wp\/v2\/types\/post"}],"author":[{"embeddable":true,"href":"https:\/\/infoecos.com.ar\/index.php\/wp-json\/wp\/v2\/users\/2"}],"replies":[{"embeddable":true,"href":"https:\/\/infoecos.com.ar\/index.php\/wp-json\/wp\/v2\/comments?post=101405"}],"version-history":[{"count":3,"href":"https:\/\/infoecos.com.ar\/index.php\/wp-json\/wp\/v2\/posts\/101405\/revisions"}],"predecessor-version":[{"id":101449,"href":"https:\/\/infoecos.com.ar\/index.php\/wp-json\/wp\/v2\/posts\/101405\/revisions\/101449"}],"wp:featuredmedia":[{"embeddable":true,"href":"https:\/\/infoecos.com.ar\/index.php\/wp-json\/wp\/v2\/media\/90802"}],"wp:attachment":[{"href":"https:\/\/infoecos.com.ar\/index.php\/wp-json\/wp\/v2\/media?parent=101405"}],"wp:term":[{"taxonomy":"category","embeddable":true,"href":"https:\/\/infoecos.com.ar\/index.php\/wp-json\/wp\/v2\/categories?post=101405"},{"taxonomy":"post_tag","embeddable":true,"href":"https:\/\/infoecos.com.ar\/index.php\/wp-json\/wp\/v2\/tags?post=101405"}],"curies":[{"name":"wp","href":"https:\/\/api.w.org\/{rel}","templated":true}]}}