{"id":101422,"date":"2023-02-05T20:50:44","date_gmt":"2023-02-05T23:50:44","guid":{"rendered":"https:\/\/infoecos.com.ar\/?p=101422"},"modified":"2023-02-08T02:35:52","modified_gmt":"2023-02-08T05:35:52","slug":"llore-porque-vi-la-cara-de-esos-hijos-de-puta-y-se-reviven-los-momentos-que-uno-vivio-senalo","status":"publish","type":"post","link":"https:\/\/infoecos.com.ar\/index.php\/llore-porque-vi-la-cara-de-esos-hijos-de-puta-y-se-reviven-los-momentos-que-uno-vivio-senalo\/","title":{"rendered":"\u00abLlor\u00e9 porque vi la cara de esos hijos de puta y se reviven los momentos que uno vivi\u00f3\u00bb, se\u00f1al\u00f3"},"content":{"rendered":"\n<p>Juan Carlos Blumberg, empresario textil devenido a pol\u00edtico a partir de una circunstancia extremedamente dolorosa como fue el secuestro y posterior muerte de su \u00fanico hijo en el 2004, estuvo en Santa Rosa, el pasado d\u00eda 2 de Febrero, en oportunidad de la lectura del veredicto por el asesinato de Lucio Dupuy. Ese mismo d\u00eda pernoct\u00f3 en Trenque Lauquen. Compartimos un asado con \u00e9l, por fuera de intereses period\u00edsticos. Para hablar de la vida, su experiencia y brindarle mayor calidez al \u00e1mbito donde se hosped\u00f3: la casa de uno de sus amigos. De resultas de ese encuentro con aristas afectivas con el due\u00f1o de casa, surgi\u00f3 una larga entrevista. En la misma se lo consult\u00f3 sobre porque estaba en la &nbsp;zona, como as\u00ed tambi\u00e9n le pedimos incursionara en opiniones vinculadas con el pa\u00eds.<\/p>\n\n\n\n<figure class=\"wp-block-image aligncenter size-full is-resized\"><img loading=\"lazy\" decoding=\"async\" src=\"https:\/\/infoecos.com.ar\/wp-content\/uploads\/2023\/02\/image-29.png\" alt=\"\" class=\"wp-image-101424\" width=\"409\" height=\"545\" srcset=\"https:\/\/infoecos.com.ar\/wp-content\/uploads\/2023\/02\/image-29.png 1200w, https:\/\/infoecos.com.ar\/wp-content\/uploads\/2023\/02\/image-29-600x800.png 600w, https:\/\/infoecos.com.ar\/wp-content\/uploads\/2023\/02\/image-29-768x1024.png 768w, https:\/\/infoecos.com.ar\/wp-content\/uploads\/2023\/02\/image-29-1152x1536.png 1152w, https:\/\/infoecos.com.ar\/wp-content\/uploads\/2023\/02\/image-29-1024x1365.png 1024w\" sizes=\"(max-width: 409px) 100vw, 409px\" \/><figcaption class=\"wp-element-caption\">Juan Carlos Blumberg con Jorge Matheus<\/figcaption><\/figure>\n\n\n\n<p>Desde el horrendo acontecimiento de noviembre del 2021 en Santa Rosa (La Pampa), pasando por lo que le toc\u00f3 vivir, su tarea empresaria, la adhesi\u00f3n a Milei que ser\u00e1 candidato a presidente de la Naci\u00f3n se fueron decantando en el di\u00e1logo, claramente improvisado, pero con contenido, al punto que cualquier medio de los considerdos grandes se har\u00eda un \u201cfest\u00edn.<\/p>\n\n\n\n<p>Blumberg defini\u00f3 a Milei como <strong>\u201cmuy inteligente y con las ideas claras. No se calla y eso es lo que molesta. Las encuestas demuestran que tiene un gran respaldo, lo que nosotros podemos comprobar cuando lo acompa\u00f1amos\u201d<\/strong>. Asegur\u00f3 que \u00e9l ser\u00e1 <strong>\u201ccandidato a Diputado Nacional, y as\u00ed como lo he hecho desde la fundaci\u00f3n trabajar\u00e9 fuerte en la cuesti\u00f3n vinculada con la seguridad, como as\u00ed tambi\u00e9n en un mejoramiento de todas las prestaciones del Estado. As\u00ed no se puede seguir. Argentina no camina. Este gobierno es un desastre\u201d.<\/strong><\/p>\n\n\n\n<p>Se refiri\u00f3 al veredicto del juzgado pampeano en torno a la madre y a la pareja de Lucio Dupuy. Estuvo en Santa Rosa, el pasado jueves. Al ser interrogado sobre porque llor\u00f3 durante la lectura, antes y despu\u00e9s, Blumberg manifest\u00f3 que <strong>\u201cese asesinato se podr\u00eda haber evitado. Usted sabe lo que significa que a un chico de esa edad lo hayan estado maltratando, violando. Es una cosa que a uno no le entra en la cabeza. Yo me acordaba cuando esperaba la sentencia de Axel, y usted ve la cara de esas hijos de puta que le mataron a su hijo. Yo acompa\u00f1\u00e9 m\u00e1s de mil casos de v\u00edctimas, y cada uno viene y te cuenta. Usted est\u00e1 reviviendo lo que le sucedi\u00f3\u201d.<\/strong><\/p>\n\n\n\n<figure class=\"wp-block-image aligncenter size-full is-resized\"><img loading=\"lazy\" decoding=\"async\" src=\"https:\/\/infoecos.com.ar\/wp-content\/uploads\/2023\/02\/WhatsApp-Image-2023-02-03-at-10.13.18-1.jpeg\" alt=\"\" class=\"wp-image-101425\" width=\"377\" height=\"293\" srcset=\"https:\/\/infoecos.com.ar\/wp-content\/uploads\/2023\/02\/WhatsApp-Image-2023-02-03-at-10.13.18-1.jpeg 925w, https:\/\/infoecos.com.ar\/wp-content\/uploads\/2023\/02\/WhatsApp-Image-2023-02-03-at-10.13.18-1-800x623.jpeg 800w, https:\/\/infoecos.com.ar\/wp-content\/uploads\/2023\/02\/WhatsApp-Image-2023-02-03-at-10.13.18-1-768x598.jpeg 768w\" sizes=\"(max-width: 377px) 100vw, 377px\" \/><figcaption class=\"wp-element-caption\">Juan Carlos Blumberg con Jorge Matheus <\/figcaption><\/figure>\n\n\n\n<p>Cuando habl\u00f3 del campo, en virtud que se hab\u00eda compartido con \u00e9l una cena en un establecimiento agropecuario, Blumberg indic\u00f3 que <strong>\u201cac\u00e1 est\u00e1 la producci\u00f3n econ\u00f3mica quiz\u00e1 m\u00e1s importante del pa\u00eds. Y los boludos de este gobierno no se quieren dar cuenta. En el campo del Chaco, por ejemplo, trabaj\u00e9 con 57 colonos plantando algod\u00f3n. Nos interes\u00e1bamos en el negocio, gener\u00e1bamos la mejor semilla. Alent\u00e1bamos a los colonos sin que arriesgaran ni un centavo. Eso lo hicimos durante a\u00f1os. Conozco lo que es el campo, el esfuerzo de la gente. Hice f\u00e1bricas en La Rioja, Corrientes, Tucum\u00e1n. Conozco la Argentina. Hay mucho por hacer\u201d.<\/strong><\/p>\n\n\n\n<p>Censur\u00f3 duramente a N\u00e9stor Kirchner. <strong>\u201cEstuve muchas veces con \u00e9l. No se olvide que a Axel lo mataron en el 2004. No conoc\u00eda el pa\u00eds, apenas sab\u00eda hablar del presente y futuro. Creo que solo sab\u00eda contar plata\u201d,<\/strong> apunt\u00f3. Al mencionar a Cristina Fern\u00e1ndez de Kirchner, ratific\u00f3 que <strong>\u201cdebe rendir cuentas ante la Justicia. Se la ha encontrado culpable de los delitos de corrupci\u00f3n. Habr\u00eda que recuperar esos fondos que desaparecieron. Y, adem\u00e1s, no puede ser candidata a presidenta de la Naci\u00f3n\u201d<\/strong>.<\/p>\n\n\n\n<p>Volviendo al veredicto de Santa Rosa, Blumberg expres\u00f3 que <strong>\u201clos fiscales han manifestado que pedir\u00e1n la incorporaci\u00f3n del delito sexual para la madre y, adem\u00e1s, creo que se debe juzgar a quienes permitieron que se concretara esta barbarie\u201d.<\/strong><\/p>\n\n\n\n<p><strong>NdR*: la nota es m\u00e1s extensa. Problemas en la grabaci\u00f3n impiden su publicaci\u00f3n total, lo que har\u00e9 en el transcurso de la semana.<\/strong><\/p>\n\n\n\n<p><strong>*Jorge Matheus<\/strong><\/p>\n\n\n\n<p><\/p>\n","protected":false},"excerpt":{"rendered":"<p>Exclusivo. Juan Carlos Blumberg, estuvo en Trenque Lauquen, luego de haber asistido a la lectura del veredicto por el asesinato a Lucio Dupuy. Habl\u00f3 del caso y de mucho m\u00e1s. <\/p>\n","protected":false},"author":2,"featured_media":101423,"comment_status":"closed","ping_status":"open","sticky":false,"template":"","format":"standard","meta":{"footnotes":""},"categories":[41],"tags":[7252],"class_list":["post-101422","post","type-post","status-publish","format-standard","has-post-thumbnail","hentry","category-inferior2","tag-caso-lucio-blumberg-con-infoecos"],"yoast_head":"<!-- This site is optimized with the Yoast SEO plugin v23.4 - https:\/\/yoast.com\/wordpress\/plugins\/seo\/ -->\n<title>&quot;Llor\u00e9 porque vi la cara de esos hijos de puta y se reviven los momentos que uno vivi\u00f3&quot;, se\u00f1al\u00f3 - Infoecos<\/title>\n<meta name=\"robots\" content=\"index, follow, max-snippet:-1, max-image-preview:large, max-video-preview:-1\" \/>\n<link rel=\"canonical\" href=\"https:\/\/infoecos.com.ar\/index.php\/llore-porque-vi-la-cara-de-esos-hijos-de-puta-y-se-reviven-los-momentos-que-uno-vivio-senalo\/\" \/>\n<meta property=\"og:locale\" content=\"es_ES\" \/>\n<meta property=\"og:type\" content=\"article\" \/>\n<meta property=\"og:title\" content=\"&quot;Llor\u00e9 porque vi la cara de esos hijos de puta y se reviven los momentos que uno vivi\u00f3&quot;, se\u00f1al\u00f3 - Infoecos\" \/>\n<meta property=\"og:description\" content=\"Exclusivo. Juan Carlos Blumberg, estuvo en Trenque Lauquen, luego de haber asistido a la lectura del veredicto por el asesinato a Lucio Dupuy. Habl\u00f3 del caso y de mucho m\u00e1s.\" \/>\n<meta property=\"og:url\" content=\"https:\/\/infoecos.com.ar\/index.php\/llore-porque-vi-la-cara-de-esos-hijos-de-puta-y-se-reviven-los-momentos-que-uno-vivio-senalo\/\" \/>\n<meta property=\"og:site_name\" content=\"Infoecos\" \/>\n<meta property=\"article:publisher\" content=\"https:\/\/www.facebook.com\/profile.php?id=100063200290284\" \/>\n<meta property=\"article:published_time\" content=\"2023-02-05T23:50:44+00:00\" \/>\n<meta property=\"article:modified_time\" content=\"2023-02-08T05:35:52+00:00\" \/>\n<meta property=\"og:image\" content=\"https:\/\/infoecos.com.ar\/wp-content\/uploads\/2023\/02\/WhatsApp-Image-2023-02-03-at-10.13.18.jpeg\" \/>\n\t<meta property=\"og:image:width\" content=\"925\" \/>\n\t<meta property=\"og:image:height\" content=\"720\" \/>\n\t<meta property=\"og:image:type\" content=\"image\/jpeg\" \/>\n<meta name=\"author\" content=\"Jorge Matheus\" \/>\n<meta name=\"twitter:card\" content=\"summary_large_image\" \/>\n<meta name=\"twitter:creator\" content=\"@infoecos\" \/>\n<meta name=\"twitter:site\" content=\"@infoecos\" \/>\n<meta name=\"twitter:label1\" content=\"Escrito por\" \/>\n\t<meta name=\"twitter:data1\" content=\"Jorge Matheus\" \/>\n\t<meta name=\"twitter:label2\" content=\"Tiempo de lectura\" \/>\n\t<meta name=\"twitter:data2\" content=\"4 minutos\" \/>\n<script type=\"application\/ld+json\" class=\"yoast-schema-graph\">{\"@context\":\"https:\/\/schema.org\",\"@graph\":[{\"@type\":\"Article\",\"@id\":\"https:\/\/infoecos.com.ar\/index.php\/llore-porque-vi-la-cara-de-esos-hijos-de-puta-y-se-reviven-los-momentos-que-uno-vivio-senalo\/#article\",\"isPartOf\":{\"@id\":\"https:\/\/infoecos.com.ar\/index.php\/llore-porque-vi-la-cara-de-esos-hijos-de-puta-y-se-reviven-los-momentos-que-uno-vivio-senalo\/\"},\"author\":{\"name\":\"Jorge Matheus\",\"@id\":\"https:\/\/infoecos.com.ar\/#\/schema\/person\/8f5ace5ce73b4b4aac4b7245aee6f191\"},\"headline\":\"\u00abLlor\u00e9 porque vi la cara de esos hijos de puta y se reviven los momentos que uno vivi\u00f3\u00bb, se\u00f1al\u00f3\",\"datePublished\":\"2023-02-05T23:50:44+00:00\",\"dateModified\":\"2023-02-08T05:35:52+00:00\",\"mainEntityOfPage\":{\"@id\":\"https:\/\/infoecos.com.ar\/index.php\/llore-porque-vi-la-cara-de-esos-hijos-de-puta-y-se-reviven-los-momentos-que-uno-vivio-senalo\/\"},\"wordCount\":728,\"publisher\":{\"@id\":\"https:\/\/infoecos.com.ar\/#organization\"},\"image\":{\"@id\":\"https:\/\/infoecos.com.ar\/index.php\/llore-porque-vi-la-cara-de-esos-hijos-de-puta-y-se-reviven-los-momentos-que-uno-vivio-senalo\/#primaryimage\"},\"thumbnailUrl\":\"https:\/\/infoecos.com.ar\/wp-content\/uploads\/2023\/02\/WhatsApp-Image-2023-02-03-at-10.13.18.jpeg\",\"keywords\":[\"CASO LUCIO. BLUMBERG CON INFOECOS\"],\"articleSection\":[\"Bloque inferior - 2\"],\"inLanguage\":\"es\"},{\"@type\":\"WebPage\",\"@id\":\"https:\/\/infoecos.com.ar\/index.php\/llore-porque-vi-la-cara-de-esos-hijos-de-puta-y-se-reviven-los-momentos-que-uno-vivio-senalo\/\",\"url\":\"https:\/\/infoecos.com.ar\/index.php\/llore-porque-vi-la-cara-de-esos-hijos-de-puta-y-se-reviven-los-momentos-que-uno-vivio-senalo\/\",\"name\":\"\\\"Llor\u00e9 porque vi la cara de esos hijos de puta y se reviven los momentos que uno vivi\u00f3\\\", se\u00f1al\u00f3 - Infoecos\",\"isPartOf\":{\"@id\":\"https:\/\/infoecos.com.ar\/#website\"},\"primaryImageOfPage\":{\"@id\":\"https:\/\/infoecos.com.ar\/index.php\/llore-porque-vi-la-cara-de-esos-hijos-de-puta-y-se-reviven-los-momentos-que-uno-vivio-senalo\/#primaryimage\"},\"image\":{\"@id\":\"https:\/\/infoecos.com.ar\/index.php\/llore-porque-vi-la-cara-de-esos-hijos-de-puta-y-se-reviven-los-momentos-que-uno-vivio-senalo\/#primaryimage\"},\"thumbnailUrl\":\"https:\/\/infoecos.com.ar\/wp-content\/uploads\/2023\/02\/WhatsApp-Image-2023-02-03-at-10.13.18.jpeg\",\"datePublished\":\"2023-02-05T23:50:44+00:00\",\"dateModified\":\"2023-02-08T05:35:52+00:00\",\"breadcrumb\":{\"@id\":\"https:\/\/infoecos.com.ar\/index.php\/llore-porque-vi-la-cara-de-esos-hijos-de-puta-y-se-reviven-los-momentos-que-uno-vivio-senalo\/#breadcrumb\"},\"inLanguage\":\"es\",\"potentialAction\":[{\"@type\":\"ReadAction\",\"target\":[\"https:\/\/infoecos.com.ar\/index.php\/llore-porque-vi-la-cara-de-esos-hijos-de-puta-y-se-reviven-los-momentos-que-uno-vivio-senalo\/\"]}]},{\"@type\":\"ImageObject\",\"inLanguage\":\"es\",\"@id\":\"https:\/\/infoecos.com.ar\/index.php\/llore-porque-vi-la-cara-de-esos-hijos-de-puta-y-se-reviven-los-momentos-que-uno-vivio-senalo\/#primaryimage\",\"url\":\"https:\/\/infoecos.com.ar\/wp-content\/uploads\/2023\/02\/WhatsApp-Image-2023-02-03-at-10.13.18.jpeg\",\"contentUrl\":\"https:\/\/infoecos.com.ar\/wp-content\/uploads\/2023\/02\/WhatsApp-Image-2023-02-03-at-10.13.18.jpeg\",\"width\":925,\"height\":720},{\"@type\":\"BreadcrumbList\",\"@id\":\"https:\/\/infoecos.com.ar\/index.php\/llore-porque-vi-la-cara-de-esos-hijos-de-puta-y-se-reviven-los-momentos-que-uno-vivio-senalo\/#breadcrumb\",\"itemListElement\":[{\"@type\":\"ListItem\",\"position\":1,\"name\":\"Portada\",\"item\":\"https:\/\/infoecos.com.ar\/\"},{\"@type\":\"ListItem\",\"position\":2,\"name\":\"\u00abLlor\u00e9 porque vi la cara de esos hijos de puta y se reviven los momentos que uno vivi\u00f3\u00bb, se\u00f1al\u00f3\"}]},{\"@type\":\"WebSite\",\"@id\":\"https:\/\/infoecos.com.ar\/#website\",\"url\":\"https:\/\/infoecos.com.ar\/\",\"name\":\"Infoecos\",\"description\":\"Noticias de trenque lauquen y la zona\",\"publisher\":{\"@id\":\"https:\/\/infoecos.com.ar\/#organization\"},\"alternateName\":\"Noticias\",\"potentialAction\":[{\"@type\":\"SearchAction\",\"target\":{\"@type\":\"EntryPoint\",\"urlTemplate\":\"https:\/\/infoecos.com.ar\/?s={search_term_string}\"},\"query-input\":{\"@type\":\"PropertyValueSpecification\",\"valueRequired\":true,\"valueName\":\"search_term_string\"}}],\"inLanguage\":\"es\"},{\"@type\":\"Organization\",\"@id\":\"https:\/\/infoecos.com.ar\/#organization\",\"name\":\"Infoecos\",\"alternateName\":\"Noticias\",\"url\":\"https:\/\/infoecos.com.ar\/\",\"logo\":{\"@type\":\"ImageObject\",\"inLanguage\":\"es\",\"@id\":\"https:\/\/infoecos.com.ar\/#\/schema\/logo\/image\/\",\"url\":\"https:\/\/infoecos.com.ar\/wp-content\/uploads\/2024\/03\/cropped-logo.png\",\"contentUrl\":\"https:\/\/infoecos.com.ar\/wp-content\/uploads\/2024\/03\/cropped-logo.png\",\"width\":374,\"height\":90,\"caption\":\"Infoecos\"},\"image\":{\"@id\":\"https:\/\/infoecos.com.ar\/#\/schema\/logo\/image\/\"},\"sameAs\":[\"https:\/\/www.facebook.com\/profile.php?id=100063200290284\",\"https:\/\/x.com\/infoecos\"]},{\"@type\":\"Person\",\"@id\":\"https:\/\/infoecos.com.ar\/#\/schema\/person\/8f5ace5ce73b4b4aac4b7245aee6f191\",\"name\":\"Jorge Matheus\",\"url\":\"https:\/\/infoecos.com.ar\/index.php\/author\/jomatheus\/\"}]}<\/script>\n<!-- \/ Yoast SEO plugin. -->","yoast_head_json":{"title":"\"Llor\u00e9 porque vi la cara de esos hijos de puta y se reviven los momentos que uno vivi\u00f3\", se\u00f1al\u00f3 - Infoecos","robots":{"index":"index","follow":"follow","max-snippet":"max-snippet:-1","max-image-preview":"max-image-preview:large","max-video-preview":"max-video-preview:-1"},"canonical":"https:\/\/infoecos.com.ar\/index.php\/llore-porque-vi-la-cara-de-esos-hijos-de-puta-y-se-reviven-los-momentos-que-uno-vivio-senalo\/","og_locale":"es_ES","og_type":"article","og_title":"\"Llor\u00e9 porque vi la cara de esos hijos de puta y se reviven los momentos que uno vivi\u00f3\", se\u00f1al\u00f3 - Infoecos","og_description":"Exclusivo. Juan Carlos Blumberg, estuvo en Trenque Lauquen, luego de haber asistido a la lectura del veredicto por el asesinato a Lucio Dupuy. Habl\u00f3 del caso y de mucho m\u00e1s.","og_url":"https:\/\/infoecos.com.ar\/index.php\/llore-porque-vi-la-cara-de-esos-hijos-de-puta-y-se-reviven-los-momentos-que-uno-vivio-senalo\/","og_site_name":"Infoecos","article_publisher":"https:\/\/www.facebook.com\/profile.php?id=100063200290284","article_published_time":"2023-02-05T23:50:44+00:00","article_modified_time":"2023-02-08T05:35:52+00:00","og_image":[{"width":925,"height":720,"url":"https:\/\/infoecos.com.ar\/wp-content\/uploads\/2023\/02\/WhatsApp-Image-2023-02-03-at-10.13.18.jpeg","type":"image\/jpeg"}],"author":"Jorge Matheus","twitter_card":"summary_large_image","twitter_creator":"@infoecos","twitter_site":"@infoecos","twitter_misc":{"Escrito por":"Jorge Matheus","Tiempo de lectura":"4 minutos"},"schema":{"@context":"https:\/\/schema.org","@graph":[{"@type":"Article","@id":"https:\/\/infoecos.com.ar\/index.php\/llore-porque-vi-la-cara-de-esos-hijos-de-puta-y-se-reviven-los-momentos-que-uno-vivio-senalo\/#article","isPartOf":{"@id":"https:\/\/infoecos.com.ar\/index.php\/llore-porque-vi-la-cara-de-esos-hijos-de-puta-y-se-reviven-los-momentos-que-uno-vivio-senalo\/"},"author":{"name":"Jorge Matheus","@id":"https:\/\/infoecos.com.ar\/#\/schema\/person\/8f5ace5ce73b4b4aac4b7245aee6f191"},"headline":"\u00abLlor\u00e9 porque vi la cara de esos hijos de puta y se reviven los momentos que uno vivi\u00f3\u00bb, se\u00f1al\u00f3","datePublished":"2023-02-05T23:50:44+00:00","dateModified":"2023-02-08T05:35:52+00:00","mainEntityOfPage":{"@id":"https:\/\/infoecos.com.ar\/index.php\/llore-porque-vi-la-cara-de-esos-hijos-de-puta-y-se-reviven-los-momentos-que-uno-vivio-senalo\/"},"wordCount":728,"publisher":{"@id":"https:\/\/infoecos.com.ar\/#organization"},"image":{"@id":"https:\/\/infoecos.com.ar\/index.php\/llore-porque-vi-la-cara-de-esos-hijos-de-puta-y-se-reviven-los-momentos-que-uno-vivio-senalo\/#primaryimage"},"thumbnailUrl":"https:\/\/infoecos.com.ar\/wp-content\/uploads\/2023\/02\/WhatsApp-Image-2023-02-03-at-10.13.18.jpeg","keywords":["CASO LUCIO. BLUMBERG CON INFOECOS"],"articleSection":["Bloque inferior - 2"],"inLanguage":"es"},{"@type":"WebPage","@id":"https:\/\/infoecos.com.ar\/index.php\/llore-porque-vi-la-cara-de-esos-hijos-de-puta-y-se-reviven-los-momentos-que-uno-vivio-senalo\/","url":"https:\/\/infoecos.com.ar\/index.php\/llore-porque-vi-la-cara-de-esos-hijos-de-puta-y-se-reviven-los-momentos-que-uno-vivio-senalo\/","name":"\"Llor\u00e9 porque vi la cara de esos hijos de puta y se reviven los momentos que uno vivi\u00f3\", se\u00f1al\u00f3 - Infoecos","isPartOf":{"@id":"https:\/\/infoecos.com.ar\/#website"},"primaryImageOfPage":{"@id":"https:\/\/infoecos.com.ar\/index.php\/llore-porque-vi-la-cara-de-esos-hijos-de-puta-y-se-reviven-los-momentos-que-uno-vivio-senalo\/#primaryimage"},"image":{"@id":"https:\/\/infoecos.com.ar\/index.php\/llore-porque-vi-la-cara-de-esos-hijos-de-puta-y-se-reviven-los-momentos-que-uno-vivio-senalo\/#primaryimage"},"thumbnailUrl":"https:\/\/infoecos.com.ar\/wp-content\/uploads\/2023\/02\/WhatsApp-Image-2023-02-03-at-10.13.18.jpeg","datePublished":"2023-02-05T23:50:44+00:00","dateModified":"2023-02-08T05:35:52+00:00","breadcrumb":{"@id":"https:\/\/infoecos.com.ar\/index.php\/llore-porque-vi-la-cara-de-esos-hijos-de-puta-y-se-reviven-los-momentos-que-uno-vivio-senalo\/#breadcrumb"},"inLanguage":"es","potentialAction":[{"@type":"ReadAction","target":["https:\/\/infoecos.com.ar\/index.php\/llore-porque-vi-la-cara-de-esos-hijos-de-puta-y-se-reviven-los-momentos-que-uno-vivio-senalo\/"]}]},{"@type":"ImageObject","inLanguage":"es","@id":"https:\/\/infoecos.com.ar\/index.php\/llore-porque-vi-la-cara-de-esos-hijos-de-puta-y-se-reviven-los-momentos-que-uno-vivio-senalo\/#primaryimage","url":"https:\/\/infoecos.com.ar\/wp-content\/uploads\/2023\/02\/WhatsApp-Image-2023-02-03-at-10.13.18.jpeg","contentUrl":"https:\/\/infoecos.com.ar\/wp-content\/uploads\/2023\/02\/WhatsApp-Image-2023-02-03-at-10.13.18.jpeg","width":925,"height":720},{"@type":"BreadcrumbList","@id":"https:\/\/infoecos.com.ar\/index.php\/llore-porque-vi-la-cara-de-esos-hijos-de-puta-y-se-reviven-los-momentos-que-uno-vivio-senalo\/#breadcrumb","itemListElement":[{"@type":"ListItem","position":1,"name":"Portada","item":"https:\/\/infoecos.com.ar\/"},{"@type":"ListItem","position":2,"name":"\u00abLlor\u00e9 porque vi la cara de esos hijos de puta y se reviven los momentos que uno vivi\u00f3\u00bb, se\u00f1al\u00f3"}]},{"@type":"WebSite","@id":"https:\/\/infoecos.com.ar\/#website","url":"https:\/\/infoecos.com.ar\/","name":"Infoecos","description":"Noticias de trenque lauquen y la zona","publisher":{"@id":"https:\/\/infoecos.com.ar\/#organization"},"alternateName":"Noticias","potentialAction":[{"@type":"SearchAction","target":{"@type":"EntryPoint","urlTemplate":"https:\/\/infoecos.com.ar\/?s={search_term_string}"},"query-input":{"@type":"PropertyValueSpecification","valueRequired":true,"valueName":"search_term_string"}}],"inLanguage":"es"},{"@type":"Organization","@id":"https:\/\/infoecos.com.ar\/#organization","name":"Infoecos","alternateName":"Noticias","url":"https:\/\/infoecos.com.ar\/","logo":{"@type":"ImageObject","inLanguage":"es","@id":"https:\/\/infoecos.com.ar\/#\/schema\/logo\/image\/","url":"https:\/\/infoecos.com.ar\/wp-content\/uploads\/2024\/03\/cropped-logo.png","contentUrl":"https:\/\/infoecos.com.ar\/wp-content\/uploads\/2024\/03\/cropped-logo.png","width":374,"height":90,"caption":"Infoecos"},"image":{"@id":"https:\/\/infoecos.com.ar\/#\/schema\/logo\/image\/"},"sameAs":["https:\/\/www.facebook.com\/profile.php?id=100063200290284","https:\/\/x.com\/infoecos"]},{"@type":"Person","@id":"https:\/\/infoecos.com.ar\/#\/schema\/person\/8f5ace5ce73b4b4aac4b7245aee6f191","name":"Jorge Matheus","url":"https:\/\/infoecos.com.ar\/index.php\/author\/jomatheus\/"}]}},"featured_image_urls":{"full":["https:\/\/infoecos.com.ar\/wp-content\/uploads\/2023\/02\/WhatsApp-Image-2023-02-03-at-10.13.18.jpeg",925,720,false],"thumbnail":["https:\/\/infoecos.com.ar\/wp-content\/uploads\/2023\/02\/WhatsApp-Image-2023-02-03-at-10.13.18-300x150.jpeg",300,150,true],"medium":["https:\/\/infoecos.com.ar\/wp-content\/uploads\/2023\/02\/WhatsApp-Image-2023-02-03-at-10.13.18-800x623.jpeg",800,623,true],"medium_large":["https:\/\/infoecos.com.ar\/wp-content\/uploads\/2023\/02\/WhatsApp-Image-2023-02-03-at-10.13.18-768x598.jpeg",640,498,true],"large":["https:\/\/infoecos.com.ar\/wp-content\/uploads\/2023\/02\/WhatsApp-Image-2023-02-03-at-10.13.18.jpeg",640,498,false],"1536x1536":["https:\/\/infoecos.com.ar\/wp-content\/uploads\/2023\/02\/WhatsApp-Image-2023-02-03-at-10.13.18.jpeg",925,720,false],"2048x2048":["https:\/\/infoecos.com.ar\/wp-content\/uploads\/2023\/02\/WhatsApp-Image-2023-02-03-at-10.13.18.jpeg",925,720,false],"covernews-slider-full":["https:\/\/infoecos.com.ar\/wp-content\/uploads\/2023\/02\/WhatsApp-Image-2023-02-03-at-10.13.18.jpeg",919,715,false],"covernews-slider-center":["https:\/\/infoecos.com.ar\/wp-content\/uploads\/2023\/02\/WhatsApp-Image-2023-02-03-at-10.13.18.jpeg",642,500,false],"covernews-featured":["https:\/\/infoecos.com.ar\/wp-content\/uploads\/2023\/02\/WhatsApp-Image-2023-02-03-at-10.13.18.jpeg",925,720,false],"covernews-medium":["https:\/\/infoecos.com.ar\/wp-content\/uploads\/2023\/02\/WhatsApp-Image-2023-02-03-at-10.13.18-720x380.jpeg",540,285,true],"covernews-medium-square":["https:\/\/infoecos.com.ar\/wp-content\/uploads\/2023\/02\/WhatsApp-Image-2023-02-03-at-10.13.18-675x450.jpeg",375,250,true]},"author_info":{"info":["Jorge Matheus"]},"category_info":"<a href=\"https:\/\/infoecos.com.ar\/index.php\/category\/inferior2\/\" rel=\"category tag\">Bloque inferior - 2<\/a>","tag_info":"Bloque inferior - 2","comment_count":"0","_links":{"self":[{"href":"https:\/\/infoecos.com.ar\/index.php\/wp-json\/wp\/v2\/posts\/101422"}],"collection":[{"href":"https:\/\/infoecos.com.ar\/index.php\/wp-json\/wp\/v2\/posts"}],"about":[{"href":"https:\/\/infoecos.com.ar\/index.php\/wp-json\/wp\/v2\/types\/post"}],"author":[{"embeddable":true,"href":"https:\/\/infoecos.com.ar\/index.php\/wp-json\/wp\/v2\/users\/2"}],"replies":[{"embeddable":true,"href":"https:\/\/infoecos.com.ar\/index.php\/wp-json\/wp\/v2\/comments?post=101422"}],"version-history":[{"count":3,"href":"https:\/\/infoecos.com.ar\/index.php\/wp-json\/wp\/v2\/posts\/101422\/revisions"}],"predecessor-version":[{"id":101488,"href":"https:\/\/infoecos.com.ar\/index.php\/wp-json\/wp\/v2\/posts\/101422\/revisions\/101488"}],"wp:featuredmedia":[{"embeddable":true,"href":"https:\/\/infoecos.com.ar\/index.php\/wp-json\/wp\/v2\/media\/101423"}],"wp:attachment":[{"href":"https:\/\/infoecos.com.ar\/index.php\/wp-json\/wp\/v2\/media?parent=101422"}],"wp:term":[{"taxonomy":"category","embeddable":true,"href":"https:\/\/infoecos.com.ar\/index.php\/wp-json\/wp\/v2\/categories?post=101422"},{"taxonomy":"post_tag","embeddable":true,"href":"https:\/\/infoecos.com.ar\/index.php\/wp-json\/wp\/v2\/tags?post=101422"}],"curies":[{"name":"wp","href":"https:\/\/api.w.org\/{rel}","templated":true}]}}