{"id":101435,"date":"2023-02-05T21:58:40","date_gmt":"2023-02-06T00:58:40","guid":{"rendered":"https:\/\/infoecos.com.ar\/?p=101435"},"modified":"2023-02-08T04:16:57","modified_gmt":"2023-02-08T07:16:57","slug":"informe-de-came-cayeron-las-ventas-minoristas-un-03-anual-en-enero","status":"publish","type":"post","link":"https:\/\/infoecos.com.ar\/index.php\/informe-de-came-cayeron-las-ventas-minoristas-un-03-anual-en-enero\/","title":{"rendered":"Informe de CAME: cayeron las ventas minoristas un 0,3 % anual en enero"},"content":{"rendered":"\n<p>Las ventas minoristas pymes descendieron 0,3% anual en enero medidas a precios constantes. La recuperaci\u00f3n del consumo registrada en diciembre, que hab\u00eda cortado una tendencia negativa durante el \u00faltimo semestre del 2022, no logr\u00f3 mantenerse. En la comparaci\u00f3n mensual, frente a diciembre de 2022, las ventas se retrajeron 3,4%, aunque esa baja se explica mayormente por la estacionalidad t\u00edpica de enero.<br>En el primer mes de 2023, el gasto se volc\u00f3 m\u00e1s a servicios como turismo, ocio, recreaci\u00f3n o gastronom\u00eda, postergando compras de bienes habituales de temporada, como indumentaria o calzado. Esos dos rubros vieron mermar sus niveles de ventas frente a enero del a\u00f1o pasado.<\/p>\n\n\n\n<figure class=\"wp-block-image aligncenter size-full\"><img loading=\"lazy\" decoding=\"async\" width=\"715\" height=\"283\" src=\"https:\/\/infoecos.com.ar\/wp-content\/uploads\/2023\/02\/came-1.jpg\" alt=\"\" class=\"wp-image-101436\"\/><\/figure>\n\n\n\n<p><br>De los siete sectores relevados en enero, tres se retrajeron en la comparaci\u00f3n interanual y los cuatro restantes se incrementaron. Farmacia, con un aumento real anual de 10,7%, seguido Perfumer\u00edas (+5,3%) y Alimentos y Bebidas (+3,6%) y tuvieron el mejor rendimiento. Textiles e indumentarias (-14,4%) y Calzado y marroquiner\u00eda (-2,5%) fueron los de peor performance y parecieran haber vuelto a la din\u00e1mica vigente previa a diciembre 2022.<br>Los negocios consultados marcaron que la gente finaliz\u00f3 el a\u00f1o con las tarjetas muy cargadas y eso hizo prevalecer compras de bajos montos.<br>As\u00ed surge del \u00cdndice de Ventas Minoristas Pymes de la Confederaci\u00f3n Argentina de la Mediana Empresa (CAME), elaborado en base a su relevamiento mensual entre 1.051 comercios minoristas de todo el pa\u00eds, realizado entre el 1 y 3 de febrero.<\/p>\n\n\n\n<p><strong>An\u00e1lisis sectorial<\/strong><\/p>\n\n\n\n<p>El ramo de mejor performance en el primer mes del a\u00f1o fue Farmacia, con un aumento real anual de 10,7%, seguido por Perfumer\u00edas (+5,3%) y por Alimentos y Bebidas (+3,6%). Por su parte, Textiles e indumentarias (-14,4%) y Calzado y marroquiner\u00eda (-2,5%) fueron los de peor rendimiento.<\/p>\n\n\n\n<figure class=\"wp-block-image aligncenter size-full\"><img loading=\"lazy\" decoding=\"async\" width=\"731\" height=\"325\" src=\"https:\/\/infoecos.com.ar\/wp-content\/uploads\/2023\/02\/came-2.jpg\" alt=\"\" class=\"wp-image-101437\"\/><\/figure>\n\n\n\n<ol class=\"wp-block-list\">\n<li><strong>Alimentos y bebidas<\/strong><\/li>\n<\/ol>\n\n\n\n<figure class=\"wp-block-image\"><img decoding=\"async\" src=\"https:\/\/ci5.googleusercontent.com\/proxy\/BUERHNPhG3YZRiSpZZnwIKd84PVlxcRR_ch1Mtbgevv5E6F82fUyT-x3WEuRihdwJ7zIo59q7S20h8N7e5f4J8OfJh8SJH7PagXoXXd2hwYVokiZNtwOeiMOOmQeddd-W45wVMyWzJyxqL7VbDa2R0jHwiE5HvVbdVaPXXhjZvTk6oCPI2P8Ku0241-EvOjtL6xcItA=s0-d-e1-ft#https:\/\/mailprensa.came.org.ar\/data\/1899c60d3e88c767f20949a98d5003460b14bf85\/media_files\/143\/original\/image-20230205102806-4.jpeg\" alt=\"\"\/><\/figure>\n\n\n\n<p>Las ventas en enero crecieron 3,6% anual y 0,2% mensual, a precios constantes. El 43% de los comercios medidos se\u00f1alaron que sus ventas fueron buenas o muy buenas. El mes fue tranquilo. La gente fue medida con las compras, busc\u00f3 precios, eligi\u00f3 m\u00e1s proporci\u00f3n de segundas marcas, y se llev\u00f3 pocos productos extras junto con los art\u00edculos principales.<br>\u201cSe vendi\u00f3 bien, pero cost\u00f3 mucho mantener los precios, hay aumentos todos los d\u00edas\u201d, dijo el propietario de un almac\u00e9n de San Mart\u00edn, en Provincia de Buenos Aires.<br>\u201cLas ventas en enero nos bajaron porque en diciembre se trabaj\u00f3 muy bien, pero el mes fue bueno, y las utilidades del negocio resultaron positivas\u201d, fue la reflexi\u00f3n de la due\u00f1a de un autoservicio de la ciudad de Santa Fe.<\/p>\n\n\n\n<ol class=\"wp-block-list\" start=\"2\">\n<li><strong>Bazar, decoraci\u00f3n, textiles para el hogar y muebles<\/strong><\/li>\n<\/ol>\n\n\n\n<figure class=\"wp-block-image\"><img decoding=\"async\" src=\"https:\/\/ci4.googleusercontent.com\/proxy\/outpAHSEe1Y2WUuWcYxZtcTfsqS7rbSKfpzZdTjxtsCmzMXctIU3h3zpBrMEVQJBdHIgM7hZV-HgIflj4h7_pe25upaSjqjJfVYx9YkWRSgizjzm99TnXS-6gvKBx94nPvwgVPjdhJCUmQax8Zab1lVb6J8odfhspTdUgszWbrvyc1PLDY38BRjg7XTSV3Sr1q87osU=s0-d-e1-ft#https:\/\/mailprensa.came.org.ar\/data\/1899c60d3e88c767f20949a98d5003460b14bf85\/media_files\/138\/original\/image-20230205102806-5.jpeg\" alt=\"\"\/><\/figure>\n\n\n\n<p>Hubo un declive del 0,4% anual y del 4,7% mensual, a precios constantes. La baja frente a diciembre es estacional y era esperable. Las subas de precios, las demoras para reponer stock y las tarjetas de cr\u00e9dito sobrecargadas luego de las fiestas de fin de a\u00f1o limitaron las ventas de este ramo.<br>\u201cLa primera quincena de enero fue buena, la segunda mala, y el balance del mes termin\u00f3 siendo levemente positivo\u201d, resumi\u00f3 el titular de un bazar de la ciudad de Mar del Plata, en Provincia de Buenos Aires.<br>\u201cFue un mes at\u00edpico, vendimos mejor que en diciembre porque nos favoreci\u00f3 el turismo\u201d, comentaron desde una tienda de art\u00edculos de decoraci\u00f3n de Malarg\u00fce, en Mendoza, que esperan sostener esos resultados en febrero.<\/p>\n\n\n\n<ol class=\"wp-block-list\" start=\"3\">\n<li><strong>Calzado y marroquiner\u00eda<\/strong><\/li>\n<\/ol>\n\n\n\n<figure class=\"wp-block-image\"><img decoding=\"async\" src=\"https:\/\/ci5.googleusercontent.com\/proxy\/IoJ17e_GhQ8LRWBnwQJ8K2x9ehSx8_5LZxWLDsDL3pTt5un2vMChOoTdB1vVAxzjizhjvm2nLOANhFGj-NNbqDESFvP5aNPhBCFoj7kSlA14PWYyrzQG0Fw6FOzrM9lQIsfaXL9z0CKDl7Ca2m1MfQa-W7fsdufOTo8T3eEFl19RGr9SxzPzgVTjEfih3XqBqzWKetM=s0-d-e1-ft#https:\/\/mailprensa.came.org.ar\/data\/1899c60d3e88c767f20949a98d5003460b14bf85\/media_files\/139\/original\/image-20230205102806-6.jpeg\" alt=\"\"\/><\/figure>\n\n\n\n<p>Las ventas retrocedieron 2,5% anual y un 4,1% en la comparaci\u00f3n mensual, siempre medidas a precios constantes. S\u00f3lo 28% de los empresarios consultados evalu\u00f3 que sus utilidades fueron buenas o muy buenas. Para el resto, regular, malas o muy malas. Hubo pocas consultas y ventas, coincidieron los due\u00f1os de negocios del ramo. Sobre la segunda quincena del mes, se observaron locales que decidieron adelantar sus liquidaciones de temporada, especialmente del calzado de mayor valor, para cubrir los gastos corrientes. Los empresarios encuestados consideraron que lo que m\u00e1s est\u00e1 perjudicando al sector, son las subas de precios de los \u00faltimos 12 meses, que fueron muy fuertes.<br>\u201cFue muy alta la inflaci\u00f3n del mes y nuestro rubro adem\u00e1s sufre la escasez de muchos productos importados\u201d, relat\u00f3 el responsable de un comercio de venta de bolsos, carteras y mochilas de la ciudad de C\u00f3rdoba.<br>\u201cDesapareci\u00f3 la gente o no hay plata, porque no se vendi\u00f3 nada\u201d, se lament\u00f3 la propietaria de una zapater\u00eda de Cipolletti en R\u00edo Negro.<\/p>\n\n\n\n<ol class=\"wp-block-list\" start=\"4\">\n<li><strong>Farmacia<\/strong><\/li>\n<\/ol>\n\n\n\n<figure class=\"wp-block-image\"><img decoding=\"async\" src=\"https:\/\/ci4.googleusercontent.com\/proxy\/Dei2KroM1oOlVAcO_871GUfbBHboAyMbzI18SMlzWT4KTO1_EpzNZ5b1GRB1d9i842bxf7FdzYOP_VIyVhbR6Dv2gvV_-yA5aSK8QsSnEu6xzMW6U-meB4peQRsNLuGmedWMRlxCojSWH29DDXuUPJOgkKC8X7YzhDXnO4s9r_JSkocqBbutd8X1fKU0arLzmfpKKaU=s0-d-e1-ft#https:\/\/mailprensa.came.org.ar\/data\/1899c60d3e88c767f20949a98d5003460b14bf85\/media_files\/140\/original\/image-20230205102806-7.jpeg\" alt=\"\"\/><\/figure>\n\n\n\n<p>Se registr\u00f3 un ascenso del 10,7% anual, pero una retracci\u00f3n del 6,7% mensual. Las farmacias medidas tuvieron un mes bueno, pero se esperaba m\u00e1s. Sobre todo en las ciudades tur\u00edsticas, donde hubo poco movimiento en relaci\u00f3n a la cantidad de gente que circul\u00f3. Una queja general de aquellas que trabajan con obras sociales, son las mayores regulaciones de precios que se est\u00e1n dando, e impactan sobre la rentabilidad del negocio.<br>\u201cLa farmacia es un rubro con poca estacionalidad, todos los meses pueden ser buenos y eso nos pas\u00f3 en enero, se vendi\u00f3 muy bien\u201d, se\u00f1alaron de un negocio de la ciudad de Salta.<br>\u201cLas ventas con respecto a diciembre se mantuvieron pr\u00e1cticamente iguales, y diciembre hab\u00eda sido un buen mes\u201d, cont\u00f3 la encargada de una farmacia en Paran\u00e1, provincia de Entre R\u00edos.<\/p>\n\n\n\n<ol class=\"wp-block-list\" start=\"5\">\n<li><strong>Ferreter\u00eda, materiales el\u00e9ctricos y materiales de la construcci\u00f3n<\/strong><\/li>\n<\/ol>\n\n\n\n<figure class=\"wp-block-image\"><img decoding=\"async\" src=\"https:\/\/ci3.googleusercontent.com\/proxy\/c37H-wFzDE-fWJ1UjDDrXoSJT-CajDUppf8AXbROp6PULK9ULqDpSSbo3T-meRWrajvm_s-neBLXrtRauGMN4CIvF3aPyahECPJUPZE76DVFfHFjd71bNnAgnFD7hAsTRWyYAxtlIbnAnQk7kpB94B-eDH6MlnUaUgVJ6PhUJdWxCFge054h-JecXAzdlsbx6MzYiGM=s0-d-e1-ft#https:\/\/mailprensa.came.org.ar\/data\/1899c60d3e88c767f20949a98d5003460b14bf85\/media_files\/141\/original\/image-20230205102806-8.jpeg\" alt=\"\"\/><\/figure>\n\n\n\n<p>Las ventas subieron 0,4% anual en enero (a precios constantes) pero bajaron 2,9% en la comparaci\u00f3n mensual (vs. diciembre 2022). Fue un mes muy tranquilo, con poca circulaci\u00f3n de gente en los comercios de ese rubro. Incidi\u00f3 la cantidad de familias que salieron de vacaciones esta temporada y postergaron arreglos y mejoras del hogar.<br>\u201cEnero siempre es muy bajo, incluso hasta marzo las ventas se mantienen tranquilas, a partir de ah\u00ed mejoran. Tenemos previsto este mes remodelar el local esperando vender bien en el a\u00f1o\u201d, cont\u00f3 la due\u00f1a de una ferreter\u00eda de la ciudad de Rosario, en Santa Fe.<br>\u201cTuvimos una muy buena primera semana y se fren\u00f3 el resto del mes\u201d, asegur\u00f3 el responsable de un comercio de materiales el\u00e9ctricos de Ushuaia en Tierra del Fuego.<\/p>\n\n\n\n<ol class=\"wp-block-list\" start=\"6\">\n<li><strong>Textil e indumentaria<\/strong><\/li>\n<\/ol>\n\n\n\n<figure class=\"wp-block-image\"><img decoding=\"async\" src=\"https:\/\/ci5.googleusercontent.com\/proxy\/Pj_ZoLLgRpEqHiOIG5Gwvr4L44bzertMeMeOzHonjgtLmQarPMX9MCyUJdFhyn0ZRu2Fowqheu2gpULc3nJSv10ggvyWDGov-KW6iUAhQaDZYSQdYneclcQqpPVeYrL3FXLKwaPXbmSLdPYXHUagTkYy8GsyaVi6TQ8yZPiWni3WemD70sGfguIDBmTe7H2h3GvLT0s=s0-d-e1-ft#https:\/\/mailprensa.came.org.ar\/data\/1899c60d3e88c767f20949a98d5003460b14bf85\/media_files\/142\/original\/image-20230205102806-9.jpeg\" alt=\"\"\/><\/figure>\n\n\n\n<p>Con una nueva ca\u00edda de 14,4% anual a precios constantes, fue el rubro de peor performance. Frente a diciembre, las ventas bajaron 5,6%. Las tiendas ya ven\u00edan de un diciembre que no colm\u00f3 las expectativas y en enero no hubo quiebre de tendencia. Los empresarios consultados comentaron que la ropa subi\u00f3 mucho en el \u00faltimo a\u00f1o y la gente no termina de convalidar los nuevos valores. La competencia desleal, las ventas por redes sociales y en el mercado informal perjudican al sector.<br>\u201cNos est\u00e1 yendo tan mal que si tuvi\u00e9ramos que pagar alquiler ya estar\u00edamos cerrados\u201d, asegur\u00f3 la propietaria de una lencer\u00eda de la ciudad de La Rioja.<br>\u201cFueron muy flojas las ventas de enero. Nos sorprende todos los d\u00edas el incremento de los precios y eso incide directamente en la demanda. La gente ya no tiene dinero para compras que no sean de primera necesidad\u201d, reflexion\u00f3 el due\u00f1o de un local de indumentaria en la ciudad de San Salvador de Jujuy.<\/p>\n\n\n\n<ol class=\"wp-block-list\" start=\"7\">\n<li><strong>Perfumer\u00eda<\/strong><\/li>\n<\/ol>\n\n\n\n<figure class=\"wp-block-image\"><img decoding=\"async\" src=\"https:\/\/ci6.googleusercontent.com\/proxy\/7s0lv2dlCWpufw-KbGGudjXW8qBUvC3tQr3DtccvHdIvqeEUERkVysc37YdLOLdVdaE4TQiiysqO-SEO_D3StNm48Z_WFjr6hSV8vqKYcpGyKzlCZaRbE1SnlDJhsLetoRq8mfLGhKiU9XG0lNDZpwOzda20RuoAqVj9YBxdjXnHrI4I7kmKKAAoR_Rq9g5xQHLmD6yY=s0-d-e1-ft#https:\/\/mailprensa.came.org.ar\/data\/1899c60d3e88c767f20949a98d5003460b14bf85\/media_files\/144\/original\/image-20230205102806-10.jpeg\" alt=\"\"\/><\/figure>\n\n\n\n<p>Las ventas subieron 5,3% anual en enero a precios constantes, pero retrocedieron &nbsp;8,3% en la comparaci\u00f3n mensual. Se vendieron productos de bajo valor y mayormente de origen nacional. A los comercios de las ciudades tur\u00edsticas les fue mejor que al resto, destac\u00e1ndose el comprador de paso.<br>\u201cHay muchos problemas con las importaciones, tenemos poco stock y la gente en enero mir\u00f3 m\u00e1s de lo que compr\u00f3\u201d, expresaron desde un local de Resistencia, en Chaco, comparando principalmente con diciembre.<br>\u201cPara nosotros diciembre fue un mes bajo y en enero nos fue muy bien. Ofrecimos productos nacionales de menor valor y resultaron aceptados por los clientes\u201d, manifest\u00f3 la due\u00f1a de un local en la ciudad de Taf\u00ed Viejo, en Tucum\u00e1n.<br>&nbsp;<\/p>\n","protected":false},"excerpt":{"rendered":"<p>*GR\u00c1FICOS. De los siete sectores relevados en enero, tres se retrajeron en la comparaci\u00f3n interanual y los cuatro restantes se incrementaron<\/p>\n","protected":false},"author":2,"featured_media":100832,"comment_status":"closed","ping_status":"open","sticky":false,"template":"","format":"standard","meta":{"footnotes":""},"categories":[200],"tags":[1284],"class_list":["post-101435","post","type-post","status-publish","format-standard","has-post-thumbnail","hentry","category-inferior8","tag-economia-y-sociedad"],"yoast_head":"<!-- This site is optimized with the Yoast SEO plugin v23.4 - https:\/\/yoast.com\/wordpress\/plugins\/seo\/ -->\n<title>Informe de CAME: cayeron las ventas minoristas un 0,3 % anual en enero - Infoecos<\/title>\n<meta name=\"robots\" content=\"index, follow, max-snippet:-1, max-image-preview:large, max-video-preview:-1\" \/>\n<link rel=\"canonical\" href=\"https:\/\/infoecos.com.ar\/index.php\/informe-de-came-cayeron-las-ventas-minoristas-un-03-anual-en-enero\/\" \/>\n<meta property=\"og:locale\" content=\"es_ES\" \/>\n<meta property=\"og:type\" content=\"article\" \/>\n<meta property=\"og:title\" content=\"Informe de CAME: cayeron las ventas minoristas un 0,3 % anual en enero - Infoecos\" \/>\n<meta property=\"og:description\" content=\"*GR\u00c1FICOS. De los siete sectores relevados en enero, tres se retrajeron en la comparaci\u00f3n interanual y los cuatro restantes se incrementaron\" \/>\n<meta property=\"og:url\" content=\"https:\/\/infoecos.com.ar\/index.php\/informe-de-came-cayeron-las-ventas-minoristas-un-03-anual-en-enero\/\" \/>\n<meta property=\"og:site_name\" content=\"Infoecos\" \/>\n<meta property=\"article:publisher\" content=\"https:\/\/www.facebook.com\/profile.php?id=100063200290284\" \/>\n<meta property=\"article:published_time\" content=\"2023-02-06T00:58:40+00:00\" \/>\n<meta property=\"article:modified_time\" content=\"2023-02-08T07:16:57+00:00\" \/>\n<meta property=\"og:image\" content=\"https:\/\/infoecos.com.ar\/wp-content\/uploads\/2023\/01\/image-157.png\" \/>\n\t<meta property=\"og:image:width\" content=\"312\" \/>\n\t<meta property=\"og:image:height\" content=\"161\" \/>\n\t<meta property=\"og:image:type\" content=\"image\/png\" \/>\n<meta name=\"author\" content=\"Jorge Matheus\" \/>\n<meta name=\"twitter:card\" content=\"summary_large_image\" \/>\n<meta name=\"twitter:creator\" content=\"@infoecos\" \/>\n<meta name=\"twitter:site\" content=\"@infoecos\" \/>\n<meta name=\"twitter:label1\" content=\"Escrito por\" \/>\n\t<meta name=\"twitter:data1\" content=\"Jorge Matheus\" \/>\n\t<meta name=\"twitter:label2\" content=\"Tiempo de lectura\" \/>\n\t<meta name=\"twitter:data2\" content=\"8 minutos\" \/>\n<script type=\"application\/ld+json\" class=\"yoast-schema-graph\">{\"@context\":\"https:\/\/schema.org\",\"@graph\":[{\"@type\":\"Article\",\"@id\":\"https:\/\/infoecos.com.ar\/index.php\/informe-de-came-cayeron-las-ventas-minoristas-un-03-anual-en-enero\/#article\",\"isPartOf\":{\"@id\":\"https:\/\/infoecos.com.ar\/index.php\/informe-de-came-cayeron-las-ventas-minoristas-un-03-anual-en-enero\/\"},\"author\":{\"name\":\"Jorge Matheus\",\"@id\":\"https:\/\/infoecos.com.ar\/#\/schema\/person\/8f5ace5ce73b4b4aac4b7245aee6f191\"},\"headline\":\"Informe de CAME: cayeron las ventas minoristas un 0,3 % anual en enero\",\"datePublished\":\"2023-02-06T00:58:40+00:00\",\"dateModified\":\"2023-02-08T07:16:57+00:00\",\"mainEntityOfPage\":{\"@id\":\"https:\/\/infoecos.com.ar\/index.php\/informe-de-came-cayeron-las-ventas-minoristas-un-03-anual-en-enero\/\"},\"wordCount\":1322,\"publisher\":{\"@id\":\"https:\/\/infoecos.com.ar\/#organization\"},\"image\":{\"@id\":\"https:\/\/infoecos.com.ar\/index.php\/informe-de-came-cayeron-las-ventas-minoristas-un-03-anual-en-enero\/#primaryimage\"},\"thumbnailUrl\":\"https:\/\/infoecos.com.ar\/wp-content\/uploads\/2023\/01\/image-157.png\",\"keywords\":[\"ECONOM\u00cdA Y SOCIEDAD\"],\"articleSection\":[\"Bloque inferior - 8\"],\"inLanguage\":\"es\"},{\"@type\":\"WebPage\",\"@id\":\"https:\/\/infoecos.com.ar\/index.php\/informe-de-came-cayeron-las-ventas-minoristas-un-03-anual-en-enero\/\",\"url\":\"https:\/\/infoecos.com.ar\/index.php\/informe-de-came-cayeron-las-ventas-minoristas-un-03-anual-en-enero\/\",\"name\":\"Informe de CAME: cayeron las ventas minoristas un 0,3 % anual en enero - Infoecos\",\"isPartOf\":{\"@id\":\"https:\/\/infoecos.com.ar\/#website\"},\"primaryImageOfPage\":{\"@id\":\"https:\/\/infoecos.com.ar\/index.php\/informe-de-came-cayeron-las-ventas-minoristas-un-03-anual-en-enero\/#primaryimage\"},\"image\":{\"@id\":\"https:\/\/infoecos.com.ar\/index.php\/informe-de-came-cayeron-las-ventas-minoristas-un-03-anual-en-enero\/#primaryimage\"},\"thumbnailUrl\":\"https:\/\/infoecos.com.ar\/wp-content\/uploads\/2023\/01\/image-157.png\",\"datePublished\":\"2023-02-06T00:58:40+00:00\",\"dateModified\":\"2023-02-08T07:16:57+00:00\",\"breadcrumb\":{\"@id\":\"https:\/\/infoecos.com.ar\/index.php\/informe-de-came-cayeron-las-ventas-minoristas-un-03-anual-en-enero\/#breadcrumb\"},\"inLanguage\":\"es\",\"potentialAction\":[{\"@type\":\"ReadAction\",\"target\":[\"https:\/\/infoecos.com.ar\/index.php\/informe-de-came-cayeron-las-ventas-minoristas-un-03-anual-en-enero\/\"]}]},{\"@type\":\"ImageObject\",\"inLanguage\":\"es\",\"@id\":\"https:\/\/infoecos.com.ar\/index.php\/informe-de-came-cayeron-las-ventas-minoristas-un-03-anual-en-enero\/#primaryimage\",\"url\":\"https:\/\/infoecos.com.ar\/wp-content\/uploads\/2023\/01\/image-157.png\",\"contentUrl\":\"https:\/\/infoecos.com.ar\/wp-content\/uploads\/2023\/01\/image-157.png\",\"width\":312,\"height\":161},{\"@type\":\"BreadcrumbList\",\"@id\":\"https:\/\/infoecos.com.ar\/index.php\/informe-de-came-cayeron-las-ventas-minoristas-un-03-anual-en-enero\/#breadcrumb\",\"itemListElement\":[{\"@type\":\"ListItem\",\"position\":1,\"name\":\"Portada\",\"item\":\"https:\/\/infoecos.com.ar\/\"},{\"@type\":\"ListItem\",\"position\":2,\"name\":\"Informe de CAME: cayeron las ventas minoristas un 0,3 % anual en enero\"}]},{\"@type\":\"WebSite\",\"@id\":\"https:\/\/infoecos.com.ar\/#website\",\"url\":\"https:\/\/infoecos.com.ar\/\",\"name\":\"Infoecos\",\"description\":\"Noticias de trenque lauquen y la zona\",\"publisher\":{\"@id\":\"https:\/\/infoecos.com.ar\/#organization\"},\"alternateName\":\"Noticias\",\"potentialAction\":[{\"@type\":\"SearchAction\",\"target\":{\"@type\":\"EntryPoint\",\"urlTemplate\":\"https:\/\/infoecos.com.ar\/?s={search_term_string}\"},\"query-input\":{\"@type\":\"PropertyValueSpecification\",\"valueRequired\":true,\"valueName\":\"search_term_string\"}}],\"inLanguage\":\"es\"},{\"@type\":\"Organization\",\"@id\":\"https:\/\/infoecos.com.ar\/#organization\",\"name\":\"Infoecos\",\"alternateName\":\"Noticias\",\"url\":\"https:\/\/infoecos.com.ar\/\",\"logo\":{\"@type\":\"ImageObject\",\"inLanguage\":\"es\",\"@id\":\"https:\/\/infoecos.com.ar\/#\/schema\/logo\/image\/\",\"url\":\"https:\/\/infoecos.com.ar\/wp-content\/uploads\/2024\/03\/cropped-logo.png\",\"contentUrl\":\"https:\/\/infoecos.com.ar\/wp-content\/uploads\/2024\/03\/cropped-logo.png\",\"width\":374,\"height\":90,\"caption\":\"Infoecos\"},\"image\":{\"@id\":\"https:\/\/infoecos.com.ar\/#\/schema\/logo\/image\/\"},\"sameAs\":[\"https:\/\/www.facebook.com\/profile.php?id=100063200290284\",\"https:\/\/x.com\/infoecos\"]},{\"@type\":\"Person\",\"@id\":\"https:\/\/infoecos.com.ar\/#\/schema\/person\/8f5ace5ce73b4b4aac4b7245aee6f191\",\"name\":\"Jorge Matheus\",\"url\":\"https:\/\/infoecos.com.ar\/index.php\/author\/jomatheus\/\"}]}<\/script>\n<!-- \/ Yoast SEO plugin. -->","yoast_head_json":{"title":"Informe de CAME: cayeron las ventas minoristas un 0,3 % anual en enero - Infoecos","robots":{"index":"index","follow":"follow","max-snippet":"max-snippet:-1","max-image-preview":"max-image-preview:large","max-video-preview":"max-video-preview:-1"},"canonical":"https:\/\/infoecos.com.ar\/index.php\/informe-de-came-cayeron-las-ventas-minoristas-un-03-anual-en-enero\/","og_locale":"es_ES","og_type":"article","og_title":"Informe de CAME: cayeron las ventas minoristas un 0,3 % anual en enero - Infoecos","og_description":"*GR\u00c1FICOS. De los siete sectores relevados en enero, tres se retrajeron en la comparaci\u00f3n interanual y los cuatro restantes se incrementaron","og_url":"https:\/\/infoecos.com.ar\/index.php\/informe-de-came-cayeron-las-ventas-minoristas-un-03-anual-en-enero\/","og_site_name":"Infoecos","article_publisher":"https:\/\/www.facebook.com\/profile.php?id=100063200290284","article_published_time":"2023-02-06T00:58:40+00:00","article_modified_time":"2023-02-08T07:16:57+00:00","og_image":[{"width":312,"height":161,"url":"https:\/\/infoecos.com.ar\/wp-content\/uploads\/2023\/01\/image-157.png","type":"image\/png"}],"author":"Jorge Matheus","twitter_card":"summary_large_image","twitter_creator":"@infoecos","twitter_site":"@infoecos","twitter_misc":{"Escrito por":"Jorge Matheus","Tiempo de lectura":"8 minutos"},"schema":{"@context":"https:\/\/schema.org","@graph":[{"@type":"Article","@id":"https:\/\/infoecos.com.ar\/index.php\/informe-de-came-cayeron-las-ventas-minoristas-un-03-anual-en-enero\/#article","isPartOf":{"@id":"https:\/\/infoecos.com.ar\/index.php\/informe-de-came-cayeron-las-ventas-minoristas-un-03-anual-en-enero\/"},"author":{"name":"Jorge Matheus","@id":"https:\/\/infoecos.com.ar\/#\/schema\/person\/8f5ace5ce73b4b4aac4b7245aee6f191"},"headline":"Informe de CAME: cayeron las ventas minoristas un 0,3 % anual en enero","datePublished":"2023-02-06T00:58:40+00:00","dateModified":"2023-02-08T07:16:57+00:00","mainEntityOfPage":{"@id":"https:\/\/infoecos.com.ar\/index.php\/informe-de-came-cayeron-las-ventas-minoristas-un-03-anual-en-enero\/"},"wordCount":1322,"publisher":{"@id":"https:\/\/infoecos.com.ar\/#organization"},"image":{"@id":"https:\/\/infoecos.com.ar\/index.php\/informe-de-came-cayeron-las-ventas-minoristas-un-03-anual-en-enero\/#primaryimage"},"thumbnailUrl":"https:\/\/infoecos.com.ar\/wp-content\/uploads\/2023\/01\/image-157.png","keywords":["ECONOM\u00cdA Y SOCIEDAD"],"articleSection":["Bloque inferior - 8"],"inLanguage":"es"},{"@type":"WebPage","@id":"https:\/\/infoecos.com.ar\/index.php\/informe-de-came-cayeron-las-ventas-minoristas-un-03-anual-en-enero\/","url":"https:\/\/infoecos.com.ar\/index.php\/informe-de-came-cayeron-las-ventas-minoristas-un-03-anual-en-enero\/","name":"Informe de CAME: cayeron las ventas minoristas un 0,3 % anual en enero - Infoecos","isPartOf":{"@id":"https:\/\/infoecos.com.ar\/#website"},"primaryImageOfPage":{"@id":"https:\/\/infoecos.com.ar\/index.php\/informe-de-came-cayeron-las-ventas-minoristas-un-03-anual-en-enero\/#primaryimage"},"image":{"@id":"https:\/\/infoecos.com.ar\/index.php\/informe-de-came-cayeron-las-ventas-minoristas-un-03-anual-en-enero\/#primaryimage"},"thumbnailUrl":"https:\/\/infoecos.com.ar\/wp-content\/uploads\/2023\/01\/image-157.png","datePublished":"2023-02-06T00:58:40+00:00","dateModified":"2023-02-08T07:16:57+00:00","breadcrumb":{"@id":"https:\/\/infoecos.com.ar\/index.php\/informe-de-came-cayeron-las-ventas-minoristas-un-03-anual-en-enero\/#breadcrumb"},"inLanguage":"es","potentialAction":[{"@type":"ReadAction","target":["https:\/\/infoecos.com.ar\/index.php\/informe-de-came-cayeron-las-ventas-minoristas-un-03-anual-en-enero\/"]}]},{"@type":"ImageObject","inLanguage":"es","@id":"https:\/\/infoecos.com.ar\/index.php\/informe-de-came-cayeron-las-ventas-minoristas-un-03-anual-en-enero\/#primaryimage","url":"https:\/\/infoecos.com.ar\/wp-content\/uploads\/2023\/01\/image-157.png","contentUrl":"https:\/\/infoecos.com.ar\/wp-content\/uploads\/2023\/01\/image-157.png","width":312,"height":161},{"@type":"BreadcrumbList","@id":"https:\/\/infoecos.com.ar\/index.php\/informe-de-came-cayeron-las-ventas-minoristas-un-03-anual-en-enero\/#breadcrumb","itemListElement":[{"@type":"ListItem","position":1,"name":"Portada","item":"https:\/\/infoecos.com.ar\/"},{"@type":"ListItem","position":2,"name":"Informe de CAME: cayeron las ventas minoristas un 0,3 % anual en enero"}]},{"@type":"WebSite","@id":"https:\/\/infoecos.com.ar\/#website","url":"https:\/\/infoecos.com.ar\/","name":"Infoecos","description":"Noticias de trenque lauquen y la zona","publisher":{"@id":"https:\/\/infoecos.com.ar\/#organization"},"alternateName":"Noticias","potentialAction":[{"@type":"SearchAction","target":{"@type":"EntryPoint","urlTemplate":"https:\/\/infoecos.com.ar\/?s={search_term_string}"},"query-input":{"@type":"PropertyValueSpecification","valueRequired":true,"valueName":"search_term_string"}}],"inLanguage":"es"},{"@type":"Organization","@id":"https:\/\/infoecos.com.ar\/#organization","name":"Infoecos","alternateName":"Noticias","url":"https:\/\/infoecos.com.ar\/","logo":{"@type":"ImageObject","inLanguage":"es","@id":"https:\/\/infoecos.com.ar\/#\/schema\/logo\/image\/","url":"https:\/\/infoecos.com.ar\/wp-content\/uploads\/2024\/03\/cropped-logo.png","contentUrl":"https:\/\/infoecos.com.ar\/wp-content\/uploads\/2024\/03\/cropped-logo.png","width":374,"height":90,"caption":"Infoecos"},"image":{"@id":"https:\/\/infoecos.com.ar\/#\/schema\/logo\/image\/"},"sameAs":["https:\/\/www.facebook.com\/profile.php?id=100063200290284","https:\/\/x.com\/infoecos"]},{"@type":"Person","@id":"https:\/\/infoecos.com.ar\/#\/schema\/person\/8f5ace5ce73b4b4aac4b7245aee6f191","name":"Jorge Matheus","url":"https:\/\/infoecos.com.ar\/index.php\/author\/jomatheus\/"}]}},"featured_image_urls":{"full":["https:\/\/infoecos.com.ar\/wp-content\/uploads\/2023\/01\/image-157.png",312,161,false],"thumbnail":["https:\/\/infoecos.com.ar\/wp-content\/uploads\/2023\/01\/image-157-300x150.png",300,150,true],"medium":["https:\/\/infoecos.com.ar\/wp-content\/uploads\/2023\/01\/image-157.png",312,161,false],"medium_large":["https:\/\/infoecos.com.ar\/wp-content\/uploads\/2023\/01\/image-157.png",312,161,false],"large":["https:\/\/infoecos.com.ar\/wp-content\/uploads\/2023\/01\/image-157.png",312,161,false],"1536x1536":["https:\/\/infoecos.com.ar\/wp-content\/uploads\/2023\/01\/image-157.png",312,161,false],"2048x2048":["https:\/\/infoecos.com.ar\/wp-content\/uploads\/2023\/01\/image-157.png",312,161,false],"covernews-slider-full":["https:\/\/infoecos.com.ar\/wp-content\/uploads\/2023\/01\/image-157.png",312,161,false],"covernews-slider-center":["https:\/\/infoecos.com.ar\/wp-content\/uploads\/2023\/01\/image-157.png",312,161,false],"covernews-featured":["https:\/\/infoecos.com.ar\/wp-content\/uploads\/2023\/01\/image-157.png",312,161,false],"covernews-medium":["https:\/\/infoecos.com.ar\/wp-content\/uploads\/2023\/01\/image-157.png",312,161,false],"covernews-medium-square":["https:\/\/infoecos.com.ar\/wp-content\/uploads\/2023\/01\/image-157.png",312,161,false]},"author_info":{"info":["Jorge Matheus"]},"category_info":"<a href=\"https:\/\/infoecos.com.ar\/index.php\/category\/inferior8\/\" rel=\"category tag\">Bloque inferior - 8<\/a>","tag_info":"Bloque inferior - 8","comment_count":"0","_links":{"self":[{"href":"https:\/\/infoecos.com.ar\/index.php\/wp-json\/wp\/v2\/posts\/101435"}],"collection":[{"href":"https:\/\/infoecos.com.ar\/index.php\/wp-json\/wp\/v2\/posts"}],"about":[{"href":"https:\/\/infoecos.com.ar\/index.php\/wp-json\/wp\/v2\/types\/post"}],"author":[{"embeddable":true,"href":"https:\/\/infoecos.com.ar\/index.php\/wp-json\/wp\/v2\/users\/2"}],"replies":[{"embeddable":true,"href":"https:\/\/infoecos.com.ar\/index.php\/wp-json\/wp\/v2\/comments?post=101435"}],"version-history":[{"count":1,"href":"https:\/\/infoecos.com.ar\/index.php\/wp-json\/wp\/v2\/posts\/101435\/revisions"}],"predecessor-version":[{"id":101438,"href":"https:\/\/infoecos.com.ar\/index.php\/wp-json\/wp\/v2\/posts\/101435\/revisions\/101438"}],"wp:featuredmedia":[{"embeddable":true,"href":"https:\/\/infoecos.com.ar\/index.php\/wp-json\/wp\/v2\/media\/100832"}],"wp:attachment":[{"href":"https:\/\/infoecos.com.ar\/index.php\/wp-json\/wp\/v2\/media?parent=101435"}],"wp:term":[{"taxonomy":"category","embeddable":true,"href":"https:\/\/infoecos.com.ar\/index.php\/wp-json\/wp\/v2\/categories?post=101435"},{"taxonomy":"post_tag","embeddable":true,"href":"https:\/\/infoecos.com.ar\/index.php\/wp-json\/wp\/v2\/tags?post=101435"}],"curies":[{"name":"wp","href":"https:\/\/api.w.org\/{rel}","templated":true}]}}