{"id":101445,"date":"2023-02-06T02:38:52","date_gmt":"2023-02-06T05:38:52","guid":{"rendered":"https:\/\/infoecos.com.ar\/?p=101445"},"modified":"2023-02-07T09:49:22","modified_gmt":"2023-02-07T12:49:22","slug":"en-la-pampa-impulsan-la-remocion-de-ana-clara-perez-ballester","status":"publish","type":"post","link":"https:\/\/infoecos.com.ar\/index.php\/en-la-pampa-impulsan-la-remocion-de-ana-clara-perez-ballester\/","title":{"rendered":"En La Pampa, impulsan la remoci\u00f3n de Ana Clara P\u00e9rez Ballester"},"content":{"rendered":"\n<p>Diputados pampeanos impulsan la remoci\u00f3n de Ana Clara P\u00e9rez Ballester,&nbsp;la magistrada que cedi\u00f3 el cuidado del ni\u00f1o Lucio Dupuy a su madre Madgalena Esp\u00f3sito Valenti, que fue condenada por asesinarlo a golpes junto a su pareja Abigail P\u00e1ez.<\/p>\n\n\n\n<figure class=\"wp-block-image aligncenter size-full is-resized\"><img loading=\"lazy\" decoding=\"async\" src=\"https:\/\/infoecos.com.ar\/wp-content\/uploads\/2023\/02\/image-31.png\" alt=\"\" class=\"wp-image-101446\" width=\"542\" height=\"285\" srcset=\"https:\/\/infoecos.com.ar\/wp-content\/uploads\/2023\/02\/image-31.png 860w, https:\/\/infoecos.com.ar\/wp-content\/uploads\/2023\/02\/image-31-800x420.png 800w, https:\/\/infoecos.com.ar\/wp-content\/uploads\/2023\/02\/image-31-768x404.png 768w, https:\/\/infoecos.com.ar\/wp-content\/uploads\/2023\/02\/image-31-720x380.png 720w\" sizes=\"(max-width: 542px) 100vw, 542px\" \/><figcaption class=\"wp-element-caption\">P\u00e9rez Ballester<\/figcaption><\/figure>\n\n\n\n<p>La dirigencia pol\u00edtica de esa provincia se hizo eco del reclamo de la familia paterna de Lucio Dupuy, que focaliz\u00f3 sus acusaciones contra la magistrada, con la intenci\u00f3n de evaluar una posible destituci\u00f3n.<\/p>\n\n\n\n<p>El desempe\u00f1o de P\u00e9rez Ballester, titular del Juzgado de la Familia y del Menor N\u00b0 1 de la Segunda Circunscripci\u00f3n Judicial, siempre fue cuestionado por el padre y los abuelos de Lucio. Ellos aseguraron que la magistrada entreg\u00f3 el menor en guarda a su madre, sin tomar los recaudos socioambientales correspondientes y que nunca escuch\u00f3 sus planteos.<\/p>\n\n\n\n<p>Dos cuestiones en curso para destituir a P\u00e9rez Ballester. Una de ellas la anunci\u00f3 la diputada provincial y precandidata a vicegobernadora por el peronismo Alicia Mayoral. Confirm\u00f3 que el peronismo impulsar\u00e1 una investigaci\u00f3n contra la jueza. La otra fue ingresada por los legisladores de la coalici\u00f3n opositora, Mart\u00edn Ardohain y Mar\u00eda Laura Trapaglia, con el acompa\u00f1amiento de Mat\u00edas Traba y Eduardo Pepa.<\/p>\n","protected":false},"excerpt":{"rendered":"<p>La dirigencia pol\u00edtica de esa provincia se hizo eco del reclamo de la familia paterna de Lucio Dupuy, que focaliz\u00f3 sus acusaciones contra la magistrada<\/p>\n","protected":false},"author":2,"featured_media":101446,"comment_status":"closed","ping_status":"open","sticky":false,"template":"","format":"standard","meta":{"footnotes":""},"categories":[41],"tags":[7244],"class_list":["post-101445","post","type-post","status-publish","format-standard","has-post-thumbnail","hentry","category-inferior2","tag-caso-lucio-dupuy-2"],"yoast_head":"<!-- This site is optimized with the Yoast SEO plugin v23.4 - https:\/\/yoast.com\/wordpress\/plugins\/seo\/ -->\n<title>En La Pampa, impulsan la remoci\u00f3n de Ana Clara P\u00e9rez Ballester - Infoecos<\/title>\n<meta name=\"robots\" content=\"index, follow, max-snippet:-1, max-image-preview:large, max-video-preview:-1\" \/>\n<link rel=\"canonical\" href=\"https:\/\/infoecos.com.ar\/index.php\/en-la-pampa-impulsan-la-remocion-de-ana-clara-perez-ballester\/\" \/>\n<meta property=\"og:locale\" content=\"es_ES\" \/>\n<meta property=\"og:type\" content=\"article\" \/>\n<meta property=\"og:title\" content=\"En La Pampa, impulsan la remoci\u00f3n de Ana Clara P\u00e9rez Ballester - Infoecos\" \/>\n<meta property=\"og:description\" content=\"La dirigencia pol\u00edtica de esa provincia se hizo eco del reclamo de la familia paterna de Lucio Dupuy, que focaliz\u00f3 sus acusaciones contra la magistrada\" \/>\n<meta property=\"og:url\" content=\"https:\/\/infoecos.com.ar\/index.php\/en-la-pampa-impulsan-la-remocion-de-ana-clara-perez-ballester\/\" \/>\n<meta property=\"og:site_name\" content=\"Infoecos\" \/>\n<meta property=\"article:publisher\" content=\"https:\/\/www.facebook.com\/profile.php?id=100063200290284\" \/>\n<meta property=\"article:published_time\" content=\"2023-02-06T05:38:52+00:00\" \/>\n<meta property=\"article:modified_time\" content=\"2023-02-07T12:49:22+00:00\" \/>\n<meta property=\"og:image\" content=\"https:\/\/infoecos.com.ar\/wp-content\/uploads\/2023\/02\/image-31.png\" \/>\n\t<meta property=\"og:image:width\" content=\"860\" \/>\n\t<meta property=\"og:image:height\" content=\"452\" \/>\n\t<meta property=\"og:image:type\" content=\"image\/png\" \/>\n<meta name=\"author\" content=\"Jorge Matheus\" \/>\n<meta name=\"twitter:card\" content=\"summary_large_image\" \/>\n<meta name=\"twitter:creator\" content=\"@infoecos\" \/>\n<meta name=\"twitter:site\" content=\"@infoecos\" \/>\n<meta name=\"twitter:label1\" content=\"Escrito por\" \/>\n\t<meta name=\"twitter:data1\" content=\"Jorge Matheus\" \/>\n\t<meta name=\"twitter:label2\" content=\"Tiempo de lectura\" \/>\n\t<meta name=\"twitter:data2\" content=\"2 minutos\" \/>\n<script type=\"application\/ld+json\" class=\"yoast-schema-graph\">{\"@context\":\"https:\/\/schema.org\",\"@graph\":[{\"@type\":\"Article\",\"@id\":\"https:\/\/infoecos.com.ar\/index.php\/en-la-pampa-impulsan-la-remocion-de-ana-clara-perez-ballester\/#article\",\"isPartOf\":{\"@id\":\"https:\/\/infoecos.com.ar\/index.php\/en-la-pampa-impulsan-la-remocion-de-ana-clara-perez-ballester\/\"},\"author\":{\"name\":\"Jorge Matheus\",\"@id\":\"https:\/\/infoecos.com.ar\/#\/schema\/person\/8f5ace5ce73b4b4aac4b7245aee6f191\"},\"headline\":\"En La Pampa, impulsan la remoci\u00f3n de Ana Clara P\u00e9rez Ballester\",\"datePublished\":\"2023-02-06T05:38:52+00:00\",\"dateModified\":\"2023-02-07T12:49:22+00:00\",\"mainEntityOfPage\":{\"@id\":\"https:\/\/infoecos.com.ar\/index.php\/en-la-pampa-impulsan-la-remocion-de-ana-clara-perez-ballester\/\"},\"wordCount\":225,\"publisher\":{\"@id\":\"https:\/\/infoecos.com.ar\/#organization\"},\"image\":{\"@id\":\"https:\/\/infoecos.com.ar\/index.php\/en-la-pampa-impulsan-la-remocion-de-ana-clara-perez-ballester\/#primaryimage\"},\"thumbnailUrl\":\"https:\/\/infoecos.com.ar\/wp-content\/uploads\/2023\/02\/image-31.png\",\"keywords\":[\"CASO LUCIO DUPUY\"],\"articleSection\":[\"Bloque inferior - 2\"],\"inLanguage\":\"es\"},{\"@type\":\"WebPage\",\"@id\":\"https:\/\/infoecos.com.ar\/index.php\/en-la-pampa-impulsan-la-remocion-de-ana-clara-perez-ballester\/\",\"url\":\"https:\/\/infoecos.com.ar\/index.php\/en-la-pampa-impulsan-la-remocion-de-ana-clara-perez-ballester\/\",\"name\":\"En La Pampa, impulsan la remoci\u00f3n de Ana Clara P\u00e9rez Ballester - Infoecos\",\"isPartOf\":{\"@id\":\"https:\/\/infoecos.com.ar\/#website\"},\"primaryImageOfPage\":{\"@id\":\"https:\/\/infoecos.com.ar\/index.php\/en-la-pampa-impulsan-la-remocion-de-ana-clara-perez-ballester\/#primaryimage\"},\"image\":{\"@id\":\"https:\/\/infoecos.com.ar\/index.php\/en-la-pampa-impulsan-la-remocion-de-ana-clara-perez-ballester\/#primaryimage\"},\"thumbnailUrl\":\"https:\/\/infoecos.com.ar\/wp-content\/uploads\/2023\/02\/image-31.png\",\"datePublished\":\"2023-02-06T05:38:52+00:00\",\"dateModified\":\"2023-02-07T12:49:22+00:00\",\"breadcrumb\":{\"@id\":\"https:\/\/infoecos.com.ar\/index.php\/en-la-pampa-impulsan-la-remocion-de-ana-clara-perez-ballester\/#breadcrumb\"},\"inLanguage\":\"es\",\"potentialAction\":[{\"@type\":\"ReadAction\",\"target\":[\"https:\/\/infoecos.com.ar\/index.php\/en-la-pampa-impulsan-la-remocion-de-ana-clara-perez-ballester\/\"]}]},{\"@type\":\"ImageObject\",\"inLanguage\":\"es\",\"@id\":\"https:\/\/infoecos.com.ar\/index.php\/en-la-pampa-impulsan-la-remocion-de-ana-clara-perez-ballester\/#primaryimage\",\"url\":\"https:\/\/infoecos.com.ar\/wp-content\/uploads\/2023\/02\/image-31.png\",\"contentUrl\":\"https:\/\/infoecos.com.ar\/wp-content\/uploads\/2023\/02\/image-31.png\",\"width\":860,\"height\":452},{\"@type\":\"BreadcrumbList\",\"@id\":\"https:\/\/infoecos.com.ar\/index.php\/en-la-pampa-impulsan-la-remocion-de-ana-clara-perez-ballester\/#breadcrumb\",\"itemListElement\":[{\"@type\":\"ListItem\",\"position\":1,\"name\":\"Portada\",\"item\":\"https:\/\/infoecos.com.ar\/\"},{\"@type\":\"ListItem\",\"position\":2,\"name\":\"En La Pampa, impulsan la remoci\u00f3n de Ana Clara P\u00e9rez Ballester\"}]},{\"@type\":\"WebSite\",\"@id\":\"https:\/\/infoecos.com.ar\/#website\",\"url\":\"https:\/\/infoecos.com.ar\/\",\"name\":\"Infoecos\",\"description\":\"Noticias de trenque lauquen y la zona\",\"publisher\":{\"@id\":\"https:\/\/infoecos.com.ar\/#organization\"},\"alternateName\":\"Noticias\",\"potentialAction\":[{\"@type\":\"SearchAction\",\"target\":{\"@type\":\"EntryPoint\",\"urlTemplate\":\"https:\/\/infoecos.com.ar\/?s={search_term_string}\"},\"query-input\":{\"@type\":\"PropertyValueSpecification\",\"valueRequired\":true,\"valueName\":\"search_term_string\"}}],\"inLanguage\":\"es\"},{\"@type\":\"Organization\",\"@id\":\"https:\/\/infoecos.com.ar\/#organization\",\"name\":\"Infoecos\",\"alternateName\":\"Noticias\",\"url\":\"https:\/\/infoecos.com.ar\/\",\"logo\":{\"@type\":\"ImageObject\",\"inLanguage\":\"es\",\"@id\":\"https:\/\/infoecos.com.ar\/#\/schema\/logo\/image\/\",\"url\":\"https:\/\/infoecos.com.ar\/wp-content\/uploads\/2024\/03\/cropped-logo.png\",\"contentUrl\":\"https:\/\/infoecos.com.ar\/wp-content\/uploads\/2024\/03\/cropped-logo.png\",\"width\":374,\"height\":90,\"caption\":\"Infoecos\"},\"image\":{\"@id\":\"https:\/\/infoecos.com.ar\/#\/schema\/logo\/image\/\"},\"sameAs\":[\"https:\/\/www.facebook.com\/profile.php?id=100063200290284\",\"https:\/\/x.com\/infoecos\"]},{\"@type\":\"Person\",\"@id\":\"https:\/\/infoecos.com.ar\/#\/schema\/person\/8f5ace5ce73b4b4aac4b7245aee6f191\",\"name\":\"Jorge Matheus\",\"url\":\"https:\/\/infoecos.com.ar\/index.php\/author\/jomatheus\/\"}]}<\/script>\n<!-- \/ Yoast SEO plugin. -->","yoast_head_json":{"title":"En La Pampa, impulsan la remoci\u00f3n de Ana Clara P\u00e9rez Ballester - Infoecos","robots":{"index":"index","follow":"follow","max-snippet":"max-snippet:-1","max-image-preview":"max-image-preview:large","max-video-preview":"max-video-preview:-1"},"canonical":"https:\/\/infoecos.com.ar\/index.php\/en-la-pampa-impulsan-la-remocion-de-ana-clara-perez-ballester\/","og_locale":"es_ES","og_type":"article","og_title":"En La Pampa, impulsan la remoci\u00f3n de Ana Clara P\u00e9rez Ballester - Infoecos","og_description":"La dirigencia pol\u00edtica de esa provincia se hizo eco del reclamo de la familia paterna de Lucio Dupuy, que focaliz\u00f3 sus acusaciones contra la magistrada","og_url":"https:\/\/infoecos.com.ar\/index.php\/en-la-pampa-impulsan-la-remocion-de-ana-clara-perez-ballester\/","og_site_name":"Infoecos","article_publisher":"https:\/\/www.facebook.com\/profile.php?id=100063200290284","article_published_time":"2023-02-06T05:38:52+00:00","article_modified_time":"2023-02-07T12:49:22+00:00","og_image":[{"width":860,"height":452,"url":"https:\/\/infoecos.com.ar\/wp-content\/uploads\/2023\/02\/image-31.png","type":"image\/png"}],"author":"Jorge Matheus","twitter_card":"summary_large_image","twitter_creator":"@infoecos","twitter_site":"@infoecos","twitter_misc":{"Escrito por":"Jorge Matheus","Tiempo de lectura":"2 minutos"},"schema":{"@context":"https:\/\/schema.org","@graph":[{"@type":"Article","@id":"https:\/\/infoecos.com.ar\/index.php\/en-la-pampa-impulsan-la-remocion-de-ana-clara-perez-ballester\/#article","isPartOf":{"@id":"https:\/\/infoecos.com.ar\/index.php\/en-la-pampa-impulsan-la-remocion-de-ana-clara-perez-ballester\/"},"author":{"name":"Jorge Matheus","@id":"https:\/\/infoecos.com.ar\/#\/schema\/person\/8f5ace5ce73b4b4aac4b7245aee6f191"},"headline":"En La Pampa, impulsan la remoci\u00f3n de Ana Clara P\u00e9rez Ballester","datePublished":"2023-02-06T05:38:52+00:00","dateModified":"2023-02-07T12:49:22+00:00","mainEntityOfPage":{"@id":"https:\/\/infoecos.com.ar\/index.php\/en-la-pampa-impulsan-la-remocion-de-ana-clara-perez-ballester\/"},"wordCount":225,"publisher":{"@id":"https:\/\/infoecos.com.ar\/#organization"},"image":{"@id":"https:\/\/infoecos.com.ar\/index.php\/en-la-pampa-impulsan-la-remocion-de-ana-clara-perez-ballester\/#primaryimage"},"thumbnailUrl":"https:\/\/infoecos.com.ar\/wp-content\/uploads\/2023\/02\/image-31.png","keywords":["CASO LUCIO DUPUY"],"articleSection":["Bloque inferior - 2"],"inLanguage":"es"},{"@type":"WebPage","@id":"https:\/\/infoecos.com.ar\/index.php\/en-la-pampa-impulsan-la-remocion-de-ana-clara-perez-ballester\/","url":"https:\/\/infoecos.com.ar\/index.php\/en-la-pampa-impulsan-la-remocion-de-ana-clara-perez-ballester\/","name":"En La Pampa, impulsan la remoci\u00f3n de Ana Clara P\u00e9rez Ballester - Infoecos","isPartOf":{"@id":"https:\/\/infoecos.com.ar\/#website"},"primaryImageOfPage":{"@id":"https:\/\/infoecos.com.ar\/index.php\/en-la-pampa-impulsan-la-remocion-de-ana-clara-perez-ballester\/#primaryimage"},"image":{"@id":"https:\/\/infoecos.com.ar\/index.php\/en-la-pampa-impulsan-la-remocion-de-ana-clara-perez-ballester\/#primaryimage"},"thumbnailUrl":"https:\/\/infoecos.com.ar\/wp-content\/uploads\/2023\/02\/image-31.png","datePublished":"2023-02-06T05:38:52+00:00","dateModified":"2023-02-07T12:49:22+00:00","breadcrumb":{"@id":"https:\/\/infoecos.com.ar\/index.php\/en-la-pampa-impulsan-la-remocion-de-ana-clara-perez-ballester\/#breadcrumb"},"inLanguage":"es","potentialAction":[{"@type":"ReadAction","target":["https:\/\/infoecos.com.ar\/index.php\/en-la-pampa-impulsan-la-remocion-de-ana-clara-perez-ballester\/"]}]},{"@type":"ImageObject","inLanguage":"es","@id":"https:\/\/infoecos.com.ar\/index.php\/en-la-pampa-impulsan-la-remocion-de-ana-clara-perez-ballester\/#primaryimage","url":"https:\/\/infoecos.com.ar\/wp-content\/uploads\/2023\/02\/image-31.png","contentUrl":"https:\/\/infoecos.com.ar\/wp-content\/uploads\/2023\/02\/image-31.png","width":860,"height":452},{"@type":"BreadcrumbList","@id":"https:\/\/infoecos.com.ar\/index.php\/en-la-pampa-impulsan-la-remocion-de-ana-clara-perez-ballester\/#breadcrumb","itemListElement":[{"@type":"ListItem","position":1,"name":"Portada","item":"https:\/\/infoecos.com.ar\/"},{"@type":"ListItem","position":2,"name":"En La Pampa, impulsan la remoci\u00f3n de Ana Clara P\u00e9rez Ballester"}]},{"@type":"WebSite","@id":"https:\/\/infoecos.com.ar\/#website","url":"https:\/\/infoecos.com.ar\/","name":"Infoecos","description":"Noticias de trenque lauquen y la zona","publisher":{"@id":"https:\/\/infoecos.com.ar\/#organization"},"alternateName":"Noticias","potentialAction":[{"@type":"SearchAction","target":{"@type":"EntryPoint","urlTemplate":"https:\/\/infoecos.com.ar\/?s={search_term_string}"},"query-input":{"@type":"PropertyValueSpecification","valueRequired":true,"valueName":"search_term_string"}}],"inLanguage":"es"},{"@type":"Organization","@id":"https:\/\/infoecos.com.ar\/#organization","name":"Infoecos","alternateName":"Noticias","url":"https:\/\/infoecos.com.ar\/","logo":{"@type":"ImageObject","inLanguage":"es","@id":"https:\/\/infoecos.com.ar\/#\/schema\/logo\/image\/","url":"https:\/\/infoecos.com.ar\/wp-content\/uploads\/2024\/03\/cropped-logo.png","contentUrl":"https:\/\/infoecos.com.ar\/wp-content\/uploads\/2024\/03\/cropped-logo.png","width":374,"height":90,"caption":"Infoecos"},"image":{"@id":"https:\/\/infoecos.com.ar\/#\/schema\/logo\/image\/"},"sameAs":["https:\/\/www.facebook.com\/profile.php?id=100063200290284","https:\/\/x.com\/infoecos"]},{"@type":"Person","@id":"https:\/\/infoecos.com.ar\/#\/schema\/person\/8f5ace5ce73b4b4aac4b7245aee6f191","name":"Jorge Matheus","url":"https:\/\/infoecos.com.ar\/index.php\/author\/jomatheus\/"}]}},"featured_image_urls":{"full":["https:\/\/infoecos.com.ar\/wp-content\/uploads\/2023\/02\/image-31.png",860,452,false],"thumbnail":["https:\/\/infoecos.com.ar\/wp-content\/uploads\/2023\/02\/image-31-300x150.png",300,150,true],"medium":["https:\/\/infoecos.com.ar\/wp-content\/uploads\/2023\/02\/image-31-800x420.png",800,420,true],"medium_large":["https:\/\/infoecos.com.ar\/wp-content\/uploads\/2023\/02\/image-31-768x404.png",640,337,true],"large":["https:\/\/infoecos.com.ar\/wp-content\/uploads\/2023\/02\/image-31.png",640,336,false],"1536x1536":["https:\/\/infoecos.com.ar\/wp-content\/uploads\/2023\/02\/image-31.png",860,452,false],"2048x2048":["https:\/\/infoecos.com.ar\/wp-content\/uploads\/2023\/02\/image-31.png",860,452,false],"covernews-slider-full":["https:\/\/infoecos.com.ar\/wp-content\/uploads\/2023\/02\/image-31.png",860,452,false],"covernews-slider-center":["https:\/\/infoecos.com.ar\/wp-content\/uploads\/2023\/02\/image-31.png",800,420,false],"covernews-featured":["https:\/\/infoecos.com.ar\/wp-content\/uploads\/2023\/02\/image-31.png",860,452,false],"covernews-medium":["https:\/\/infoecos.com.ar\/wp-content\/uploads\/2023\/02\/image-31-720x380.png",540,285,true],"covernews-medium-square":["https:\/\/infoecos.com.ar\/wp-content\/uploads\/2023\/02\/image-31-675x450.png",375,250,true]},"author_info":{"info":["Jorge Matheus"]},"category_info":"<a href=\"https:\/\/infoecos.com.ar\/index.php\/category\/inferior2\/\" rel=\"category tag\">Bloque inferior - 2<\/a>","tag_info":"Bloque inferior - 2","comment_count":"0","_links":{"self":[{"href":"https:\/\/infoecos.com.ar\/index.php\/wp-json\/wp\/v2\/posts\/101445"}],"collection":[{"href":"https:\/\/infoecos.com.ar\/index.php\/wp-json\/wp\/v2\/posts"}],"about":[{"href":"https:\/\/infoecos.com.ar\/index.php\/wp-json\/wp\/v2\/types\/post"}],"author":[{"embeddable":true,"href":"https:\/\/infoecos.com.ar\/index.php\/wp-json\/wp\/v2\/users\/2"}],"replies":[{"embeddable":true,"href":"https:\/\/infoecos.com.ar\/index.php\/wp-json\/wp\/v2\/comments?post=101445"}],"version-history":[{"count":2,"href":"https:\/\/infoecos.com.ar\/index.php\/wp-json\/wp\/v2\/posts\/101445\/revisions"}],"predecessor-version":[{"id":101545,"href":"https:\/\/infoecos.com.ar\/index.php\/wp-json\/wp\/v2\/posts\/101445\/revisions\/101545"}],"wp:featuredmedia":[{"embeddable":true,"href":"https:\/\/infoecos.com.ar\/index.php\/wp-json\/wp\/v2\/media\/101446"}],"wp:attachment":[{"href":"https:\/\/infoecos.com.ar\/index.php\/wp-json\/wp\/v2\/media?parent=101445"}],"wp:term":[{"taxonomy":"category","embeddable":true,"href":"https:\/\/infoecos.com.ar\/index.php\/wp-json\/wp\/v2\/categories?post=101445"},{"taxonomy":"post_tag","embeddable":true,"href":"https:\/\/infoecos.com.ar\/index.php\/wp-json\/wp\/v2\/tags?post=101445"}],"curies":[{"name":"wp","href":"https:\/\/api.w.org\/{rel}","templated":true}]}}