{"id":101471,"date":"2023-02-06T09:40:22","date_gmt":"2023-02-06T12:40:22","guid":{"rendered":"https:\/\/infoecos.com.ar\/?p=101471"},"modified":"2023-02-06T14:51:31","modified_gmt":"2023-02-06T17:51:31","slug":"el-centro-de-dia-por-la-vida-permanecera-cerrado-en-senal-de-duelo","status":"publish","type":"post","link":"https:\/\/infoecos.com.ar\/index.php\/el-centro-de-dia-por-la-vida-permanecera-cerrado-en-senal-de-duelo\/","title":{"rendered":"El Centro de D\u00eda por la Vida permanecer\u00e1 cerrado en se\u00f1al de duelo"},"content":{"rendered":"\n<p>El Centro de D\u00eda por la Vida de Trenque Lauquen, que funciona en Emiliano S\u00e1ez 231, permanecer\u00e1 cerrado hoy en se\u00f1al de duelo por el fallecimiento del conocido artista pl\u00e1stico Ignacio \u201cBirri\u201d Ribelotta, quien se desempe\u00f1aba como profesor de arte en la mencionada instituci\u00f3n y en otras entidades locales.<\/p>\n\n\n\n<figure class=\"wp-block-image aligncenter size-full is-resized\"><img loading=\"lazy\" decoding=\"async\" src=\"https:\/\/infoecos.com.ar\/wp-content\/uploads\/2023\/02\/CENTRODEDIATLAUQUEN.jpg\" alt=\"\" class=\"wp-image-101472\" width=\"427\" height=\"253\" srcset=\"https:\/\/infoecos.com.ar\/wp-content\/uploads\/2023\/02\/CENTRODEDIATLAUQUEN.jpg 1053w, https:\/\/infoecos.com.ar\/wp-content\/uploads\/2023\/02\/CENTRODEDIATLAUQUEN-800x475.jpg 800w, https:\/\/infoecos.com.ar\/wp-content\/uploads\/2023\/02\/CENTRODEDIATLAUQUEN-768x456.jpg 768w, https:\/\/infoecos.com.ar\/wp-content\/uploads\/2023\/02\/CENTRODEDIATLAUQUEN-1024x608.jpg 1024w\" sizes=\"(max-width: 427px) 100vw, 427px\" \/><\/figure>\n\n\n\n<p>Ribelotta, quien dej\u00f3 su impronta como maestro y artista pl\u00e1stico de amplia trayectoria en el medio, falleci\u00f3 esta madrugada a los 61 a\u00f1os de edad.<\/p>\n\n\n\n<p>La familia del Centro de D\u00eda, la oficina para Personas con Discapacidad, la direcci\u00f3n de Cultura y Educaci\u00f3n y la Municipalidad de Trenque Lauquen acompa\u00f1an en el dolor a familiares y amigos en este dif\u00edcil momento que les toca atravesar.<\/p>\n","protected":false},"excerpt":{"rendered":"<p>Ribelotta, quien dej\u00f3 su impronta como maestro y artista pl\u00e1stico de amplia trayectoria en el medio, falleci\u00f3 esta madrugada a los 61 a\u00f1os de edad<\/p>\n","protected":false},"author":2,"featured_media":101472,"comment_status":"closed","ping_status":"open","sticky":false,"template":"","format":"standard","meta":{"footnotes":""},"categories":[25],"tags":[7262],"class_list":["post-101471","post","type-post","status-publish","format-standard","has-post-thumbnail","hentry","category-c3nota1","tag-murio-birri-ribelotta"],"yoast_head":"<!-- This site is optimized with the Yoast SEO plugin v23.4 - https:\/\/yoast.com\/wordpress\/plugins\/seo\/ -->\n<title>El Centro de D\u00eda por la Vida permanecer\u00e1 cerrado en se\u00f1al de duelo - Infoecos<\/title>\n<meta name=\"robots\" content=\"index, follow, max-snippet:-1, max-image-preview:large, max-video-preview:-1\" \/>\n<link rel=\"canonical\" href=\"https:\/\/infoecos.com.ar\/index.php\/el-centro-de-dia-por-la-vida-permanecera-cerrado-en-senal-de-duelo\/\" \/>\n<meta property=\"og:locale\" content=\"es_ES\" \/>\n<meta property=\"og:type\" content=\"article\" \/>\n<meta property=\"og:title\" content=\"El Centro de D\u00eda por la Vida permanecer\u00e1 cerrado en se\u00f1al de duelo - Infoecos\" \/>\n<meta property=\"og:description\" content=\"Ribelotta, quien dej\u00f3 su impronta como maestro y artista pl\u00e1stico de amplia trayectoria en el medio, falleci\u00f3 esta madrugada a los 61 a\u00f1os de edad\" \/>\n<meta property=\"og:url\" content=\"https:\/\/infoecos.com.ar\/index.php\/el-centro-de-dia-por-la-vida-permanecera-cerrado-en-senal-de-duelo\/\" \/>\n<meta property=\"og:site_name\" content=\"Infoecos\" \/>\n<meta property=\"article:publisher\" content=\"https:\/\/www.facebook.com\/profile.php?id=100063200290284\" \/>\n<meta property=\"article:published_time\" content=\"2023-02-06T12:40:22+00:00\" \/>\n<meta property=\"article:modified_time\" content=\"2023-02-06T17:51:31+00:00\" \/>\n<meta property=\"og:image\" content=\"https:\/\/infoecos.com.ar\/wp-content\/uploads\/2023\/02\/CENTRODEDIATLAUQUEN.jpg\" \/>\n\t<meta property=\"og:image:width\" content=\"1053\" \/>\n\t<meta property=\"og:image:height\" content=\"625\" \/>\n\t<meta property=\"og:image:type\" content=\"image\/jpeg\" \/>\n<meta name=\"author\" content=\"Jorge Matheus\" \/>\n<meta name=\"twitter:card\" content=\"summary_large_image\" \/>\n<meta name=\"twitter:creator\" content=\"@infoecos\" \/>\n<meta name=\"twitter:site\" content=\"@infoecos\" \/>\n<meta name=\"twitter:label1\" content=\"Escrito por\" \/>\n\t<meta name=\"twitter:data1\" content=\"Jorge Matheus\" \/>\n\t<meta name=\"twitter:label2\" content=\"Tiempo de lectura\" \/>\n\t<meta name=\"twitter:data2\" content=\"1 minuto\" \/>\n<script type=\"application\/ld+json\" class=\"yoast-schema-graph\">{\"@context\":\"https:\/\/schema.org\",\"@graph\":[{\"@type\":\"Article\",\"@id\":\"https:\/\/infoecos.com.ar\/index.php\/el-centro-de-dia-por-la-vida-permanecera-cerrado-en-senal-de-duelo\/#article\",\"isPartOf\":{\"@id\":\"https:\/\/infoecos.com.ar\/index.php\/el-centro-de-dia-por-la-vida-permanecera-cerrado-en-senal-de-duelo\/\"},\"author\":{\"name\":\"Jorge Matheus\",\"@id\":\"https:\/\/infoecos.com.ar\/#\/schema\/person\/8f5ace5ce73b4b4aac4b7245aee6f191\"},\"headline\":\"El Centro de D\u00eda por la Vida permanecer\u00e1 cerrado en se\u00f1al de duelo\",\"datePublished\":\"2023-02-06T12:40:22+00:00\",\"dateModified\":\"2023-02-06T17:51:31+00:00\",\"mainEntityOfPage\":{\"@id\":\"https:\/\/infoecos.com.ar\/index.php\/el-centro-de-dia-por-la-vida-permanecera-cerrado-en-senal-de-duelo\/\"},\"wordCount\":140,\"publisher\":{\"@id\":\"https:\/\/infoecos.com.ar\/#organization\"},\"image\":{\"@id\":\"https:\/\/infoecos.com.ar\/index.php\/el-centro-de-dia-por-la-vida-permanecera-cerrado-en-senal-de-duelo\/#primaryimage\"},\"thumbnailUrl\":\"https:\/\/infoecos.com.ar\/wp-content\/uploads\/2023\/02\/CENTRODEDIATLAUQUEN.jpg\",\"keywords\":[\"muri\u00f3 &quot;Birri&quot; Ribelotta\"],\"articleSection\":[\"C3 N1\"],\"inLanguage\":\"es\"},{\"@type\":\"WebPage\",\"@id\":\"https:\/\/infoecos.com.ar\/index.php\/el-centro-de-dia-por-la-vida-permanecera-cerrado-en-senal-de-duelo\/\",\"url\":\"https:\/\/infoecos.com.ar\/index.php\/el-centro-de-dia-por-la-vida-permanecera-cerrado-en-senal-de-duelo\/\",\"name\":\"El Centro de D\u00eda por la Vida permanecer\u00e1 cerrado en se\u00f1al de duelo - Infoecos\",\"isPartOf\":{\"@id\":\"https:\/\/infoecos.com.ar\/#website\"},\"primaryImageOfPage\":{\"@id\":\"https:\/\/infoecos.com.ar\/index.php\/el-centro-de-dia-por-la-vida-permanecera-cerrado-en-senal-de-duelo\/#primaryimage\"},\"image\":{\"@id\":\"https:\/\/infoecos.com.ar\/index.php\/el-centro-de-dia-por-la-vida-permanecera-cerrado-en-senal-de-duelo\/#primaryimage\"},\"thumbnailUrl\":\"https:\/\/infoecos.com.ar\/wp-content\/uploads\/2023\/02\/CENTRODEDIATLAUQUEN.jpg\",\"datePublished\":\"2023-02-06T12:40:22+00:00\",\"dateModified\":\"2023-02-06T17:51:31+00:00\",\"breadcrumb\":{\"@id\":\"https:\/\/infoecos.com.ar\/index.php\/el-centro-de-dia-por-la-vida-permanecera-cerrado-en-senal-de-duelo\/#breadcrumb\"},\"inLanguage\":\"es\",\"potentialAction\":[{\"@type\":\"ReadAction\",\"target\":[\"https:\/\/infoecos.com.ar\/index.php\/el-centro-de-dia-por-la-vida-permanecera-cerrado-en-senal-de-duelo\/\"]}]},{\"@type\":\"ImageObject\",\"inLanguage\":\"es\",\"@id\":\"https:\/\/infoecos.com.ar\/index.php\/el-centro-de-dia-por-la-vida-permanecera-cerrado-en-senal-de-duelo\/#primaryimage\",\"url\":\"https:\/\/infoecos.com.ar\/wp-content\/uploads\/2023\/02\/CENTRODEDIATLAUQUEN.jpg\",\"contentUrl\":\"https:\/\/infoecos.com.ar\/wp-content\/uploads\/2023\/02\/CENTRODEDIATLAUQUEN.jpg\",\"width\":1053,\"height\":625},{\"@type\":\"BreadcrumbList\",\"@id\":\"https:\/\/infoecos.com.ar\/index.php\/el-centro-de-dia-por-la-vida-permanecera-cerrado-en-senal-de-duelo\/#breadcrumb\",\"itemListElement\":[{\"@type\":\"ListItem\",\"position\":1,\"name\":\"Portada\",\"item\":\"https:\/\/infoecos.com.ar\/\"},{\"@type\":\"ListItem\",\"position\":2,\"name\":\"El Centro de D\u00eda por la Vida permanecer\u00e1 cerrado en se\u00f1al de duelo\"}]},{\"@type\":\"WebSite\",\"@id\":\"https:\/\/infoecos.com.ar\/#website\",\"url\":\"https:\/\/infoecos.com.ar\/\",\"name\":\"Infoecos\",\"description\":\"Noticias de trenque lauquen y la zona\",\"publisher\":{\"@id\":\"https:\/\/infoecos.com.ar\/#organization\"},\"alternateName\":\"Noticias\",\"potentialAction\":[{\"@type\":\"SearchAction\",\"target\":{\"@type\":\"EntryPoint\",\"urlTemplate\":\"https:\/\/infoecos.com.ar\/?s={search_term_string}\"},\"query-input\":{\"@type\":\"PropertyValueSpecification\",\"valueRequired\":true,\"valueName\":\"search_term_string\"}}],\"inLanguage\":\"es\"},{\"@type\":\"Organization\",\"@id\":\"https:\/\/infoecos.com.ar\/#organization\",\"name\":\"Infoecos\",\"alternateName\":\"Noticias\",\"url\":\"https:\/\/infoecos.com.ar\/\",\"logo\":{\"@type\":\"ImageObject\",\"inLanguage\":\"es\",\"@id\":\"https:\/\/infoecos.com.ar\/#\/schema\/logo\/image\/\",\"url\":\"https:\/\/infoecos.com.ar\/wp-content\/uploads\/2024\/03\/cropped-logo.png\",\"contentUrl\":\"https:\/\/infoecos.com.ar\/wp-content\/uploads\/2024\/03\/cropped-logo.png\",\"width\":374,\"height\":90,\"caption\":\"Infoecos\"},\"image\":{\"@id\":\"https:\/\/infoecos.com.ar\/#\/schema\/logo\/image\/\"},\"sameAs\":[\"https:\/\/www.facebook.com\/profile.php?id=100063200290284\",\"https:\/\/x.com\/infoecos\"]},{\"@type\":\"Person\",\"@id\":\"https:\/\/infoecos.com.ar\/#\/schema\/person\/8f5ace5ce73b4b4aac4b7245aee6f191\",\"name\":\"Jorge Matheus\",\"url\":\"https:\/\/infoecos.com.ar\/index.php\/author\/jomatheus\/\"}]}<\/script>\n<!-- \/ Yoast SEO plugin. -->","yoast_head_json":{"title":"El Centro de D\u00eda por la Vida permanecer\u00e1 cerrado en se\u00f1al de duelo - Infoecos","robots":{"index":"index","follow":"follow","max-snippet":"max-snippet:-1","max-image-preview":"max-image-preview:large","max-video-preview":"max-video-preview:-1"},"canonical":"https:\/\/infoecos.com.ar\/index.php\/el-centro-de-dia-por-la-vida-permanecera-cerrado-en-senal-de-duelo\/","og_locale":"es_ES","og_type":"article","og_title":"El Centro de D\u00eda por la Vida permanecer\u00e1 cerrado en se\u00f1al de duelo - Infoecos","og_description":"Ribelotta, quien dej\u00f3 su impronta como maestro y artista pl\u00e1stico de amplia trayectoria en el medio, falleci\u00f3 esta madrugada a los 61 a\u00f1os de edad","og_url":"https:\/\/infoecos.com.ar\/index.php\/el-centro-de-dia-por-la-vida-permanecera-cerrado-en-senal-de-duelo\/","og_site_name":"Infoecos","article_publisher":"https:\/\/www.facebook.com\/profile.php?id=100063200290284","article_published_time":"2023-02-06T12:40:22+00:00","article_modified_time":"2023-02-06T17:51:31+00:00","og_image":[{"width":1053,"height":625,"url":"https:\/\/infoecos.com.ar\/wp-content\/uploads\/2023\/02\/CENTRODEDIATLAUQUEN.jpg","type":"image\/jpeg"}],"author":"Jorge Matheus","twitter_card":"summary_large_image","twitter_creator":"@infoecos","twitter_site":"@infoecos","twitter_misc":{"Escrito por":"Jorge Matheus","Tiempo de lectura":"1 minuto"},"schema":{"@context":"https:\/\/schema.org","@graph":[{"@type":"Article","@id":"https:\/\/infoecos.com.ar\/index.php\/el-centro-de-dia-por-la-vida-permanecera-cerrado-en-senal-de-duelo\/#article","isPartOf":{"@id":"https:\/\/infoecos.com.ar\/index.php\/el-centro-de-dia-por-la-vida-permanecera-cerrado-en-senal-de-duelo\/"},"author":{"name":"Jorge Matheus","@id":"https:\/\/infoecos.com.ar\/#\/schema\/person\/8f5ace5ce73b4b4aac4b7245aee6f191"},"headline":"El Centro de D\u00eda por la Vida permanecer\u00e1 cerrado en se\u00f1al de duelo","datePublished":"2023-02-06T12:40:22+00:00","dateModified":"2023-02-06T17:51:31+00:00","mainEntityOfPage":{"@id":"https:\/\/infoecos.com.ar\/index.php\/el-centro-de-dia-por-la-vida-permanecera-cerrado-en-senal-de-duelo\/"},"wordCount":140,"publisher":{"@id":"https:\/\/infoecos.com.ar\/#organization"},"image":{"@id":"https:\/\/infoecos.com.ar\/index.php\/el-centro-de-dia-por-la-vida-permanecera-cerrado-en-senal-de-duelo\/#primaryimage"},"thumbnailUrl":"https:\/\/infoecos.com.ar\/wp-content\/uploads\/2023\/02\/CENTRODEDIATLAUQUEN.jpg","keywords":["muri\u00f3 &quot;Birri&quot; Ribelotta"],"articleSection":["C3 N1"],"inLanguage":"es"},{"@type":"WebPage","@id":"https:\/\/infoecos.com.ar\/index.php\/el-centro-de-dia-por-la-vida-permanecera-cerrado-en-senal-de-duelo\/","url":"https:\/\/infoecos.com.ar\/index.php\/el-centro-de-dia-por-la-vida-permanecera-cerrado-en-senal-de-duelo\/","name":"El Centro de D\u00eda por la Vida permanecer\u00e1 cerrado en se\u00f1al de duelo - Infoecos","isPartOf":{"@id":"https:\/\/infoecos.com.ar\/#website"},"primaryImageOfPage":{"@id":"https:\/\/infoecos.com.ar\/index.php\/el-centro-de-dia-por-la-vida-permanecera-cerrado-en-senal-de-duelo\/#primaryimage"},"image":{"@id":"https:\/\/infoecos.com.ar\/index.php\/el-centro-de-dia-por-la-vida-permanecera-cerrado-en-senal-de-duelo\/#primaryimage"},"thumbnailUrl":"https:\/\/infoecos.com.ar\/wp-content\/uploads\/2023\/02\/CENTRODEDIATLAUQUEN.jpg","datePublished":"2023-02-06T12:40:22+00:00","dateModified":"2023-02-06T17:51:31+00:00","breadcrumb":{"@id":"https:\/\/infoecos.com.ar\/index.php\/el-centro-de-dia-por-la-vida-permanecera-cerrado-en-senal-de-duelo\/#breadcrumb"},"inLanguage":"es","potentialAction":[{"@type":"ReadAction","target":["https:\/\/infoecos.com.ar\/index.php\/el-centro-de-dia-por-la-vida-permanecera-cerrado-en-senal-de-duelo\/"]}]},{"@type":"ImageObject","inLanguage":"es","@id":"https:\/\/infoecos.com.ar\/index.php\/el-centro-de-dia-por-la-vida-permanecera-cerrado-en-senal-de-duelo\/#primaryimage","url":"https:\/\/infoecos.com.ar\/wp-content\/uploads\/2023\/02\/CENTRODEDIATLAUQUEN.jpg","contentUrl":"https:\/\/infoecos.com.ar\/wp-content\/uploads\/2023\/02\/CENTRODEDIATLAUQUEN.jpg","width":1053,"height":625},{"@type":"BreadcrumbList","@id":"https:\/\/infoecos.com.ar\/index.php\/el-centro-de-dia-por-la-vida-permanecera-cerrado-en-senal-de-duelo\/#breadcrumb","itemListElement":[{"@type":"ListItem","position":1,"name":"Portada","item":"https:\/\/infoecos.com.ar\/"},{"@type":"ListItem","position":2,"name":"El Centro de D\u00eda por la Vida permanecer\u00e1 cerrado en se\u00f1al de duelo"}]},{"@type":"WebSite","@id":"https:\/\/infoecos.com.ar\/#website","url":"https:\/\/infoecos.com.ar\/","name":"Infoecos","description":"Noticias de trenque lauquen y la zona","publisher":{"@id":"https:\/\/infoecos.com.ar\/#organization"},"alternateName":"Noticias","potentialAction":[{"@type":"SearchAction","target":{"@type":"EntryPoint","urlTemplate":"https:\/\/infoecos.com.ar\/?s={search_term_string}"},"query-input":{"@type":"PropertyValueSpecification","valueRequired":true,"valueName":"search_term_string"}}],"inLanguage":"es"},{"@type":"Organization","@id":"https:\/\/infoecos.com.ar\/#organization","name":"Infoecos","alternateName":"Noticias","url":"https:\/\/infoecos.com.ar\/","logo":{"@type":"ImageObject","inLanguage":"es","@id":"https:\/\/infoecos.com.ar\/#\/schema\/logo\/image\/","url":"https:\/\/infoecos.com.ar\/wp-content\/uploads\/2024\/03\/cropped-logo.png","contentUrl":"https:\/\/infoecos.com.ar\/wp-content\/uploads\/2024\/03\/cropped-logo.png","width":374,"height":90,"caption":"Infoecos"},"image":{"@id":"https:\/\/infoecos.com.ar\/#\/schema\/logo\/image\/"},"sameAs":["https:\/\/www.facebook.com\/profile.php?id=100063200290284","https:\/\/x.com\/infoecos"]},{"@type":"Person","@id":"https:\/\/infoecos.com.ar\/#\/schema\/person\/8f5ace5ce73b4b4aac4b7245aee6f191","name":"Jorge Matheus","url":"https:\/\/infoecos.com.ar\/index.php\/author\/jomatheus\/"}]}},"featured_image_urls":{"full":["https:\/\/infoecos.com.ar\/wp-content\/uploads\/2023\/02\/CENTRODEDIATLAUQUEN.jpg",1053,625,false],"thumbnail":["https:\/\/infoecos.com.ar\/wp-content\/uploads\/2023\/02\/CENTRODEDIATLAUQUEN-300x150.jpg",300,150,true],"medium":["https:\/\/infoecos.com.ar\/wp-content\/uploads\/2023\/02\/CENTRODEDIATLAUQUEN-800x475.jpg",800,475,true],"medium_large":["https:\/\/infoecos.com.ar\/wp-content\/uploads\/2023\/02\/CENTRODEDIATLAUQUEN-768x456.jpg",640,380,true],"large":["https:\/\/infoecos.com.ar\/wp-content\/uploads\/2023\/02\/CENTRODEDIATLAUQUEN.jpg",640,380,false],"1536x1536":["https:\/\/infoecos.com.ar\/wp-content\/uploads\/2023\/02\/CENTRODEDIATLAUQUEN.jpg",1053,625,false],"2048x2048":["https:\/\/infoecos.com.ar\/wp-content\/uploads\/2023\/02\/CENTRODEDIATLAUQUEN.jpg",1053,625,false],"covernews-slider-full":["https:\/\/infoecos.com.ar\/wp-content\/uploads\/2023\/02\/CENTRODEDIATLAUQUEN.jpg",1053,625,false],"covernews-slider-center":["https:\/\/infoecos.com.ar\/wp-content\/uploads\/2023\/02\/CENTRODEDIATLAUQUEN-936x625.jpg",749,500,true],"covernews-featured":["https:\/\/infoecos.com.ar\/wp-content\/uploads\/2023\/02\/CENTRODEDIATLAUQUEN-1024x608.jpg",1024,608,true],"covernews-medium":["https:\/\/infoecos.com.ar\/wp-content\/uploads\/2023\/02\/CENTRODEDIATLAUQUEN-720x380.jpg",540,285,true],"covernews-medium-square":["https:\/\/infoecos.com.ar\/wp-content\/uploads\/2023\/02\/CENTRODEDIATLAUQUEN-675x450.jpg",375,250,true]},"author_info":{"info":["Jorge Matheus"]},"category_info":"<a href=\"https:\/\/infoecos.com.ar\/index.php\/category\/c3nota1\/\" rel=\"category tag\">C3 N1<\/a>","tag_info":"C3 N1","comment_count":"0","_links":{"self":[{"href":"https:\/\/infoecos.com.ar\/index.php\/wp-json\/wp\/v2\/posts\/101471"}],"collection":[{"href":"https:\/\/infoecos.com.ar\/index.php\/wp-json\/wp\/v2\/posts"}],"about":[{"href":"https:\/\/infoecos.com.ar\/index.php\/wp-json\/wp\/v2\/types\/post"}],"author":[{"embeddable":true,"href":"https:\/\/infoecos.com.ar\/index.php\/wp-json\/wp\/v2\/users\/2"}],"replies":[{"embeddable":true,"href":"https:\/\/infoecos.com.ar\/index.php\/wp-json\/wp\/v2\/comments?post=101471"}],"version-history":[{"count":1,"href":"https:\/\/infoecos.com.ar\/index.php\/wp-json\/wp\/v2\/posts\/101471\/revisions"}],"predecessor-version":[{"id":101473,"href":"https:\/\/infoecos.com.ar\/index.php\/wp-json\/wp\/v2\/posts\/101471\/revisions\/101473"}],"wp:featuredmedia":[{"embeddable":true,"href":"https:\/\/infoecos.com.ar\/index.php\/wp-json\/wp\/v2\/media\/101472"}],"wp:attachment":[{"href":"https:\/\/infoecos.com.ar\/index.php\/wp-json\/wp\/v2\/media?parent=101471"}],"wp:term":[{"taxonomy":"category","embeddable":true,"href":"https:\/\/infoecos.com.ar\/index.php\/wp-json\/wp\/v2\/categories?post=101471"},{"taxonomy":"post_tag","embeddable":true,"href":"https:\/\/infoecos.com.ar\/index.php\/wp-json\/wp\/v2\/tags?post=101471"}],"curies":[{"name":"wp","href":"https:\/\/api.w.org\/{rel}","templated":true}]}}