{"id":101474,"date":"2023-02-06T09:44:10","date_gmt":"2023-02-06T12:44:10","guid":{"rendered":"https:\/\/infoecos.com.ar\/?p=101474"},"modified":"2023-02-07T11:22:46","modified_gmt":"2023-02-07T14:22:46","slug":"60-deudores-de-cuotas-de-viviendas-en-trenque-lauquen-al-veraz","status":"publish","type":"post","link":"https:\/\/infoecos.com.ar\/index.php\/60-deudores-de-cuotas-de-viviendas-en-trenque-lauquen-al-veraz\/","title":{"rendered":"60 deudores de cuotas de viviendas en Trenque Lauquen al VERAZ"},"content":{"rendered":"\n<p><strong>Informaci\u00f3n proporcionada por la Direcci\u00f3n de Prensa de la Municipalidad<\/strong><\/p>\n\n\n\n<p>Luego de agotar de manera reiterada diferentes instancias conciliatorias que abarcan desde un simple mensaje pidiendo al deudor que se acerque al Municipio para regularizar su situaci\u00f3n hasta el env\u00edo de intimaciones formales, y sin haber recibido respuesta de ning\u00fan tipo, el Departamento Ejecutivo de Trenque Lauquen resolvi\u00f3 elevar a Veraz el estado de mora de 60 deudores de cuotas de viviendas por un total de 47.500.000 pesos.<\/p>\n\n\n\n<p>Veraz es una empresa de informes comerciales con la cual trabajan bancos, entidades financieras, tarjetas de cr\u00e9dito y grandes empresas que al analizar la situaci\u00f3n de un deudor definen si otorgan o no un cr\u00e9dito o la renovaci\u00f3n de una tarjeta, siendo com\u00fan y frecuente que rechacen esas solicitudes cuando la referencia patrimonial de la persona en cuesti\u00f3n (cualquier vecino\/a que intente realizar esas tramitaciones, por ejemplo) es negativa.<\/p>\n\n\n\n<p>En la toma de la decisi\u00f3n del Departamento Ejecutivo se contemplaron -entre otros- dos factores importantes: el prop\u00f3sito de ser justos con aquellos vecinos\/as que aspiran a contar con una vivienda propia y hasta ahora no han tenido la fortuna de salir sorteados, y el respeto por los que s\u00ed ya fueron beneficiarios\/as y hacen un esfuerzo para cumplir y estar al d\u00eda con la obligaci\u00f3n de abonar la cuota respectiva.<\/p>\n\n\n\n<p>Tambi\u00e9n, en un marco inflacionario e inestable como el que est\u00e1 atravesando el pa\u00eds, con esta medida el Ejecutivo busca mantener e incrementar los porcentajes de cobrabilidad para poder afrontar del mejor modo posible las necesidades de la comunidad, y si bien aqu\u00ed puso especial \u00e9nfasis en el rubro viviendas, apunta adem\u00e1s a otras tasas como derechos y contribuciones.<\/p>\n\n\n\n<p>\u201cHubi\u00e9semos querido no tener que tomar esta decisi\u00f3n, pero a priori resulta inentendible la actitud adoptada por aquellos vecinos que habiendo sido beneficiados con una vivienda a valores de cuotas que son verdaderamente accesibles si se las compara con el mercado de alquileres, abandonan el pago de las cuotas, causando as\u00ed un severo perjuicio al sistema y a la vez poniendo en riesgo de desadjudicaci\u00f3n o subasta su propia casa\u201d, sostiene el secretario de Hacienda, Alfredo Zambiasio.<\/p>\n\n\n\n<p>La determinaci\u00f3n adoptada por el Departamento Ejecutivo llega despu\u00e9s de haberse transitado insatisfactoriamente distintos caminos conciliatorios, empezando, como se dijo, por un mensaje exhortando al vecino a que concurriera al Municipio para regularizar su situaci\u00f3n, para pasar por una intimaci\u00f3n formal y llegar, en caso der ser necesario, al correspondiente juicio de apremio.<\/p>\n\n\n\n<p>Es oportuno precisar que la contrataci\u00f3n de los servicios de Veraz se complementa con la posibilidad de iniciar el juicio se\u00f1alado, intent\u00e1ndose por ambas v\u00edas el recupero de lo adeudado.<\/p>\n\n\n\n<p>Esta acci\u00f3n del Departamento Ejecutivo tendr\u00e1 una segunda etapa en los pr\u00f3ximos d\u00edas, cuando se remita a Veraz otra tanda de deudores para su incorporaci\u00f3n al sistema de informes comerciales.<\/p>\n","protected":false},"excerpt":{"rendered":"<p>Foto ilustrativa. Esta acci\u00f3n del Departamento Ejecutivo tendr\u00e1 una segunda etapa en los pr\u00f3ximos d\u00edas, cuando se remita a Veraz otra tanda de deudores para su incorporaci\u00f3n al sistema de informes comerciales<\/p>\n","protected":false},"author":2,"featured_media":75675,"comment_status":"closed","ping_status":"open","sticky":false,"template":"","format":"standard","meta":{"footnotes":""},"categories":[48],"tags":[7263],"class_list":["post-101474","post","type-post","status-publish","format-standard","has-post-thumbnail","hentry","category-c2nota3","tag-deuda-mas-de-47-millones"],"yoast_head":"<!-- This site is optimized with the Yoast SEO plugin v23.4 - https:\/\/yoast.com\/wordpress\/plugins\/seo\/ -->\n<title>60 deudores de cuotas de viviendas en Trenque Lauquen al VERAZ - Infoecos<\/title>\n<meta name=\"robots\" content=\"index, follow, max-snippet:-1, max-image-preview:large, max-video-preview:-1\" \/>\n<link rel=\"canonical\" href=\"https:\/\/infoecos.com.ar\/index.php\/60-deudores-de-cuotas-de-viviendas-en-trenque-lauquen-al-veraz\/\" \/>\n<meta property=\"og:locale\" content=\"es_ES\" \/>\n<meta property=\"og:type\" content=\"article\" \/>\n<meta property=\"og:title\" content=\"60 deudores de cuotas de viviendas en Trenque Lauquen al VERAZ - Infoecos\" \/>\n<meta property=\"og:description\" content=\"Foto ilustrativa. Esta acci\u00f3n del Departamento Ejecutivo tendr\u00e1 una segunda etapa en los pr\u00f3ximos d\u00edas, cuando se remita a Veraz otra tanda de deudores para su incorporaci\u00f3n al sistema de informes comerciales\" \/>\n<meta property=\"og:url\" content=\"https:\/\/infoecos.com.ar\/index.php\/60-deudores-de-cuotas-de-viviendas-en-trenque-lauquen-al-veraz\/\" \/>\n<meta property=\"og:site_name\" content=\"Infoecos\" \/>\n<meta property=\"article:publisher\" content=\"https:\/\/www.facebook.com\/profile.php?id=100063200290284\" \/>\n<meta property=\"article:published_time\" content=\"2023-02-06T12:44:10+00:00\" \/>\n<meta property=\"article:modified_time\" content=\"2023-02-07T14:22:46+00:00\" \/>\n<meta property=\"og:image\" content=\"https:\/\/infoecos.com.ar\/wp-content\/uploads\/2021\/03\/viviendasamoc308.jpg\" \/>\n\t<meta property=\"og:image:width\" content=\"2048\" \/>\n\t<meta property=\"og:image:height\" content=\"1367\" \/>\n\t<meta property=\"og:image:type\" content=\"image\/jpeg\" \/>\n<meta name=\"author\" content=\"Jorge Matheus\" \/>\n<meta name=\"twitter:card\" content=\"summary_large_image\" \/>\n<meta name=\"twitter:creator\" content=\"@infoecos\" \/>\n<meta name=\"twitter:site\" content=\"@infoecos\" \/>\n<meta name=\"twitter:label1\" content=\"Escrito por\" \/>\n\t<meta name=\"twitter:data1\" content=\"Jorge Matheus\" \/>\n\t<meta name=\"twitter:label2\" content=\"Tiempo de lectura\" \/>\n\t<meta name=\"twitter:data2\" content=\"3 minutos\" \/>\n<script type=\"application\/ld+json\" class=\"yoast-schema-graph\">{\"@context\":\"https:\/\/schema.org\",\"@graph\":[{\"@type\":\"Article\",\"@id\":\"https:\/\/infoecos.com.ar\/index.php\/60-deudores-de-cuotas-de-viviendas-en-trenque-lauquen-al-veraz\/#article\",\"isPartOf\":{\"@id\":\"https:\/\/infoecos.com.ar\/index.php\/60-deudores-de-cuotas-de-viviendas-en-trenque-lauquen-al-veraz\/\"},\"author\":{\"name\":\"Jorge Matheus\",\"@id\":\"https:\/\/infoecos.com.ar\/#\/schema\/person\/8f5ace5ce73b4b4aac4b7245aee6f191\"},\"headline\":\"60 deudores de cuotas de viviendas en Trenque Lauquen al VERAZ\",\"datePublished\":\"2023-02-06T12:44:10+00:00\",\"dateModified\":\"2023-02-07T14:22:46+00:00\",\"mainEntityOfPage\":{\"@id\":\"https:\/\/infoecos.com.ar\/index.php\/60-deudores-de-cuotas-de-viviendas-en-trenque-lauquen-al-veraz\/\"},\"wordCount\":511,\"publisher\":{\"@id\":\"https:\/\/infoecos.com.ar\/#organization\"},\"image\":{\"@id\":\"https:\/\/infoecos.com.ar\/index.php\/60-deudores-de-cuotas-de-viviendas-en-trenque-lauquen-al-veraz\/#primaryimage\"},\"thumbnailUrl\":\"https:\/\/infoecos.com.ar\/wp-content\/uploads\/2021\/03\/viviendasamoc308.jpg\",\"keywords\":[\"DEUDA: M\u00c1S DE 47 MILLONES\"],\"articleSection\":[\"C2 N3\"],\"inLanguage\":\"es\"},{\"@type\":\"WebPage\",\"@id\":\"https:\/\/infoecos.com.ar\/index.php\/60-deudores-de-cuotas-de-viviendas-en-trenque-lauquen-al-veraz\/\",\"url\":\"https:\/\/infoecos.com.ar\/index.php\/60-deudores-de-cuotas-de-viviendas-en-trenque-lauquen-al-veraz\/\",\"name\":\"60 deudores de cuotas de viviendas en Trenque Lauquen al VERAZ - Infoecos\",\"isPartOf\":{\"@id\":\"https:\/\/infoecos.com.ar\/#website\"},\"primaryImageOfPage\":{\"@id\":\"https:\/\/infoecos.com.ar\/index.php\/60-deudores-de-cuotas-de-viviendas-en-trenque-lauquen-al-veraz\/#primaryimage\"},\"image\":{\"@id\":\"https:\/\/infoecos.com.ar\/index.php\/60-deudores-de-cuotas-de-viviendas-en-trenque-lauquen-al-veraz\/#primaryimage\"},\"thumbnailUrl\":\"https:\/\/infoecos.com.ar\/wp-content\/uploads\/2021\/03\/viviendasamoc308.jpg\",\"datePublished\":\"2023-02-06T12:44:10+00:00\",\"dateModified\":\"2023-02-07T14:22:46+00:00\",\"breadcrumb\":{\"@id\":\"https:\/\/infoecos.com.ar\/index.php\/60-deudores-de-cuotas-de-viviendas-en-trenque-lauquen-al-veraz\/#breadcrumb\"},\"inLanguage\":\"es\",\"potentialAction\":[{\"@type\":\"ReadAction\",\"target\":[\"https:\/\/infoecos.com.ar\/index.php\/60-deudores-de-cuotas-de-viviendas-en-trenque-lauquen-al-veraz\/\"]}]},{\"@type\":\"ImageObject\",\"inLanguage\":\"es\",\"@id\":\"https:\/\/infoecos.com.ar\/index.php\/60-deudores-de-cuotas-de-viviendas-en-trenque-lauquen-al-veraz\/#primaryimage\",\"url\":\"https:\/\/infoecos.com.ar\/wp-content\/uploads\/2021\/03\/viviendasamoc308.jpg\",\"contentUrl\":\"https:\/\/infoecos.com.ar\/wp-content\/uploads\/2021\/03\/viviendasamoc308.jpg\",\"width\":2048,\"height\":1367},{\"@type\":\"BreadcrumbList\",\"@id\":\"https:\/\/infoecos.com.ar\/index.php\/60-deudores-de-cuotas-de-viviendas-en-trenque-lauquen-al-veraz\/#breadcrumb\",\"itemListElement\":[{\"@type\":\"ListItem\",\"position\":1,\"name\":\"Portada\",\"item\":\"https:\/\/infoecos.com.ar\/\"},{\"@type\":\"ListItem\",\"position\":2,\"name\":\"60 deudores de cuotas de viviendas en Trenque Lauquen al VERAZ\"}]},{\"@type\":\"WebSite\",\"@id\":\"https:\/\/infoecos.com.ar\/#website\",\"url\":\"https:\/\/infoecos.com.ar\/\",\"name\":\"Infoecos\",\"description\":\"Noticias de trenque lauquen y la zona\",\"publisher\":{\"@id\":\"https:\/\/infoecos.com.ar\/#organization\"},\"alternateName\":\"Noticias\",\"potentialAction\":[{\"@type\":\"SearchAction\",\"target\":{\"@type\":\"EntryPoint\",\"urlTemplate\":\"https:\/\/infoecos.com.ar\/?s={search_term_string}\"},\"query-input\":{\"@type\":\"PropertyValueSpecification\",\"valueRequired\":true,\"valueName\":\"search_term_string\"}}],\"inLanguage\":\"es\"},{\"@type\":\"Organization\",\"@id\":\"https:\/\/infoecos.com.ar\/#organization\",\"name\":\"Infoecos\",\"alternateName\":\"Noticias\",\"url\":\"https:\/\/infoecos.com.ar\/\",\"logo\":{\"@type\":\"ImageObject\",\"inLanguage\":\"es\",\"@id\":\"https:\/\/infoecos.com.ar\/#\/schema\/logo\/image\/\",\"url\":\"https:\/\/infoecos.com.ar\/wp-content\/uploads\/2024\/03\/cropped-logo.png\",\"contentUrl\":\"https:\/\/infoecos.com.ar\/wp-content\/uploads\/2024\/03\/cropped-logo.png\",\"width\":374,\"height\":90,\"caption\":\"Infoecos\"},\"image\":{\"@id\":\"https:\/\/infoecos.com.ar\/#\/schema\/logo\/image\/\"},\"sameAs\":[\"https:\/\/www.facebook.com\/profile.php?id=100063200290284\",\"https:\/\/x.com\/infoecos\"]},{\"@type\":\"Person\",\"@id\":\"https:\/\/infoecos.com.ar\/#\/schema\/person\/8f5ace5ce73b4b4aac4b7245aee6f191\",\"name\":\"Jorge Matheus\",\"url\":\"https:\/\/infoecos.com.ar\/index.php\/author\/jomatheus\/\"}]}<\/script>\n<!-- \/ Yoast SEO plugin. -->","yoast_head_json":{"title":"60 deudores de cuotas de viviendas en Trenque Lauquen al VERAZ - Infoecos","robots":{"index":"index","follow":"follow","max-snippet":"max-snippet:-1","max-image-preview":"max-image-preview:large","max-video-preview":"max-video-preview:-1"},"canonical":"https:\/\/infoecos.com.ar\/index.php\/60-deudores-de-cuotas-de-viviendas-en-trenque-lauquen-al-veraz\/","og_locale":"es_ES","og_type":"article","og_title":"60 deudores de cuotas de viviendas en Trenque Lauquen al VERAZ - Infoecos","og_description":"Foto ilustrativa. Esta acci\u00f3n del Departamento Ejecutivo tendr\u00e1 una segunda etapa en los pr\u00f3ximos d\u00edas, cuando se remita a Veraz otra tanda de deudores para su incorporaci\u00f3n al sistema de informes comerciales","og_url":"https:\/\/infoecos.com.ar\/index.php\/60-deudores-de-cuotas-de-viviendas-en-trenque-lauquen-al-veraz\/","og_site_name":"Infoecos","article_publisher":"https:\/\/www.facebook.com\/profile.php?id=100063200290284","article_published_time":"2023-02-06T12:44:10+00:00","article_modified_time":"2023-02-07T14:22:46+00:00","og_image":[{"width":2048,"height":1367,"url":"https:\/\/infoecos.com.ar\/wp-content\/uploads\/2021\/03\/viviendasamoc308.jpg","type":"image\/jpeg"}],"author":"Jorge Matheus","twitter_card":"summary_large_image","twitter_creator":"@infoecos","twitter_site":"@infoecos","twitter_misc":{"Escrito por":"Jorge Matheus","Tiempo de lectura":"3 minutos"},"schema":{"@context":"https:\/\/schema.org","@graph":[{"@type":"Article","@id":"https:\/\/infoecos.com.ar\/index.php\/60-deudores-de-cuotas-de-viviendas-en-trenque-lauquen-al-veraz\/#article","isPartOf":{"@id":"https:\/\/infoecos.com.ar\/index.php\/60-deudores-de-cuotas-de-viviendas-en-trenque-lauquen-al-veraz\/"},"author":{"name":"Jorge Matheus","@id":"https:\/\/infoecos.com.ar\/#\/schema\/person\/8f5ace5ce73b4b4aac4b7245aee6f191"},"headline":"60 deudores de cuotas de viviendas en Trenque Lauquen al VERAZ","datePublished":"2023-02-06T12:44:10+00:00","dateModified":"2023-02-07T14:22:46+00:00","mainEntityOfPage":{"@id":"https:\/\/infoecos.com.ar\/index.php\/60-deudores-de-cuotas-de-viviendas-en-trenque-lauquen-al-veraz\/"},"wordCount":511,"publisher":{"@id":"https:\/\/infoecos.com.ar\/#organization"},"image":{"@id":"https:\/\/infoecos.com.ar\/index.php\/60-deudores-de-cuotas-de-viviendas-en-trenque-lauquen-al-veraz\/#primaryimage"},"thumbnailUrl":"https:\/\/infoecos.com.ar\/wp-content\/uploads\/2021\/03\/viviendasamoc308.jpg","keywords":["DEUDA: M\u00c1S DE 47 MILLONES"],"articleSection":["C2 N3"],"inLanguage":"es"},{"@type":"WebPage","@id":"https:\/\/infoecos.com.ar\/index.php\/60-deudores-de-cuotas-de-viviendas-en-trenque-lauquen-al-veraz\/","url":"https:\/\/infoecos.com.ar\/index.php\/60-deudores-de-cuotas-de-viviendas-en-trenque-lauquen-al-veraz\/","name":"60 deudores de cuotas de viviendas en Trenque Lauquen al VERAZ - Infoecos","isPartOf":{"@id":"https:\/\/infoecos.com.ar\/#website"},"primaryImageOfPage":{"@id":"https:\/\/infoecos.com.ar\/index.php\/60-deudores-de-cuotas-de-viviendas-en-trenque-lauquen-al-veraz\/#primaryimage"},"image":{"@id":"https:\/\/infoecos.com.ar\/index.php\/60-deudores-de-cuotas-de-viviendas-en-trenque-lauquen-al-veraz\/#primaryimage"},"thumbnailUrl":"https:\/\/infoecos.com.ar\/wp-content\/uploads\/2021\/03\/viviendasamoc308.jpg","datePublished":"2023-02-06T12:44:10+00:00","dateModified":"2023-02-07T14:22:46+00:00","breadcrumb":{"@id":"https:\/\/infoecos.com.ar\/index.php\/60-deudores-de-cuotas-de-viviendas-en-trenque-lauquen-al-veraz\/#breadcrumb"},"inLanguage":"es","potentialAction":[{"@type":"ReadAction","target":["https:\/\/infoecos.com.ar\/index.php\/60-deudores-de-cuotas-de-viviendas-en-trenque-lauquen-al-veraz\/"]}]},{"@type":"ImageObject","inLanguage":"es","@id":"https:\/\/infoecos.com.ar\/index.php\/60-deudores-de-cuotas-de-viviendas-en-trenque-lauquen-al-veraz\/#primaryimage","url":"https:\/\/infoecos.com.ar\/wp-content\/uploads\/2021\/03\/viviendasamoc308.jpg","contentUrl":"https:\/\/infoecos.com.ar\/wp-content\/uploads\/2021\/03\/viviendasamoc308.jpg","width":2048,"height":1367},{"@type":"BreadcrumbList","@id":"https:\/\/infoecos.com.ar\/index.php\/60-deudores-de-cuotas-de-viviendas-en-trenque-lauquen-al-veraz\/#breadcrumb","itemListElement":[{"@type":"ListItem","position":1,"name":"Portada","item":"https:\/\/infoecos.com.ar\/"},{"@type":"ListItem","position":2,"name":"60 deudores de cuotas de viviendas en Trenque Lauquen al VERAZ"}]},{"@type":"WebSite","@id":"https:\/\/infoecos.com.ar\/#website","url":"https:\/\/infoecos.com.ar\/","name":"Infoecos","description":"Noticias de trenque lauquen y la zona","publisher":{"@id":"https:\/\/infoecos.com.ar\/#organization"},"alternateName":"Noticias","potentialAction":[{"@type":"SearchAction","target":{"@type":"EntryPoint","urlTemplate":"https:\/\/infoecos.com.ar\/?s={search_term_string}"},"query-input":{"@type":"PropertyValueSpecification","valueRequired":true,"valueName":"search_term_string"}}],"inLanguage":"es"},{"@type":"Organization","@id":"https:\/\/infoecos.com.ar\/#organization","name":"Infoecos","alternateName":"Noticias","url":"https:\/\/infoecos.com.ar\/","logo":{"@type":"ImageObject","inLanguage":"es","@id":"https:\/\/infoecos.com.ar\/#\/schema\/logo\/image\/","url":"https:\/\/infoecos.com.ar\/wp-content\/uploads\/2024\/03\/cropped-logo.png","contentUrl":"https:\/\/infoecos.com.ar\/wp-content\/uploads\/2024\/03\/cropped-logo.png","width":374,"height":90,"caption":"Infoecos"},"image":{"@id":"https:\/\/infoecos.com.ar\/#\/schema\/logo\/image\/"},"sameAs":["https:\/\/www.facebook.com\/profile.php?id=100063200290284","https:\/\/x.com\/infoecos"]},{"@type":"Person","@id":"https:\/\/infoecos.com.ar\/#\/schema\/person\/8f5ace5ce73b4b4aac4b7245aee6f191","name":"Jorge Matheus","url":"https:\/\/infoecos.com.ar\/index.php\/author\/jomatheus\/"}]}},"featured_image_urls":{"full":["https:\/\/infoecos.com.ar\/wp-content\/uploads\/2021\/03\/viviendasamoc308.jpg",2048,1367,false],"thumbnail":["https:\/\/infoecos.com.ar\/wp-content\/uploads\/2021\/03\/viviendasamoc308-150x150.jpg",150,150,true],"medium":["https:\/\/infoecos.com.ar\/wp-content\/uploads\/2021\/03\/viviendasamoc308-460x307.jpg",460,307,true],"medium_large":["https:\/\/infoecos.com.ar\/wp-content\/uploads\/2021\/03\/viviendasamoc308-768x513.jpg",640,428,true],"large":["https:\/\/infoecos.com.ar\/wp-content\/uploads\/2021\/03\/viviendasamoc308-920x614.jpg",640,427,true],"1536x1536":["https:\/\/infoecos.com.ar\/wp-content\/uploads\/2021\/03\/viviendasamoc308-1536x1025.jpg",1536,1025,true],"2048x2048":["https:\/\/infoecos.com.ar\/wp-content\/uploads\/2021\/03\/viviendasamoc308.jpg",2048,1367,false],"covernews-slider-full":["https:\/\/infoecos.com.ar\/wp-content\/uploads\/2021\/03\/viviendasamoc308-1536x1020.jpg",1077,715,true],"covernews-slider-center":["https:\/\/infoecos.com.ar\/wp-content\/uploads\/2021\/03\/viviendasamoc308-936x897.jpg",522,500,true],"covernews-featured":["https:\/\/infoecos.com.ar\/wp-content\/uploads\/2021\/03\/viviendasamoc308-1024x684.jpg",1024,684,true],"covernews-medium":["https:\/\/infoecos.com.ar\/wp-content\/uploads\/2021\/03\/viviendasamoc308-720x380.jpg",540,285,true],"covernews-medium-square":["https:\/\/infoecos.com.ar\/wp-content\/uploads\/2021\/03\/viviendasamoc308-675x450.jpg",375,250,true]},"author_info":{"info":["Jorge Matheus"]},"category_info":"<a href=\"https:\/\/infoecos.com.ar\/index.php\/category\/c2nota3\/\" rel=\"category tag\">C2 N3<\/a>","tag_info":"C2 N3","comment_count":"0","_links":{"self":[{"href":"https:\/\/infoecos.com.ar\/index.php\/wp-json\/wp\/v2\/posts\/101474"}],"collection":[{"href":"https:\/\/infoecos.com.ar\/index.php\/wp-json\/wp\/v2\/posts"}],"about":[{"href":"https:\/\/infoecos.com.ar\/index.php\/wp-json\/wp\/v2\/types\/post"}],"author":[{"embeddable":true,"href":"https:\/\/infoecos.com.ar\/index.php\/wp-json\/wp\/v2\/users\/2"}],"replies":[{"embeddable":true,"href":"https:\/\/infoecos.com.ar\/index.php\/wp-json\/wp\/v2\/comments?post=101474"}],"version-history":[{"count":1,"href":"https:\/\/infoecos.com.ar\/index.php\/wp-json\/wp\/v2\/posts\/101474\/revisions"}],"predecessor-version":[{"id":101475,"href":"https:\/\/infoecos.com.ar\/index.php\/wp-json\/wp\/v2\/posts\/101474\/revisions\/101475"}],"wp:featuredmedia":[{"embeddable":true,"href":"https:\/\/infoecos.com.ar\/index.php\/wp-json\/wp\/v2\/media\/75675"}],"wp:attachment":[{"href":"https:\/\/infoecos.com.ar\/index.php\/wp-json\/wp\/v2\/media?parent=101474"}],"wp:term":[{"taxonomy":"category","embeddable":true,"href":"https:\/\/infoecos.com.ar\/index.php\/wp-json\/wp\/v2\/categories?post=101474"},{"taxonomy":"post_tag","embeddable":true,"href":"https:\/\/infoecos.com.ar\/index.php\/wp-json\/wp\/v2\/tags?post=101474"}],"curies":[{"name":"wp","href":"https:\/\/api.w.org\/{rel}","templated":true}]}}