{"id":101529,"date":"2023-02-07T03:23:59","date_gmt":"2023-02-07T06:23:59","guid":{"rendered":"https:\/\/infoecos.com.ar\/?p=101529"},"modified":"2023-02-07T10:56:55","modified_gmt":"2023-02-07T13:56:55","slug":"carlos-casares-con-problemas-de-abastecimiento-de-agua-para-consumo","status":"publish","type":"post","link":"https:\/\/infoecos.com.ar\/index.php\/carlos-casares-con-problemas-de-abastecimiento-de-agua-para-consumo\/","title":{"rendered":"Carlos Casares con problemas de abastecimiento de agua para consumo"},"content":{"rendered":"\n<p>ABSA, Aguas Bonaerense Sociedad An\u00f3nima, informa fue vandalizada una de las perforaciones del acueducto Moctezuma, en el distrito de Carlos Casares.<\/p>\n\n\n\n<figure class=\"wp-block-image aligncenter size-full\"><img decoding=\"async\" src=\"https:\/\/infoecos.com.ar\/wp-content\/uploads\/ABSA1.jpg\" alt=\"\" class=\"wp-image-20409\"\/><figcaption class=\"wp-element-caption\">ABSA &#8211; Sede Central La Plata<\/figcaption><\/figure>\n\n\n\n<p>Se encontr\u00f3 violentado el gabinete de una de las posiciones de bombeo, y la sustracci\u00f3n del tablero en su totalidad. Producto de este il\u00edcito, est\u00e1 afectado el volumen de agua hacia la Planta Potabilizadora de Carlos Casares. La situaci\u00f3n se mantendr\u00e1 hasta hoy, momento en que el personal de la Empresa reponga los materiales sustra\u00eddos y logre recuperar la operaci\u00f3n del equipo.<\/p>\n\n\n\n<p><\/p>\n\n\n\n<p><\/p>\n","protected":false},"excerpt":{"rendered":"<p>La situaci\u00f3n se mantendr\u00e1 hasta hoy, momento en que el personal de la Empresa reponga los materiales sustra\u00eddos y logre recuperar la operaci\u00f3n del equipo<\/p>\n","protected":false},"author":2,"featured_media":51236,"comment_status":"closed","ping_status":"open","sticky":false,"template":"","format":"standard","meta":{"footnotes":""},"categories":[49],"tags":[7269],"class_list":["post-101529","post","type-post","status-publish","format-standard","has-post-thumbnail","hentry","category-c3nota3","tag-robaron-equipos-de-absa"],"yoast_head":"<!-- This site is optimized with the Yoast SEO plugin v23.4 - https:\/\/yoast.com\/wordpress\/plugins\/seo\/ -->\n<title>Carlos Casares con problemas de abastecimiento de agua para consumo - Infoecos<\/title>\n<meta name=\"robots\" content=\"index, follow, max-snippet:-1, max-image-preview:large, max-video-preview:-1\" \/>\n<link rel=\"canonical\" href=\"https:\/\/infoecos.com.ar\/index.php\/carlos-casares-con-problemas-de-abastecimiento-de-agua-para-consumo\/\" \/>\n<meta property=\"og:locale\" content=\"es_ES\" \/>\n<meta property=\"og:type\" content=\"article\" \/>\n<meta property=\"og:title\" content=\"Carlos Casares con problemas de abastecimiento de agua para consumo - Infoecos\" \/>\n<meta property=\"og:description\" content=\"La situaci\u00f3n se mantendr\u00e1 hasta hoy, momento en que el personal de la Empresa reponga los materiales sustra\u00eddos y logre recuperar la operaci\u00f3n del equipo\" \/>\n<meta property=\"og:url\" content=\"https:\/\/infoecos.com.ar\/index.php\/carlos-casares-con-problemas-de-abastecimiento-de-agua-para-consumo\/\" \/>\n<meta property=\"og:site_name\" content=\"Infoecos\" \/>\n<meta property=\"article:publisher\" content=\"https:\/\/www.facebook.com\/profile.php?id=100063200290284\" \/>\n<meta property=\"article:published_time\" content=\"2023-02-07T06:23:59+00:00\" \/>\n<meta property=\"article:modified_time\" content=\"2023-02-07T13:56:55+00:00\" \/>\n<meta property=\"og:image\" content=\"https:\/\/infoecos.com.ar\/wp-content\/uploads\/20181205130044_c80b25a2e6153b3d22472ddefcaa02d7.jpg\" \/>\n\t<meta property=\"og:image:width\" content=\"930\" \/>\n\t<meta property=\"og:image:height\" content=\"555\" \/>\n\t<meta property=\"og:image:type\" content=\"image\/jpeg\" \/>\n<meta name=\"author\" content=\"Jorge Matheus\" \/>\n<meta name=\"twitter:card\" content=\"summary_large_image\" \/>\n<meta name=\"twitter:creator\" content=\"@infoecos\" \/>\n<meta name=\"twitter:site\" content=\"@infoecos\" \/>\n<meta name=\"twitter:label1\" content=\"Escrito por\" \/>\n\t<meta name=\"twitter:data1\" content=\"Jorge Matheus\" \/>\n\t<meta name=\"twitter:label2\" content=\"Tiempo de lectura\" \/>\n\t<meta name=\"twitter:data2\" content=\"1 minuto\" \/>\n<script type=\"application\/ld+json\" class=\"yoast-schema-graph\">{\"@context\":\"https:\/\/schema.org\",\"@graph\":[{\"@type\":\"Article\",\"@id\":\"https:\/\/infoecos.com.ar\/index.php\/carlos-casares-con-problemas-de-abastecimiento-de-agua-para-consumo\/#article\",\"isPartOf\":{\"@id\":\"https:\/\/infoecos.com.ar\/index.php\/carlos-casares-con-problemas-de-abastecimiento-de-agua-para-consumo\/\"},\"author\":{\"name\":\"Jorge Matheus\",\"@id\":\"https:\/\/infoecos.com.ar\/#\/schema\/person\/8f5ace5ce73b4b4aac4b7245aee6f191\"},\"headline\":\"Carlos Casares con problemas de abastecimiento de agua para consumo\",\"datePublished\":\"2023-02-07T06:23:59+00:00\",\"dateModified\":\"2023-02-07T13:56:55+00:00\",\"mainEntityOfPage\":{\"@id\":\"https:\/\/infoecos.com.ar\/index.php\/carlos-casares-con-problemas-de-abastecimiento-de-agua-para-consumo\/\"},\"wordCount\":105,\"publisher\":{\"@id\":\"https:\/\/infoecos.com.ar\/#organization\"},\"image\":{\"@id\":\"https:\/\/infoecos.com.ar\/index.php\/carlos-casares-con-problemas-de-abastecimiento-de-agua-para-consumo\/#primaryimage\"},\"thumbnailUrl\":\"\",\"keywords\":[\"ROBARON EQUIPOS DE ABSA\"],\"articleSection\":[\"C3 N3\"],\"inLanguage\":\"es\"},{\"@type\":\"WebPage\",\"@id\":\"https:\/\/infoecos.com.ar\/index.php\/carlos-casares-con-problemas-de-abastecimiento-de-agua-para-consumo\/\",\"url\":\"https:\/\/infoecos.com.ar\/index.php\/carlos-casares-con-problemas-de-abastecimiento-de-agua-para-consumo\/\",\"name\":\"Carlos Casares con problemas de abastecimiento de agua para consumo - Infoecos\",\"isPartOf\":{\"@id\":\"https:\/\/infoecos.com.ar\/#website\"},\"primaryImageOfPage\":{\"@id\":\"https:\/\/infoecos.com.ar\/index.php\/carlos-casares-con-problemas-de-abastecimiento-de-agua-para-consumo\/#primaryimage\"},\"image\":{\"@id\":\"https:\/\/infoecos.com.ar\/index.php\/carlos-casares-con-problemas-de-abastecimiento-de-agua-para-consumo\/#primaryimage\"},\"thumbnailUrl\":\"\",\"datePublished\":\"2023-02-07T06:23:59+00:00\",\"dateModified\":\"2023-02-07T13:56:55+00:00\",\"breadcrumb\":{\"@id\":\"https:\/\/infoecos.com.ar\/index.php\/carlos-casares-con-problemas-de-abastecimiento-de-agua-para-consumo\/#breadcrumb\"},\"inLanguage\":\"es\",\"potentialAction\":[{\"@type\":\"ReadAction\",\"target\":[\"https:\/\/infoecos.com.ar\/index.php\/carlos-casares-con-problemas-de-abastecimiento-de-agua-para-consumo\/\"]}]},{\"@type\":\"ImageObject\",\"inLanguage\":\"es\",\"@id\":\"https:\/\/infoecos.com.ar\/index.php\/carlos-casares-con-problemas-de-abastecimiento-de-agua-para-consumo\/#primaryimage\",\"url\":\"\",\"contentUrl\":\"\"},{\"@type\":\"BreadcrumbList\",\"@id\":\"https:\/\/infoecos.com.ar\/index.php\/carlos-casares-con-problemas-de-abastecimiento-de-agua-para-consumo\/#breadcrumb\",\"itemListElement\":[{\"@type\":\"ListItem\",\"position\":1,\"name\":\"Portada\",\"item\":\"https:\/\/infoecos.com.ar\/\"},{\"@type\":\"ListItem\",\"position\":2,\"name\":\"Carlos Casares con problemas de abastecimiento de agua para consumo\"}]},{\"@type\":\"WebSite\",\"@id\":\"https:\/\/infoecos.com.ar\/#website\",\"url\":\"https:\/\/infoecos.com.ar\/\",\"name\":\"Infoecos\",\"description\":\"Noticias de trenque lauquen y la zona\",\"publisher\":{\"@id\":\"https:\/\/infoecos.com.ar\/#organization\"},\"alternateName\":\"Noticias\",\"potentialAction\":[{\"@type\":\"SearchAction\",\"target\":{\"@type\":\"EntryPoint\",\"urlTemplate\":\"https:\/\/infoecos.com.ar\/?s={search_term_string}\"},\"query-input\":{\"@type\":\"PropertyValueSpecification\",\"valueRequired\":true,\"valueName\":\"search_term_string\"}}],\"inLanguage\":\"es\"},{\"@type\":\"Organization\",\"@id\":\"https:\/\/infoecos.com.ar\/#organization\",\"name\":\"Infoecos\",\"alternateName\":\"Noticias\",\"url\":\"https:\/\/infoecos.com.ar\/\",\"logo\":{\"@type\":\"ImageObject\",\"inLanguage\":\"es\",\"@id\":\"https:\/\/infoecos.com.ar\/#\/schema\/logo\/image\/\",\"url\":\"https:\/\/infoecos.com.ar\/wp-content\/uploads\/2024\/03\/cropped-logo.png\",\"contentUrl\":\"https:\/\/infoecos.com.ar\/wp-content\/uploads\/2024\/03\/cropped-logo.png\",\"width\":374,\"height\":90,\"caption\":\"Infoecos\"},\"image\":{\"@id\":\"https:\/\/infoecos.com.ar\/#\/schema\/logo\/image\/\"},\"sameAs\":[\"https:\/\/www.facebook.com\/profile.php?id=100063200290284\",\"https:\/\/x.com\/infoecos\"]},{\"@type\":\"Person\",\"@id\":\"https:\/\/infoecos.com.ar\/#\/schema\/person\/8f5ace5ce73b4b4aac4b7245aee6f191\",\"name\":\"Jorge Matheus\",\"url\":\"https:\/\/infoecos.com.ar\/index.php\/author\/jomatheus\/\"}]}<\/script>\n<!-- \/ Yoast SEO plugin. -->","yoast_head_json":{"title":"Carlos Casares con problemas de abastecimiento de agua para consumo - Infoecos","robots":{"index":"index","follow":"follow","max-snippet":"max-snippet:-1","max-image-preview":"max-image-preview:large","max-video-preview":"max-video-preview:-1"},"canonical":"https:\/\/infoecos.com.ar\/index.php\/carlos-casares-con-problemas-de-abastecimiento-de-agua-para-consumo\/","og_locale":"es_ES","og_type":"article","og_title":"Carlos Casares con problemas de abastecimiento de agua para consumo - Infoecos","og_description":"La situaci\u00f3n se mantendr\u00e1 hasta hoy, momento en que el personal de la Empresa reponga los materiales sustra\u00eddos y logre recuperar la operaci\u00f3n del equipo","og_url":"https:\/\/infoecos.com.ar\/index.php\/carlos-casares-con-problemas-de-abastecimiento-de-agua-para-consumo\/","og_site_name":"Infoecos","article_publisher":"https:\/\/www.facebook.com\/profile.php?id=100063200290284","article_published_time":"2023-02-07T06:23:59+00:00","article_modified_time":"2023-02-07T13:56:55+00:00","og_image":[{"width":930,"height":555,"url":"https:\/\/infoecos.com.ar\/wp-content\/uploads\/20181205130044_c80b25a2e6153b3d22472ddefcaa02d7.jpg","type":"image\/jpeg"}],"author":"Jorge Matheus","twitter_card":"summary_large_image","twitter_creator":"@infoecos","twitter_site":"@infoecos","twitter_misc":{"Escrito por":"Jorge Matheus","Tiempo de lectura":"1 minuto"},"schema":{"@context":"https:\/\/schema.org","@graph":[{"@type":"Article","@id":"https:\/\/infoecos.com.ar\/index.php\/carlos-casares-con-problemas-de-abastecimiento-de-agua-para-consumo\/#article","isPartOf":{"@id":"https:\/\/infoecos.com.ar\/index.php\/carlos-casares-con-problemas-de-abastecimiento-de-agua-para-consumo\/"},"author":{"name":"Jorge Matheus","@id":"https:\/\/infoecos.com.ar\/#\/schema\/person\/8f5ace5ce73b4b4aac4b7245aee6f191"},"headline":"Carlos Casares con problemas de abastecimiento de agua para consumo","datePublished":"2023-02-07T06:23:59+00:00","dateModified":"2023-02-07T13:56:55+00:00","mainEntityOfPage":{"@id":"https:\/\/infoecos.com.ar\/index.php\/carlos-casares-con-problemas-de-abastecimiento-de-agua-para-consumo\/"},"wordCount":105,"publisher":{"@id":"https:\/\/infoecos.com.ar\/#organization"},"image":{"@id":"https:\/\/infoecos.com.ar\/index.php\/carlos-casares-con-problemas-de-abastecimiento-de-agua-para-consumo\/#primaryimage"},"thumbnailUrl":"","keywords":["ROBARON EQUIPOS DE ABSA"],"articleSection":["C3 N3"],"inLanguage":"es"},{"@type":"WebPage","@id":"https:\/\/infoecos.com.ar\/index.php\/carlos-casares-con-problemas-de-abastecimiento-de-agua-para-consumo\/","url":"https:\/\/infoecos.com.ar\/index.php\/carlos-casares-con-problemas-de-abastecimiento-de-agua-para-consumo\/","name":"Carlos Casares con problemas de abastecimiento de agua para consumo - Infoecos","isPartOf":{"@id":"https:\/\/infoecos.com.ar\/#website"},"primaryImageOfPage":{"@id":"https:\/\/infoecos.com.ar\/index.php\/carlos-casares-con-problemas-de-abastecimiento-de-agua-para-consumo\/#primaryimage"},"image":{"@id":"https:\/\/infoecos.com.ar\/index.php\/carlos-casares-con-problemas-de-abastecimiento-de-agua-para-consumo\/#primaryimage"},"thumbnailUrl":"","datePublished":"2023-02-07T06:23:59+00:00","dateModified":"2023-02-07T13:56:55+00:00","breadcrumb":{"@id":"https:\/\/infoecos.com.ar\/index.php\/carlos-casares-con-problemas-de-abastecimiento-de-agua-para-consumo\/#breadcrumb"},"inLanguage":"es","potentialAction":[{"@type":"ReadAction","target":["https:\/\/infoecos.com.ar\/index.php\/carlos-casares-con-problemas-de-abastecimiento-de-agua-para-consumo\/"]}]},{"@type":"ImageObject","inLanguage":"es","@id":"https:\/\/infoecos.com.ar\/index.php\/carlos-casares-con-problemas-de-abastecimiento-de-agua-para-consumo\/#primaryimage","url":"","contentUrl":""},{"@type":"BreadcrumbList","@id":"https:\/\/infoecos.com.ar\/index.php\/carlos-casares-con-problemas-de-abastecimiento-de-agua-para-consumo\/#breadcrumb","itemListElement":[{"@type":"ListItem","position":1,"name":"Portada","item":"https:\/\/infoecos.com.ar\/"},{"@type":"ListItem","position":2,"name":"Carlos Casares con problemas de abastecimiento de agua para consumo"}]},{"@type":"WebSite","@id":"https:\/\/infoecos.com.ar\/#website","url":"https:\/\/infoecos.com.ar\/","name":"Infoecos","description":"Noticias de trenque lauquen y la zona","publisher":{"@id":"https:\/\/infoecos.com.ar\/#organization"},"alternateName":"Noticias","potentialAction":[{"@type":"SearchAction","target":{"@type":"EntryPoint","urlTemplate":"https:\/\/infoecos.com.ar\/?s={search_term_string}"},"query-input":{"@type":"PropertyValueSpecification","valueRequired":true,"valueName":"search_term_string"}}],"inLanguage":"es"},{"@type":"Organization","@id":"https:\/\/infoecos.com.ar\/#organization","name":"Infoecos","alternateName":"Noticias","url":"https:\/\/infoecos.com.ar\/","logo":{"@type":"ImageObject","inLanguage":"es","@id":"https:\/\/infoecos.com.ar\/#\/schema\/logo\/image\/","url":"https:\/\/infoecos.com.ar\/wp-content\/uploads\/2024\/03\/cropped-logo.png","contentUrl":"https:\/\/infoecos.com.ar\/wp-content\/uploads\/2024\/03\/cropped-logo.png","width":374,"height":90,"caption":"Infoecos"},"image":{"@id":"https:\/\/infoecos.com.ar\/#\/schema\/logo\/image\/"},"sameAs":["https:\/\/www.facebook.com\/profile.php?id=100063200290284","https:\/\/x.com\/infoecos"]},{"@type":"Person","@id":"https:\/\/infoecos.com.ar\/#\/schema\/person\/8f5ace5ce73b4b4aac4b7245aee6f191","name":"Jorge Matheus","url":"https:\/\/infoecos.com.ar\/index.php\/author\/jomatheus\/"}]}},"featured_image_urls":{"full":"","thumbnail":"","medium":"","medium_large":"","large":"","1536x1536":"","2048x2048":"","covernews-slider-full":"","covernews-slider-center":"","covernews-featured":"","covernews-medium":"","covernews-medium-square":""},"author_info":{"info":["Jorge Matheus"]},"category_info":"<a href=\"https:\/\/infoecos.com.ar\/index.php\/category\/c3nota3\/\" rel=\"category tag\">C3 N3<\/a>","tag_info":"C3 N3","comment_count":"0","_links":{"self":[{"href":"https:\/\/infoecos.com.ar\/index.php\/wp-json\/wp\/v2\/posts\/101529"}],"collection":[{"href":"https:\/\/infoecos.com.ar\/index.php\/wp-json\/wp\/v2\/posts"}],"about":[{"href":"https:\/\/infoecos.com.ar\/index.php\/wp-json\/wp\/v2\/types\/post"}],"author":[{"embeddable":true,"href":"https:\/\/infoecos.com.ar\/index.php\/wp-json\/wp\/v2\/users\/2"}],"replies":[{"embeddable":true,"href":"https:\/\/infoecos.com.ar\/index.php\/wp-json\/wp\/v2\/comments?post=101529"}],"version-history":[{"count":1,"href":"https:\/\/infoecos.com.ar\/index.php\/wp-json\/wp\/v2\/posts\/101529\/revisions"}],"predecessor-version":[{"id":101530,"href":"https:\/\/infoecos.com.ar\/index.php\/wp-json\/wp\/v2\/posts\/101529\/revisions\/101530"}],"wp:featuredmedia":[{"embeddable":true,"href":"https:\/\/infoecos.com.ar\/index.php\/wp-json\/"}],"wp:attachment":[{"href":"https:\/\/infoecos.com.ar\/index.php\/wp-json\/wp\/v2\/media?parent=101529"}],"wp:term":[{"taxonomy":"category","embeddable":true,"href":"https:\/\/infoecos.com.ar\/index.php\/wp-json\/wp\/v2\/categories?post=101529"},{"taxonomy":"post_tag","embeddable":true,"href":"https:\/\/infoecos.com.ar\/index.php\/wp-json\/wp\/v2\/tags?post=101529"}],"curies":[{"name":"wp","href":"https:\/\/api.w.org\/{rel}","templated":true}]}}