{"id":101534,"date":"2023-02-07T03:45:49","date_gmt":"2023-02-07T06:45:49","guid":{"rendered":"https:\/\/infoecos.com.ar\/?p=101534"},"modified":"2023-02-08T04:12:42","modified_gmt":"2023-02-08T07:12:42","slug":"burlando-dijo-que-apelara-el-fallo-del-juicio-por-el-asesinato-de-baez-sosa","status":"publish","type":"post","link":"https:\/\/infoecos.com.ar\/index.php\/burlando-dijo-que-apelara-el-fallo-del-juicio-por-el-asesinato-de-baez-sosa\/","title":{"rendered":"Burlando dijo que apelar\u00e1 el fallo del juicio por el asesinato de B\u00e1ez Sosa"},"content":{"rendered":"\n<p>Fernando Burlando, abogado defensor de la familia de B\u00e1ez Sosa,&nbsp;dijo que apelar\u00e1 el fallo del juicio oral por el crimen para buscar que todas las condenas sean perpetuas, ya que&nbsp;consider\u00f3 que el Tribunal \u00abtuvo clemencia con tres acusados de una manera irracional\u00bb. \u00abFue una justicia d\u00e9bil\u00bb, acus\u00f3.<\/p>\n\n\n\n<figure class=\"wp-block-image aligncenter size-full is-resized\"><img loading=\"lazy\" decoding=\"async\" src=\"https:\/\/infoecos.com.ar\/wp-content\/uploads\/2023\/02\/image-45.png\" alt=\"\" class=\"wp-image-101535\" width=\"555\" height=\"311\"\/><\/figure>\n\n\n\n<p>Se trata de la sentencia a Ayrton Viollaz, Blas Cinalli y Lucas Pertosi quienes fueron calificados&nbsp;como part\u00edcipes necesarios&nbsp;del homicidio y recibieron la pena de 15 a\u00f1os de prisi\u00f3n. \u00abEs el primer paso hacia una respuesta que realmente acaricie el coraz\u00f3n de Fernando.&nbsp;Vamos a apelar, esto reci\u00e9n comienza\u00bb, manifest\u00f3 Burlando a la salida del tribunal.<\/p>\n\n\n\n<figure class=\"wp-block-image aligncenter size-full is-resized\"><img loading=\"lazy\" decoding=\"async\" src=\"https:\/\/infoecos.com.ar\/wp-content\/uploads\/2023\/02\/image-46.png\" alt=\"\" class=\"wp-image-101536\" width=\"557\" height=\"371\" srcset=\"https:\/\/infoecos.com.ar\/wp-content\/uploads\/2023\/02\/image-46.png 960w, https:\/\/infoecos.com.ar\/wp-content\/uploads\/2023\/02\/image-46-800x533.png 800w, https:\/\/infoecos.com.ar\/wp-content\/uploads\/2023\/02\/image-46-768x512.png 768w, https:\/\/infoecos.com.ar\/wp-content\/uploads\/2023\/02\/image-46-675x450.png 675w\" sizes=\"(max-width: 557px) 100vw, 557px\" \/><\/figure>\n\n\n\n<p>Disconforme con el fallo ya que \u00abtres acusados se vieron beneficiados&nbsp;con una condena de 15 a\u00f1os\u00bb, Burlando calific\u00f3 a la justicia como \u00abd\u00e9bil\u00bb. \u00abUna justicia d\u00e9bil al momento de evaluar sentencias&nbsp;no es justicia\u00bb, afirm\u00f3. Adem\u00e1s, acus\u00f3 al sistema judicial de \u00abno atender a las s\u00faplicas de una v\u00edctima, sino a la contemplaci\u00f3n de juventud de los acusados\u00bb.<\/p>\n","protected":false},"excerpt":{"rendered":"<p>Disconforme con el fallo ya que \u00abtres acusados se vieron beneficiados\u00a0con una condena de 15 a\u00f1os\u00bb<\/p>\n","protected":false},"author":2,"featured_media":101535,"comment_status":"closed","ping_status":"open","sticky":false,"template":"","format":"standard","meta":{"footnotes":""},"categories":[42],"tags":[7270],"class_list":["post-101534","post","type-post","status-publish","format-standard","has-post-thumbnail","hentry","category-inferior3","tag-perpetua-para-todos"],"yoast_head":"<!-- This site is optimized with the Yoast SEO plugin v23.4 - https:\/\/yoast.com\/wordpress\/plugins\/seo\/ -->\n<title>Burlando dijo que apelar\u00e1 el fallo del juicio por el asesinato de B\u00e1ez Sosa - Infoecos<\/title>\n<meta name=\"robots\" content=\"index, follow, max-snippet:-1, max-image-preview:large, max-video-preview:-1\" \/>\n<link rel=\"canonical\" href=\"https:\/\/infoecos.com.ar\/index.php\/burlando-dijo-que-apelara-el-fallo-del-juicio-por-el-asesinato-de-baez-sosa\/\" \/>\n<meta property=\"og:locale\" content=\"es_ES\" \/>\n<meta property=\"og:type\" content=\"article\" \/>\n<meta property=\"og:title\" content=\"Burlando dijo que apelar\u00e1 el fallo del juicio por el asesinato de B\u00e1ez Sosa - Infoecos\" \/>\n<meta property=\"og:description\" content=\"Disconforme con el fallo ya que &quot;tres acusados se vieron beneficiados\u00a0con una condena de 15 a\u00f1os&quot;\" \/>\n<meta property=\"og:url\" content=\"https:\/\/infoecos.com.ar\/index.php\/burlando-dijo-que-apelara-el-fallo-del-juicio-por-el-asesinato-de-baez-sosa\/\" \/>\n<meta property=\"og:site_name\" content=\"Infoecos\" \/>\n<meta property=\"article:publisher\" content=\"https:\/\/www.facebook.com\/profile.php?id=100063200290284\" \/>\n<meta property=\"article:published_time\" content=\"2023-02-07T06:45:49+00:00\" \/>\n<meta property=\"article:modified_time\" content=\"2023-02-08T07:12:42+00:00\" \/>\n<meta property=\"og:image\" content=\"https:\/\/infoecos.com.ar\/wp-content\/uploads\/2023\/02\/image-45.png\" \/>\n\t<meta property=\"og:image:width\" content=\"767\" \/>\n\t<meta property=\"og:image:height\" content=\"430\" \/>\n\t<meta property=\"og:image:type\" content=\"image\/png\" \/>\n<meta name=\"author\" content=\"Jorge Matheus\" \/>\n<meta name=\"twitter:card\" content=\"summary_large_image\" \/>\n<meta name=\"twitter:creator\" content=\"@infoecos\" \/>\n<meta name=\"twitter:site\" content=\"@infoecos\" \/>\n<meta name=\"twitter:label1\" content=\"Escrito por\" \/>\n\t<meta name=\"twitter:data1\" content=\"Jorge Matheus\" \/>\n\t<meta name=\"twitter:label2\" content=\"Tiempo de lectura\" \/>\n\t<meta name=\"twitter:data2\" content=\"2 minutos\" \/>\n<script type=\"application\/ld+json\" class=\"yoast-schema-graph\">{\"@context\":\"https:\/\/schema.org\",\"@graph\":[{\"@type\":\"Article\",\"@id\":\"https:\/\/infoecos.com.ar\/index.php\/burlando-dijo-que-apelara-el-fallo-del-juicio-por-el-asesinato-de-baez-sosa\/#article\",\"isPartOf\":{\"@id\":\"https:\/\/infoecos.com.ar\/index.php\/burlando-dijo-que-apelara-el-fallo-del-juicio-por-el-asesinato-de-baez-sosa\/\"},\"author\":{\"name\":\"Jorge Matheus\",\"@id\":\"https:\/\/infoecos.com.ar\/#\/schema\/person\/8f5ace5ce73b4b4aac4b7245aee6f191\"},\"headline\":\"Burlando dijo que apelar\u00e1 el fallo del juicio por el asesinato de B\u00e1ez Sosa\",\"datePublished\":\"2023-02-07T06:45:49+00:00\",\"dateModified\":\"2023-02-08T07:12:42+00:00\",\"mainEntityOfPage\":{\"@id\":\"https:\/\/infoecos.com.ar\/index.php\/burlando-dijo-que-apelara-el-fallo-del-juicio-por-el-asesinato-de-baez-sosa\/\"},\"wordCount\":199,\"publisher\":{\"@id\":\"https:\/\/infoecos.com.ar\/#organization\"},\"image\":{\"@id\":\"https:\/\/infoecos.com.ar\/index.php\/burlando-dijo-que-apelara-el-fallo-del-juicio-por-el-asesinato-de-baez-sosa\/#primaryimage\"},\"thumbnailUrl\":\"https:\/\/infoecos.com.ar\/wp-content\/uploads\/2023\/02\/image-45.png\",\"keywords\":[\"PERPETUA PARA TODOS\"],\"articleSection\":[\"Bloque inferior - 3\"],\"inLanguage\":\"es\"},{\"@type\":\"WebPage\",\"@id\":\"https:\/\/infoecos.com.ar\/index.php\/burlando-dijo-que-apelara-el-fallo-del-juicio-por-el-asesinato-de-baez-sosa\/\",\"url\":\"https:\/\/infoecos.com.ar\/index.php\/burlando-dijo-que-apelara-el-fallo-del-juicio-por-el-asesinato-de-baez-sosa\/\",\"name\":\"Burlando dijo que apelar\u00e1 el fallo del juicio por el asesinato de B\u00e1ez Sosa - Infoecos\",\"isPartOf\":{\"@id\":\"https:\/\/infoecos.com.ar\/#website\"},\"primaryImageOfPage\":{\"@id\":\"https:\/\/infoecos.com.ar\/index.php\/burlando-dijo-que-apelara-el-fallo-del-juicio-por-el-asesinato-de-baez-sosa\/#primaryimage\"},\"image\":{\"@id\":\"https:\/\/infoecos.com.ar\/index.php\/burlando-dijo-que-apelara-el-fallo-del-juicio-por-el-asesinato-de-baez-sosa\/#primaryimage\"},\"thumbnailUrl\":\"https:\/\/infoecos.com.ar\/wp-content\/uploads\/2023\/02\/image-45.png\",\"datePublished\":\"2023-02-07T06:45:49+00:00\",\"dateModified\":\"2023-02-08T07:12:42+00:00\",\"breadcrumb\":{\"@id\":\"https:\/\/infoecos.com.ar\/index.php\/burlando-dijo-que-apelara-el-fallo-del-juicio-por-el-asesinato-de-baez-sosa\/#breadcrumb\"},\"inLanguage\":\"es\",\"potentialAction\":[{\"@type\":\"ReadAction\",\"target\":[\"https:\/\/infoecos.com.ar\/index.php\/burlando-dijo-que-apelara-el-fallo-del-juicio-por-el-asesinato-de-baez-sosa\/\"]}]},{\"@type\":\"ImageObject\",\"inLanguage\":\"es\",\"@id\":\"https:\/\/infoecos.com.ar\/index.php\/burlando-dijo-que-apelara-el-fallo-del-juicio-por-el-asesinato-de-baez-sosa\/#primaryimage\",\"url\":\"https:\/\/infoecos.com.ar\/wp-content\/uploads\/2023\/02\/image-45.png\",\"contentUrl\":\"https:\/\/infoecos.com.ar\/wp-content\/uploads\/2023\/02\/image-45.png\",\"width\":767,\"height\":430},{\"@type\":\"BreadcrumbList\",\"@id\":\"https:\/\/infoecos.com.ar\/index.php\/burlando-dijo-que-apelara-el-fallo-del-juicio-por-el-asesinato-de-baez-sosa\/#breadcrumb\",\"itemListElement\":[{\"@type\":\"ListItem\",\"position\":1,\"name\":\"Portada\",\"item\":\"https:\/\/infoecos.com.ar\/\"},{\"@type\":\"ListItem\",\"position\":2,\"name\":\"Burlando dijo que apelar\u00e1 el fallo del juicio por el asesinato de B\u00e1ez Sosa\"}]},{\"@type\":\"WebSite\",\"@id\":\"https:\/\/infoecos.com.ar\/#website\",\"url\":\"https:\/\/infoecos.com.ar\/\",\"name\":\"Infoecos\",\"description\":\"Noticias de trenque lauquen y la zona\",\"publisher\":{\"@id\":\"https:\/\/infoecos.com.ar\/#organization\"},\"alternateName\":\"Noticias\",\"potentialAction\":[{\"@type\":\"SearchAction\",\"target\":{\"@type\":\"EntryPoint\",\"urlTemplate\":\"https:\/\/infoecos.com.ar\/?s={search_term_string}\"},\"query-input\":{\"@type\":\"PropertyValueSpecification\",\"valueRequired\":true,\"valueName\":\"search_term_string\"}}],\"inLanguage\":\"es\"},{\"@type\":\"Organization\",\"@id\":\"https:\/\/infoecos.com.ar\/#organization\",\"name\":\"Infoecos\",\"alternateName\":\"Noticias\",\"url\":\"https:\/\/infoecos.com.ar\/\",\"logo\":{\"@type\":\"ImageObject\",\"inLanguage\":\"es\",\"@id\":\"https:\/\/infoecos.com.ar\/#\/schema\/logo\/image\/\",\"url\":\"https:\/\/infoecos.com.ar\/wp-content\/uploads\/2024\/03\/cropped-logo.png\",\"contentUrl\":\"https:\/\/infoecos.com.ar\/wp-content\/uploads\/2024\/03\/cropped-logo.png\",\"width\":374,\"height\":90,\"caption\":\"Infoecos\"},\"image\":{\"@id\":\"https:\/\/infoecos.com.ar\/#\/schema\/logo\/image\/\"},\"sameAs\":[\"https:\/\/www.facebook.com\/profile.php?id=100063200290284\",\"https:\/\/x.com\/infoecos\"]},{\"@type\":\"Person\",\"@id\":\"https:\/\/infoecos.com.ar\/#\/schema\/person\/8f5ace5ce73b4b4aac4b7245aee6f191\",\"name\":\"Jorge Matheus\",\"url\":\"https:\/\/infoecos.com.ar\/index.php\/author\/jomatheus\/\"}]}<\/script>\n<!-- \/ Yoast SEO plugin. -->","yoast_head_json":{"title":"Burlando dijo que apelar\u00e1 el fallo del juicio por el asesinato de B\u00e1ez Sosa - Infoecos","robots":{"index":"index","follow":"follow","max-snippet":"max-snippet:-1","max-image-preview":"max-image-preview:large","max-video-preview":"max-video-preview:-1"},"canonical":"https:\/\/infoecos.com.ar\/index.php\/burlando-dijo-que-apelara-el-fallo-del-juicio-por-el-asesinato-de-baez-sosa\/","og_locale":"es_ES","og_type":"article","og_title":"Burlando dijo que apelar\u00e1 el fallo del juicio por el asesinato de B\u00e1ez Sosa - Infoecos","og_description":"Disconforme con el fallo ya que \"tres acusados se vieron beneficiados\u00a0con una condena de 15 a\u00f1os\"","og_url":"https:\/\/infoecos.com.ar\/index.php\/burlando-dijo-que-apelara-el-fallo-del-juicio-por-el-asesinato-de-baez-sosa\/","og_site_name":"Infoecos","article_publisher":"https:\/\/www.facebook.com\/profile.php?id=100063200290284","article_published_time":"2023-02-07T06:45:49+00:00","article_modified_time":"2023-02-08T07:12:42+00:00","og_image":[{"width":767,"height":430,"url":"https:\/\/infoecos.com.ar\/wp-content\/uploads\/2023\/02\/image-45.png","type":"image\/png"}],"author":"Jorge Matheus","twitter_card":"summary_large_image","twitter_creator":"@infoecos","twitter_site":"@infoecos","twitter_misc":{"Escrito por":"Jorge Matheus","Tiempo de lectura":"2 minutos"},"schema":{"@context":"https:\/\/schema.org","@graph":[{"@type":"Article","@id":"https:\/\/infoecos.com.ar\/index.php\/burlando-dijo-que-apelara-el-fallo-del-juicio-por-el-asesinato-de-baez-sosa\/#article","isPartOf":{"@id":"https:\/\/infoecos.com.ar\/index.php\/burlando-dijo-que-apelara-el-fallo-del-juicio-por-el-asesinato-de-baez-sosa\/"},"author":{"name":"Jorge Matheus","@id":"https:\/\/infoecos.com.ar\/#\/schema\/person\/8f5ace5ce73b4b4aac4b7245aee6f191"},"headline":"Burlando dijo que apelar\u00e1 el fallo del juicio por el asesinato de B\u00e1ez Sosa","datePublished":"2023-02-07T06:45:49+00:00","dateModified":"2023-02-08T07:12:42+00:00","mainEntityOfPage":{"@id":"https:\/\/infoecos.com.ar\/index.php\/burlando-dijo-que-apelara-el-fallo-del-juicio-por-el-asesinato-de-baez-sosa\/"},"wordCount":199,"publisher":{"@id":"https:\/\/infoecos.com.ar\/#organization"},"image":{"@id":"https:\/\/infoecos.com.ar\/index.php\/burlando-dijo-que-apelara-el-fallo-del-juicio-por-el-asesinato-de-baez-sosa\/#primaryimage"},"thumbnailUrl":"https:\/\/infoecos.com.ar\/wp-content\/uploads\/2023\/02\/image-45.png","keywords":["PERPETUA PARA TODOS"],"articleSection":["Bloque inferior - 3"],"inLanguage":"es"},{"@type":"WebPage","@id":"https:\/\/infoecos.com.ar\/index.php\/burlando-dijo-que-apelara-el-fallo-del-juicio-por-el-asesinato-de-baez-sosa\/","url":"https:\/\/infoecos.com.ar\/index.php\/burlando-dijo-que-apelara-el-fallo-del-juicio-por-el-asesinato-de-baez-sosa\/","name":"Burlando dijo que apelar\u00e1 el fallo del juicio por el asesinato de B\u00e1ez Sosa - Infoecos","isPartOf":{"@id":"https:\/\/infoecos.com.ar\/#website"},"primaryImageOfPage":{"@id":"https:\/\/infoecos.com.ar\/index.php\/burlando-dijo-que-apelara-el-fallo-del-juicio-por-el-asesinato-de-baez-sosa\/#primaryimage"},"image":{"@id":"https:\/\/infoecos.com.ar\/index.php\/burlando-dijo-que-apelara-el-fallo-del-juicio-por-el-asesinato-de-baez-sosa\/#primaryimage"},"thumbnailUrl":"https:\/\/infoecos.com.ar\/wp-content\/uploads\/2023\/02\/image-45.png","datePublished":"2023-02-07T06:45:49+00:00","dateModified":"2023-02-08T07:12:42+00:00","breadcrumb":{"@id":"https:\/\/infoecos.com.ar\/index.php\/burlando-dijo-que-apelara-el-fallo-del-juicio-por-el-asesinato-de-baez-sosa\/#breadcrumb"},"inLanguage":"es","potentialAction":[{"@type":"ReadAction","target":["https:\/\/infoecos.com.ar\/index.php\/burlando-dijo-que-apelara-el-fallo-del-juicio-por-el-asesinato-de-baez-sosa\/"]}]},{"@type":"ImageObject","inLanguage":"es","@id":"https:\/\/infoecos.com.ar\/index.php\/burlando-dijo-que-apelara-el-fallo-del-juicio-por-el-asesinato-de-baez-sosa\/#primaryimage","url":"https:\/\/infoecos.com.ar\/wp-content\/uploads\/2023\/02\/image-45.png","contentUrl":"https:\/\/infoecos.com.ar\/wp-content\/uploads\/2023\/02\/image-45.png","width":767,"height":430},{"@type":"BreadcrumbList","@id":"https:\/\/infoecos.com.ar\/index.php\/burlando-dijo-que-apelara-el-fallo-del-juicio-por-el-asesinato-de-baez-sosa\/#breadcrumb","itemListElement":[{"@type":"ListItem","position":1,"name":"Portada","item":"https:\/\/infoecos.com.ar\/"},{"@type":"ListItem","position":2,"name":"Burlando dijo que apelar\u00e1 el fallo del juicio por el asesinato de B\u00e1ez Sosa"}]},{"@type":"WebSite","@id":"https:\/\/infoecos.com.ar\/#website","url":"https:\/\/infoecos.com.ar\/","name":"Infoecos","description":"Noticias de trenque lauquen y la zona","publisher":{"@id":"https:\/\/infoecos.com.ar\/#organization"},"alternateName":"Noticias","potentialAction":[{"@type":"SearchAction","target":{"@type":"EntryPoint","urlTemplate":"https:\/\/infoecos.com.ar\/?s={search_term_string}"},"query-input":{"@type":"PropertyValueSpecification","valueRequired":true,"valueName":"search_term_string"}}],"inLanguage":"es"},{"@type":"Organization","@id":"https:\/\/infoecos.com.ar\/#organization","name":"Infoecos","alternateName":"Noticias","url":"https:\/\/infoecos.com.ar\/","logo":{"@type":"ImageObject","inLanguage":"es","@id":"https:\/\/infoecos.com.ar\/#\/schema\/logo\/image\/","url":"https:\/\/infoecos.com.ar\/wp-content\/uploads\/2024\/03\/cropped-logo.png","contentUrl":"https:\/\/infoecos.com.ar\/wp-content\/uploads\/2024\/03\/cropped-logo.png","width":374,"height":90,"caption":"Infoecos"},"image":{"@id":"https:\/\/infoecos.com.ar\/#\/schema\/logo\/image\/"},"sameAs":["https:\/\/www.facebook.com\/profile.php?id=100063200290284","https:\/\/x.com\/infoecos"]},{"@type":"Person","@id":"https:\/\/infoecos.com.ar\/#\/schema\/person\/8f5ace5ce73b4b4aac4b7245aee6f191","name":"Jorge Matheus","url":"https:\/\/infoecos.com.ar\/index.php\/author\/jomatheus\/"}]}},"featured_image_urls":{"full":["https:\/\/infoecos.com.ar\/wp-content\/uploads\/2023\/02\/image-45.png",767,430,false],"thumbnail":["https:\/\/infoecos.com.ar\/wp-content\/uploads\/2023\/02\/image-45-300x150.png",300,150,true],"medium":["https:\/\/infoecos.com.ar\/wp-content\/uploads\/2023\/02\/image-45.png",767,430,false],"medium_large":["https:\/\/infoecos.com.ar\/wp-content\/uploads\/2023\/02\/image-45.png",640,359,false],"large":["https:\/\/infoecos.com.ar\/wp-content\/uploads\/2023\/02\/image-45.png",640,359,false],"1536x1536":["https:\/\/infoecos.com.ar\/wp-content\/uploads\/2023\/02\/image-45.png",767,430,false],"2048x2048":["https:\/\/infoecos.com.ar\/wp-content\/uploads\/2023\/02\/image-45.png",767,430,false],"covernews-slider-full":["https:\/\/infoecos.com.ar\/wp-content\/uploads\/2023\/02\/image-45.png",767,430,false],"covernews-slider-center":["https:\/\/infoecos.com.ar\/wp-content\/uploads\/2023\/02\/image-45.png",767,430,false],"covernews-featured":["https:\/\/infoecos.com.ar\/wp-content\/uploads\/2023\/02\/image-45.png",767,430,false],"covernews-medium":["https:\/\/infoecos.com.ar\/wp-content\/uploads\/2023\/02\/image-45-720x380.png",540,285,true],"covernews-medium-square":["https:\/\/infoecos.com.ar\/wp-content\/uploads\/2023\/02\/image-45-675x430.png",392,250,true]},"author_info":{"info":["Jorge Matheus"]},"category_info":"<a href=\"https:\/\/infoecos.com.ar\/index.php\/category\/inferior3\/\" rel=\"category tag\">Bloque inferior - 3<\/a>","tag_info":"Bloque inferior - 3","comment_count":"0","_links":{"self":[{"href":"https:\/\/infoecos.com.ar\/index.php\/wp-json\/wp\/v2\/posts\/101534"}],"collection":[{"href":"https:\/\/infoecos.com.ar\/index.php\/wp-json\/wp\/v2\/posts"}],"about":[{"href":"https:\/\/infoecos.com.ar\/index.php\/wp-json\/wp\/v2\/types\/post"}],"author":[{"embeddable":true,"href":"https:\/\/infoecos.com.ar\/index.php\/wp-json\/wp\/v2\/users\/2"}],"replies":[{"embeddable":true,"href":"https:\/\/infoecos.com.ar\/index.php\/wp-json\/wp\/v2\/comments?post=101534"}],"version-history":[{"count":2,"href":"https:\/\/infoecos.com.ar\/index.php\/wp-json\/wp\/v2\/posts\/101534\/revisions"}],"predecessor-version":[{"id":101538,"href":"https:\/\/infoecos.com.ar\/index.php\/wp-json\/wp\/v2\/posts\/101534\/revisions\/101538"}],"wp:featuredmedia":[{"embeddable":true,"href":"https:\/\/infoecos.com.ar\/index.php\/wp-json\/wp\/v2\/media\/101535"}],"wp:attachment":[{"href":"https:\/\/infoecos.com.ar\/index.php\/wp-json\/wp\/v2\/media?parent=101534"}],"wp:term":[{"taxonomy":"category","embeddable":true,"href":"https:\/\/infoecos.com.ar\/index.php\/wp-json\/wp\/v2\/categories?post=101534"},{"taxonomy":"post_tag","embeddable":true,"href":"https:\/\/infoecos.com.ar\/index.php\/wp-json\/wp\/v2\/tags?post=101534"}],"curies":[{"name":"wp","href":"https:\/\/api.w.org\/{rel}","templated":true}]}}