{"id":101550,"date":"2023-02-07T10:56:14","date_gmt":"2023-02-07T13:56:14","guid":{"rendered":"https:\/\/infoecos.com.ar\/?p=101550"},"modified":"2023-02-08T02:38:54","modified_gmt":"2023-02-08T05:38:54","slug":"la-policia-de-trenque-lauquen-recupero-los-elementos-de-una-moto-que-fuera-robada","status":"publish","type":"post","link":"https:\/\/infoecos.com.ar\/index.php\/la-policia-de-trenque-lauquen-recupero-los-elementos-de-una-moto-que-fuera-robada\/","title":{"rendered":"La Polic\u00eda de Trenque Lauquen recuper\u00f3 los elementos de una moto que fuera robada"},"content":{"rendered":"\n<p>La Polic\u00eda de Trenque Lauquen dio con los elementos pertenecientes a una moto que fuera sustra\u00edda en la ciudad.<\/p>\n\n\n\n<p>La informaci\u00f3n se\u00f1ala que se procedi\u00f3, en el domicilio ubicado en calle Di Geronimo 691 Departamento 1  al secuestro de 2 ca\u00f1os de escape cromados, 2 tableros de instrumental y 1 toma de aire color negro, de una moto marca Honda. Tambien se recuper\u00f3 una gorra color negro con viscera color gris con logo, haciendo referencia a un tr\u00e9bol color negro, un guardabarros trasero color negro, con luces de giro colocadas, un juego de cachas laterales traseras con estribos de agarre de metal color negro, una luz trasera de moto, resto de col\u00edn con luces de giro colocados y un par de zapatillas de lona con suela color blanco y un filtro de aire de metal.<\/p>\n\n\n\n<p>Se trabaja bajo la supervisi\u00f3n del Juzgado Garantias N 3 del Departamento Judicial de Trenque Lauquen. <\/p>\n\n\n\n<p><strong>Acci\u00f3n conjunta con la Direcci\u00f3n de Contralor Municipal: <\/strong><\/p>\n\n\n\n<p>Personal Policial juntamente con personal de la Direcci\u00f3n de Contralor Municipal procedi\u00f3 en San Mart\u00edn 387 al secuestro de una motocicleta marca Mondial por infringir lo dispuesto acuerdo Ley 24.449 (Ley Nacional de Transito). Interviene el Juzgado de Faltas de Trenque Lauquen.  <\/p>\n","protected":false},"excerpt":{"rendered":"<p>La informaci\u00f3n se\u00f1ala que se procedi\u00f3, en el domicilio ubicado en calle Di Geronimo 691 Departamento 1 de la ciudad cabecera<\/p>\n","protected":false},"author":2,"featured_media":86316,"comment_status":"closed","ping_status":"open","sticky":false,"template":"","format":"standard","meta":{"footnotes":""},"categories":[41],"tags":[7273],"class_list":["post-101550","post","type-post","status-publish","format-standard","has-post-thumbnail","hentry","category-inferior2","tag-tambien-secuestro-de-una-moto"],"yoast_head":"<!-- This site is optimized with the Yoast SEO plugin v23.4 - https:\/\/yoast.com\/wordpress\/plugins\/seo\/ -->\n<title>La Polic\u00eda de Trenque Lauquen recuper\u00f3 los elementos de una moto que fuera robada - Infoecos<\/title>\n<meta name=\"robots\" content=\"index, follow, max-snippet:-1, max-image-preview:large, max-video-preview:-1\" \/>\n<link rel=\"canonical\" href=\"https:\/\/infoecos.com.ar\/index.php\/la-policia-de-trenque-lauquen-recupero-los-elementos-de-una-moto-que-fuera-robada\/\" \/>\n<meta property=\"og:locale\" content=\"es_ES\" \/>\n<meta property=\"og:type\" content=\"article\" \/>\n<meta property=\"og:title\" content=\"La Polic\u00eda de Trenque Lauquen recuper\u00f3 los elementos de una moto que fuera robada - Infoecos\" \/>\n<meta property=\"og:description\" content=\"La informaci\u00f3n se\u00f1ala que se procedi\u00f3, en el domicilio ubicado en calle Di Geronimo 691 Departamento 1 de la ciudad cabecera\" \/>\n<meta property=\"og:url\" content=\"https:\/\/infoecos.com.ar\/index.php\/la-policia-de-trenque-lauquen-recupero-los-elementos-de-una-moto-que-fuera-robada\/\" \/>\n<meta property=\"og:site_name\" content=\"Infoecos\" \/>\n<meta property=\"article:publisher\" content=\"https:\/\/www.facebook.com\/profile.php?id=100063200290284\" \/>\n<meta property=\"article:published_time\" content=\"2023-02-07T13:56:14+00:00\" \/>\n<meta property=\"article:modified_time\" content=\"2023-02-08T05:38:54+00:00\" \/>\n<meta property=\"og:image\" content=\"https:\/\/infoecos.com.ar\/wp-content\/uploads\/2021\/09\/comisaria1.jpg\" \/>\n\t<meta property=\"og:image:width\" content=\"828\" \/>\n\t<meta property=\"og:image:height\" content=\"621\" \/>\n\t<meta property=\"og:image:type\" content=\"image\/jpeg\" \/>\n<meta name=\"author\" content=\"Jorge Matheus\" \/>\n<meta name=\"twitter:card\" content=\"summary_large_image\" \/>\n<meta name=\"twitter:creator\" content=\"@infoecos\" \/>\n<meta name=\"twitter:site\" content=\"@infoecos\" \/>\n<meta name=\"twitter:label1\" content=\"Escrito por\" \/>\n\t<meta name=\"twitter:data1\" content=\"Jorge Matheus\" \/>\n\t<meta name=\"twitter:label2\" content=\"Tiempo de lectura\" \/>\n\t<meta name=\"twitter:data2\" content=\"1 minuto\" \/>\n<script type=\"application\/ld+json\" class=\"yoast-schema-graph\">{\"@context\":\"https:\/\/schema.org\",\"@graph\":[{\"@type\":\"Article\",\"@id\":\"https:\/\/infoecos.com.ar\/index.php\/la-policia-de-trenque-lauquen-recupero-los-elementos-de-una-moto-que-fuera-robada\/#article\",\"isPartOf\":{\"@id\":\"https:\/\/infoecos.com.ar\/index.php\/la-policia-de-trenque-lauquen-recupero-los-elementos-de-una-moto-que-fuera-robada\/\"},\"author\":{\"name\":\"Jorge Matheus\",\"@id\":\"https:\/\/infoecos.com.ar\/#\/schema\/person\/8f5ace5ce73b4b4aac4b7245aee6f191\"},\"headline\":\"La Polic\u00eda de Trenque Lauquen recuper\u00f3 los elementos de una moto que fuera robada\",\"datePublished\":\"2023-02-07T13:56:14+00:00\",\"dateModified\":\"2023-02-08T05:38:54+00:00\",\"mainEntityOfPage\":{\"@id\":\"https:\/\/infoecos.com.ar\/index.php\/la-policia-de-trenque-lauquen-recupero-los-elementos-de-una-moto-que-fuera-robada\/\"},\"wordCount\":220,\"publisher\":{\"@id\":\"https:\/\/infoecos.com.ar\/#organization\"},\"image\":{\"@id\":\"https:\/\/infoecos.com.ar\/index.php\/la-policia-de-trenque-lauquen-recupero-los-elementos-de-una-moto-que-fuera-robada\/#primaryimage\"},\"thumbnailUrl\":\"https:\/\/infoecos.com.ar\/wp-content\/uploads\/2021\/09\/comisaria1.jpg\",\"keywords\":[\"TAMBI\u00c9N SECUESTRO DE UNA MOTO\"],\"articleSection\":[\"Bloque inferior - 2\"],\"inLanguage\":\"es\"},{\"@type\":\"WebPage\",\"@id\":\"https:\/\/infoecos.com.ar\/index.php\/la-policia-de-trenque-lauquen-recupero-los-elementos-de-una-moto-que-fuera-robada\/\",\"url\":\"https:\/\/infoecos.com.ar\/index.php\/la-policia-de-trenque-lauquen-recupero-los-elementos-de-una-moto-que-fuera-robada\/\",\"name\":\"La Polic\u00eda de Trenque Lauquen recuper\u00f3 los elementos de una moto que fuera robada - Infoecos\",\"isPartOf\":{\"@id\":\"https:\/\/infoecos.com.ar\/#website\"},\"primaryImageOfPage\":{\"@id\":\"https:\/\/infoecos.com.ar\/index.php\/la-policia-de-trenque-lauquen-recupero-los-elementos-de-una-moto-que-fuera-robada\/#primaryimage\"},\"image\":{\"@id\":\"https:\/\/infoecos.com.ar\/index.php\/la-policia-de-trenque-lauquen-recupero-los-elementos-de-una-moto-que-fuera-robada\/#primaryimage\"},\"thumbnailUrl\":\"https:\/\/infoecos.com.ar\/wp-content\/uploads\/2021\/09\/comisaria1.jpg\",\"datePublished\":\"2023-02-07T13:56:14+00:00\",\"dateModified\":\"2023-02-08T05:38:54+00:00\",\"breadcrumb\":{\"@id\":\"https:\/\/infoecos.com.ar\/index.php\/la-policia-de-trenque-lauquen-recupero-los-elementos-de-una-moto-que-fuera-robada\/#breadcrumb\"},\"inLanguage\":\"es\",\"potentialAction\":[{\"@type\":\"ReadAction\",\"target\":[\"https:\/\/infoecos.com.ar\/index.php\/la-policia-de-trenque-lauquen-recupero-los-elementos-de-una-moto-que-fuera-robada\/\"]}]},{\"@type\":\"ImageObject\",\"inLanguage\":\"es\",\"@id\":\"https:\/\/infoecos.com.ar\/index.php\/la-policia-de-trenque-lauquen-recupero-los-elementos-de-una-moto-que-fuera-robada\/#primaryimage\",\"url\":\"https:\/\/infoecos.com.ar\/wp-content\/uploads\/2021\/09\/comisaria1.jpg\",\"contentUrl\":\"https:\/\/infoecos.com.ar\/wp-content\/uploads\/2021\/09\/comisaria1.jpg\",\"width\":828,\"height\":621},{\"@type\":\"BreadcrumbList\",\"@id\":\"https:\/\/infoecos.com.ar\/index.php\/la-policia-de-trenque-lauquen-recupero-los-elementos-de-una-moto-que-fuera-robada\/#breadcrumb\",\"itemListElement\":[{\"@type\":\"ListItem\",\"position\":1,\"name\":\"Portada\",\"item\":\"https:\/\/infoecos.com.ar\/\"},{\"@type\":\"ListItem\",\"position\":2,\"name\":\"La Polic\u00eda de Trenque Lauquen recuper\u00f3 los elementos de una moto que fuera robada\"}]},{\"@type\":\"WebSite\",\"@id\":\"https:\/\/infoecos.com.ar\/#website\",\"url\":\"https:\/\/infoecos.com.ar\/\",\"name\":\"Infoecos\",\"description\":\"Noticias de trenque lauquen y la zona\",\"publisher\":{\"@id\":\"https:\/\/infoecos.com.ar\/#organization\"},\"alternateName\":\"Noticias\",\"potentialAction\":[{\"@type\":\"SearchAction\",\"target\":{\"@type\":\"EntryPoint\",\"urlTemplate\":\"https:\/\/infoecos.com.ar\/?s={search_term_string}\"},\"query-input\":{\"@type\":\"PropertyValueSpecification\",\"valueRequired\":true,\"valueName\":\"search_term_string\"}}],\"inLanguage\":\"es\"},{\"@type\":\"Organization\",\"@id\":\"https:\/\/infoecos.com.ar\/#organization\",\"name\":\"Infoecos\",\"alternateName\":\"Noticias\",\"url\":\"https:\/\/infoecos.com.ar\/\",\"logo\":{\"@type\":\"ImageObject\",\"inLanguage\":\"es\",\"@id\":\"https:\/\/infoecos.com.ar\/#\/schema\/logo\/image\/\",\"url\":\"https:\/\/infoecos.com.ar\/wp-content\/uploads\/2024\/03\/cropped-logo.png\",\"contentUrl\":\"https:\/\/infoecos.com.ar\/wp-content\/uploads\/2024\/03\/cropped-logo.png\",\"width\":374,\"height\":90,\"caption\":\"Infoecos\"},\"image\":{\"@id\":\"https:\/\/infoecos.com.ar\/#\/schema\/logo\/image\/\"},\"sameAs\":[\"https:\/\/www.facebook.com\/profile.php?id=100063200290284\",\"https:\/\/x.com\/infoecos\"]},{\"@type\":\"Person\",\"@id\":\"https:\/\/infoecos.com.ar\/#\/schema\/person\/8f5ace5ce73b4b4aac4b7245aee6f191\",\"name\":\"Jorge Matheus\",\"url\":\"https:\/\/infoecos.com.ar\/index.php\/author\/jomatheus\/\"}]}<\/script>\n<!-- \/ Yoast SEO plugin. -->","yoast_head_json":{"title":"La Polic\u00eda de Trenque Lauquen recuper\u00f3 los elementos de una moto que fuera robada - Infoecos","robots":{"index":"index","follow":"follow","max-snippet":"max-snippet:-1","max-image-preview":"max-image-preview:large","max-video-preview":"max-video-preview:-1"},"canonical":"https:\/\/infoecos.com.ar\/index.php\/la-policia-de-trenque-lauquen-recupero-los-elementos-de-una-moto-que-fuera-robada\/","og_locale":"es_ES","og_type":"article","og_title":"La Polic\u00eda de Trenque Lauquen recuper\u00f3 los elementos de una moto que fuera robada - Infoecos","og_description":"La informaci\u00f3n se\u00f1ala que se procedi\u00f3, en el domicilio ubicado en calle Di Geronimo 691 Departamento 1 de la ciudad cabecera","og_url":"https:\/\/infoecos.com.ar\/index.php\/la-policia-de-trenque-lauquen-recupero-los-elementos-de-una-moto-que-fuera-robada\/","og_site_name":"Infoecos","article_publisher":"https:\/\/www.facebook.com\/profile.php?id=100063200290284","article_published_time":"2023-02-07T13:56:14+00:00","article_modified_time":"2023-02-08T05:38:54+00:00","og_image":[{"width":828,"height":621,"url":"https:\/\/infoecos.com.ar\/wp-content\/uploads\/2021\/09\/comisaria1.jpg","type":"image\/jpeg"}],"author":"Jorge Matheus","twitter_card":"summary_large_image","twitter_creator":"@infoecos","twitter_site":"@infoecos","twitter_misc":{"Escrito por":"Jorge Matheus","Tiempo de lectura":"1 minuto"},"schema":{"@context":"https:\/\/schema.org","@graph":[{"@type":"Article","@id":"https:\/\/infoecos.com.ar\/index.php\/la-policia-de-trenque-lauquen-recupero-los-elementos-de-una-moto-que-fuera-robada\/#article","isPartOf":{"@id":"https:\/\/infoecos.com.ar\/index.php\/la-policia-de-trenque-lauquen-recupero-los-elementos-de-una-moto-que-fuera-robada\/"},"author":{"name":"Jorge Matheus","@id":"https:\/\/infoecos.com.ar\/#\/schema\/person\/8f5ace5ce73b4b4aac4b7245aee6f191"},"headline":"La Polic\u00eda de Trenque Lauquen recuper\u00f3 los elementos de una moto que fuera robada","datePublished":"2023-02-07T13:56:14+00:00","dateModified":"2023-02-08T05:38:54+00:00","mainEntityOfPage":{"@id":"https:\/\/infoecos.com.ar\/index.php\/la-policia-de-trenque-lauquen-recupero-los-elementos-de-una-moto-que-fuera-robada\/"},"wordCount":220,"publisher":{"@id":"https:\/\/infoecos.com.ar\/#organization"},"image":{"@id":"https:\/\/infoecos.com.ar\/index.php\/la-policia-de-trenque-lauquen-recupero-los-elementos-de-una-moto-que-fuera-robada\/#primaryimage"},"thumbnailUrl":"https:\/\/infoecos.com.ar\/wp-content\/uploads\/2021\/09\/comisaria1.jpg","keywords":["TAMBI\u00c9N SECUESTRO DE UNA MOTO"],"articleSection":["Bloque inferior - 2"],"inLanguage":"es"},{"@type":"WebPage","@id":"https:\/\/infoecos.com.ar\/index.php\/la-policia-de-trenque-lauquen-recupero-los-elementos-de-una-moto-que-fuera-robada\/","url":"https:\/\/infoecos.com.ar\/index.php\/la-policia-de-trenque-lauquen-recupero-los-elementos-de-una-moto-que-fuera-robada\/","name":"La Polic\u00eda de Trenque Lauquen recuper\u00f3 los elementos de una moto que fuera robada - Infoecos","isPartOf":{"@id":"https:\/\/infoecos.com.ar\/#website"},"primaryImageOfPage":{"@id":"https:\/\/infoecos.com.ar\/index.php\/la-policia-de-trenque-lauquen-recupero-los-elementos-de-una-moto-que-fuera-robada\/#primaryimage"},"image":{"@id":"https:\/\/infoecos.com.ar\/index.php\/la-policia-de-trenque-lauquen-recupero-los-elementos-de-una-moto-que-fuera-robada\/#primaryimage"},"thumbnailUrl":"https:\/\/infoecos.com.ar\/wp-content\/uploads\/2021\/09\/comisaria1.jpg","datePublished":"2023-02-07T13:56:14+00:00","dateModified":"2023-02-08T05:38:54+00:00","breadcrumb":{"@id":"https:\/\/infoecos.com.ar\/index.php\/la-policia-de-trenque-lauquen-recupero-los-elementos-de-una-moto-que-fuera-robada\/#breadcrumb"},"inLanguage":"es","potentialAction":[{"@type":"ReadAction","target":["https:\/\/infoecos.com.ar\/index.php\/la-policia-de-trenque-lauquen-recupero-los-elementos-de-una-moto-que-fuera-robada\/"]}]},{"@type":"ImageObject","inLanguage":"es","@id":"https:\/\/infoecos.com.ar\/index.php\/la-policia-de-trenque-lauquen-recupero-los-elementos-de-una-moto-que-fuera-robada\/#primaryimage","url":"https:\/\/infoecos.com.ar\/wp-content\/uploads\/2021\/09\/comisaria1.jpg","contentUrl":"https:\/\/infoecos.com.ar\/wp-content\/uploads\/2021\/09\/comisaria1.jpg","width":828,"height":621},{"@type":"BreadcrumbList","@id":"https:\/\/infoecos.com.ar\/index.php\/la-policia-de-trenque-lauquen-recupero-los-elementos-de-una-moto-que-fuera-robada\/#breadcrumb","itemListElement":[{"@type":"ListItem","position":1,"name":"Portada","item":"https:\/\/infoecos.com.ar\/"},{"@type":"ListItem","position":2,"name":"La Polic\u00eda de Trenque Lauquen recuper\u00f3 los elementos de una moto que fuera robada"}]},{"@type":"WebSite","@id":"https:\/\/infoecos.com.ar\/#website","url":"https:\/\/infoecos.com.ar\/","name":"Infoecos","description":"Noticias de trenque lauquen y la zona","publisher":{"@id":"https:\/\/infoecos.com.ar\/#organization"},"alternateName":"Noticias","potentialAction":[{"@type":"SearchAction","target":{"@type":"EntryPoint","urlTemplate":"https:\/\/infoecos.com.ar\/?s={search_term_string}"},"query-input":{"@type":"PropertyValueSpecification","valueRequired":true,"valueName":"search_term_string"}}],"inLanguage":"es"},{"@type":"Organization","@id":"https:\/\/infoecos.com.ar\/#organization","name":"Infoecos","alternateName":"Noticias","url":"https:\/\/infoecos.com.ar\/","logo":{"@type":"ImageObject","inLanguage":"es","@id":"https:\/\/infoecos.com.ar\/#\/schema\/logo\/image\/","url":"https:\/\/infoecos.com.ar\/wp-content\/uploads\/2024\/03\/cropped-logo.png","contentUrl":"https:\/\/infoecos.com.ar\/wp-content\/uploads\/2024\/03\/cropped-logo.png","width":374,"height":90,"caption":"Infoecos"},"image":{"@id":"https:\/\/infoecos.com.ar\/#\/schema\/logo\/image\/"},"sameAs":["https:\/\/www.facebook.com\/profile.php?id=100063200290284","https:\/\/x.com\/infoecos"]},{"@type":"Person","@id":"https:\/\/infoecos.com.ar\/#\/schema\/person\/8f5ace5ce73b4b4aac4b7245aee6f191","name":"Jorge Matheus","url":"https:\/\/infoecos.com.ar\/index.php\/author\/jomatheus\/"}]}},"featured_image_urls":{"full":["https:\/\/infoecos.com.ar\/wp-content\/uploads\/2021\/09\/comisaria1.jpg",828,621,false],"thumbnail":["https:\/\/infoecos.com.ar\/wp-content\/uploads\/2021\/09\/comisaria1-150x150.jpg",150,150,true],"medium":["https:\/\/infoecos.com.ar\/wp-content\/uploads\/2021\/09\/comisaria1-460x345.jpg",460,345,true],"medium_large":["https:\/\/infoecos.com.ar\/wp-content\/uploads\/2021\/09\/comisaria1-768x576.jpg",640,480,true],"large":["https:\/\/infoecos.com.ar\/wp-content\/uploads\/2021\/09\/comisaria1.jpg",640,480,false],"1536x1536":["https:\/\/infoecos.com.ar\/wp-content\/uploads\/2021\/09\/comisaria1.jpg",828,621,false],"2048x2048":["https:\/\/infoecos.com.ar\/wp-content\/uploads\/2021\/09\/comisaria1.jpg",828,621,false],"covernews-slider-full":["https:\/\/infoecos.com.ar\/wp-content\/uploads\/2021\/09\/comisaria1.jpg",828,621,false],"covernews-slider-center":["https:\/\/infoecos.com.ar\/wp-content\/uploads\/2021\/09\/comisaria1.jpg",667,500,false],"covernews-featured":["https:\/\/infoecos.com.ar\/wp-content\/uploads\/2021\/09\/comisaria1.jpg",828,621,false],"covernews-medium":["https:\/\/infoecos.com.ar\/wp-content\/uploads\/2021\/09\/comisaria1-720x380.jpg",540,285,true],"covernews-medium-square":["https:\/\/infoecos.com.ar\/wp-content\/uploads\/2021\/09\/comisaria1-675x450.jpg",375,250,true]},"author_info":{"info":["Jorge Matheus"]},"category_info":"<a href=\"https:\/\/infoecos.com.ar\/index.php\/category\/inferior2\/\" rel=\"category tag\">Bloque inferior - 2<\/a>","tag_info":"Bloque inferior - 2","comment_count":"0","_links":{"self":[{"href":"https:\/\/infoecos.com.ar\/index.php\/wp-json\/wp\/v2\/posts\/101550"}],"collection":[{"href":"https:\/\/infoecos.com.ar\/index.php\/wp-json\/wp\/v2\/posts"}],"about":[{"href":"https:\/\/infoecos.com.ar\/index.php\/wp-json\/wp\/v2\/types\/post"}],"author":[{"embeddable":true,"href":"https:\/\/infoecos.com.ar\/index.php\/wp-json\/wp\/v2\/users\/2"}],"replies":[{"embeddable":true,"href":"https:\/\/infoecos.com.ar\/index.php\/wp-json\/wp\/v2\/comments?post=101550"}],"version-history":[{"count":1,"href":"https:\/\/infoecos.com.ar\/index.php\/wp-json\/wp\/v2\/posts\/101550\/revisions"}],"predecessor-version":[{"id":101551,"href":"https:\/\/infoecos.com.ar\/index.php\/wp-json\/wp\/v2\/posts\/101550\/revisions\/101551"}],"wp:featuredmedia":[{"embeddable":true,"href":"https:\/\/infoecos.com.ar\/index.php\/wp-json\/wp\/v2\/media\/86316"}],"wp:attachment":[{"href":"https:\/\/infoecos.com.ar\/index.php\/wp-json\/wp\/v2\/media?parent=101550"}],"wp:term":[{"taxonomy":"category","embeddable":true,"href":"https:\/\/infoecos.com.ar\/index.php\/wp-json\/wp\/v2\/categories?post=101550"},{"taxonomy":"post_tag","embeddable":true,"href":"https:\/\/infoecos.com.ar\/index.php\/wp-json\/wp\/v2\/tags?post=101550"}],"curies":[{"name":"wp","href":"https:\/\/api.w.org\/{rel}","templated":true}]}}