{"id":101588,"date":"2023-02-08T03:14:39","date_gmt":"2023-02-08T06:14:39","guid":{"rendered":"https:\/\/infoecos.com.ar\/?p=101588"},"modified":"2023-02-09T02:27:07","modified_gmt":"2023-02-09T05:27:07","slug":"gilberto-alegre-dijo-que-aspira-a-ser-candidato-a-intendente-municipal-de-general-villegas","status":"publish","type":"post","link":"https:\/\/infoecos.com.ar\/index.php\/gilberto-alegre-dijo-que-aspira-a-ser-candidato-a-intendente-municipal-de-general-villegas\/","title":{"rendered":"Gilberto Alegre dijo que aspira a ser candidato a intendente municipal de General Villegas"},"content":{"rendered":"\n<p>Gilberto Alegre le confirm\u00f3 a<strong> Diario Actualidad<\/strong>, durante una entrevista en la emisora de Frecuencia Modulada de ese diario que <strong>aspira a ser candidato a intendente municipal de General Villega<\/strong>s. <\/p>\n\n\n\n<figure class=\"wp-block-image aligncenter size-full\"><img loading=\"lazy\" decoding=\"async\" width=\"480\" height=\"300\" src=\"https:\/\/infoecos.com.ar\/wp-content\/uploads\/2022\/08\/gilberto-alegre-intendente-general-villegas.jpg\" alt=\"\" class=\"wp-image-96361\" srcset=\"https:\/\/infoecos.com.ar\/wp-content\/uploads\/2022\/08\/gilberto-alegre-intendente-general-villegas.jpg 480w, https:\/\/infoecos.com.ar\/wp-content\/uploads\/2022\/08\/gilberto-alegre-intendente-general-villegas-460x288.jpg 460w\" sizes=\"(max-width: 480px) 100vw, 480px\" \/><\/figure>\n\n\n\n<p>Reiter\u00f3 que est\u00e1 trabajando en el espacio de Miguel Pichetto, denominado Movimiento Republicano Federal.  \u00abSoy un hombre de ese espacio e incluso en la estructura partidaria tengo alg\u00fan nivel de responsabilidad y depende de lo que decida el ex senador, es donde vamos a estar.\u00bb, apunt\u00f3.<\/p>\n\n\n\n<p>\u00abSi decido ser candidato, voy a seguir trabajando de la misma manera que lo hice siempre. Tengo en claro que tengo un nivel muy alto de conocimiento, que estoy muy instalado y que hay muchas expectativas en la sociedad.\u00bb, manifest\u00f3 m\u00e1s adelante.<\/p>\n\n\n\n<p>Teniendo en cuenta que de ser candidato deber\u00e1 ir a internas dentro de la coalici\u00f3n Juntos por el Cambio, Alegre presumi\u00f3 que Santilli ser\u00e1 el candidato a gobernador de la provincia. \u00abHay conversaciones que dicen que hay acuerdos para que el candidato en la provincia de Buenos Aires sea Santilli, porque ya particip\u00f3 y gan\u00f3 en una elecci\u00f3n\u00bb y \u00abno tiene demasiado sentido un nuevo esfuerzo competitivo para ver qui\u00e9n puede ser el mejor representante si ya gan\u00f3 en las legislativas y sin tener una estructura partidaria demasiado armada\u00bb.<\/p>\n\n\n\n<p>Alegre&nbsp;fue concejal, senador provincial, intendente municipal en varias gestiones en el distrito que ahora quiere volver a conducir, y diputado nacional por el Frente Renovador<\/p>\n","protected":false},"excerpt":{"rendered":"<p>Reiter\u00f3 que est\u00e1 trabajando en el espacio de Miguel Pichetto, denominado Movimiento Republicano Federal.  \u00abSoy un hombre de ese espacio e incluso en la estructura partidaria tengo alg\u00fan nivel de responsabilidad y depende de lo que decida el ex senador, es donde vamos a estar.\u00bb, apunt\u00f3<\/p>\n","protected":false},"author":2,"featured_media":96361,"comment_status":"closed","ping_status":"open","sticky":false,"template":"","format":"standard","meta":{"footnotes":""},"categories":[41],"tags":[7281],"class_list":["post-101588","post","type-post","status-publish","format-standard","has-post-thumbnail","hentry","category-inferior2","tag-otro-peronista-en-juntos"],"yoast_head":"<!-- This site is optimized with the Yoast SEO plugin v23.4 - https:\/\/yoast.com\/wordpress\/plugins\/seo\/ -->\n<title>Gilberto Alegre dijo que aspira a ser candidato a intendente municipal de General Villegas - Infoecos<\/title>\n<meta name=\"robots\" content=\"index, follow, max-snippet:-1, max-image-preview:large, max-video-preview:-1\" \/>\n<link rel=\"canonical\" href=\"https:\/\/infoecos.com.ar\/index.php\/gilberto-alegre-dijo-que-aspira-a-ser-candidato-a-intendente-municipal-de-general-villegas\/\" \/>\n<meta property=\"og:locale\" content=\"es_ES\" \/>\n<meta property=\"og:type\" content=\"article\" \/>\n<meta property=\"og:title\" content=\"Gilberto Alegre dijo que aspira a ser candidato a intendente municipal de General Villegas - Infoecos\" \/>\n<meta property=\"og:description\" content=\"Reiter\u00f3 que est\u00e1 trabajando en el espacio de Miguel Pichetto, denominado Movimiento Republicano Federal. \u00abSoy un hombre de ese espacio e incluso en la estructura partidaria tengo alg\u00fan nivel de responsabilidad y depende de lo que decida el ex senador, es donde vamos a estar.\u00bb, apunt\u00f3\" \/>\n<meta property=\"og:url\" content=\"https:\/\/infoecos.com.ar\/index.php\/gilberto-alegre-dijo-que-aspira-a-ser-candidato-a-intendente-municipal-de-general-villegas\/\" \/>\n<meta property=\"og:site_name\" content=\"Infoecos\" \/>\n<meta property=\"article:publisher\" content=\"https:\/\/www.facebook.com\/profile.php?id=100063200290284\" \/>\n<meta property=\"article:published_time\" content=\"2023-02-08T06:14:39+00:00\" \/>\n<meta property=\"article:modified_time\" content=\"2023-02-09T05:27:07+00:00\" \/>\n<meta property=\"og:image\" content=\"https:\/\/infoecos.com.ar\/wp-content\/uploads\/2022\/08\/gilberto-alegre-intendente-general-villegas.jpg\" \/>\n\t<meta property=\"og:image:width\" content=\"480\" \/>\n\t<meta property=\"og:image:height\" content=\"300\" \/>\n\t<meta property=\"og:image:type\" content=\"image\/jpeg\" \/>\n<meta name=\"author\" content=\"Jorge Matheus\" \/>\n<meta name=\"twitter:card\" content=\"summary_large_image\" \/>\n<meta name=\"twitter:creator\" content=\"@infoecos\" \/>\n<meta name=\"twitter:site\" content=\"@infoecos\" \/>\n<meta name=\"twitter:label1\" content=\"Escrito por\" \/>\n\t<meta name=\"twitter:data1\" content=\"Jorge Matheus\" \/>\n\t<meta name=\"twitter:label2\" content=\"Tiempo de lectura\" \/>\n\t<meta name=\"twitter:data2\" content=\"2 minutos\" \/>\n<script type=\"application\/ld+json\" class=\"yoast-schema-graph\">{\"@context\":\"https:\/\/schema.org\",\"@graph\":[{\"@type\":\"Article\",\"@id\":\"https:\/\/infoecos.com.ar\/index.php\/gilberto-alegre-dijo-que-aspira-a-ser-candidato-a-intendente-municipal-de-general-villegas\/#article\",\"isPartOf\":{\"@id\":\"https:\/\/infoecos.com.ar\/index.php\/gilberto-alegre-dijo-que-aspira-a-ser-candidato-a-intendente-municipal-de-general-villegas\/\"},\"author\":{\"name\":\"Jorge Matheus\",\"@id\":\"https:\/\/infoecos.com.ar\/#\/schema\/person\/8f5ace5ce73b4b4aac4b7245aee6f191\"},\"headline\":\"Gilberto Alegre dijo que aspira a ser candidato a intendente municipal de General Villegas\",\"datePublished\":\"2023-02-08T06:14:39+00:00\",\"dateModified\":\"2023-02-09T05:27:07+00:00\",\"mainEntityOfPage\":{\"@id\":\"https:\/\/infoecos.com.ar\/index.php\/gilberto-alegre-dijo-que-aspira-a-ser-candidato-a-intendente-municipal-de-general-villegas\/\"},\"wordCount\":253,\"publisher\":{\"@id\":\"https:\/\/infoecos.com.ar\/#organization\"},\"image\":{\"@id\":\"https:\/\/infoecos.com.ar\/index.php\/gilberto-alegre-dijo-que-aspira-a-ser-candidato-a-intendente-municipal-de-general-villegas\/#primaryimage\"},\"thumbnailUrl\":\"https:\/\/infoecos.com.ar\/wp-content\/uploads\/2022\/08\/gilberto-alegre-intendente-general-villegas.jpg\",\"keywords\":[\"OTRO PERONISTA EN JUNTOS\"],\"articleSection\":[\"Bloque inferior - 2\"],\"inLanguage\":\"es\"},{\"@type\":\"WebPage\",\"@id\":\"https:\/\/infoecos.com.ar\/index.php\/gilberto-alegre-dijo-que-aspira-a-ser-candidato-a-intendente-municipal-de-general-villegas\/\",\"url\":\"https:\/\/infoecos.com.ar\/index.php\/gilberto-alegre-dijo-que-aspira-a-ser-candidato-a-intendente-municipal-de-general-villegas\/\",\"name\":\"Gilberto Alegre dijo que aspira a ser candidato a intendente municipal de General Villegas - Infoecos\",\"isPartOf\":{\"@id\":\"https:\/\/infoecos.com.ar\/#website\"},\"primaryImageOfPage\":{\"@id\":\"https:\/\/infoecos.com.ar\/index.php\/gilberto-alegre-dijo-que-aspira-a-ser-candidato-a-intendente-municipal-de-general-villegas\/#primaryimage\"},\"image\":{\"@id\":\"https:\/\/infoecos.com.ar\/index.php\/gilberto-alegre-dijo-que-aspira-a-ser-candidato-a-intendente-municipal-de-general-villegas\/#primaryimage\"},\"thumbnailUrl\":\"https:\/\/infoecos.com.ar\/wp-content\/uploads\/2022\/08\/gilberto-alegre-intendente-general-villegas.jpg\",\"datePublished\":\"2023-02-08T06:14:39+00:00\",\"dateModified\":\"2023-02-09T05:27:07+00:00\",\"breadcrumb\":{\"@id\":\"https:\/\/infoecos.com.ar\/index.php\/gilberto-alegre-dijo-que-aspira-a-ser-candidato-a-intendente-municipal-de-general-villegas\/#breadcrumb\"},\"inLanguage\":\"es\",\"potentialAction\":[{\"@type\":\"ReadAction\",\"target\":[\"https:\/\/infoecos.com.ar\/index.php\/gilberto-alegre-dijo-que-aspira-a-ser-candidato-a-intendente-municipal-de-general-villegas\/\"]}]},{\"@type\":\"ImageObject\",\"inLanguage\":\"es\",\"@id\":\"https:\/\/infoecos.com.ar\/index.php\/gilberto-alegre-dijo-que-aspira-a-ser-candidato-a-intendente-municipal-de-general-villegas\/#primaryimage\",\"url\":\"https:\/\/infoecos.com.ar\/wp-content\/uploads\/2022\/08\/gilberto-alegre-intendente-general-villegas.jpg\",\"contentUrl\":\"https:\/\/infoecos.com.ar\/wp-content\/uploads\/2022\/08\/gilberto-alegre-intendente-general-villegas.jpg\",\"width\":480,\"height\":300},{\"@type\":\"BreadcrumbList\",\"@id\":\"https:\/\/infoecos.com.ar\/index.php\/gilberto-alegre-dijo-que-aspira-a-ser-candidato-a-intendente-municipal-de-general-villegas\/#breadcrumb\",\"itemListElement\":[{\"@type\":\"ListItem\",\"position\":1,\"name\":\"Portada\",\"item\":\"https:\/\/infoecos.com.ar\/\"},{\"@type\":\"ListItem\",\"position\":2,\"name\":\"Gilberto Alegre dijo que aspira a ser candidato a intendente municipal de General Villegas\"}]},{\"@type\":\"WebSite\",\"@id\":\"https:\/\/infoecos.com.ar\/#website\",\"url\":\"https:\/\/infoecos.com.ar\/\",\"name\":\"Infoecos\",\"description\":\"Noticias de trenque lauquen y la zona\",\"publisher\":{\"@id\":\"https:\/\/infoecos.com.ar\/#organization\"},\"alternateName\":\"Noticias\",\"potentialAction\":[{\"@type\":\"SearchAction\",\"target\":{\"@type\":\"EntryPoint\",\"urlTemplate\":\"https:\/\/infoecos.com.ar\/?s={search_term_string}\"},\"query-input\":{\"@type\":\"PropertyValueSpecification\",\"valueRequired\":true,\"valueName\":\"search_term_string\"}}],\"inLanguage\":\"es\"},{\"@type\":\"Organization\",\"@id\":\"https:\/\/infoecos.com.ar\/#organization\",\"name\":\"Infoecos\",\"alternateName\":\"Noticias\",\"url\":\"https:\/\/infoecos.com.ar\/\",\"logo\":{\"@type\":\"ImageObject\",\"inLanguage\":\"es\",\"@id\":\"https:\/\/infoecos.com.ar\/#\/schema\/logo\/image\/\",\"url\":\"https:\/\/infoecos.com.ar\/wp-content\/uploads\/2024\/03\/cropped-logo.png\",\"contentUrl\":\"https:\/\/infoecos.com.ar\/wp-content\/uploads\/2024\/03\/cropped-logo.png\",\"width\":374,\"height\":90,\"caption\":\"Infoecos\"},\"image\":{\"@id\":\"https:\/\/infoecos.com.ar\/#\/schema\/logo\/image\/\"},\"sameAs\":[\"https:\/\/www.facebook.com\/profile.php?id=100063200290284\",\"https:\/\/x.com\/infoecos\"]},{\"@type\":\"Person\",\"@id\":\"https:\/\/infoecos.com.ar\/#\/schema\/person\/8f5ace5ce73b4b4aac4b7245aee6f191\",\"name\":\"Jorge Matheus\",\"url\":\"https:\/\/infoecos.com.ar\/index.php\/author\/jomatheus\/\"}]}<\/script>\n<!-- \/ Yoast SEO plugin. -->","yoast_head_json":{"title":"Gilberto Alegre dijo que aspira a ser candidato a intendente municipal de General Villegas - Infoecos","robots":{"index":"index","follow":"follow","max-snippet":"max-snippet:-1","max-image-preview":"max-image-preview:large","max-video-preview":"max-video-preview:-1"},"canonical":"https:\/\/infoecos.com.ar\/index.php\/gilberto-alegre-dijo-que-aspira-a-ser-candidato-a-intendente-municipal-de-general-villegas\/","og_locale":"es_ES","og_type":"article","og_title":"Gilberto Alegre dijo que aspira a ser candidato a intendente municipal de General Villegas - Infoecos","og_description":"Reiter\u00f3 que est\u00e1 trabajando en el espacio de Miguel Pichetto, denominado Movimiento Republicano Federal. \u00abSoy un hombre de ese espacio e incluso en la estructura partidaria tengo alg\u00fan nivel de responsabilidad y depende de lo que decida el ex senador, es donde vamos a estar.\u00bb, apunt\u00f3","og_url":"https:\/\/infoecos.com.ar\/index.php\/gilberto-alegre-dijo-que-aspira-a-ser-candidato-a-intendente-municipal-de-general-villegas\/","og_site_name":"Infoecos","article_publisher":"https:\/\/www.facebook.com\/profile.php?id=100063200290284","article_published_time":"2023-02-08T06:14:39+00:00","article_modified_time":"2023-02-09T05:27:07+00:00","og_image":[{"width":480,"height":300,"url":"https:\/\/infoecos.com.ar\/wp-content\/uploads\/2022\/08\/gilberto-alegre-intendente-general-villegas.jpg","type":"image\/jpeg"}],"author":"Jorge Matheus","twitter_card":"summary_large_image","twitter_creator":"@infoecos","twitter_site":"@infoecos","twitter_misc":{"Escrito por":"Jorge Matheus","Tiempo de lectura":"2 minutos"},"schema":{"@context":"https:\/\/schema.org","@graph":[{"@type":"Article","@id":"https:\/\/infoecos.com.ar\/index.php\/gilberto-alegre-dijo-que-aspira-a-ser-candidato-a-intendente-municipal-de-general-villegas\/#article","isPartOf":{"@id":"https:\/\/infoecos.com.ar\/index.php\/gilberto-alegre-dijo-que-aspira-a-ser-candidato-a-intendente-municipal-de-general-villegas\/"},"author":{"name":"Jorge Matheus","@id":"https:\/\/infoecos.com.ar\/#\/schema\/person\/8f5ace5ce73b4b4aac4b7245aee6f191"},"headline":"Gilberto Alegre dijo que aspira a ser candidato a intendente municipal de General Villegas","datePublished":"2023-02-08T06:14:39+00:00","dateModified":"2023-02-09T05:27:07+00:00","mainEntityOfPage":{"@id":"https:\/\/infoecos.com.ar\/index.php\/gilberto-alegre-dijo-que-aspira-a-ser-candidato-a-intendente-municipal-de-general-villegas\/"},"wordCount":253,"publisher":{"@id":"https:\/\/infoecos.com.ar\/#organization"},"image":{"@id":"https:\/\/infoecos.com.ar\/index.php\/gilberto-alegre-dijo-que-aspira-a-ser-candidato-a-intendente-municipal-de-general-villegas\/#primaryimage"},"thumbnailUrl":"https:\/\/infoecos.com.ar\/wp-content\/uploads\/2022\/08\/gilberto-alegre-intendente-general-villegas.jpg","keywords":["OTRO PERONISTA EN JUNTOS"],"articleSection":["Bloque inferior - 2"],"inLanguage":"es"},{"@type":"WebPage","@id":"https:\/\/infoecos.com.ar\/index.php\/gilberto-alegre-dijo-que-aspira-a-ser-candidato-a-intendente-municipal-de-general-villegas\/","url":"https:\/\/infoecos.com.ar\/index.php\/gilberto-alegre-dijo-que-aspira-a-ser-candidato-a-intendente-municipal-de-general-villegas\/","name":"Gilberto Alegre dijo que aspira a ser candidato a intendente municipal de General Villegas - Infoecos","isPartOf":{"@id":"https:\/\/infoecos.com.ar\/#website"},"primaryImageOfPage":{"@id":"https:\/\/infoecos.com.ar\/index.php\/gilberto-alegre-dijo-que-aspira-a-ser-candidato-a-intendente-municipal-de-general-villegas\/#primaryimage"},"image":{"@id":"https:\/\/infoecos.com.ar\/index.php\/gilberto-alegre-dijo-que-aspira-a-ser-candidato-a-intendente-municipal-de-general-villegas\/#primaryimage"},"thumbnailUrl":"https:\/\/infoecos.com.ar\/wp-content\/uploads\/2022\/08\/gilberto-alegre-intendente-general-villegas.jpg","datePublished":"2023-02-08T06:14:39+00:00","dateModified":"2023-02-09T05:27:07+00:00","breadcrumb":{"@id":"https:\/\/infoecos.com.ar\/index.php\/gilberto-alegre-dijo-que-aspira-a-ser-candidato-a-intendente-municipal-de-general-villegas\/#breadcrumb"},"inLanguage":"es","potentialAction":[{"@type":"ReadAction","target":["https:\/\/infoecos.com.ar\/index.php\/gilberto-alegre-dijo-que-aspira-a-ser-candidato-a-intendente-municipal-de-general-villegas\/"]}]},{"@type":"ImageObject","inLanguage":"es","@id":"https:\/\/infoecos.com.ar\/index.php\/gilberto-alegre-dijo-que-aspira-a-ser-candidato-a-intendente-municipal-de-general-villegas\/#primaryimage","url":"https:\/\/infoecos.com.ar\/wp-content\/uploads\/2022\/08\/gilberto-alegre-intendente-general-villegas.jpg","contentUrl":"https:\/\/infoecos.com.ar\/wp-content\/uploads\/2022\/08\/gilberto-alegre-intendente-general-villegas.jpg","width":480,"height":300},{"@type":"BreadcrumbList","@id":"https:\/\/infoecos.com.ar\/index.php\/gilberto-alegre-dijo-que-aspira-a-ser-candidato-a-intendente-municipal-de-general-villegas\/#breadcrumb","itemListElement":[{"@type":"ListItem","position":1,"name":"Portada","item":"https:\/\/infoecos.com.ar\/"},{"@type":"ListItem","position":2,"name":"Gilberto Alegre dijo que aspira a ser candidato a intendente municipal de General Villegas"}]},{"@type":"WebSite","@id":"https:\/\/infoecos.com.ar\/#website","url":"https:\/\/infoecos.com.ar\/","name":"Infoecos","description":"Noticias de trenque lauquen y la zona","publisher":{"@id":"https:\/\/infoecos.com.ar\/#organization"},"alternateName":"Noticias","potentialAction":[{"@type":"SearchAction","target":{"@type":"EntryPoint","urlTemplate":"https:\/\/infoecos.com.ar\/?s={search_term_string}"},"query-input":{"@type":"PropertyValueSpecification","valueRequired":true,"valueName":"search_term_string"}}],"inLanguage":"es"},{"@type":"Organization","@id":"https:\/\/infoecos.com.ar\/#organization","name":"Infoecos","alternateName":"Noticias","url":"https:\/\/infoecos.com.ar\/","logo":{"@type":"ImageObject","inLanguage":"es","@id":"https:\/\/infoecos.com.ar\/#\/schema\/logo\/image\/","url":"https:\/\/infoecos.com.ar\/wp-content\/uploads\/2024\/03\/cropped-logo.png","contentUrl":"https:\/\/infoecos.com.ar\/wp-content\/uploads\/2024\/03\/cropped-logo.png","width":374,"height":90,"caption":"Infoecos"},"image":{"@id":"https:\/\/infoecos.com.ar\/#\/schema\/logo\/image\/"},"sameAs":["https:\/\/www.facebook.com\/profile.php?id=100063200290284","https:\/\/x.com\/infoecos"]},{"@type":"Person","@id":"https:\/\/infoecos.com.ar\/#\/schema\/person\/8f5ace5ce73b4b4aac4b7245aee6f191","name":"Jorge Matheus","url":"https:\/\/infoecos.com.ar\/index.php\/author\/jomatheus\/"}]}},"featured_image_urls":{"full":["https:\/\/infoecos.com.ar\/wp-content\/uploads\/2022\/08\/gilberto-alegre-intendente-general-villegas.jpg",480,300,false],"thumbnail":["https:\/\/infoecos.com.ar\/wp-content\/uploads\/2022\/08\/gilberto-alegre-intendente-general-villegas-150x150.jpg",150,150,true],"medium":["https:\/\/infoecos.com.ar\/wp-content\/uploads\/2022\/08\/gilberto-alegre-intendente-general-villegas-460x288.jpg",460,288,true],"medium_large":["https:\/\/infoecos.com.ar\/wp-content\/uploads\/2022\/08\/gilberto-alegre-intendente-general-villegas.jpg",480,300,false],"large":["https:\/\/infoecos.com.ar\/wp-content\/uploads\/2022\/08\/gilberto-alegre-intendente-general-villegas.jpg",480,300,false],"1536x1536":["https:\/\/infoecos.com.ar\/wp-content\/uploads\/2022\/08\/gilberto-alegre-intendente-general-villegas.jpg",480,300,false],"2048x2048":["https:\/\/infoecos.com.ar\/wp-content\/uploads\/2022\/08\/gilberto-alegre-intendente-general-villegas.jpg",480,300,false],"covernews-slider-full":["https:\/\/infoecos.com.ar\/wp-content\/uploads\/2022\/08\/gilberto-alegre-intendente-general-villegas.jpg",480,300,false],"covernews-slider-center":["https:\/\/infoecos.com.ar\/wp-content\/uploads\/2022\/08\/gilberto-alegre-intendente-general-villegas.jpg",480,300,false],"covernews-featured":["https:\/\/infoecos.com.ar\/wp-content\/uploads\/2022\/08\/gilberto-alegre-intendente-general-villegas.jpg",480,300,false],"covernews-medium":["https:\/\/infoecos.com.ar\/wp-content\/uploads\/2022\/08\/gilberto-alegre-intendente-general-villegas.jpg",480,300,false],"covernews-medium-square":["https:\/\/infoecos.com.ar\/wp-content\/uploads\/2022\/08\/gilberto-alegre-intendente-general-villegas.jpg",400,250,false]},"author_info":{"info":["Jorge Matheus"]},"category_info":"<a href=\"https:\/\/infoecos.com.ar\/index.php\/category\/inferior2\/\" rel=\"category tag\">Bloque inferior - 2<\/a>","tag_info":"Bloque inferior - 2","comment_count":"0","_links":{"self":[{"href":"https:\/\/infoecos.com.ar\/index.php\/wp-json\/wp\/v2\/posts\/101588"}],"collection":[{"href":"https:\/\/infoecos.com.ar\/index.php\/wp-json\/wp\/v2\/posts"}],"about":[{"href":"https:\/\/infoecos.com.ar\/index.php\/wp-json\/wp\/v2\/types\/post"}],"author":[{"embeddable":true,"href":"https:\/\/infoecos.com.ar\/index.php\/wp-json\/wp\/v2\/users\/2"}],"replies":[{"embeddable":true,"href":"https:\/\/infoecos.com.ar\/index.php\/wp-json\/wp\/v2\/comments?post=101588"}],"version-history":[{"count":3,"href":"https:\/\/infoecos.com.ar\/index.php\/wp-json\/wp\/v2\/posts\/101588\/revisions"}],"predecessor-version":[{"id":101664,"href":"https:\/\/infoecos.com.ar\/index.php\/wp-json\/wp\/v2\/posts\/101588\/revisions\/101664"}],"wp:featuredmedia":[{"embeddable":true,"href":"https:\/\/infoecos.com.ar\/index.php\/wp-json\/wp\/v2\/media\/96361"}],"wp:attachment":[{"href":"https:\/\/infoecos.com.ar\/index.php\/wp-json\/wp\/v2\/media?parent=101588"}],"wp:term":[{"taxonomy":"category","embeddable":true,"href":"https:\/\/infoecos.com.ar\/index.php\/wp-json\/wp\/v2\/categories?post=101588"},{"taxonomy":"post_tag","embeddable":true,"href":"https:\/\/infoecos.com.ar\/index.php\/wp-json\/wp\/v2\/tags?post=101588"}],"curies":[{"name":"wp","href":"https:\/\/api.w.org\/{rel}","templated":true}]}}