{"id":101591,"date":"2023-02-08T03:27:30","date_gmt":"2023-02-08T06:27:30","guid":{"rendered":"https:\/\/infoecos.com.ar\/?p=101591"},"modified":"2023-02-09T02:24:42","modified_gmt":"2023-02-09T05:24:42","slug":"policia-junto-con-la-guardia-urbana-musical-de-rivadavia-secuestraron-motos-y-motopartes","status":"publish","type":"post","link":"https:\/\/infoecos.com.ar\/index.php\/policia-junto-con-la-guardia-urbana-musical-de-rivadavia-secuestraron-motos-y-motopartes\/","title":{"rendered":"Polic\u00eda junto con la Guardia Urbana Municipal de Rivadavia secuestraron motos y motopartes"},"content":{"rendered":"\n<p>En Am\u00e9rica, capital del distrito de Rivadavia, tambi\u00e9n quieren ponerle coto al remanido tema de las motos que generan malestar en el resto de la poblaci\u00f3n. En la tarde del martes se realizaron distintos allanamientos, ajust\u00e1ndose a una ordenanza municipal que se encuentra vigente.   <\/p>\n\n\n\n<figure class=\"wp-block-image aligncenter size-full is-resized\"><img loading=\"lazy\" decoding=\"async\" src=\"https:\/\/infoecos.com.ar\/wp-content\/uploads\/2023\/02\/image-56.png\" alt=\"\" class=\"wp-image-101592\" width=\"478\" height=\"269\"\/><\/figure>\n\n\n\n<p>Se realizaron en total 5 acciones ordenadas por el Juzgado de Faltas Municipal con la firma del Dr. Alejandro Belfiori, todos con resultados positivos, se\u00f1ala el sitio <strong>masternews.com.ar<\/strong>.<\/p>\n\n\n\n<p>En un domicilio de calle Tejedor entre Gral Rodr\u00edguez y Am\u00e9rica, apunta el medio colega, se secuestr\u00f3 gran cantidad de motopartes, cuadros de motos y algunas motos, sin identificar.<\/p>\n\n\n\n<figure class=\"wp-block-image aligncenter size-full is-resized\"><img loading=\"lazy\" decoding=\"async\" src=\"https:\/\/infoecos.com.ar\/wp-content\/uploads\/2023\/02\/image-57.png\" alt=\"\" class=\"wp-image-101593\" width=\"465\" height=\"310\" srcset=\"https:\/\/infoecos.com.ar\/wp-content\/uploads\/2023\/02\/image-57.png 768w, https:\/\/infoecos.com.ar\/wp-content\/uploads\/2023\/02\/image-57-675x450.png 675w\" sizes=\"(max-width: 465px) 100vw, 465px\" \/><\/figure>\n\n\n\n<p><strong>\u201cEl que pone en riesgo a las personas el domingo se queda sin moto en la semana\u201d&nbsp;dijo a Master News el Jefe de la Guardia Urbana Municipal Daniel Gonz\u00e1lez&nbsp;refiri\u00e9ndose a los hechos que han venido desencadenandose durante las ultimas semanas a partir de la decisi\u00f3n del Ejecutivo municipal de solicitar una Ordenanza que permita a trav\u00e9s de una autorizaci\u00f3n de la justicia poder realizar allanamientos en los domicilios donde se encuentren las motos en transiten las calles en infracci\u00f3n y produciendo molestias a los vecinos.<\/strong><\/p>\n\n\n\n<figure class=\"wp-block-image aligncenter size-full is-resized\"><img loading=\"lazy\" decoding=\"async\" src=\"https:\/\/infoecos.com.ar\/wp-content\/uploads\/2023\/02\/image-59.png\" alt=\"\" class=\"wp-image-101595\" width=\"448\" height=\"252\"\/><\/figure>\n\n\n\n<p><\/p>\n","protected":false},"excerpt":{"rendered":"<p>En un domicilio de calle Tejedor entre Gral Rodr\u00edguez y Am\u00e9rica, apunta MASTERNEWS, se secuestr\u00f3 gran cantidad de autopartes, cuadros de motos y algunas motos, sin identificar<\/p>\n","protected":false},"author":2,"featured_media":101592,"comment_status":"closed","ping_status":"open","sticky":false,"template":"","format":"standard","meta":{"footnotes":""},"categories":[1326],"tags":[7282],"class_list":["post-101591","post","type-post","status-publish","format-standard","has-post-thumbnail","hentry","category-c2nota6","tag-cinco-operativos"],"yoast_head":"<!-- This site is optimized with the Yoast SEO plugin v23.4 - https:\/\/yoast.com\/wordpress\/plugins\/seo\/ -->\n<title>Polic\u00eda junto con la Guardia Urbana Municipal de Rivadavia secuestraron motos y motopartes - Infoecos<\/title>\n<meta name=\"robots\" content=\"index, follow, max-snippet:-1, max-image-preview:large, max-video-preview:-1\" \/>\n<link rel=\"canonical\" href=\"https:\/\/infoecos.com.ar\/index.php\/policia-junto-con-la-guardia-urbana-musical-de-rivadavia-secuestraron-motos-y-motopartes\/\" \/>\n<meta property=\"og:locale\" content=\"es_ES\" \/>\n<meta property=\"og:type\" content=\"article\" \/>\n<meta property=\"og:title\" content=\"Polic\u00eda junto con la Guardia Urbana Municipal de Rivadavia secuestraron motos y motopartes - Infoecos\" \/>\n<meta property=\"og:description\" content=\"En un domicilio de calle Tejedor entre Gral Rodr\u00edguez y Am\u00e9rica, apunta MASTERNEWS, se secuestr\u00f3 gran cantidad de autopartes, cuadros de motos y algunas motos, sin identificar\" \/>\n<meta property=\"og:url\" content=\"https:\/\/infoecos.com.ar\/index.php\/policia-junto-con-la-guardia-urbana-musical-de-rivadavia-secuestraron-motos-y-motopartes\/\" \/>\n<meta property=\"og:site_name\" content=\"Infoecos\" \/>\n<meta property=\"article:publisher\" content=\"https:\/\/www.facebook.com\/profile.php?id=100063200290284\" \/>\n<meta property=\"article:published_time\" content=\"2023-02-08T06:27:30+00:00\" \/>\n<meta property=\"article:modified_time\" content=\"2023-02-09T05:24:42+00:00\" \/>\n<meta property=\"og:image\" content=\"https:\/\/infoecos.com.ar\/wp-content\/uploads\/2023\/02\/image-56.png\" \/>\n\t<meta property=\"og:image:width\" content=\"768\" \/>\n\t<meta property=\"og:image:height\" content=\"432\" \/>\n\t<meta property=\"og:image:type\" content=\"image\/png\" \/>\n<meta name=\"author\" content=\"Jorge Matheus\" \/>\n<meta name=\"twitter:card\" content=\"summary_large_image\" \/>\n<meta name=\"twitter:creator\" content=\"@infoecos\" \/>\n<meta name=\"twitter:site\" content=\"@infoecos\" \/>\n<meta name=\"twitter:label1\" content=\"Escrito por\" \/>\n\t<meta name=\"twitter:data1\" content=\"Jorge Matheus\" \/>\n\t<meta name=\"twitter:label2\" content=\"Tiempo de lectura\" \/>\n\t<meta name=\"twitter:data2\" content=\"2 minutos\" \/>\n<script type=\"application\/ld+json\" class=\"yoast-schema-graph\">{\"@context\":\"https:\/\/schema.org\",\"@graph\":[{\"@type\":\"Article\",\"@id\":\"https:\/\/infoecos.com.ar\/index.php\/policia-junto-con-la-guardia-urbana-musical-de-rivadavia-secuestraron-motos-y-motopartes\/#article\",\"isPartOf\":{\"@id\":\"https:\/\/infoecos.com.ar\/index.php\/policia-junto-con-la-guardia-urbana-musical-de-rivadavia-secuestraron-motos-y-motopartes\/\"},\"author\":{\"name\":\"Jorge Matheus\",\"@id\":\"https:\/\/infoecos.com.ar\/#\/schema\/person\/8f5ace5ce73b4b4aac4b7245aee6f191\"},\"headline\":\"Polic\u00eda junto con la Guardia Urbana Municipal de Rivadavia secuestraron motos y motopartes\",\"datePublished\":\"2023-02-08T06:27:30+00:00\",\"dateModified\":\"2023-02-09T05:24:42+00:00\",\"mainEntityOfPage\":{\"@id\":\"https:\/\/infoecos.com.ar\/index.php\/policia-junto-con-la-guardia-urbana-musical-de-rivadavia-secuestraron-motos-y-motopartes\/\"},\"wordCount\":218,\"publisher\":{\"@id\":\"https:\/\/infoecos.com.ar\/#organization\"},\"image\":{\"@id\":\"https:\/\/infoecos.com.ar\/index.php\/policia-junto-con-la-guardia-urbana-musical-de-rivadavia-secuestraron-motos-y-motopartes\/#primaryimage\"},\"thumbnailUrl\":\"https:\/\/infoecos.com.ar\/wp-content\/uploads\/2023\/02\/image-56.png\",\"keywords\":[\"CINCO OPERATIVOS\"],\"articleSection\":[\"C2 N6\"],\"inLanguage\":\"es\"},{\"@type\":\"WebPage\",\"@id\":\"https:\/\/infoecos.com.ar\/index.php\/policia-junto-con-la-guardia-urbana-musical-de-rivadavia-secuestraron-motos-y-motopartes\/\",\"url\":\"https:\/\/infoecos.com.ar\/index.php\/policia-junto-con-la-guardia-urbana-musical-de-rivadavia-secuestraron-motos-y-motopartes\/\",\"name\":\"Polic\u00eda junto con la Guardia Urbana Municipal de Rivadavia secuestraron motos y motopartes - Infoecos\",\"isPartOf\":{\"@id\":\"https:\/\/infoecos.com.ar\/#website\"},\"primaryImageOfPage\":{\"@id\":\"https:\/\/infoecos.com.ar\/index.php\/policia-junto-con-la-guardia-urbana-musical-de-rivadavia-secuestraron-motos-y-motopartes\/#primaryimage\"},\"image\":{\"@id\":\"https:\/\/infoecos.com.ar\/index.php\/policia-junto-con-la-guardia-urbana-musical-de-rivadavia-secuestraron-motos-y-motopartes\/#primaryimage\"},\"thumbnailUrl\":\"https:\/\/infoecos.com.ar\/wp-content\/uploads\/2023\/02\/image-56.png\",\"datePublished\":\"2023-02-08T06:27:30+00:00\",\"dateModified\":\"2023-02-09T05:24:42+00:00\",\"breadcrumb\":{\"@id\":\"https:\/\/infoecos.com.ar\/index.php\/policia-junto-con-la-guardia-urbana-musical-de-rivadavia-secuestraron-motos-y-motopartes\/#breadcrumb\"},\"inLanguage\":\"es\",\"potentialAction\":[{\"@type\":\"ReadAction\",\"target\":[\"https:\/\/infoecos.com.ar\/index.php\/policia-junto-con-la-guardia-urbana-musical-de-rivadavia-secuestraron-motos-y-motopartes\/\"]}]},{\"@type\":\"ImageObject\",\"inLanguage\":\"es\",\"@id\":\"https:\/\/infoecos.com.ar\/index.php\/policia-junto-con-la-guardia-urbana-musical-de-rivadavia-secuestraron-motos-y-motopartes\/#primaryimage\",\"url\":\"https:\/\/infoecos.com.ar\/wp-content\/uploads\/2023\/02\/image-56.png\",\"contentUrl\":\"https:\/\/infoecos.com.ar\/wp-content\/uploads\/2023\/02\/image-56.png\",\"width\":768,\"height\":432},{\"@type\":\"BreadcrumbList\",\"@id\":\"https:\/\/infoecos.com.ar\/index.php\/policia-junto-con-la-guardia-urbana-musical-de-rivadavia-secuestraron-motos-y-motopartes\/#breadcrumb\",\"itemListElement\":[{\"@type\":\"ListItem\",\"position\":1,\"name\":\"Portada\",\"item\":\"https:\/\/infoecos.com.ar\/\"},{\"@type\":\"ListItem\",\"position\":2,\"name\":\"Polic\u00eda junto con la Guardia Urbana Municipal de Rivadavia secuestraron motos y motopartes\"}]},{\"@type\":\"WebSite\",\"@id\":\"https:\/\/infoecos.com.ar\/#website\",\"url\":\"https:\/\/infoecos.com.ar\/\",\"name\":\"Infoecos\",\"description\":\"Noticias de trenque lauquen y la zona\",\"publisher\":{\"@id\":\"https:\/\/infoecos.com.ar\/#organization\"},\"alternateName\":\"Noticias\",\"potentialAction\":[{\"@type\":\"SearchAction\",\"target\":{\"@type\":\"EntryPoint\",\"urlTemplate\":\"https:\/\/infoecos.com.ar\/?s={search_term_string}\"},\"query-input\":{\"@type\":\"PropertyValueSpecification\",\"valueRequired\":true,\"valueName\":\"search_term_string\"}}],\"inLanguage\":\"es\"},{\"@type\":\"Organization\",\"@id\":\"https:\/\/infoecos.com.ar\/#organization\",\"name\":\"Infoecos\",\"alternateName\":\"Noticias\",\"url\":\"https:\/\/infoecos.com.ar\/\",\"logo\":{\"@type\":\"ImageObject\",\"inLanguage\":\"es\",\"@id\":\"https:\/\/infoecos.com.ar\/#\/schema\/logo\/image\/\",\"url\":\"https:\/\/infoecos.com.ar\/wp-content\/uploads\/2024\/03\/cropped-logo.png\",\"contentUrl\":\"https:\/\/infoecos.com.ar\/wp-content\/uploads\/2024\/03\/cropped-logo.png\",\"width\":374,\"height\":90,\"caption\":\"Infoecos\"},\"image\":{\"@id\":\"https:\/\/infoecos.com.ar\/#\/schema\/logo\/image\/\"},\"sameAs\":[\"https:\/\/www.facebook.com\/profile.php?id=100063200290284\",\"https:\/\/x.com\/infoecos\"]},{\"@type\":\"Person\",\"@id\":\"https:\/\/infoecos.com.ar\/#\/schema\/person\/8f5ace5ce73b4b4aac4b7245aee6f191\",\"name\":\"Jorge Matheus\",\"url\":\"https:\/\/infoecos.com.ar\/index.php\/author\/jomatheus\/\"}]}<\/script>\n<!-- \/ Yoast SEO plugin. -->","yoast_head_json":{"title":"Polic\u00eda junto con la Guardia Urbana Municipal de Rivadavia secuestraron motos y motopartes - Infoecos","robots":{"index":"index","follow":"follow","max-snippet":"max-snippet:-1","max-image-preview":"max-image-preview:large","max-video-preview":"max-video-preview:-1"},"canonical":"https:\/\/infoecos.com.ar\/index.php\/policia-junto-con-la-guardia-urbana-musical-de-rivadavia-secuestraron-motos-y-motopartes\/","og_locale":"es_ES","og_type":"article","og_title":"Polic\u00eda junto con la Guardia Urbana Municipal de Rivadavia secuestraron motos y motopartes - Infoecos","og_description":"En un domicilio de calle Tejedor entre Gral Rodr\u00edguez y Am\u00e9rica, apunta MASTERNEWS, se secuestr\u00f3 gran cantidad de autopartes, cuadros de motos y algunas motos, sin identificar","og_url":"https:\/\/infoecos.com.ar\/index.php\/policia-junto-con-la-guardia-urbana-musical-de-rivadavia-secuestraron-motos-y-motopartes\/","og_site_name":"Infoecos","article_publisher":"https:\/\/www.facebook.com\/profile.php?id=100063200290284","article_published_time":"2023-02-08T06:27:30+00:00","article_modified_time":"2023-02-09T05:24:42+00:00","og_image":[{"width":768,"height":432,"url":"https:\/\/infoecos.com.ar\/wp-content\/uploads\/2023\/02\/image-56.png","type":"image\/png"}],"author":"Jorge Matheus","twitter_card":"summary_large_image","twitter_creator":"@infoecos","twitter_site":"@infoecos","twitter_misc":{"Escrito por":"Jorge Matheus","Tiempo de lectura":"2 minutos"},"schema":{"@context":"https:\/\/schema.org","@graph":[{"@type":"Article","@id":"https:\/\/infoecos.com.ar\/index.php\/policia-junto-con-la-guardia-urbana-musical-de-rivadavia-secuestraron-motos-y-motopartes\/#article","isPartOf":{"@id":"https:\/\/infoecos.com.ar\/index.php\/policia-junto-con-la-guardia-urbana-musical-de-rivadavia-secuestraron-motos-y-motopartes\/"},"author":{"name":"Jorge Matheus","@id":"https:\/\/infoecos.com.ar\/#\/schema\/person\/8f5ace5ce73b4b4aac4b7245aee6f191"},"headline":"Polic\u00eda junto con la Guardia Urbana Municipal de Rivadavia secuestraron motos y motopartes","datePublished":"2023-02-08T06:27:30+00:00","dateModified":"2023-02-09T05:24:42+00:00","mainEntityOfPage":{"@id":"https:\/\/infoecos.com.ar\/index.php\/policia-junto-con-la-guardia-urbana-musical-de-rivadavia-secuestraron-motos-y-motopartes\/"},"wordCount":218,"publisher":{"@id":"https:\/\/infoecos.com.ar\/#organization"},"image":{"@id":"https:\/\/infoecos.com.ar\/index.php\/policia-junto-con-la-guardia-urbana-musical-de-rivadavia-secuestraron-motos-y-motopartes\/#primaryimage"},"thumbnailUrl":"https:\/\/infoecos.com.ar\/wp-content\/uploads\/2023\/02\/image-56.png","keywords":["CINCO OPERATIVOS"],"articleSection":["C2 N6"],"inLanguage":"es"},{"@type":"WebPage","@id":"https:\/\/infoecos.com.ar\/index.php\/policia-junto-con-la-guardia-urbana-musical-de-rivadavia-secuestraron-motos-y-motopartes\/","url":"https:\/\/infoecos.com.ar\/index.php\/policia-junto-con-la-guardia-urbana-musical-de-rivadavia-secuestraron-motos-y-motopartes\/","name":"Polic\u00eda junto con la Guardia Urbana Municipal de Rivadavia secuestraron motos y motopartes - Infoecos","isPartOf":{"@id":"https:\/\/infoecos.com.ar\/#website"},"primaryImageOfPage":{"@id":"https:\/\/infoecos.com.ar\/index.php\/policia-junto-con-la-guardia-urbana-musical-de-rivadavia-secuestraron-motos-y-motopartes\/#primaryimage"},"image":{"@id":"https:\/\/infoecos.com.ar\/index.php\/policia-junto-con-la-guardia-urbana-musical-de-rivadavia-secuestraron-motos-y-motopartes\/#primaryimage"},"thumbnailUrl":"https:\/\/infoecos.com.ar\/wp-content\/uploads\/2023\/02\/image-56.png","datePublished":"2023-02-08T06:27:30+00:00","dateModified":"2023-02-09T05:24:42+00:00","breadcrumb":{"@id":"https:\/\/infoecos.com.ar\/index.php\/policia-junto-con-la-guardia-urbana-musical-de-rivadavia-secuestraron-motos-y-motopartes\/#breadcrumb"},"inLanguage":"es","potentialAction":[{"@type":"ReadAction","target":["https:\/\/infoecos.com.ar\/index.php\/policia-junto-con-la-guardia-urbana-musical-de-rivadavia-secuestraron-motos-y-motopartes\/"]}]},{"@type":"ImageObject","inLanguage":"es","@id":"https:\/\/infoecos.com.ar\/index.php\/policia-junto-con-la-guardia-urbana-musical-de-rivadavia-secuestraron-motos-y-motopartes\/#primaryimage","url":"https:\/\/infoecos.com.ar\/wp-content\/uploads\/2023\/02\/image-56.png","contentUrl":"https:\/\/infoecos.com.ar\/wp-content\/uploads\/2023\/02\/image-56.png","width":768,"height":432},{"@type":"BreadcrumbList","@id":"https:\/\/infoecos.com.ar\/index.php\/policia-junto-con-la-guardia-urbana-musical-de-rivadavia-secuestraron-motos-y-motopartes\/#breadcrumb","itemListElement":[{"@type":"ListItem","position":1,"name":"Portada","item":"https:\/\/infoecos.com.ar\/"},{"@type":"ListItem","position":2,"name":"Polic\u00eda junto con la Guardia Urbana Municipal de Rivadavia secuestraron motos y motopartes"}]},{"@type":"WebSite","@id":"https:\/\/infoecos.com.ar\/#website","url":"https:\/\/infoecos.com.ar\/","name":"Infoecos","description":"Noticias de trenque lauquen y la zona","publisher":{"@id":"https:\/\/infoecos.com.ar\/#organization"},"alternateName":"Noticias","potentialAction":[{"@type":"SearchAction","target":{"@type":"EntryPoint","urlTemplate":"https:\/\/infoecos.com.ar\/?s={search_term_string}"},"query-input":{"@type":"PropertyValueSpecification","valueRequired":true,"valueName":"search_term_string"}}],"inLanguage":"es"},{"@type":"Organization","@id":"https:\/\/infoecos.com.ar\/#organization","name":"Infoecos","alternateName":"Noticias","url":"https:\/\/infoecos.com.ar\/","logo":{"@type":"ImageObject","inLanguage":"es","@id":"https:\/\/infoecos.com.ar\/#\/schema\/logo\/image\/","url":"https:\/\/infoecos.com.ar\/wp-content\/uploads\/2024\/03\/cropped-logo.png","contentUrl":"https:\/\/infoecos.com.ar\/wp-content\/uploads\/2024\/03\/cropped-logo.png","width":374,"height":90,"caption":"Infoecos"},"image":{"@id":"https:\/\/infoecos.com.ar\/#\/schema\/logo\/image\/"},"sameAs":["https:\/\/www.facebook.com\/profile.php?id=100063200290284","https:\/\/x.com\/infoecos"]},{"@type":"Person","@id":"https:\/\/infoecos.com.ar\/#\/schema\/person\/8f5ace5ce73b4b4aac4b7245aee6f191","name":"Jorge Matheus","url":"https:\/\/infoecos.com.ar\/index.php\/author\/jomatheus\/"}]}},"featured_image_urls":{"full":["https:\/\/infoecos.com.ar\/wp-content\/uploads\/2023\/02\/image-56.png",768,432,false],"thumbnail":["https:\/\/infoecos.com.ar\/wp-content\/uploads\/2023\/02\/image-56-300x150.png",300,150,true],"medium":["https:\/\/infoecos.com.ar\/wp-content\/uploads\/2023\/02\/image-56.png",768,432,false],"medium_large":["https:\/\/infoecos.com.ar\/wp-content\/uploads\/2023\/02\/image-56.png",640,360,false],"large":["https:\/\/infoecos.com.ar\/wp-content\/uploads\/2023\/02\/image-56.png",640,360,false],"1536x1536":["https:\/\/infoecos.com.ar\/wp-content\/uploads\/2023\/02\/image-56.png",768,432,false],"2048x2048":["https:\/\/infoecos.com.ar\/wp-content\/uploads\/2023\/02\/image-56.png",768,432,false],"covernews-slider-full":["https:\/\/infoecos.com.ar\/wp-content\/uploads\/2023\/02\/image-56.png",768,432,false],"covernews-slider-center":["https:\/\/infoecos.com.ar\/wp-content\/uploads\/2023\/02\/image-56.png",768,432,false],"covernews-featured":["https:\/\/infoecos.com.ar\/wp-content\/uploads\/2023\/02\/image-56.png",768,432,false],"covernews-medium":["https:\/\/infoecos.com.ar\/wp-content\/uploads\/2023\/02\/image-56-720x380.png",540,285,true],"covernews-medium-square":["https:\/\/infoecos.com.ar\/wp-content\/uploads\/2023\/02\/image-56-675x432.png",391,250,true]},"author_info":{"info":["Jorge Matheus"]},"category_info":"<a href=\"https:\/\/infoecos.com.ar\/index.php\/category\/c2nota6\/\" rel=\"category tag\">C2 N6<\/a>","tag_info":"C2 N6","comment_count":"0","_links":{"self":[{"href":"https:\/\/infoecos.com.ar\/index.php\/wp-json\/wp\/v2\/posts\/101591"}],"collection":[{"href":"https:\/\/infoecos.com.ar\/index.php\/wp-json\/wp\/v2\/posts"}],"about":[{"href":"https:\/\/infoecos.com.ar\/index.php\/wp-json\/wp\/v2\/types\/post"}],"author":[{"embeddable":true,"href":"https:\/\/infoecos.com.ar\/index.php\/wp-json\/wp\/v2\/users\/2"}],"replies":[{"embeddable":true,"href":"https:\/\/infoecos.com.ar\/index.php\/wp-json\/wp\/v2\/comments?post=101591"}],"version-history":[{"count":3,"href":"https:\/\/infoecos.com.ar\/index.php\/wp-json\/wp\/v2\/posts\/101591\/revisions"}],"predecessor-version":[{"id":101662,"href":"https:\/\/infoecos.com.ar\/index.php\/wp-json\/wp\/v2\/posts\/101591\/revisions\/101662"}],"wp:featuredmedia":[{"embeddable":true,"href":"https:\/\/infoecos.com.ar\/index.php\/wp-json\/wp\/v2\/media\/101592"}],"wp:attachment":[{"href":"https:\/\/infoecos.com.ar\/index.php\/wp-json\/wp\/v2\/media?parent=101591"}],"wp:term":[{"taxonomy":"category","embeddable":true,"href":"https:\/\/infoecos.com.ar\/index.php\/wp-json\/wp\/v2\/categories?post=101591"},{"taxonomy":"post_tag","embeddable":true,"href":"https:\/\/infoecos.com.ar\/index.php\/wp-json\/wp\/v2\/tags?post=101591"}],"curies":[{"name":"wp","href":"https:\/\/api.w.org\/{rel}","templated":true}]}}