{"id":101603,"date":"2023-02-08T04:04:42","date_gmt":"2023-02-08T07:04:42","guid":{"rendered":"https:\/\/infoecos.com.ar\/?p=101603"},"modified":"2023-02-10T03:50:38","modified_gmt":"2023-02-10T06:50:38","slug":"el-viernes-comienza-henderson-canta-con-solistas-y-grupos-de-reconocida-trayectoria","status":"publish","type":"post","link":"https:\/\/infoecos.com.ar\/index.php\/el-viernes-comienza-henderson-canta-con-solistas-y-grupos-de-reconocida-trayectoria\/","title":{"rendered":"Hoy comienza \u00abHenderson Canta\u00bb con solistas y grupos de reconocida trayectoria"},"content":{"rendered":"\n<p>Desde hoy y hasta el 13 de febrero se realizar\u00e1 la vig\u00e9simo quinta edici\u00f3n del festival \u00abHenderson Canta\u00bb.<\/p>\n\n\n\n<figure class=\"wp-block-image aligncenter size-full is-resized\"><img loading=\"lazy\" decoding=\"async\" src=\"https:\/\/infoecos.com.ar\/wp-content\/uploads\/2023\/02\/image-62.png\" alt=\"\" class=\"wp-image-101605\" width=\"393\" height=\"261\"\/><\/figure>\n\n\n\n<p>Hoy\u00a0<strong>(10 de Febrero)<\/strong>\u00a0se presentar\u00e1n artistas locales. El s\u00e1bado<strong>\u00a0(11 de Febrero)<\/strong>\u00a0Mora Godoy, El Gato Peters, Lucas Sugo, Marcos Tamborenea y Ram\u00f3n Ramonda. El domingo<strong>\u00a0(12 de Febrero)\u00a0<\/strong>nuevamente Mora Godoy, La trova de Bolivar y Los Palmeras. Por \u00faltimo, el lunes\u00a0<strong>(13 de Febrero)<\/strong>\u00a0se presentan artistas locales, Alejandro Gardinetti y Juan Fuentes, ex integrante de Los Huayra. <\/p>\n\n\n\n<figure class=\"wp-block-image aligncenter size-full\"><img loading=\"lazy\" decoding=\"async\" width=\"355\" height=\"198\" src=\"https:\/\/infoecos.com.ar\/wp-content\/uploads\/2023\/02\/image-61.png\" alt=\"\" class=\"wp-image-101604\"\/><\/figure>\n\n\n\n<p>Se desprende de esta informaci\u00f3n que no se presentar\u00e1n Los Nocheros. El grupo no est\u00e1 realizando las giras pactadas para este mes, a ra\u00edz de la muerte de Noem\u00ed Cristina \u00abLa Moro\u00bb Laspur, esposa de Mario \u00abKike\u00bb Teruel y compositora de varias canciones del grupo.<\/p>\n","protected":false},"excerpt":{"rendered":"<p>No estar\u00e1n Los Nocheros. Si Mora Godoy, Los Palmeras, El Gato Peters, Alejandro Gardinetti<\/p>\n","protected":false},"author":2,"featured_media":101605,"comment_status":"closed","ping_status":"open","sticky":false,"template":"","format":"standard","meta":{"footnotes":""},"categories":[46],"tags":[7144],"class_list":["post-101603","post","type-post","status-publish","format-standard","has-post-thumbnail","hentry","category-c2nota2","tag-del-10-al-13-de-febrero"],"yoast_head":"<!-- This site is optimized with the Yoast SEO plugin v23.4 - https:\/\/yoast.com\/wordpress\/plugins\/seo\/ -->\n<title>Hoy comienza &quot;Henderson Canta&quot; con solistas y grupos de reconocida trayectoria - Infoecos<\/title>\n<meta name=\"robots\" content=\"index, follow, max-snippet:-1, max-image-preview:large, max-video-preview:-1\" \/>\n<link rel=\"canonical\" href=\"https:\/\/infoecos.com.ar\/index.php\/el-viernes-comienza-henderson-canta-con-solistas-y-grupos-de-reconocida-trayectoria\/\" \/>\n<meta property=\"og:locale\" content=\"es_ES\" \/>\n<meta property=\"og:type\" content=\"article\" \/>\n<meta property=\"og:title\" content=\"Hoy comienza &quot;Henderson Canta&quot; con solistas y grupos de reconocida trayectoria - Infoecos\" \/>\n<meta property=\"og:description\" content=\"No estar\u00e1n Los Nocheros. Si Mora Godoy, Los Palmeras, El Gato Peters, Alejandro Gardinetti\" \/>\n<meta property=\"og:url\" content=\"https:\/\/infoecos.com.ar\/index.php\/el-viernes-comienza-henderson-canta-con-solistas-y-grupos-de-reconocida-trayectoria\/\" \/>\n<meta property=\"og:site_name\" content=\"Infoecos\" \/>\n<meta property=\"article:publisher\" content=\"https:\/\/www.facebook.com\/profile.php?id=100063200290284\" \/>\n<meta property=\"article:published_time\" content=\"2023-02-08T07:04:42+00:00\" \/>\n<meta property=\"article:modified_time\" content=\"2023-02-10T06:50:38+00:00\" \/>\n<meta property=\"og:image\" content=\"https:\/\/infoecos.com.ar\/wp-content\/uploads\/2023\/02\/image-62.png\" \/>\n\t<meta property=\"og:image:width\" content=\"275\" \/>\n\t<meta property=\"og:image:height\" content=\"183\" \/>\n\t<meta property=\"og:image:type\" content=\"image\/png\" \/>\n<meta name=\"author\" content=\"Jorge Matheus\" \/>\n<meta name=\"twitter:card\" content=\"summary_large_image\" \/>\n<meta name=\"twitter:creator\" content=\"@infoecos\" \/>\n<meta name=\"twitter:site\" content=\"@infoecos\" \/>\n<meta name=\"twitter:label1\" content=\"Escrito por\" \/>\n\t<meta name=\"twitter:data1\" content=\"Jorge Matheus\" \/>\n\t<meta name=\"twitter:label2\" content=\"Tiempo de lectura\" \/>\n\t<meta name=\"twitter:data2\" content=\"1 minuto\" \/>\n<script type=\"application\/ld+json\" class=\"yoast-schema-graph\">{\"@context\":\"https:\/\/schema.org\",\"@graph\":[{\"@type\":\"Article\",\"@id\":\"https:\/\/infoecos.com.ar\/index.php\/el-viernes-comienza-henderson-canta-con-solistas-y-grupos-de-reconocida-trayectoria\/#article\",\"isPartOf\":{\"@id\":\"https:\/\/infoecos.com.ar\/index.php\/el-viernes-comienza-henderson-canta-con-solistas-y-grupos-de-reconocida-trayectoria\/\"},\"author\":{\"name\":\"Jorge Matheus\",\"@id\":\"https:\/\/infoecos.com.ar\/#\/schema\/person\/8f5ace5ce73b4b4aac4b7245aee6f191\"},\"headline\":\"Hoy comienza \u00abHenderson Canta\u00bb con solistas y grupos de reconocida trayectoria\",\"datePublished\":\"2023-02-08T07:04:42+00:00\",\"dateModified\":\"2023-02-10T06:50:38+00:00\",\"mainEntityOfPage\":{\"@id\":\"https:\/\/infoecos.com.ar\/index.php\/el-viernes-comienza-henderson-canta-con-solistas-y-grupos-de-reconocida-trayectoria\/\"},\"wordCount\":138,\"publisher\":{\"@id\":\"https:\/\/infoecos.com.ar\/#organization\"},\"image\":{\"@id\":\"https:\/\/infoecos.com.ar\/index.php\/el-viernes-comienza-henderson-canta-con-solistas-y-grupos-de-reconocida-trayectoria\/#primaryimage\"},\"thumbnailUrl\":\"https:\/\/infoecos.com.ar\/wp-content\/uploads\/2023\/02\/image-62.png\",\"keywords\":[\"DEL 10 AL 13 DE FEBRERO\"],\"articleSection\":[\"C2 N2\"],\"inLanguage\":\"es\"},{\"@type\":\"WebPage\",\"@id\":\"https:\/\/infoecos.com.ar\/index.php\/el-viernes-comienza-henderson-canta-con-solistas-y-grupos-de-reconocida-trayectoria\/\",\"url\":\"https:\/\/infoecos.com.ar\/index.php\/el-viernes-comienza-henderson-canta-con-solistas-y-grupos-de-reconocida-trayectoria\/\",\"name\":\"Hoy comienza \\\"Henderson Canta\\\" con solistas y grupos de reconocida trayectoria - Infoecos\",\"isPartOf\":{\"@id\":\"https:\/\/infoecos.com.ar\/#website\"},\"primaryImageOfPage\":{\"@id\":\"https:\/\/infoecos.com.ar\/index.php\/el-viernes-comienza-henderson-canta-con-solistas-y-grupos-de-reconocida-trayectoria\/#primaryimage\"},\"image\":{\"@id\":\"https:\/\/infoecos.com.ar\/index.php\/el-viernes-comienza-henderson-canta-con-solistas-y-grupos-de-reconocida-trayectoria\/#primaryimage\"},\"thumbnailUrl\":\"https:\/\/infoecos.com.ar\/wp-content\/uploads\/2023\/02\/image-62.png\",\"datePublished\":\"2023-02-08T07:04:42+00:00\",\"dateModified\":\"2023-02-10T06:50:38+00:00\",\"breadcrumb\":{\"@id\":\"https:\/\/infoecos.com.ar\/index.php\/el-viernes-comienza-henderson-canta-con-solistas-y-grupos-de-reconocida-trayectoria\/#breadcrumb\"},\"inLanguage\":\"es\",\"potentialAction\":[{\"@type\":\"ReadAction\",\"target\":[\"https:\/\/infoecos.com.ar\/index.php\/el-viernes-comienza-henderson-canta-con-solistas-y-grupos-de-reconocida-trayectoria\/\"]}]},{\"@type\":\"ImageObject\",\"inLanguage\":\"es\",\"@id\":\"https:\/\/infoecos.com.ar\/index.php\/el-viernes-comienza-henderson-canta-con-solistas-y-grupos-de-reconocida-trayectoria\/#primaryimage\",\"url\":\"https:\/\/infoecos.com.ar\/wp-content\/uploads\/2023\/02\/image-62.png\",\"contentUrl\":\"https:\/\/infoecos.com.ar\/wp-content\/uploads\/2023\/02\/image-62.png\",\"width\":275,\"height\":183},{\"@type\":\"BreadcrumbList\",\"@id\":\"https:\/\/infoecos.com.ar\/index.php\/el-viernes-comienza-henderson-canta-con-solistas-y-grupos-de-reconocida-trayectoria\/#breadcrumb\",\"itemListElement\":[{\"@type\":\"ListItem\",\"position\":1,\"name\":\"Portada\",\"item\":\"https:\/\/infoecos.com.ar\/\"},{\"@type\":\"ListItem\",\"position\":2,\"name\":\"Hoy comienza \u00abHenderson Canta\u00bb con solistas y grupos de reconocida trayectoria\"}]},{\"@type\":\"WebSite\",\"@id\":\"https:\/\/infoecos.com.ar\/#website\",\"url\":\"https:\/\/infoecos.com.ar\/\",\"name\":\"Infoecos\",\"description\":\"Noticias de trenque lauquen y la zona\",\"publisher\":{\"@id\":\"https:\/\/infoecos.com.ar\/#organization\"},\"alternateName\":\"Noticias\",\"potentialAction\":[{\"@type\":\"SearchAction\",\"target\":{\"@type\":\"EntryPoint\",\"urlTemplate\":\"https:\/\/infoecos.com.ar\/?s={search_term_string}\"},\"query-input\":{\"@type\":\"PropertyValueSpecification\",\"valueRequired\":true,\"valueName\":\"search_term_string\"}}],\"inLanguage\":\"es\"},{\"@type\":\"Organization\",\"@id\":\"https:\/\/infoecos.com.ar\/#organization\",\"name\":\"Infoecos\",\"alternateName\":\"Noticias\",\"url\":\"https:\/\/infoecos.com.ar\/\",\"logo\":{\"@type\":\"ImageObject\",\"inLanguage\":\"es\",\"@id\":\"https:\/\/infoecos.com.ar\/#\/schema\/logo\/image\/\",\"url\":\"https:\/\/infoecos.com.ar\/wp-content\/uploads\/2024\/03\/cropped-logo.png\",\"contentUrl\":\"https:\/\/infoecos.com.ar\/wp-content\/uploads\/2024\/03\/cropped-logo.png\",\"width\":374,\"height\":90,\"caption\":\"Infoecos\"},\"image\":{\"@id\":\"https:\/\/infoecos.com.ar\/#\/schema\/logo\/image\/\"},\"sameAs\":[\"https:\/\/www.facebook.com\/profile.php?id=100063200290284\",\"https:\/\/x.com\/infoecos\"]},{\"@type\":\"Person\",\"@id\":\"https:\/\/infoecos.com.ar\/#\/schema\/person\/8f5ace5ce73b4b4aac4b7245aee6f191\",\"name\":\"Jorge Matheus\",\"url\":\"https:\/\/infoecos.com.ar\/index.php\/author\/jomatheus\/\"}]}<\/script>\n<!-- \/ Yoast SEO plugin. -->","yoast_head_json":{"title":"Hoy comienza \"Henderson Canta\" con solistas y grupos de reconocida trayectoria - Infoecos","robots":{"index":"index","follow":"follow","max-snippet":"max-snippet:-1","max-image-preview":"max-image-preview:large","max-video-preview":"max-video-preview:-1"},"canonical":"https:\/\/infoecos.com.ar\/index.php\/el-viernes-comienza-henderson-canta-con-solistas-y-grupos-de-reconocida-trayectoria\/","og_locale":"es_ES","og_type":"article","og_title":"Hoy comienza \"Henderson Canta\" con solistas y grupos de reconocida trayectoria - Infoecos","og_description":"No estar\u00e1n Los Nocheros. Si Mora Godoy, Los Palmeras, El Gato Peters, Alejandro Gardinetti","og_url":"https:\/\/infoecos.com.ar\/index.php\/el-viernes-comienza-henderson-canta-con-solistas-y-grupos-de-reconocida-trayectoria\/","og_site_name":"Infoecos","article_publisher":"https:\/\/www.facebook.com\/profile.php?id=100063200290284","article_published_time":"2023-02-08T07:04:42+00:00","article_modified_time":"2023-02-10T06:50:38+00:00","og_image":[{"width":275,"height":183,"url":"https:\/\/infoecos.com.ar\/wp-content\/uploads\/2023\/02\/image-62.png","type":"image\/png"}],"author":"Jorge Matheus","twitter_card":"summary_large_image","twitter_creator":"@infoecos","twitter_site":"@infoecos","twitter_misc":{"Escrito por":"Jorge Matheus","Tiempo de lectura":"1 minuto"},"schema":{"@context":"https:\/\/schema.org","@graph":[{"@type":"Article","@id":"https:\/\/infoecos.com.ar\/index.php\/el-viernes-comienza-henderson-canta-con-solistas-y-grupos-de-reconocida-trayectoria\/#article","isPartOf":{"@id":"https:\/\/infoecos.com.ar\/index.php\/el-viernes-comienza-henderson-canta-con-solistas-y-grupos-de-reconocida-trayectoria\/"},"author":{"name":"Jorge Matheus","@id":"https:\/\/infoecos.com.ar\/#\/schema\/person\/8f5ace5ce73b4b4aac4b7245aee6f191"},"headline":"Hoy comienza \u00abHenderson Canta\u00bb con solistas y grupos de reconocida trayectoria","datePublished":"2023-02-08T07:04:42+00:00","dateModified":"2023-02-10T06:50:38+00:00","mainEntityOfPage":{"@id":"https:\/\/infoecos.com.ar\/index.php\/el-viernes-comienza-henderson-canta-con-solistas-y-grupos-de-reconocida-trayectoria\/"},"wordCount":138,"publisher":{"@id":"https:\/\/infoecos.com.ar\/#organization"},"image":{"@id":"https:\/\/infoecos.com.ar\/index.php\/el-viernes-comienza-henderson-canta-con-solistas-y-grupos-de-reconocida-trayectoria\/#primaryimage"},"thumbnailUrl":"https:\/\/infoecos.com.ar\/wp-content\/uploads\/2023\/02\/image-62.png","keywords":["DEL 10 AL 13 DE FEBRERO"],"articleSection":["C2 N2"],"inLanguage":"es"},{"@type":"WebPage","@id":"https:\/\/infoecos.com.ar\/index.php\/el-viernes-comienza-henderson-canta-con-solistas-y-grupos-de-reconocida-trayectoria\/","url":"https:\/\/infoecos.com.ar\/index.php\/el-viernes-comienza-henderson-canta-con-solistas-y-grupos-de-reconocida-trayectoria\/","name":"Hoy comienza \"Henderson Canta\" con solistas y grupos de reconocida trayectoria - Infoecos","isPartOf":{"@id":"https:\/\/infoecos.com.ar\/#website"},"primaryImageOfPage":{"@id":"https:\/\/infoecos.com.ar\/index.php\/el-viernes-comienza-henderson-canta-con-solistas-y-grupos-de-reconocida-trayectoria\/#primaryimage"},"image":{"@id":"https:\/\/infoecos.com.ar\/index.php\/el-viernes-comienza-henderson-canta-con-solistas-y-grupos-de-reconocida-trayectoria\/#primaryimage"},"thumbnailUrl":"https:\/\/infoecos.com.ar\/wp-content\/uploads\/2023\/02\/image-62.png","datePublished":"2023-02-08T07:04:42+00:00","dateModified":"2023-02-10T06:50:38+00:00","breadcrumb":{"@id":"https:\/\/infoecos.com.ar\/index.php\/el-viernes-comienza-henderson-canta-con-solistas-y-grupos-de-reconocida-trayectoria\/#breadcrumb"},"inLanguage":"es","potentialAction":[{"@type":"ReadAction","target":["https:\/\/infoecos.com.ar\/index.php\/el-viernes-comienza-henderson-canta-con-solistas-y-grupos-de-reconocida-trayectoria\/"]}]},{"@type":"ImageObject","inLanguage":"es","@id":"https:\/\/infoecos.com.ar\/index.php\/el-viernes-comienza-henderson-canta-con-solistas-y-grupos-de-reconocida-trayectoria\/#primaryimage","url":"https:\/\/infoecos.com.ar\/wp-content\/uploads\/2023\/02\/image-62.png","contentUrl":"https:\/\/infoecos.com.ar\/wp-content\/uploads\/2023\/02\/image-62.png","width":275,"height":183},{"@type":"BreadcrumbList","@id":"https:\/\/infoecos.com.ar\/index.php\/el-viernes-comienza-henderson-canta-con-solistas-y-grupos-de-reconocida-trayectoria\/#breadcrumb","itemListElement":[{"@type":"ListItem","position":1,"name":"Portada","item":"https:\/\/infoecos.com.ar\/"},{"@type":"ListItem","position":2,"name":"Hoy comienza \u00abHenderson Canta\u00bb con solistas y grupos de reconocida trayectoria"}]},{"@type":"WebSite","@id":"https:\/\/infoecos.com.ar\/#website","url":"https:\/\/infoecos.com.ar\/","name":"Infoecos","description":"Noticias de trenque lauquen y la zona","publisher":{"@id":"https:\/\/infoecos.com.ar\/#organization"},"alternateName":"Noticias","potentialAction":[{"@type":"SearchAction","target":{"@type":"EntryPoint","urlTemplate":"https:\/\/infoecos.com.ar\/?s={search_term_string}"},"query-input":{"@type":"PropertyValueSpecification","valueRequired":true,"valueName":"search_term_string"}}],"inLanguage":"es"},{"@type":"Organization","@id":"https:\/\/infoecos.com.ar\/#organization","name":"Infoecos","alternateName":"Noticias","url":"https:\/\/infoecos.com.ar\/","logo":{"@type":"ImageObject","inLanguage":"es","@id":"https:\/\/infoecos.com.ar\/#\/schema\/logo\/image\/","url":"https:\/\/infoecos.com.ar\/wp-content\/uploads\/2024\/03\/cropped-logo.png","contentUrl":"https:\/\/infoecos.com.ar\/wp-content\/uploads\/2024\/03\/cropped-logo.png","width":374,"height":90,"caption":"Infoecos"},"image":{"@id":"https:\/\/infoecos.com.ar\/#\/schema\/logo\/image\/"},"sameAs":["https:\/\/www.facebook.com\/profile.php?id=100063200290284","https:\/\/x.com\/infoecos"]},{"@type":"Person","@id":"https:\/\/infoecos.com.ar\/#\/schema\/person\/8f5ace5ce73b4b4aac4b7245aee6f191","name":"Jorge Matheus","url":"https:\/\/infoecos.com.ar\/index.php\/author\/jomatheus\/"}]}},"featured_image_urls":{"full":["https:\/\/infoecos.com.ar\/wp-content\/uploads\/2023\/02\/image-62.png",275,183,false],"thumbnail":["https:\/\/infoecos.com.ar\/wp-content\/uploads\/2023\/02\/image-62-275x150.png",275,150,true],"medium":["https:\/\/infoecos.com.ar\/wp-content\/uploads\/2023\/02\/image-62.png",275,183,false],"medium_large":["https:\/\/infoecos.com.ar\/wp-content\/uploads\/2023\/02\/image-62.png",275,183,false],"large":["https:\/\/infoecos.com.ar\/wp-content\/uploads\/2023\/02\/image-62.png",275,183,false],"1536x1536":["https:\/\/infoecos.com.ar\/wp-content\/uploads\/2023\/02\/image-62.png",275,183,false],"2048x2048":["https:\/\/infoecos.com.ar\/wp-content\/uploads\/2023\/02\/image-62.png",275,183,false],"covernews-slider-full":["https:\/\/infoecos.com.ar\/wp-content\/uploads\/2023\/02\/image-62.png",275,183,false],"covernews-slider-center":["https:\/\/infoecos.com.ar\/wp-content\/uploads\/2023\/02\/image-62.png",275,183,false],"covernews-featured":["https:\/\/infoecos.com.ar\/wp-content\/uploads\/2023\/02\/image-62.png",275,183,false],"covernews-medium":["https:\/\/infoecos.com.ar\/wp-content\/uploads\/2023\/02\/image-62.png",275,183,false],"covernews-medium-square":["https:\/\/infoecos.com.ar\/wp-content\/uploads\/2023\/02\/image-62.png",275,183,false]},"author_info":{"info":["Jorge Matheus"]},"category_info":"<a href=\"https:\/\/infoecos.com.ar\/index.php\/category\/c2nota2\/\" rel=\"category tag\">C2 N2<\/a>","tag_info":"C2 N2","comment_count":"0","_links":{"self":[{"href":"https:\/\/infoecos.com.ar\/index.php\/wp-json\/wp\/v2\/posts\/101603"}],"collection":[{"href":"https:\/\/infoecos.com.ar\/index.php\/wp-json\/wp\/v2\/posts"}],"about":[{"href":"https:\/\/infoecos.com.ar\/index.php\/wp-json\/wp\/v2\/types\/post"}],"author":[{"embeddable":true,"href":"https:\/\/infoecos.com.ar\/index.php\/wp-json\/wp\/v2\/users\/2"}],"replies":[{"embeddable":true,"href":"https:\/\/infoecos.com.ar\/index.php\/wp-json\/wp\/v2\/comments?post=101603"}],"version-history":[{"count":2,"href":"https:\/\/infoecos.com.ar\/index.php\/wp-json\/wp\/v2\/posts\/101603\/revisions"}],"predecessor-version":[{"id":101703,"href":"https:\/\/infoecos.com.ar\/index.php\/wp-json\/wp\/v2\/posts\/101603\/revisions\/101703"}],"wp:featuredmedia":[{"embeddable":true,"href":"https:\/\/infoecos.com.ar\/index.php\/wp-json\/wp\/v2\/media\/101605"}],"wp:attachment":[{"href":"https:\/\/infoecos.com.ar\/index.php\/wp-json\/wp\/v2\/media?parent=101603"}],"wp:term":[{"taxonomy":"category","embeddable":true,"href":"https:\/\/infoecos.com.ar\/index.php\/wp-json\/wp\/v2\/categories?post=101603"},{"taxonomy":"post_tag","embeddable":true,"href":"https:\/\/infoecos.com.ar\/index.php\/wp-json\/wp\/v2\/tags?post=101603"}],"curies":[{"name":"wp","href":"https:\/\/api.w.org\/{rel}","templated":true}]}}