{"id":101627,"date":"2023-02-09T00:40:14","date_gmt":"2023-02-09T03:40:14","guid":{"rendered":"https:\/\/infoecos.com.ar\/?p=101627"},"modified":"2023-02-10T03:47:42","modified_gmt":"2023-02-10T06:47:42","slug":"se-inician-manana-los-carnavales-de-lincoln-2023","status":"publish","type":"post","link":"https:\/\/infoecos.com.ar\/index.php\/se-inician-manana-los-carnavales-de-lincoln-2023\/","title":{"rendered":"Se inician hoy los Carnavales de Lincoln 2023"},"content":{"rendered":"\n<p>El cuarteto cordob\u00e9s K\u2019onga abrir\u00e1 el Carnavalincoln 2023 que tambi\u00e9n tendr\u00e1 las presentaciones de Migrantes y Jorge Rojas en su primer fin de semana.&nbsp;&nbsp;<\/p>\n\n\n\n<figure class=\"wp-block-image aligncenter size-large is-resized\"><img loading=\"lazy\" decoding=\"async\" src=\"https:\/\/infoecos.com.ar\/wp-content\/uploads\/2023\/02\/MG_9473-1600x1067.jpg\" alt=\"\" class=\"wp-image-101628\" width=\"477\" height=\"318\" srcset=\"https:\/\/infoecos.com.ar\/wp-content\/uploads\/2023\/02\/MG_9473-1600x1067.jpg 1600w, https:\/\/infoecos.com.ar\/wp-content\/uploads\/2023\/02\/MG_9473-800x533.jpg 800w, https:\/\/infoecos.com.ar\/wp-content\/uploads\/2023\/02\/MG_9473-768x512.jpg 768w, https:\/\/infoecos.com.ar\/wp-content\/uploads\/2023\/02\/MG_9473-1536x1020.jpg 1536w, https:\/\/infoecos.com.ar\/wp-content\/uploads\/2023\/02\/MG_9473-2048x1365.jpg 2048w, https:\/\/infoecos.com.ar\/wp-content\/uploads\/2023\/02\/MG_9473-1024x683.jpg 1024w, https:\/\/infoecos.com.ar\/wp-content\/uploads\/2023\/02\/MG_9473-675x450.jpg 675w\" sizes=\"(max-width: 477px) 100vw, 477px\" \/><\/figure>\n\n\n\n<p>La fiesta a cielo abierto m\u00e1s grande de la Provincia de Buenos Aires, comenzar\u00e1 ma\u00f1ana viernes.<\/p>\n\n\n\n<p>M\u00e1s de 100 motivos participar\u00e1n del desfile durante 7 noches con cierres musicales de primer nivel, el&nbsp;10, 11, 12, 18, 19, 20 y 21 de febrero.&nbsp;<\/p>\n\n\n\n<figure class=\"wp-block-image aligncenter size-large is-resized\"><img loading=\"lazy\" decoding=\"async\" src=\"https:\/\/infoecos.com.ar\/wp-content\/uploads\/2023\/02\/carnaval-02-08-2020-0110-1600x1067.jpg\" alt=\"\" class=\"wp-image-101629\" width=\"477\" height=\"318\" srcset=\"https:\/\/infoecos.com.ar\/wp-content\/uploads\/2023\/02\/carnaval-02-08-2020-0110-1600x1067.jpg 1600w, https:\/\/infoecos.com.ar\/wp-content\/uploads\/2023\/02\/carnaval-02-08-2020-0110-800x533.jpg 800w, https:\/\/infoecos.com.ar\/wp-content\/uploads\/2023\/02\/carnaval-02-08-2020-0110-768x512.jpg 768w, https:\/\/infoecos.com.ar\/wp-content\/uploads\/2023\/02\/carnaval-02-08-2020-0110-1536x1020.jpg 1536w, https:\/\/infoecos.com.ar\/wp-content\/uploads\/2023\/02\/carnaval-02-08-2020-0110-2048x1365.jpg 2048w, https:\/\/infoecos.com.ar\/wp-content\/uploads\/2023\/02\/carnaval-02-08-2020-0110-1024x683.jpg 1024w, https:\/\/infoecos.com.ar\/wp-content\/uploads\/2023\/02\/carnaval-02-08-2020-0110-675x450.jpg 675w\" sizes=\"(max-width: 477px) 100vw, 477px\" \/><\/figure>\n\n\n\n<p>Con la capacidad hotelera y las plazas de alojamiento agotadas, Lincoln se prepara para recibir a miles de turistas que llegar\u00e1n a la ciudad.<\/p>\n\n\n\n<p>Ma\u00f1ana, el show con La K\u2019onga. El s\u00e1bado 11 se presentar\u00e1 Migrantes; y el domingo 12 bajar\u00e1 el tel\u00f3n del primer fin de semana, el cantautor Jorge Rojas.&nbsp;&nbsp;<\/p>\n","protected":false},"excerpt":{"rendered":"<p>Ma\u00f1ana, el show con La K\u2019onga. El s\u00e1bado 11 se presentar\u00e1 Migrantes; y el domingo 12 bajar\u00e1 el tel\u00f3n del primer fin de semana, el cantautor Jorge Rojas<\/p>\n","protected":false},"author":2,"featured_media":101630,"comment_status":"closed","ping_status":"open","sticky":false,"template":"","format":"standard","meta":{"footnotes":""},"categories":[45],"tags":[7289],"class_list":["post-101627","post","type-post","status-publish","format-standard","has-post-thumbnail","hentry","category-c1nota2","tag-mas-de-100-motivos"],"yoast_head":"<!-- This site is optimized with the Yoast SEO plugin v23.4 - https:\/\/yoast.com\/wordpress\/plugins\/seo\/ -->\n<title>Se inician hoy los Carnavales de Lincoln 2023 - Infoecos<\/title>\n<meta name=\"robots\" content=\"index, follow, max-snippet:-1, max-image-preview:large, max-video-preview:-1\" \/>\n<link rel=\"canonical\" href=\"https:\/\/infoecos.com.ar\/index.php\/se-inician-manana-los-carnavales-de-lincoln-2023\/\" \/>\n<meta property=\"og:locale\" content=\"es_ES\" \/>\n<meta property=\"og:type\" content=\"article\" \/>\n<meta property=\"og:title\" content=\"Se inician hoy los Carnavales de Lincoln 2023 - Infoecos\" \/>\n<meta property=\"og:description\" content=\"Ma\u00f1ana, el show con La K\u2019onga. El s\u00e1bado 11 se presentar\u00e1 Migrantes; y el domingo 12 bajar\u00e1 el tel\u00f3n del primer fin de semana, el cantautor Jorge Rojas\" \/>\n<meta property=\"og:url\" content=\"https:\/\/infoecos.com.ar\/index.php\/se-inician-manana-los-carnavales-de-lincoln-2023\/\" \/>\n<meta property=\"og:site_name\" content=\"Infoecos\" \/>\n<meta property=\"article:publisher\" content=\"https:\/\/www.facebook.com\/profile.php?id=100063200290284\" \/>\n<meta property=\"article:published_time\" content=\"2023-02-09T03:40:14+00:00\" \/>\n<meta property=\"article:modified_time\" content=\"2023-02-10T06:47:42+00:00\" \/>\n<meta property=\"og:image\" content=\"https:\/\/infoecos.com.ar\/wp-content\/uploads\/2023\/02\/carnaval-02-08-2020-1172-scaled.jpg\" \/>\n\t<meta property=\"og:image:width\" content=\"2560\" \/>\n\t<meta property=\"og:image:height\" content=\"1709\" \/>\n\t<meta property=\"og:image:type\" content=\"image\/jpeg\" \/>\n<meta name=\"author\" content=\"Jorge Matheus\" \/>\n<meta name=\"twitter:card\" content=\"summary_large_image\" \/>\n<meta name=\"twitter:creator\" content=\"@infoecos\" \/>\n<meta name=\"twitter:site\" content=\"@infoecos\" \/>\n<meta name=\"twitter:label1\" content=\"Escrito por\" \/>\n\t<meta name=\"twitter:data1\" content=\"Jorge Matheus\" \/>\n\t<meta name=\"twitter:label2\" content=\"Tiempo de lectura\" \/>\n\t<meta name=\"twitter:data2\" content=\"1 minuto\" \/>\n<script type=\"application\/ld+json\" class=\"yoast-schema-graph\">{\"@context\":\"https:\/\/schema.org\",\"@graph\":[{\"@type\":\"Article\",\"@id\":\"https:\/\/infoecos.com.ar\/index.php\/se-inician-manana-los-carnavales-de-lincoln-2023\/#article\",\"isPartOf\":{\"@id\":\"https:\/\/infoecos.com.ar\/index.php\/se-inician-manana-los-carnavales-de-lincoln-2023\/\"},\"author\":{\"name\":\"Jorge Matheus\",\"@id\":\"https:\/\/infoecos.com.ar\/#\/schema\/person\/8f5ace5ce73b4b4aac4b7245aee6f191\"},\"headline\":\"Se inician hoy los Carnavales de Lincoln 2023\",\"datePublished\":\"2023-02-09T03:40:14+00:00\",\"dateModified\":\"2023-02-10T06:47:42+00:00\",\"mainEntityOfPage\":{\"@id\":\"https:\/\/infoecos.com.ar\/index.php\/se-inician-manana-los-carnavales-de-lincoln-2023\/\"},\"wordCount\":132,\"publisher\":{\"@id\":\"https:\/\/infoecos.com.ar\/#organization\"},\"image\":{\"@id\":\"https:\/\/infoecos.com.ar\/index.php\/se-inician-manana-los-carnavales-de-lincoln-2023\/#primaryimage\"},\"thumbnailUrl\":\"https:\/\/infoecos.com.ar\/wp-content\/uploads\/2023\/02\/carnaval-02-08-2020-1172-scaled.jpg\",\"keywords\":[\"M\u00c1S DE 100 MOTIVOS\"],\"articleSection\":[\"C1 N2\"],\"inLanguage\":\"es\"},{\"@type\":\"WebPage\",\"@id\":\"https:\/\/infoecos.com.ar\/index.php\/se-inician-manana-los-carnavales-de-lincoln-2023\/\",\"url\":\"https:\/\/infoecos.com.ar\/index.php\/se-inician-manana-los-carnavales-de-lincoln-2023\/\",\"name\":\"Se inician hoy los Carnavales de Lincoln 2023 - Infoecos\",\"isPartOf\":{\"@id\":\"https:\/\/infoecos.com.ar\/#website\"},\"primaryImageOfPage\":{\"@id\":\"https:\/\/infoecos.com.ar\/index.php\/se-inician-manana-los-carnavales-de-lincoln-2023\/#primaryimage\"},\"image\":{\"@id\":\"https:\/\/infoecos.com.ar\/index.php\/se-inician-manana-los-carnavales-de-lincoln-2023\/#primaryimage\"},\"thumbnailUrl\":\"https:\/\/infoecos.com.ar\/wp-content\/uploads\/2023\/02\/carnaval-02-08-2020-1172-scaled.jpg\",\"datePublished\":\"2023-02-09T03:40:14+00:00\",\"dateModified\":\"2023-02-10T06:47:42+00:00\",\"breadcrumb\":{\"@id\":\"https:\/\/infoecos.com.ar\/index.php\/se-inician-manana-los-carnavales-de-lincoln-2023\/#breadcrumb\"},\"inLanguage\":\"es\",\"potentialAction\":[{\"@type\":\"ReadAction\",\"target\":[\"https:\/\/infoecos.com.ar\/index.php\/se-inician-manana-los-carnavales-de-lincoln-2023\/\"]}]},{\"@type\":\"ImageObject\",\"inLanguage\":\"es\",\"@id\":\"https:\/\/infoecos.com.ar\/index.php\/se-inician-manana-los-carnavales-de-lincoln-2023\/#primaryimage\",\"url\":\"https:\/\/infoecos.com.ar\/wp-content\/uploads\/2023\/02\/carnaval-02-08-2020-1172-scaled.jpg\",\"contentUrl\":\"https:\/\/infoecos.com.ar\/wp-content\/uploads\/2023\/02\/carnaval-02-08-2020-1172-scaled.jpg\",\"width\":2560,\"height\":1709},{\"@type\":\"BreadcrumbList\",\"@id\":\"https:\/\/infoecos.com.ar\/index.php\/se-inician-manana-los-carnavales-de-lincoln-2023\/#breadcrumb\",\"itemListElement\":[{\"@type\":\"ListItem\",\"position\":1,\"name\":\"Portada\",\"item\":\"https:\/\/infoecos.com.ar\/\"},{\"@type\":\"ListItem\",\"position\":2,\"name\":\"Se inician hoy los Carnavales de Lincoln 2023\"}]},{\"@type\":\"WebSite\",\"@id\":\"https:\/\/infoecos.com.ar\/#website\",\"url\":\"https:\/\/infoecos.com.ar\/\",\"name\":\"Infoecos\",\"description\":\"Noticias de trenque lauquen y la zona\",\"publisher\":{\"@id\":\"https:\/\/infoecos.com.ar\/#organization\"},\"alternateName\":\"Noticias\",\"potentialAction\":[{\"@type\":\"SearchAction\",\"target\":{\"@type\":\"EntryPoint\",\"urlTemplate\":\"https:\/\/infoecos.com.ar\/?s={search_term_string}\"},\"query-input\":{\"@type\":\"PropertyValueSpecification\",\"valueRequired\":true,\"valueName\":\"search_term_string\"}}],\"inLanguage\":\"es\"},{\"@type\":\"Organization\",\"@id\":\"https:\/\/infoecos.com.ar\/#organization\",\"name\":\"Infoecos\",\"alternateName\":\"Noticias\",\"url\":\"https:\/\/infoecos.com.ar\/\",\"logo\":{\"@type\":\"ImageObject\",\"inLanguage\":\"es\",\"@id\":\"https:\/\/infoecos.com.ar\/#\/schema\/logo\/image\/\",\"url\":\"https:\/\/infoecos.com.ar\/wp-content\/uploads\/2024\/03\/cropped-logo.png\",\"contentUrl\":\"https:\/\/infoecos.com.ar\/wp-content\/uploads\/2024\/03\/cropped-logo.png\",\"width\":374,\"height\":90,\"caption\":\"Infoecos\"},\"image\":{\"@id\":\"https:\/\/infoecos.com.ar\/#\/schema\/logo\/image\/\"},\"sameAs\":[\"https:\/\/www.facebook.com\/profile.php?id=100063200290284\",\"https:\/\/x.com\/infoecos\"]},{\"@type\":\"Person\",\"@id\":\"https:\/\/infoecos.com.ar\/#\/schema\/person\/8f5ace5ce73b4b4aac4b7245aee6f191\",\"name\":\"Jorge Matheus\",\"url\":\"https:\/\/infoecos.com.ar\/index.php\/author\/jomatheus\/\"}]}<\/script>\n<!-- \/ Yoast SEO plugin. -->","yoast_head_json":{"title":"Se inician hoy los Carnavales de Lincoln 2023 - Infoecos","robots":{"index":"index","follow":"follow","max-snippet":"max-snippet:-1","max-image-preview":"max-image-preview:large","max-video-preview":"max-video-preview:-1"},"canonical":"https:\/\/infoecos.com.ar\/index.php\/se-inician-manana-los-carnavales-de-lincoln-2023\/","og_locale":"es_ES","og_type":"article","og_title":"Se inician hoy los Carnavales de Lincoln 2023 - Infoecos","og_description":"Ma\u00f1ana, el show con La K\u2019onga. El s\u00e1bado 11 se presentar\u00e1 Migrantes; y el domingo 12 bajar\u00e1 el tel\u00f3n del primer fin de semana, el cantautor Jorge Rojas","og_url":"https:\/\/infoecos.com.ar\/index.php\/se-inician-manana-los-carnavales-de-lincoln-2023\/","og_site_name":"Infoecos","article_publisher":"https:\/\/www.facebook.com\/profile.php?id=100063200290284","article_published_time":"2023-02-09T03:40:14+00:00","article_modified_time":"2023-02-10T06:47:42+00:00","og_image":[{"width":2560,"height":1709,"url":"https:\/\/infoecos.com.ar\/wp-content\/uploads\/2023\/02\/carnaval-02-08-2020-1172-scaled.jpg","type":"image\/jpeg"}],"author":"Jorge Matheus","twitter_card":"summary_large_image","twitter_creator":"@infoecos","twitter_site":"@infoecos","twitter_misc":{"Escrito por":"Jorge Matheus","Tiempo de lectura":"1 minuto"},"schema":{"@context":"https:\/\/schema.org","@graph":[{"@type":"Article","@id":"https:\/\/infoecos.com.ar\/index.php\/se-inician-manana-los-carnavales-de-lincoln-2023\/#article","isPartOf":{"@id":"https:\/\/infoecos.com.ar\/index.php\/se-inician-manana-los-carnavales-de-lincoln-2023\/"},"author":{"name":"Jorge Matheus","@id":"https:\/\/infoecos.com.ar\/#\/schema\/person\/8f5ace5ce73b4b4aac4b7245aee6f191"},"headline":"Se inician hoy los Carnavales de Lincoln 2023","datePublished":"2023-02-09T03:40:14+00:00","dateModified":"2023-02-10T06:47:42+00:00","mainEntityOfPage":{"@id":"https:\/\/infoecos.com.ar\/index.php\/se-inician-manana-los-carnavales-de-lincoln-2023\/"},"wordCount":132,"publisher":{"@id":"https:\/\/infoecos.com.ar\/#organization"},"image":{"@id":"https:\/\/infoecos.com.ar\/index.php\/se-inician-manana-los-carnavales-de-lincoln-2023\/#primaryimage"},"thumbnailUrl":"https:\/\/infoecos.com.ar\/wp-content\/uploads\/2023\/02\/carnaval-02-08-2020-1172-scaled.jpg","keywords":["M\u00c1S DE 100 MOTIVOS"],"articleSection":["C1 N2"],"inLanguage":"es"},{"@type":"WebPage","@id":"https:\/\/infoecos.com.ar\/index.php\/se-inician-manana-los-carnavales-de-lincoln-2023\/","url":"https:\/\/infoecos.com.ar\/index.php\/se-inician-manana-los-carnavales-de-lincoln-2023\/","name":"Se inician hoy los Carnavales de Lincoln 2023 - Infoecos","isPartOf":{"@id":"https:\/\/infoecos.com.ar\/#website"},"primaryImageOfPage":{"@id":"https:\/\/infoecos.com.ar\/index.php\/se-inician-manana-los-carnavales-de-lincoln-2023\/#primaryimage"},"image":{"@id":"https:\/\/infoecos.com.ar\/index.php\/se-inician-manana-los-carnavales-de-lincoln-2023\/#primaryimage"},"thumbnailUrl":"https:\/\/infoecos.com.ar\/wp-content\/uploads\/2023\/02\/carnaval-02-08-2020-1172-scaled.jpg","datePublished":"2023-02-09T03:40:14+00:00","dateModified":"2023-02-10T06:47:42+00:00","breadcrumb":{"@id":"https:\/\/infoecos.com.ar\/index.php\/se-inician-manana-los-carnavales-de-lincoln-2023\/#breadcrumb"},"inLanguage":"es","potentialAction":[{"@type":"ReadAction","target":["https:\/\/infoecos.com.ar\/index.php\/se-inician-manana-los-carnavales-de-lincoln-2023\/"]}]},{"@type":"ImageObject","inLanguage":"es","@id":"https:\/\/infoecos.com.ar\/index.php\/se-inician-manana-los-carnavales-de-lincoln-2023\/#primaryimage","url":"https:\/\/infoecos.com.ar\/wp-content\/uploads\/2023\/02\/carnaval-02-08-2020-1172-scaled.jpg","contentUrl":"https:\/\/infoecos.com.ar\/wp-content\/uploads\/2023\/02\/carnaval-02-08-2020-1172-scaled.jpg","width":2560,"height":1709},{"@type":"BreadcrumbList","@id":"https:\/\/infoecos.com.ar\/index.php\/se-inician-manana-los-carnavales-de-lincoln-2023\/#breadcrumb","itemListElement":[{"@type":"ListItem","position":1,"name":"Portada","item":"https:\/\/infoecos.com.ar\/"},{"@type":"ListItem","position":2,"name":"Se inician hoy los Carnavales de Lincoln 2023"}]},{"@type":"WebSite","@id":"https:\/\/infoecos.com.ar\/#website","url":"https:\/\/infoecos.com.ar\/","name":"Infoecos","description":"Noticias de trenque lauquen y la zona","publisher":{"@id":"https:\/\/infoecos.com.ar\/#organization"},"alternateName":"Noticias","potentialAction":[{"@type":"SearchAction","target":{"@type":"EntryPoint","urlTemplate":"https:\/\/infoecos.com.ar\/?s={search_term_string}"},"query-input":{"@type":"PropertyValueSpecification","valueRequired":true,"valueName":"search_term_string"}}],"inLanguage":"es"},{"@type":"Organization","@id":"https:\/\/infoecos.com.ar\/#organization","name":"Infoecos","alternateName":"Noticias","url":"https:\/\/infoecos.com.ar\/","logo":{"@type":"ImageObject","inLanguage":"es","@id":"https:\/\/infoecos.com.ar\/#\/schema\/logo\/image\/","url":"https:\/\/infoecos.com.ar\/wp-content\/uploads\/2024\/03\/cropped-logo.png","contentUrl":"https:\/\/infoecos.com.ar\/wp-content\/uploads\/2024\/03\/cropped-logo.png","width":374,"height":90,"caption":"Infoecos"},"image":{"@id":"https:\/\/infoecos.com.ar\/#\/schema\/logo\/image\/"},"sameAs":["https:\/\/www.facebook.com\/profile.php?id=100063200290284","https:\/\/x.com\/infoecos"]},{"@type":"Person","@id":"https:\/\/infoecos.com.ar\/#\/schema\/person\/8f5ace5ce73b4b4aac4b7245aee6f191","name":"Jorge Matheus","url":"https:\/\/infoecos.com.ar\/index.php\/author\/jomatheus\/"}]}},"featured_image_urls":{"full":["https:\/\/infoecos.com.ar\/wp-content\/uploads\/2023\/02\/carnaval-02-08-2020-1172-scaled.jpg",2560,1709,false],"thumbnail":["https:\/\/infoecos.com.ar\/wp-content\/uploads\/2023\/02\/carnaval-02-08-2020-1172-300x150.jpg",300,150,true],"medium":["https:\/\/infoecos.com.ar\/wp-content\/uploads\/2023\/02\/carnaval-02-08-2020-1172-800x534.jpg",800,534,true],"medium_large":["https:\/\/infoecos.com.ar\/wp-content\/uploads\/2023\/02\/carnaval-02-08-2020-1172-768x513.jpg",640,428,true],"large":["https:\/\/infoecos.com.ar\/wp-content\/uploads\/2023\/02\/carnaval-02-08-2020-1172-1600x1068.jpg",640,427,true],"1536x1536":["https:\/\/infoecos.com.ar\/wp-content\/uploads\/2023\/02\/carnaval-02-08-2020-1172-1536x1025.jpg",1536,1025,true],"2048x2048":["https:\/\/infoecos.com.ar\/wp-content\/uploads\/2023\/02\/carnaval-02-08-2020-1172-2048x1367.jpg",2048,1367,true],"covernews-slider-full":["https:\/\/infoecos.com.ar\/wp-content\/uploads\/2023\/02\/carnaval-02-08-2020-1172-1536x1020.jpg",1077,715,true],"covernews-slider-center":["https:\/\/infoecos.com.ar\/wp-content\/uploads\/2023\/02\/carnaval-02-08-2020-1172-936x897.jpg",522,500,true],"covernews-featured":["https:\/\/infoecos.com.ar\/wp-content\/uploads\/2023\/02\/carnaval-02-08-2020-1172-1024x684.jpg",1024,684,true],"covernews-medium":["https:\/\/infoecos.com.ar\/wp-content\/uploads\/2023\/02\/carnaval-02-08-2020-1172-720x380.jpg",540,285,true],"covernews-medium-square":["https:\/\/infoecos.com.ar\/wp-content\/uploads\/2023\/02\/carnaval-02-08-2020-1172-675x450.jpg",375,250,true]},"author_info":{"info":["Jorge Matheus"]},"category_info":"<a href=\"https:\/\/infoecos.com.ar\/index.php\/category\/c1nota2\/\" rel=\"category tag\">C1 N2<\/a>","tag_info":"C1 N2","comment_count":"0","_links":{"self":[{"href":"https:\/\/infoecos.com.ar\/index.php\/wp-json\/wp\/v2\/posts\/101627"}],"collection":[{"href":"https:\/\/infoecos.com.ar\/index.php\/wp-json\/wp\/v2\/posts"}],"about":[{"href":"https:\/\/infoecos.com.ar\/index.php\/wp-json\/wp\/v2\/types\/post"}],"author":[{"embeddable":true,"href":"https:\/\/infoecos.com.ar\/index.php\/wp-json\/wp\/v2\/users\/2"}],"replies":[{"embeddable":true,"href":"https:\/\/infoecos.com.ar\/index.php\/wp-json\/wp\/v2\/comments?post=101627"}],"version-history":[{"count":3,"href":"https:\/\/infoecos.com.ar\/index.php\/wp-json\/wp\/v2\/posts\/101627\/revisions"}],"predecessor-version":[{"id":101702,"href":"https:\/\/infoecos.com.ar\/index.php\/wp-json\/wp\/v2\/posts\/101627\/revisions\/101702"}],"wp:featuredmedia":[{"embeddable":true,"href":"https:\/\/infoecos.com.ar\/index.php\/wp-json\/wp\/v2\/media\/101630"}],"wp:attachment":[{"href":"https:\/\/infoecos.com.ar\/index.php\/wp-json\/wp\/v2\/media?parent=101627"}],"wp:term":[{"taxonomy":"category","embeddable":true,"href":"https:\/\/infoecos.com.ar\/index.php\/wp-json\/wp\/v2\/categories?post=101627"},{"taxonomy":"post_tag","embeddable":true,"href":"https:\/\/infoecos.com.ar\/index.php\/wp-json\/wp\/v2\/tags?post=101627"}],"curies":[{"name":"wp","href":"https:\/\/api.w.org\/{rel}","templated":true}]}}